{"id":30472,"date":"2024-03-18T14:28:28","date_gmt":"2024-03-18T14:28:28","guid":{"rendered":"https:\/\/tabernaculoprensadedios.com\/web\/?p=30472"},"modified":"2024-03-18T14:55:08","modified_gmt":"2024-03-18T14:55:08","slug":"navegando-el-rio-del-perdon-explorando-la-oracion-y-el-perdon-en-nuestra-relacion-con-dios-y-con-los-demas","status":"publish","type":"post","link":"https:\/\/tabernaculoprensadedios.com\/web\/navegando-el-rio-del-perdon-explorando-la-oracion-y-el-perdon-en-nuestra-relacion-con-dios-y-con-los-demas\/","title":{"rendered":"Navegando el R\u00edo del Perd\u00f3n. Explorando la Oraci\u00f3n y el Perd\u00f3n en Nuestra Relaci\u00f3n con Dios y con los Dem\u00e1s"},"content":{"rendered":"<p>Hoy nos sumergimos en las aguas profundas de la oraci\u00f3n y el perd\u00f3n. Dos pilares que sostienen nuestra relaci\u00f3n con Dios y con nuestros semejantes. Imagina, por un momento, que nuestra vida es un viaje en un r\u00edo sereno, y la oraci\u00f3n es el remo que nos gu\u00eda en aguas tranquilas.<\/p>\n<p>Pero, \u00bfqu\u00e9 ocurre cuando encontramos rocas de resentimiento y desacuerdo en ese r\u00edo? \u00bfC\u00f3mo navegamos esas aguas dif\u00edciles? La respuesta se encuentra en las Escrituras, en Mateo 6:9-13, donde Jes\u00fas nos ense\u00f1a el modelo de oraci\u00f3n perfecta.<\/p>\n<p>Estas Escrituras no solo nos gu\u00edan a trav\u00e9s de los desaf\u00edos de la vida, sino que tambi\u00e9n iluminan el camino de la oraci\u00f3n y el perd\u00f3n. Pero este pasaje tambi\u00e9n nos invita a explorar algo m\u00e1s profundo: el perd\u00f3n divino y humano.<\/p>\n<p>As\u00ed que, en esta traves\u00eda espiritual, exploramos c\u00f3mo la oraci\u00f3n y el perd\u00f3n se entrelazan como dos hilos que tejemos en el tapiz de nuestra fe, guiados por la sabidur\u00eda de la Biblia.<\/p>\n<p><strong>LA ORACI\u00d3N QUE NOS CONECTA CON DIOS<\/strong><br \/>\nA medida que navegamos por las aguas de la oraci\u00f3n, en el vers. 9 encontramos la clave para acercarnos a Dios: \u201cPadre nuestro que est\u00e1s en los cielos.\u201d Esta oraci\u00f3n nos lleva a las puertas mismas del cielo, como un puente entre lo terrenal y lo divino.<\/p>\n<p>La oraci\u00f3n es nuestro medio de comunicaci\u00f3n directa con nuestro Padre celestial, como el lazo que conecta dos orillas distantes. \u00bfNo es asombroso sentir que, a trav\u00e9s de la oraci\u00f3n, podemos estar tan cerca de Dios como un ni\u00f1o lo est\u00e1 de su padre amoroso?<\/p>\n<p>Como el sol que se eleva en el horizonte, as\u00ed es la oraci\u00f3n que nos ilumina y nos llena de esperanza. Pero, \u00bfc\u00f3mo podemos acercarnos a\u00fan m\u00e1s a nuestro Padre celestial?<\/p>\n<p>Santiago 4:8 nos responde: \u201cAcercaos a Dios, y \u00e9l se acercar\u00e1 a vosotros.\u201d Al igual que un im\u00e1n atrae el metal, nuestra oraci\u00f3n sincera atrae la presencia de Dios. As\u00ed que, hermanos y hermanas, tomemos el remo de la oraci\u00f3n y naveguemos hacia la cercan\u00eda con nuestro Dios amoroso.<\/p>\n<p>Ahora, exploremos m\u00e1s en la importancia del perd\u00f3n divino y humano.<\/p>\n<p><strong>EL PERD\u00d3N DIVINO Y HUMANO<\/strong><br \/>\nContinuando nuestro viaje, llegamos a la encrucijada del perd\u00f3n. En el vers. 12, el Se\u00f1or nos ense\u00f1a a pedir perd\u00f3n por nuestros pecados, reconociendo que todos somos pecadores necesitados de la gracia divina.<\/p>\n<p>Pero aqu\u00ed tambi\u00e9n encontramos una lecci\u00f3n profunda sobre el perd\u00f3n humano. En el vers. 14, Jes\u00fas nos advierte: \u201cPorque si perdon\u00e1is a los hombres sus ofensas, os perdonar\u00e1 tambi\u00e9n a vosotros vuestro Padre celestial.\u201d \u00bfNo es esto un recordatorio poderoso de que el perd\u00f3n es una moneda de doble cara en el reino de Dios?<\/p>\n<p>El perd\u00f3n divino es como un r\u00edo de gracia que fluye constantemente hacia nosotros, lavando nuestros pecados. Pero el perd\u00f3n humano es un acto de amor y compasi\u00f3n que debemos ofrecer a nuestros hermanos y hermanas.<\/p>\n<p>Como lo afirma Colosenses 3:13, \u201cSoportaos unos a otros y perdonaos unos a otros, como Dios tambi\u00e9n nos perdon\u00f3 en Cristo.\u201d \u00bfNo es un hermoso reflejo del amor de Dios que debemos compartir con los dem\u00e1s?<\/p>\n<p><strong>LIBERANDO NUESTROS CORAZONES<\/strong><br \/>\nMientras navegamos por el r\u00edo del perd\u00f3n, descubrimos que el acto de perdonar es como soltar lastre de nuestro barco espiritual. Efesios 4:32 nos exhorta a \u201cser benignos unos con otros, misericordiosos, perdon\u00e1ndoos unos a otros, como Dios tambi\u00e9n nos perdon\u00f3 en Cristo.\u201d Cada vez que perdonamos, aligeramos la carga de nuestro coraz\u00f3n, liber\u00e1ndose del peso del resentimiento y el enojo.<\/p>\n<p>Imagina que somos velas llenas de perd\u00f3n, impulsadas por el viento del amor divino. Cuando perdonamos a otros, dejamos que el viento de la gracia nos gu\u00ede en aguas tranquilas. Y, como un barco que se deshace de las cadenas que lo atan al puerto, nosotros nos liberamos de las ataduras que nos impiden avanzar en nuestra relaci\u00f3n con Dios y con nuestros hermanos.<\/p>\n<p>En esta traves\u00eda espiritual, recordemos que el perd\u00f3n no solo beneficia a quienes perdonamos, sino que tambi\u00e9n nos libera a nosotros mismos. Nos permite experimentar la paz que solo Dios puede dar. Entonces, hermanos y hermanas, sigamos navegando en este r\u00edo de amor y perd\u00f3n, permitiendo que nuestros corazones sean un reflejo del amor de Dios.<\/p>\n<p>En nuestro viaje espiritual, hemos explorado el poder de la oraci\u00f3n y el perd\u00f3n a la luz de la Palabra de Dios. Hemos aprendido que la oraci\u00f3n nos conecta con nuestro Padre celestial y que el perd\u00f3n, tanto divino como humano, es esencial en nuestra vida como cristianos. As\u00ed que, les animo a practicar la oraci\u00f3n constante y el perd\u00f3n sincero, permitiendo que sus corazones se llenen de amor y gracia.<\/p>\n<p>Hermanos y hermanas, compartan este mensaje con otros y oren juntos por un mundo lleno de corazones perdonadores. Juntos, podemos ser testigos del poder transformador de la oraci\u00f3n y el perd\u00f3n, llevando la luz de Cristo a aquellos que a\u00fan navegan en aguas oscuras. Que Dios los bendiga y los gu\u00ede en este camino de amor y perd\u00f3n.<\/p>\n<p>Compartan este mensaje de amor y perd\u00f3n con aquellos que necesitan escucharlo. Oremos juntos por un mundo lleno de corazones que practican el perd\u00f3n y la compasi\u00f3n. Unidos en la fe, podemos marcar la diferencia en la vida de los dem\u00e1s y experimentar la plenitud del amor de Dios.<\/p>\n<p>&nbsp;<\/p>\n","protected":false},"excerpt":{"rendered":"<p>Hoy nos sumergimos en las aguas profundas de la oraci\u00f3n y el perd\u00f3n. Dos pilares que sostienen nuestra relaci\u00f3n con Dios y con nuestros semejantes. Imagina, por un momento, que nuestra vida es un viaje en un r\u00edo sereno, y la oraci\u00f3n es el remo que nos gu\u00eda en aguas tranquilas. Pero, \u00bfqu\u00e9 ocurre cuando &hellip;<\/p>\n","protected":false},"author":1,"featured_media":30484,"comment_status":"open","ping_status":"open","sticky":false,"template":"","format":"standard","meta":{"footnotes":""},"categories":[34],"tags":[],"class_list":["post-30472","post","type-post","status-publish","format-standard","has-post-thumbnail","hentry","category-articulos"],"yoast_head":"<!-- This site is optimized with the Yoast SEO Premium plugin v24.2 (Yoast SEO v27.1.1) - https:\/\/yoast.com\/product\/yoast-seo-premium-wordpress\/ -->\n<title>Navegando el R\u00edo del Perd\u00f3n. Explorando la Oraci\u00f3n y el Perd\u00f3n en Nuestra Relaci\u00f3n con Dios y con los Dem\u00e1s - Tabernaculo Prensa de Dios<\/title>\n<meta name=\"robots\" content=\"index, follow, max-snippet:-1, max-image-preview:large, max-video-preview:-1\" \/>\n<link rel=\"canonical\" href=\"https:\/\/tabernaculoprensadedios.com\/web\/navegando-el-rio-del-perdon-explorando-la-oracion-y-el-perdon-en-nuestra-relacion-con-dios-y-con-los-demas\/\" class=\"yoast-seo-meta-tag\" \/>\n<meta property=\"og:locale\" content=\"es_ES\" class=\"yoast-seo-meta-tag\" \/>\n<meta property=\"og:type\" content=\"article\" class=\"yoast-seo-meta-tag\" \/>\n<meta property=\"og:title\" content=\"Navegando el R\u00edo del Perd\u00f3n. Explorando la Oraci\u00f3n y el Perd\u00f3n en Nuestra Relaci\u00f3n con Dios y con los Dem\u00e1s\" class=\"yoast-seo-meta-tag\" \/>\n<meta property=\"og:description\" content=\"Hoy nos sumergimos en las aguas profundas de la oraci\u00f3n y el perd\u00f3n. Dos pilares que sostienen nuestra relaci\u00f3n con Dios y con nuestros semejantes. Imagina, por un momento, que nuestra vida es un viaje en un r\u00edo sereno, y la oraci\u00f3n es el remo que nos gu\u00eda en aguas tranquilas. Pero, \u00bfqu\u00e9 ocurre cuando &hellip;\" class=\"yoast-seo-meta-tag\" \/>\n<meta property=\"og:url\" content=\"https:\/\/tabernaculoprensadedios.com\/web\/navegando-el-rio-del-perdon-explorando-la-oracion-y-el-perdon-en-nuestra-relacion-con-dios-y-con-los-demas\/\" class=\"yoast-seo-meta-tag\" \/>\n<meta property=\"og:site_name\" content=\"Tabernaculo Prensa de Dios\" class=\"yoast-seo-meta-tag\" \/>\n<meta property=\"article:published_time\" content=\"2024-03-18T14:28:28+00:00\" class=\"yoast-seo-meta-tag\" \/>\n<meta property=\"article:modified_time\" content=\"2024-03-18T14:55:08+00:00\" class=\"yoast-seo-meta-tag\" \/>\n<meta property=\"og:image\" content=\"https:\/\/tabernaculoprensadedios.com\/web\/wp-content\/uploads\/2024\/03\/Explorando-.jpg\" class=\"yoast-seo-meta-tag\" \/>\n\t<meta property=\"og:image:width\" content=\"1280\" class=\"yoast-seo-meta-tag\" \/>\n\t<meta property=\"og:image:height\" content=\"853\" class=\"yoast-seo-meta-tag\" \/>\n\t<meta property=\"og:image:type\" content=\"image\/jpeg\" class=\"yoast-seo-meta-tag\" \/>\n<meta name=\"author\" content=\"tabernaculo\" class=\"yoast-seo-meta-tag\" \/>\n<meta name=\"twitter:card\" content=\"summary_large_image\" class=\"yoast-seo-meta-tag\" \/>\n<meta name=\"twitter:creator\" content=\"@PrensadeDios\" class=\"yoast-seo-meta-tag\" \/>\n<meta name=\"twitter:site\" content=\"@PrensadeDios\" class=\"yoast-seo-meta-tag\" \/>\n<meta name=\"twitter:label1\" content=\"Escrito por\" class=\"yoast-seo-meta-tag\" \/>\n\t<meta name=\"twitter:data1\" content=\"tabernaculo\" class=\"yoast-seo-meta-tag\" \/>\n\t<meta name=\"twitter:label2\" content=\"Tiempo de lectura\" class=\"yoast-seo-meta-tag\" \/>\n\t<meta name=\"twitter:data2\" content=\"5 minutos\" class=\"yoast-seo-meta-tag\" \/>\n<script type=\"application\/ld+json\" class=\"yoast-schema-graph\">{\"@context\":\"https:\/\/schema.org\",\"@graph\":[{\"@type\":\"Article\",\"@id\":\"https:\/\/tabernaculoprensadedios.com\/web\/navegando-el-rio-del-perdon-explorando-la-oracion-y-el-perdon-en-nuestra-relacion-con-dios-y-con-los-demas\/#article\",\"isPartOf\":{\"@id\":\"https:\/\/tabernaculoprensadedios.com\/web\/navegando-el-rio-del-perdon-explorando-la-oracion-y-el-perdon-en-nuestra-relacion-con-dios-y-con-los-demas\/\"},\"author\":{\"name\":\"tabernaculo\",\"@id\":\"https:\/\/tabernaculoprensadedios.com\/web\/#\/schema\/person\/bc0e069fef56b38e177db6f098ae0b6e\"},\"headline\":\"Navegando el R\u00edo del Perd\u00f3n. Explorando la Oraci\u00f3n y el Perd\u00f3n en Nuestra Relaci\u00f3n con Dios y con los Dem\u00e1s\",\"datePublished\":\"2024-03-18T14:28:28+00:00\",\"dateModified\":\"2024-03-18T14:55:08+00:00\",\"mainEntityOfPage\":{\"@id\":\"https:\/\/tabernaculoprensadedios.com\/web\/navegando-el-rio-del-perdon-explorando-la-oracion-y-el-perdon-en-nuestra-relacion-con-dios-y-con-los-demas\/\"},\"wordCount\":993,\"commentCount\":0,\"publisher\":{\"@id\":\"https:\/\/tabernaculoprensadedios.com\/web\/#\/schema\/person\/bc0e069fef56b38e177db6f098ae0b6e\"},\"image\":{\"@id\":\"https:\/\/tabernaculoprensadedios.com\/web\/navegando-el-rio-del-perdon-explorando-la-oracion-y-el-perdon-en-nuestra-relacion-con-dios-y-con-los-demas\/#primaryimage\"},\"thumbnailUrl\":\"https:\/\/tabernaculoprensadedios.com\/web\/wp-content\/uploads\/2024\/03\/Explorando-.jpg\",\"articleSection\":[\"Articulos\"],\"inLanguage\":\"es\",\"potentialAction\":[{\"@type\":\"CommentAction\",\"name\":\"Comment\",\"target\":[\"https:\/\/tabernaculoprensadedios.com\/web\/navegando-el-rio-del-perdon-explorando-la-oracion-y-el-perdon-en-nuestra-relacion-con-dios-y-con-los-demas\/#respond\"]}]},{\"@type\":\"WebPage\",\"@id\":\"https:\/\/tabernaculoprensadedios.com\/web\/navegando-el-rio-del-perdon-explorando-la-oracion-y-el-perdon-en-nuestra-relacion-con-dios-y-con-los-demas\/\",\"url\":\"https:\/\/tabernaculoprensadedios.com\/web\/navegando-el-rio-del-perdon-explorando-la-oracion-y-el-perdon-en-nuestra-relacion-con-dios-y-con-los-demas\/\",\"name\":\"Navegando el R\u00edo del Perd\u00f3n. Explorando la Oraci\u00f3n y el Perd\u00f3n en Nuestra Relaci\u00f3n con Dios y con los Dem\u00e1s - Tabernaculo Prensa de Dios\",\"isPartOf\":{\"@id\":\"https:\/\/tabernaculoprensadedios.com\/web\/#website\"},\"primaryImageOfPage\":{\"@id\":\"https:\/\/tabernaculoprensadedios.com\/web\/navegando-el-rio-del-perdon-explorando-la-oracion-y-el-perdon-en-nuestra-relacion-con-dios-y-con-los-demas\/#primaryimage\"},\"image\":{\"@id\":\"https:\/\/tabernaculoprensadedios.com\/web\/navegando-el-rio-del-perdon-explorando-la-oracion-y-el-perdon-en-nuestra-relacion-con-dios-y-con-los-demas\/#primaryimage\"},\"thumbnailUrl\":\"https:\/\/tabernaculoprensadedios.com\/web\/wp-content\/uploads\/2024\/03\/Explorando-.jpg\",\"datePublished\":\"2024-03-18T14:28:28+00:00\",\"dateModified\":\"2024-03-18T14:55:08+00:00\",\"breadcrumb\":{\"@id\":\"https:\/\/tabernaculoprensadedios.com\/web\/navegando-el-rio-del-perdon-explorando-la-oracion-y-el-perdon-en-nuestra-relacion-con-dios-y-con-los-demas\/#breadcrumb\"},\"inLanguage\":\"es\",\"potentialAction\":[{\"@type\":\"ReadAction\",\"target\":[\"https:\/\/tabernaculoprensadedios.com\/web\/navegando-el-rio-del-perdon-explorando-la-oracion-y-el-perdon-en-nuestra-relacion-con-dios-y-con-los-demas\/\"]}]},{\"@type\":\"ImageObject\",\"inLanguage\":\"es\",\"@id\":\"https:\/\/tabernaculoprensadedios.com\/web\/navegando-el-rio-del-perdon-explorando-la-oracion-y-el-perdon-en-nuestra-relacion-con-dios-y-con-los-demas\/#primaryimage\",\"url\":\"https:\/\/tabernaculoprensadedios.com\/web\/wp-content\/uploads\/2024\/03\/Explorando-.jpg\",\"contentUrl\":\"https:\/\/tabernaculoprensadedios.com\/web\/wp-content\/uploads\/2024\/03\/Explorando-.jpg\",\"width\":1280,\"height\":853},{\"@type\":\"BreadcrumbList\",\"@id\":\"https:\/\/tabernaculoprensadedios.com\/web\/navegando-el-rio-del-perdon-explorando-la-oracion-y-el-perdon-en-nuestra-relacion-con-dios-y-con-los-demas\/#breadcrumb\",\"itemListElement\":[{\"@type\":\"ListItem\",\"position\":1,\"name\":\"Portada\",\"item\":\"https:\/\/tabernaculoprensadedios.com\/web\/\"},{\"@type\":\"ListItem\",\"position\":2,\"name\":\"Navegando el R\u00edo del Perd\u00f3n. Explorando la Oraci\u00f3n y el Perd\u00f3n en Nuestra Relaci\u00f3n con Dios y con los Dem\u00e1s\"}]},{\"@type\":\"WebSite\",\"@id\":\"https:\/\/tabernaculoprensadedios.com\/web\/#website\",\"url\":\"https:\/\/tabernaculoprensadedios.com\/web\/\",\"name\":\"Tabernaculo Prensa de Dios\",\"description\":\"Un medio a la manera de Dios\",\"publisher\":{\"@id\":\"https:\/\/tabernaculoprensadedios.com\/web\/#\/schema\/person\/bc0e069fef56b38e177db6f098ae0b6e\"},\"potentialAction\":[{\"@type\":\"SearchAction\",\"target\":{\"@type\":\"EntryPoint\",\"urlTemplate\":\"https:\/\/tabernaculoprensadedios.com\/web\/?s={search_term_string}\"},\"query-input\":{\"@type\":\"PropertyValueSpecification\",\"valueRequired\":true,\"valueName\":\"search_term_string\"}}],\"inLanguage\":\"es\"},{\"@type\":[\"Person\",\"Organization\"],\"@id\":\"https:\/\/tabernaculoprensadedios.com\/web\/#\/schema\/person\/bc0e069fef56b38e177db6f098ae0b6e\",\"name\":\"tabernaculo\",\"image\":{\"@type\":\"ImageObject\",\"inLanguage\":\"es\",\"@id\":\"https:\/\/tabernaculoprensadedios.com\/web\/#\/schema\/person\/image\/\",\"url\":\"https:\/\/tabernaculoprensadedios.com\/web\/wp-content\/uploads\/2015\/06\/login-logo1.png\",\"contentUrl\":\"https:\/\/tabernaculoprensadedios.com\/web\/wp-content\/uploads\/2015\/06\/login-logo1.png\",\"width\":300,\"height\":118,\"caption\":\"tabernaculo\"},\"logo\":{\"@id\":\"https:\/\/tabernaculoprensadedios.com\/web\/#\/schema\/person\/image\/\"},\"url\":\"https:\/\/tabernaculoprensadedios.com\/web\/author\/tabernaculo\/\"}]}<\/script>\n<!-- \/ Yoast SEO Premium plugin. -->","yoast_head_json":{"title":"Navegando el R\u00edo del Perd\u00f3n. Explorando la Oraci\u00f3n y el Perd\u00f3n en Nuestra Relaci\u00f3n con Dios y con los Dem\u00e1s - Tabernaculo Prensa de Dios","robots":{"index":"index","follow":"follow","max-snippet":"max-snippet:-1","max-image-preview":"max-image-preview:large","max-video-preview":"max-video-preview:-1"},"canonical":"https:\/\/tabernaculoprensadedios.com\/web\/navegando-el-rio-del-perdon-explorando-la-oracion-y-el-perdon-en-nuestra-relacion-con-dios-y-con-los-demas\/","og_locale":"es_ES","og_type":"article","og_title":"Navegando el R\u00edo del Perd\u00f3n. Explorando la Oraci\u00f3n y el Perd\u00f3n en Nuestra Relaci\u00f3n con Dios y con los Dem\u00e1s","og_description":"Hoy nos sumergimos en las aguas profundas de la oraci\u00f3n y el perd\u00f3n. Dos pilares que sostienen nuestra relaci\u00f3n con Dios y con nuestros semejantes. Imagina, por un momento, que nuestra vida es un viaje en un r\u00edo sereno, y la oraci\u00f3n es el remo que nos gu\u00eda en aguas tranquilas. Pero, \u00bfqu\u00e9 ocurre cuando &hellip;","og_url":"https:\/\/tabernaculoprensadedios.com\/web\/navegando-el-rio-del-perdon-explorando-la-oracion-y-el-perdon-en-nuestra-relacion-con-dios-y-con-los-demas\/","og_site_name":"Tabernaculo Prensa de Dios","article_published_time":"2024-03-18T14:28:28+00:00","article_modified_time":"2024-03-18T14:55:08+00:00","og_image":[{"width":1280,"height":853,"url":"https:\/\/tabernaculoprensadedios.com\/web\/wp-content\/uploads\/2024\/03\/Explorando-.jpg","type":"image\/jpeg"}],"author":"tabernaculo","twitter_card":"summary_large_image","twitter_creator":"@PrensadeDios","twitter_site":"@PrensadeDios","twitter_misc":{"Escrito por":"tabernaculo","Tiempo de lectura":"5 minutos"},"schema":{"@context":"https:\/\/schema.org","@graph":[{"@type":"Article","@id":"https:\/\/tabernaculoprensadedios.com\/web\/navegando-el-rio-del-perdon-explorando-la-oracion-y-el-perdon-en-nuestra-relacion-con-dios-y-con-los-demas\/#article","isPartOf":{"@id":"https:\/\/tabernaculoprensadedios.com\/web\/navegando-el-rio-del-perdon-explorando-la-oracion-y-el-perdon-en-nuestra-relacion-con-dios-y-con-los-demas\/"},"author":{"name":"tabernaculo","@id":"https:\/\/tabernaculoprensadedios.com\/web\/#\/schema\/person\/bc0e069fef56b38e177db6f098ae0b6e"},"headline":"Navegando el R\u00edo del Perd\u00f3n. Explorando la Oraci\u00f3n y el Perd\u00f3n en Nuestra Relaci\u00f3n con Dios y con los Dem\u00e1s","datePublished":"2024-03-18T14:28:28+00:00","dateModified":"2024-03-18T14:55:08+00:00","mainEntityOfPage":{"@id":"https:\/\/tabernaculoprensadedios.com\/web\/navegando-el-rio-del-perdon-explorando-la-oracion-y-el-perdon-en-nuestra-relacion-con-dios-y-con-los-demas\/"},"wordCount":993,"commentCount":0,"publisher":{"@id":"https:\/\/tabernaculoprensadedios.com\/web\/#\/schema\/person\/bc0e069fef56b38e177db6f098ae0b6e"},"image":{"@id":"https:\/\/tabernaculoprensadedios.com\/web\/navegando-el-rio-del-perdon-explorando-la-oracion-y-el-perdon-en-nuestra-relacion-con-dios-y-con-los-demas\/#primaryimage"},"thumbnailUrl":"https:\/\/tabernaculoprensadedios.com\/web\/wp-content\/uploads\/2024\/03\/Explorando-.jpg","articleSection":["Articulos"],"inLanguage":"es","potentialAction":[{"@type":"CommentAction","name":"Comment","target":["https:\/\/tabernaculoprensadedios.com\/web\/navegando-el-rio-del-perdon-explorando-la-oracion-y-el-perdon-en-nuestra-relacion-con-dios-y-con-los-demas\/#respond"]}]},{"@type":"WebPage","@id":"https:\/\/tabernaculoprensadedios.com\/web\/navegando-el-rio-del-perdon-explorando-la-oracion-y-el-perdon-en-nuestra-relacion-con-dios-y-con-los-demas\/","url":"https:\/\/tabernaculoprensadedios.com\/web\/navegando-el-rio-del-perdon-explorando-la-oracion-y-el-perdon-en-nuestra-relacion-con-dios-y-con-los-demas\/","name":"Navegando el R\u00edo del Perd\u00f3n. Explorando la Oraci\u00f3n y el Perd\u00f3n en Nuestra Relaci\u00f3n con Dios y con los Dem\u00e1s - Tabernaculo Prensa de Dios","isPartOf":{"@id":"https:\/\/tabernaculoprensadedios.com\/web\/#website"},"primaryImageOfPage":{"@id":"https:\/\/tabernaculoprensadedios.com\/web\/navegando-el-rio-del-perdon-explorando-la-oracion-y-el-perdon-en-nuestra-relacion-con-dios-y-con-los-demas\/#primaryimage"},"image":{"@id":"https:\/\/tabernaculoprensadedios.com\/web\/navegando-el-rio-del-perdon-explorando-la-oracion-y-el-perdon-en-nuestra-relacion-con-dios-y-con-los-demas\/#primaryimage"},"thumbnailUrl":"https:\/\/tabernaculoprensadedios.com\/web\/wp-content\/uploads\/2024\/03\/Explorando-.jpg","datePublished":"2024-03-18T14:28:28+00:00","dateModified":"2024-03-18T14:55:08+00:00","breadcrumb":{"@id":"https:\/\/tabernaculoprensadedios.com\/web\/navegando-el-rio-del-perdon-explorando-la-oracion-y-el-perdon-en-nuestra-relacion-con-dios-y-con-los-demas\/#breadcrumb"},"inLanguage":"es","potentialAction":[{"@type":"ReadAction","target":["https:\/\/tabernaculoprensadedios.com\/web\/navegando-el-rio-del-perdon-explorando-la-oracion-y-el-perdon-en-nuestra-relacion-con-dios-y-con-los-demas\/"]}]},{"@type":"ImageObject","inLanguage":"es","@id":"https:\/\/tabernaculoprensadedios.com\/web\/navegando-el-rio-del-perdon-explorando-la-oracion-y-el-perdon-en-nuestra-relacion-con-dios-y-con-los-demas\/#primaryimage","url":"https:\/\/tabernaculoprensadedios.com\/web\/wp-content\/uploads\/2024\/03\/Explorando-.jpg","contentUrl":"https:\/\/tabernaculoprensadedios.com\/web\/wp-content\/uploads\/2024\/03\/Explorando-.jpg","width":1280,"height":853},{"@type":"BreadcrumbList","@id":"https:\/\/tabernaculoprensadedios.com\/web\/navegando-el-rio-del-perdon-explorando-la-oracion-y-el-perdon-en-nuestra-relacion-con-dios-y-con-los-demas\/#breadcrumb","itemListElement":[{"@type":"ListItem","position":1,"name":"Portada","item":"https:\/\/tabernaculoprensadedios.com\/web\/"},{"@type":"ListItem","position":2,"name":"Navegando el R\u00edo del Perd\u00f3n. Explorando la Oraci\u00f3n y el Perd\u00f3n en Nuestra Relaci\u00f3n con Dios y con los Dem\u00e1s"}]},{"@type":"WebSite","@id":"https:\/\/tabernaculoprensadedios.com\/web\/#website","url":"https:\/\/tabernaculoprensadedios.com\/web\/","name":"Tabernaculo Prensa de Dios","description":"Un medio a la manera de Dios","publisher":{"@id":"https:\/\/tabernaculoprensadedios.com\/web\/#\/schema\/person\/bc0e069fef56b38e177db6f098ae0b6e"},"potentialAction":[{"@type":"SearchAction","target":{"@type":"EntryPoint","urlTemplate":"https:\/\/tabernaculoprensadedios.com\/web\/?s={search_term_string}"},"query-input":{"@type":"PropertyValueSpecification","valueRequired":true,"valueName":"search_term_string"}}],"inLanguage":"es"},{"@type":["Person","Organization"],"@id":"https:\/\/tabernaculoprensadedios.com\/web\/#\/schema\/person\/bc0e069fef56b38e177db6f098ae0b6e","name":"tabernaculo","image":{"@type":"ImageObject","inLanguage":"es","@id":"https:\/\/tabernaculoprensadedios.com\/web\/#\/schema\/person\/image\/","url":"https:\/\/tabernaculoprensadedios.com\/web\/wp-content\/uploads\/2015\/06\/login-logo1.png","contentUrl":"https:\/\/tabernaculoprensadedios.com\/web\/wp-content\/uploads\/2015\/06\/login-logo1.png","width":300,"height":118,"caption":"tabernaculo"},"logo":{"@id":"https:\/\/tabernaculoprensadedios.com\/web\/#\/schema\/person\/image\/"},"url":"https:\/\/tabernaculoprensadedios.com\/web\/author\/tabernaculo\/"}]}},"_links":{"self":[{"href":"https:\/\/tabernaculoprensadedios.com\/web\/wp-json\/wp\/v2\/posts\/30472","targetHints":{"allow":["GET"]}}],"collection":[{"href":"https:\/\/tabernaculoprensadedios.com\/web\/wp-json\/wp\/v2\/posts"}],"about":[{"href":"https:\/\/tabernaculoprensadedios.com\/web\/wp-json\/wp\/v2\/types\/post"}],"author":[{"embeddable":true,"href":"https:\/\/tabernaculoprensadedios.com\/web\/wp-json\/wp\/v2\/users\/1"}],"replies":[{"embeddable":true,"href":"https:\/\/tabernaculoprensadedios.com\/web\/wp-json\/wp\/v2\/comments?post=30472"}],"version-history":[{"count":1,"href":"https:\/\/tabernaculoprensadedios.com\/web\/wp-json\/wp\/v2\/posts\/30472\/revisions"}],"predecessor-version":[{"id":30474,"href":"https:\/\/tabernaculoprensadedios.com\/web\/wp-json\/wp\/v2\/posts\/30472\/revisions\/30474"}],"wp:featuredmedia":[{"embeddable":true,"href":"https:\/\/tabernaculoprensadedios.com\/web\/wp-json\/wp\/v2\/media\/30484"}],"wp:attachment":[{"href":"https:\/\/tabernaculoprensadedios.com\/web\/wp-json\/wp\/v2\/media?parent=30472"}],"wp:term":[{"taxonomy":"category","embeddable":true,"href":"https:\/\/tabernaculoprensadedios.com\/web\/wp-json\/wp\/v2\/categories?post=30472"},{"taxonomy":"post_tag","embeddable":true,"href":"https:\/\/tabernaculoprensadedios.com\/web\/wp-json\/wp\/v2\/tags?post=30472"}],"curies":[{"name":"wp","href":"https:\/\/api.w.org\/{rel}","templated":true}]}}