{"id":30427,"date":"2024-03-12T21:34:17","date_gmt":"2024-03-12T21:34:17","guid":{"rendered":"https:\/\/tabernaculoprensadedios.com\/web\/?p=30427"},"modified":"2024-03-12T21:34:17","modified_gmt":"2024-03-12T21:34:17","slug":"la-senal-de-los-tiempos-discerniendo-la-presencia-de-dios-en-los-acontecimientos-del-mundo","status":"publish","type":"post","link":"https:\/\/tabernaculoprensadedios.com\/web\/la-senal-de-los-tiempos-discerniendo-la-presencia-de-dios-en-los-acontecimientos-del-mundo\/","title":{"rendered":"La Se\u00f1al de los Tiempos. Discerniendo la Presencia de Dios en los Acontecimientos del Mundo"},"content":{"rendered":"<p>Jes\u00fas ocup\u00f3 la expresi\u00f3n <strong>\u00abLa se\u00f1al de los tiempos\u00bb,<\/strong> cuando en pol\u00e9mica con sus enemigos, les dijo que ellos sab\u00edan discernir si era \u00e9poca de lluvias o de sequedad a partir de los colores rojizos o amarillentos del firmamento, pero que no eran capaces de comprender la presencia del Mes\u00edas, bas\u00e1ndose en los sucesos que estaban aconteciendo en ese tiempo. Ellos le pidieron se\u00f1al de los cielos. Pero Jes\u00fas se enoja y les dice que son capaces de distinguir la se\u00f1al de los cielos pero no pueden distinguir la se\u00f1al de los tiempos.<\/p>\n<p>Vinieron los fariseos y los saduceos para tentarle, y le pidieron que les mostrase se\u00f1al del cielo. Mas \u00e9l respondiendo, les dijo: Cuando anochece, dec\u00eds: Buen tiempo; porque el cielo tiene arreboles. Y por la ma\u00f1ana: Hoy habr\u00e1 tempestad; porque tiene arreboles el cielo nublado. \u00a1Hip\u00f3critas! que sab\u00e9is distinguir el aspecto del cielo, \u00a1mas las se\u00f1ales de los tiempos no pod\u00e9is! La generaci\u00f3n mala y ad\u00faltera demanda se\u00f1al; pero se\u00f1al no le ser\u00e1 dada, sino la se\u00f1al del profeta Jon\u00e1s. Y dej\u00e1ndolos, se fue. <strong>Mateo 16:1-4<\/strong><\/p>\n<p>Escuchar la voz de Dios que habla a trav\u00e9s de los acontecimientos es discernir su presencia en el mundo, bas\u00e1ndose en la historia de cada individuo, de cada comunidad, de cada naci\u00f3n.<\/p>\n<p>Y dijisteis: He aqu\u00ed Jehov\u00e1 nuestro Dios nos ha mostrado su gloria y su grandeza, y hemos o\u00eddo su voz de en medio del fuego; hoy hemos visto que Jehov\u00e1 habla al hombre, y \u00e9ste a\u00fan vive. <strong>Deuteronomio 5:24<\/strong><\/p>\n<p>Porque \u00bfqu\u00e9 es el hombre, para que oiga la voz del Dios viviente que habla de en medio del fuego, como nosotros la o\u00edmos, y a\u00fan viva? Ac\u00e9rcate t\u00fa, y oye todas las cosas que dijere Jehov\u00e1 nuestro Dios; y t\u00fa nos dir\u00e1s todo lo que Jehov\u00e1 nuestro Dios te dijere, y nosotros oiremos y haremos. Y oy\u00f3 Jehov\u00e1 la voz de vuestras palabras cuando me hablabais, y me dijo Jehov\u00e1: He o\u00eddo la voz de las palabras de este pueblo, que ellos te han hablado; bien est\u00e1 todo lo que han dicho. \u00a1Qui\u00e9n diera que tuviesen tal coraz\u00f3n, que me temieran y guardaran todos los d\u00edas todos mis mandamientos, para que a ellos y a sus hijos les fuese bien para siempre! <strong>Deuteronomio 5:26-29<\/strong><\/p>\n<p>Pero no debemos limitarnos a la vida de cada cristiano sino que debemos o\u00edr la Palabra de Dios en los suce\u00adsos que ata\u00f1en a la vida de los pueblos. El te\u00f3logo ale\u00adm\u00e1n Karl Barth dec\u00eda que los dos libros m\u00e1s importan\u00adtes para el predicador eran la Biblia y el peri\u00f3dico de cada d\u00eda. Aquella trae la Palabra Revelada y \u00e9ste la Pa\u00adlabra existencial en cada acontecimiento. Por eso es bue\u00adno, al tomar nuestro desayuno de peri\u00f3dico cada d\u00eda, preguntarnos: qu\u00e9 significa, en nuestra oraci\u00f3n, una gue\u00adrra. una huelga, un accidente a\u00e9reo, la muerte de un ni\u00f1o, el invento de una vacuna, una ca\u00adrretera que se inaugura, un desastre financiero, una boda\u2026<\/p>\n<p>Hasta los avisos clasificados pueden ser como un tel\u00e9fono por donde nos llegue la voz de Dios: a trav\u00e9s de ellos presentimos las angustias de mucha gente, sus sue\u00f1os, sus ideales, sus trabajos y sus limitaciones.<\/p>\n<p>Es interesante preguntarnos c\u00f3mo conduce Dios al mundo. Pero no nos confundamos creyendo que todo cuanto ahora pasa es obra del demonio, porque entonces parecer\u00eda que Jes\u00fas perdi\u00f3 la batalla. Pero al contrario \u00c9l es el Se\u00f1or de se\u00f1ores y Rey de reyes y valdr\u00eda la pena tratar de discernir c\u00f3mo Dios tiene el control de todo, y como \u00c9l interact\u00faa con el hombre a trav\u00e9s de su soberana voluntad y de su trato con el hombre.<\/p>\n<p>&nbsp;<\/p>\n","protected":false},"excerpt":{"rendered":"<p>Jes\u00fas ocup\u00f3 la expresi\u00f3n \u00abLa se\u00f1al de los tiempos\u00bb, cuando en pol\u00e9mica con sus enemigos, les dijo que ellos sab\u00edan discernir si era \u00e9poca de lluvias o de sequedad a partir de los colores rojizos o amarillentos del firmamento, pero que no eran capaces de comprender la presencia del Mes\u00edas, bas\u00e1ndose en los sucesos que &hellip;<\/p>\n","protected":false},"author":1,"featured_media":30428,"comment_status":"open","ping_status":"open","sticky":false,"template":"","format":"standard","meta":{"footnotes":""},"categories":[34],"tags":[],"class_list":["post-30427","post","type-post","status-publish","format-standard","has-post-thumbnail","hentry","category-articulos"],"yoast_head":"<!-- This site is optimized with the Yoast SEO Premium plugin v24.2 (Yoast SEO v27.1.1) - https:\/\/yoast.com\/product\/yoast-seo-premium-wordpress\/ -->\n<title>La Se\u00f1al de los Tiempos. Discerniendo la Presencia de Dios en los Acontecimientos del Mundo - Tabernaculo Prensa de Dios<\/title>\n<meta name=\"robots\" content=\"index, follow, max-snippet:-1, max-image-preview:large, max-video-preview:-1\" \/>\n<link rel=\"canonical\" href=\"https:\/\/tabernaculoprensadedios.com\/web\/la-senal-de-los-tiempos-discerniendo-la-presencia-de-dios-en-los-acontecimientos-del-mundo\/\" class=\"yoast-seo-meta-tag\" \/>\n<meta property=\"og:locale\" content=\"es_ES\" class=\"yoast-seo-meta-tag\" \/>\n<meta property=\"og:type\" content=\"article\" class=\"yoast-seo-meta-tag\" \/>\n<meta property=\"og:title\" content=\"La Se\u00f1al de los Tiempos. Discerniendo la Presencia de Dios en los Acontecimientos del Mundo\" class=\"yoast-seo-meta-tag\" \/>\n<meta property=\"og:description\" content=\"Jes\u00fas ocup\u00f3 la expresi\u00f3n \u00abLa se\u00f1al de los tiempos\u00bb, cuando en pol\u00e9mica con sus enemigos, les dijo que ellos sab\u00edan discernir si era \u00e9poca de lluvias o de sequedad a partir de los colores rojizos o amarillentos del firmamento, pero que no eran capaces de comprender la presencia del Mes\u00edas, bas\u00e1ndose en los sucesos que &hellip;\" class=\"yoast-seo-meta-tag\" \/>\n<meta property=\"og:url\" content=\"https:\/\/tabernaculoprensadedios.com\/web\/la-senal-de-los-tiempos-discerniendo-la-presencia-de-dios-en-los-acontecimientos-del-mundo\/\" class=\"yoast-seo-meta-tag\" \/>\n<meta property=\"og:site_name\" content=\"Tabernaculo Prensa de Dios\" class=\"yoast-seo-meta-tag\" \/>\n<meta property=\"article:published_time\" content=\"2024-03-12T21:34:17+00:00\" class=\"yoast-seo-meta-tag\" \/>\n<meta property=\"og:image\" content=\"https:\/\/tabernaculoprensadedios.com\/web\/wp-content\/uploads\/2024\/03\/Senal-de-los-Tiempos.jpg\" class=\"yoast-seo-meta-tag\" \/>\n\t<meta property=\"og:image:width\" content=\"1280\" class=\"yoast-seo-meta-tag\" \/>\n\t<meta property=\"og:image:height\" content=\"721\" class=\"yoast-seo-meta-tag\" \/>\n\t<meta property=\"og:image:type\" content=\"image\/jpeg\" class=\"yoast-seo-meta-tag\" \/>\n<meta name=\"author\" content=\"tabernaculo\" class=\"yoast-seo-meta-tag\" \/>\n<meta name=\"twitter:card\" content=\"summary_large_image\" class=\"yoast-seo-meta-tag\" \/>\n<meta name=\"twitter:creator\" content=\"@PrensadeDios\" class=\"yoast-seo-meta-tag\" \/>\n<meta name=\"twitter:site\" content=\"@PrensadeDios\" class=\"yoast-seo-meta-tag\" \/>\n<meta name=\"twitter:label1\" content=\"Escrito por\" class=\"yoast-seo-meta-tag\" \/>\n\t<meta name=\"twitter:data1\" content=\"tabernaculo\" class=\"yoast-seo-meta-tag\" \/>\n\t<meta name=\"twitter:label2\" content=\"Tiempo de lectura\" class=\"yoast-seo-meta-tag\" \/>\n\t<meta name=\"twitter:data2\" content=\"3 minutos\" class=\"yoast-seo-meta-tag\" \/>\n<script type=\"application\/ld+json\" class=\"yoast-schema-graph\">{\"@context\":\"https:\/\/schema.org\",\"@graph\":[{\"@type\":\"Article\",\"@id\":\"https:\/\/tabernaculoprensadedios.com\/web\/la-senal-de-los-tiempos-discerniendo-la-presencia-de-dios-en-los-acontecimientos-del-mundo\/#article\",\"isPartOf\":{\"@id\":\"https:\/\/tabernaculoprensadedios.com\/web\/la-senal-de-los-tiempos-discerniendo-la-presencia-de-dios-en-los-acontecimientos-del-mundo\/\"},\"author\":{\"name\":\"tabernaculo\",\"@id\":\"https:\/\/tabernaculoprensadedios.com\/web\/#\/schema\/person\/bc0e069fef56b38e177db6f098ae0b6e\"},\"headline\":\"La Se\u00f1al de los Tiempos. Discerniendo la Presencia de Dios en los Acontecimientos del Mundo\",\"datePublished\":\"2024-03-12T21:34:17+00:00\",\"mainEntityOfPage\":{\"@id\":\"https:\/\/tabernaculoprensadedios.com\/web\/la-senal-de-los-tiempos-discerniendo-la-presencia-de-dios-en-los-acontecimientos-del-mundo\/\"},\"wordCount\":685,\"commentCount\":0,\"publisher\":{\"@id\":\"https:\/\/tabernaculoprensadedios.com\/web\/#\/schema\/person\/bc0e069fef56b38e177db6f098ae0b6e\"},\"image\":{\"@id\":\"https:\/\/tabernaculoprensadedios.com\/web\/la-senal-de-los-tiempos-discerniendo-la-presencia-de-dios-en-los-acontecimientos-del-mundo\/#primaryimage\"},\"thumbnailUrl\":\"https:\/\/tabernaculoprensadedios.com\/web\/wp-content\/uploads\/2024\/03\/Senal-de-los-Tiempos.jpg\",\"articleSection\":[\"Articulos\"],\"inLanguage\":\"es\",\"potentialAction\":[{\"@type\":\"CommentAction\",\"name\":\"Comment\",\"target\":[\"https:\/\/tabernaculoprensadedios.com\/web\/la-senal-de-los-tiempos-discerniendo-la-presencia-de-dios-en-los-acontecimientos-del-mundo\/#respond\"]}]},{\"@type\":\"WebPage\",\"@id\":\"https:\/\/tabernaculoprensadedios.com\/web\/la-senal-de-los-tiempos-discerniendo-la-presencia-de-dios-en-los-acontecimientos-del-mundo\/\",\"url\":\"https:\/\/tabernaculoprensadedios.com\/web\/la-senal-de-los-tiempos-discerniendo-la-presencia-de-dios-en-los-acontecimientos-del-mundo\/\",\"name\":\"La Se\u00f1al de los Tiempos. Discerniendo la Presencia de Dios en los Acontecimientos del Mundo - Tabernaculo Prensa de Dios\",\"isPartOf\":{\"@id\":\"https:\/\/tabernaculoprensadedios.com\/web\/#website\"},\"primaryImageOfPage\":{\"@id\":\"https:\/\/tabernaculoprensadedios.com\/web\/la-senal-de-los-tiempos-discerniendo-la-presencia-de-dios-en-los-acontecimientos-del-mundo\/#primaryimage\"},\"image\":{\"@id\":\"https:\/\/tabernaculoprensadedios.com\/web\/la-senal-de-los-tiempos-discerniendo-la-presencia-de-dios-en-los-acontecimientos-del-mundo\/#primaryimage\"},\"thumbnailUrl\":\"https:\/\/tabernaculoprensadedios.com\/web\/wp-content\/uploads\/2024\/03\/Senal-de-los-Tiempos.jpg\",\"datePublished\":\"2024-03-12T21:34:17+00:00\",\"breadcrumb\":{\"@id\":\"https:\/\/tabernaculoprensadedios.com\/web\/la-senal-de-los-tiempos-discerniendo-la-presencia-de-dios-en-los-acontecimientos-del-mundo\/#breadcrumb\"},\"inLanguage\":\"es\",\"potentialAction\":[{\"@type\":\"ReadAction\",\"target\":[\"https:\/\/tabernaculoprensadedios.com\/web\/la-senal-de-los-tiempos-discerniendo-la-presencia-de-dios-en-los-acontecimientos-del-mundo\/\"]}]},{\"@type\":\"ImageObject\",\"inLanguage\":\"es\",\"@id\":\"https:\/\/tabernaculoprensadedios.com\/web\/la-senal-de-los-tiempos-discerniendo-la-presencia-de-dios-en-los-acontecimientos-del-mundo\/#primaryimage\",\"url\":\"https:\/\/tabernaculoprensadedios.com\/web\/wp-content\/uploads\/2024\/03\/Senal-de-los-Tiempos.jpg\",\"contentUrl\":\"https:\/\/tabernaculoprensadedios.com\/web\/wp-content\/uploads\/2024\/03\/Senal-de-los-Tiempos.jpg\",\"width\":1280,\"height\":721},{\"@type\":\"BreadcrumbList\",\"@id\":\"https:\/\/tabernaculoprensadedios.com\/web\/la-senal-de-los-tiempos-discerniendo-la-presencia-de-dios-en-los-acontecimientos-del-mundo\/#breadcrumb\",\"itemListElement\":[{\"@type\":\"ListItem\",\"position\":1,\"name\":\"Portada\",\"item\":\"https:\/\/tabernaculoprensadedios.com\/web\/\"},{\"@type\":\"ListItem\",\"position\":2,\"name\":\"La Se\u00f1al de los Tiempos. Discerniendo la Presencia de Dios en los Acontecimientos del Mundo\"}]},{\"@type\":\"WebSite\",\"@id\":\"https:\/\/tabernaculoprensadedios.com\/web\/#website\",\"url\":\"https:\/\/tabernaculoprensadedios.com\/web\/\",\"name\":\"Tabernaculo Prensa de Dios\",\"description\":\"Un medio a la manera de Dios\",\"publisher\":{\"@id\":\"https:\/\/tabernaculoprensadedios.com\/web\/#\/schema\/person\/bc0e069fef56b38e177db6f098ae0b6e\"},\"potentialAction\":[{\"@type\":\"SearchAction\",\"target\":{\"@type\":\"EntryPoint\",\"urlTemplate\":\"https:\/\/tabernaculoprensadedios.com\/web\/?s={search_term_string}\"},\"query-input\":{\"@type\":\"PropertyValueSpecification\",\"valueRequired\":true,\"valueName\":\"search_term_string\"}}],\"inLanguage\":\"es\"},{\"@type\":[\"Person\",\"Organization\"],\"@id\":\"https:\/\/tabernaculoprensadedios.com\/web\/#\/schema\/person\/bc0e069fef56b38e177db6f098ae0b6e\",\"name\":\"tabernaculo\",\"image\":{\"@type\":\"ImageObject\",\"inLanguage\":\"es\",\"@id\":\"https:\/\/tabernaculoprensadedios.com\/web\/#\/schema\/person\/image\/\",\"url\":\"https:\/\/tabernaculoprensadedios.com\/web\/wp-content\/uploads\/2015\/06\/login-logo1.png\",\"contentUrl\":\"https:\/\/tabernaculoprensadedios.com\/web\/wp-content\/uploads\/2015\/06\/login-logo1.png\",\"width\":300,\"height\":118,\"caption\":\"tabernaculo\"},\"logo\":{\"@id\":\"https:\/\/tabernaculoprensadedios.com\/web\/#\/schema\/person\/image\/\"},\"url\":\"https:\/\/tabernaculoprensadedios.com\/web\/author\/tabernaculo\/\"}]}<\/script>\n<!-- \/ Yoast SEO Premium plugin. -->","yoast_head_json":{"title":"La Se\u00f1al de los Tiempos. Discerniendo la Presencia de Dios en los Acontecimientos del Mundo - Tabernaculo Prensa de Dios","robots":{"index":"index","follow":"follow","max-snippet":"max-snippet:-1","max-image-preview":"max-image-preview:large","max-video-preview":"max-video-preview:-1"},"canonical":"https:\/\/tabernaculoprensadedios.com\/web\/la-senal-de-los-tiempos-discerniendo-la-presencia-de-dios-en-los-acontecimientos-del-mundo\/","og_locale":"es_ES","og_type":"article","og_title":"La Se\u00f1al de los Tiempos. Discerniendo la Presencia de Dios en los Acontecimientos del Mundo","og_description":"Jes\u00fas ocup\u00f3 la expresi\u00f3n \u00abLa se\u00f1al de los tiempos\u00bb, cuando en pol\u00e9mica con sus enemigos, les dijo que ellos sab\u00edan discernir si era \u00e9poca de lluvias o de sequedad a partir de los colores rojizos o amarillentos del firmamento, pero que no eran capaces de comprender la presencia del Mes\u00edas, bas\u00e1ndose en los sucesos que &hellip;","og_url":"https:\/\/tabernaculoprensadedios.com\/web\/la-senal-de-los-tiempos-discerniendo-la-presencia-de-dios-en-los-acontecimientos-del-mundo\/","og_site_name":"Tabernaculo Prensa de Dios","article_published_time":"2024-03-12T21:34:17+00:00","og_image":[{"width":1280,"height":721,"url":"https:\/\/tabernaculoprensadedios.com\/web\/wp-content\/uploads\/2024\/03\/Senal-de-los-Tiempos.jpg","type":"image\/jpeg"}],"author":"tabernaculo","twitter_card":"summary_large_image","twitter_creator":"@PrensadeDios","twitter_site":"@PrensadeDios","twitter_misc":{"Escrito por":"tabernaculo","Tiempo de lectura":"3 minutos"},"schema":{"@context":"https:\/\/schema.org","@graph":[{"@type":"Article","@id":"https:\/\/tabernaculoprensadedios.com\/web\/la-senal-de-los-tiempos-discerniendo-la-presencia-de-dios-en-los-acontecimientos-del-mundo\/#article","isPartOf":{"@id":"https:\/\/tabernaculoprensadedios.com\/web\/la-senal-de-los-tiempos-discerniendo-la-presencia-de-dios-en-los-acontecimientos-del-mundo\/"},"author":{"name":"tabernaculo","@id":"https:\/\/tabernaculoprensadedios.com\/web\/#\/schema\/person\/bc0e069fef56b38e177db6f098ae0b6e"},"headline":"La Se\u00f1al de los Tiempos. Discerniendo la Presencia de Dios en los Acontecimientos del Mundo","datePublished":"2024-03-12T21:34:17+00:00","mainEntityOfPage":{"@id":"https:\/\/tabernaculoprensadedios.com\/web\/la-senal-de-los-tiempos-discerniendo-la-presencia-de-dios-en-los-acontecimientos-del-mundo\/"},"wordCount":685,"commentCount":0,"publisher":{"@id":"https:\/\/tabernaculoprensadedios.com\/web\/#\/schema\/person\/bc0e069fef56b38e177db6f098ae0b6e"},"image":{"@id":"https:\/\/tabernaculoprensadedios.com\/web\/la-senal-de-los-tiempos-discerniendo-la-presencia-de-dios-en-los-acontecimientos-del-mundo\/#primaryimage"},"thumbnailUrl":"https:\/\/tabernaculoprensadedios.com\/web\/wp-content\/uploads\/2024\/03\/Senal-de-los-Tiempos.jpg","articleSection":["Articulos"],"inLanguage":"es","potentialAction":[{"@type":"CommentAction","name":"Comment","target":["https:\/\/tabernaculoprensadedios.com\/web\/la-senal-de-los-tiempos-discerniendo-la-presencia-de-dios-en-los-acontecimientos-del-mundo\/#respond"]}]},{"@type":"WebPage","@id":"https:\/\/tabernaculoprensadedios.com\/web\/la-senal-de-los-tiempos-discerniendo-la-presencia-de-dios-en-los-acontecimientos-del-mundo\/","url":"https:\/\/tabernaculoprensadedios.com\/web\/la-senal-de-los-tiempos-discerniendo-la-presencia-de-dios-en-los-acontecimientos-del-mundo\/","name":"La Se\u00f1al de los Tiempos. Discerniendo la Presencia de Dios en los Acontecimientos del Mundo - Tabernaculo Prensa de Dios","isPartOf":{"@id":"https:\/\/tabernaculoprensadedios.com\/web\/#website"},"primaryImageOfPage":{"@id":"https:\/\/tabernaculoprensadedios.com\/web\/la-senal-de-los-tiempos-discerniendo-la-presencia-de-dios-en-los-acontecimientos-del-mundo\/#primaryimage"},"image":{"@id":"https:\/\/tabernaculoprensadedios.com\/web\/la-senal-de-los-tiempos-discerniendo-la-presencia-de-dios-en-los-acontecimientos-del-mundo\/#primaryimage"},"thumbnailUrl":"https:\/\/tabernaculoprensadedios.com\/web\/wp-content\/uploads\/2024\/03\/Senal-de-los-Tiempos.jpg","datePublished":"2024-03-12T21:34:17+00:00","breadcrumb":{"@id":"https:\/\/tabernaculoprensadedios.com\/web\/la-senal-de-los-tiempos-discerniendo-la-presencia-de-dios-en-los-acontecimientos-del-mundo\/#breadcrumb"},"inLanguage":"es","potentialAction":[{"@type":"ReadAction","target":["https:\/\/tabernaculoprensadedios.com\/web\/la-senal-de-los-tiempos-discerniendo-la-presencia-de-dios-en-los-acontecimientos-del-mundo\/"]}]},{"@type":"ImageObject","inLanguage":"es","@id":"https:\/\/tabernaculoprensadedios.com\/web\/la-senal-de-los-tiempos-discerniendo-la-presencia-de-dios-en-los-acontecimientos-del-mundo\/#primaryimage","url":"https:\/\/tabernaculoprensadedios.com\/web\/wp-content\/uploads\/2024\/03\/Senal-de-los-Tiempos.jpg","contentUrl":"https:\/\/tabernaculoprensadedios.com\/web\/wp-content\/uploads\/2024\/03\/Senal-de-los-Tiempos.jpg","width":1280,"height":721},{"@type":"BreadcrumbList","@id":"https:\/\/tabernaculoprensadedios.com\/web\/la-senal-de-los-tiempos-discerniendo-la-presencia-de-dios-en-los-acontecimientos-del-mundo\/#breadcrumb","itemListElement":[{"@type":"ListItem","position":1,"name":"Portada","item":"https:\/\/tabernaculoprensadedios.com\/web\/"},{"@type":"ListItem","position":2,"name":"La Se\u00f1al de los Tiempos. Discerniendo la Presencia de Dios en los Acontecimientos del Mundo"}]},{"@type":"WebSite","@id":"https:\/\/tabernaculoprensadedios.com\/web\/#website","url":"https:\/\/tabernaculoprensadedios.com\/web\/","name":"Tabernaculo Prensa de Dios","description":"Un medio a la manera de Dios","publisher":{"@id":"https:\/\/tabernaculoprensadedios.com\/web\/#\/schema\/person\/bc0e069fef56b38e177db6f098ae0b6e"},"potentialAction":[{"@type":"SearchAction","target":{"@type":"EntryPoint","urlTemplate":"https:\/\/tabernaculoprensadedios.com\/web\/?s={search_term_string}"},"query-input":{"@type":"PropertyValueSpecification","valueRequired":true,"valueName":"search_term_string"}}],"inLanguage":"es"},{"@type":["Person","Organization"],"@id":"https:\/\/tabernaculoprensadedios.com\/web\/#\/schema\/person\/bc0e069fef56b38e177db6f098ae0b6e","name":"tabernaculo","image":{"@type":"ImageObject","inLanguage":"es","@id":"https:\/\/tabernaculoprensadedios.com\/web\/#\/schema\/person\/image\/","url":"https:\/\/tabernaculoprensadedios.com\/web\/wp-content\/uploads\/2015\/06\/login-logo1.png","contentUrl":"https:\/\/tabernaculoprensadedios.com\/web\/wp-content\/uploads\/2015\/06\/login-logo1.png","width":300,"height":118,"caption":"tabernaculo"},"logo":{"@id":"https:\/\/tabernaculoprensadedios.com\/web\/#\/schema\/person\/image\/"},"url":"https:\/\/tabernaculoprensadedios.com\/web\/author\/tabernaculo\/"}]}},"_links":{"self":[{"href":"https:\/\/tabernaculoprensadedios.com\/web\/wp-json\/wp\/v2\/posts\/30427","targetHints":{"allow":["GET"]}}],"collection":[{"href":"https:\/\/tabernaculoprensadedios.com\/web\/wp-json\/wp\/v2\/posts"}],"about":[{"href":"https:\/\/tabernaculoprensadedios.com\/web\/wp-json\/wp\/v2\/types\/post"}],"author":[{"embeddable":true,"href":"https:\/\/tabernaculoprensadedios.com\/web\/wp-json\/wp\/v2\/users\/1"}],"replies":[{"embeddable":true,"href":"https:\/\/tabernaculoprensadedios.com\/web\/wp-json\/wp\/v2\/comments?post=30427"}],"version-history":[{"count":1,"href":"https:\/\/tabernaculoprensadedios.com\/web\/wp-json\/wp\/v2\/posts\/30427\/revisions"}],"predecessor-version":[{"id":30429,"href":"https:\/\/tabernaculoprensadedios.com\/web\/wp-json\/wp\/v2\/posts\/30427\/revisions\/30429"}],"wp:featuredmedia":[{"embeddable":true,"href":"https:\/\/tabernaculoprensadedios.com\/web\/wp-json\/wp\/v2\/media\/30428"}],"wp:attachment":[{"href":"https:\/\/tabernaculoprensadedios.com\/web\/wp-json\/wp\/v2\/media?parent=30427"}],"wp:term":[{"taxonomy":"category","embeddable":true,"href":"https:\/\/tabernaculoprensadedios.com\/web\/wp-json\/wp\/v2\/categories?post=30427"},{"taxonomy":"post_tag","embeddable":true,"href":"https:\/\/tabernaculoprensadedios.com\/web\/wp-json\/wp\/v2\/tags?post=30427"}],"curies":[{"name":"wp","href":"https:\/\/api.w.org\/{rel}","templated":true}]}}