{"id":30364,"date":"2024-03-07T23:38:12","date_gmt":"2024-03-07T23:38:12","guid":{"rendered":"https:\/\/tabernaculoprensadedios.com\/web\/?p=30364"},"modified":"2024-03-07T23:38:12","modified_gmt":"2024-03-07T23:38:12","slug":"codue-colabora-con-salud-publica-para-la-prevencion-del-dengue","status":"publish","type":"post","link":"https:\/\/tabernaculoprensadedios.com\/web\/codue-colabora-con-salud-publica-para-la-prevencion-del-dengue\/","title":{"rendered":"CODUE colabora con Salud P\u00fablica para la Prevenci\u00f3n del Dengue"},"content":{"rendered":"<p>El Consejo Dominicano de Unidad Evang\u00e9lica (CODUE) une esfuerzosjunto al Ministerio de Salud, con el objetivo de facilitar recursos humanos y log\u00edsticos desde las congregaciones cristianas a nivel nacional para realizar acciones de prevenci\u00f3n deldengue.<\/p>\n<p>Feliciano Lacen, representante de la entidad,dijo que la postura asumida por el organismo responde a una solicitud por escrito que hiciera el Ministro de la Salud P\u00fablica, V\u00edctor Atallah, con la intenci\u00f3n de la entidad eclesi\u00e1stica disponga de recursos humanos en materia de salud para ser utilizado en las comunidades y que estos puedan integrarse a los sectores intersectoriales para establecer puntos focales de prevenci\u00f3n.<\/p>\n<p>A\u00f1adi\u00f3 que, aunque en el pa\u00eds se ha logrado controlar el brote de dengue, no se puede bajar la guardia, por lo que hacemos un llamado a los diferentes concilios, iglesias independientes, entidades de servicio social en las diversas comunidades a integrarse de manera entusiasta, para combatir esta enfermedad que se est\u00e1 intensificando debido a los efectos del cambio clim\u00e1tico.<\/p>\n<p>\u00abUn llamado a todas nuestras iglesias, ministerios y l\u00edderes afiliados al CODUE, a integrarse a las jornadas de limpieza, identificar aguas estancadas y la prevenci\u00f3n para detener la propagaci\u00f3n de esta infecci\u00f3n viral caracter\u00edstica, eliminando los criaderos del mosquito Aedes Aegypti\u00bb, a\u00f1adi\u00f3 Lacen Custodio.<\/p>\n","protected":false},"excerpt":{"rendered":"<p>El Consejo Dominicano de Unidad Evang\u00e9lica (CODUE) une esfuerzosjunto al Ministerio de Salud, con el objetivo de facilitar recursos humanos y log\u00edsticos desde las congregaciones cristianas a nivel nacional para realizar acciones de prevenci\u00f3n deldengue. Feliciano Lacen, representante de la entidad,dijo que la postura asumida por el organismo responde a una solicitud por escrito que &hellip;<\/p>\n","protected":false},"author":1,"featured_media":30365,"comment_status":"open","ping_status":"open","sticky":false,"template":"","format":"standard","meta":{"footnotes":""},"categories":[39],"tags":[],"class_list":["post-30364","post","type-post","status-publish","format-standard","has-post-thumbnail","hentry","category-almomento"],"yoast_head":"<!-- This site is optimized with the Yoast SEO Premium plugin v24.2 (Yoast SEO v27.1.1) - https:\/\/yoast.com\/product\/yoast-seo-premium-wordpress\/ -->\n<title>CODUE colabora con Salud P\u00fablica para la Prevenci\u00f3n del Dengue - Tabernaculo Prensa de Dios<\/title>\n<meta name=\"robots\" content=\"index, follow, max-snippet:-1, max-image-preview:large, max-video-preview:-1\" \/>\n<link rel=\"canonical\" href=\"https:\/\/tabernaculoprensadedios.com\/web\/codue-colabora-con-salud-publica-para-la-prevencion-del-dengue\/\" class=\"yoast-seo-meta-tag\" \/>\n<meta property=\"og:locale\" content=\"es_ES\" class=\"yoast-seo-meta-tag\" \/>\n<meta property=\"og:type\" content=\"article\" class=\"yoast-seo-meta-tag\" \/>\n<meta property=\"og:title\" content=\"CODUE colabora con Salud P\u00fablica para la Prevenci\u00f3n del Dengue\" class=\"yoast-seo-meta-tag\" \/>\n<meta property=\"og:description\" content=\"El Consejo Dominicano de Unidad Evang\u00e9lica (CODUE) une esfuerzosjunto al Ministerio de Salud, con el objetivo de facilitar recursos humanos y log\u00edsticos desde las congregaciones cristianas a nivel nacional para realizar acciones de prevenci\u00f3n deldengue. Feliciano Lacen, representante de la entidad,dijo que la postura asumida por el organismo responde a una solicitud por escrito que &hellip;\" class=\"yoast-seo-meta-tag\" \/>\n<meta property=\"og:url\" content=\"https:\/\/tabernaculoprensadedios.com\/web\/codue-colabora-con-salud-publica-para-la-prevencion-del-dengue\/\" class=\"yoast-seo-meta-tag\" \/>\n<meta property=\"og:site_name\" content=\"Tabernaculo Prensa de Dios\" class=\"yoast-seo-meta-tag\" \/>\n<meta property=\"article:published_time\" content=\"2024-03-07T23:38:12+00:00\" class=\"yoast-seo-meta-tag\" \/>\n<meta property=\"og:image\" content=\"https:\/\/tabernaculoprensadedios.com\/web\/wp-content\/uploads\/2024\/03\/WhatsApp-Image-2024-03-07-at-3.34.20-PM.jpeg\" class=\"yoast-seo-meta-tag\" \/>\n\t<meta property=\"og:image:width\" content=\"1280\" class=\"yoast-seo-meta-tag\" \/>\n\t<meta property=\"og:image:height\" content=\"894\" class=\"yoast-seo-meta-tag\" \/>\n\t<meta property=\"og:image:type\" content=\"image\/jpeg\" class=\"yoast-seo-meta-tag\" \/>\n<meta name=\"author\" content=\"tabernaculo\" class=\"yoast-seo-meta-tag\" \/>\n<meta name=\"twitter:card\" content=\"summary_large_image\" class=\"yoast-seo-meta-tag\" \/>\n<meta name=\"twitter:creator\" content=\"@PrensadeDios\" class=\"yoast-seo-meta-tag\" \/>\n<meta name=\"twitter:site\" content=\"@PrensadeDios\" class=\"yoast-seo-meta-tag\" \/>\n<meta name=\"twitter:label1\" content=\"Escrito por\" class=\"yoast-seo-meta-tag\" \/>\n\t<meta name=\"twitter:data1\" content=\"tabernaculo\" class=\"yoast-seo-meta-tag\" \/>\n\t<meta name=\"twitter:label2\" content=\"Tiempo de lectura\" class=\"yoast-seo-meta-tag\" \/>\n\t<meta name=\"twitter:data2\" content=\"2 minutos\" class=\"yoast-seo-meta-tag\" \/>\n<script type=\"application\/ld+json\" class=\"yoast-schema-graph\">{\"@context\":\"https:\/\/schema.org\",\"@graph\":[{\"@type\":\"Article\",\"@id\":\"https:\/\/tabernaculoprensadedios.com\/web\/codue-colabora-con-salud-publica-para-la-prevencion-del-dengue\/#article\",\"isPartOf\":{\"@id\":\"https:\/\/tabernaculoprensadedios.com\/web\/codue-colabora-con-salud-publica-para-la-prevencion-del-dengue\/\"},\"author\":{\"name\":\"tabernaculo\",\"@id\":\"https:\/\/tabernaculoprensadedios.com\/web\/#\/schema\/person\/bc0e069fef56b38e177db6f098ae0b6e\"},\"headline\":\"CODUE colabora con Salud P\u00fablica para la Prevenci\u00f3n del Dengue\",\"datePublished\":\"2024-03-07T23:38:12+00:00\",\"mainEntityOfPage\":{\"@id\":\"https:\/\/tabernaculoprensadedios.com\/web\/codue-colabora-con-salud-publica-para-la-prevencion-del-dengue\/\"},\"wordCount\":234,\"commentCount\":0,\"publisher\":{\"@id\":\"https:\/\/tabernaculoprensadedios.com\/web\/#\/schema\/person\/bc0e069fef56b38e177db6f098ae0b6e\"},\"image\":{\"@id\":\"https:\/\/tabernaculoprensadedios.com\/web\/codue-colabora-con-salud-publica-para-la-prevencion-del-dengue\/#primaryimage\"},\"thumbnailUrl\":\"https:\/\/tabernaculoprensadedios.com\/web\/wp-content\/uploads\/2024\/03\/WhatsApp-Image-2024-03-07-at-3.34.20-PM.jpeg\",\"articleSection\":[\"almomento\"],\"inLanguage\":\"es\",\"potentialAction\":[{\"@type\":\"CommentAction\",\"name\":\"Comment\",\"target\":[\"https:\/\/tabernaculoprensadedios.com\/web\/codue-colabora-con-salud-publica-para-la-prevencion-del-dengue\/#respond\"]}]},{\"@type\":\"WebPage\",\"@id\":\"https:\/\/tabernaculoprensadedios.com\/web\/codue-colabora-con-salud-publica-para-la-prevencion-del-dengue\/\",\"url\":\"https:\/\/tabernaculoprensadedios.com\/web\/codue-colabora-con-salud-publica-para-la-prevencion-del-dengue\/\",\"name\":\"CODUE colabora con Salud P\u00fablica para la Prevenci\u00f3n del Dengue - Tabernaculo Prensa de Dios\",\"isPartOf\":{\"@id\":\"https:\/\/tabernaculoprensadedios.com\/web\/#website\"},\"primaryImageOfPage\":{\"@id\":\"https:\/\/tabernaculoprensadedios.com\/web\/codue-colabora-con-salud-publica-para-la-prevencion-del-dengue\/#primaryimage\"},\"image\":{\"@id\":\"https:\/\/tabernaculoprensadedios.com\/web\/codue-colabora-con-salud-publica-para-la-prevencion-del-dengue\/#primaryimage\"},\"thumbnailUrl\":\"https:\/\/tabernaculoprensadedios.com\/web\/wp-content\/uploads\/2024\/03\/WhatsApp-Image-2024-03-07-at-3.34.20-PM.jpeg\",\"datePublished\":\"2024-03-07T23:38:12+00:00\",\"breadcrumb\":{\"@id\":\"https:\/\/tabernaculoprensadedios.com\/web\/codue-colabora-con-salud-publica-para-la-prevencion-del-dengue\/#breadcrumb\"},\"inLanguage\":\"es\",\"potentialAction\":[{\"@type\":\"ReadAction\",\"target\":[\"https:\/\/tabernaculoprensadedios.com\/web\/codue-colabora-con-salud-publica-para-la-prevencion-del-dengue\/\"]}]},{\"@type\":\"ImageObject\",\"inLanguage\":\"es\",\"@id\":\"https:\/\/tabernaculoprensadedios.com\/web\/codue-colabora-con-salud-publica-para-la-prevencion-del-dengue\/#primaryimage\",\"url\":\"https:\/\/tabernaculoprensadedios.com\/web\/wp-content\/uploads\/2024\/03\/WhatsApp-Image-2024-03-07-at-3.34.20-PM.jpeg\",\"contentUrl\":\"https:\/\/tabernaculoprensadedios.com\/web\/wp-content\/uploads\/2024\/03\/WhatsApp-Image-2024-03-07-at-3.34.20-PM.jpeg\",\"width\":1280,\"height\":894},{\"@type\":\"BreadcrumbList\",\"@id\":\"https:\/\/tabernaculoprensadedios.com\/web\/codue-colabora-con-salud-publica-para-la-prevencion-del-dengue\/#breadcrumb\",\"itemListElement\":[{\"@type\":\"ListItem\",\"position\":1,\"name\":\"Portada\",\"item\":\"https:\/\/tabernaculoprensadedios.com\/web\/\"},{\"@type\":\"ListItem\",\"position\":2,\"name\":\"CODUE colabora con Salud P\u00fablica para la Prevenci\u00f3n del Dengue\"}]},{\"@type\":\"WebSite\",\"@id\":\"https:\/\/tabernaculoprensadedios.com\/web\/#website\",\"url\":\"https:\/\/tabernaculoprensadedios.com\/web\/\",\"name\":\"Tabernaculo Prensa de Dios\",\"description\":\"Un medio a la manera de Dios\",\"publisher\":{\"@id\":\"https:\/\/tabernaculoprensadedios.com\/web\/#\/schema\/person\/bc0e069fef56b38e177db6f098ae0b6e\"},\"potentialAction\":[{\"@type\":\"SearchAction\",\"target\":{\"@type\":\"EntryPoint\",\"urlTemplate\":\"https:\/\/tabernaculoprensadedios.com\/web\/?s={search_term_string}\"},\"query-input\":{\"@type\":\"PropertyValueSpecification\",\"valueRequired\":true,\"valueName\":\"search_term_string\"}}],\"inLanguage\":\"es\"},{\"@type\":[\"Person\",\"Organization\"],\"@id\":\"https:\/\/tabernaculoprensadedios.com\/web\/#\/schema\/person\/bc0e069fef56b38e177db6f098ae0b6e\",\"name\":\"tabernaculo\",\"image\":{\"@type\":\"ImageObject\",\"inLanguage\":\"es\",\"@id\":\"https:\/\/tabernaculoprensadedios.com\/web\/#\/schema\/person\/image\/\",\"url\":\"https:\/\/tabernaculoprensadedios.com\/web\/wp-content\/uploads\/2015\/06\/login-logo1.png\",\"contentUrl\":\"https:\/\/tabernaculoprensadedios.com\/web\/wp-content\/uploads\/2015\/06\/login-logo1.png\",\"width\":300,\"height\":118,\"caption\":\"tabernaculo\"},\"logo\":{\"@id\":\"https:\/\/tabernaculoprensadedios.com\/web\/#\/schema\/person\/image\/\"},\"url\":\"https:\/\/tabernaculoprensadedios.com\/web\/author\/tabernaculo\/\"}]}<\/script>\n<!-- \/ Yoast SEO Premium plugin. -->","yoast_head_json":{"title":"CODUE colabora con Salud P\u00fablica para la Prevenci\u00f3n del Dengue - Tabernaculo Prensa de Dios","robots":{"index":"index","follow":"follow","max-snippet":"max-snippet:-1","max-image-preview":"max-image-preview:large","max-video-preview":"max-video-preview:-1"},"canonical":"https:\/\/tabernaculoprensadedios.com\/web\/codue-colabora-con-salud-publica-para-la-prevencion-del-dengue\/","og_locale":"es_ES","og_type":"article","og_title":"CODUE colabora con Salud P\u00fablica para la Prevenci\u00f3n del Dengue","og_description":"El Consejo Dominicano de Unidad Evang\u00e9lica (CODUE) une esfuerzosjunto al Ministerio de Salud, con el objetivo de facilitar recursos humanos y log\u00edsticos desde las congregaciones cristianas a nivel nacional para realizar acciones de prevenci\u00f3n deldengue. Feliciano Lacen, representante de la entidad,dijo que la postura asumida por el organismo responde a una solicitud por escrito que &hellip;","og_url":"https:\/\/tabernaculoprensadedios.com\/web\/codue-colabora-con-salud-publica-para-la-prevencion-del-dengue\/","og_site_name":"Tabernaculo Prensa de Dios","article_published_time":"2024-03-07T23:38:12+00:00","og_image":[{"width":1280,"height":894,"url":"https:\/\/tabernaculoprensadedios.com\/web\/wp-content\/uploads\/2024\/03\/WhatsApp-Image-2024-03-07-at-3.34.20-PM.jpeg","type":"image\/jpeg"}],"author":"tabernaculo","twitter_card":"summary_large_image","twitter_creator":"@PrensadeDios","twitter_site":"@PrensadeDios","twitter_misc":{"Escrito por":"tabernaculo","Tiempo de lectura":"2 minutos"},"schema":{"@context":"https:\/\/schema.org","@graph":[{"@type":"Article","@id":"https:\/\/tabernaculoprensadedios.com\/web\/codue-colabora-con-salud-publica-para-la-prevencion-del-dengue\/#article","isPartOf":{"@id":"https:\/\/tabernaculoprensadedios.com\/web\/codue-colabora-con-salud-publica-para-la-prevencion-del-dengue\/"},"author":{"name":"tabernaculo","@id":"https:\/\/tabernaculoprensadedios.com\/web\/#\/schema\/person\/bc0e069fef56b38e177db6f098ae0b6e"},"headline":"CODUE colabora con Salud P\u00fablica para la Prevenci\u00f3n del Dengue","datePublished":"2024-03-07T23:38:12+00:00","mainEntityOfPage":{"@id":"https:\/\/tabernaculoprensadedios.com\/web\/codue-colabora-con-salud-publica-para-la-prevencion-del-dengue\/"},"wordCount":234,"commentCount":0,"publisher":{"@id":"https:\/\/tabernaculoprensadedios.com\/web\/#\/schema\/person\/bc0e069fef56b38e177db6f098ae0b6e"},"image":{"@id":"https:\/\/tabernaculoprensadedios.com\/web\/codue-colabora-con-salud-publica-para-la-prevencion-del-dengue\/#primaryimage"},"thumbnailUrl":"https:\/\/tabernaculoprensadedios.com\/web\/wp-content\/uploads\/2024\/03\/WhatsApp-Image-2024-03-07-at-3.34.20-PM.jpeg","articleSection":["almomento"],"inLanguage":"es","potentialAction":[{"@type":"CommentAction","name":"Comment","target":["https:\/\/tabernaculoprensadedios.com\/web\/codue-colabora-con-salud-publica-para-la-prevencion-del-dengue\/#respond"]}]},{"@type":"WebPage","@id":"https:\/\/tabernaculoprensadedios.com\/web\/codue-colabora-con-salud-publica-para-la-prevencion-del-dengue\/","url":"https:\/\/tabernaculoprensadedios.com\/web\/codue-colabora-con-salud-publica-para-la-prevencion-del-dengue\/","name":"CODUE colabora con Salud P\u00fablica para la Prevenci\u00f3n del Dengue - Tabernaculo Prensa de Dios","isPartOf":{"@id":"https:\/\/tabernaculoprensadedios.com\/web\/#website"},"primaryImageOfPage":{"@id":"https:\/\/tabernaculoprensadedios.com\/web\/codue-colabora-con-salud-publica-para-la-prevencion-del-dengue\/#primaryimage"},"image":{"@id":"https:\/\/tabernaculoprensadedios.com\/web\/codue-colabora-con-salud-publica-para-la-prevencion-del-dengue\/#primaryimage"},"thumbnailUrl":"https:\/\/tabernaculoprensadedios.com\/web\/wp-content\/uploads\/2024\/03\/WhatsApp-Image-2024-03-07-at-3.34.20-PM.jpeg","datePublished":"2024-03-07T23:38:12+00:00","breadcrumb":{"@id":"https:\/\/tabernaculoprensadedios.com\/web\/codue-colabora-con-salud-publica-para-la-prevencion-del-dengue\/#breadcrumb"},"inLanguage":"es","potentialAction":[{"@type":"ReadAction","target":["https:\/\/tabernaculoprensadedios.com\/web\/codue-colabora-con-salud-publica-para-la-prevencion-del-dengue\/"]}]},{"@type":"ImageObject","inLanguage":"es","@id":"https:\/\/tabernaculoprensadedios.com\/web\/codue-colabora-con-salud-publica-para-la-prevencion-del-dengue\/#primaryimage","url":"https:\/\/tabernaculoprensadedios.com\/web\/wp-content\/uploads\/2024\/03\/WhatsApp-Image-2024-03-07-at-3.34.20-PM.jpeg","contentUrl":"https:\/\/tabernaculoprensadedios.com\/web\/wp-content\/uploads\/2024\/03\/WhatsApp-Image-2024-03-07-at-3.34.20-PM.jpeg","width":1280,"height":894},{"@type":"BreadcrumbList","@id":"https:\/\/tabernaculoprensadedios.com\/web\/codue-colabora-con-salud-publica-para-la-prevencion-del-dengue\/#breadcrumb","itemListElement":[{"@type":"ListItem","position":1,"name":"Portada","item":"https:\/\/tabernaculoprensadedios.com\/web\/"},{"@type":"ListItem","position":2,"name":"CODUE colabora con Salud P\u00fablica para la Prevenci\u00f3n del Dengue"}]},{"@type":"WebSite","@id":"https:\/\/tabernaculoprensadedios.com\/web\/#website","url":"https:\/\/tabernaculoprensadedios.com\/web\/","name":"Tabernaculo Prensa de Dios","description":"Un medio a la manera de Dios","publisher":{"@id":"https:\/\/tabernaculoprensadedios.com\/web\/#\/schema\/person\/bc0e069fef56b38e177db6f098ae0b6e"},"potentialAction":[{"@type":"SearchAction","target":{"@type":"EntryPoint","urlTemplate":"https:\/\/tabernaculoprensadedios.com\/web\/?s={search_term_string}"},"query-input":{"@type":"PropertyValueSpecification","valueRequired":true,"valueName":"search_term_string"}}],"inLanguage":"es"},{"@type":["Person","Organization"],"@id":"https:\/\/tabernaculoprensadedios.com\/web\/#\/schema\/person\/bc0e069fef56b38e177db6f098ae0b6e","name":"tabernaculo","image":{"@type":"ImageObject","inLanguage":"es","@id":"https:\/\/tabernaculoprensadedios.com\/web\/#\/schema\/person\/image\/","url":"https:\/\/tabernaculoprensadedios.com\/web\/wp-content\/uploads\/2015\/06\/login-logo1.png","contentUrl":"https:\/\/tabernaculoprensadedios.com\/web\/wp-content\/uploads\/2015\/06\/login-logo1.png","width":300,"height":118,"caption":"tabernaculo"},"logo":{"@id":"https:\/\/tabernaculoprensadedios.com\/web\/#\/schema\/person\/image\/"},"url":"https:\/\/tabernaculoprensadedios.com\/web\/author\/tabernaculo\/"}]}},"_links":{"self":[{"href":"https:\/\/tabernaculoprensadedios.com\/web\/wp-json\/wp\/v2\/posts\/30364","targetHints":{"allow":["GET"]}}],"collection":[{"href":"https:\/\/tabernaculoprensadedios.com\/web\/wp-json\/wp\/v2\/posts"}],"about":[{"href":"https:\/\/tabernaculoprensadedios.com\/web\/wp-json\/wp\/v2\/types\/post"}],"author":[{"embeddable":true,"href":"https:\/\/tabernaculoprensadedios.com\/web\/wp-json\/wp\/v2\/users\/1"}],"replies":[{"embeddable":true,"href":"https:\/\/tabernaculoprensadedios.com\/web\/wp-json\/wp\/v2\/comments?post=30364"}],"version-history":[{"count":1,"href":"https:\/\/tabernaculoprensadedios.com\/web\/wp-json\/wp\/v2\/posts\/30364\/revisions"}],"predecessor-version":[{"id":30366,"href":"https:\/\/tabernaculoprensadedios.com\/web\/wp-json\/wp\/v2\/posts\/30364\/revisions\/30366"}],"wp:featuredmedia":[{"embeddable":true,"href":"https:\/\/tabernaculoprensadedios.com\/web\/wp-json\/wp\/v2\/media\/30365"}],"wp:attachment":[{"href":"https:\/\/tabernaculoprensadedios.com\/web\/wp-json\/wp\/v2\/media?parent=30364"}],"wp:term":[{"taxonomy":"category","embeddable":true,"href":"https:\/\/tabernaculoprensadedios.com\/web\/wp-json\/wp\/v2\/categories?post=30364"},{"taxonomy":"post_tag","embeddable":true,"href":"https:\/\/tabernaculoprensadedios.com\/web\/wp-json\/wp\/v2\/tags?post=30364"}],"curies":[{"name":"wp","href":"https:\/\/api.w.org\/{rel}","templated":true}]}}