{"id":30362,"date":"2024-03-07T23:36:43","date_gmt":"2024-03-07T23:36:43","guid":{"rendered":"https:\/\/tabernaculoprensadedios.com\/web\/?p=30362"},"modified":"2024-03-07T23:36:43","modified_gmt":"2024-03-07T23:36:43","slug":"es-cultura-u-obligacion-colocar-la-mano-en-el-pecho-al-cantar-el-himno","status":"publish","type":"post","link":"https:\/\/tabernaculoprensadedios.com\/web\/es-cultura-u-obligacion-colocar-la-mano-en-el-pecho-al-cantar-el-himno\/","title":{"rendered":"\u00bfEs cultura u obligaci\u00f3n colocar la mano en el pecho al cantar el himno?"},"content":{"rendered":"<p>Esta pregunta surgi\u00f3 mientras un grupo de periodistas que asistimos a un acto<br \/>\noficial observ\u00e1bamos a los presentes, todos solemnes, pero unos con la mano<br \/>\nsobre el lugar donde est\u00e1 el coraz\u00f3n y otros no.<\/p>\n<p>\u00bfDe d\u00f3nde viene o qu\u00e9 motiva ese gesto durante la entonaci\u00f3n del himno<br \/>\nnacional, frecuente no solo en nuestro pa\u00eds, sino en muchas otras naciones?<br \/>\nEl origen exacto no est\u00e1 claramente establecido; sin embargo, se cree que<br \/>\nTiene sus ra\u00edces en antiguas tradiciones militares y religiosas. En el \u00e1mbito<br \/>\nmilitar, el gesto podr\u00eda haber sido utilizado como se\u00f1al de lealtad y<br \/>\ncompromiso.<\/p>\n<p>La acci\u00f3n de colocar la mano derecha sobre el coraz\u00f3n o pecho mientras se<br \/>\nentona el himno nacional es se\u00f1al de profundo respeto, amor y compromiso<br \/>\nhacia los valores y s\u00edmbolos que representa el canto patri\u00f3tico, al tiempo que<br \/>\nmotiva al ciudadano a honrar su patria y recordar su historia y valores.<br \/>\nEn el caso dominicano, \u00bfestamos obligados por ley a honrar ese s\u00edmbolo<br \/>\nnacional colocando la mano derecha en el pecho mientras se escucha el canto<br \/>\npatrio? La Ley 210-19 sobre el Uso de los S\u00edmbolos Patrios, autor\u00eda del doctor<br \/>\ny juez del Tribunal Constitucional periodo (2011-2020) Dr. Wilson G\u00f3mez<br \/>\nRam\u00edrez y promulgada por el Poder Ejecutivo se refiere, en los art\u00edculos 33 al<br \/>\n35, al uso del himno nacional, la parte solemne, atenciones y respeto del<br \/>\nciudadano ante su interpretaci\u00f3n; pero en ning\u00fan momento contempla que sea<br \/>\nviolaci\u00f3n alguna, ni irreverencia, si la persona al escucharlo no asume una<br \/>\npostura de colocar la mano sobre el pecho.<\/p>\n<p>Pero m\u00e1s all\u00e1 de las leyes est\u00e1 el uso y costumbre. A pesar de que la ley no<br \/>\nobliga a una persona a asumir una postura como la ya mencionada, ni existe<br \/>\nuna \u00abcultura de conciencia\u00bb que exija a un ciudadano rendir tributo al himno de<br \/>\nesta forma; se puede apelar al elemento emotivo, al sentimiento y fervor<br \/>\npatri\u00f3tico que debe impulsar al dominicano no importando su clase, a poner a<br \/>\n\u00ablatir su coraz\u00f3n\u00bb, cuando escucha esta composici\u00f3n po\u00e9tica que es uno de los<br \/>\ns\u00edmbolos fundamentales de la identidad nacional.<br \/>\nIndependientemente de los criterios personales a favor o en contra, lo que<br \/>\ndebe prevalecer por encima de esta postura de colocarse las manos o no, es el<br \/>\nsentimiento patri\u00f3tico, el cual debe aflorar en los dominicanos. Y este se debe<br \/>\ndesarrollar desde la infancia y fomentarse en las diferentes etapas del<br \/>\ncrecimiento del ser humano.<\/p>\n<p>Como naci\u00f3n necesitamos un patriotismo que se fortalezca, cultive y sostenga<br \/>\ncon ideas, afectos y acciones; un patriotismo que nos permita convivir en<br \/>\nmayor armon\u00eda en un Estado social y democr\u00e1tico de derecho que promueva<br \/>\nlos derechos de los ciudadanos, que nos haga sentir orgullo de ser<br \/>\ndominicanos y respeto hacia los s\u00edmbolos nacionales.<\/p>\n<p>&nbsp;<\/p>\n","protected":false},"excerpt":{"rendered":"<p>Esta pregunta surgi\u00f3 mientras un grupo de periodistas que asistimos a un acto oficial observ\u00e1bamos a los presentes, todos solemnes, pero unos con la mano sobre el lugar donde est\u00e1 el coraz\u00f3n y otros no. \u00bfDe d\u00f3nde viene o qu\u00e9 motiva ese gesto durante la entonaci\u00f3n del himno nacional, frecuente no solo en nuestro pa\u00eds, &hellip;<\/p>\n","protected":false},"author":1,"featured_media":28361,"comment_status":"open","ping_status":"open","sticky":false,"template":"","format":"standard","meta":{"footnotes":""},"categories":[34],"tags":[],"class_list":["post-30362","post","type-post","status-publish","format-standard","has-post-thumbnail","hentry","category-articulos"],"yoast_head":"<!-- This site is optimized with the Yoast SEO Premium plugin v24.2 (Yoast SEO v27.1.1) - https:\/\/yoast.com\/product\/yoast-seo-premium-wordpress\/ -->\n<title>\u00bfEs cultura u obligaci\u00f3n colocar la mano en el pecho al cantar el himno? - Tabernaculo Prensa de Dios<\/title>\n<meta name=\"robots\" content=\"index, follow, max-snippet:-1, max-image-preview:large, max-video-preview:-1\" \/>\n<link rel=\"canonical\" href=\"https:\/\/tabernaculoprensadedios.com\/web\/es-cultura-u-obligacion-colocar-la-mano-en-el-pecho-al-cantar-el-himno\/\" class=\"yoast-seo-meta-tag\" \/>\n<meta property=\"og:locale\" content=\"es_ES\" class=\"yoast-seo-meta-tag\" \/>\n<meta property=\"og:type\" content=\"article\" class=\"yoast-seo-meta-tag\" \/>\n<meta property=\"og:title\" content=\"\u00bfEs cultura u obligaci\u00f3n colocar la mano en el pecho al cantar el himno?\" class=\"yoast-seo-meta-tag\" \/>\n<meta property=\"og:description\" content=\"Esta pregunta surgi\u00f3 mientras un grupo de periodistas que asistimos a un acto oficial observ\u00e1bamos a los presentes, todos solemnes, pero unos con la mano sobre el lugar donde est\u00e1 el coraz\u00f3n y otros no. \u00bfDe d\u00f3nde viene o qu\u00e9 motiva ese gesto durante la entonaci\u00f3n del himno nacional, frecuente no solo en nuestro pa\u00eds, &hellip;\" class=\"yoast-seo-meta-tag\" \/>\n<meta property=\"og:url\" content=\"https:\/\/tabernaculoprensadedios.com\/web\/es-cultura-u-obligacion-colocar-la-mano-en-el-pecho-al-cantar-el-himno\/\" class=\"yoast-seo-meta-tag\" \/>\n<meta property=\"og:site_name\" content=\"Tabernaculo Prensa de Dios\" class=\"yoast-seo-meta-tag\" \/>\n<meta property=\"article:published_time\" content=\"2024-03-07T23:36:43+00:00\" class=\"yoast-seo-meta-tag\" \/>\n<meta property=\"og:image\" content=\"https:\/\/tabernaculoprensadedios.com\/web\/wp-content\/uploads\/2023\/06\/country-3880741_1280.jpg\" class=\"yoast-seo-meta-tag\" \/>\n\t<meta property=\"og:image:width\" content=\"1280\" class=\"yoast-seo-meta-tag\" \/>\n\t<meta property=\"og:image:height\" content=\"853\" class=\"yoast-seo-meta-tag\" \/>\n\t<meta property=\"og:image:type\" content=\"image\/jpeg\" class=\"yoast-seo-meta-tag\" \/>\n<meta name=\"author\" content=\"tabernaculo\" class=\"yoast-seo-meta-tag\" \/>\n<meta name=\"twitter:card\" content=\"summary_large_image\" class=\"yoast-seo-meta-tag\" \/>\n<meta name=\"twitter:creator\" content=\"@PrensadeDios\" class=\"yoast-seo-meta-tag\" \/>\n<meta name=\"twitter:site\" content=\"@PrensadeDios\" class=\"yoast-seo-meta-tag\" \/>\n<meta name=\"twitter:label1\" content=\"Escrito por\" class=\"yoast-seo-meta-tag\" \/>\n\t<meta name=\"twitter:data1\" content=\"tabernaculo\" class=\"yoast-seo-meta-tag\" \/>\n\t<meta name=\"twitter:label2\" content=\"Tiempo de lectura\" class=\"yoast-seo-meta-tag\" \/>\n\t<meta name=\"twitter:data2\" content=\"3 minutos\" class=\"yoast-seo-meta-tag\" \/>\n<script type=\"application\/ld+json\" class=\"yoast-schema-graph\">{\"@context\":\"https:\/\/schema.org\",\"@graph\":[{\"@type\":\"Article\",\"@id\":\"https:\/\/tabernaculoprensadedios.com\/web\/es-cultura-u-obligacion-colocar-la-mano-en-el-pecho-al-cantar-el-himno\/#article\",\"isPartOf\":{\"@id\":\"https:\/\/tabernaculoprensadedios.com\/web\/es-cultura-u-obligacion-colocar-la-mano-en-el-pecho-al-cantar-el-himno\/\"},\"author\":{\"name\":\"tabernaculo\",\"@id\":\"https:\/\/tabernaculoprensadedios.com\/web\/#\/schema\/person\/bc0e069fef56b38e177db6f098ae0b6e\"},\"headline\":\"\u00bfEs cultura u obligaci\u00f3n colocar la mano en el pecho al cantar el himno?\",\"datePublished\":\"2024-03-07T23:36:43+00:00\",\"mainEntityOfPage\":{\"@id\":\"https:\/\/tabernaculoprensadedios.com\/web\/es-cultura-u-obligacion-colocar-la-mano-en-el-pecho-al-cantar-el-himno\/\"},\"wordCount\":502,\"commentCount\":0,\"publisher\":{\"@id\":\"https:\/\/tabernaculoprensadedios.com\/web\/#\/schema\/person\/bc0e069fef56b38e177db6f098ae0b6e\"},\"image\":{\"@id\":\"https:\/\/tabernaculoprensadedios.com\/web\/es-cultura-u-obligacion-colocar-la-mano-en-el-pecho-al-cantar-el-himno\/#primaryimage\"},\"thumbnailUrl\":\"https:\/\/tabernaculoprensadedios.com\/web\/wp-content\/uploads\/2023\/06\/country-3880741_1280.jpg\",\"articleSection\":[\"Articulos\"],\"inLanguage\":\"es\",\"potentialAction\":[{\"@type\":\"CommentAction\",\"name\":\"Comment\",\"target\":[\"https:\/\/tabernaculoprensadedios.com\/web\/es-cultura-u-obligacion-colocar-la-mano-en-el-pecho-al-cantar-el-himno\/#respond\"]}]},{\"@type\":\"WebPage\",\"@id\":\"https:\/\/tabernaculoprensadedios.com\/web\/es-cultura-u-obligacion-colocar-la-mano-en-el-pecho-al-cantar-el-himno\/\",\"url\":\"https:\/\/tabernaculoprensadedios.com\/web\/es-cultura-u-obligacion-colocar-la-mano-en-el-pecho-al-cantar-el-himno\/\",\"name\":\"\u00bfEs cultura u obligaci\u00f3n colocar la mano en el pecho al cantar el himno? - Tabernaculo Prensa de Dios\",\"isPartOf\":{\"@id\":\"https:\/\/tabernaculoprensadedios.com\/web\/#website\"},\"primaryImageOfPage\":{\"@id\":\"https:\/\/tabernaculoprensadedios.com\/web\/es-cultura-u-obligacion-colocar-la-mano-en-el-pecho-al-cantar-el-himno\/#primaryimage\"},\"image\":{\"@id\":\"https:\/\/tabernaculoprensadedios.com\/web\/es-cultura-u-obligacion-colocar-la-mano-en-el-pecho-al-cantar-el-himno\/#primaryimage\"},\"thumbnailUrl\":\"https:\/\/tabernaculoprensadedios.com\/web\/wp-content\/uploads\/2023\/06\/country-3880741_1280.jpg\",\"datePublished\":\"2024-03-07T23:36:43+00:00\",\"breadcrumb\":{\"@id\":\"https:\/\/tabernaculoprensadedios.com\/web\/es-cultura-u-obligacion-colocar-la-mano-en-el-pecho-al-cantar-el-himno\/#breadcrumb\"},\"inLanguage\":\"es\",\"potentialAction\":[{\"@type\":\"ReadAction\",\"target\":[\"https:\/\/tabernaculoprensadedios.com\/web\/es-cultura-u-obligacion-colocar-la-mano-en-el-pecho-al-cantar-el-himno\/\"]}]},{\"@type\":\"ImageObject\",\"inLanguage\":\"es\",\"@id\":\"https:\/\/tabernaculoprensadedios.com\/web\/es-cultura-u-obligacion-colocar-la-mano-en-el-pecho-al-cantar-el-himno\/#primaryimage\",\"url\":\"https:\/\/tabernaculoprensadedios.com\/web\/wp-content\/uploads\/2023\/06\/country-3880741_1280.jpg\",\"contentUrl\":\"https:\/\/tabernaculoprensadedios.com\/web\/wp-content\/uploads\/2023\/06\/country-3880741_1280.jpg\",\"width\":1280,\"height\":853},{\"@type\":\"BreadcrumbList\",\"@id\":\"https:\/\/tabernaculoprensadedios.com\/web\/es-cultura-u-obligacion-colocar-la-mano-en-el-pecho-al-cantar-el-himno\/#breadcrumb\",\"itemListElement\":[{\"@type\":\"ListItem\",\"position\":1,\"name\":\"Portada\",\"item\":\"https:\/\/tabernaculoprensadedios.com\/web\/\"},{\"@type\":\"ListItem\",\"position\":2,\"name\":\"\u00bfEs cultura u obligaci\u00f3n colocar la mano en el pecho al cantar el himno?\"}]},{\"@type\":\"WebSite\",\"@id\":\"https:\/\/tabernaculoprensadedios.com\/web\/#website\",\"url\":\"https:\/\/tabernaculoprensadedios.com\/web\/\",\"name\":\"Tabernaculo Prensa de Dios\",\"description\":\"Un medio a la manera de Dios\",\"publisher\":{\"@id\":\"https:\/\/tabernaculoprensadedios.com\/web\/#\/schema\/person\/bc0e069fef56b38e177db6f098ae0b6e\"},\"potentialAction\":[{\"@type\":\"SearchAction\",\"target\":{\"@type\":\"EntryPoint\",\"urlTemplate\":\"https:\/\/tabernaculoprensadedios.com\/web\/?s={search_term_string}\"},\"query-input\":{\"@type\":\"PropertyValueSpecification\",\"valueRequired\":true,\"valueName\":\"search_term_string\"}}],\"inLanguage\":\"es\"},{\"@type\":[\"Person\",\"Organization\"],\"@id\":\"https:\/\/tabernaculoprensadedios.com\/web\/#\/schema\/person\/bc0e069fef56b38e177db6f098ae0b6e\",\"name\":\"tabernaculo\",\"image\":{\"@type\":\"ImageObject\",\"inLanguage\":\"es\",\"@id\":\"https:\/\/tabernaculoprensadedios.com\/web\/#\/schema\/person\/image\/\",\"url\":\"https:\/\/tabernaculoprensadedios.com\/web\/wp-content\/uploads\/2015\/06\/login-logo1.png\",\"contentUrl\":\"https:\/\/tabernaculoprensadedios.com\/web\/wp-content\/uploads\/2015\/06\/login-logo1.png\",\"width\":300,\"height\":118,\"caption\":\"tabernaculo\"},\"logo\":{\"@id\":\"https:\/\/tabernaculoprensadedios.com\/web\/#\/schema\/person\/image\/\"},\"url\":\"https:\/\/tabernaculoprensadedios.com\/web\/author\/tabernaculo\/\"}]}<\/script>\n<!-- \/ Yoast SEO Premium plugin. -->","yoast_head_json":{"title":"\u00bfEs cultura u obligaci\u00f3n colocar la mano en el pecho al cantar el himno? - Tabernaculo Prensa de Dios","robots":{"index":"index","follow":"follow","max-snippet":"max-snippet:-1","max-image-preview":"max-image-preview:large","max-video-preview":"max-video-preview:-1"},"canonical":"https:\/\/tabernaculoprensadedios.com\/web\/es-cultura-u-obligacion-colocar-la-mano-en-el-pecho-al-cantar-el-himno\/","og_locale":"es_ES","og_type":"article","og_title":"\u00bfEs cultura u obligaci\u00f3n colocar la mano en el pecho al cantar el himno?","og_description":"Esta pregunta surgi\u00f3 mientras un grupo de periodistas que asistimos a un acto oficial observ\u00e1bamos a los presentes, todos solemnes, pero unos con la mano sobre el lugar donde est\u00e1 el coraz\u00f3n y otros no. \u00bfDe d\u00f3nde viene o qu\u00e9 motiva ese gesto durante la entonaci\u00f3n del himno nacional, frecuente no solo en nuestro pa\u00eds, &hellip;","og_url":"https:\/\/tabernaculoprensadedios.com\/web\/es-cultura-u-obligacion-colocar-la-mano-en-el-pecho-al-cantar-el-himno\/","og_site_name":"Tabernaculo Prensa de Dios","article_published_time":"2024-03-07T23:36:43+00:00","og_image":[{"width":1280,"height":853,"url":"https:\/\/tabernaculoprensadedios.com\/web\/wp-content\/uploads\/2023\/06\/country-3880741_1280.jpg","type":"image\/jpeg"}],"author":"tabernaculo","twitter_card":"summary_large_image","twitter_creator":"@PrensadeDios","twitter_site":"@PrensadeDios","twitter_misc":{"Escrito por":"tabernaculo","Tiempo de lectura":"3 minutos"},"schema":{"@context":"https:\/\/schema.org","@graph":[{"@type":"Article","@id":"https:\/\/tabernaculoprensadedios.com\/web\/es-cultura-u-obligacion-colocar-la-mano-en-el-pecho-al-cantar-el-himno\/#article","isPartOf":{"@id":"https:\/\/tabernaculoprensadedios.com\/web\/es-cultura-u-obligacion-colocar-la-mano-en-el-pecho-al-cantar-el-himno\/"},"author":{"name":"tabernaculo","@id":"https:\/\/tabernaculoprensadedios.com\/web\/#\/schema\/person\/bc0e069fef56b38e177db6f098ae0b6e"},"headline":"\u00bfEs cultura u obligaci\u00f3n colocar la mano en el pecho al cantar el himno?","datePublished":"2024-03-07T23:36:43+00:00","mainEntityOfPage":{"@id":"https:\/\/tabernaculoprensadedios.com\/web\/es-cultura-u-obligacion-colocar-la-mano-en-el-pecho-al-cantar-el-himno\/"},"wordCount":502,"commentCount":0,"publisher":{"@id":"https:\/\/tabernaculoprensadedios.com\/web\/#\/schema\/person\/bc0e069fef56b38e177db6f098ae0b6e"},"image":{"@id":"https:\/\/tabernaculoprensadedios.com\/web\/es-cultura-u-obligacion-colocar-la-mano-en-el-pecho-al-cantar-el-himno\/#primaryimage"},"thumbnailUrl":"https:\/\/tabernaculoprensadedios.com\/web\/wp-content\/uploads\/2023\/06\/country-3880741_1280.jpg","articleSection":["Articulos"],"inLanguage":"es","potentialAction":[{"@type":"CommentAction","name":"Comment","target":["https:\/\/tabernaculoprensadedios.com\/web\/es-cultura-u-obligacion-colocar-la-mano-en-el-pecho-al-cantar-el-himno\/#respond"]}]},{"@type":"WebPage","@id":"https:\/\/tabernaculoprensadedios.com\/web\/es-cultura-u-obligacion-colocar-la-mano-en-el-pecho-al-cantar-el-himno\/","url":"https:\/\/tabernaculoprensadedios.com\/web\/es-cultura-u-obligacion-colocar-la-mano-en-el-pecho-al-cantar-el-himno\/","name":"\u00bfEs cultura u obligaci\u00f3n colocar la mano en el pecho al cantar el himno? - Tabernaculo Prensa de Dios","isPartOf":{"@id":"https:\/\/tabernaculoprensadedios.com\/web\/#website"},"primaryImageOfPage":{"@id":"https:\/\/tabernaculoprensadedios.com\/web\/es-cultura-u-obligacion-colocar-la-mano-en-el-pecho-al-cantar-el-himno\/#primaryimage"},"image":{"@id":"https:\/\/tabernaculoprensadedios.com\/web\/es-cultura-u-obligacion-colocar-la-mano-en-el-pecho-al-cantar-el-himno\/#primaryimage"},"thumbnailUrl":"https:\/\/tabernaculoprensadedios.com\/web\/wp-content\/uploads\/2023\/06\/country-3880741_1280.jpg","datePublished":"2024-03-07T23:36:43+00:00","breadcrumb":{"@id":"https:\/\/tabernaculoprensadedios.com\/web\/es-cultura-u-obligacion-colocar-la-mano-en-el-pecho-al-cantar-el-himno\/#breadcrumb"},"inLanguage":"es","potentialAction":[{"@type":"ReadAction","target":["https:\/\/tabernaculoprensadedios.com\/web\/es-cultura-u-obligacion-colocar-la-mano-en-el-pecho-al-cantar-el-himno\/"]}]},{"@type":"ImageObject","inLanguage":"es","@id":"https:\/\/tabernaculoprensadedios.com\/web\/es-cultura-u-obligacion-colocar-la-mano-en-el-pecho-al-cantar-el-himno\/#primaryimage","url":"https:\/\/tabernaculoprensadedios.com\/web\/wp-content\/uploads\/2023\/06\/country-3880741_1280.jpg","contentUrl":"https:\/\/tabernaculoprensadedios.com\/web\/wp-content\/uploads\/2023\/06\/country-3880741_1280.jpg","width":1280,"height":853},{"@type":"BreadcrumbList","@id":"https:\/\/tabernaculoprensadedios.com\/web\/es-cultura-u-obligacion-colocar-la-mano-en-el-pecho-al-cantar-el-himno\/#breadcrumb","itemListElement":[{"@type":"ListItem","position":1,"name":"Portada","item":"https:\/\/tabernaculoprensadedios.com\/web\/"},{"@type":"ListItem","position":2,"name":"\u00bfEs cultura u obligaci\u00f3n colocar la mano en el pecho al cantar el himno?"}]},{"@type":"WebSite","@id":"https:\/\/tabernaculoprensadedios.com\/web\/#website","url":"https:\/\/tabernaculoprensadedios.com\/web\/","name":"Tabernaculo Prensa de Dios","description":"Un medio a la manera de Dios","publisher":{"@id":"https:\/\/tabernaculoprensadedios.com\/web\/#\/schema\/person\/bc0e069fef56b38e177db6f098ae0b6e"},"potentialAction":[{"@type":"SearchAction","target":{"@type":"EntryPoint","urlTemplate":"https:\/\/tabernaculoprensadedios.com\/web\/?s={search_term_string}"},"query-input":{"@type":"PropertyValueSpecification","valueRequired":true,"valueName":"search_term_string"}}],"inLanguage":"es"},{"@type":["Person","Organization"],"@id":"https:\/\/tabernaculoprensadedios.com\/web\/#\/schema\/person\/bc0e069fef56b38e177db6f098ae0b6e","name":"tabernaculo","image":{"@type":"ImageObject","inLanguage":"es","@id":"https:\/\/tabernaculoprensadedios.com\/web\/#\/schema\/person\/image\/","url":"https:\/\/tabernaculoprensadedios.com\/web\/wp-content\/uploads\/2015\/06\/login-logo1.png","contentUrl":"https:\/\/tabernaculoprensadedios.com\/web\/wp-content\/uploads\/2015\/06\/login-logo1.png","width":300,"height":118,"caption":"tabernaculo"},"logo":{"@id":"https:\/\/tabernaculoprensadedios.com\/web\/#\/schema\/person\/image\/"},"url":"https:\/\/tabernaculoprensadedios.com\/web\/author\/tabernaculo\/"}]}},"_links":{"self":[{"href":"https:\/\/tabernaculoprensadedios.com\/web\/wp-json\/wp\/v2\/posts\/30362","targetHints":{"allow":["GET"]}}],"collection":[{"href":"https:\/\/tabernaculoprensadedios.com\/web\/wp-json\/wp\/v2\/posts"}],"about":[{"href":"https:\/\/tabernaculoprensadedios.com\/web\/wp-json\/wp\/v2\/types\/post"}],"author":[{"embeddable":true,"href":"https:\/\/tabernaculoprensadedios.com\/web\/wp-json\/wp\/v2\/users\/1"}],"replies":[{"embeddable":true,"href":"https:\/\/tabernaculoprensadedios.com\/web\/wp-json\/wp\/v2\/comments?post=30362"}],"version-history":[{"count":1,"href":"https:\/\/tabernaculoprensadedios.com\/web\/wp-json\/wp\/v2\/posts\/30362\/revisions"}],"predecessor-version":[{"id":30363,"href":"https:\/\/tabernaculoprensadedios.com\/web\/wp-json\/wp\/v2\/posts\/30362\/revisions\/30363"}],"wp:featuredmedia":[{"embeddable":true,"href":"https:\/\/tabernaculoprensadedios.com\/web\/wp-json\/wp\/v2\/media\/28361"}],"wp:attachment":[{"href":"https:\/\/tabernaculoprensadedios.com\/web\/wp-json\/wp\/v2\/media?parent=30362"}],"wp:term":[{"taxonomy":"category","embeddable":true,"href":"https:\/\/tabernaculoprensadedios.com\/web\/wp-json\/wp\/v2\/categories?post=30362"},{"taxonomy":"post_tag","embeddable":true,"href":"https:\/\/tabernaculoprensadedios.com\/web\/wp-json\/wp\/v2\/tags?post=30362"}],"curies":[{"name":"wp","href":"https:\/\/api.w.org\/{rel}","templated":true}]}}