{"id":30179,"date":"2024-02-12T14:59:20","date_gmt":"2024-02-12T14:59:20","guid":{"rendered":"https:\/\/tabernaculoprensadedios.com\/web\/?p=30179"},"modified":"2024-02-12T14:59:20","modified_gmt":"2024-02-12T14:59:20","slug":"la-fe-en-dios-y-el-temor-en-las-circunstancias-dos-enfoques-contrapuestos-ante-la-vida","status":"publish","type":"post","link":"https:\/\/tabernaculoprensadedios.com\/web\/la-fe-en-dios-y-el-temor-en-las-circunstancias-dos-enfoques-contrapuestos-ante-la-vida\/","title":{"rendered":"La Fe en Dios y el Temor en las Circunstancias: Dos Enfoques Contrapuestos ante la Vida"},"content":{"rendered":"<p><strong><u>2 TIMOTEO 1:7<\/u> Porque no nos ha dado Dios esp\u00edritu de cobard\u00eda, sino de poder, de amor y de dominio propio.<\/strong><\/p>\n<p>Es importante que primeramente comprendamos que el temor no siempre es negativo para el ser humano, Dios ha provisto a los seres humanos con la capacidad de temer, para su propio beneficio y protecci\u00f3n. Aunque muchas veces el temor es un peligroso ENEMIGO, tambi\u00e9n puede ser AMIGO del hombre.<\/p>\n<p>El temor nos ayuda para <strong>APARTARNOS DE AQUELLAS COSAS QUE PUEDEN SER DA\u00d1INAS PARA NUESTRA VIDA<\/strong>, el temor nos ayuda a conducir con precauci\u00f3n, el temor nos ayuda a mantenernos alejados de los vicios, el temor nos ayuda a no hacer aquellas cosas que pueden llevarnos a tener problemas legales, el temor nos ayuda a mantenernos alejados de aquellas personas que pueden enredarnos en situaciones sentimentales que no agradan a Dios.<\/p>\n<p>La palabra del Se\u00f1or nos ense\u00f1a que nosotros los cristianos <strong>TENEMOS QUE VIVIR CON TEMOR DE DIOS<\/strong>, pero \u00bfQu\u00e9 es temor de Dios? Es vivir con reverencia por el poder y la santidad de nuestro Dios, es apartarnos de <strong>TODO AQUELLO QUE<\/strong> <strong>NO AGRADA A DIOS<\/strong> <strong>(Proverbios 8:13) El temor de Jehov\u00e1 es aborrecer el mal; La soberbia y la arrogancia, el mal camino, Y la boca perversa, aborrezco.<\/strong><\/p>\n<p>La palabra de Dios tambi\u00e9n nos ense\u00f1a que hay grandes bendiciones para todos aquellos que viven con temor de Dios en sus vidas:<\/p>\n<p><strong><u>Proverbios 14:27<\/u><\/strong>: <strong>NOS MANTIENE LEJOS DE LO QUE NOS DESTRUYE<\/strong> <strong>El temor de Jehov\u00e1 es manantial de vida para apartarse de los lazos de la muerte<\/strong>.<\/p>\n<p><strong><u>Proverbios 19:23:<\/u><\/strong> <strong>NOS DA PAZ Y SEGURIDAD<\/strong> <strong>El temor de Jehov\u00e1 es para vida, Y con \u00e9l vivir\u00e1 lleno de reposo el hombre; No ser\u00e1 visitado de mal. El temor a Dios nos da vida y reposo<\/strong>.<\/p>\n<p><strong><u>AHORA REFLEXIONEMOS SOBRE EL ESPIRITU DE COBARDIA O ESPIRITU DE TEMOR<\/u><\/strong><\/p>\n<p>En el vers\u00edculo con el cual comenzamos. nos declara que Dios nos ha dado tres cosas muy importantes en nuestra vida: <strong>PODER, AMOR Y DOMINIO PROPIO<\/strong>.<strong><u>(2 Timoteo 1:7)<\/u> Porque no nos ha dado Dios esp\u00edritu de cobard\u00eda, sino de poder, de amor y de dominio propio<\/strong><\/p>\n<p>Pero el enemigo utiliza el <strong>\u201cESP\u00cdRITU DE COBARD\u00cdA\u201d O \u201cESP\u00cdRITU DE TEMOR\u201d<\/strong> para que no podamos utilizar estas tres bendiciones espirituales que nuestro Dios nos ha dado.<\/p>\n<p id=\"m_-3855491286757700405m_1675192049112691441h-i-una-persona-que-esta-llena-de-espiritu-de-temor-en-su-corazon-no-puede-usar-el-poder-que-dios-le-ha-dado\"><strong><u>I) UNA PERSONA QUE EST\u00c1 LLENA DE ESP\u00cdRITU DE TEMOR EN SU CORAZ\u00d3N NO PUEDE USAR EL PODER QUE DIOS LE HA DADO<\/u><\/strong><\/p>\n<p>Una persona llena de temor en su coraz\u00f3n\u00a0 <strong>SE VUELVE COBARDE PARA ENFRENTAR LAS PRUEBAS Y DIFICULTADES DE SU VIDA<\/strong> <strong><u>(Deuteronomio 1:28)<\/u>\u00a0 \u00bfA d\u00f3nde subiremos? Nuestros hermanos han atemorizado nuestro coraz\u00f3n, diciendo: Este pueblo es mayor y m\u00e1s alto que nosotros, las ciudades grandes y amuralladas hasta el cielo; y tambi\u00e9n vimos all\u00ed a los hijos de Anac.<\/strong><\/p>\n<p>El esp\u00edritu de temor <strong>ES UN LADR\u00d3N USADO POR EL ENEMIGO<\/strong> pues nos roba el poder cuando <strong>PERMITIMOS QUE DEBILITE NUESTRA FE EN LAS PROMESAS Y EN EL PODER DE DIOS<\/strong><\/p>\n<p><strong><u>LA FE Y EL TEMOR SON PARECIDAS EN SU CONCEPTO<\/u>,<\/strong><\/p>\n<p><strong>FE ES<\/strong>:<strong> <u>( Hebreos 11:1)<\/u> Es, pues, la fe la certeza de lo que se espera, la convicci\u00f3n de lo que no se ve<\/strong>.<\/p>\n<p><strong><u>TEMOR ES<\/u><\/strong>: La incertidumbre por lo que se espera, la duda de lo que no se ve.<\/p>\n<p><strong><u>PERO LA FE Y EL TEMOR SON MUY DIFERENTES EN SU ENFOQUE<\/u><\/strong>:<\/p>\n<p>La fe est\u00e1 enfocada en Dios y su poder, el temor en cambio est\u00e1 enfocada en las circunstancias, en los peligros, en nuestros miedos.<\/p>\n<p>Podemos usar el poder que Dios nos ha dado cuando confiamos que \u00e9l nos protege y nos fortalece <strong>A\u00daN EN LAS PEORES CIRCUNSTANCIAS DE LA VIDA<\/strong>\u00a0 <strong><u>(Salmo 46:1-2)<\/u> Dios es nuestro amparo y fortaleza, Nuestro pronto auxilio en las tribulaciones. 2 Por tanto, no temeremos, aunque la tierra sea removida, Y se traspasen los montes al coraz\u00f3n del mar;<\/strong><\/p>\n<p id=\"m_-3855491286757700405m_1675192049112691441h-i-i-cuando-una-persona-esta-llena-de-espiritu-de-temor-no-puede-amar-de-verdad\">I<strong><u>I) CUANDO UNA PERSONA EST\u00c1 LLENA DE ESP\u00cdRITU DE TEMOR NO PUEDE AMAR DE VERDAD<\/u><\/strong>,<\/p>\n<p>Pues el temor produce en su coraz\u00f3n celos, inseguridad y desconfianza, <strong><u>(1 Samuel 18:6-9)<\/u><\/strong> <strong>Aconteci\u00f3 que cuando volv\u00edan ellos, cuando David volvi\u00f3 de matar al filisteo, salieron las mujeres de todas las ciudades de Israel cantando y danzando, para recibir al rey Sa\u00fal, con panderos, con c\u00e1nticos de alegr\u00eda y con instrumentos de m\u00fasica. 7 Y cantaban las mujeres que danzaban, y dec\u00edan: Sa\u00fal hiri\u00f3 a sus miles, Y David a sus diez miles. 8 Y se enoj\u00f3 Sa\u00fal en gran manera, y le desagrad\u00f3 este dicho, y dijo: A David dieron diez miles, y a m\u00ed miles; no le falta m\u00e1s que el reino. 9 Y desde aquel d\u00eda Sa\u00fal no mir\u00f3 con buenos ojos a David.el temor afecta grandemente el trato hacia nuestro pr\u00f3jimo, y tambi\u00e9n afecta grandemente nuestra relaci\u00f3n matrimonial y tambi\u00e9n nos afecta para compartir el evangelio con otras personas<\/strong>.<\/p>\n<p>La palabra de Dios nos dice que una de evidencias de que somos verdaderos cristianso es<strong> EL AMOR QUE HAY EN NUESTROS CORAZ\u00d3N HACIA NUESTRO PR\u00d3JIMO <u>(Juan 13:35)<\/u> En esto conocer\u00e1n todos que sois mis disc\u00edpulos, si tuviereis amor los unos con los otros.<\/strong><\/p>\n<p><strong>PERO EL ESP\u00cdRITU DE TEMOR NO NOS PERMITE AMAR DE VERDAD A NUESTRO PR\u00d3JIMO<\/strong><\/p>\n<p>El amor pregunta <strong>\u00bfQU\u00c9 PUEDO HACER POR \u00c9L?<\/strong> Pero el temor pregunta <strong>\u00bfQU\u00c9 ME HAR\u00c1 EL?<\/strong><\/p>\n<p>El amor pregunta <strong>\u00bfC\u00d3MO PUEDO AYUDARLE? <\/strong>Pero el temor pregunta <strong>\u00bfC\u00d3MO PUEDE DA\u00d1ARME?<\/strong><\/p>\n<p>El amor nos acerca a las personas, el temor nos aleja de las personas.<\/p>\n<p>Pero cuando el perfecto amor de Dios ha llenado nuestros corazones echa fuera el temor <strong><u>(1 Juan 4:18)<\/u> En el amor no hay temor, sino que el perfecto amor echa fuera el temor; porque el temor lleva en s\u00ed castigo. De donde el que teme, no ha sido perfeccionado en el amor<\/strong>.<\/p>\n<p id=\"m_-3855491286757700405m_1675192049112691441h-iii-cuando-una-persona-esta-llena-de-espiritu-de-temor-no-puede-poner-en-practica-el-dominio-propio-en-su-vida\"><strong>III) CUANDO <u>UNA<\/u><u> PERSONA ESTA LLENA DE ESP\u00cdRITU DE TEMOR NO PUEDE PONER EN PRACTICA EL DOMINIO PROPIO EN SU VIDA\u00a0<\/u><\/strong><\/p>\n<p>El Se\u00f1or nos ha hecho libres y el quiere que vivamos en verdadera libertad <strong><u>(G\u00e1latas 5:1)<\/u> Estad, pues, firmes en la libertad con que Cristo nos hizo libres, y no est\u00e9is otra vez sujetos al yugo de esclavitud<\/strong>.<\/p>\n<p>Y <strong>ES POR ESO QUE NOS HA DADO EL DOMINIO PROPIO<\/strong> es decir la capacidad para decirle no al pecado, para apartarnos de lo que nos destruye, para no hacer aquello que sabemos que no agrada al Se\u00f1or.<\/p>\n<p>Pero el esp\u00edritu de temor nos dice <strong>\u201cNO LO PODR\u00c1S DEJAR POR MUCHO TIEMPO\u201d<\/strong> <strong>\u201cVAS A VOLVER ATR\u00c1S\u201d \u201cNO VALE LA PENA NI INTENTARLO\u201d \u201cNO PODR\u00c1S VIVIR SIN ESA PERSONA\u201d \u00bfson verdades estas afirmaciones? \u00a1DEFINITIVAMENTE QUE NO! <\/strong>son producto de un coraz\u00f3n lleno de esp\u00edritu de temor.<\/p>\n<p>Es por eso que la palabra de Dios nos dice que nosotros podemos poner en pr\u00e1ctica el dominio propio cuando confiamos que <strong>TODO LO PODEMOS EN CRISTO<\/strong> <strong><u>(Filipenses 4:13) <\/u>Todo lo puedo en Cristo que me fortalece.<\/strong><\/p>\n<p id=\"m_-3855491286757700405m_1675192049112691441h-iv-entonces-como-podemos-vencer-el-espiritu-de-temor-en-nuestra-vida\"><strong><u>IV) ENTONCES \u00bfC\u00d3MO PODEMOS VENCER \u00c9L ESPIRITU DE TEMOR EN NUESTRA VIDA?<\/u><\/strong><\/p>\n<p>Para poder ser librados del esp\u00edritu de temor <strong>NECESITAMOS ESCUCHAR LA VOZ DE DIOS, NECESITAMOS BUSCARLE DE TODO CORAZ\u00d3N<\/strong>.<\/p>\n<p><strong><u>Salmo 34:4<\/u><\/strong> \u201cBusqu\u00e9 a Jehov\u00e1, y \u00e9l me oy\u00f3, Y me libr\u00f3 de todos mis temores.\u201d<\/p>\n<p><strong><u>Salmo 27:1<\/u><\/strong> \u201cJehov\u00e1 es mi luz y mi salvaci\u00f3n; \u00bfde qui\u00e9n temer\u00e9? Jehov\u00e1 es la fortaleza de mi vida; \u00bfde qui\u00e9n he de atemorizarme?\u201d<\/p>\n<p><strong><u>Salmo 23:4<\/u><\/strong> \u201cAunque ande en valle de sombra de muerte, No temer\u00e9 mal alguno, porque t\u00fa estar\u00e1s conmigo; Tu vara y tu cayado me infundir\u00e1n aliento.\u201d<\/p>\n<p><strong><u>PARA TERMINAR, REFLEXIONEMOS SOBRE EL MAYOR DE LOS TEMORES DEL SER HUMANO (HEBREOS 2:14-15<\/u>) As\u00ed que, por cuanto los hijos participaron de carne y sangre, \u00e9l tambi\u00e9n particip\u00f3 de lo mismo, para destruir por medio de la muerte al que ten\u00eda el imperio de la muerte, esto es, al diablo, 15 y librar a todos los que por el temor de la muerte estaban durante toda la vida sujetos a servidumbre.<\/strong><\/p>\n<p>El mayor de los temores para toda persona es la muerte. Pero nuestro Se\u00f1or Jesucristo nos ense\u00f1\u00f3 que m\u00e1s que a la muerte, el ser humano debe tener temor a la condenaci\u00f3n en el infierno donde Dios enviar\u00e1 a todos los que rechazaron la salvaci\u00f3n <strong><u>(Mateo 10:28)<\/u> Y no tem\u00e1is a los que matan el cuerpo, mas el alma no pueden matar; temed m\u00e1s bien a aquel que puede destruir el alma y el cuerpo en el infierno<\/strong>.<\/p>\n<p>La \u00fanica forma de vencer el temor a la muerte y a la condenaci\u00f3n es por medio de Jesucristo <strong><u>(Romanos 8:1)<\/u>. Ahora, pues, ninguna condenaci\u00f3n hay para los que est\u00e1n en Cristo Jes\u00fas, los que no andan conforme a la carne, sino conforme al Esp\u00edritu.<\/strong><\/p>\n","protected":false},"excerpt":{"rendered":"<p>2 TIMOTEO 1:7 Porque no nos ha dado Dios esp\u00edritu de cobard\u00eda, sino de poder, de amor y de dominio propio. Es importante que primeramente comprendamos que el temor no siempre es negativo para el ser humano, Dios ha provisto a los seres humanos con la capacidad de temer, para su propio beneficio y protecci\u00f3n. &hellip;<\/p>\n","protected":false},"author":1,"featured_media":30180,"comment_status":"open","ping_status":"open","sticky":false,"template":"","format":"standard","meta":{"footnotes":""},"categories":[38],"tags":[],"class_list":["post-30179","post","type-post","status-publish","format-standard","has-post-thumbnail","hentry","category-principal"],"yoast_head":"<!-- This site is optimized with the Yoast SEO Premium plugin v24.2 (Yoast SEO v27.1.1) - https:\/\/yoast.com\/product\/yoast-seo-premium-wordpress\/ -->\n<title>La Fe en Dios y el Temor en las Circunstancias: Dos Enfoques Contrapuestos ante la Vida - Tabernaculo Prensa de Dios<\/title>\n<meta name=\"robots\" content=\"index, follow, max-snippet:-1, max-image-preview:large, max-video-preview:-1\" \/>\n<link rel=\"canonical\" href=\"https:\/\/tabernaculoprensadedios.com\/web\/la-fe-en-dios-y-el-temor-en-las-circunstancias-dos-enfoques-contrapuestos-ante-la-vida\/\" class=\"yoast-seo-meta-tag\" \/>\n<meta property=\"og:locale\" content=\"es_ES\" class=\"yoast-seo-meta-tag\" \/>\n<meta property=\"og:type\" content=\"article\" class=\"yoast-seo-meta-tag\" \/>\n<meta property=\"og:title\" content=\"La Fe en Dios y el Temor en las Circunstancias: Dos Enfoques Contrapuestos ante la Vida\" class=\"yoast-seo-meta-tag\" \/>\n<meta property=\"og:description\" content=\"2 TIMOTEO 1:7 Porque no nos ha dado Dios esp\u00edritu de cobard\u00eda, sino de poder, de amor y de dominio propio. Es importante que primeramente comprendamos que el temor no siempre es negativo para el ser humano, Dios ha provisto a los seres humanos con la capacidad de temer, para su propio beneficio y protecci\u00f3n. &hellip;\" class=\"yoast-seo-meta-tag\" \/>\n<meta property=\"og:url\" content=\"https:\/\/tabernaculoprensadedios.com\/web\/la-fe-en-dios-y-el-temor-en-las-circunstancias-dos-enfoques-contrapuestos-ante-la-vida\/\" class=\"yoast-seo-meta-tag\" \/>\n<meta property=\"og:site_name\" content=\"Tabernaculo Prensa de Dios\" class=\"yoast-seo-meta-tag\" \/>\n<meta property=\"article:published_time\" content=\"2024-02-12T14:59:20+00:00\" class=\"yoast-seo-meta-tag\" \/>\n<meta property=\"og:image\" content=\"https:\/\/tabernaculoprensadedios.com\/web\/wp-content\/uploads\/2024\/02\/Contrapuestos-.jpg\" class=\"yoast-seo-meta-tag\" \/>\n\t<meta property=\"og:image:width\" content=\"1280\" class=\"yoast-seo-meta-tag\" \/>\n\t<meta property=\"og:image:height\" content=\"853\" class=\"yoast-seo-meta-tag\" \/>\n\t<meta property=\"og:image:type\" content=\"image\/jpeg\" class=\"yoast-seo-meta-tag\" \/>\n<meta name=\"author\" content=\"tabernaculo\" class=\"yoast-seo-meta-tag\" \/>\n<meta name=\"twitter:card\" content=\"summary_large_image\" class=\"yoast-seo-meta-tag\" \/>\n<meta name=\"twitter:creator\" content=\"@PrensadeDios\" class=\"yoast-seo-meta-tag\" \/>\n<meta name=\"twitter:site\" content=\"@PrensadeDios\" class=\"yoast-seo-meta-tag\" \/>\n<meta name=\"twitter:label1\" content=\"Escrito por\" class=\"yoast-seo-meta-tag\" \/>\n\t<meta name=\"twitter:data1\" content=\"tabernaculo\" class=\"yoast-seo-meta-tag\" \/>\n\t<meta name=\"twitter:label2\" content=\"Tiempo de lectura\" class=\"yoast-seo-meta-tag\" \/>\n\t<meta name=\"twitter:data2\" content=\"7 minutos\" class=\"yoast-seo-meta-tag\" \/>\n<script type=\"application\/ld+json\" class=\"yoast-schema-graph\">{\"@context\":\"https:\/\/schema.org\",\"@graph\":[{\"@type\":\"Article\",\"@id\":\"https:\/\/tabernaculoprensadedios.com\/web\/la-fe-en-dios-y-el-temor-en-las-circunstancias-dos-enfoques-contrapuestos-ante-la-vida\/#article\",\"isPartOf\":{\"@id\":\"https:\/\/tabernaculoprensadedios.com\/web\/la-fe-en-dios-y-el-temor-en-las-circunstancias-dos-enfoques-contrapuestos-ante-la-vida\/\"},\"author\":{\"name\":\"tabernaculo\",\"@id\":\"https:\/\/tabernaculoprensadedios.com\/web\/#\/schema\/person\/bc0e069fef56b38e177db6f098ae0b6e\"},\"headline\":\"La Fe en Dios y el Temor en las Circunstancias: Dos Enfoques Contrapuestos ante la Vida\",\"datePublished\":\"2024-02-12T14:59:20+00:00\",\"mainEntityOfPage\":{\"@id\":\"https:\/\/tabernaculoprensadedios.com\/web\/la-fe-en-dios-y-el-temor-en-las-circunstancias-dos-enfoques-contrapuestos-ante-la-vida\/\"},\"wordCount\":1502,\"commentCount\":0,\"publisher\":{\"@id\":\"https:\/\/tabernaculoprensadedios.com\/web\/#\/schema\/person\/bc0e069fef56b38e177db6f098ae0b6e\"},\"image\":{\"@id\":\"https:\/\/tabernaculoprensadedios.com\/web\/la-fe-en-dios-y-el-temor-en-las-circunstancias-dos-enfoques-contrapuestos-ante-la-vida\/#primaryimage\"},\"thumbnailUrl\":\"https:\/\/tabernaculoprensadedios.com\/web\/wp-content\/uploads\/2024\/02\/Contrapuestos-.jpg\",\"articleSection\":[\"Principal\"],\"inLanguage\":\"es\",\"potentialAction\":[{\"@type\":\"CommentAction\",\"name\":\"Comment\",\"target\":[\"https:\/\/tabernaculoprensadedios.com\/web\/la-fe-en-dios-y-el-temor-en-las-circunstancias-dos-enfoques-contrapuestos-ante-la-vida\/#respond\"]}]},{\"@type\":\"WebPage\",\"@id\":\"https:\/\/tabernaculoprensadedios.com\/web\/la-fe-en-dios-y-el-temor-en-las-circunstancias-dos-enfoques-contrapuestos-ante-la-vida\/\",\"url\":\"https:\/\/tabernaculoprensadedios.com\/web\/la-fe-en-dios-y-el-temor-en-las-circunstancias-dos-enfoques-contrapuestos-ante-la-vida\/\",\"name\":\"La Fe en Dios y el Temor en las Circunstancias: Dos Enfoques Contrapuestos ante la Vida - Tabernaculo Prensa de Dios\",\"isPartOf\":{\"@id\":\"https:\/\/tabernaculoprensadedios.com\/web\/#website\"},\"primaryImageOfPage\":{\"@id\":\"https:\/\/tabernaculoprensadedios.com\/web\/la-fe-en-dios-y-el-temor-en-las-circunstancias-dos-enfoques-contrapuestos-ante-la-vida\/#primaryimage\"},\"image\":{\"@id\":\"https:\/\/tabernaculoprensadedios.com\/web\/la-fe-en-dios-y-el-temor-en-las-circunstancias-dos-enfoques-contrapuestos-ante-la-vida\/#primaryimage\"},\"thumbnailUrl\":\"https:\/\/tabernaculoprensadedios.com\/web\/wp-content\/uploads\/2024\/02\/Contrapuestos-.jpg\",\"datePublished\":\"2024-02-12T14:59:20+00:00\",\"breadcrumb\":{\"@id\":\"https:\/\/tabernaculoprensadedios.com\/web\/la-fe-en-dios-y-el-temor-en-las-circunstancias-dos-enfoques-contrapuestos-ante-la-vida\/#breadcrumb\"},\"inLanguage\":\"es\",\"potentialAction\":[{\"@type\":\"ReadAction\",\"target\":[\"https:\/\/tabernaculoprensadedios.com\/web\/la-fe-en-dios-y-el-temor-en-las-circunstancias-dos-enfoques-contrapuestos-ante-la-vida\/\"]}]},{\"@type\":\"ImageObject\",\"inLanguage\":\"es\",\"@id\":\"https:\/\/tabernaculoprensadedios.com\/web\/la-fe-en-dios-y-el-temor-en-las-circunstancias-dos-enfoques-contrapuestos-ante-la-vida\/#primaryimage\",\"url\":\"https:\/\/tabernaculoprensadedios.com\/web\/wp-content\/uploads\/2024\/02\/Contrapuestos-.jpg\",\"contentUrl\":\"https:\/\/tabernaculoprensadedios.com\/web\/wp-content\/uploads\/2024\/02\/Contrapuestos-.jpg\",\"width\":1280,\"height\":853},{\"@type\":\"BreadcrumbList\",\"@id\":\"https:\/\/tabernaculoprensadedios.com\/web\/la-fe-en-dios-y-el-temor-en-las-circunstancias-dos-enfoques-contrapuestos-ante-la-vida\/#breadcrumb\",\"itemListElement\":[{\"@type\":\"ListItem\",\"position\":1,\"name\":\"Portada\",\"item\":\"https:\/\/tabernaculoprensadedios.com\/web\/\"},{\"@type\":\"ListItem\",\"position\":2,\"name\":\"La Fe en Dios y el Temor en las Circunstancias: Dos Enfoques Contrapuestos ante la Vida\"}]},{\"@type\":\"WebSite\",\"@id\":\"https:\/\/tabernaculoprensadedios.com\/web\/#website\",\"url\":\"https:\/\/tabernaculoprensadedios.com\/web\/\",\"name\":\"Tabernaculo Prensa de Dios\",\"description\":\"Un medio a la manera de Dios\",\"publisher\":{\"@id\":\"https:\/\/tabernaculoprensadedios.com\/web\/#\/schema\/person\/bc0e069fef56b38e177db6f098ae0b6e\"},\"potentialAction\":[{\"@type\":\"SearchAction\",\"target\":{\"@type\":\"EntryPoint\",\"urlTemplate\":\"https:\/\/tabernaculoprensadedios.com\/web\/?s={search_term_string}\"},\"query-input\":{\"@type\":\"PropertyValueSpecification\",\"valueRequired\":true,\"valueName\":\"search_term_string\"}}],\"inLanguage\":\"es\"},{\"@type\":[\"Person\",\"Organization\"],\"@id\":\"https:\/\/tabernaculoprensadedios.com\/web\/#\/schema\/person\/bc0e069fef56b38e177db6f098ae0b6e\",\"name\":\"tabernaculo\",\"image\":{\"@type\":\"ImageObject\",\"inLanguage\":\"es\",\"@id\":\"https:\/\/tabernaculoprensadedios.com\/web\/#\/schema\/person\/image\/\",\"url\":\"https:\/\/tabernaculoprensadedios.com\/web\/wp-content\/uploads\/2015\/06\/login-logo1.png\",\"contentUrl\":\"https:\/\/tabernaculoprensadedios.com\/web\/wp-content\/uploads\/2015\/06\/login-logo1.png\",\"width\":300,\"height\":118,\"caption\":\"tabernaculo\"},\"logo\":{\"@id\":\"https:\/\/tabernaculoprensadedios.com\/web\/#\/schema\/person\/image\/\"},\"url\":\"https:\/\/tabernaculoprensadedios.com\/web\/author\/tabernaculo\/\"}]}<\/script>\n<!-- \/ Yoast SEO Premium plugin. -->","yoast_head_json":{"title":"La Fe en Dios y el Temor en las Circunstancias: Dos Enfoques Contrapuestos ante la Vida - Tabernaculo Prensa de Dios","robots":{"index":"index","follow":"follow","max-snippet":"max-snippet:-1","max-image-preview":"max-image-preview:large","max-video-preview":"max-video-preview:-1"},"canonical":"https:\/\/tabernaculoprensadedios.com\/web\/la-fe-en-dios-y-el-temor-en-las-circunstancias-dos-enfoques-contrapuestos-ante-la-vida\/","og_locale":"es_ES","og_type":"article","og_title":"La Fe en Dios y el Temor en las Circunstancias: Dos Enfoques Contrapuestos ante la Vida","og_description":"2 TIMOTEO 1:7 Porque no nos ha dado Dios esp\u00edritu de cobard\u00eda, sino de poder, de amor y de dominio propio. Es importante que primeramente comprendamos que el temor no siempre es negativo para el ser humano, Dios ha provisto a los seres humanos con la capacidad de temer, para su propio beneficio y protecci\u00f3n. &hellip;","og_url":"https:\/\/tabernaculoprensadedios.com\/web\/la-fe-en-dios-y-el-temor-en-las-circunstancias-dos-enfoques-contrapuestos-ante-la-vida\/","og_site_name":"Tabernaculo Prensa de Dios","article_published_time":"2024-02-12T14:59:20+00:00","og_image":[{"width":1280,"height":853,"url":"https:\/\/tabernaculoprensadedios.com\/web\/wp-content\/uploads\/2024\/02\/Contrapuestos-.jpg","type":"image\/jpeg"}],"author":"tabernaculo","twitter_card":"summary_large_image","twitter_creator":"@PrensadeDios","twitter_site":"@PrensadeDios","twitter_misc":{"Escrito por":"tabernaculo","Tiempo de lectura":"7 minutos"},"schema":{"@context":"https:\/\/schema.org","@graph":[{"@type":"Article","@id":"https:\/\/tabernaculoprensadedios.com\/web\/la-fe-en-dios-y-el-temor-en-las-circunstancias-dos-enfoques-contrapuestos-ante-la-vida\/#article","isPartOf":{"@id":"https:\/\/tabernaculoprensadedios.com\/web\/la-fe-en-dios-y-el-temor-en-las-circunstancias-dos-enfoques-contrapuestos-ante-la-vida\/"},"author":{"name":"tabernaculo","@id":"https:\/\/tabernaculoprensadedios.com\/web\/#\/schema\/person\/bc0e069fef56b38e177db6f098ae0b6e"},"headline":"La Fe en Dios y el Temor en las Circunstancias: Dos Enfoques Contrapuestos ante la Vida","datePublished":"2024-02-12T14:59:20+00:00","mainEntityOfPage":{"@id":"https:\/\/tabernaculoprensadedios.com\/web\/la-fe-en-dios-y-el-temor-en-las-circunstancias-dos-enfoques-contrapuestos-ante-la-vida\/"},"wordCount":1502,"commentCount":0,"publisher":{"@id":"https:\/\/tabernaculoprensadedios.com\/web\/#\/schema\/person\/bc0e069fef56b38e177db6f098ae0b6e"},"image":{"@id":"https:\/\/tabernaculoprensadedios.com\/web\/la-fe-en-dios-y-el-temor-en-las-circunstancias-dos-enfoques-contrapuestos-ante-la-vida\/#primaryimage"},"thumbnailUrl":"https:\/\/tabernaculoprensadedios.com\/web\/wp-content\/uploads\/2024\/02\/Contrapuestos-.jpg","articleSection":["Principal"],"inLanguage":"es","potentialAction":[{"@type":"CommentAction","name":"Comment","target":["https:\/\/tabernaculoprensadedios.com\/web\/la-fe-en-dios-y-el-temor-en-las-circunstancias-dos-enfoques-contrapuestos-ante-la-vida\/#respond"]}]},{"@type":"WebPage","@id":"https:\/\/tabernaculoprensadedios.com\/web\/la-fe-en-dios-y-el-temor-en-las-circunstancias-dos-enfoques-contrapuestos-ante-la-vida\/","url":"https:\/\/tabernaculoprensadedios.com\/web\/la-fe-en-dios-y-el-temor-en-las-circunstancias-dos-enfoques-contrapuestos-ante-la-vida\/","name":"La Fe en Dios y el Temor en las Circunstancias: Dos Enfoques Contrapuestos ante la Vida - Tabernaculo Prensa de Dios","isPartOf":{"@id":"https:\/\/tabernaculoprensadedios.com\/web\/#website"},"primaryImageOfPage":{"@id":"https:\/\/tabernaculoprensadedios.com\/web\/la-fe-en-dios-y-el-temor-en-las-circunstancias-dos-enfoques-contrapuestos-ante-la-vida\/#primaryimage"},"image":{"@id":"https:\/\/tabernaculoprensadedios.com\/web\/la-fe-en-dios-y-el-temor-en-las-circunstancias-dos-enfoques-contrapuestos-ante-la-vida\/#primaryimage"},"thumbnailUrl":"https:\/\/tabernaculoprensadedios.com\/web\/wp-content\/uploads\/2024\/02\/Contrapuestos-.jpg","datePublished":"2024-02-12T14:59:20+00:00","breadcrumb":{"@id":"https:\/\/tabernaculoprensadedios.com\/web\/la-fe-en-dios-y-el-temor-en-las-circunstancias-dos-enfoques-contrapuestos-ante-la-vida\/#breadcrumb"},"inLanguage":"es","potentialAction":[{"@type":"ReadAction","target":["https:\/\/tabernaculoprensadedios.com\/web\/la-fe-en-dios-y-el-temor-en-las-circunstancias-dos-enfoques-contrapuestos-ante-la-vida\/"]}]},{"@type":"ImageObject","inLanguage":"es","@id":"https:\/\/tabernaculoprensadedios.com\/web\/la-fe-en-dios-y-el-temor-en-las-circunstancias-dos-enfoques-contrapuestos-ante-la-vida\/#primaryimage","url":"https:\/\/tabernaculoprensadedios.com\/web\/wp-content\/uploads\/2024\/02\/Contrapuestos-.jpg","contentUrl":"https:\/\/tabernaculoprensadedios.com\/web\/wp-content\/uploads\/2024\/02\/Contrapuestos-.jpg","width":1280,"height":853},{"@type":"BreadcrumbList","@id":"https:\/\/tabernaculoprensadedios.com\/web\/la-fe-en-dios-y-el-temor-en-las-circunstancias-dos-enfoques-contrapuestos-ante-la-vida\/#breadcrumb","itemListElement":[{"@type":"ListItem","position":1,"name":"Portada","item":"https:\/\/tabernaculoprensadedios.com\/web\/"},{"@type":"ListItem","position":2,"name":"La Fe en Dios y el Temor en las Circunstancias: Dos Enfoques Contrapuestos ante la Vida"}]},{"@type":"WebSite","@id":"https:\/\/tabernaculoprensadedios.com\/web\/#website","url":"https:\/\/tabernaculoprensadedios.com\/web\/","name":"Tabernaculo Prensa de Dios","description":"Un medio a la manera de Dios","publisher":{"@id":"https:\/\/tabernaculoprensadedios.com\/web\/#\/schema\/person\/bc0e069fef56b38e177db6f098ae0b6e"},"potentialAction":[{"@type":"SearchAction","target":{"@type":"EntryPoint","urlTemplate":"https:\/\/tabernaculoprensadedios.com\/web\/?s={search_term_string}"},"query-input":{"@type":"PropertyValueSpecification","valueRequired":true,"valueName":"search_term_string"}}],"inLanguage":"es"},{"@type":["Person","Organization"],"@id":"https:\/\/tabernaculoprensadedios.com\/web\/#\/schema\/person\/bc0e069fef56b38e177db6f098ae0b6e","name":"tabernaculo","image":{"@type":"ImageObject","inLanguage":"es","@id":"https:\/\/tabernaculoprensadedios.com\/web\/#\/schema\/person\/image\/","url":"https:\/\/tabernaculoprensadedios.com\/web\/wp-content\/uploads\/2015\/06\/login-logo1.png","contentUrl":"https:\/\/tabernaculoprensadedios.com\/web\/wp-content\/uploads\/2015\/06\/login-logo1.png","width":300,"height":118,"caption":"tabernaculo"},"logo":{"@id":"https:\/\/tabernaculoprensadedios.com\/web\/#\/schema\/person\/image\/"},"url":"https:\/\/tabernaculoprensadedios.com\/web\/author\/tabernaculo\/"}]}},"_links":{"self":[{"href":"https:\/\/tabernaculoprensadedios.com\/web\/wp-json\/wp\/v2\/posts\/30179","targetHints":{"allow":["GET"]}}],"collection":[{"href":"https:\/\/tabernaculoprensadedios.com\/web\/wp-json\/wp\/v2\/posts"}],"about":[{"href":"https:\/\/tabernaculoprensadedios.com\/web\/wp-json\/wp\/v2\/types\/post"}],"author":[{"embeddable":true,"href":"https:\/\/tabernaculoprensadedios.com\/web\/wp-json\/wp\/v2\/users\/1"}],"replies":[{"embeddable":true,"href":"https:\/\/tabernaculoprensadedios.com\/web\/wp-json\/wp\/v2\/comments?post=30179"}],"version-history":[{"count":1,"href":"https:\/\/tabernaculoprensadedios.com\/web\/wp-json\/wp\/v2\/posts\/30179\/revisions"}],"predecessor-version":[{"id":30181,"href":"https:\/\/tabernaculoprensadedios.com\/web\/wp-json\/wp\/v2\/posts\/30179\/revisions\/30181"}],"wp:featuredmedia":[{"embeddable":true,"href":"https:\/\/tabernaculoprensadedios.com\/web\/wp-json\/wp\/v2\/media\/30180"}],"wp:attachment":[{"href":"https:\/\/tabernaculoprensadedios.com\/web\/wp-json\/wp\/v2\/media?parent=30179"}],"wp:term":[{"taxonomy":"category","embeddable":true,"href":"https:\/\/tabernaculoprensadedios.com\/web\/wp-json\/wp\/v2\/categories?post=30179"},{"taxonomy":"post_tag","embeddable":true,"href":"https:\/\/tabernaculoprensadedios.com\/web\/wp-json\/wp\/v2\/tags?post=30179"}],"curies":[{"name":"wp","href":"https:\/\/api.w.org\/{rel}","templated":true}]}}