{"id":30159,"date":"2024-02-07T10:08:27","date_gmt":"2024-02-07T10:08:27","guid":{"rendered":"https:\/\/tabernaculoprensadedios.com\/web\/?p=30159"},"modified":"2024-02-07T15:09:43","modified_gmt":"2024-02-07T15:09:43","slug":"la-carrera-de-la-vida-entre-desafios-y-compromisos","status":"publish","type":"post","link":"https:\/\/tabernaculoprensadedios.com\/web\/la-carrera-de-la-vida-entre-desafios-y-compromisos\/","title":{"rendered":"La carrera de la vida: entre desaf\u00edos y compromisos"},"content":{"rendered":"<p>La vida se parece en algo a la pr\u00e1ctica de los deportes. Todo atleta debe tener la cabeza puesta en la meta, en el resultado, concentrado en el objetivo de llegar al final y consumar los objetivos propuestos, alcanzar un pelda\u00f1o m\u00e1s, sobrepasar el obst\u00e1culo, vencer la adversidad, ser resiliente.<\/p>\n<p>Apenas finaliz\u00f3 el 2023, un a\u00f1o de desaf\u00edos, metas profesionales y personales, cuando de nuevo iniciamos una nueva carrera, una aventura caracterizada por situaciones que en momentos nos pondr\u00e1n a pensar qu\u00e9 hicimos bien y c\u00f3mo mejorar nuestras acciones. Hemos comenzado un viaje de 365 d\u00edas, por lo que necesitaremos verificar si llevamos el equipaje necesario, y en caso de que no sea as\u00ed, adquirirlo y soltar lo que ya no se requiere. La carga se ajusta en el camino.<\/p>\n<p>Al comenzar un nuevo a\u00f1o necesitamos tener una meta clara. Prepararnos f\u00edsica, emocional y espiritualmente. Estar dispuestos a hacer sacrificios y aceptar m\u00e9todos o disciplinas de preparaci\u00f3n a fin de \u00abcosechar los frutos\u00bb y recibir la satisfacci\u00f3n del deber cumplido.<\/p>\n<p>San Pablo hizo referencia a este aspecto al comparar la vida temporal con una carrera. En la carta a los hebreos, cap\u00edtulo 12 (Hebreos, 12), ofreci\u00f3 a sus lectores de entonces orientaciones interesantes con respecto a la \u00abcarrera\u00bb y las cosas que se realizan en la vida.<\/p>\n<p>El ap\u00f3stol dice: \u00abPrep\u00e1rense para la carrera, s\u00e1quense el peso de encima\u00bb, refiri\u00e9ndose a las cosas que no nos dejan avanzar, lo negativo, una carga que nos ancla o nos hace ir m\u00e1s lento. Lo que \u00e9l quiso decir es que debemos reconocer, de manera permanente, que necesitamos la ayuda de los dem\u00e1s, que no podemos hacerlo por nosotros mismos, que se necesita la colaboraci\u00f3n mutua para avanzar de forma personal y colectiva.<\/p>\n<p>El maestro Pablo de Tarso dej\u00f3 claro que la disciplina es determinante para cumplir este objetivo; es decir, ser suficientemente productivos, echar a un lado todo lo que implique detener nuestro accionar; colocar los ojos y el coraz\u00f3n en Jes\u00fas. Nos invita a ayudarnos mutuamente en cada momento y circunstancia.<\/p>\n<p>Es importante reconocer que los desaf\u00edos y las situaciones desagradables de la vida se convierten en espacios de aprendizaje. La disciplina tiene dos objetivos: ense\u00f1arnos algo y hacernos resistentes. Las pruebas no son la carrera en s\u00ed, las pruebas son las piedras en el camino. Si aprendes a saltarlas cruzar\u00e1s la meta.<\/p>\n<p>En el 2024 encontraremos situaciones que nos har\u00e1n \u00abbajar la guardia\u00bb, abandonar el ritmo, reducir la marcha. No desistas. Contamos con alguien que corri\u00f3 y gan\u00f3 el premio y si lo tenemos presente en nuestra mente y coraz\u00f3n, seguiremos avanzando por el camino de la felicidad y el bienestar colectivo.<\/p>\n<p>En definitiva, encontraremos desaf\u00edos personales que tendr\u00e1n que ver con el manejo de nosotros mismos, que nos desenfocar\u00e1n de lo esencial, por lo que necesitaremos de la colaboraci\u00f3n y la ayuda de otros. Trabajemos para convertirnos en buenos administradores que usan sus bienes y talentos en beneficio de los dem\u00e1s. Pongamos al servicio nuestro esfuerzo y nuestra pasi\u00f3n.<\/p>\n<p>&nbsp;<\/p>\n","protected":false},"excerpt":{"rendered":"<p>La vida se parece en algo a la pr\u00e1ctica de los deportes. Todo atleta debe tener la cabeza puesta en la meta, en el resultado, concentrado en el objetivo de llegar al final y consumar los objetivos propuestos, alcanzar un pelda\u00f1o m\u00e1s, sobrepasar el obst\u00e1culo, vencer la adversidad, ser resiliente. Apenas finaliz\u00f3 el 2023, un &hellip;<\/p>\n","protected":false},"author":1,"featured_media":26435,"comment_status":"open","ping_status":"open","sticky":false,"template":"","format":"standard","meta":{"footnotes":""},"categories":[34],"tags":[],"class_list":["post-30159","post","type-post","status-publish","format-standard","has-post-thumbnail","hentry","category-articulos"],"yoast_head":"<!-- This site is optimized with the Yoast SEO Premium plugin v24.2 (Yoast SEO v27.1.1) - https:\/\/yoast.com\/product\/yoast-seo-premium-wordpress\/ -->\n<title>La carrera de la vida: entre desaf\u00edos y compromisos - Tabernaculo Prensa de Dios<\/title>\n<meta name=\"robots\" content=\"index, follow, max-snippet:-1, max-image-preview:large, max-video-preview:-1\" \/>\n<link rel=\"canonical\" href=\"https:\/\/tabernaculoprensadedios.com\/web\/la-carrera-de-la-vida-entre-desafios-y-compromisos\/\" class=\"yoast-seo-meta-tag\" \/>\n<meta property=\"og:locale\" content=\"es_ES\" class=\"yoast-seo-meta-tag\" \/>\n<meta property=\"og:type\" content=\"article\" class=\"yoast-seo-meta-tag\" \/>\n<meta property=\"og:title\" content=\"La carrera de la vida: entre desaf\u00edos y compromisos\" class=\"yoast-seo-meta-tag\" \/>\n<meta property=\"og:description\" content=\"La vida se parece en algo a la pr\u00e1ctica de los deportes. Todo atleta debe tener la cabeza puesta en la meta, en el resultado, concentrado en el objetivo de llegar al final y consumar los objetivos propuestos, alcanzar un pelda\u00f1o m\u00e1s, sobrepasar el obst\u00e1culo, vencer la adversidad, ser resiliente. Apenas finaliz\u00f3 el 2023, un &hellip;\" class=\"yoast-seo-meta-tag\" \/>\n<meta property=\"og:url\" content=\"https:\/\/tabernaculoprensadedios.com\/web\/la-carrera-de-la-vida-entre-desafios-y-compromisos\/\" class=\"yoast-seo-meta-tag\" \/>\n<meta property=\"og:site_name\" content=\"Tabernaculo Prensa de Dios\" class=\"yoast-seo-meta-tag\" \/>\n<meta property=\"article:published_time\" content=\"2024-02-07T10:08:27+00:00\" class=\"yoast-seo-meta-tag\" \/>\n<meta property=\"article:modified_time\" content=\"2024-02-07T15:09:43+00:00\" class=\"yoast-seo-meta-tag\" \/>\n<meta property=\"og:image\" content=\"https:\/\/tabernaculoprensadedios.com\/web\/wp-content\/uploads\/2022\/10\/Felix-Caraballo.jpg\" class=\"yoast-seo-meta-tag\" \/>\n\t<meta property=\"og:image:width\" content=\"1001\" class=\"yoast-seo-meta-tag\" \/>\n\t<meta property=\"og:image:height\" content=\"768\" class=\"yoast-seo-meta-tag\" \/>\n\t<meta property=\"og:image:type\" content=\"image\/jpeg\" class=\"yoast-seo-meta-tag\" \/>\n<meta name=\"author\" content=\"tabernaculo\" class=\"yoast-seo-meta-tag\" \/>\n<meta name=\"twitter:card\" content=\"summary_large_image\" class=\"yoast-seo-meta-tag\" \/>\n<meta name=\"twitter:creator\" content=\"@PrensadeDios\" class=\"yoast-seo-meta-tag\" \/>\n<meta name=\"twitter:site\" content=\"@PrensadeDios\" class=\"yoast-seo-meta-tag\" \/>\n<meta name=\"twitter:label1\" content=\"Escrito por\" class=\"yoast-seo-meta-tag\" \/>\n\t<meta name=\"twitter:data1\" content=\"tabernaculo\" class=\"yoast-seo-meta-tag\" \/>\n\t<meta name=\"twitter:label2\" content=\"Tiempo de lectura\" class=\"yoast-seo-meta-tag\" \/>\n\t<meta name=\"twitter:data2\" content=\"3 minutos\" class=\"yoast-seo-meta-tag\" \/>\n<script type=\"application\/ld+json\" class=\"yoast-schema-graph\">{\"@context\":\"https:\/\/schema.org\",\"@graph\":[{\"@type\":\"Article\",\"@id\":\"https:\/\/tabernaculoprensadedios.com\/web\/la-carrera-de-la-vida-entre-desafios-y-compromisos\/#article\",\"isPartOf\":{\"@id\":\"https:\/\/tabernaculoprensadedios.com\/web\/la-carrera-de-la-vida-entre-desafios-y-compromisos\/\"},\"author\":{\"name\":\"tabernaculo\",\"@id\":\"https:\/\/tabernaculoprensadedios.com\/web\/#\/schema\/person\/bc0e069fef56b38e177db6f098ae0b6e\"},\"headline\":\"La carrera de la vida: entre desaf\u00edos y compromisos\",\"datePublished\":\"2024-02-07T10:08:27+00:00\",\"dateModified\":\"2024-02-07T15:09:43+00:00\",\"mainEntityOfPage\":{\"@id\":\"https:\/\/tabernaculoprensadedios.com\/web\/la-carrera-de-la-vida-entre-desafios-y-compromisos\/\"},\"wordCount\":541,\"commentCount\":0,\"publisher\":{\"@id\":\"https:\/\/tabernaculoprensadedios.com\/web\/#\/schema\/person\/bc0e069fef56b38e177db6f098ae0b6e\"},\"image\":{\"@id\":\"https:\/\/tabernaculoprensadedios.com\/web\/la-carrera-de-la-vida-entre-desafios-y-compromisos\/#primaryimage\"},\"thumbnailUrl\":\"https:\/\/tabernaculoprensadedios.com\/web\/wp-content\/uploads\/2022\/10\/Felix-Caraballo.jpg\",\"articleSection\":[\"Articulos\"],\"inLanguage\":\"es\",\"potentialAction\":[{\"@type\":\"CommentAction\",\"name\":\"Comment\",\"target\":[\"https:\/\/tabernaculoprensadedios.com\/web\/la-carrera-de-la-vida-entre-desafios-y-compromisos\/#respond\"]}]},{\"@type\":\"WebPage\",\"@id\":\"https:\/\/tabernaculoprensadedios.com\/web\/la-carrera-de-la-vida-entre-desafios-y-compromisos\/\",\"url\":\"https:\/\/tabernaculoprensadedios.com\/web\/la-carrera-de-la-vida-entre-desafios-y-compromisos\/\",\"name\":\"La carrera de la vida: entre desaf\u00edos y compromisos - Tabernaculo Prensa de Dios\",\"isPartOf\":{\"@id\":\"https:\/\/tabernaculoprensadedios.com\/web\/#website\"},\"primaryImageOfPage\":{\"@id\":\"https:\/\/tabernaculoprensadedios.com\/web\/la-carrera-de-la-vida-entre-desafios-y-compromisos\/#primaryimage\"},\"image\":{\"@id\":\"https:\/\/tabernaculoprensadedios.com\/web\/la-carrera-de-la-vida-entre-desafios-y-compromisos\/#primaryimage\"},\"thumbnailUrl\":\"https:\/\/tabernaculoprensadedios.com\/web\/wp-content\/uploads\/2022\/10\/Felix-Caraballo.jpg\",\"datePublished\":\"2024-02-07T10:08:27+00:00\",\"dateModified\":\"2024-02-07T15:09:43+00:00\",\"breadcrumb\":{\"@id\":\"https:\/\/tabernaculoprensadedios.com\/web\/la-carrera-de-la-vida-entre-desafios-y-compromisos\/#breadcrumb\"},\"inLanguage\":\"es\",\"potentialAction\":[{\"@type\":\"ReadAction\",\"target\":[\"https:\/\/tabernaculoprensadedios.com\/web\/la-carrera-de-la-vida-entre-desafios-y-compromisos\/\"]}]},{\"@type\":\"ImageObject\",\"inLanguage\":\"es\",\"@id\":\"https:\/\/tabernaculoprensadedios.com\/web\/la-carrera-de-la-vida-entre-desafios-y-compromisos\/#primaryimage\",\"url\":\"https:\/\/tabernaculoprensadedios.com\/web\/wp-content\/uploads\/2022\/10\/Felix-Caraballo.jpg\",\"contentUrl\":\"https:\/\/tabernaculoprensadedios.com\/web\/wp-content\/uploads\/2022\/10\/Felix-Caraballo.jpg\",\"width\":1001,\"height\":768},{\"@type\":\"BreadcrumbList\",\"@id\":\"https:\/\/tabernaculoprensadedios.com\/web\/la-carrera-de-la-vida-entre-desafios-y-compromisos\/#breadcrumb\",\"itemListElement\":[{\"@type\":\"ListItem\",\"position\":1,\"name\":\"Portada\",\"item\":\"https:\/\/tabernaculoprensadedios.com\/web\/\"},{\"@type\":\"ListItem\",\"position\":2,\"name\":\"La carrera de la vida: entre desaf\u00edos y compromisos\"}]},{\"@type\":\"WebSite\",\"@id\":\"https:\/\/tabernaculoprensadedios.com\/web\/#website\",\"url\":\"https:\/\/tabernaculoprensadedios.com\/web\/\",\"name\":\"Tabernaculo Prensa de Dios\",\"description\":\"Un medio a la manera de Dios\",\"publisher\":{\"@id\":\"https:\/\/tabernaculoprensadedios.com\/web\/#\/schema\/person\/bc0e069fef56b38e177db6f098ae0b6e\"},\"potentialAction\":[{\"@type\":\"SearchAction\",\"target\":{\"@type\":\"EntryPoint\",\"urlTemplate\":\"https:\/\/tabernaculoprensadedios.com\/web\/?s={search_term_string}\"},\"query-input\":{\"@type\":\"PropertyValueSpecification\",\"valueRequired\":true,\"valueName\":\"search_term_string\"}}],\"inLanguage\":\"es\"},{\"@type\":[\"Person\",\"Organization\"],\"@id\":\"https:\/\/tabernaculoprensadedios.com\/web\/#\/schema\/person\/bc0e069fef56b38e177db6f098ae0b6e\",\"name\":\"tabernaculo\",\"image\":{\"@type\":\"ImageObject\",\"inLanguage\":\"es\",\"@id\":\"https:\/\/tabernaculoprensadedios.com\/web\/#\/schema\/person\/image\/\",\"url\":\"https:\/\/tabernaculoprensadedios.com\/web\/wp-content\/uploads\/2015\/06\/login-logo1.png\",\"contentUrl\":\"https:\/\/tabernaculoprensadedios.com\/web\/wp-content\/uploads\/2015\/06\/login-logo1.png\",\"width\":300,\"height\":118,\"caption\":\"tabernaculo\"},\"logo\":{\"@id\":\"https:\/\/tabernaculoprensadedios.com\/web\/#\/schema\/person\/image\/\"},\"url\":\"https:\/\/tabernaculoprensadedios.com\/web\/author\/tabernaculo\/\"}]}<\/script>\n<!-- \/ Yoast SEO Premium plugin. -->","yoast_head_json":{"title":"La carrera de la vida: entre desaf\u00edos y compromisos - Tabernaculo Prensa de Dios","robots":{"index":"index","follow":"follow","max-snippet":"max-snippet:-1","max-image-preview":"max-image-preview:large","max-video-preview":"max-video-preview:-1"},"canonical":"https:\/\/tabernaculoprensadedios.com\/web\/la-carrera-de-la-vida-entre-desafios-y-compromisos\/","og_locale":"es_ES","og_type":"article","og_title":"La carrera de la vida: entre desaf\u00edos y compromisos","og_description":"La vida se parece en algo a la pr\u00e1ctica de los deportes. Todo atleta debe tener la cabeza puesta en la meta, en el resultado, concentrado en el objetivo de llegar al final y consumar los objetivos propuestos, alcanzar un pelda\u00f1o m\u00e1s, sobrepasar el obst\u00e1culo, vencer la adversidad, ser resiliente. Apenas finaliz\u00f3 el 2023, un &hellip;","og_url":"https:\/\/tabernaculoprensadedios.com\/web\/la-carrera-de-la-vida-entre-desafios-y-compromisos\/","og_site_name":"Tabernaculo Prensa de Dios","article_published_time":"2024-02-07T10:08:27+00:00","article_modified_time":"2024-02-07T15:09:43+00:00","og_image":[{"width":1001,"height":768,"url":"https:\/\/tabernaculoprensadedios.com\/web\/wp-content\/uploads\/2022\/10\/Felix-Caraballo.jpg","type":"image\/jpeg"}],"author":"tabernaculo","twitter_card":"summary_large_image","twitter_creator":"@PrensadeDios","twitter_site":"@PrensadeDios","twitter_misc":{"Escrito por":"tabernaculo","Tiempo de lectura":"3 minutos"},"schema":{"@context":"https:\/\/schema.org","@graph":[{"@type":"Article","@id":"https:\/\/tabernaculoprensadedios.com\/web\/la-carrera-de-la-vida-entre-desafios-y-compromisos\/#article","isPartOf":{"@id":"https:\/\/tabernaculoprensadedios.com\/web\/la-carrera-de-la-vida-entre-desafios-y-compromisos\/"},"author":{"name":"tabernaculo","@id":"https:\/\/tabernaculoprensadedios.com\/web\/#\/schema\/person\/bc0e069fef56b38e177db6f098ae0b6e"},"headline":"La carrera de la vida: entre desaf\u00edos y compromisos","datePublished":"2024-02-07T10:08:27+00:00","dateModified":"2024-02-07T15:09:43+00:00","mainEntityOfPage":{"@id":"https:\/\/tabernaculoprensadedios.com\/web\/la-carrera-de-la-vida-entre-desafios-y-compromisos\/"},"wordCount":541,"commentCount":0,"publisher":{"@id":"https:\/\/tabernaculoprensadedios.com\/web\/#\/schema\/person\/bc0e069fef56b38e177db6f098ae0b6e"},"image":{"@id":"https:\/\/tabernaculoprensadedios.com\/web\/la-carrera-de-la-vida-entre-desafios-y-compromisos\/#primaryimage"},"thumbnailUrl":"https:\/\/tabernaculoprensadedios.com\/web\/wp-content\/uploads\/2022\/10\/Felix-Caraballo.jpg","articleSection":["Articulos"],"inLanguage":"es","potentialAction":[{"@type":"CommentAction","name":"Comment","target":["https:\/\/tabernaculoprensadedios.com\/web\/la-carrera-de-la-vida-entre-desafios-y-compromisos\/#respond"]}]},{"@type":"WebPage","@id":"https:\/\/tabernaculoprensadedios.com\/web\/la-carrera-de-la-vida-entre-desafios-y-compromisos\/","url":"https:\/\/tabernaculoprensadedios.com\/web\/la-carrera-de-la-vida-entre-desafios-y-compromisos\/","name":"La carrera de la vida: entre desaf\u00edos y compromisos - Tabernaculo Prensa de Dios","isPartOf":{"@id":"https:\/\/tabernaculoprensadedios.com\/web\/#website"},"primaryImageOfPage":{"@id":"https:\/\/tabernaculoprensadedios.com\/web\/la-carrera-de-la-vida-entre-desafios-y-compromisos\/#primaryimage"},"image":{"@id":"https:\/\/tabernaculoprensadedios.com\/web\/la-carrera-de-la-vida-entre-desafios-y-compromisos\/#primaryimage"},"thumbnailUrl":"https:\/\/tabernaculoprensadedios.com\/web\/wp-content\/uploads\/2022\/10\/Felix-Caraballo.jpg","datePublished":"2024-02-07T10:08:27+00:00","dateModified":"2024-02-07T15:09:43+00:00","breadcrumb":{"@id":"https:\/\/tabernaculoprensadedios.com\/web\/la-carrera-de-la-vida-entre-desafios-y-compromisos\/#breadcrumb"},"inLanguage":"es","potentialAction":[{"@type":"ReadAction","target":["https:\/\/tabernaculoprensadedios.com\/web\/la-carrera-de-la-vida-entre-desafios-y-compromisos\/"]}]},{"@type":"ImageObject","inLanguage":"es","@id":"https:\/\/tabernaculoprensadedios.com\/web\/la-carrera-de-la-vida-entre-desafios-y-compromisos\/#primaryimage","url":"https:\/\/tabernaculoprensadedios.com\/web\/wp-content\/uploads\/2022\/10\/Felix-Caraballo.jpg","contentUrl":"https:\/\/tabernaculoprensadedios.com\/web\/wp-content\/uploads\/2022\/10\/Felix-Caraballo.jpg","width":1001,"height":768},{"@type":"BreadcrumbList","@id":"https:\/\/tabernaculoprensadedios.com\/web\/la-carrera-de-la-vida-entre-desafios-y-compromisos\/#breadcrumb","itemListElement":[{"@type":"ListItem","position":1,"name":"Portada","item":"https:\/\/tabernaculoprensadedios.com\/web\/"},{"@type":"ListItem","position":2,"name":"La carrera de la vida: entre desaf\u00edos y compromisos"}]},{"@type":"WebSite","@id":"https:\/\/tabernaculoprensadedios.com\/web\/#website","url":"https:\/\/tabernaculoprensadedios.com\/web\/","name":"Tabernaculo Prensa de Dios","description":"Un medio a la manera de Dios","publisher":{"@id":"https:\/\/tabernaculoprensadedios.com\/web\/#\/schema\/person\/bc0e069fef56b38e177db6f098ae0b6e"},"potentialAction":[{"@type":"SearchAction","target":{"@type":"EntryPoint","urlTemplate":"https:\/\/tabernaculoprensadedios.com\/web\/?s={search_term_string}"},"query-input":{"@type":"PropertyValueSpecification","valueRequired":true,"valueName":"search_term_string"}}],"inLanguage":"es"},{"@type":["Person","Organization"],"@id":"https:\/\/tabernaculoprensadedios.com\/web\/#\/schema\/person\/bc0e069fef56b38e177db6f098ae0b6e","name":"tabernaculo","image":{"@type":"ImageObject","inLanguage":"es","@id":"https:\/\/tabernaculoprensadedios.com\/web\/#\/schema\/person\/image\/","url":"https:\/\/tabernaculoprensadedios.com\/web\/wp-content\/uploads\/2015\/06\/login-logo1.png","contentUrl":"https:\/\/tabernaculoprensadedios.com\/web\/wp-content\/uploads\/2015\/06\/login-logo1.png","width":300,"height":118,"caption":"tabernaculo"},"logo":{"@id":"https:\/\/tabernaculoprensadedios.com\/web\/#\/schema\/person\/image\/"},"url":"https:\/\/tabernaculoprensadedios.com\/web\/author\/tabernaculo\/"}]}},"_links":{"self":[{"href":"https:\/\/tabernaculoprensadedios.com\/web\/wp-json\/wp\/v2\/posts\/30159","targetHints":{"allow":["GET"]}}],"collection":[{"href":"https:\/\/tabernaculoprensadedios.com\/web\/wp-json\/wp\/v2\/posts"}],"about":[{"href":"https:\/\/tabernaculoprensadedios.com\/web\/wp-json\/wp\/v2\/types\/post"}],"author":[{"embeddable":true,"href":"https:\/\/tabernaculoprensadedios.com\/web\/wp-json\/wp\/v2\/users\/1"}],"replies":[{"embeddable":true,"href":"https:\/\/tabernaculoprensadedios.com\/web\/wp-json\/wp\/v2\/comments?post=30159"}],"version-history":[{"count":1,"href":"https:\/\/tabernaculoprensadedios.com\/web\/wp-json\/wp\/v2\/posts\/30159\/revisions"}],"predecessor-version":[{"id":30160,"href":"https:\/\/tabernaculoprensadedios.com\/web\/wp-json\/wp\/v2\/posts\/30159\/revisions\/30160"}],"wp:featuredmedia":[{"embeddable":true,"href":"https:\/\/tabernaculoprensadedios.com\/web\/wp-json\/wp\/v2\/media\/26435"}],"wp:attachment":[{"href":"https:\/\/tabernaculoprensadedios.com\/web\/wp-json\/wp\/v2\/media?parent=30159"}],"wp:term":[{"taxonomy":"category","embeddable":true,"href":"https:\/\/tabernaculoprensadedios.com\/web\/wp-json\/wp\/v2\/categories?post=30159"},{"taxonomy":"post_tag","embeddable":true,"href":"https:\/\/tabernaculoprensadedios.com\/web\/wp-json\/wp\/v2\/tags?post=30159"}],"curies":[{"name":"wp","href":"https:\/\/api.w.org\/{rel}","templated":true}]}}