{"id":30156,"date":"2024-02-07T14:51:42","date_gmt":"2024-02-07T14:51:42","guid":{"rendered":"https:\/\/tabernaculoprensadedios.com\/web\/?p=30156"},"modified":"2024-02-07T15:06:20","modified_gmt":"2024-02-07T15:06:20","slug":"el-dilema-de-la-conexion-entre-lo-que-queremos-y-lo-que-hacemos-una-reflexion-desde-1-pedro-310-11","status":"publish","type":"post","link":"https:\/\/tabernaculoprensadedios.com\/web\/el-dilema-de-la-conexion-entre-lo-que-queremos-y-lo-que-hacemos-una-reflexion-desde-1-pedro-310-11\/","title":{"rendered":"El dilema de la conexi\u00f3n entre lo que queremos y lo que hacemos. Una Reflexi\u00f3n desde 1 Pedro 3:10-11"},"content":{"rendered":"<p>Todos anhelamos que nos vaya bien en el, pero no nos puede ir bien si hacemos lo incorrecto. Porque lo que queremos est\u00e1 completamente relacionado con lo que hacemos. Tu eres el resultado de los libros que lees, de las personas con quien te relacionas y tu eres el resultado de lo que te alimentas.<\/p>\n<p>1 Pedro 3:10-11 \u201cPorque: El que quiere amar la vida Y ver d\u00edas buenos, Refrene su lengua de mal, Y sus labios no hablen enga\u00f1o; 11 Ap\u00e1rtese del mal, y haga el bien; Busque la paz, y s\u00edguela.\u201d<\/p>\n<p>\u00bfQu\u00e9 es lo que realmente queremos, pero porque no hacemos lo que se necesita para lograrlo? Todos queremos que nos vaya bien. Todos esperamos resultados, pero no todos estamos dispuestos a pagar el precio por lo que queremos.<\/p>\n<p><strong>ORAMOS POR SALUD<br \/>\n<\/strong>Oramos por la salud, pero no cuidamos nuestro cuerpo con lo que comemos.<\/p>\n<p>Eclesiast\u00e9s 2:25 \u201cPorque \u00bfqui\u00e9n comer\u00e1, y qui\u00e9n se cuidar\u00e1, mejor que yo?\u201d<\/p>\n<p>Tener Fe no significa ser negligente, y ser irresponsable con nuestra salud.<\/p>\n<p>El proverbista dice: Cuando te sientes a la mesa, pon cuchillo a tu garganta, y considera lo que te vas a comer (Proverbios 23:1-8). O sea que de todo lo que se sirve en una mesa yo puedo comer, pero yo debo elegir qu\u00e9 y cu\u00e1nto debo comer. Porque si yo elijo comer correctamente, mi salud ser\u00e1 una salud excelente.<\/p>\n<p>Comer en excelso destruye tu salud, y deshonras a Dios, porque la glotoner\u00eda para Dios es pecado.<\/p>\n<p><strong>ORAMOS POR BENDICIONES<\/strong><br \/>\n<strong>Oramos por bendiciones pero nos alejamos de Dios y de Su iglesia<br \/>\n<\/strong>Juan 15:5 \u201cYo soy la vid, vosotros los p\u00e1mpanos; el que permanece en m\u00ed, y yo en \u00e9l, \u00e9ste lleva mucho fruto; porque separados de m\u00ed nada pod\u00e9is hacer.\u201d<\/p>\n<p>Muchos cristianos quieren bendiciones a domicilio, sin buscar a Dios, quieren que todas las cosas les vienen por a\u00f1adidura a sus vidas pero no quieren buscar PRIMERAMENTE el Reino de Dios.<\/p>\n<p>Hay gente que piensa que Dios es su sirviente, piensan que solo por declarar cosas estas se manifestaran a su vida., Hay otros que gastan sus energ\u00edas trabajando en exceso , afanados en muchas cosas, pero cada d\u00eda, sus vidas se vuelven m\u00e1s dif\u00edciles, cada d\u00eda se les aumentan las cargas.<\/p>\n<p>Dios no trabaja as\u00ed, porque si alguien sabe lo que necesitamos es Dios. Y El dice en su palabra: Para que te vaya bien lo primero que t\u00fa tienes que hacer es BUSCAR EL REINO DE DIOS Y SU JUSTICIA, y lo que tu necesites autom\u00e1ticamente llegar\u00e1 a tu vida, por hacer lo correcto ante Dios .. BUSCAR EL REINO DE DIOS.<\/p>\n<p><strong>PUERTAS DE BENDICI\u00d3N<br \/>\n<\/strong>Queremos que Dios abra puertas de bendici\u00f3n para nuestra vida. Pero no le hablamos a nadie de la puerta de la salvaci\u00f3n para sus vidas que es Cristo.<\/p>\n<p>Juan 10:9 \u201cYo soy la puerta; el que por m\u00ed entrare, ser\u00e1 salvo; y entrar\u00e1, y saldr\u00e1, y hallar\u00e1 pastos.\u201d<\/p>\n<p>Muchos quieren cielos abiertos para su vida, pero su coraz\u00f3n est\u00e1 cerrado para con la vida de aquellas personas que van caminando rumbo a la condenaci\u00f3n eterna.<\/p>\n<p>Muchos quieren que Dios abra puertas grandes de bendici\u00f3n pero no nos preocupa que muchas personas, aun de su propia familia, no han entrado por la puerta de salvaci\u00f3n que es Jesucristo.<\/p>\n<p>Es tiempo de hacer conciencia y de tener compasi\u00f3n por los perdidos, anhelar de todo coraz\u00f3n que ellos tambi\u00e9n vengan a los caminos del Se\u00f1or.<\/p>\n<p>No podemos quedarnos callados ante las necesidades espirituales de la gente. Tenemos que hablarles de Cristo, tenemos que decirles que Jes\u00fas SANA Y SALVA.<\/p>\n<p><strong>UNA MEJOR RELACI\u00d3N CON DIOS<br \/>\n<\/strong>Queremos tener una mejor relaci\u00f3n con Dios, pero no queremos dejar esas relaciones t\u00f3xicas que nos alejan de Dios.<\/p>\n<p>Santiago 4:4 \u201c\u00a1Oh almas ad\u00falteras! \u00bfNo sab\u00e9is que la amistad del mundo es enemistad contra Dios? Cualquiera, pues, que quiera ser amigo del mundo, se constituye en enemigo de Dios.\u201d<\/p>\n<p>No podemos tener una buena relaci\u00f3n con Dios, si todav\u00eda tenemos amistad con lo que Dios llama su enemigo.. O sea el mundo.<\/p>\n<p>Las malas relaciones corrompen, contaminan. La palabra de Dios dice: Un poco de levadura leuda toda la masa (G\u00e1latas 5:9). As\u00ed es que si queremos tener una buena relaci\u00f3n con Dios, debemos renunciar a esas relaciones que nos est\u00e1n separando de Dios.<br \/>\nMUCHAS BENDICIONES<\/p>\n<p>Queremos que Dios nos de muchas bendiciones, pero no queremos ser fieles en lo poco para con Dios.<\/p>\n<p>Mateo 25:21 \u201cY su se\u00f1or le dijo: Bien, buen siervo y fiel; sobre poco has sido fiel, sobre mucho te pondr\u00e9; entra en el gozo de tu se\u00f1or.\u201d<\/p>\n<p>Ser fiel en lo poco y en lo mucho es ser fieles y agradecidos con lo que HOY TENEMOS, con nuestras finanzas, con nuestro tiempo, con los privilegios que Dios nos conf\u00eda en los ministerios de su iglesia, CON LO QUE HOY TENEMOS QUE SER FIELES, PORQUE ES DIOS QUIEN LO HA CONFIADO \u2026 NO NOS OLVIDEMOS DE DIOS, SEAMOS AGRADECIDOS, SIRVAMOS, Y NO LO DEFRAUDEMOS.<\/p>\n<p>\u201cBENDECIDOS PARA BENDECIR\u201d<\/p>\n","protected":false},"excerpt":{"rendered":"<p>Todos anhelamos que nos vaya bien en el, pero no nos puede ir bien si hacemos lo incorrecto. Porque lo que queremos est\u00e1 completamente relacionado con lo que hacemos. Tu eres el resultado de los libros que lees, de las personas con quien te relacionas y tu eres el resultado de lo que te alimentas. &hellip;<\/p>\n","protected":false},"author":1,"featured_media":30157,"comment_status":"open","ping_status":"open","sticky":false,"template":"","format":"standard","meta":{"footnotes":""},"categories":[34],"tags":[],"class_list":["post-30156","post","type-post","status-publish","format-standard","has-post-thumbnail","hentry","category-articulos"],"yoast_head":"<!-- This site is optimized with the Yoast SEO Premium plugin v24.2 (Yoast SEO v27.1.1) - https:\/\/yoast.com\/product\/yoast-seo-premium-wordpress\/ -->\n<title>El dilema de la conexi\u00f3n entre lo que queremos y lo que hacemos. Una Reflexi\u00f3n desde 1 Pedro 3:10-11 - Tabernaculo Prensa de Dios<\/title>\n<meta name=\"robots\" content=\"index, follow, max-snippet:-1, max-image-preview:large, max-video-preview:-1\" \/>\n<link rel=\"canonical\" href=\"https:\/\/tabernaculoprensadedios.com\/web\/el-dilema-de-la-conexion-entre-lo-que-queremos-y-lo-que-hacemos-una-reflexion-desde-1-pedro-310-11\/\" class=\"yoast-seo-meta-tag\" \/>\n<meta property=\"og:locale\" content=\"es_ES\" class=\"yoast-seo-meta-tag\" \/>\n<meta property=\"og:type\" content=\"article\" class=\"yoast-seo-meta-tag\" \/>\n<meta property=\"og:title\" content=\"El dilema de la conexi\u00f3n entre lo que queremos y lo que hacemos. Una Reflexi\u00f3n desde 1 Pedro 3:10-11\" class=\"yoast-seo-meta-tag\" \/>\n<meta property=\"og:description\" content=\"Todos anhelamos que nos vaya bien en el, pero no nos puede ir bien si hacemos lo incorrecto. Porque lo que queremos est\u00e1 completamente relacionado con lo que hacemos. Tu eres el resultado de los libros que lees, de las personas con quien te relacionas y tu eres el resultado de lo que te alimentas. &hellip;\" class=\"yoast-seo-meta-tag\" \/>\n<meta property=\"og:url\" content=\"https:\/\/tabernaculoprensadedios.com\/web\/el-dilema-de-la-conexion-entre-lo-que-queremos-y-lo-que-hacemos-una-reflexion-desde-1-pedro-310-11\/\" class=\"yoast-seo-meta-tag\" \/>\n<meta property=\"og:site_name\" content=\"Tabernaculo Prensa de Dios\" class=\"yoast-seo-meta-tag\" \/>\n<meta property=\"article:published_time\" content=\"2024-02-07T14:51:42+00:00\" class=\"yoast-seo-meta-tag\" \/>\n<meta property=\"article:modified_time\" content=\"2024-02-07T15:06:20+00:00\" class=\"yoast-seo-meta-tag\" \/>\n<meta property=\"og:image\" content=\"https:\/\/tabernaculoprensadedios.com\/web\/wp-content\/uploads\/2024\/02\/dilema-.jpg\" class=\"yoast-seo-meta-tag\" \/>\n\t<meta property=\"og:image:width\" content=\"1280\" class=\"yoast-seo-meta-tag\" \/>\n\t<meta property=\"og:image:height\" content=\"854\" class=\"yoast-seo-meta-tag\" \/>\n\t<meta property=\"og:image:type\" content=\"image\/jpeg\" class=\"yoast-seo-meta-tag\" \/>\n<meta name=\"author\" content=\"tabernaculo\" class=\"yoast-seo-meta-tag\" \/>\n<meta name=\"twitter:card\" content=\"summary_large_image\" class=\"yoast-seo-meta-tag\" \/>\n<meta name=\"twitter:creator\" content=\"@PrensadeDios\" class=\"yoast-seo-meta-tag\" \/>\n<meta name=\"twitter:site\" content=\"@PrensadeDios\" class=\"yoast-seo-meta-tag\" \/>\n<meta name=\"twitter:label1\" content=\"Escrito por\" class=\"yoast-seo-meta-tag\" \/>\n\t<meta name=\"twitter:data1\" content=\"tabernaculo\" class=\"yoast-seo-meta-tag\" \/>\n\t<meta name=\"twitter:label2\" content=\"Tiempo de lectura\" class=\"yoast-seo-meta-tag\" \/>\n\t<meta name=\"twitter:data2\" content=\"4 minutos\" class=\"yoast-seo-meta-tag\" \/>\n<script type=\"application\/ld+json\" class=\"yoast-schema-graph\">{\"@context\":\"https:\/\/schema.org\",\"@graph\":[{\"@type\":\"Article\",\"@id\":\"https:\/\/tabernaculoprensadedios.com\/web\/el-dilema-de-la-conexion-entre-lo-que-queremos-y-lo-que-hacemos-una-reflexion-desde-1-pedro-310-11\/#article\",\"isPartOf\":{\"@id\":\"https:\/\/tabernaculoprensadedios.com\/web\/el-dilema-de-la-conexion-entre-lo-que-queremos-y-lo-que-hacemos-una-reflexion-desde-1-pedro-310-11\/\"},\"author\":{\"name\":\"tabernaculo\",\"@id\":\"https:\/\/tabernaculoprensadedios.com\/web\/#\/schema\/person\/bc0e069fef56b38e177db6f098ae0b6e\"},\"headline\":\"El dilema de la conexi\u00f3n entre lo que queremos y lo que hacemos. Una Reflexi\u00f3n desde 1 Pedro 3:10-11\",\"datePublished\":\"2024-02-07T14:51:42+00:00\",\"dateModified\":\"2024-02-07T15:06:20+00:00\",\"mainEntityOfPage\":{\"@id\":\"https:\/\/tabernaculoprensadedios.com\/web\/el-dilema-de-la-conexion-entre-lo-que-queremos-y-lo-que-hacemos-una-reflexion-desde-1-pedro-310-11\/\"},\"wordCount\":883,\"commentCount\":0,\"publisher\":{\"@id\":\"https:\/\/tabernaculoprensadedios.com\/web\/#\/schema\/person\/bc0e069fef56b38e177db6f098ae0b6e\"},\"image\":{\"@id\":\"https:\/\/tabernaculoprensadedios.com\/web\/el-dilema-de-la-conexion-entre-lo-que-queremos-y-lo-que-hacemos-una-reflexion-desde-1-pedro-310-11\/#primaryimage\"},\"thumbnailUrl\":\"https:\/\/tabernaculoprensadedios.com\/web\/wp-content\/uploads\/2024\/02\/dilema-.jpg\",\"articleSection\":[\"Articulos\"],\"inLanguage\":\"es\",\"potentialAction\":[{\"@type\":\"CommentAction\",\"name\":\"Comment\",\"target\":[\"https:\/\/tabernaculoprensadedios.com\/web\/el-dilema-de-la-conexion-entre-lo-que-queremos-y-lo-que-hacemos-una-reflexion-desde-1-pedro-310-11\/#respond\"]}]},{\"@type\":\"WebPage\",\"@id\":\"https:\/\/tabernaculoprensadedios.com\/web\/el-dilema-de-la-conexion-entre-lo-que-queremos-y-lo-que-hacemos-una-reflexion-desde-1-pedro-310-11\/\",\"url\":\"https:\/\/tabernaculoprensadedios.com\/web\/el-dilema-de-la-conexion-entre-lo-que-queremos-y-lo-que-hacemos-una-reflexion-desde-1-pedro-310-11\/\",\"name\":\"El dilema de la conexi\u00f3n entre lo que queremos y lo que hacemos. Una Reflexi\u00f3n desde 1 Pedro 3:10-11 - Tabernaculo Prensa de Dios\",\"isPartOf\":{\"@id\":\"https:\/\/tabernaculoprensadedios.com\/web\/#website\"},\"primaryImageOfPage\":{\"@id\":\"https:\/\/tabernaculoprensadedios.com\/web\/el-dilema-de-la-conexion-entre-lo-que-queremos-y-lo-que-hacemos-una-reflexion-desde-1-pedro-310-11\/#primaryimage\"},\"image\":{\"@id\":\"https:\/\/tabernaculoprensadedios.com\/web\/el-dilema-de-la-conexion-entre-lo-que-queremos-y-lo-que-hacemos-una-reflexion-desde-1-pedro-310-11\/#primaryimage\"},\"thumbnailUrl\":\"https:\/\/tabernaculoprensadedios.com\/web\/wp-content\/uploads\/2024\/02\/dilema-.jpg\",\"datePublished\":\"2024-02-07T14:51:42+00:00\",\"dateModified\":\"2024-02-07T15:06:20+00:00\",\"breadcrumb\":{\"@id\":\"https:\/\/tabernaculoprensadedios.com\/web\/el-dilema-de-la-conexion-entre-lo-que-queremos-y-lo-que-hacemos-una-reflexion-desde-1-pedro-310-11\/#breadcrumb\"},\"inLanguage\":\"es\",\"potentialAction\":[{\"@type\":\"ReadAction\",\"target\":[\"https:\/\/tabernaculoprensadedios.com\/web\/el-dilema-de-la-conexion-entre-lo-que-queremos-y-lo-que-hacemos-una-reflexion-desde-1-pedro-310-11\/\"]}]},{\"@type\":\"ImageObject\",\"inLanguage\":\"es\",\"@id\":\"https:\/\/tabernaculoprensadedios.com\/web\/el-dilema-de-la-conexion-entre-lo-que-queremos-y-lo-que-hacemos-una-reflexion-desde-1-pedro-310-11\/#primaryimage\",\"url\":\"https:\/\/tabernaculoprensadedios.com\/web\/wp-content\/uploads\/2024\/02\/dilema-.jpg\",\"contentUrl\":\"https:\/\/tabernaculoprensadedios.com\/web\/wp-content\/uploads\/2024\/02\/dilema-.jpg\",\"width\":1280,\"height\":854},{\"@type\":\"BreadcrumbList\",\"@id\":\"https:\/\/tabernaculoprensadedios.com\/web\/el-dilema-de-la-conexion-entre-lo-que-queremos-y-lo-que-hacemos-una-reflexion-desde-1-pedro-310-11\/#breadcrumb\",\"itemListElement\":[{\"@type\":\"ListItem\",\"position\":1,\"name\":\"Portada\",\"item\":\"https:\/\/tabernaculoprensadedios.com\/web\/\"},{\"@type\":\"ListItem\",\"position\":2,\"name\":\"El dilema de la conexi\u00f3n entre lo que queremos y lo que hacemos. Una Reflexi\u00f3n desde 1 Pedro 3:10-11\"}]},{\"@type\":\"WebSite\",\"@id\":\"https:\/\/tabernaculoprensadedios.com\/web\/#website\",\"url\":\"https:\/\/tabernaculoprensadedios.com\/web\/\",\"name\":\"Tabernaculo Prensa de Dios\",\"description\":\"Un medio a la manera de Dios\",\"publisher\":{\"@id\":\"https:\/\/tabernaculoprensadedios.com\/web\/#\/schema\/person\/bc0e069fef56b38e177db6f098ae0b6e\"},\"potentialAction\":[{\"@type\":\"SearchAction\",\"target\":{\"@type\":\"EntryPoint\",\"urlTemplate\":\"https:\/\/tabernaculoprensadedios.com\/web\/?s={search_term_string}\"},\"query-input\":{\"@type\":\"PropertyValueSpecification\",\"valueRequired\":true,\"valueName\":\"search_term_string\"}}],\"inLanguage\":\"es\"},{\"@type\":[\"Person\",\"Organization\"],\"@id\":\"https:\/\/tabernaculoprensadedios.com\/web\/#\/schema\/person\/bc0e069fef56b38e177db6f098ae0b6e\",\"name\":\"tabernaculo\",\"image\":{\"@type\":\"ImageObject\",\"inLanguage\":\"es\",\"@id\":\"https:\/\/tabernaculoprensadedios.com\/web\/#\/schema\/person\/image\/\",\"url\":\"https:\/\/tabernaculoprensadedios.com\/web\/wp-content\/uploads\/2015\/06\/login-logo1.png\",\"contentUrl\":\"https:\/\/tabernaculoprensadedios.com\/web\/wp-content\/uploads\/2015\/06\/login-logo1.png\",\"width\":300,\"height\":118,\"caption\":\"tabernaculo\"},\"logo\":{\"@id\":\"https:\/\/tabernaculoprensadedios.com\/web\/#\/schema\/person\/image\/\"},\"url\":\"https:\/\/tabernaculoprensadedios.com\/web\/author\/tabernaculo\/\"}]}<\/script>\n<!-- \/ Yoast SEO Premium plugin. -->","yoast_head_json":{"title":"El dilema de la conexi\u00f3n entre lo que queremos y lo que hacemos. Una Reflexi\u00f3n desde 1 Pedro 3:10-11 - Tabernaculo Prensa de Dios","robots":{"index":"index","follow":"follow","max-snippet":"max-snippet:-1","max-image-preview":"max-image-preview:large","max-video-preview":"max-video-preview:-1"},"canonical":"https:\/\/tabernaculoprensadedios.com\/web\/el-dilema-de-la-conexion-entre-lo-que-queremos-y-lo-que-hacemos-una-reflexion-desde-1-pedro-310-11\/","og_locale":"es_ES","og_type":"article","og_title":"El dilema de la conexi\u00f3n entre lo que queremos y lo que hacemos. Una Reflexi\u00f3n desde 1 Pedro 3:10-11","og_description":"Todos anhelamos que nos vaya bien en el, pero no nos puede ir bien si hacemos lo incorrecto. Porque lo que queremos est\u00e1 completamente relacionado con lo que hacemos. Tu eres el resultado de los libros que lees, de las personas con quien te relacionas y tu eres el resultado de lo que te alimentas. &hellip;","og_url":"https:\/\/tabernaculoprensadedios.com\/web\/el-dilema-de-la-conexion-entre-lo-que-queremos-y-lo-que-hacemos-una-reflexion-desde-1-pedro-310-11\/","og_site_name":"Tabernaculo Prensa de Dios","article_published_time":"2024-02-07T14:51:42+00:00","article_modified_time":"2024-02-07T15:06:20+00:00","og_image":[{"width":1280,"height":854,"url":"https:\/\/tabernaculoprensadedios.com\/web\/wp-content\/uploads\/2024\/02\/dilema-.jpg","type":"image\/jpeg"}],"author":"tabernaculo","twitter_card":"summary_large_image","twitter_creator":"@PrensadeDios","twitter_site":"@PrensadeDios","twitter_misc":{"Escrito por":"tabernaculo","Tiempo de lectura":"4 minutos"},"schema":{"@context":"https:\/\/schema.org","@graph":[{"@type":"Article","@id":"https:\/\/tabernaculoprensadedios.com\/web\/el-dilema-de-la-conexion-entre-lo-que-queremos-y-lo-que-hacemos-una-reflexion-desde-1-pedro-310-11\/#article","isPartOf":{"@id":"https:\/\/tabernaculoprensadedios.com\/web\/el-dilema-de-la-conexion-entre-lo-que-queremos-y-lo-que-hacemos-una-reflexion-desde-1-pedro-310-11\/"},"author":{"name":"tabernaculo","@id":"https:\/\/tabernaculoprensadedios.com\/web\/#\/schema\/person\/bc0e069fef56b38e177db6f098ae0b6e"},"headline":"El dilema de la conexi\u00f3n entre lo que queremos y lo que hacemos. Una Reflexi\u00f3n desde 1 Pedro 3:10-11","datePublished":"2024-02-07T14:51:42+00:00","dateModified":"2024-02-07T15:06:20+00:00","mainEntityOfPage":{"@id":"https:\/\/tabernaculoprensadedios.com\/web\/el-dilema-de-la-conexion-entre-lo-que-queremos-y-lo-que-hacemos-una-reflexion-desde-1-pedro-310-11\/"},"wordCount":883,"commentCount":0,"publisher":{"@id":"https:\/\/tabernaculoprensadedios.com\/web\/#\/schema\/person\/bc0e069fef56b38e177db6f098ae0b6e"},"image":{"@id":"https:\/\/tabernaculoprensadedios.com\/web\/el-dilema-de-la-conexion-entre-lo-que-queremos-y-lo-que-hacemos-una-reflexion-desde-1-pedro-310-11\/#primaryimage"},"thumbnailUrl":"https:\/\/tabernaculoprensadedios.com\/web\/wp-content\/uploads\/2024\/02\/dilema-.jpg","articleSection":["Articulos"],"inLanguage":"es","potentialAction":[{"@type":"CommentAction","name":"Comment","target":["https:\/\/tabernaculoprensadedios.com\/web\/el-dilema-de-la-conexion-entre-lo-que-queremos-y-lo-que-hacemos-una-reflexion-desde-1-pedro-310-11\/#respond"]}]},{"@type":"WebPage","@id":"https:\/\/tabernaculoprensadedios.com\/web\/el-dilema-de-la-conexion-entre-lo-que-queremos-y-lo-que-hacemos-una-reflexion-desde-1-pedro-310-11\/","url":"https:\/\/tabernaculoprensadedios.com\/web\/el-dilema-de-la-conexion-entre-lo-que-queremos-y-lo-que-hacemos-una-reflexion-desde-1-pedro-310-11\/","name":"El dilema de la conexi\u00f3n entre lo que queremos y lo que hacemos. Una Reflexi\u00f3n desde 1 Pedro 3:10-11 - Tabernaculo Prensa de Dios","isPartOf":{"@id":"https:\/\/tabernaculoprensadedios.com\/web\/#website"},"primaryImageOfPage":{"@id":"https:\/\/tabernaculoprensadedios.com\/web\/el-dilema-de-la-conexion-entre-lo-que-queremos-y-lo-que-hacemos-una-reflexion-desde-1-pedro-310-11\/#primaryimage"},"image":{"@id":"https:\/\/tabernaculoprensadedios.com\/web\/el-dilema-de-la-conexion-entre-lo-que-queremos-y-lo-que-hacemos-una-reflexion-desde-1-pedro-310-11\/#primaryimage"},"thumbnailUrl":"https:\/\/tabernaculoprensadedios.com\/web\/wp-content\/uploads\/2024\/02\/dilema-.jpg","datePublished":"2024-02-07T14:51:42+00:00","dateModified":"2024-02-07T15:06:20+00:00","breadcrumb":{"@id":"https:\/\/tabernaculoprensadedios.com\/web\/el-dilema-de-la-conexion-entre-lo-que-queremos-y-lo-que-hacemos-una-reflexion-desde-1-pedro-310-11\/#breadcrumb"},"inLanguage":"es","potentialAction":[{"@type":"ReadAction","target":["https:\/\/tabernaculoprensadedios.com\/web\/el-dilema-de-la-conexion-entre-lo-que-queremos-y-lo-que-hacemos-una-reflexion-desde-1-pedro-310-11\/"]}]},{"@type":"ImageObject","inLanguage":"es","@id":"https:\/\/tabernaculoprensadedios.com\/web\/el-dilema-de-la-conexion-entre-lo-que-queremos-y-lo-que-hacemos-una-reflexion-desde-1-pedro-310-11\/#primaryimage","url":"https:\/\/tabernaculoprensadedios.com\/web\/wp-content\/uploads\/2024\/02\/dilema-.jpg","contentUrl":"https:\/\/tabernaculoprensadedios.com\/web\/wp-content\/uploads\/2024\/02\/dilema-.jpg","width":1280,"height":854},{"@type":"BreadcrumbList","@id":"https:\/\/tabernaculoprensadedios.com\/web\/el-dilema-de-la-conexion-entre-lo-que-queremos-y-lo-que-hacemos-una-reflexion-desde-1-pedro-310-11\/#breadcrumb","itemListElement":[{"@type":"ListItem","position":1,"name":"Portada","item":"https:\/\/tabernaculoprensadedios.com\/web\/"},{"@type":"ListItem","position":2,"name":"El dilema de la conexi\u00f3n entre lo que queremos y lo que hacemos. Una Reflexi\u00f3n desde 1 Pedro 3:10-11"}]},{"@type":"WebSite","@id":"https:\/\/tabernaculoprensadedios.com\/web\/#website","url":"https:\/\/tabernaculoprensadedios.com\/web\/","name":"Tabernaculo Prensa de Dios","description":"Un medio a la manera de Dios","publisher":{"@id":"https:\/\/tabernaculoprensadedios.com\/web\/#\/schema\/person\/bc0e069fef56b38e177db6f098ae0b6e"},"potentialAction":[{"@type":"SearchAction","target":{"@type":"EntryPoint","urlTemplate":"https:\/\/tabernaculoprensadedios.com\/web\/?s={search_term_string}"},"query-input":{"@type":"PropertyValueSpecification","valueRequired":true,"valueName":"search_term_string"}}],"inLanguage":"es"},{"@type":["Person","Organization"],"@id":"https:\/\/tabernaculoprensadedios.com\/web\/#\/schema\/person\/bc0e069fef56b38e177db6f098ae0b6e","name":"tabernaculo","image":{"@type":"ImageObject","inLanguage":"es","@id":"https:\/\/tabernaculoprensadedios.com\/web\/#\/schema\/person\/image\/","url":"https:\/\/tabernaculoprensadedios.com\/web\/wp-content\/uploads\/2015\/06\/login-logo1.png","contentUrl":"https:\/\/tabernaculoprensadedios.com\/web\/wp-content\/uploads\/2015\/06\/login-logo1.png","width":300,"height":118,"caption":"tabernaculo"},"logo":{"@id":"https:\/\/tabernaculoprensadedios.com\/web\/#\/schema\/person\/image\/"},"url":"https:\/\/tabernaculoprensadedios.com\/web\/author\/tabernaculo\/"}]}},"_links":{"self":[{"href":"https:\/\/tabernaculoprensadedios.com\/web\/wp-json\/wp\/v2\/posts\/30156","targetHints":{"allow":["GET"]}}],"collection":[{"href":"https:\/\/tabernaculoprensadedios.com\/web\/wp-json\/wp\/v2\/posts"}],"about":[{"href":"https:\/\/tabernaculoprensadedios.com\/web\/wp-json\/wp\/v2\/types\/post"}],"author":[{"embeddable":true,"href":"https:\/\/tabernaculoprensadedios.com\/web\/wp-json\/wp\/v2\/users\/1"}],"replies":[{"embeddable":true,"href":"https:\/\/tabernaculoprensadedios.com\/web\/wp-json\/wp\/v2\/comments?post=30156"}],"version-history":[{"count":1,"href":"https:\/\/tabernaculoprensadedios.com\/web\/wp-json\/wp\/v2\/posts\/30156\/revisions"}],"predecessor-version":[{"id":30158,"href":"https:\/\/tabernaculoprensadedios.com\/web\/wp-json\/wp\/v2\/posts\/30156\/revisions\/30158"}],"wp:featuredmedia":[{"embeddable":true,"href":"https:\/\/tabernaculoprensadedios.com\/web\/wp-json\/wp\/v2\/media\/30157"}],"wp:attachment":[{"href":"https:\/\/tabernaculoprensadedios.com\/web\/wp-json\/wp\/v2\/media?parent=30156"}],"wp:term":[{"taxonomy":"category","embeddable":true,"href":"https:\/\/tabernaculoprensadedios.com\/web\/wp-json\/wp\/v2\/categories?post=30156"},{"taxonomy":"post_tag","embeddable":true,"href":"https:\/\/tabernaculoprensadedios.com\/web\/wp-json\/wp\/v2\/tags?post=30156"}],"curies":[{"name":"wp","href":"https:\/\/api.w.org\/{rel}","templated":true}]}}