{"id":30136,"date":"2024-02-06T14:07:59","date_gmt":"2024-02-06T14:07:59","guid":{"rendered":"https:\/\/tabernaculoprensadedios.com\/web\/?p=30136"},"modified":"2024-02-06T14:18:12","modified_gmt":"2024-02-06T14:18:12","slug":"necesitamos-elevar-la-bandera-de-la-fe-en-el-poder-de-cristo-y-unirnos-en-el-concordato-del-principe-de-paz","status":"publish","type":"post","link":"https:\/\/tabernaculoprensadedios.com\/web\/necesitamos-elevar-la-bandera-de-la-fe-en-el-poder-de-cristo-y-unirnos-en-el-concordato-del-principe-de-paz\/","title":{"rendered":"Necesitamos elevar la bandera de la fe en el poder de Cristo y unirnos en el Concordato del Pr\u00edncipe de Paz"},"content":{"rendered":"<p>En el mensaje del <strong>profeta Isa\u00edas y en las palabras de Jesucristo<\/strong>, encontramos un llamado a vivir en armon\u00eda con los principios divinos de amor, paz y justicia. Isa\u00edas nos invita a aceptar el Concordato del Pr\u00edncipe de Paz, que es Jesucristo, y a rechazar todo aquello que va en contra de los designios de Dios.<strong> ISA\u00cdAS 9-6-<\/strong><\/p>\n<p>As\u00ed como en el nacimiento de un ni\u00f1o se celebra la unidad y armon\u00eda familiar, <strong>la llegada de Jesucristo trajo consigo el regalo de la gracia y la paz para toda la humanidad.<\/strong> En el Serm\u00f3n del Monte, Jes\u00fas estableci\u00f3 los principios de una vida bendecida por Dios, una vida centrada en la humildad, la misericordia y la b\u00fasqueda de la justicia.<\/p>\n<p>Hoy, m\u00e1s que nunca, necesitamos elevar la bandera de la fe en el poder de Cristo y unirnos en el Concordato del Pr\u00edncipe de Paz. Debemos vivir de acuerdo con los valores del Reino de Dios, siendo instrumentos de paz, <strong>amor y reconciliaci\u00f3n en un mundo lleno de divisi\u00f3n y conflicto.<\/strong><\/p>\n<p>Que nuestras vidas reflejen la luz y el amor de Cristo, que seamos portadores de esperanza y consuelo para aquellos que sufren, y que nuestra fe nos impulse a trabajar por un mundo m\u00e1s justo y compasivo.<\/p>\n<p>Que en medio de las pruebas y dificultades, recordemos las palabras de Isa\u00edas y el ejemplo de Jes\u00fas, y encontremos en ellos la fortaleza y la inspiraci\u00f3n para seguir adelante <strong>con confianza y esperanza.<\/strong> Que el Concordato del Pr\u00edncipe de Paz sea nuestra gu\u00eda y nuestra fuerza en medio de las tormentas de la vida.<\/p>\n","protected":false},"excerpt":{"rendered":"<p>En el mensaje del profeta Isa\u00edas y en las palabras de Jesucristo, encontramos un llamado a vivir en armon\u00eda con los principios divinos de amor, paz y justicia. Isa\u00edas nos invita a aceptar el Concordato del Pr\u00edncipe de Paz, que es Jesucristo, y a rechazar todo aquello que va en contra de los designios de &hellip;<\/p>\n","protected":false},"author":1,"featured_media":30137,"comment_status":"open","ping_status":"open","sticky":false,"template":"","format":"standard","meta":{"footnotes":""},"categories":[38],"tags":[],"class_list":["post-30136","post","type-post","status-publish","format-standard","has-post-thumbnail","hentry","category-principal"],"yoast_head":"<!-- This site is optimized with the Yoast SEO Premium plugin v24.2 (Yoast SEO v27.1.1) - https:\/\/yoast.com\/product\/yoast-seo-premium-wordpress\/ -->\n<title>Necesitamos elevar la bandera de la fe en el poder de Cristo y unirnos en el Concordato del Pr\u00edncipe de Paz - Tabernaculo Prensa de Dios<\/title>\n<meta name=\"robots\" content=\"index, follow, max-snippet:-1, max-image-preview:large, max-video-preview:-1\" \/>\n<link rel=\"canonical\" href=\"https:\/\/tabernaculoprensadedios.com\/web\/necesitamos-elevar-la-bandera-de-la-fe-en-el-poder-de-cristo-y-unirnos-en-el-concordato-del-principe-de-paz\/\" class=\"yoast-seo-meta-tag\" \/>\n<meta property=\"og:locale\" content=\"es_ES\" class=\"yoast-seo-meta-tag\" \/>\n<meta property=\"og:type\" content=\"article\" class=\"yoast-seo-meta-tag\" \/>\n<meta property=\"og:title\" content=\"Necesitamos elevar la bandera de la fe en el poder de Cristo y unirnos en el Concordato del Pr\u00edncipe de Paz\" class=\"yoast-seo-meta-tag\" \/>\n<meta property=\"og:description\" content=\"En el mensaje del profeta Isa\u00edas y en las palabras de Jesucristo, encontramos un llamado a vivir en armon\u00eda con los principios divinos de amor, paz y justicia. Isa\u00edas nos invita a aceptar el Concordato del Pr\u00edncipe de Paz, que es Jesucristo, y a rechazar todo aquello que va en contra de los designios de &hellip;\" class=\"yoast-seo-meta-tag\" \/>\n<meta property=\"og:url\" content=\"https:\/\/tabernaculoprensadedios.com\/web\/necesitamos-elevar-la-bandera-de-la-fe-en-el-poder-de-cristo-y-unirnos-en-el-concordato-del-principe-de-paz\/\" class=\"yoast-seo-meta-tag\" \/>\n<meta property=\"og:site_name\" content=\"Tabernaculo Prensa de Dios\" class=\"yoast-seo-meta-tag\" \/>\n<meta property=\"article:published_time\" content=\"2024-02-06T14:07:59+00:00\" class=\"yoast-seo-meta-tag\" \/>\n<meta property=\"article:modified_time\" content=\"2024-02-06T14:18:12+00:00\" class=\"yoast-seo-meta-tag\" \/>\n<meta property=\"og:image\" content=\"https:\/\/tabernaculoprensadedios.com\/web\/wp-content\/uploads\/2024\/02\/Principe-de-Paz.jpg\" class=\"yoast-seo-meta-tag\" \/>\n\t<meta property=\"og:image:width\" content=\"1280\" class=\"yoast-seo-meta-tag\" \/>\n\t<meta property=\"og:image:height\" content=\"854\" class=\"yoast-seo-meta-tag\" \/>\n\t<meta property=\"og:image:type\" content=\"image\/jpeg\" class=\"yoast-seo-meta-tag\" \/>\n<meta name=\"author\" content=\"tabernaculo\" class=\"yoast-seo-meta-tag\" \/>\n<meta name=\"twitter:card\" content=\"summary_large_image\" class=\"yoast-seo-meta-tag\" \/>\n<meta name=\"twitter:creator\" content=\"@PrensadeDios\" class=\"yoast-seo-meta-tag\" \/>\n<meta name=\"twitter:site\" content=\"@PrensadeDios\" class=\"yoast-seo-meta-tag\" \/>\n<meta name=\"twitter:label1\" content=\"Escrito por\" class=\"yoast-seo-meta-tag\" \/>\n\t<meta name=\"twitter:data1\" content=\"tabernaculo\" class=\"yoast-seo-meta-tag\" \/>\n\t<meta name=\"twitter:label2\" content=\"Tiempo de lectura\" class=\"yoast-seo-meta-tag\" \/>\n\t<meta name=\"twitter:data2\" content=\"2 minutos\" class=\"yoast-seo-meta-tag\" \/>\n<script type=\"application\/ld+json\" class=\"yoast-schema-graph\">{\"@context\":\"https:\/\/schema.org\",\"@graph\":[{\"@type\":\"Article\",\"@id\":\"https:\/\/tabernaculoprensadedios.com\/web\/necesitamos-elevar-la-bandera-de-la-fe-en-el-poder-de-cristo-y-unirnos-en-el-concordato-del-principe-de-paz\/#article\",\"isPartOf\":{\"@id\":\"https:\/\/tabernaculoprensadedios.com\/web\/necesitamos-elevar-la-bandera-de-la-fe-en-el-poder-de-cristo-y-unirnos-en-el-concordato-del-principe-de-paz\/\"},\"author\":{\"name\":\"tabernaculo\",\"@id\":\"https:\/\/tabernaculoprensadedios.com\/web\/#\/schema\/person\/bc0e069fef56b38e177db6f098ae0b6e\"},\"headline\":\"Necesitamos elevar la bandera de la fe en el poder de Cristo y unirnos en el Concordato del Pr\u00edncipe de Paz\",\"datePublished\":\"2024-02-06T14:07:59+00:00\",\"dateModified\":\"2024-02-06T14:18:12+00:00\",\"mainEntityOfPage\":{\"@id\":\"https:\/\/tabernaculoprensadedios.com\/web\/necesitamos-elevar-la-bandera-de-la-fe-en-el-poder-de-cristo-y-unirnos-en-el-concordato-del-principe-de-paz\/\"},\"wordCount\":306,\"commentCount\":0,\"publisher\":{\"@id\":\"https:\/\/tabernaculoprensadedios.com\/web\/#\/schema\/person\/bc0e069fef56b38e177db6f098ae0b6e\"},\"image\":{\"@id\":\"https:\/\/tabernaculoprensadedios.com\/web\/necesitamos-elevar-la-bandera-de-la-fe-en-el-poder-de-cristo-y-unirnos-en-el-concordato-del-principe-de-paz\/#primaryimage\"},\"thumbnailUrl\":\"https:\/\/tabernaculoprensadedios.com\/web\/wp-content\/uploads\/2024\/02\/Principe-de-Paz.jpg\",\"articleSection\":[\"Principal\"],\"inLanguage\":\"es\",\"potentialAction\":[{\"@type\":\"CommentAction\",\"name\":\"Comment\",\"target\":[\"https:\/\/tabernaculoprensadedios.com\/web\/necesitamos-elevar-la-bandera-de-la-fe-en-el-poder-de-cristo-y-unirnos-en-el-concordato-del-principe-de-paz\/#respond\"]}]},{\"@type\":\"WebPage\",\"@id\":\"https:\/\/tabernaculoprensadedios.com\/web\/necesitamos-elevar-la-bandera-de-la-fe-en-el-poder-de-cristo-y-unirnos-en-el-concordato-del-principe-de-paz\/\",\"url\":\"https:\/\/tabernaculoprensadedios.com\/web\/necesitamos-elevar-la-bandera-de-la-fe-en-el-poder-de-cristo-y-unirnos-en-el-concordato-del-principe-de-paz\/\",\"name\":\"Necesitamos elevar la bandera de la fe en el poder de Cristo y unirnos en el Concordato del Pr\u00edncipe de Paz - Tabernaculo Prensa de Dios\",\"isPartOf\":{\"@id\":\"https:\/\/tabernaculoprensadedios.com\/web\/#website\"},\"primaryImageOfPage\":{\"@id\":\"https:\/\/tabernaculoprensadedios.com\/web\/necesitamos-elevar-la-bandera-de-la-fe-en-el-poder-de-cristo-y-unirnos-en-el-concordato-del-principe-de-paz\/#primaryimage\"},\"image\":{\"@id\":\"https:\/\/tabernaculoprensadedios.com\/web\/necesitamos-elevar-la-bandera-de-la-fe-en-el-poder-de-cristo-y-unirnos-en-el-concordato-del-principe-de-paz\/#primaryimage\"},\"thumbnailUrl\":\"https:\/\/tabernaculoprensadedios.com\/web\/wp-content\/uploads\/2024\/02\/Principe-de-Paz.jpg\",\"datePublished\":\"2024-02-06T14:07:59+00:00\",\"dateModified\":\"2024-02-06T14:18:12+00:00\",\"breadcrumb\":{\"@id\":\"https:\/\/tabernaculoprensadedios.com\/web\/necesitamos-elevar-la-bandera-de-la-fe-en-el-poder-de-cristo-y-unirnos-en-el-concordato-del-principe-de-paz\/#breadcrumb\"},\"inLanguage\":\"es\",\"potentialAction\":[{\"@type\":\"ReadAction\",\"target\":[\"https:\/\/tabernaculoprensadedios.com\/web\/necesitamos-elevar-la-bandera-de-la-fe-en-el-poder-de-cristo-y-unirnos-en-el-concordato-del-principe-de-paz\/\"]}]},{\"@type\":\"ImageObject\",\"inLanguage\":\"es\",\"@id\":\"https:\/\/tabernaculoprensadedios.com\/web\/necesitamos-elevar-la-bandera-de-la-fe-en-el-poder-de-cristo-y-unirnos-en-el-concordato-del-principe-de-paz\/#primaryimage\",\"url\":\"https:\/\/tabernaculoprensadedios.com\/web\/wp-content\/uploads\/2024\/02\/Principe-de-Paz.jpg\",\"contentUrl\":\"https:\/\/tabernaculoprensadedios.com\/web\/wp-content\/uploads\/2024\/02\/Principe-de-Paz.jpg\",\"width\":1280,\"height\":854,\"caption\":\"SANIDAD EMOCIONAL\"},{\"@type\":\"BreadcrumbList\",\"@id\":\"https:\/\/tabernaculoprensadedios.com\/web\/necesitamos-elevar-la-bandera-de-la-fe-en-el-poder-de-cristo-y-unirnos-en-el-concordato-del-principe-de-paz\/#breadcrumb\",\"itemListElement\":[{\"@type\":\"ListItem\",\"position\":1,\"name\":\"Portada\",\"item\":\"https:\/\/tabernaculoprensadedios.com\/web\/\"},{\"@type\":\"ListItem\",\"position\":2,\"name\":\"Necesitamos elevar la bandera de la fe en el poder de Cristo y unirnos en el Concordato del Pr\u00edncipe de Paz\"}]},{\"@type\":\"WebSite\",\"@id\":\"https:\/\/tabernaculoprensadedios.com\/web\/#website\",\"url\":\"https:\/\/tabernaculoprensadedios.com\/web\/\",\"name\":\"Tabernaculo Prensa de Dios\",\"description\":\"Un medio a la manera de Dios\",\"publisher\":{\"@id\":\"https:\/\/tabernaculoprensadedios.com\/web\/#\/schema\/person\/bc0e069fef56b38e177db6f098ae0b6e\"},\"potentialAction\":[{\"@type\":\"SearchAction\",\"target\":{\"@type\":\"EntryPoint\",\"urlTemplate\":\"https:\/\/tabernaculoprensadedios.com\/web\/?s={search_term_string}\"},\"query-input\":{\"@type\":\"PropertyValueSpecification\",\"valueRequired\":true,\"valueName\":\"search_term_string\"}}],\"inLanguage\":\"es\"},{\"@type\":[\"Person\",\"Organization\"],\"@id\":\"https:\/\/tabernaculoprensadedios.com\/web\/#\/schema\/person\/bc0e069fef56b38e177db6f098ae0b6e\",\"name\":\"tabernaculo\",\"image\":{\"@type\":\"ImageObject\",\"inLanguage\":\"es\",\"@id\":\"https:\/\/tabernaculoprensadedios.com\/web\/#\/schema\/person\/image\/\",\"url\":\"https:\/\/tabernaculoprensadedios.com\/web\/wp-content\/uploads\/2015\/06\/login-logo1.png\",\"contentUrl\":\"https:\/\/tabernaculoprensadedios.com\/web\/wp-content\/uploads\/2015\/06\/login-logo1.png\",\"width\":300,\"height\":118,\"caption\":\"tabernaculo\"},\"logo\":{\"@id\":\"https:\/\/tabernaculoprensadedios.com\/web\/#\/schema\/person\/image\/\"},\"url\":\"https:\/\/tabernaculoprensadedios.com\/web\/author\/tabernaculo\/\"}]}<\/script>\n<!-- \/ Yoast SEO Premium plugin. -->","yoast_head_json":{"title":"Necesitamos elevar la bandera de la fe en el poder de Cristo y unirnos en el Concordato del Pr\u00edncipe de Paz - Tabernaculo Prensa de Dios","robots":{"index":"index","follow":"follow","max-snippet":"max-snippet:-1","max-image-preview":"max-image-preview:large","max-video-preview":"max-video-preview:-1"},"canonical":"https:\/\/tabernaculoprensadedios.com\/web\/necesitamos-elevar-la-bandera-de-la-fe-en-el-poder-de-cristo-y-unirnos-en-el-concordato-del-principe-de-paz\/","og_locale":"es_ES","og_type":"article","og_title":"Necesitamos elevar la bandera de la fe en el poder de Cristo y unirnos en el Concordato del Pr\u00edncipe de Paz","og_description":"En el mensaje del profeta Isa\u00edas y en las palabras de Jesucristo, encontramos un llamado a vivir en armon\u00eda con los principios divinos de amor, paz y justicia. Isa\u00edas nos invita a aceptar el Concordato del Pr\u00edncipe de Paz, que es Jesucristo, y a rechazar todo aquello que va en contra de los designios de &hellip;","og_url":"https:\/\/tabernaculoprensadedios.com\/web\/necesitamos-elevar-la-bandera-de-la-fe-en-el-poder-de-cristo-y-unirnos-en-el-concordato-del-principe-de-paz\/","og_site_name":"Tabernaculo Prensa de Dios","article_published_time":"2024-02-06T14:07:59+00:00","article_modified_time":"2024-02-06T14:18:12+00:00","og_image":[{"width":1280,"height":854,"url":"https:\/\/tabernaculoprensadedios.com\/web\/wp-content\/uploads\/2024\/02\/Principe-de-Paz.jpg","type":"image\/jpeg"}],"author":"tabernaculo","twitter_card":"summary_large_image","twitter_creator":"@PrensadeDios","twitter_site":"@PrensadeDios","twitter_misc":{"Escrito por":"tabernaculo","Tiempo de lectura":"2 minutos"},"schema":{"@context":"https:\/\/schema.org","@graph":[{"@type":"Article","@id":"https:\/\/tabernaculoprensadedios.com\/web\/necesitamos-elevar-la-bandera-de-la-fe-en-el-poder-de-cristo-y-unirnos-en-el-concordato-del-principe-de-paz\/#article","isPartOf":{"@id":"https:\/\/tabernaculoprensadedios.com\/web\/necesitamos-elevar-la-bandera-de-la-fe-en-el-poder-de-cristo-y-unirnos-en-el-concordato-del-principe-de-paz\/"},"author":{"name":"tabernaculo","@id":"https:\/\/tabernaculoprensadedios.com\/web\/#\/schema\/person\/bc0e069fef56b38e177db6f098ae0b6e"},"headline":"Necesitamos elevar la bandera de la fe en el poder de Cristo y unirnos en el Concordato del Pr\u00edncipe de Paz","datePublished":"2024-02-06T14:07:59+00:00","dateModified":"2024-02-06T14:18:12+00:00","mainEntityOfPage":{"@id":"https:\/\/tabernaculoprensadedios.com\/web\/necesitamos-elevar-la-bandera-de-la-fe-en-el-poder-de-cristo-y-unirnos-en-el-concordato-del-principe-de-paz\/"},"wordCount":306,"commentCount":0,"publisher":{"@id":"https:\/\/tabernaculoprensadedios.com\/web\/#\/schema\/person\/bc0e069fef56b38e177db6f098ae0b6e"},"image":{"@id":"https:\/\/tabernaculoprensadedios.com\/web\/necesitamos-elevar-la-bandera-de-la-fe-en-el-poder-de-cristo-y-unirnos-en-el-concordato-del-principe-de-paz\/#primaryimage"},"thumbnailUrl":"https:\/\/tabernaculoprensadedios.com\/web\/wp-content\/uploads\/2024\/02\/Principe-de-Paz.jpg","articleSection":["Principal"],"inLanguage":"es","potentialAction":[{"@type":"CommentAction","name":"Comment","target":["https:\/\/tabernaculoprensadedios.com\/web\/necesitamos-elevar-la-bandera-de-la-fe-en-el-poder-de-cristo-y-unirnos-en-el-concordato-del-principe-de-paz\/#respond"]}]},{"@type":"WebPage","@id":"https:\/\/tabernaculoprensadedios.com\/web\/necesitamos-elevar-la-bandera-de-la-fe-en-el-poder-de-cristo-y-unirnos-en-el-concordato-del-principe-de-paz\/","url":"https:\/\/tabernaculoprensadedios.com\/web\/necesitamos-elevar-la-bandera-de-la-fe-en-el-poder-de-cristo-y-unirnos-en-el-concordato-del-principe-de-paz\/","name":"Necesitamos elevar la bandera de la fe en el poder de Cristo y unirnos en el Concordato del Pr\u00edncipe de Paz - Tabernaculo Prensa de Dios","isPartOf":{"@id":"https:\/\/tabernaculoprensadedios.com\/web\/#website"},"primaryImageOfPage":{"@id":"https:\/\/tabernaculoprensadedios.com\/web\/necesitamos-elevar-la-bandera-de-la-fe-en-el-poder-de-cristo-y-unirnos-en-el-concordato-del-principe-de-paz\/#primaryimage"},"image":{"@id":"https:\/\/tabernaculoprensadedios.com\/web\/necesitamos-elevar-la-bandera-de-la-fe-en-el-poder-de-cristo-y-unirnos-en-el-concordato-del-principe-de-paz\/#primaryimage"},"thumbnailUrl":"https:\/\/tabernaculoprensadedios.com\/web\/wp-content\/uploads\/2024\/02\/Principe-de-Paz.jpg","datePublished":"2024-02-06T14:07:59+00:00","dateModified":"2024-02-06T14:18:12+00:00","breadcrumb":{"@id":"https:\/\/tabernaculoprensadedios.com\/web\/necesitamos-elevar-la-bandera-de-la-fe-en-el-poder-de-cristo-y-unirnos-en-el-concordato-del-principe-de-paz\/#breadcrumb"},"inLanguage":"es","potentialAction":[{"@type":"ReadAction","target":["https:\/\/tabernaculoprensadedios.com\/web\/necesitamos-elevar-la-bandera-de-la-fe-en-el-poder-de-cristo-y-unirnos-en-el-concordato-del-principe-de-paz\/"]}]},{"@type":"ImageObject","inLanguage":"es","@id":"https:\/\/tabernaculoprensadedios.com\/web\/necesitamos-elevar-la-bandera-de-la-fe-en-el-poder-de-cristo-y-unirnos-en-el-concordato-del-principe-de-paz\/#primaryimage","url":"https:\/\/tabernaculoprensadedios.com\/web\/wp-content\/uploads\/2024\/02\/Principe-de-Paz.jpg","contentUrl":"https:\/\/tabernaculoprensadedios.com\/web\/wp-content\/uploads\/2024\/02\/Principe-de-Paz.jpg","width":1280,"height":854,"caption":"SANIDAD EMOCIONAL"},{"@type":"BreadcrumbList","@id":"https:\/\/tabernaculoprensadedios.com\/web\/necesitamos-elevar-la-bandera-de-la-fe-en-el-poder-de-cristo-y-unirnos-en-el-concordato-del-principe-de-paz\/#breadcrumb","itemListElement":[{"@type":"ListItem","position":1,"name":"Portada","item":"https:\/\/tabernaculoprensadedios.com\/web\/"},{"@type":"ListItem","position":2,"name":"Necesitamos elevar la bandera de la fe en el poder de Cristo y unirnos en el Concordato del Pr\u00edncipe de Paz"}]},{"@type":"WebSite","@id":"https:\/\/tabernaculoprensadedios.com\/web\/#website","url":"https:\/\/tabernaculoprensadedios.com\/web\/","name":"Tabernaculo Prensa de Dios","description":"Un medio a la manera de Dios","publisher":{"@id":"https:\/\/tabernaculoprensadedios.com\/web\/#\/schema\/person\/bc0e069fef56b38e177db6f098ae0b6e"},"potentialAction":[{"@type":"SearchAction","target":{"@type":"EntryPoint","urlTemplate":"https:\/\/tabernaculoprensadedios.com\/web\/?s={search_term_string}"},"query-input":{"@type":"PropertyValueSpecification","valueRequired":true,"valueName":"search_term_string"}}],"inLanguage":"es"},{"@type":["Person","Organization"],"@id":"https:\/\/tabernaculoprensadedios.com\/web\/#\/schema\/person\/bc0e069fef56b38e177db6f098ae0b6e","name":"tabernaculo","image":{"@type":"ImageObject","inLanguage":"es","@id":"https:\/\/tabernaculoprensadedios.com\/web\/#\/schema\/person\/image\/","url":"https:\/\/tabernaculoprensadedios.com\/web\/wp-content\/uploads\/2015\/06\/login-logo1.png","contentUrl":"https:\/\/tabernaculoprensadedios.com\/web\/wp-content\/uploads\/2015\/06\/login-logo1.png","width":300,"height":118,"caption":"tabernaculo"},"logo":{"@id":"https:\/\/tabernaculoprensadedios.com\/web\/#\/schema\/person\/image\/"},"url":"https:\/\/tabernaculoprensadedios.com\/web\/author\/tabernaculo\/"}]}},"_links":{"self":[{"href":"https:\/\/tabernaculoprensadedios.com\/web\/wp-json\/wp\/v2\/posts\/30136","targetHints":{"allow":["GET"]}}],"collection":[{"href":"https:\/\/tabernaculoprensadedios.com\/web\/wp-json\/wp\/v2\/posts"}],"about":[{"href":"https:\/\/tabernaculoprensadedios.com\/web\/wp-json\/wp\/v2\/types\/post"}],"author":[{"embeddable":true,"href":"https:\/\/tabernaculoprensadedios.com\/web\/wp-json\/wp\/v2\/users\/1"}],"replies":[{"embeddable":true,"href":"https:\/\/tabernaculoprensadedios.com\/web\/wp-json\/wp\/v2\/comments?post=30136"}],"version-history":[{"count":3,"href":"https:\/\/tabernaculoprensadedios.com\/web\/wp-json\/wp\/v2\/posts\/30136\/revisions"}],"predecessor-version":[{"id":30140,"href":"https:\/\/tabernaculoprensadedios.com\/web\/wp-json\/wp\/v2\/posts\/30136\/revisions\/30140"}],"wp:featuredmedia":[{"embeddable":true,"href":"https:\/\/tabernaculoprensadedios.com\/web\/wp-json\/wp\/v2\/media\/30137"}],"wp:attachment":[{"href":"https:\/\/tabernaculoprensadedios.com\/web\/wp-json\/wp\/v2\/media?parent=30136"}],"wp:term":[{"taxonomy":"category","embeddable":true,"href":"https:\/\/tabernaculoprensadedios.com\/web\/wp-json\/wp\/v2\/categories?post=30136"},{"taxonomy":"post_tag","embeddable":true,"href":"https:\/\/tabernaculoprensadedios.com\/web\/wp-json\/wp\/v2\/tags?post=30136"}],"curies":[{"name":"wp","href":"https:\/\/api.w.org\/{rel}","templated":true}]}}