{"id":30133,"date":"2024-02-05T14:54:09","date_gmt":"2024-02-05T14:54:09","guid":{"rendered":"https:\/\/tabernaculoprensadedios.com\/web\/?p=30133"},"modified":"2024-02-05T14:54:09","modified_gmt":"2024-02-05T14:54:09","slug":"iglesia-fundamento-biblico-realiza-conferencia-sobre-etica-ministerial","status":"publish","type":"post","link":"https:\/\/tabernaculoprensadedios.com\/web\/iglesia-fundamento-biblico-realiza-conferencia-sobre-etica-ministerial\/","title":{"rendered":"Iglesia Fundamento B\u00edblico realiza conferencia sobre \u00c9tica Ministerial"},"content":{"rendered":"<p>La Iglesia Fundamento B\u00edblico (IFB) dio apertura el s\u00e1bado 27 de enero a un nuevo programa de capacitaci\u00f3n pastoral 2024, con la conferencia \u00ab\u00c9tica Ministerial\u00bb, a cargo de \u00a0Samuel Nina, pastor de la Iglesia B\u00edblica Bautista de San Crist\u00f3bal.<\/p>\n<p>En el encuentro celebrado en las instalaciones de la IFB de Ensanche Ozama, participaron 135 pastores y l\u00edderes del municipio de Santo Domingo Este. En el mismo el pastor Nina, hizo \u00e9nfasis acerca del valor de la integridad que debe caracterizar a todo pastor y laicos que profesan una fe en Cristo.<\/p>\n<p>El pastor Nina dice que la integridad siempre lleva a las personas a hacer lo que es correcto, aunque no siempre ser\u00e1 f\u00e1cil. Aqu\u00ed entonces es donde entran en juego los problemas de la \u00e9tica que a su juicio no son tan sencillos. \u00abPorque la \u00e9tica es tan dif\u00edcil? Porque uno no sabe qu\u00e9 decidir\u00bb, a\u00f1adi\u00f3.<\/p>\n<p>En otro aspecto de su conferencia, el ponente Samuel Nina hizo referencia a las denominadas \u00abtres f\u00bb es decir la falda, la fama y la fortuna, aplicadas al ministerio de los pastores; situaciones que de acuerdo con Nina pueden afectar la vida del pastor, afectar la familia y la congregaci\u00f3n.<\/p>\n<p>En el encuentro el pastor Angel Castillo, dijo que gracias a Dios una vez m\u00e1s se pudo iniciar las capacitaciones pastorales con una asistencia de 135 pastores y l\u00edderes de municipio SDE.<\/p>\n<p>En el encuentro el pastor Castillo inform\u00f3 una jornada de orientaci\u00f3n para el mes de abril a cargo de representantes del Consejo Nacional de Drogas (CND), quienes en una intervenci\u00f3n detallaron a los presentes el cat\u00e1logo de servicios que ofrece su Departamento de Prevenci\u00f3n Comunitaria (DPC).<\/p>\n<p>Los pastores presentes tambi\u00e9n, recibieron la visita de una comisi\u00f3n como parte del programa de capacitaci\u00f3n pastoral del\u00a0 Colegio B\u00edblico Bautista de Clear Creek de la universidad cristiana privada en Pineville, Kentucky, los cuales tienen planes de promover sus planes de educaci\u00f3n teol\u00f3gica en Rep. Dom.<\/p>\n","protected":false},"excerpt":{"rendered":"<p>La Iglesia Fundamento B\u00edblico (IFB) dio apertura el s\u00e1bado 27 de enero a un nuevo programa de capacitaci\u00f3n pastoral 2024, con la conferencia \u00ab\u00c9tica Ministerial\u00bb, a cargo de \u00a0Samuel Nina, pastor de la Iglesia B\u00edblica Bautista de San Crist\u00f3bal. En el encuentro celebrado en las instalaciones de la IFB de Ensanche Ozama, participaron 135 pastores &hellip;<\/p>\n","protected":false},"author":1,"featured_media":30134,"comment_status":"open","ping_status":"open","sticky":false,"template":"","format":"standard","meta":{"footnotes":""},"categories":[39],"tags":[],"class_list":["post-30133","post","type-post","status-publish","format-standard","has-post-thumbnail","hentry","category-almomento"],"yoast_head":"<!-- This site is optimized with the Yoast SEO Premium plugin v24.2 (Yoast SEO v27.1.1) - https:\/\/yoast.com\/product\/yoast-seo-premium-wordpress\/ -->\n<title>Iglesia Fundamento B\u00edblico realiza conferencia sobre \u00c9tica Ministerial - Tabernaculo Prensa de Dios<\/title>\n<meta name=\"robots\" content=\"index, follow, max-snippet:-1, max-image-preview:large, max-video-preview:-1\" \/>\n<link rel=\"canonical\" href=\"https:\/\/tabernaculoprensadedios.com\/web\/iglesia-fundamento-biblico-realiza-conferencia-sobre-etica-ministerial\/\" class=\"yoast-seo-meta-tag\" \/>\n<meta property=\"og:locale\" content=\"es_ES\" class=\"yoast-seo-meta-tag\" \/>\n<meta property=\"og:type\" content=\"article\" class=\"yoast-seo-meta-tag\" \/>\n<meta property=\"og:title\" content=\"Iglesia Fundamento B\u00edblico realiza conferencia sobre \u00c9tica Ministerial\" class=\"yoast-seo-meta-tag\" \/>\n<meta property=\"og:description\" content=\"La Iglesia Fundamento B\u00edblico (IFB) dio apertura el s\u00e1bado 27 de enero a un nuevo programa de capacitaci\u00f3n pastoral 2024, con la conferencia \u00ab\u00c9tica Ministerial\u00bb, a cargo de \u00a0Samuel Nina, pastor de la Iglesia B\u00edblica Bautista de San Crist\u00f3bal. En el encuentro celebrado en las instalaciones de la IFB de Ensanche Ozama, participaron 135 pastores &hellip;\" class=\"yoast-seo-meta-tag\" \/>\n<meta property=\"og:url\" content=\"https:\/\/tabernaculoprensadedios.com\/web\/iglesia-fundamento-biblico-realiza-conferencia-sobre-etica-ministerial\/\" class=\"yoast-seo-meta-tag\" \/>\n<meta property=\"og:site_name\" content=\"Tabernaculo Prensa de Dios\" class=\"yoast-seo-meta-tag\" \/>\n<meta property=\"article:published_time\" content=\"2024-02-05T14:54:09+00:00\" class=\"yoast-seo-meta-tag\" \/>\n<meta property=\"og:image\" content=\"https:\/\/tabernaculoprensadedios.com\/web\/wp-content\/uploads\/2024\/02\/Iglesia-Fundamento-.jpg\" class=\"yoast-seo-meta-tag\" \/>\n\t<meta property=\"og:image:width\" content=\"2000\" class=\"yoast-seo-meta-tag\" \/>\n\t<meta property=\"og:image:height\" content=\"1600\" class=\"yoast-seo-meta-tag\" \/>\n\t<meta property=\"og:image:type\" content=\"image\/jpeg\" class=\"yoast-seo-meta-tag\" \/>\n<meta name=\"author\" content=\"tabernaculo\" class=\"yoast-seo-meta-tag\" \/>\n<meta name=\"twitter:card\" content=\"summary_large_image\" class=\"yoast-seo-meta-tag\" \/>\n<meta name=\"twitter:creator\" content=\"@PrensadeDios\" class=\"yoast-seo-meta-tag\" \/>\n<meta name=\"twitter:site\" content=\"@PrensadeDios\" class=\"yoast-seo-meta-tag\" \/>\n<meta name=\"twitter:label1\" content=\"Escrito por\" class=\"yoast-seo-meta-tag\" \/>\n\t<meta name=\"twitter:data1\" content=\"tabernaculo\" class=\"yoast-seo-meta-tag\" \/>\n\t<meta name=\"twitter:label2\" content=\"Tiempo de lectura\" class=\"yoast-seo-meta-tag\" \/>\n\t<meta name=\"twitter:data2\" content=\"2 minutos\" class=\"yoast-seo-meta-tag\" \/>\n<script type=\"application\/ld+json\" class=\"yoast-schema-graph\">{\"@context\":\"https:\/\/schema.org\",\"@graph\":[{\"@type\":\"Article\",\"@id\":\"https:\/\/tabernaculoprensadedios.com\/web\/iglesia-fundamento-biblico-realiza-conferencia-sobre-etica-ministerial\/#article\",\"isPartOf\":{\"@id\":\"https:\/\/tabernaculoprensadedios.com\/web\/iglesia-fundamento-biblico-realiza-conferencia-sobre-etica-ministerial\/\"},\"author\":{\"name\":\"tabernaculo\",\"@id\":\"https:\/\/tabernaculoprensadedios.com\/web\/#\/schema\/person\/bc0e069fef56b38e177db6f098ae0b6e\"},\"headline\":\"Iglesia Fundamento B\u00edblico realiza conferencia sobre \u00c9tica Ministerial\",\"datePublished\":\"2024-02-05T14:54:09+00:00\",\"mainEntityOfPage\":{\"@id\":\"https:\/\/tabernaculoprensadedios.com\/web\/iglesia-fundamento-biblico-realiza-conferencia-sobre-etica-ministerial\/\"},\"wordCount\":348,\"commentCount\":0,\"publisher\":{\"@id\":\"https:\/\/tabernaculoprensadedios.com\/web\/#\/schema\/person\/bc0e069fef56b38e177db6f098ae0b6e\"},\"image\":{\"@id\":\"https:\/\/tabernaculoprensadedios.com\/web\/iglesia-fundamento-biblico-realiza-conferencia-sobre-etica-ministerial\/#primaryimage\"},\"thumbnailUrl\":\"https:\/\/tabernaculoprensadedios.com\/web\/wp-content\/uploads\/2024\/02\/Iglesia-Fundamento-.jpg\",\"articleSection\":[\"almomento\"],\"inLanguage\":\"es\",\"potentialAction\":[{\"@type\":\"CommentAction\",\"name\":\"Comment\",\"target\":[\"https:\/\/tabernaculoprensadedios.com\/web\/iglesia-fundamento-biblico-realiza-conferencia-sobre-etica-ministerial\/#respond\"]}]},{\"@type\":\"WebPage\",\"@id\":\"https:\/\/tabernaculoprensadedios.com\/web\/iglesia-fundamento-biblico-realiza-conferencia-sobre-etica-ministerial\/\",\"url\":\"https:\/\/tabernaculoprensadedios.com\/web\/iglesia-fundamento-biblico-realiza-conferencia-sobre-etica-ministerial\/\",\"name\":\"Iglesia Fundamento B\u00edblico realiza conferencia sobre \u00c9tica Ministerial - Tabernaculo Prensa de Dios\",\"isPartOf\":{\"@id\":\"https:\/\/tabernaculoprensadedios.com\/web\/#website\"},\"primaryImageOfPage\":{\"@id\":\"https:\/\/tabernaculoprensadedios.com\/web\/iglesia-fundamento-biblico-realiza-conferencia-sobre-etica-ministerial\/#primaryimage\"},\"image\":{\"@id\":\"https:\/\/tabernaculoprensadedios.com\/web\/iglesia-fundamento-biblico-realiza-conferencia-sobre-etica-ministerial\/#primaryimage\"},\"thumbnailUrl\":\"https:\/\/tabernaculoprensadedios.com\/web\/wp-content\/uploads\/2024\/02\/Iglesia-Fundamento-.jpg\",\"datePublished\":\"2024-02-05T14:54:09+00:00\",\"breadcrumb\":{\"@id\":\"https:\/\/tabernaculoprensadedios.com\/web\/iglesia-fundamento-biblico-realiza-conferencia-sobre-etica-ministerial\/#breadcrumb\"},\"inLanguage\":\"es\",\"potentialAction\":[{\"@type\":\"ReadAction\",\"target\":[\"https:\/\/tabernaculoprensadedios.com\/web\/iglesia-fundamento-biblico-realiza-conferencia-sobre-etica-ministerial\/\"]}]},{\"@type\":\"ImageObject\",\"inLanguage\":\"es\",\"@id\":\"https:\/\/tabernaculoprensadedios.com\/web\/iglesia-fundamento-biblico-realiza-conferencia-sobre-etica-ministerial\/#primaryimage\",\"url\":\"https:\/\/tabernaculoprensadedios.com\/web\/wp-content\/uploads\/2024\/02\/Iglesia-Fundamento-.jpg\",\"contentUrl\":\"https:\/\/tabernaculoprensadedios.com\/web\/wp-content\/uploads\/2024\/02\/Iglesia-Fundamento-.jpg\",\"width\":2000,\"height\":1600},{\"@type\":\"BreadcrumbList\",\"@id\":\"https:\/\/tabernaculoprensadedios.com\/web\/iglesia-fundamento-biblico-realiza-conferencia-sobre-etica-ministerial\/#breadcrumb\",\"itemListElement\":[{\"@type\":\"ListItem\",\"position\":1,\"name\":\"Portada\",\"item\":\"https:\/\/tabernaculoprensadedios.com\/web\/\"},{\"@type\":\"ListItem\",\"position\":2,\"name\":\"Iglesia Fundamento B\u00edblico realiza conferencia sobre \u00c9tica Ministerial\"}]},{\"@type\":\"WebSite\",\"@id\":\"https:\/\/tabernaculoprensadedios.com\/web\/#website\",\"url\":\"https:\/\/tabernaculoprensadedios.com\/web\/\",\"name\":\"Tabernaculo Prensa de Dios\",\"description\":\"Un medio a la manera de Dios\",\"publisher\":{\"@id\":\"https:\/\/tabernaculoprensadedios.com\/web\/#\/schema\/person\/bc0e069fef56b38e177db6f098ae0b6e\"},\"potentialAction\":[{\"@type\":\"SearchAction\",\"target\":{\"@type\":\"EntryPoint\",\"urlTemplate\":\"https:\/\/tabernaculoprensadedios.com\/web\/?s={search_term_string}\"},\"query-input\":{\"@type\":\"PropertyValueSpecification\",\"valueRequired\":true,\"valueName\":\"search_term_string\"}}],\"inLanguage\":\"es\"},{\"@type\":[\"Person\",\"Organization\"],\"@id\":\"https:\/\/tabernaculoprensadedios.com\/web\/#\/schema\/person\/bc0e069fef56b38e177db6f098ae0b6e\",\"name\":\"tabernaculo\",\"image\":{\"@type\":\"ImageObject\",\"inLanguage\":\"es\",\"@id\":\"https:\/\/tabernaculoprensadedios.com\/web\/#\/schema\/person\/image\/\",\"url\":\"https:\/\/tabernaculoprensadedios.com\/web\/wp-content\/uploads\/2015\/06\/login-logo1.png\",\"contentUrl\":\"https:\/\/tabernaculoprensadedios.com\/web\/wp-content\/uploads\/2015\/06\/login-logo1.png\",\"width\":300,\"height\":118,\"caption\":\"tabernaculo\"},\"logo\":{\"@id\":\"https:\/\/tabernaculoprensadedios.com\/web\/#\/schema\/person\/image\/\"},\"url\":\"https:\/\/tabernaculoprensadedios.com\/web\/author\/tabernaculo\/\"}]}<\/script>\n<!-- \/ Yoast SEO Premium plugin. -->","yoast_head_json":{"title":"Iglesia Fundamento B\u00edblico realiza conferencia sobre \u00c9tica Ministerial - Tabernaculo Prensa de Dios","robots":{"index":"index","follow":"follow","max-snippet":"max-snippet:-1","max-image-preview":"max-image-preview:large","max-video-preview":"max-video-preview:-1"},"canonical":"https:\/\/tabernaculoprensadedios.com\/web\/iglesia-fundamento-biblico-realiza-conferencia-sobre-etica-ministerial\/","og_locale":"es_ES","og_type":"article","og_title":"Iglesia Fundamento B\u00edblico realiza conferencia sobre \u00c9tica Ministerial","og_description":"La Iglesia Fundamento B\u00edblico (IFB) dio apertura el s\u00e1bado 27 de enero a un nuevo programa de capacitaci\u00f3n pastoral 2024, con la conferencia \u00ab\u00c9tica Ministerial\u00bb, a cargo de \u00a0Samuel Nina, pastor de la Iglesia B\u00edblica Bautista de San Crist\u00f3bal. En el encuentro celebrado en las instalaciones de la IFB de Ensanche Ozama, participaron 135 pastores &hellip;","og_url":"https:\/\/tabernaculoprensadedios.com\/web\/iglesia-fundamento-biblico-realiza-conferencia-sobre-etica-ministerial\/","og_site_name":"Tabernaculo Prensa de Dios","article_published_time":"2024-02-05T14:54:09+00:00","og_image":[{"width":2000,"height":1600,"url":"https:\/\/tabernaculoprensadedios.com\/web\/wp-content\/uploads\/2024\/02\/Iglesia-Fundamento-.jpg","type":"image\/jpeg"}],"author":"tabernaculo","twitter_card":"summary_large_image","twitter_creator":"@PrensadeDios","twitter_site":"@PrensadeDios","twitter_misc":{"Escrito por":"tabernaculo","Tiempo de lectura":"2 minutos"},"schema":{"@context":"https:\/\/schema.org","@graph":[{"@type":"Article","@id":"https:\/\/tabernaculoprensadedios.com\/web\/iglesia-fundamento-biblico-realiza-conferencia-sobre-etica-ministerial\/#article","isPartOf":{"@id":"https:\/\/tabernaculoprensadedios.com\/web\/iglesia-fundamento-biblico-realiza-conferencia-sobre-etica-ministerial\/"},"author":{"name":"tabernaculo","@id":"https:\/\/tabernaculoprensadedios.com\/web\/#\/schema\/person\/bc0e069fef56b38e177db6f098ae0b6e"},"headline":"Iglesia Fundamento B\u00edblico realiza conferencia sobre \u00c9tica Ministerial","datePublished":"2024-02-05T14:54:09+00:00","mainEntityOfPage":{"@id":"https:\/\/tabernaculoprensadedios.com\/web\/iglesia-fundamento-biblico-realiza-conferencia-sobre-etica-ministerial\/"},"wordCount":348,"commentCount":0,"publisher":{"@id":"https:\/\/tabernaculoprensadedios.com\/web\/#\/schema\/person\/bc0e069fef56b38e177db6f098ae0b6e"},"image":{"@id":"https:\/\/tabernaculoprensadedios.com\/web\/iglesia-fundamento-biblico-realiza-conferencia-sobre-etica-ministerial\/#primaryimage"},"thumbnailUrl":"https:\/\/tabernaculoprensadedios.com\/web\/wp-content\/uploads\/2024\/02\/Iglesia-Fundamento-.jpg","articleSection":["almomento"],"inLanguage":"es","potentialAction":[{"@type":"CommentAction","name":"Comment","target":["https:\/\/tabernaculoprensadedios.com\/web\/iglesia-fundamento-biblico-realiza-conferencia-sobre-etica-ministerial\/#respond"]}]},{"@type":"WebPage","@id":"https:\/\/tabernaculoprensadedios.com\/web\/iglesia-fundamento-biblico-realiza-conferencia-sobre-etica-ministerial\/","url":"https:\/\/tabernaculoprensadedios.com\/web\/iglesia-fundamento-biblico-realiza-conferencia-sobre-etica-ministerial\/","name":"Iglesia Fundamento B\u00edblico realiza conferencia sobre \u00c9tica Ministerial - Tabernaculo Prensa de Dios","isPartOf":{"@id":"https:\/\/tabernaculoprensadedios.com\/web\/#website"},"primaryImageOfPage":{"@id":"https:\/\/tabernaculoprensadedios.com\/web\/iglesia-fundamento-biblico-realiza-conferencia-sobre-etica-ministerial\/#primaryimage"},"image":{"@id":"https:\/\/tabernaculoprensadedios.com\/web\/iglesia-fundamento-biblico-realiza-conferencia-sobre-etica-ministerial\/#primaryimage"},"thumbnailUrl":"https:\/\/tabernaculoprensadedios.com\/web\/wp-content\/uploads\/2024\/02\/Iglesia-Fundamento-.jpg","datePublished":"2024-02-05T14:54:09+00:00","breadcrumb":{"@id":"https:\/\/tabernaculoprensadedios.com\/web\/iglesia-fundamento-biblico-realiza-conferencia-sobre-etica-ministerial\/#breadcrumb"},"inLanguage":"es","potentialAction":[{"@type":"ReadAction","target":["https:\/\/tabernaculoprensadedios.com\/web\/iglesia-fundamento-biblico-realiza-conferencia-sobre-etica-ministerial\/"]}]},{"@type":"ImageObject","inLanguage":"es","@id":"https:\/\/tabernaculoprensadedios.com\/web\/iglesia-fundamento-biblico-realiza-conferencia-sobre-etica-ministerial\/#primaryimage","url":"https:\/\/tabernaculoprensadedios.com\/web\/wp-content\/uploads\/2024\/02\/Iglesia-Fundamento-.jpg","contentUrl":"https:\/\/tabernaculoprensadedios.com\/web\/wp-content\/uploads\/2024\/02\/Iglesia-Fundamento-.jpg","width":2000,"height":1600},{"@type":"BreadcrumbList","@id":"https:\/\/tabernaculoprensadedios.com\/web\/iglesia-fundamento-biblico-realiza-conferencia-sobre-etica-ministerial\/#breadcrumb","itemListElement":[{"@type":"ListItem","position":1,"name":"Portada","item":"https:\/\/tabernaculoprensadedios.com\/web\/"},{"@type":"ListItem","position":2,"name":"Iglesia Fundamento B\u00edblico realiza conferencia sobre \u00c9tica Ministerial"}]},{"@type":"WebSite","@id":"https:\/\/tabernaculoprensadedios.com\/web\/#website","url":"https:\/\/tabernaculoprensadedios.com\/web\/","name":"Tabernaculo Prensa de Dios","description":"Un medio a la manera de Dios","publisher":{"@id":"https:\/\/tabernaculoprensadedios.com\/web\/#\/schema\/person\/bc0e069fef56b38e177db6f098ae0b6e"},"potentialAction":[{"@type":"SearchAction","target":{"@type":"EntryPoint","urlTemplate":"https:\/\/tabernaculoprensadedios.com\/web\/?s={search_term_string}"},"query-input":{"@type":"PropertyValueSpecification","valueRequired":true,"valueName":"search_term_string"}}],"inLanguage":"es"},{"@type":["Person","Organization"],"@id":"https:\/\/tabernaculoprensadedios.com\/web\/#\/schema\/person\/bc0e069fef56b38e177db6f098ae0b6e","name":"tabernaculo","image":{"@type":"ImageObject","inLanguage":"es","@id":"https:\/\/tabernaculoprensadedios.com\/web\/#\/schema\/person\/image\/","url":"https:\/\/tabernaculoprensadedios.com\/web\/wp-content\/uploads\/2015\/06\/login-logo1.png","contentUrl":"https:\/\/tabernaculoprensadedios.com\/web\/wp-content\/uploads\/2015\/06\/login-logo1.png","width":300,"height":118,"caption":"tabernaculo"},"logo":{"@id":"https:\/\/tabernaculoprensadedios.com\/web\/#\/schema\/person\/image\/"},"url":"https:\/\/tabernaculoprensadedios.com\/web\/author\/tabernaculo\/"}]}},"_links":{"self":[{"href":"https:\/\/tabernaculoprensadedios.com\/web\/wp-json\/wp\/v2\/posts\/30133","targetHints":{"allow":["GET"]}}],"collection":[{"href":"https:\/\/tabernaculoprensadedios.com\/web\/wp-json\/wp\/v2\/posts"}],"about":[{"href":"https:\/\/tabernaculoprensadedios.com\/web\/wp-json\/wp\/v2\/types\/post"}],"author":[{"embeddable":true,"href":"https:\/\/tabernaculoprensadedios.com\/web\/wp-json\/wp\/v2\/users\/1"}],"replies":[{"embeddable":true,"href":"https:\/\/tabernaculoprensadedios.com\/web\/wp-json\/wp\/v2\/comments?post=30133"}],"version-history":[{"count":1,"href":"https:\/\/tabernaculoprensadedios.com\/web\/wp-json\/wp\/v2\/posts\/30133\/revisions"}],"predecessor-version":[{"id":30135,"href":"https:\/\/tabernaculoprensadedios.com\/web\/wp-json\/wp\/v2\/posts\/30133\/revisions\/30135"}],"wp:featuredmedia":[{"embeddable":true,"href":"https:\/\/tabernaculoprensadedios.com\/web\/wp-json\/wp\/v2\/media\/30134"}],"wp:attachment":[{"href":"https:\/\/tabernaculoprensadedios.com\/web\/wp-json\/wp\/v2\/media?parent=30133"}],"wp:term":[{"taxonomy":"category","embeddable":true,"href":"https:\/\/tabernaculoprensadedios.com\/web\/wp-json\/wp\/v2\/categories?post=30133"},{"taxonomy":"post_tag","embeddable":true,"href":"https:\/\/tabernaculoprensadedios.com\/web\/wp-json\/wp\/v2\/tags?post=30133"}],"curies":[{"name":"wp","href":"https:\/\/api.w.org\/{rel}","templated":true}]}}