{"id":30126,"date":"2024-02-05T14:37:02","date_gmt":"2024-02-05T14:37:02","guid":{"rendered":"https:\/\/tabernaculoprensadedios.com\/web\/?p=30126"},"modified":"2024-02-05T14:37:02","modified_gmt":"2024-02-05T14:37:02","slug":"en-tiempos-dificiles-la-fe-prevalece","status":"publish","type":"post","link":"https:\/\/tabernaculoprensadedios.com\/web\/en-tiempos-dificiles-la-fe-prevalece\/","title":{"rendered":"En tiempos dif\u00edciles, la fe prevalece"},"content":{"rendered":"<p>Eliseo pasa de ser un mero personaje que cruza por la vida de la mujer indiferentemente a ser un amigo querido que se hospeda en su casa y que es usado por Dios para concederle a esta mujer el regalo m\u00e1s maravilloso que ella jam\u00e1s hubiera podido concebir que era tener un hijo.<\/p>\n<p>Y seg\u00fan Eliseo hab\u00eda profetizado en el Poder del Esp\u00edritu Santo que esta mujer habr\u00eda de tener un hijo un a\u00f1o despu\u00e9s que \u00e9l diera la Palabra prof\u00e9tica dice que as\u00ed mismo fue, dice que: \u00abLa mujer concibi\u00f3 y di\u00f3 a luz un hijo al a\u00f1o siguiente en el tiempo mismo que Eliseo le hab\u00eda dicho.\u00bb<\/p>\n<p>Ahora en el vers\u00edculo 18 dice que: \u00abY el ni\u00f1o creci\u00f3, pero aconteci\u00f3 un d\u00eda que vino a su padre que estaba con los segadores y dijo a su padre: \u00a1ay mi cabeza, mi cabeza! y el padre dijo a un criado: ll\u00e9valo a su madre, y habi\u00e9ndolo \u00e9l tomado y llevado a su madre, estuvo sentado en sus rodillas hasta el medio d\u00eda, y muri\u00f3.\u00bb<\/p>\n<p>Aqu\u00ed cambia totalmente el colorido de este texto, pues despu\u00e9s de esa inicial alegr\u00eda de tener un hijo y probablemente han pasado ya unos a\u00f1os porque este ni\u00f1o habla y est\u00e1 ya con su familia como quiz\u00e1s un peque\u00f1o jovenzuelo, ahora se enferma y alg\u00fan tipo quiz\u00e1s de derrame cerebral o lo que sea, y este ni\u00f1o despu\u00e9s de una peque\u00f1a, breve enfermedad muere en los brazos de su madre.<\/p>\n<p>Y aqu\u00ed vemos algo interesante. El mismo hijo que Dios le ha dado esta mujer ahora fallece. Uno se podr\u00eda preguntar: bueno, si Dios le di\u00f3 este hijo a esta mujer \u00bfno constituir\u00eda eso como un seguro de vida que este ni\u00f1o iba a estar completamente protegido y sellado contra todo tipo de enfermedades y de accidentes, de golpes y a\u00fan de muerte? uno pensar\u00eda que son as\u00ed las cosas \u00bfno? que cuando Dios nos bendice de una manera es como definitivo y 360 grados, para siempre y que nunca va a venir algo negativo a ese aspecto de nuestra vida.<\/p>\n<p>Aqu\u00ed vemos algo y es que la adversidad viene en cualquier situaci\u00f3n. Dios lo trajo a esta mujer pero era un ni\u00f1o normal. El acto prof\u00e9tico y milagroso de Dios fue darle un hijo pero los milagros de Dios son espec\u00edficos, son concentrados, y entonces ahora este ni\u00f1o habr\u00eda de vivir una jornada como cualquier otro ni\u00f1o normal, y en ese caso, en esta mujer tan bendecida llega la adversidad y el infortunio.<\/p>\n<p>Yo siempre les digo a mis feligreses que nosotros tenemos que estar preparados para cuando vengan los dolores, cuando vengan los contratiempos, las adversidades en nuestra vida porque tarde o temprano han de venir, a\u00fan en la vida de la gente m\u00e1s bendecida y m\u00e1s protegida por Dios. \u00bfPor qu\u00e9? porque muchas veces Dios ha de usar esas tragedias y esos contratiempos para desplegar otras dimensiones de Su Persona, de Su Poder y de Su relaci\u00f3n con nosotros.<\/p>\n<p>El hecho de que este ni\u00f1o muere abre una serie de eventos que han de ilustrar otra serie de dimensiones de la vida del esp\u00edritu, y eso es lo que hacen a veces las adversidades, prepararnos para entrarnos a\u00fan m\u00e1s profundamente en nuestra relaci\u00f3n con Dios.<\/p>\n<p>Pues esta mujer, cuando su hijo muere, f\u00edjese la fe de ella. Por eso es que es tan importante el car\u00e1cter y la cercan\u00eda con Dios, porque cuando vienen las pruebas y las dificultades, entonces tenemos las herramientas y las facultades espirituales que nos permiten lidiar efectivamente con la adversidad.<\/p>\n<p>Esta mujer no se echa a morir all\u00ed, no se da por vencida, no se deprime, no reniega de Dios, no se congela en medio de su crisis, sino que lo que ella hace es que: \u00abToma a su hijo,\u00bb dice, \u00aby lo lleva al aposento donde el var\u00f3n de Dios se quedaba cuando pasaba por all\u00e1, y puso a su hijo muerto sobre la cama del profeta, y cerrando la puerta se sali\u00f3.\u00bb<\/p>\n<p>Wow qu\u00e9 maravillosa idea \u00bfno? esta mujer discerniendo por medio del Esp\u00edritu Santo toma el problema, el hijo muerto, y lo entra por as\u00ed decirlo en la dimensi\u00f3n del Esp\u00edritu. Este hijo bendecido y provisto por Dios ella como que intuye: es responsabilidad de Dios.<\/p>\n<p>Ella tiene la suficiente fe como para creer que Dios puede resucitar a su hijo, devolv\u00e9rselo, y por eso lo mete en el lugar donde el profeta mora, que es una gran lecci\u00f3n para nosotros, porque cuando nosotros tenemos problemas en nuestra vida, cuando vienen las situaciones de dificultad \u00bfqu\u00e9 tenemos que hacer? en vez de desperarnos l o que tenemos que hacer es traer nuestra necesidad y meterla en el \u00e1mbito divino por medio \u00bfde qu\u00e9? de la oraci\u00f3n, por medio de la oraci\u00f3n, por medio del clamor, el ayuno. Tenemos que invitar a Dios a entrar o nosotros entrar nuestro problema en el \u00e1mbito de la gracia y el Trono de Dios.<\/p>\n<p>Hay muchos pasajes donde vemos as\u00ed esta idea \u00bfno? el ap\u00f3stol Pablo dice: \u00abPor nada est\u00e9is afanosos, sino sean conocidas vuestras peticiones en toda oraci\u00f3n y ruego.\u00bb En otras palabras: en vez de estar deprimi\u00e9ndonos, llen\u00e1ndonos de tristeza o de ansiedad lo que tenemos que hacer es llevar nuestro problema ante el Se\u00f1or, present\u00e1rselo, clamar a \u00c9l, hacerlo a \u00c9l parte de nuestro asunto, en un sentido hacerlo responsable de nuestra respuesta que necesitamos.<\/p>\n<p>A Dios le gusta que lo entremos, que lo retemos inclusive amorosamente a entrar y a bendecir nuestra vida porque cuando \u00c9l nos da algo \u00c9l es consistente, entonces tenemos que creerle a Dios por cosas grandes y maravillosas.<\/p>\n<p>La fe de esta mujer la lleva a meter a su hijo muerto en el \u00e1mbito del profeta y vamos a ver qu\u00e9 sucede en nuestra pr\u00f3xima meditaci\u00f3n. Dios les bendiga.<\/p>\n","protected":false},"excerpt":{"rendered":"<p>Eliseo pasa de ser un mero personaje que cruza por la vida de la mujer indiferentemente a ser un amigo querido que se hospeda en su casa y que es usado por Dios para concederle a esta mujer el regalo m\u00e1s maravilloso que ella jam\u00e1s hubiera podido concebir que era tener un hijo. Y seg\u00fan &hellip;<\/p>\n","protected":false},"author":1,"featured_media":30127,"comment_status":"open","ping_status":"open","sticky":false,"template":"","format":"standard","meta":{"footnotes":""},"categories":[38],"tags":[],"class_list":["post-30126","post","type-post","status-publish","format-standard","has-post-thumbnail","hentry","category-principal"],"yoast_head":"<!-- This site is optimized with the Yoast SEO Premium plugin v24.2 (Yoast SEO v27.1.1) - https:\/\/yoast.com\/product\/yoast-seo-premium-wordpress\/ -->\n<title>En tiempos dif\u00edciles, la fe prevalece - Tabernaculo Prensa de Dios<\/title>\n<meta name=\"robots\" content=\"index, follow, max-snippet:-1, max-image-preview:large, max-video-preview:-1\" \/>\n<link rel=\"canonical\" href=\"https:\/\/tabernaculoprensadedios.com\/web\/en-tiempos-dificiles-la-fe-prevalece\/\" class=\"yoast-seo-meta-tag\" \/>\n<meta property=\"og:locale\" content=\"es_ES\" class=\"yoast-seo-meta-tag\" \/>\n<meta property=\"og:type\" content=\"article\" class=\"yoast-seo-meta-tag\" \/>\n<meta property=\"og:title\" content=\"En tiempos dif\u00edciles, la fe prevalece\" class=\"yoast-seo-meta-tag\" \/>\n<meta property=\"og:description\" content=\"Eliseo pasa de ser un mero personaje que cruza por la vida de la mujer indiferentemente a ser un amigo querido que se hospeda en su casa y que es usado por Dios para concederle a esta mujer el regalo m\u00e1s maravilloso que ella jam\u00e1s hubiera podido concebir que era tener un hijo. Y seg\u00fan &hellip;\" class=\"yoast-seo-meta-tag\" \/>\n<meta property=\"og:url\" content=\"https:\/\/tabernaculoprensadedios.com\/web\/en-tiempos-dificiles-la-fe-prevalece\/\" class=\"yoast-seo-meta-tag\" \/>\n<meta property=\"og:site_name\" content=\"Tabernaculo Prensa de Dios\" class=\"yoast-seo-meta-tag\" \/>\n<meta property=\"article:published_time\" content=\"2024-02-05T14:37:02+00:00\" class=\"yoast-seo-meta-tag\" \/>\n<meta property=\"og:image\" content=\"https:\/\/tabernaculoprensadedios.com\/web\/wp-content\/uploads\/2024\/02\/enfe.jpg\" class=\"yoast-seo-meta-tag\" \/>\n\t<meta property=\"og:image:width\" content=\"1280\" class=\"yoast-seo-meta-tag\" \/>\n\t<meta property=\"og:image:height\" content=\"853\" class=\"yoast-seo-meta-tag\" \/>\n\t<meta property=\"og:image:type\" content=\"image\/jpeg\" class=\"yoast-seo-meta-tag\" \/>\n<meta name=\"author\" content=\"tabernaculo\" class=\"yoast-seo-meta-tag\" \/>\n<meta name=\"twitter:card\" content=\"summary_large_image\" class=\"yoast-seo-meta-tag\" \/>\n<meta name=\"twitter:creator\" content=\"@PrensadeDios\" class=\"yoast-seo-meta-tag\" \/>\n<meta name=\"twitter:site\" content=\"@PrensadeDios\" class=\"yoast-seo-meta-tag\" \/>\n<meta name=\"twitter:label1\" content=\"Escrito por\" class=\"yoast-seo-meta-tag\" \/>\n\t<meta name=\"twitter:data1\" content=\"tabernaculo\" class=\"yoast-seo-meta-tag\" \/>\n\t<meta name=\"twitter:label2\" content=\"Tiempo de lectura\" class=\"yoast-seo-meta-tag\" \/>\n\t<meta name=\"twitter:data2\" content=\"5 minutos\" class=\"yoast-seo-meta-tag\" \/>\n<script type=\"application\/ld+json\" class=\"yoast-schema-graph\">{\"@context\":\"https:\/\/schema.org\",\"@graph\":[{\"@type\":\"Article\",\"@id\":\"https:\/\/tabernaculoprensadedios.com\/web\/en-tiempos-dificiles-la-fe-prevalece\/#article\",\"isPartOf\":{\"@id\":\"https:\/\/tabernaculoprensadedios.com\/web\/en-tiempos-dificiles-la-fe-prevalece\/\"},\"author\":{\"name\":\"tabernaculo\",\"@id\":\"https:\/\/tabernaculoprensadedios.com\/web\/#\/schema\/person\/bc0e069fef56b38e177db6f098ae0b6e\"},\"headline\":\"En tiempos dif\u00edciles, la fe prevalece\",\"datePublished\":\"2024-02-05T14:37:02+00:00\",\"mainEntityOfPage\":{\"@id\":\"https:\/\/tabernaculoprensadedios.com\/web\/en-tiempos-dificiles-la-fe-prevalece\/\"},\"wordCount\":1044,\"commentCount\":0,\"publisher\":{\"@id\":\"https:\/\/tabernaculoprensadedios.com\/web\/#\/schema\/person\/bc0e069fef56b38e177db6f098ae0b6e\"},\"image\":{\"@id\":\"https:\/\/tabernaculoprensadedios.com\/web\/en-tiempos-dificiles-la-fe-prevalece\/#primaryimage\"},\"thumbnailUrl\":\"https:\/\/tabernaculoprensadedios.com\/web\/wp-content\/uploads\/2024\/02\/enfe.jpg\",\"articleSection\":[\"Principal\"],\"inLanguage\":\"es\",\"potentialAction\":[{\"@type\":\"CommentAction\",\"name\":\"Comment\",\"target\":[\"https:\/\/tabernaculoprensadedios.com\/web\/en-tiempos-dificiles-la-fe-prevalece\/#respond\"]}]},{\"@type\":\"WebPage\",\"@id\":\"https:\/\/tabernaculoprensadedios.com\/web\/en-tiempos-dificiles-la-fe-prevalece\/\",\"url\":\"https:\/\/tabernaculoprensadedios.com\/web\/en-tiempos-dificiles-la-fe-prevalece\/\",\"name\":\"En tiempos dif\u00edciles, la fe prevalece - Tabernaculo Prensa de Dios\",\"isPartOf\":{\"@id\":\"https:\/\/tabernaculoprensadedios.com\/web\/#website\"},\"primaryImageOfPage\":{\"@id\":\"https:\/\/tabernaculoprensadedios.com\/web\/en-tiempos-dificiles-la-fe-prevalece\/#primaryimage\"},\"image\":{\"@id\":\"https:\/\/tabernaculoprensadedios.com\/web\/en-tiempos-dificiles-la-fe-prevalece\/#primaryimage\"},\"thumbnailUrl\":\"https:\/\/tabernaculoprensadedios.com\/web\/wp-content\/uploads\/2024\/02\/enfe.jpg\",\"datePublished\":\"2024-02-05T14:37:02+00:00\",\"breadcrumb\":{\"@id\":\"https:\/\/tabernaculoprensadedios.com\/web\/en-tiempos-dificiles-la-fe-prevalece\/#breadcrumb\"},\"inLanguage\":\"es\",\"potentialAction\":[{\"@type\":\"ReadAction\",\"target\":[\"https:\/\/tabernaculoprensadedios.com\/web\/en-tiempos-dificiles-la-fe-prevalece\/\"]}]},{\"@type\":\"ImageObject\",\"inLanguage\":\"es\",\"@id\":\"https:\/\/tabernaculoprensadedios.com\/web\/en-tiempos-dificiles-la-fe-prevalece\/#primaryimage\",\"url\":\"https:\/\/tabernaculoprensadedios.com\/web\/wp-content\/uploads\/2024\/02\/enfe.jpg\",\"contentUrl\":\"https:\/\/tabernaculoprensadedios.com\/web\/wp-content\/uploads\/2024\/02\/enfe.jpg\",\"width\":1280,\"height\":853},{\"@type\":\"BreadcrumbList\",\"@id\":\"https:\/\/tabernaculoprensadedios.com\/web\/en-tiempos-dificiles-la-fe-prevalece\/#breadcrumb\",\"itemListElement\":[{\"@type\":\"ListItem\",\"position\":1,\"name\":\"Portada\",\"item\":\"https:\/\/tabernaculoprensadedios.com\/web\/\"},{\"@type\":\"ListItem\",\"position\":2,\"name\":\"En tiempos dif\u00edciles, la fe prevalece\"}]},{\"@type\":\"WebSite\",\"@id\":\"https:\/\/tabernaculoprensadedios.com\/web\/#website\",\"url\":\"https:\/\/tabernaculoprensadedios.com\/web\/\",\"name\":\"Tabernaculo Prensa de Dios\",\"description\":\"Un medio a la manera de Dios\",\"publisher\":{\"@id\":\"https:\/\/tabernaculoprensadedios.com\/web\/#\/schema\/person\/bc0e069fef56b38e177db6f098ae0b6e\"},\"potentialAction\":[{\"@type\":\"SearchAction\",\"target\":{\"@type\":\"EntryPoint\",\"urlTemplate\":\"https:\/\/tabernaculoprensadedios.com\/web\/?s={search_term_string}\"},\"query-input\":{\"@type\":\"PropertyValueSpecification\",\"valueRequired\":true,\"valueName\":\"search_term_string\"}}],\"inLanguage\":\"es\"},{\"@type\":[\"Person\",\"Organization\"],\"@id\":\"https:\/\/tabernaculoprensadedios.com\/web\/#\/schema\/person\/bc0e069fef56b38e177db6f098ae0b6e\",\"name\":\"tabernaculo\",\"image\":{\"@type\":\"ImageObject\",\"inLanguage\":\"es\",\"@id\":\"https:\/\/tabernaculoprensadedios.com\/web\/#\/schema\/person\/image\/\",\"url\":\"https:\/\/tabernaculoprensadedios.com\/web\/wp-content\/uploads\/2015\/06\/login-logo1.png\",\"contentUrl\":\"https:\/\/tabernaculoprensadedios.com\/web\/wp-content\/uploads\/2015\/06\/login-logo1.png\",\"width\":300,\"height\":118,\"caption\":\"tabernaculo\"},\"logo\":{\"@id\":\"https:\/\/tabernaculoprensadedios.com\/web\/#\/schema\/person\/image\/\"},\"url\":\"https:\/\/tabernaculoprensadedios.com\/web\/author\/tabernaculo\/\"}]}<\/script>\n<!-- \/ Yoast SEO Premium plugin. -->","yoast_head_json":{"title":"En tiempos dif\u00edciles, la fe prevalece - Tabernaculo Prensa de Dios","robots":{"index":"index","follow":"follow","max-snippet":"max-snippet:-1","max-image-preview":"max-image-preview:large","max-video-preview":"max-video-preview:-1"},"canonical":"https:\/\/tabernaculoprensadedios.com\/web\/en-tiempos-dificiles-la-fe-prevalece\/","og_locale":"es_ES","og_type":"article","og_title":"En tiempos dif\u00edciles, la fe prevalece","og_description":"Eliseo pasa de ser un mero personaje que cruza por la vida de la mujer indiferentemente a ser un amigo querido que se hospeda en su casa y que es usado por Dios para concederle a esta mujer el regalo m\u00e1s maravilloso que ella jam\u00e1s hubiera podido concebir que era tener un hijo. Y seg\u00fan &hellip;","og_url":"https:\/\/tabernaculoprensadedios.com\/web\/en-tiempos-dificiles-la-fe-prevalece\/","og_site_name":"Tabernaculo Prensa de Dios","article_published_time":"2024-02-05T14:37:02+00:00","og_image":[{"width":1280,"height":853,"url":"https:\/\/tabernaculoprensadedios.com\/web\/wp-content\/uploads\/2024\/02\/enfe.jpg","type":"image\/jpeg"}],"author":"tabernaculo","twitter_card":"summary_large_image","twitter_creator":"@PrensadeDios","twitter_site":"@PrensadeDios","twitter_misc":{"Escrito por":"tabernaculo","Tiempo de lectura":"5 minutos"},"schema":{"@context":"https:\/\/schema.org","@graph":[{"@type":"Article","@id":"https:\/\/tabernaculoprensadedios.com\/web\/en-tiempos-dificiles-la-fe-prevalece\/#article","isPartOf":{"@id":"https:\/\/tabernaculoprensadedios.com\/web\/en-tiempos-dificiles-la-fe-prevalece\/"},"author":{"name":"tabernaculo","@id":"https:\/\/tabernaculoprensadedios.com\/web\/#\/schema\/person\/bc0e069fef56b38e177db6f098ae0b6e"},"headline":"En tiempos dif\u00edciles, la fe prevalece","datePublished":"2024-02-05T14:37:02+00:00","mainEntityOfPage":{"@id":"https:\/\/tabernaculoprensadedios.com\/web\/en-tiempos-dificiles-la-fe-prevalece\/"},"wordCount":1044,"commentCount":0,"publisher":{"@id":"https:\/\/tabernaculoprensadedios.com\/web\/#\/schema\/person\/bc0e069fef56b38e177db6f098ae0b6e"},"image":{"@id":"https:\/\/tabernaculoprensadedios.com\/web\/en-tiempos-dificiles-la-fe-prevalece\/#primaryimage"},"thumbnailUrl":"https:\/\/tabernaculoprensadedios.com\/web\/wp-content\/uploads\/2024\/02\/enfe.jpg","articleSection":["Principal"],"inLanguage":"es","potentialAction":[{"@type":"CommentAction","name":"Comment","target":["https:\/\/tabernaculoprensadedios.com\/web\/en-tiempos-dificiles-la-fe-prevalece\/#respond"]}]},{"@type":"WebPage","@id":"https:\/\/tabernaculoprensadedios.com\/web\/en-tiempos-dificiles-la-fe-prevalece\/","url":"https:\/\/tabernaculoprensadedios.com\/web\/en-tiempos-dificiles-la-fe-prevalece\/","name":"En tiempos dif\u00edciles, la fe prevalece - Tabernaculo Prensa de Dios","isPartOf":{"@id":"https:\/\/tabernaculoprensadedios.com\/web\/#website"},"primaryImageOfPage":{"@id":"https:\/\/tabernaculoprensadedios.com\/web\/en-tiempos-dificiles-la-fe-prevalece\/#primaryimage"},"image":{"@id":"https:\/\/tabernaculoprensadedios.com\/web\/en-tiempos-dificiles-la-fe-prevalece\/#primaryimage"},"thumbnailUrl":"https:\/\/tabernaculoprensadedios.com\/web\/wp-content\/uploads\/2024\/02\/enfe.jpg","datePublished":"2024-02-05T14:37:02+00:00","breadcrumb":{"@id":"https:\/\/tabernaculoprensadedios.com\/web\/en-tiempos-dificiles-la-fe-prevalece\/#breadcrumb"},"inLanguage":"es","potentialAction":[{"@type":"ReadAction","target":["https:\/\/tabernaculoprensadedios.com\/web\/en-tiempos-dificiles-la-fe-prevalece\/"]}]},{"@type":"ImageObject","inLanguage":"es","@id":"https:\/\/tabernaculoprensadedios.com\/web\/en-tiempos-dificiles-la-fe-prevalece\/#primaryimage","url":"https:\/\/tabernaculoprensadedios.com\/web\/wp-content\/uploads\/2024\/02\/enfe.jpg","contentUrl":"https:\/\/tabernaculoprensadedios.com\/web\/wp-content\/uploads\/2024\/02\/enfe.jpg","width":1280,"height":853},{"@type":"BreadcrumbList","@id":"https:\/\/tabernaculoprensadedios.com\/web\/en-tiempos-dificiles-la-fe-prevalece\/#breadcrumb","itemListElement":[{"@type":"ListItem","position":1,"name":"Portada","item":"https:\/\/tabernaculoprensadedios.com\/web\/"},{"@type":"ListItem","position":2,"name":"En tiempos dif\u00edciles, la fe prevalece"}]},{"@type":"WebSite","@id":"https:\/\/tabernaculoprensadedios.com\/web\/#website","url":"https:\/\/tabernaculoprensadedios.com\/web\/","name":"Tabernaculo Prensa de Dios","description":"Un medio a la manera de Dios","publisher":{"@id":"https:\/\/tabernaculoprensadedios.com\/web\/#\/schema\/person\/bc0e069fef56b38e177db6f098ae0b6e"},"potentialAction":[{"@type":"SearchAction","target":{"@type":"EntryPoint","urlTemplate":"https:\/\/tabernaculoprensadedios.com\/web\/?s={search_term_string}"},"query-input":{"@type":"PropertyValueSpecification","valueRequired":true,"valueName":"search_term_string"}}],"inLanguage":"es"},{"@type":["Person","Organization"],"@id":"https:\/\/tabernaculoprensadedios.com\/web\/#\/schema\/person\/bc0e069fef56b38e177db6f098ae0b6e","name":"tabernaculo","image":{"@type":"ImageObject","inLanguage":"es","@id":"https:\/\/tabernaculoprensadedios.com\/web\/#\/schema\/person\/image\/","url":"https:\/\/tabernaculoprensadedios.com\/web\/wp-content\/uploads\/2015\/06\/login-logo1.png","contentUrl":"https:\/\/tabernaculoprensadedios.com\/web\/wp-content\/uploads\/2015\/06\/login-logo1.png","width":300,"height":118,"caption":"tabernaculo"},"logo":{"@id":"https:\/\/tabernaculoprensadedios.com\/web\/#\/schema\/person\/image\/"},"url":"https:\/\/tabernaculoprensadedios.com\/web\/author\/tabernaculo\/"}]}},"_links":{"self":[{"href":"https:\/\/tabernaculoprensadedios.com\/web\/wp-json\/wp\/v2\/posts\/30126","targetHints":{"allow":["GET"]}}],"collection":[{"href":"https:\/\/tabernaculoprensadedios.com\/web\/wp-json\/wp\/v2\/posts"}],"about":[{"href":"https:\/\/tabernaculoprensadedios.com\/web\/wp-json\/wp\/v2\/types\/post"}],"author":[{"embeddable":true,"href":"https:\/\/tabernaculoprensadedios.com\/web\/wp-json\/wp\/v2\/users\/1"}],"replies":[{"embeddable":true,"href":"https:\/\/tabernaculoprensadedios.com\/web\/wp-json\/wp\/v2\/comments?post=30126"}],"version-history":[{"count":1,"href":"https:\/\/tabernaculoprensadedios.com\/web\/wp-json\/wp\/v2\/posts\/30126\/revisions"}],"predecessor-version":[{"id":30128,"href":"https:\/\/tabernaculoprensadedios.com\/web\/wp-json\/wp\/v2\/posts\/30126\/revisions\/30128"}],"wp:featuredmedia":[{"embeddable":true,"href":"https:\/\/tabernaculoprensadedios.com\/web\/wp-json\/wp\/v2\/media\/30127"}],"wp:attachment":[{"href":"https:\/\/tabernaculoprensadedios.com\/web\/wp-json\/wp\/v2\/media?parent=30126"}],"wp:term":[{"taxonomy":"category","embeddable":true,"href":"https:\/\/tabernaculoprensadedios.com\/web\/wp-json\/wp\/v2\/categories?post=30126"},{"taxonomy":"post_tag","embeddable":true,"href":"https:\/\/tabernaculoprensadedios.com\/web\/wp-json\/wp\/v2\/tags?post=30126"}],"curies":[{"name":"wp","href":"https:\/\/api.w.org\/{rel}","templated":true}]}}