{"id":30088,"date":"2024-01-30T14:07:33","date_gmt":"2024-01-30T14:07:33","guid":{"rendered":"https:\/\/tabernaculoprensadedios.com\/web\/?p=30088"},"modified":"2024-01-30T14:08:52","modified_gmt":"2024-01-30T14:08:52","slug":"valentia-espiritual-el-desafio-de-fortalecer-nuestra-esperanza-en-dios","status":"publish","type":"post","link":"https:\/\/tabernaculoprensadedios.com\/web\/valentia-espiritual-el-desafio-de-fortalecer-nuestra-esperanza-en-dios\/","title":{"rendered":"Valent\u00eda Espiritual. El Desaf\u00edo de Fortalecer Nuestra Esperanza en Dios"},"content":{"rendered":"<p>Abrazando la Valent\u00eda Espiritual. En el Salmo que estamos explorando hoy se nos dice: \u201cEsforzaos todos vosotros los que esper\u00e1is en Jehov\u00e1, y toma vuestro coraz\u00f3n aliento\u201c. Este vers\u00edculo habla poderosamente del coraz\u00f3n de las mujeres cristianas, anim\u00e1ndonos a encontrar fuerza y valent\u00eda en nuestra fe.<\/p>\n<p>En un mundo lleno de incertidumbres y desaf\u00edos, este salmo nos recuerda la importancia de mantener nuestra esperanza firmemente anclada en Dios. Al enfrentar las responsabilidades diarias, los retos personales o profesionales, y los desaf\u00edos en nuestras relaciones, este mensaje nos invita a fortalecernos en el Se\u00f1or.<\/p>\n<p>Nos recuerda que nuestra valent\u00eda no proviene de nuestras propias capacidades, sino de nuestra confianza en Dios. Este aliento es esencial para vivir una vida de fe activa y vibrante, donde cada d\u00eda es una oportunidad para demostrar la fortaleza que Dios ha puesto en nuestros corazones.<\/p>\n<p><strong>VALENT\u00cdA ESPIRITUAL: FORTALEZA EN LA ESPERANZA DE DIOS<br \/>\n<\/strong>Cuando el salmista nos llama a esforzarnos y tomar aliento, nos est\u00e1 diciendo que la fuente de nuestra fuerza es la esperanza en Dios. Isa\u00edas 40:31 nos afirma: \u201cPero los que esperan a Jehov\u00e1 tendr\u00e1n nuevas fuerzas; levantar\u00e1n alas como \u00e1guilas; correr\u00e1n, y no se cansar\u00e1n; caminar\u00e1n, y no se fatigar\u00e1n\u201c.<\/p>\n<p>Esta promesa es un recordatorio de que, al poner nuestra esperanza en Dios, \u00c9l renueva nuestras fuerzas. Como mujeres, esto significa que en medio de la fatiga, las preocupaciones y las luchas, podemos encontrar una fortaleza sobrenatural.<\/p>\n<p>No importa cu\u00e1n abrumadoras sean las circunstancias, la esperanza en Dios nos permite enfrentar cada situaci\u00f3n con una perspectiva renovada. Esta esperanza nos da el coraje para seguir adelante, incluso cuando nos sentimos d\u00e9biles o desalentadas.<\/p>\n<p><strong>VIVIR CON VALENT\u00cdA Y FE: VALENT\u00cdA ESPIRITUAL<br \/>\n<\/strong>Vivir seg\u00fan Salmos 31:24 implica adoptar una actitud de valent\u00eda y fe en nuestra vida diaria. En 2 Timoteo 1:7 leemos: \u201cPorque Dios no nos ha dado esp\u00edritu de cobard\u00eda, sino de poder, de amor y de dominio propio\u201c.<\/p>\n<p>Esto nos anima a vivir con confianza, sabiendo que Dios nos ha equipado con todo lo necesario para enfrentar los desaf\u00edos de la vida. Ya sea en el cuidado de nuestra familia, en el servicio a nuestra comunidad o en nuestra vida profesional, podemos abordar cada tarea con una actitud de fortaleza y determinaci\u00f3n.<\/p>\n<p>Esta valent\u00eda no es un simple optimismo humano, sino una manifestaci\u00f3n de la fe profunda que tenemos en Dios. A trav\u00e9s de nuestra confianza en \u00c9l, demostramos al mundo la fuente verdadera de nuestra fuerza.<\/p>\n<p>Este Salmo nos desaf\u00eda a ser mujeres de coraz\u00f3n valiente, que viven cada d\u00eda en la fortaleza de su fe. Esta valent\u00eda nos permite no solo enfrentar nuestras propias batallas, sino tambi\u00e9n ser un ejemplo y un apoyo para quienes nos rodean.<\/p>\n<p>Al abrazar esta invitaci\u00f3n a la valent\u00eda, nos convertimos en testimonios vivientes del poder y la fidelidad de Dios. Cada desaf\u00edo, cada logro, y cada paso de nuestra jornada es una oportunidad para mostrar el coraje que Dios ha sembrado en nuestros corazones.<\/p>\n<p>&nbsp;<\/p>\n","protected":false},"excerpt":{"rendered":"<p>Abrazando la Valent\u00eda Espiritual. En el Salmo que estamos explorando hoy se nos dice: \u201cEsforzaos todos vosotros los que esper\u00e1is en Jehov\u00e1, y toma vuestro coraz\u00f3n aliento\u201c. Este vers\u00edculo habla poderosamente del coraz\u00f3n de las mujeres cristianas, anim\u00e1ndonos a encontrar fuerza y valent\u00eda en nuestra fe. En un mundo lleno de incertidumbres y desaf\u00edos, este &hellip;<\/p>\n","protected":false},"author":1,"featured_media":30089,"comment_status":"open","ping_status":"open","sticky":false,"template":"","format":"standard","meta":{"footnotes":""},"categories":[34],"tags":[],"class_list":["post-30088","post","type-post","status-publish","format-standard","has-post-thumbnail","hentry","category-articulos"],"yoast_head":"<!-- This site is optimized with the Yoast SEO Premium plugin v24.2 (Yoast SEO v27.1.1) - https:\/\/yoast.com\/product\/yoast-seo-premium-wordpress\/ -->\n<title>Valent\u00eda Espiritual. El Desaf\u00edo de Fortalecer Nuestra Esperanza en Dios - Tabernaculo Prensa de Dios<\/title>\n<meta name=\"robots\" content=\"index, follow, max-snippet:-1, max-image-preview:large, max-video-preview:-1\" \/>\n<link rel=\"canonical\" href=\"https:\/\/tabernaculoprensadedios.com\/web\/valentia-espiritual-el-desafio-de-fortalecer-nuestra-esperanza-en-dios\/\" class=\"yoast-seo-meta-tag\" \/>\n<meta property=\"og:locale\" content=\"es_ES\" class=\"yoast-seo-meta-tag\" \/>\n<meta property=\"og:type\" content=\"article\" class=\"yoast-seo-meta-tag\" \/>\n<meta property=\"og:title\" content=\"Valent\u00eda Espiritual. El Desaf\u00edo de Fortalecer Nuestra Esperanza en Dios\" class=\"yoast-seo-meta-tag\" \/>\n<meta property=\"og:description\" content=\"Abrazando la Valent\u00eda Espiritual. En el Salmo que estamos explorando hoy se nos dice: \u201cEsforzaos todos vosotros los que esper\u00e1is en Jehov\u00e1, y toma vuestro coraz\u00f3n aliento\u201c. Este vers\u00edculo habla poderosamente del coraz\u00f3n de las mujeres cristianas, anim\u00e1ndonos a encontrar fuerza y valent\u00eda en nuestra fe. En un mundo lleno de incertidumbres y desaf\u00edos, este &hellip;\" class=\"yoast-seo-meta-tag\" \/>\n<meta property=\"og:url\" content=\"https:\/\/tabernaculoprensadedios.com\/web\/valentia-espiritual-el-desafio-de-fortalecer-nuestra-esperanza-en-dios\/\" class=\"yoast-seo-meta-tag\" \/>\n<meta property=\"og:site_name\" content=\"Tabernaculo Prensa de Dios\" class=\"yoast-seo-meta-tag\" \/>\n<meta property=\"article:published_time\" content=\"2024-01-30T14:07:33+00:00\" class=\"yoast-seo-meta-tag\" \/>\n<meta property=\"article:modified_time\" content=\"2024-01-30T14:08:52+00:00\" class=\"yoast-seo-meta-tag\" \/>\n<meta property=\"og:image\" content=\"https:\/\/tabernaculoprensadedios.com\/web\/wp-content\/uploads\/2024\/01\/Valentia-.jpg\" class=\"yoast-seo-meta-tag\" \/>\n\t<meta property=\"og:image:width\" content=\"1280\" class=\"yoast-seo-meta-tag\" \/>\n\t<meta property=\"og:image:height\" content=\"853\" class=\"yoast-seo-meta-tag\" \/>\n\t<meta property=\"og:image:type\" content=\"image\/jpeg\" class=\"yoast-seo-meta-tag\" \/>\n<meta name=\"author\" content=\"tabernaculo\" class=\"yoast-seo-meta-tag\" \/>\n<meta name=\"twitter:card\" content=\"summary_large_image\" class=\"yoast-seo-meta-tag\" \/>\n<meta name=\"twitter:creator\" content=\"@PrensadeDios\" class=\"yoast-seo-meta-tag\" \/>\n<meta name=\"twitter:site\" content=\"@PrensadeDios\" class=\"yoast-seo-meta-tag\" \/>\n<meta name=\"twitter:label1\" content=\"Escrito por\" class=\"yoast-seo-meta-tag\" \/>\n\t<meta name=\"twitter:data1\" content=\"tabernaculo\" class=\"yoast-seo-meta-tag\" \/>\n\t<meta name=\"twitter:label2\" content=\"Tiempo de lectura\" class=\"yoast-seo-meta-tag\" \/>\n\t<meta name=\"twitter:data2\" content=\"3 minutos\" class=\"yoast-seo-meta-tag\" \/>\n<script type=\"application\/ld+json\" class=\"yoast-schema-graph\">{\"@context\":\"https:\/\/schema.org\",\"@graph\":[{\"@type\":\"Article\",\"@id\":\"https:\/\/tabernaculoprensadedios.com\/web\/valentia-espiritual-el-desafio-de-fortalecer-nuestra-esperanza-en-dios\/#article\",\"isPartOf\":{\"@id\":\"https:\/\/tabernaculoprensadedios.com\/web\/valentia-espiritual-el-desafio-de-fortalecer-nuestra-esperanza-en-dios\/\"},\"author\":{\"name\":\"tabernaculo\",\"@id\":\"https:\/\/tabernaculoprensadedios.com\/web\/#\/schema\/person\/bc0e069fef56b38e177db6f098ae0b6e\"},\"headline\":\"Valent\u00eda Espiritual. El Desaf\u00edo de Fortalecer Nuestra Esperanza en Dios\",\"datePublished\":\"2024-01-30T14:07:33+00:00\",\"dateModified\":\"2024-01-30T14:08:52+00:00\",\"mainEntityOfPage\":{\"@id\":\"https:\/\/tabernaculoprensadedios.com\/web\/valentia-espiritual-el-desafio-de-fortalecer-nuestra-esperanza-en-dios\/\"},\"wordCount\":543,\"commentCount\":0,\"publisher\":{\"@id\":\"https:\/\/tabernaculoprensadedios.com\/web\/#\/schema\/person\/bc0e069fef56b38e177db6f098ae0b6e\"},\"image\":{\"@id\":\"https:\/\/tabernaculoprensadedios.com\/web\/valentia-espiritual-el-desafio-de-fortalecer-nuestra-esperanza-en-dios\/#primaryimage\"},\"thumbnailUrl\":\"https:\/\/tabernaculoprensadedios.com\/web\/wp-content\/uploads\/2024\/01\/Valentia-.jpg\",\"articleSection\":[\"Articulos\"],\"inLanguage\":\"es\",\"potentialAction\":[{\"@type\":\"CommentAction\",\"name\":\"Comment\",\"target\":[\"https:\/\/tabernaculoprensadedios.com\/web\/valentia-espiritual-el-desafio-de-fortalecer-nuestra-esperanza-en-dios\/#respond\"]}]},{\"@type\":\"WebPage\",\"@id\":\"https:\/\/tabernaculoprensadedios.com\/web\/valentia-espiritual-el-desafio-de-fortalecer-nuestra-esperanza-en-dios\/\",\"url\":\"https:\/\/tabernaculoprensadedios.com\/web\/valentia-espiritual-el-desafio-de-fortalecer-nuestra-esperanza-en-dios\/\",\"name\":\"Valent\u00eda Espiritual. El Desaf\u00edo de Fortalecer Nuestra Esperanza en Dios - Tabernaculo Prensa de Dios\",\"isPartOf\":{\"@id\":\"https:\/\/tabernaculoprensadedios.com\/web\/#website\"},\"primaryImageOfPage\":{\"@id\":\"https:\/\/tabernaculoprensadedios.com\/web\/valentia-espiritual-el-desafio-de-fortalecer-nuestra-esperanza-en-dios\/#primaryimage\"},\"image\":{\"@id\":\"https:\/\/tabernaculoprensadedios.com\/web\/valentia-espiritual-el-desafio-de-fortalecer-nuestra-esperanza-en-dios\/#primaryimage\"},\"thumbnailUrl\":\"https:\/\/tabernaculoprensadedios.com\/web\/wp-content\/uploads\/2024\/01\/Valentia-.jpg\",\"datePublished\":\"2024-01-30T14:07:33+00:00\",\"dateModified\":\"2024-01-30T14:08:52+00:00\",\"breadcrumb\":{\"@id\":\"https:\/\/tabernaculoprensadedios.com\/web\/valentia-espiritual-el-desafio-de-fortalecer-nuestra-esperanza-en-dios\/#breadcrumb\"},\"inLanguage\":\"es\",\"potentialAction\":[{\"@type\":\"ReadAction\",\"target\":[\"https:\/\/tabernaculoprensadedios.com\/web\/valentia-espiritual-el-desafio-de-fortalecer-nuestra-esperanza-en-dios\/\"]}]},{\"@type\":\"ImageObject\",\"inLanguage\":\"es\",\"@id\":\"https:\/\/tabernaculoprensadedios.com\/web\/valentia-espiritual-el-desafio-de-fortalecer-nuestra-esperanza-en-dios\/#primaryimage\",\"url\":\"https:\/\/tabernaculoprensadedios.com\/web\/wp-content\/uploads\/2024\/01\/Valentia-.jpg\",\"contentUrl\":\"https:\/\/tabernaculoprensadedios.com\/web\/wp-content\/uploads\/2024\/01\/Valentia-.jpg\",\"width\":1280,\"height\":853},{\"@type\":\"BreadcrumbList\",\"@id\":\"https:\/\/tabernaculoprensadedios.com\/web\/valentia-espiritual-el-desafio-de-fortalecer-nuestra-esperanza-en-dios\/#breadcrumb\",\"itemListElement\":[{\"@type\":\"ListItem\",\"position\":1,\"name\":\"Portada\",\"item\":\"https:\/\/tabernaculoprensadedios.com\/web\/\"},{\"@type\":\"ListItem\",\"position\":2,\"name\":\"Valent\u00eda Espiritual. El Desaf\u00edo de Fortalecer Nuestra Esperanza en Dios\"}]},{\"@type\":\"WebSite\",\"@id\":\"https:\/\/tabernaculoprensadedios.com\/web\/#website\",\"url\":\"https:\/\/tabernaculoprensadedios.com\/web\/\",\"name\":\"Tabernaculo Prensa de Dios\",\"description\":\"Un medio a la manera de Dios\",\"publisher\":{\"@id\":\"https:\/\/tabernaculoprensadedios.com\/web\/#\/schema\/person\/bc0e069fef56b38e177db6f098ae0b6e\"},\"potentialAction\":[{\"@type\":\"SearchAction\",\"target\":{\"@type\":\"EntryPoint\",\"urlTemplate\":\"https:\/\/tabernaculoprensadedios.com\/web\/?s={search_term_string}\"},\"query-input\":{\"@type\":\"PropertyValueSpecification\",\"valueRequired\":true,\"valueName\":\"search_term_string\"}}],\"inLanguage\":\"es\"},{\"@type\":[\"Person\",\"Organization\"],\"@id\":\"https:\/\/tabernaculoprensadedios.com\/web\/#\/schema\/person\/bc0e069fef56b38e177db6f098ae0b6e\",\"name\":\"tabernaculo\",\"image\":{\"@type\":\"ImageObject\",\"inLanguage\":\"es\",\"@id\":\"https:\/\/tabernaculoprensadedios.com\/web\/#\/schema\/person\/image\/\",\"url\":\"https:\/\/tabernaculoprensadedios.com\/web\/wp-content\/uploads\/2015\/06\/login-logo1.png\",\"contentUrl\":\"https:\/\/tabernaculoprensadedios.com\/web\/wp-content\/uploads\/2015\/06\/login-logo1.png\",\"width\":300,\"height\":118,\"caption\":\"tabernaculo\"},\"logo\":{\"@id\":\"https:\/\/tabernaculoprensadedios.com\/web\/#\/schema\/person\/image\/\"},\"url\":\"https:\/\/tabernaculoprensadedios.com\/web\/author\/tabernaculo\/\"}]}<\/script>\n<!-- \/ Yoast SEO Premium plugin. -->","yoast_head_json":{"title":"Valent\u00eda Espiritual. El Desaf\u00edo de Fortalecer Nuestra Esperanza en Dios - Tabernaculo Prensa de Dios","robots":{"index":"index","follow":"follow","max-snippet":"max-snippet:-1","max-image-preview":"max-image-preview:large","max-video-preview":"max-video-preview:-1"},"canonical":"https:\/\/tabernaculoprensadedios.com\/web\/valentia-espiritual-el-desafio-de-fortalecer-nuestra-esperanza-en-dios\/","og_locale":"es_ES","og_type":"article","og_title":"Valent\u00eda Espiritual. El Desaf\u00edo de Fortalecer Nuestra Esperanza en Dios","og_description":"Abrazando la Valent\u00eda Espiritual. En el Salmo que estamos explorando hoy se nos dice: \u201cEsforzaos todos vosotros los que esper\u00e1is en Jehov\u00e1, y toma vuestro coraz\u00f3n aliento\u201c. Este vers\u00edculo habla poderosamente del coraz\u00f3n de las mujeres cristianas, anim\u00e1ndonos a encontrar fuerza y valent\u00eda en nuestra fe. En un mundo lleno de incertidumbres y desaf\u00edos, este &hellip;","og_url":"https:\/\/tabernaculoprensadedios.com\/web\/valentia-espiritual-el-desafio-de-fortalecer-nuestra-esperanza-en-dios\/","og_site_name":"Tabernaculo Prensa de Dios","article_published_time":"2024-01-30T14:07:33+00:00","article_modified_time":"2024-01-30T14:08:52+00:00","og_image":[{"width":1280,"height":853,"url":"https:\/\/tabernaculoprensadedios.com\/web\/wp-content\/uploads\/2024\/01\/Valentia-.jpg","type":"image\/jpeg"}],"author":"tabernaculo","twitter_card":"summary_large_image","twitter_creator":"@PrensadeDios","twitter_site":"@PrensadeDios","twitter_misc":{"Escrito por":"tabernaculo","Tiempo de lectura":"3 minutos"},"schema":{"@context":"https:\/\/schema.org","@graph":[{"@type":"Article","@id":"https:\/\/tabernaculoprensadedios.com\/web\/valentia-espiritual-el-desafio-de-fortalecer-nuestra-esperanza-en-dios\/#article","isPartOf":{"@id":"https:\/\/tabernaculoprensadedios.com\/web\/valentia-espiritual-el-desafio-de-fortalecer-nuestra-esperanza-en-dios\/"},"author":{"name":"tabernaculo","@id":"https:\/\/tabernaculoprensadedios.com\/web\/#\/schema\/person\/bc0e069fef56b38e177db6f098ae0b6e"},"headline":"Valent\u00eda Espiritual. El Desaf\u00edo de Fortalecer Nuestra Esperanza en Dios","datePublished":"2024-01-30T14:07:33+00:00","dateModified":"2024-01-30T14:08:52+00:00","mainEntityOfPage":{"@id":"https:\/\/tabernaculoprensadedios.com\/web\/valentia-espiritual-el-desafio-de-fortalecer-nuestra-esperanza-en-dios\/"},"wordCount":543,"commentCount":0,"publisher":{"@id":"https:\/\/tabernaculoprensadedios.com\/web\/#\/schema\/person\/bc0e069fef56b38e177db6f098ae0b6e"},"image":{"@id":"https:\/\/tabernaculoprensadedios.com\/web\/valentia-espiritual-el-desafio-de-fortalecer-nuestra-esperanza-en-dios\/#primaryimage"},"thumbnailUrl":"https:\/\/tabernaculoprensadedios.com\/web\/wp-content\/uploads\/2024\/01\/Valentia-.jpg","articleSection":["Articulos"],"inLanguage":"es","potentialAction":[{"@type":"CommentAction","name":"Comment","target":["https:\/\/tabernaculoprensadedios.com\/web\/valentia-espiritual-el-desafio-de-fortalecer-nuestra-esperanza-en-dios\/#respond"]}]},{"@type":"WebPage","@id":"https:\/\/tabernaculoprensadedios.com\/web\/valentia-espiritual-el-desafio-de-fortalecer-nuestra-esperanza-en-dios\/","url":"https:\/\/tabernaculoprensadedios.com\/web\/valentia-espiritual-el-desafio-de-fortalecer-nuestra-esperanza-en-dios\/","name":"Valent\u00eda Espiritual. El Desaf\u00edo de Fortalecer Nuestra Esperanza en Dios - Tabernaculo Prensa de Dios","isPartOf":{"@id":"https:\/\/tabernaculoprensadedios.com\/web\/#website"},"primaryImageOfPage":{"@id":"https:\/\/tabernaculoprensadedios.com\/web\/valentia-espiritual-el-desafio-de-fortalecer-nuestra-esperanza-en-dios\/#primaryimage"},"image":{"@id":"https:\/\/tabernaculoprensadedios.com\/web\/valentia-espiritual-el-desafio-de-fortalecer-nuestra-esperanza-en-dios\/#primaryimage"},"thumbnailUrl":"https:\/\/tabernaculoprensadedios.com\/web\/wp-content\/uploads\/2024\/01\/Valentia-.jpg","datePublished":"2024-01-30T14:07:33+00:00","dateModified":"2024-01-30T14:08:52+00:00","breadcrumb":{"@id":"https:\/\/tabernaculoprensadedios.com\/web\/valentia-espiritual-el-desafio-de-fortalecer-nuestra-esperanza-en-dios\/#breadcrumb"},"inLanguage":"es","potentialAction":[{"@type":"ReadAction","target":["https:\/\/tabernaculoprensadedios.com\/web\/valentia-espiritual-el-desafio-de-fortalecer-nuestra-esperanza-en-dios\/"]}]},{"@type":"ImageObject","inLanguage":"es","@id":"https:\/\/tabernaculoprensadedios.com\/web\/valentia-espiritual-el-desafio-de-fortalecer-nuestra-esperanza-en-dios\/#primaryimage","url":"https:\/\/tabernaculoprensadedios.com\/web\/wp-content\/uploads\/2024\/01\/Valentia-.jpg","contentUrl":"https:\/\/tabernaculoprensadedios.com\/web\/wp-content\/uploads\/2024\/01\/Valentia-.jpg","width":1280,"height":853},{"@type":"BreadcrumbList","@id":"https:\/\/tabernaculoprensadedios.com\/web\/valentia-espiritual-el-desafio-de-fortalecer-nuestra-esperanza-en-dios\/#breadcrumb","itemListElement":[{"@type":"ListItem","position":1,"name":"Portada","item":"https:\/\/tabernaculoprensadedios.com\/web\/"},{"@type":"ListItem","position":2,"name":"Valent\u00eda Espiritual. El Desaf\u00edo de Fortalecer Nuestra Esperanza en Dios"}]},{"@type":"WebSite","@id":"https:\/\/tabernaculoprensadedios.com\/web\/#website","url":"https:\/\/tabernaculoprensadedios.com\/web\/","name":"Tabernaculo Prensa de Dios","description":"Un medio a la manera de Dios","publisher":{"@id":"https:\/\/tabernaculoprensadedios.com\/web\/#\/schema\/person\/bc0e069fef56b38e177db6f098ae0b6e"},"potentialAction":[{"@type":"SearchAction","target":{"@type":"EntryPoint","urlTemplate":"https:\/\/tabernaculoprensadedios.com\/web\/?s={search_term_string}"},"query-input":{"@type":"PropertyValueSpecification","valueRequired":true,"valueName":"search_term_string"}}],"inLanguage":"es"},{"@type":["Person","Organization"],"@id":"https:\/\/tabernaculoprensadedios.com\/web\/#\/schema\/person\/bc0e069fef56b38e177db6f098ae0b6e","name":"tabernaculo","image":{"@type":"ImageObject","inLanguage":"es","@id":"https:\/\/tabernaculoprensadedios.com\/web\/#\/schema\/person\/image\/","url":"https:\/\/tabernaculoprensadedios.com\/web\/wp-content\/uploads\/2015\/06\/login-logo1.png","contentUrl":"https:\/\/tabernaculoprensadedios.com\/web\/wp-content\/uploads\/2015\/06\/login-logo1.png","width":300,"height":118,"caption":"tabernaculo"},"logo":{"@id":"https:\/\/tabernaculoprensadedios.com\/web\/#\/schema\/person\/image\/"},"url":"https:\/\/tabernaculoprensadedios.com\/web\/author\/tabernaculo\/"}]}},"_links":{"self":[{"href":"https:\/\/tabernaculoprensadedios.com\/web\/wp-json\/wp\/v2\/posts\/30088","targetHints":{"allow":["GET"]}}],"collection":[{"href":"https:\/\/tabernaculoprensadedios.com\/web\/wp-json\/wp\/v2\/posts"}],"about":[{"href":"https:\/\/tabernaculoprensadedios.com\/web\/wp-json\/wp\/v2\/types\/post"}],"author":[{"embeddable":true,"href":"https:\/\/tabernaculoprensadedios.com\/web\/wp-json\/wp\/v2\/users\/1"}],"replies":[{"embeddable":true,"href":"https:\/\/tabernaculoprensadedios.com\/web\/wp-json\/wp\/v2\/comments?post=30088"}],"version-history":[{"count":2,"href":"https:\/\/tabernaculoprensadedios.com\/web\/wp-json\/wp\/v2\/posts\/30088\/revisions"}],"predecessor-version":[{"id":30091,"href":"https:\/\/tabernaculoprensadedios.com\/web\/wp-json\/wp\/v2\/posts\/30088\/revisions\/30091"}],"wp:featuredmedia":[{"embeddable":true,"href":"https:\/\/tabernaculoprensadedios.com\/web\/wp-json\/wp\/v2\/media\/30089"}],"wp:attachment":[{"href":"https:\/\/tabernaculoprensadedios.com\/web\/wp-json\/wp\/v2\/media?parent=30088"}],"wp:term":[{"taxonomy":"category","embeddable":true,"href":"https:\/\/tabernaculoprensadedios.com\/web\/wp-json\/wp\/v2\/categories?post=30088"},{"taxonomy":"post_tag","embeddable":true,"href":"https:\/\/tabernaculoprensadedios.com\/web\/wp-json\/wp\/v2\/tags?post=30088"}],"curies":[{"name":"wp","href":"https:\/\/api.w.org\/{rel}","templated":true}]}}