{"id":29961,"date":"2024-01-12T13:59:22","date_gmt":"2024-01-12T13:59:22","guid":{"rendered":"https:\/\/tabernaculoprensadedios.com\/web\/?p=29961"},"modified":"2024-01-12T13:59:22","modified_gmt":"2024-01-12T13:59:22","slug":"viviendo-en-comunion-la-profundidad-del-perdon-en-la-relacion-con-dios","status":"publish","type":"post","link":"https:\/\/tabernaculoprensadedios.com\/web\/viviendo-en-comunion-la-profundidad-del-perdon-en-la-relacion-con-dios\/","title":{"rendered":"Viviendo en Comuni\u00f3n. La profundidad del Perd\u00f3n en la Relaci\u00f3n con Dios"},"content":{"rendered":"<p><strong><em>Por lo cual te digo que sus muchos pecados le son perdonados, porque am\u00f3 mucho; mas aquel a quien se le perdona poco, poco ama. Lucas 7:47<\/em><\/strong><\/p>\n<div dir=\"auto\">\n<div dir=\"auto\">Este pasaje constituye una escena de una gran riqueza y edificaci\u00f3n para nuestras vidas, en ella nos ofrece una reflexi\u00f3n sobre uno de los grandes mensajes la cual Cristo nos invita a meditar y poner siempre en pr\u00e1ctica: el perd\u00f3n. Dios desea que vivamos en comuni\u00f3n con \u00c9l y anhela perdonar nuestros pecados, restaurarnos en su amistad.<\/div>\n<div dir=\"auto\"><\/div>\n<div dir=\"auto\">\u00c9l desea que nuestras historias cultiven la transformaci\u00f3n que llega como producto de su perd\u00f3n y amor, tal como lo muestra con esta mujer. De alguna manera a todos nos gusta pensar que somos buenos y justos, pero en nuestro interior sabemos que cometemos errores e injusticias, y la biblia lo denomina: *vivir separados de Dios*. Sin embargo, Jehov\u00e1 ha provisto la manera de reconciliarnos para restaurar nuestra relaci\u00f3n con \u00c9l.<\/div>\n<div dir=\"auto\"><\/div>\n<div dir=\"auto\">Debemos reconocer las cosas malas que hemos hecho y confesarlas a Dios. Todo lo sabe, pero nosotros en humildad debemos expresar que le hemos fallado, \u00c9l nos limpia de toda maldad. Todo lo perdona, por eso, su gran amor alcanza y cubre cada rinc\u00f3n de nuestro coraz\u00f3n. *Tantos pecados, tanto nos perdona, tanto nos ama&#8230;* Dios te bendiga en amor y gracia para este d\u00eda, Am\u00e9n.<\/div>\n<\/div>\n","protected":false},"excerpt":{"rendered":"<p>Por lo cual te digo que sus muchos pecados le son perdonados, porque am\u00f3 mucho; mas aquel a quien se le perdona poco, poco ama. Lucas 7:47 Este pasaje constituye una escena de una gran riqueza y edificaci\u00f3n para nuestras vidas, en ella nos ofrece una reflexi\u00f3n sobre uno de los grandes mensajes la cual &hellip;<\/p>\n","protected":false},"author":1,"featured_media":29962,"comment_status":"open","ping_status":"open","sticky":false,"template":"","format":"standard","meta":{"footnotes":""},"categories":[34],"tags":[],"class_list":["post-29961","post","type-post","status-publish","format-standard","has-post-thumbnail","hentry","category-articulos"],"yoast_head":"<!-- This site is optimized with the Yoast SEO Premium plugin v24.2 (Yoast SEO v27.1.1) - https:\/\/yoast.com\/product\/yoast-seo-premium-wordpress\/ -->\n<title>Viviendo en Comuni\u00f3n. La profundidad del Perd\u00f3n en la Relaci\u00f3n con Dios - Tabernaculo Prensa de Dios<\/title>\n<meta name=\"robots\" content=\"index, follow, max-snippet:-1, max-image-preview:large, max-video-preview:-1\" \/>\n<link rel=\"canonical\" href=\"https:\/\/tabernaculoprensadedios.com\/web\/viviendo-en-comunion-la-profundidad-del-perdon-en-la-relacion-con-dios\/\" class=\"yoast-seo-meta-tag\" \/>\n<meta property=\"og:locale\" content=\"es_ES\" class=\"yoast-seo-meta-tag\" \/>\n<meta property=\"og:type\" content=\"article\" class=\"yoast-seo-meta-tag\" \/>\n<meta property=\"og:title\" content=\"Viviendo en Comuni\u00f3n. La profundidad del Perd\u00f3n en la Relaci\u00f3n con Dios\" class=\"yoast-seo-meta-tag\" \/>\n<meta property=\"og:description\" content=\"Por lo cual te digo que sus muchos pecados le son perdonados, porque am\u00f3 mucho; mas aquel a quien se le perdona poco, poco ama. Lucas 7:47 Este pasaje constituye una escena de una gran riqueza y edificaci\u00f3n para nuestras vidas, en ella nos ofrece una reflexi\u00f3n sobre uno de los grandes mensajes la cual &hellip;\" class=\"yoast-seo-meta-tag\" \/>\n<meta property=\"og:url\" content=\"https:\/\/tabernaculoprensadedios.com\/web\/viviendo-en-comunion-la-profundidad-del-perdon-en-la-relacion-con-dios\/\" class=\"yoast-seo-meta-tag\" \/>\n<meta property=\"og:site_name\" content=\"Tabernaculo Prensa de Dios\" class=\"yoast-seo-meta-tag\" \/>\n<meta property=\"article:published_time\" content=\"2024-01-12T13:59:22+00:00\" class=\"yoast-seo-meta-tag\" \/>\n<meta property=\"og:image\" content=\"https:\/\/tabernaculoprensadedios.com\/web\/wp-content\/uploads\/2024\/01\/Viviendo-en-Comunion.jpg\" class=\"yoast-seo-meta-tag\" \/>\n\t<meta property=\"og:image:width\" content=\"1280\" class=\"yoast-seo-meta-tag\" \/>\n\t<meta property=\"og:image:height\" content=\"820\" class=\"yoast-seo-meta-tag\" \/>\n\t<meta property=\"og:image:type\" content=\"image\/jpeg\" class=\"yoast-seo-meta-tag\" \/>\n<meta name=\"author\" content=\"tabernaculo\" class=\"yoast-seo-meta-tag\" \/>\n<meta name=\"twitter:card\" content=\"summary_large_image\" class=\"yoast-seo-meta-tag\" \/>\n<meta name=\"twitter:creator\" content=\"@PrensadeDios\" class=\"yoast-seo-meta-tag\" \/>\n<meta name=\"twitter:site\" content=\"@PrensadeDios\" class=\"yoast-seo-meta-tag\" \/>\n<meta name=\"twitter:label1\" content=\"Escrito por\" class=\"yoast-seo-meta-tag\" \/>\n\t<meta name=\"twitter:data1\" content=\"tabernaculo\" class=\"yoast-seo-meta-tag\" \/>\n\t<meta name=\"twitter:label2\" content=\"Tiempo de lectura\" class=\"yoast-seo-meta-tag\" \/>\n\t<meta name=\"twitter:data2\" content=\"2 minutos\" class=\"yoast-seo-meta-tag\" \/>\n<script type=\"application\/ld+json\" class=\"yoast-schema-graph\">{\"@context\":\"https:\/\/schema.org\",\"@graph\":[{\"@type\":\"Article\",\"@id\":\"https:\/\/tabernaculoprensadedios.com\/web\/viviendo-en-comunion-la-profundidad-del-perdon-en-la-relacion-con-dios\/#article\",\"isPartOf\":{\"@id\":\"https:\/\/tabernaculoprensadedios.com\/web\/viviendo-en-comunion-la-profundidad-del-perdon-en-la-relacion-con-dios\/\"},\"author\":{\"name\":\"tabernaculo\",\"@id\":\"https:\/\/tabernaculoprensadedios.com\/web\/#\/schema\/person\/bc0e069fef56b38e177db6f098ae0b6e\"},\"headline\":\"Viviendo en Comuni\u00f3n. La profundidad del Perd\u00f3n en la Relaci\u00f3n con Dios\",\"datePublished\":\"2024-01-12T13:59:22+00:00\",\"mainEntityOfPage\":{\"@id\":\"https:\/\/tabernaculoprensadedios.com\/web\/viviendo-en-comunion-la-profundidad-del-perdon-en-la-relacion-con-dios\/\"},\"wordCount\":247,\"commentCount\":0,\"publisher\":{\"@id\":\"https:\/\/tabernaculoprensadedios.com\/web\/#\/schema\/person\/bc0e069fef56b38e177db6f098ae0b6e\"},\"image\":{\"@id\":\"https:\/\/tabernaculoprensadedios.com\/web\/viviendo-en-comunion-la-profundidad-del-perdon-en-la-relacion-con-dios\/#primaryimage\"},\"thumbnailUrl\":\"https:\/\/tabernaculoprensadedios.com\/web\/wp-content\/uploads\/2024\/01\/Viviendo-en-Comunion.jpg\",\"articleSection\":[\"Articulos\"],\"inLanguage\":\"es\",\"potentialAction\":[{\"@type\":\"CommentAction\",\"name\":\"Comment\",\"target\":[\"https:\/\/tabernaculoprensadedios.com\/web\/viviendo-en-comunion-la-profundidad-del-perdon-en-la-relacion-con-dios\/#respond\"]}]},{\"@type\":\"WebPage\",\"@id\":\"https:\/\/tabernaculoprensadedios.com\/web\/viviendo-en-comunion-la-profundidad-del-perdon-en-la-relacion-con-dios\/\",\"url\":\"https:\/\/tabernaculoprensadedios.com\/web\/viviendo-en-comunion-la-profundidad-del-perdon-en-la-relacion-con-dios\/\",\"name\":\"Viviendo en Comuni\u00f3n. La profundidad del Perd\u00f3n en la Relaci\u00f3n con Dios - Tabernaculo Prensa de Dios\",\"isPartOf\":{\"@id\":\"https:\/\/tabernaculoprensadedios.com\/web\/#website\"},\"primaryImageOfPage\":{\"@id\":\"https:\/\/tabernaculoprensadedios.com\/web\/viviendo-en-comunion-la-profundidad-del-perdon-en-la-relacion-con-dios\/#primaryimage\"},\"image\":{\"@id\":\"https:\/\/tabernaculoprensadedios.com\/web\/viviendo-en-comunion-la-profundidad-del-perdon-en-la-relacion-con-dios\/#primaryimage\"},\"thumbnailUrl\":\"https:\/\/tabernaculoprensadedios.com\/web\/wp-content\/uploads\/2024\/01\/Viviendo-en-Comunion.jpg\",\"datePublished\":\"2024-01-12T13:59:22+00:00\",\"breadcrumb\":{\"@id\":\"https:\/\/tabernaculoprensadedios.com\/web\/viviendo-en-comunion-la-profundidad-del-perdon-en-la-relacion-con-dios\/#breadcrumb\"},\"inLanguage\":\"es\",\"potentialAction\":[{\"@type\":\"ReadAction\",\"target\":[\"https:\/\/tabernaculoprensadedios.com\/web\/viviendo-en-comunion-la-profundidad-del-perdon-en-la-relacion-con-dios\/\"]}]},{\"@type\":\"ImageObject\",\"inLanguage\":\"es\",\"@id\":\"https:\/\/tabernaculoprensadedios.com\/web\/viviendo-en-comunion-la-profundidad-del-perdon-en-la-relacion-con-dios\/#primaryimage\",\"url\":\"https:\/\/tabernaculoprensadedios.com\/web\/wp-content\/uploads\/2024\/01\/Viviendo-en-Comunion.jpg\",\"contentUrl\":\"https:\/\/tabernaculoprensadedios.com\/web\/wp-content\/uploads\/2024\/01\/Viviendo-en-Comunion.jpg\",\"width\":1280,\"height\":820},{\"@type\":\"BreadcrumbList\",\"@id\":\"https:\/\/tabernaculoprensadedios.com\/web\/viviendo-en-comunion-la-profundidad-del-perdon-en-la-relacion-con-dios\/#breadcrumb\",\"itemListElement\":[{\"@type\":\"ListItem\",\"position\":1,\"name\":\"Portada\",\"item\":\"https:\/\/tabernaculoprensadedios.com\/web\/\"},{\"@type\":\"ListItem\",\"position\":2,\"name\":\"Viviendo en Comuni\u00f3n. La profundidad del Perd\u00f3n en la Relaci\u00f3n con Dios\"}]},{\"@type\":\"WebSite\",\"@id\":\"https:\/\/tabernaculoprensadedios.com\/web\/#website\",\"url\":\"https:\/\/tabernaculoprensadedios.com\/web\/\",\"name\":\"Tabernaculo Prensa de Dios\",\"description\":\"Un medio a la manera de Dios\",\"publisher\":{\"@id\":\"https:\/\/tabernaculoprensadedios.com\/web\/#\/schema\/person\/bc0e069fef56b38e177db6f098ae0b6e\"},\"potentialAction\":[{\"@type\":\"SearchAction\",\"target\":{\"@type\":\"EntryPoint\",\"urlTemplate\":\"https:\/\/tabernaculoprensadedios.com\/web\/?s={search_term_string}\"},\"query-input\":{\"@type\":\"PropertyValueSpecification\",\"valueRequired\":true,\"valueName\":\"search_term_string\"}}],\"inLanguage\":\"es\"},{\"@type\":[\"Person\",\"Organization\"],\"@id\":\"https:\/\/tabernaculoprensadedios.com\/web\/#\/schema\/person\/bc0e069fef56b38e177db6f098ae0b6e\",\"name\":\"tabernaculo\",\"image\":{\"@type\":\"ImageObject\",\"inLanguage\":\"es\",\"@id\":\"https:\/\/tabernaculoprensadedios.com\/web\/#\/schema\/person\/image\/\",\"url\":\"https:\/\/tabernaculoprensadedios.com\/web\/wp-content\/uploads\/2015\/06\/login-logo1.png\",\"contentUrl\":\"https:\/\/tabernaculoprensadedios.com\/web\/wp-content\/uploads\/2015\/06\/login-logo1.png\",\"width\":300,\"height\":118,\"caption\":\"tabernaculo\"},\"logo\":{\"@id\":\"https:\/\/tabernaculoprensadedios.com\/web\/#\/schema\/person\/image\/\"},\"url\":\"https:\/\/tabernaculoprensadedios.com\/web\/author\/tabernaculo\/\"}]}<\/script>\n<!-- \/ Yoast SEO Premium plugin. -->","yoast_head_json":{"title":"Viviendo en Comuni\u00f3n. La profundidad del Perd\u00f3n en la Relaci\u00f3n con Dios - Tabernaculo Prensa de Dios","robots":{"index":"index","follow":"follow","max-snippet":"max-snippet:-1","max-image-preview":"max-image-preview:large","max-video-preview":"max-video-preview:-1"},"canonical":"https:\/\/tabernaculoprensadedios.com\/web\/viviendo-en-comunion-la-profundidad-del-perdon-en-la-relacion-con-dios\/","og_locale":"es_ES","og_type":"article","og_title":"Viviendo en Comuni\u00f3n. La profundidad del Perd\u00f3n en la Relaci\u00f3n con Dios","og_description":"Por lo cual te digo que sus muchos pecados le son perdonados, porque am\u00f3 mucho; mas aquel a quien se le perdona poco, poco ama. Lucas 7:47 Este pasaje constituye una escena de una gran riqueza y edificaci\u00f3n para nuestras vidas, en ella nos ofrece una reflexi\u00f3n sobre uno de los grandes mensajes la cual &hellip;","og_url":"https:\/\/tabernaculoprensadedios.com\/web\/viviendo-en-comunion-la-profundidad-del-perdon-en-la-relacion-con-dios\/","og_site_name":"Tabernaculo Prensa de Dios","article_published_time":"2024-01-12T13:59:22+00:00","og_image":[{"width":1280,"height":820,"url":"https:\/\/tabernaculoprensadedios.com\/web\/wp-content\/uploads\/2024\/01\/Viviendo-en-Comunion.jpg","type":"image\/jpeg"}],"author":"tabernaculo","twitter_card":"summary_large_image","twitter_creator":"@PrensadeDios","twitter_site":"@PrensadeDios","twitter_misc":{"Escrito por":"tabernaculo","Tiempo de lectura":"2 minutos"},"schema":{"@context":"https:\/\/schema.org","@graph":[{"@type":"Article","@id":"https:\/\/tabernaculoprensadedios.com\/web\/viviendo-en-comunion-la-profundidad-del-perdon-en-la-relacion-con-dios\/#article","isPartOf":{"@id":"https:\/\/tabernaculoprensadedios.com\/web\/viviendo-en-comunion-la-profundidad-del-perdon-en-la-relacion-con-dios\/"},"author":{"name":"tabernaculo","@id":"https:\/\/tabernaculoprensadedios.com\/web\/#\/schema\/person\/bc0e069fef56b38e177db6f098ae0b6e"},"headline":"Viviendo en Comuni\u00f3n. La profundidad del Perd\u00f3n en la Relaci\u00f3n con Dios","datePublished":"2024-01-12T13:59:22+00:00","mainEntityOfPage":{"@id":"https:\/\/tabernaculoprensadedios.com\/web\/viviendo-en-comunion-la-profundidad-del-perdon-en-la-relacion-con-dios\/"},"wordCount":247,"commentCount":0,"publisher":{"@id":"https:\/\/tabernaculoprensadedios.com\/web\/#\/schema\/person\/bc0e069fef56b38e177db6f098ae0b6e"},"image":{"@id":"https:\/\/tabernaculoprensadedios.com\/web\/viviendo-en-comunion-la-profundidad-del-perdon-en-la-relacion-con-dios\/#primaryimage"},"thumbnailUrl":"https:\/\/tabernaculoprensadedios.com\/web\/wp-content\/uploads\/2024\/01\/Viviendo-en-Comunion.jpg","articleSection":["Articulos"],"inLanguage":"es","potentialAction":[{"@type":"CommentAction","name":"Comment","target":["https:\/\/tabernaculoprensadedios.com\/web\/viviendo-en-comunion-la-profundidad-del-perdon-en-la-relacion-con-dios\/#respond"]}]},{"@type":"WebPage","@id":"https:\/\/tabernaculoprensadedios.com\/web\/viviendo-en-comunion-la-profundidad-del-perdon-en-la-relacion-con-dios\/","url":"https:\/\/tabernaculoprensadedios.com\/web\/viviendo-en-comunion-la-profundidad-del-perdon-en-la-relacion-con-dios\/","name":"Viviendo en Comuni\u00f3n. La profundidad del Perd\u00f3n en la Relaci\u00f3n con Dios - Tabernaculo Prensa de Dios","isPartOf":{"@id":"https:\/\/tabernaculoprensadedios.com\/web\/#website"},"primaryImageOfPage":{"@id":"https:\/\/tabernaculoprensadedios.com\/web\/viviendo-en-comunion-la-profundidad-del-perdon-en-la-relacion-con-dios\/#primaryimage"},"image":{"@id":"https:\/\/tabernaculoprensadedios.com\/web\/viviendo-en-comunion-la-profundidad-del-perdon-en-la-relacion-con-dios\/#primaryimage"},"thumbnailUrl":"https:\/\/tabernaculoprensadedios.com\/web\/wp-content\/uploads\/2024\/01\/Viviendo-en-Comunion.jpg","datePublished":"2024-01-12T13:59:22+00:00","breadcrumb":{"@id":"https:\/\/tabernaculoprensadedios.com\/web\/viviendo-en-comunion-la-profundidad-del-perdon-en-la-relacion-con-dios\/#breadcrumb"},"inLanguage":"es","potentialAction":[{"@type":"ReadAction","target":["https:\/\/tabernaculoprensadedios.com\/web\/viviendo-en-comunion-la-profundidad-del-perdon-en-la-relacion-con-dios\/"]}]},{"@type":"ImageObject","inLanguage":"es","@id":"https:\/\/tabernaculoprensadedios.com\/web\/viviendo-en-comunion-la-profundidad-del-perdon-en-la-relacion-con-dios\/#primaryimage","url":"https:\/\/tabernaculoprensadedios.com\/web\/wp-content\/uploads\/2024\/01\/Viviendo-en-Comunion.jpg","contentUrl":"https:\/\/tabernaculoprensadedios.com\/web\/wp-content\/uploads\/2024\/01\/Viviendo-en-Comunion.jpg","width":1280,"height":820},{"@type":"BreadcrumbList","@id":"https:\/\/tabernaculoprensadedios.com\/web\/viviendo-en-comunion-la-profundidad-del-perdon-en-la-relacion-con-dios\/#breadcrumb","itemListElement":[{"@type":"ListItem","position":1,"name":"Portada","item":"https:\/\/tabernaculoprensadedios.com\/web\/"},{"@type":"ListItem","position":2,"name":"Viviendo en Comuni\u00f3n. La profundidad del Perd\u00f3n en la Relaci\u00f3n con Dios"}]},{"@type":"WebSite","@id":"https:\/\/tabernaculoprensadedios.com\/web\/#website","url":"https:\/\/tabernaculoprensadedios.com\/web\/","name":"Tabernaculo Prensa de Dios","description":"Un medio a la manera de Dios","publisher":{"@id":"https:\/\/tabernaculoprensadedios.com\/web\/#\/schema\/person\/bc0e069fef56b38e177db6f098ae0b6e"},"potentialAction":[{"@type":"SearchAction","target":{"@type":"EntryPoint","urlTemplate":"https:\/\/tabernaculoprensadedios.com\/web\/?s={search_term_string}"},"query-input":{"@type":"PropertyValueSpecification","valueRequired":true,"valueName":"search_term_string"}}],"inLanguage":"es"},{"@type":["Person","Organization"],"@id":"https:\/\/tabernaculoprensadedios.com\/web\/#\/schema\/person\/bc0e069fef56b38e177db6f098ae0b6e","name":"tabernaculo","image":{"@type":"ImageObject","inLanguage":"es","@id":"https:\/\/tabernaculoprensadedios.com\/web\/#\/schema\/person\/image\/","url":"https:\/\/tabernaculoprensadedios.com\/web\/wp-content\/uploads\/2015\/06\/login-logo1.png","contentUrl":"https:\/\/tabernaculoprensadedios.com\/web\/wp-content\/uploads\/2015\/06\/login-logo1.png","width":300,"height":118,"caption":"tabernaculo"},"logo":{"@id":"https:\/\/tabernaculoprensadedios.com\/web\/#\/schema\/person\/image\/"},"url":"https:\/\/tabernaculoprensadedios.com\/web\/author\/tabernaculo\/"}]}},"_links":{"self":[{"href":"https:\/\/tabernaculoprensadedios.com\/web\/wp-json\/wp\/v2\/posts\/29961","targetHints":{"allow":["GET"]}}],"collection":[{"href":"https:\/\/tabernaculoprensadedios.com\/web\/wp-json\/wp\/v2\/posts"}],"about":[{"href":"https:\/\/tabernaculoprensadedios.com\/web\/wp-json\/wp\/v2\/types\/post"}],"author":[{"embeddable":true,"href":"https:\/\/tabernaculoprensadedios.com\/web\/wp-json\/wp\/v2\/users\/1"}],"replies":[{"embeddable":true,"href":"https:\/\/tabernaculoprensadedios.com\/web\/wp-json\/wp\/v2\/comments?post=29961"}],"version-history":[{"count":1,"href":"https:\/\/tabernaculoprensadedios.com\/web\/wp-json\/wp\/v2\/posts\/29961\/revisions"}],"predecessor-version":[{"id":29963,"href":"https:\/\/tabernaculoprensadedios.com\/web\/wp-json\/wp\/v2\/posts\/29961\/revisions\/29963"}],"wp:featuredmedia":[{"embeddable":true,"href":"https:\/\/tabernaculoprensadedios.com\/web\/wp-json\/wp\/v2\/media\/29962"}],"wp:attachment":[{"href":"https:\/\/tabernaculoprensadedios.com\/web\/wp-json\/wp\/v2\/media?parent=29961"}],"wp:term":[{"taxonomy":"category","embeddable":true,"href":"https:\/\/tabernaculoprensadedios.com\/web\/wp-json\/wp\/v2\/categories?post=29961"},{"taxonomy":"post_tag","embeddable":true,"href":"https:\/\/tabernaculoprensadedios.com\/web\/wp-json\/wp\/v2\/tags?post=29961"}],"curies":[{"name":"wp","href":"https:\/\/api.w.org\/{rel}","templated":true}]}}