{"id":29913,"date":"2024-01-05T12:36:30","date_gmt":"2024-01-05T12:36:30","guid":{"rendered":"https:\/\/tabernaculoprensadedios.com\/web\/?p=29913"},"modified":"2024-01-05T12:37:27","modified_gmt":"2024-01-05T12:37:27","slug":"milagro-divino-el-increible-renacer-de-brian-durante-la-cruzada-evangelica-que-conmovio-a-todos","status":"publish","type":"post","link":"https:\/\/tabernaculoprensadedios.com\/web\/milagro-divino-el-increible-renacer-de-brian-durante-la-cruzada-evangelica-que-conmovio-a-todos\/","title":{"rendered":"Milagro Divino. El Incre\u00edble Renacer de Brian durante la Cruzada Evang\u00e9lica que Conmovi\u00f3 a Todos"},"content":{"rendered":"<p>Durante la Cruzada Evang\u00e9lica de Cristo para Todas las Naciones, un ni\u00f1o de tres a\u00f1os experiment\u00f3 un milagro transformador.<\/p>\n<p>Brian, quien hab\u00eda enfrentado la incapacidad de caminar desde su nacimiento, presenci\u00f3 una curaci\u00f3n divina en este evento religioso, sorprendiendo a todos presentes.<\/p>\n<p>La madre de Brian, Edith, hab\u00eda agotado todas las opciones en busca de una soluci\u00f3n para la condici\u00f3n de su hijo, llev\u00e1ndolo a diversos hospitales y buscando ayuda en distintas iglesias sin \u00e9xito.<\/p>\n<p>Cuando me di cuenta de que ya no ten\u00eda dinero para llevarlo al hospital, la situaci\u00f3n se volvi\u00f3 muy dif\u00edcil\u00bb, recuerda Edith.<\/p>\n<p>Desesperada y sin recursos, incluso consider\u00f3 la posibilidad de que Brian viviera con alguien m\u00e1s, sinti\u00e9ndose incapaz de brindarle el cuidado adecuado.<\/p>\n<p>Con el tiempo, la carga de cuidar a su hijo se volvi\u00f3 abrumadora para Edith, quien viv\u00eda sola con \u00e9l. Deb\u00eda trabajar para cubrir sus necesidades diarias, pero la situaci\u00f3n se volv\u00eda cada vez m\u00e1s complicada.<\/p>\n<p>En un momento de desesperaci\u00f3n, Edith enfrent\u00f3 la dif\u00edcil elecci\u00f3n de ver a Brian caminar o enfrentar la posibilidad de sufrir m\u00e1s. Este momento marc\u00f3 un punto bajo en su vida.<\/p>\n<p>Al enterarse de la cruzada evangel\u00edstica de CfaN al d\u00eda siguiente, llev\u00f3 a Brian al evento, donde presenci\u00f3 a Daniel Kolenda proclamando una oraci\u00f3n de sanaci\u00f3n. Para su asombro, Brian ya no le agarraba la pierna.<\/p>\n<p>En un estado de shock, Edith vio a su hijo parado solo y caminando hacia ella. Daniel Kolenda permiti\u00f3 que Brian caminara frente a la audiencia, confirmando as\u00ed el milagro presenciado por muchos.<\/p>\n<p>\u00abMe siento tan aliviada&#8230; Estaba tan feliz. Ha estado recorriendo la casa diciendo: &#8216;\u00a1Soy fuerte!'\u00bb, concluy\u00f3 Edith, destacando la transformaci\u00f3n milagrosa en la vida de su hijo.<\/p>\n","protected":false},"excerpt":{"rendered":"<p>Durante la Cruzada Evang\u00e9lica de Cristo para Todas las Naciones, un ni\u00f1o de tres a\u00f1os experiment\u00f3 un milagro transformador. Brian, quien hab\u00eda enfrentado la incapacidad de caminar desde su nacimiento, presenci\u00f3 una curaci\u00f3n divina en este evento religioso, sorprendiendo a todos presentes. La madre de Brian, Edith, hab\u00eda agotado todas las opciones en busca de &hellip;<\/p>\n","protected":false},"author":1,"featured_media":29914,"comment_status":"open","ping_status":"open","sticky":false,"template":"","format":"standard","meta":{"footnotes":""},"categories":[11],"tags":[],"class_list":["post-29913","post","type-post","status-publish","format-standard","has-post-thumbnail","hentry","category-testimonios"],"yoast_head":"<!-- This site is optimized with the Yoast SEO Premium plugin v24.2 (Yoast SEO v27.1.1) - https:\/\/yoast.com\/product\/yoast-seo-premium-wordpress\/ -->\n<title>Milagro Divino. El Incre\u00edble Renacer de Brian durante la Cruzada Evang\u00e9lica que Conmovi\u00f3 a Todos - Tabernaculo Prensa de Dios<\/title>\n<meta name=\"robots\" content=\"index, follow, max-snippet:-1, max-image-preview:large, max-video-preview:-1\" \/>\n<link rel=\"canonical\" href=\"https:\/\/tabernaculoprensadedios.com\/web\/milagro-divino-el-increible-renacer-de-brian-durante-la-cruzada-evangelica-que-conmovio-a-todos\/\" class=\"yoast-seo-meta-tag\" \/>\n<meta property=\"og:locale\" content=\"es_ES\" class=\"yoast-seo-meta-tag\" \/>\n<meta property=\"og:type\" content=\"article\" class=\"yoast-seo-meta-tag\" \/>\n<meta property=\"og:title\" content=\"Milagro Divino. El Incre\u00edble Renacer de Brian durante la Cruzada Evang\u00e9lica que Conmovi\u00f3 a Todos\" class=\"yoast-seo-meta-tag\" \/>\n<meta property=\"og:description\" content=\"Durante la Cruzada Evang\u00e9lica de Cristo para Todas las Naciones, un ni\u00f1o de tres a\u00f1os experiment\u00f3 un milagro transformador. Brian, quien hab\u00eda enfrentado la incapacidad de caminar desde su nacimiento, presenci\u00f3 una curaci\u00f3n divina en este evento religioso, sorprendiendo a todos presentes. La madre de Brian, Edith, hab\u00eda agotado todas las opciones en busca de &hellip;\" class=\"yoast-seo-meta-tag\" \/>\n<meta property=\"og:url\" content=\"https:\/\/tabernaculoprensadedios.com\/web\/milagro-divino-el-increible-renacer-de-brian-durante-la-cruzada-evangelica-que-conmovio-a-todos\/\" class=\"yoast-seo-meta-tag\" \/>\n<meta property=\"og:site_name\" content=\"Tabernaculo Prensa de Dios\" class=\"yoast-seo-meta-tag\" \/>\n<meta property=\"article:published_time\" content=\"2024-01-05T12:36:30+00:00\" class=\"yoast-seo-meta-tag\" \/>\n<meta property=\"article:modified_time\" content=\"2024-01-05T12:37:27+00:00\" class=\"yoast-seo-meta-tag\" \/>\n<meta property=\"og:image\" content=\"https:\/\/tabernaculoprensadedios.com\/web\/wp-content\/uploads\/2024\/01\/IMG_02451.jpg\" class=\"yoast-seo-meta-tag\" \/>\n\t<meta property=\"og:image:width\" content=\"1075\" class=\"yoast-seo-meta-tag\" \/>\n\t<meta property=\"og:image:height\" content=\"488\" class=\"yoast-seo-meta-tag\" \/>\n\t<meta property=\"og:image:type\" content=\"image\/jpeg\" class=\"yoast-seo-meta-tag\" \/>\n<meta name=\"author\" content=\"tabernaculo\" class=\"yoast-seo-meta-tag\" \/>\n<meta name=\"twitter:card\" content=\"summary_large_image\" class=\"yoast-seo-meta-tag\" \/>\n<meta name=\"twitter:creator\" content=\"@PrensadeDios\" class=\"yoast-seo-meta-tag\" \/>\n<meta name=\"twitter:site\" content=\"@PrensadeDios\" class=\"yoast-seo-meta-tag\" \/>\n<meta name=\"twitter:label1\" content=\"Escrito por\" class=\"yoast-seo-meta-tag\" \/>\n\t<meta name=\"twitter:data1\" content=\"tabernaculo\" class=\"yoast-seo-meta-tag\" \/>\n\t<meta name=\"twitter:label2\" content=\"Tiempo de lectura\" class=\"yoast-seo-meta-tag\" \/>\n\t<meta name=\"twitter:data2\" content=\"2 minutos\" class=\"yoast-seo-meta-tag\" \/>\n<script type=\"application\/ld+json\" class=\"yoast-schema-graph\">{\"@context\":\"https:\/\/schema.org\",\"@graph\":[{\"@type\":\"Article\",\"@id\":\"https:\/\/tabernaculoprensadedios.com\/web\/milagro-divino-el-increible-renacer-de-brian-durante-la-cruzada-evangelica-que-conmovio-a-todos\/#article\",\"isPartOf\":{\"@id\":\"https:\/\/tabernaculoprensadedios.com\/web\/milagro-divino-el-increible-renacer-de-brian-durante-la-cruzada-evangelica-que-conmovio-a-todos\/\"},\"author\":{\"name\":\"tabernaculo\",\"@id\":\"https:\/\/tabernaculoprensadedios.com\/web\/#\/schema\/person\/bc0e069fef56b38e177db6f098ae0b6e\"},\"headline\":\"Milagro Divino. El Incre\u00edble Renacer de Brian durante la Cruzada Evang\u00e9lica que Conmovi\u00f3 a Todos\",\"datePublished\":\"2024-01-05T12:36:30+00:00\",\"dateModified\":\"2024-01-05T12:37:27+00:00\",\"mainEntityOfPage\":{\"@id\":\"https:\/\/tabernaculoprensadedios.com\/web\/milagro-divino-el-increible-renacer-de-brian-durante-la-cruzada-evangelica-que-conmovio-a-todos\/\"},\"wordCount\":327,\"commentCount\":0,\"publisher\":{\"@id\":\"https:\/\/tabernaculoprensadedios.com\/web\/#\/schema\/person\/bc0e069fef56b38e177db6f098ae0b6e\"},\"image\":{\"@id\":\"https:\/\/tabernaculoprensadedios.com\/web\/milagro-divino-el-increible-renacer-de-brian-durante-la-cruzada-evangelica-que-conmovio-a-todos\/#primaryimage\"},\"thumbnailUrl\":\"https:\/\/tabernaculoprensadedios.com\/web\/wp-content\/uploads\/2024\/01\/IMG_02451.jpg\",\"articleSection\":[\"Testimonios\"],\"inLanguage\":\"es\",\"potentialAction\":[{\"@type\":\"CommentAction\",\"name\":\"Comment\",\"target\":[\"https:\/\/tabernaculoprensadedios.com\/web\/milagro-divino-el-increible-renacer-de-brian-durante-la-cruzada-evangelica-que-conmovio-a-todos\/#respond\"]}]},{\"@type\":\"WebPage\",\"@id\":\"https:\/\/tabernaculoprensadedios.com\/web\/milagro-divino-el-increible-renacer-de-brian-durante-la-cruzada-evangelica-que-conmovio-a-todos\/\",\"url\":\"https:\/\/tabernaculoprensadedios.com\/web\/milagro-divino-el-increible-renacer-de-brian-durante-la-cruzada-evangelica-que-conmovio-a-todos\/\",\"name\":\"Milagro Divino. El Incre\u00edble Renacer de Brian durante la Cruzada Evang\u00e9lica que Conmovi\u00f3 a Todos - Tabernaculo Prensa de Dios\",\"isPartOf\":{\"@id\":\"https:\/\/tabernaculoprensadedios.com\/web\/#website\"},\"primaryImageOfPage\":{\"@id\":\"https:\/\/tabernaculoprensadedios.com\/web\/milagro-divino-el-increible-renacer-de-brian-durante-la-cruzada-evangelica-que-conmovio-a-todos\/#primaryimage\"},\"image\":{\"@id\":\"https:\/\/tabernaculoprensadedios.com\/web\/milagro-divino-el-increible-renacer-de-brian-durante-la-cruzada-evangelica-que-conmovio-a-todos\/#primaryimage\"},\"thumbnailUrl\":\"https:\/\/tabernaculoprensadedios.com\/web\/wp-content\/uploads\/2024\/01\/IMG_02451.jpg\",\"datePublished\":\"2024-01-05T12:36:30+00:00\",\"dateModified\":\"2024-01-05T12:37:27+00:00\",\"breadcrumb\":{\"@id\":\"https:\/\/tabernaculoprensadedios.com\/web\/milagro-divino-el-increible-renacer-de-brian-durante-la-cruzada-evangelica-que-conmovio-a-todos\/#breadcrumb\"},\"inLanguage\":\"es\",\"potentialAction\":[{\"@type\":\"ReadAction\",\"target\":[\"https:\/\/tabernaculoprensadedios.com\/web\/milagro-divino-el-increible-renacer-de-brian-durante-la-cruzada-evangelica-que-conmovio-a-todos\/\"]}]},{\"@type\":\"ImageObject\",\"inLanguage\":\"es\",\"@id\":\"https:\/\/tabernaculoprensadedios.com\/web\/milagro-divino-el-increible-renacer-de-brian-durante-la-cruzada-evangelica-que-conmovio-a-todos\/#primaryimage\",\"url\":\"https:\/\/tabernaculoprensadedios.com\/web\/wp-content\/uploads\/2024\/01\/IMG_02451.jpg\",\"contentUrl\":\"https:\/\/tabernaculoprensadedios.com\/web\/wp-content\/uploads\/2024\/01\/IMG_02451.jpg\",\"width\":1075,\"height\":488},{\"@type\":\"BreadcrumbList\",\"@id\":\"https:\/\/tabernaculoprensadedios.com\/web\/milagro-divino-el-increible-renacer-de-brian-durante-la-cruzada-evangelica-que-conmovio-a-todos\/#breadcrumb\",\"itemListElement\":[{\"@type\":\"ListItem\",\"position\":1,\"name\":\"Portada\",\"item\":\"https:\/\/tabernaculoprensadedios.com\/web\/\"},{\"@type\":\"ListItem\",\"position\":2,\"name\":\"Milagro Divino. El Incre\u00edble Renacer de Brian durante la Cruzada Evang\u00e9lica que Conmovi\u00f3 a Todos\"}]},{\"@type\":\"WebSite\",\"@id\":\"https:\/\/tabernaculoprensadedios.com\/web\/#website\",\"url\":\"https:\/\/tabernaculoprensadedios.com\/web\/\",\"name\":\"Tabernaculo Prensa de Dios\",\"description\":\"Un medio a la manera de Dios\",\"publisher\":{\"@id\":\"https:\/\/tabernaculoprensadedios.com\/web\/#\/schema\/person\/bc0e069fef56b38e177db6f098ae0b6e\"},\"potentialAction\":[{\"@type\":\"SearchAction\",\"target\":{\"@type\":\"EntryPoint\",\"urlTemplate\":\"https:\/\/tabernaculoprensadedios.com\/web\/?s={search_term_string}\"},\"query-input\":{\"@type\":\"PropertyValueSpecification\",\"valueRequired\":true,\"valueName\":\"search_term_string\"}}],\"inLanguage\":\"es\"},{\"@type\":[\"Person\",\"Organization\"],\"@id\":\"https:\/\/tabernaculoprensadedios.com\/web\/#\/schema\/person\/bc0e069fef56b38e177db6f098ae0b6e\",\"name\":\"tabernaculo\",\"image\":{\"@type\":\"ImageObject\",\"inLanguage\":\"es\",\"@id\":\"https:\/\/tabernaculoprensadedios.com\/web\/#\/schema\/person\/image\/\",\"url\":\"https:\/\/tabernaculoprensadedios.com\/web\/wp-content\/uploads\/2015\/06\/login-logo1.png\",\"contentUrl\":\"https:\/\/tabernaculoprensadedios.com\/web\/wp-content\/uploads\/2015\/06\/login-logo1.png\",\"width\":300,\"height\":118,\"caption\":\"tabernaculo\"},\"logo\":{\"@id\":\"https:\/\/tabernaculoprensadedios.com\/web\/#\/schema\/person\/image\/\"},\"url\":\"https:\/\/tabernaculoprensadedios.com\/web\/author\/tabernaculo\/\"}]}<\/script>\n<!-- \/ Yoast SEO Premium plugin. -->","yoast_head_json":{"title":"Milagro Divino. El Incre\u00edble Renacer de Brian durante la Cruzada Evang\u00e9lica que Conmovi\u00f3 a Todos - Tabernaculo Prensa de Dios","robots":{"index":"index","follow":"follow","max-snippet":"max-snippet:-1","max-image-preview":"max-image-preview:large","max-video-preview":"max-video-preview:-1"},"canonical":"https:\/\/tabernaculoprensadedios.com\/web\/milagro-divino-el-increible-renacer-de-brian-durante-la-cruzada-evangelica-que-conmovio-a-todos\/","og_locale":"es_ES","og_type":"article","og_title":"Milagro Divino. El Incre\u00edble Renacer de Brian durante la Cruzada Evang\u00e9lica que Conmovi\u00f3 a Todos","og_description":"Durante la Cruzada Evang\u00e9lica de Cristo para Todas las Naciones, un ni\u00f1o de tres a\u00f1os experiment\u00f3 un milagro transformador. Brian, quien hab\u00eda enfrentado la incapacidad de caminar desde su nacimiento, presenci\u00f3 una curaci\u00f3n divina en este evento religioso, sorprendiendo a todos presentes. La madre de Brian, Edith, hab\u00eda agotado todas las opciones en busca de &hellip;","og_url":"https:\/\/tabernaculoprensadedios.com\/web\/milagro-divino-el-increible-renacer-de-brian-durante-la-cruzada-evangelica-que-conmovio-a-todos\/","og_site_name":"Tabernaculo Prensa de Dios","article_published_time":"2024-01-05T12:36:30+00:00","article_modified_time":"2024-01-05T12:37:27+00:00","og_image":[{"width":1075,"height":488,"url":"https:\/\/tabernaculoprensadedios.com\/web\/wp-content\/uploads\/2024\/01\/IMG_02451.jpg","type":"image\/jpeg"}],"author":"tabernaculo","twitter_card":"summary_large_image","twitter_creator":"@PrensadeDios","twitter_site":"@PrensadeDios","twitter_misc":{"Escrito por":"tabernaculo","Tiempo de lectura":"2 minutos"},"schema":{"@context":"https:\/\/schema.org","@graph":[{"@type":"Article","@id":"https:\/\/tabernaculoprensadedios.com\/web\/milagro-divino-el-increible-renacer-de-brian-durante-la-cruzada-evangelica-que-conmovio-a-todos\/#article","isPartOf":{"@id":"https:\/\/tabernaculoprensadedios.com\/web\/milagro-divino-el-increible-renacer-de-brian-durante-la-cruzada-evangelica-que-conmovio-a-todos\/"},"author":{"name":"tabernaculo","@id":"https:\/\/tabernaculoprensadedios.com\/web\/#\/schema\/person\/bc0e069fef56b38e177db6f098ae0b6e"},"headline":"Milagro Divino. El Incre\u00edble Renacer de Brian durante la Cruzada Evang\u00e9lica que Conmovi\u00f3 a Todos","datePublished":"2024-01-05T12:36:30+00:00","dateModified":"2024-01-05T12:37:27+00:00","mainEntityOfPage":{"@id":"https:\/\/tabernaculoprensadedios.com\/web\/milagro-divino-el-increible-renacer-de-brian-durante-la-cruzada-evangelica-que-conmovio-a-todos\/"},"wordCount":327,"commentCount":0,"publisher":{"@id":"https:\/\/tabernaculoprensadedios.com\/web\/#\/schema\/person\/bc0e069fef56b38e177db6f098ae0b6e"},"image":{"@id":"https:\/\/tabernaculoprensadedios.com\/web\/milagro-divino-el-increible-renacer-de-brian-durante-la-cruzada-evangelica-que-conmovio-a-todos\/#primaryimage"},"thumbnailUrl":"https:\/\/tabernaculoprensadedios.com\/web\/wp-content\/uploads\/2024\/01\/IMG_02451.jpg","articleSection":["Testimonios"],"inLanguage":"es","potentialAction":[{"@type":"CommentAction","name":"Comment","target":["https:\/\/tabernaculoprensadedios.com\/web\/milagro-divino-el-increible-renacer-de-brian-durante-la-cruzada-evangelica-que-conmovio-a-todos\/#respond"]}]},{"@type":"WebPage","@id":"https:\/\/tabernaculoprensadedios.com\/web\/milagro-divino-el-increible-renacer-de-brian-durante-la-cruzada-evangelica-que-conmovio-a-todos\/","url":"https:\/\/tabernaculoprensadedios.com\/web\/milagro-divino-el-increible-renacer-de-brian-durante-la-cruzada-evangelica-que-conmovio-a-todos\/","name":"Milagro Divino. El Incre\u00edble Renacer de Brian durante la Cruzada Evang\u00e9lica que Conmovi\u00f3 a Todos - Tabernaculo Prensa de Dios","isPartOf":{"@id":"https:\/\/tabernaculoprensadedios.com\/web\/#website"},"primaryImageOfPage":{"@id":"https:\/\/tabernaculoprensadedios.com\/web\/milagro-divino-el-increible-renacer-de-brian-durante-la-cruzada-evangelica-que-conmovio-a-todos\/#primaryimage"},"image":{"@id":"https:\/\/tabernaculoprensadedios.com\/web\/milagro-divino-el-increible-renacer-de-brian-durante-la-cruzada-evangelica-que-conmovio-a-todos\/#primaryimage"},"thumbnailUrl":"https:\/\/tabernaculoprensadedios.com\/web\/wp-content\/uploads\/2024\/01\/IMG_02451.jpg","datePublished":"2024-01-05T12:36:30+00:00","dateModified":"2024-01-05T12:37:27+00:00","breadcrumb":{"@id":"https:\/\/tabernaculoprensadedios.com\/web\/milagro-divino-el-increible-renacer-de-brian-durante-la-cruzada-evangelica-que-conmovio-a-todos\/#breadcrumb"},"inLanguage":"es","potentialAction":[{"@type":"ReadAction","target":["https:\/\/tabernaculoprensadedios.com\/web\/milagro-divino-el-increible-renacer-de-brian-durante-la-cruzada-evangelica-que-conmovio-a-todos\/"]}]},{"@type":"ImageObject","inLanguage":"es","@id":"https:\/\/tabernaculoprensadedios.com\/web\/milagro-divino-el-increible-renacer-de-brian-durante-la-cruzada-evangelica-que-conmovio-a-todos\/#primaryimage","url":"https:\/\/tabernaculoprensadedios.com\/web\/wp-content\/uploads\/2024\/01\/IMG_02451.jpg","contentUrl":"https:\/\/tabernaculoprensadedios.com\/web\/wp-content\/uploads\/2024\/01\/IMG_02451.jpg","width":1075,"height":488},{"@type":"BreadcrumbList","@id":"https:\/\/tabernaculoprensadedios.com\/web\/milagro-divino-el-increible-renacer-de-brian-durante-la-cruzada-evangelica-que-conmovio-a-todos\/#breadcrumb","itemListElement":[{"@type":"ListItem","position":1,"name":"Portada","item":"https:\/\/tabernaculoprensadedios.com\/web\/"},{"@type":"ListItem","position":2,"name":"Milagro Divino. El Incre\u00edble Renacer de Brian durante la Cruzada Evang\u00e9lica que Conmovi\u00f3 a Todos"}]},{"@type":"WebSite","@id":"https:\/\/tabernaculoprensadedios.com\/web\/#website","url":"https:\/\/tabernaculoprensadedios.com\/web\/","name":"Tabernaculo Prensa de Dios","description":"Un medio a la manera de Dios","publisher":{"@id":"https:\/\/tabernaculoprensadedios.com\/web\/#\/schema\/person\/bc0e069fef56b38e177db6f098ae0b6e"},"potentialAction":[{"@type":"SearchAction","target":{"@type":"EntryPoint","urlTemplate":"https:\/\/tabernaculoprensadedios.com\/web\/?s={search_term_string}"},"query-input":{"@type":"PropertyValueSpecification","valueRequired":true,"valueName":"search_term_string"}}],"inLanguage":"es"},{"@type":["Person","Organization"],"@id":"https:\/\/tabernaculoprensadedios.com\/web\/#\/schema\/person\/bc0e069fef56b38e177db6f098ae0b6e","name":"tabernaculo","image":{"@type":"ImageObject","inLanguage":"es","@id":"https:\/\/tabernaculoprensadedios.com\/web\/#\/schema\/person\/image\/","url":"https:\/\/tabernaculoprensadedios.com\/web\/wp-content\/uploads\/2015\/06\/login-logo1.png","contentUrl":"https:\/\/tabernaculoprensadedios.com\/web\/wp-content\/uploads\/2015\/06\/login-logo1.png","width":300,"height":118,"caption":"tabernaculo"},"logo":{"@id":"https:\/\/tabernaculoprensadedios.com\/web\/#\/schema\/person\/image\/"},"url":"https:\/\/tabernaculoprensadedios.com\/web\/author\/tabernaculo\/"}]}},"_links":{"self":[{"href":"https:\/\/tabernaculoprensadedios.com\/web\/wp-json\/wp\/v2\/posts\/29913","targetHints":{"allow":["GET"]}}],"collection":[{"href":"https:\/\/tabernaculoprensadedios.com\/web\/wp-json\/wp\/v2\/posts"}],"about":[{"href":"https:\/\/tabernaculoprensadedios.com\/web\/wp-json\/wp\/v2\/types\/post"}],"author":[{"embeddable":true,"href":"https:\/\/tabernaculoprensadedios.com\/web\/wp-json\/wp\/v2\/users\/1"}],"replies":[{"embeddable":true,"href":"https:\/\/tabernaculoprensadedios.com\/web\/wp-json\/wp\/v2\/comments?post=29913"}],"version-history":[{"count":1,"href":"https:\/\/tabernaculoprensadedios.com\/web\/wp-json\/wp\/v2\/posts\/29913\/revisions"}],"predecessor-version":[{"id":29915,"href":"https:\/\/tabernaculoprensadedios.com\/web\/wp-json\/wp\/v2\/posts\/29913\/revisions\/29915"}],"wp:featuredmedia":[{"embeddable":true,"href":"https:\/\/tabernaculoprensadedios.com\/web\/wp-json\/wp\/v2\/media\/29914"}],"wp:attachment":[{"href":"https:\/\/tabernaculoprensadedios.com\/web\/wp-json\/wp\/v2\/media?parent=29913"}],"wp:term":[{"taxonomy":"category","embeddable":true,"href":"https:\/\/tabernaculoprensadedios.com\/web\/wp-json\/wp\/v2\/categories?post=29913"},{"taxonomy":"post_tag","embeddable":true,"href":"https:\/\/tabernaculoprensadedios.com\/web\/wp-json\/wp\/v2\/tags?post=29913"}],"curies":[{"name":"wp","href":"https:\/\/api.w.org\/{rel}","templated":true}]}}