{"id":28815,"date":"2023-08-23T02:52:48","date_gmt":"2023-08-23T02:52:48","guid":{"rendered":"https:\/\/tabernaculoprensadedios.com\/web\/?p=28815"},"modified":"2023-08-23T02:52:48","modified_gmt":"2023-08-23T02:52:48","slug":"los-cristianos-de-oriente-medio-cargamos-la-cruz-con-dignidad-y-esperanza","status":"publish","type":"post","link":"https:\/\/tabernaculoprensadedios.com\/web\/los-cristianos-de-oriente-medio-cargamos-la-cruz-con-dignidad-y-esperanza\/","title":{"rendered":"Los cristianos de Oriente Medio. Cargamos la cruz con dignidad y esperanza"},"content":{"rendered":"<p>\u201cCargamos la cruz con dignidad y esperanza\u201d. Estas fueron las primeras palabras de los cristianos de Oriente Medio cuando se dirigieron a la reuni\u00f3n del Comit\u00e9 Central del Consejo Mundial de Iglesias para dar testimonio de las cargas y los desaf\u00edos \u2013pero tambi\u00e9n de la resiliencia\u2013 con los que viven a diario en la tierra donde naci\u00f3 el cristianismo.<\/p>\n<p>Aunque en toda la regi\u00f3n los cristianos hacen frente a graves desaf\u00edos y, con frecuencia, a la injusticia sist\u00e9mica, el desplazamiento e incluso la p\u00e9rdida de vidas, el metropolitano Thomas de la Iglesia Ortodoxa Copta insisti\u00f3 en que \u201ccomo cristianos, nos negamos a ser v\u00edctimas. En lugar de ello, somos victoriosos dando testimonio de nuestra fe\u201d, dijo.<\/p>\n<p>En un mensaje compartido presentado al Comit\u00e9 Central \u2013que engloba a hermanos y hermanas cristianos de todo el planeta que representan a la comunidad de 352 iglesias diferentes\u2013, las iglesias miembros de Oriente Medio recalcaron la importancia de la solidaridad y el acompa\u00f1amiento, describiendo su testimonio del Evangelio como aut\u00f3ctono de la regi\u00f3n.<\/p>\n<p>\u201cLa l\u00ednea ininterrumpida de comunidades cristianas que han sido testigos del mundo desde Pentecost\u00e9s \u2013llamadas a menudo \u2018piedras vivas\u2019\u2013 atraviesa una crisis existencial, que pone en peligro la p\u00e9rdida de la identidad cristiana. Reiteremos que si no quedaran cristianos en Oriente Medio ser\u00eda una tragedia para el mundo entero\u201d, dijeron.<\/p>\n<p><strong>La participaci\u00f3n de los j\u00f3venes y la llamada a la unidad<br \/>\n<\/strong>Un tema crucial, seg\u00fan se\u00f1al\u00f3 el grupo, es la patente exclusi\u00f3n de los j\u00f3venes de los procesos de toma de decisiones en muchas iglesias y comunidades de Oriente Medio.<\/p>\n<p>\u201cDebemos superar este desequilibrio, dando participaci\u00f3n a los j\u00f3venes en la adopci\u00f3n de decisiones y fortaleciendo las redes de j\u00f3venes cristianos en Oriente Medio\u201d, declar\u00f3 Maria Bzdigian de la Uni\u00f3n de las Iglesias Evang\u00e9licas Armenias de Oriente Medio, una de los j\u00f3venes que representa a la regi\u00f3n en el Comit\u00e9 Central.<\/p>\n<p>Pero en el centro de todo ello, indic\u00f3 el grupo, est\u00e1 la cuesti\u00f3n de la unidad cristiana, que es la piedra angular de la comunidad mundial de iglesias que se re\u00fane.<\/p>\n<p>\u201cDebemos promover la unidad y la cooperaci\u00f3n entre nuestras comunidades e iglesias para dar respuesta a los desaf\u00edos que afrontan los cristianos en Oriente Medio\u201d, instaron.<\/p>\n","protected":false},"excerpt":{"rendered":"<p>\u201cCargamos la cruz con dignidad y esperanza\u201d. Estas fueron las primeras palabras de los cristianos de Oriente Medio cuando se dirigieron a la reuni\u00f3n del Comit\u00e9 Central del Consejo Mundial de Iglesias para dar testimonio de las cargas y los desaf\u00edos \u2013pero tambi\u00e9n de la resiliencia\u2013 con los que viven a diario en la tierra &hellip;<\/p>\n","protected":false},"author":1,"featured_media":28816,"comment_status":"open","ping_status":"open","sticky":false,"template":"","format":"standard","meta":{"footnotes":""},"categories":[30],"tags":[],"class_list":["post-28815","post","type-post","status-publish","format-standard","has-post-thumbnail","hentry","category-reportajes"],"yoast_head":"<!-- This site is optimized with the Yoast SEO Premium plugin v24.2 (Yoast SEO v27.1.1) - https:\/\/yoast.com\/product\/yoast-seo-premium-wordpress\/ -->\n<title>Los cristianos de Oriente Medio. Cargamos la cruz con dignidad y esperanza - Tabernaculo Prensa de Dios<\/title>\n<meta name=\"robots\" content=\"index, follow, max-snippet:-1, max-image-preview:large, max-video-preview:-1\" \/>\n<link rel=\"canonical\" href=\"https:\/\/tabernaculoprensadedios.com\/web\/los-cristianos-de-oriente-medio-cargamos-la-cruz-con-dignidad-y-esperanza\/\" class=\"yoast-seo-meta-tag\" \/>\n<meta property=\"og:locale\" content=\"es_ES\" class=\"yoast-seo-meta-tag\" \/>\n<meta property=\"og:type\" content=\"article\" class=\"yoast-seo-meta-tag\" \/>\n<meta property=\"og:title\" content=\"Los cristianos de Oriente Medio. Cargamos la cruz con dignidad y esperanza\" class=\"yoast-seo-meta-tag\" \/>\n<meta property=\"og:description\" content=\"\u201cCargamos la cruz con dignidad y esperanza\u201d. Estas fueron las primeras palabras de los cristianos de Oriente Medio cuando se dirigieron a la reuni\u00f3n del Comit\u00e9 Central del Consejo Mundial de Iglesias para dar testimonio de las cargas y los desaf\u00edos \u2013pero tambi\u00e9n de la resiliencia\u2013 con los que viven a diario en la tierra &hellip;\" class=\"yoast-seo-meta-tag\" \/>\n<meta property=\"og:url\" content=\"https:\/\/tabernaculoprensadedios.com\/web\/los-cristianos-de-oriente-medio-cargamos-la-cruz-con-dignidad-y-esperanza\/\" class=\"yoast-seo-meta-tag\" \/>\n<meta property=\"og:site_name\" content=\"Tabernaculo Prensa de Dios\" class=\"yoast-seo-meta-tag\" \/>\n<meta property=\"article:published_time\" content=\"2023-08-23T02:52:48+00:00\" class=\"yoast-seo-meta-tag\" \/>\n<meta property=\"og:image\" content=\"https:\/\/tabernaculoprensadedios.com\/web\/wp-content\/uploads\/2023\/08\/cruz-cristiana-cielo-1024x680-1.jpg\" class=\"yoast-seo-meta-tag\" \/>\n\t<meta property=\"og:image:width\" content=\"1024\" class=\"yoast-seo-meta-tag\" \/>\n\t<meta property=\"og:image:height\" content=\"680\" class=\"yoast-seo-meta-tag\" \/>\n\t<meta property=\"og:image:type\" content=\"image\/jpeg\" class=\"yoast-seo-meta-tag\" \/>\n<meta name=\"author\" content=\"tabernaculo\" class=\"yoast-seo-meta-tag\" \/>\n<meta name=\"twitter:card\" content=\"summary_large_image\" class=\"yoast-seo-meta-tag\" \/>\n<meta name=\"twitter:creator\" content=\"@PrensadeDios\" class=\"yoast-seo-meta-tag\" \/>\n<meta name=\"twitter:site\" content=\"@PrensadeDios\" class=\"yoast-seo-meta-tag\" \/>\n<meta name=\"twitter:label1\" content=\"Escrito por\" class=\"yoast-seo-meta-tag\" \/>\n\t<meta name=\"twitter:data1\" content=\"tabernaculo\" class=\"yoast-seo-meta-tag\" \/>\n\t<meta name=\"twitter:label2\" content=\"Tiempo de lectura\" class=\"yoast-seo-meta-tag\" \/>\n\t<meta name=\"twitter:data2\" content=\"2 minutos\" class=\"yoast-seo-meta-tag\" \/>\n<script type=\"application\/ld+json\" class=\"yoast-schema-graph\">{\"@context\":\"https:\/\/schema.org\",\"@graph\":[{\"@type\":\"Article\",\"@id\":\"https:\/\/tabernaculoprensadedios.com\/web\/los-cristianos-de-oriente-medio-cargamos-la-cruz-con-dignidad-y-esperanza\/#article\",\"isPartOf\":{\"@id\":\"https:\/\/tabernaculoprensadedios.com\/web\/los-cristianos-de-oriente-medio-cargamos-la-cruz-con-dignidad-y-esperanza\/\"},\"author\":{\"name\":\"tabernaculo\",\"@id\":\"https:\/\/tabernaculoprensadedios.com\/web\/#\/schema\/person\/bc0e069fef56b38e177db6f098ae0b6e\"},\"headline\":\"Los cristianos de Oriente Medio. Cargamos la cruz con dignidad y esperanza\",\"datePublished\":\"2023-08-23T02:52:48+00:00\",\"mainEntityOfPage\":{\"@id\":\"https:\/\/tabernaculoprensadedios.com\/web\/los-cristianos-de-oriente-medio-cargamos-la-cruz-con-dignidad-y-esperanza\/\"},\"wordCount\":411,\"commentCount\":0,\"publisher\":{\"@id\":\"https:\/\/tabernaculoprensadedios.com\/web\/#\/schema\/person\/bc0e069fef56b38e177db6f098ae0b6e\"},\"image\":{\"@id\":\"https:\/\/tabernaculoprensadedios.com\/web\/los-cristianos-de-oriente-medio-cargamos-la-cruz-con-dignidad-y-esperanza\/#primaryimage\"},\"thumbnailUrl\":\"https:\/\/tabernaculoprensadedios.com\/web\/wp-content\/uploads\/2023\/08\/cruz-cristiana-cielo-1024x680-1.jpg\",\"articleSection\":[\"Reportajes\"],\"inLanguage\":\"es\",\"potentialAction\":[{\"@type\":\"CommentAction\",\"name\":\"Comment\",\"target\":[\"https:\/\/tabernaculoprensadedios.com\/web\/los-cristianos-de-oriente-medio-cargamos-la-cruz-con-dignidad-y-esperanza\/#respond\"]}]},{\"@type\":\"WebPage\",\"@id\":\"https:\/\/tabernaculoprensadedios.com\/web\/los-cristianos-de-oriente-medio-cargamos-la-cruz-con-dignidad-y-esperanza\/\",\"url\":\"https:\/\/tabernaculoprensadedios.com\/web\/los-cristianos-de-oriente-medio-cargamos-la-cruz-con-dignidad-y-esperanza\/\",\"name\":\"Los cristianos de Oriente Medio. Cargamos la cruz con dignidad y esperanza - Tabernaculo Prensa de Dios\",\"isPartOf\":{\"@id\":\"https:\/\/tabernaculoprensadedios.com\/web\/#website\"},\"primaryImageOfPage\":{\"@id\":\"https:\/\/tabernaculoprensadedios.com\/web\/los-cristianos-de-oriente-medio-cargamos-la-cruz-con-dignidad-y-esperanza\/#primaryimage\"},\"image\":{\"@id\":\"https:\/\/tabernaculoprensadedios.com\/web\/los-cristianos-de-oriente-medio-cargamos-la-cruz-con-dignidad-y-esperanza\/#primaryimage\"},\"thumbnailUrl\":\"https:\/\/tabernaculoprensadedios.com\/web\/wp-content\/uploads\/2023\/08\/cruz-cristiana-cielo-1024x680-1.jpg\",\"datePublished\":\"2023-08-23T02:52:48+00:00\",\"breadcrumb\":{\"@id\":\"https:\/\/tabernaculoprensadedios.com\/web\/los-cristianos-de-oriente-medio-cargamos-la-cruz-con-dignidad-y-esperanza\/#breadcrumb\"},\"inLanguage\":\"es\",\"potentialAction\":[{\"@type\":\"ReadAction\",\"target\":[\"https:\/\/tabernaculoprensadedios.com\/web\/los-cristianos-de-oriente-medio-cargamos-la-cruz-con-dignidad-y-esperanza\/\"]}]},{\"@type\":\"ImageObject\",\"inLanguage\":\"es\",\"@id\":\"https:\/\/tabernaculoprensadedios.com\/web\/los-cristianos-de-oriente-medio-cargamos-la-cruz-con-dignidad-y-esperanza\/#primaryimage\",\"url\":\"https:\/\/tabernaculoprensadedios.com\/web\/wp-content\/uploads\/2023\/08\/cruz-cristiana-cielo-1024x680-1.jpg\",\"contentUrl\":\"https:\/\/tabernaculoprensadedios.com\/web\/wp-content\/uploads\/2023\/08\/cruz-cristiana-cielo-1024x680-1.jpg\",\"width\":1024,\"height\":680},{\"@type\":\"BreadcrumbList\",\"@id\":\"https:\/\/tabernaculoprensadedios.com\/web\/los-cristianos-de-oriente-medio-cargamos-la-cruz-con-dignidad-y-esperanza\/#breadcrumb\",\"itemListElement\":[{\"@type\":\"ListItem\",\"position\":1,\"name\":\"Portada\",\"item\":\"https:\/\/tabernaculoprensadedios.com\/web\/\"},{\"@type\":\"ListItem\",\"position\":2,\"name\":\"Los cristianos de Oriente Medio. Cargamos la cruz con dignidad y esperanza\"}]},{\"@type\":\"WebSite\",\"@id\":\"https:\/\/tabernaculoprensadedios.com\/web\/#website\",\"url\":\"https:\/\/tabernaculoprensadedios.com\/web\/\",\"name\":\"Tabernaculo Prensa de Dios\",\"description\":\"Un medio a la manera de Dios\",\"publisher\":{\"@id\":\"https:\/\/tabernaculoprensadedios.com\/web\/#\/schema\/person\/bc0e069fef56b38e177db6f098ae0b6e\"},\"potentialAction\":[{\"@type\":\"SearchAction\",\"target\":{\"@type\":\"EntryPoint\",\"urlTemplate\":\"https:\/\/tabernaculoprensadedios.com\/web\/?s={search_term_string}\"},\"query-input\":{\"@type\":\"PropertyValueSpecification\",\"valueRequired\":true,\"valueName\":\"search_term_string\"}}],\"inLanguage\":\"es\"},{\"@type\":[\"Person\",\"Organization\"],\"@id\":\"https:\/\/tabernaculoprensadedios.com\/web\/#\/schema\/person\/bc0e069fef56b38e177db6f098ae0b6e\",\"name\":\"tabernaculo\",\"image\":{\"@type\":\"ImageObject\",\"inLanguage\":\"es\",\"@id\":\"https:\/\/tabernaculoprensadedios.com\/web\/#\/schema\/person\/image\/\",\"url\":\"https:\/\/tabernaculoprensadedios.com\/web\/wp-content\/uploads\/2015\/06\/login-logo1.png\",\"contentUrl\":\"https:\/\/tabernaculoprensadedios.com\/web\/wp-content\/uploads\/2015\/06\/login-logo1.png\",\"width\":300,\"height\":118,\"caption\":\"tabernaculo\"},\"logo\":{\"@id\":\"https:\/\/tabernaculoprensadedios.com\/web\/#\/schema\/person\/image\/\"},\"url\":\"https:\/\/tabernaculoprensadedios.com\/web\/author\/tabernaculo\/\"}]}<\/script>\n<!-- \/ Yoast SEO Premium plugin. -->","yoast_head_json":{"title":"Los cristianos de Oriente Medio. Cargamos la cruz con dignidad y esperanza - Tabernaculo Prensa de Dios","robots":{"index":"index","follow":"follow","max-snippet":"max-snippet:-1","max-image-preview":"max-image-preview:large","max-video-preview":"max-video-preview:-1"},"canonical":"https:\/\/tabernaculoprensadedios.com\/web\/los-cristianos-de-oriente-medio-cargamos-la-cruz-con-dignidad-y-esperanza\/","og_locale":"es_ES","og_type":"article","og_title":"Los cristianos de Oriente Medio. Cargamos la cruz con dignidad y esperanza","og_description":"\u201cCargamos la cruz con dignidad y esperanza\u201d. Estas fueron las primeras palabras de los cristianos de Oriente Medio cuando se dirigieron a la reuni\u00f3n del Comit\u00e9 Central del Consejo Mundial de Iglesias para dar testimonio de las cargas y los desaf\u00edos \u2013pero tambi\u00e9n de la resiliencia\u2013 con los que viven a diario en la tierra &hellip;","og_url":"https:\/\/tabernaculoprensadedios.com\/web\/los-cristianos-de-oriente-medio-cargamos-la-cruz-con-dignidad-y-esperanza\/","og_site_name":"Tabernaculo Prensa de Dios","article_published_time":"2023-08-23T02:52:48+00:00","og_image":[{"width":1024,"height":680,"url":"https:\/\/tabernaculoprensadedios.com\/web\/wp-content\/uploads\/2023\/08\/cruz-cristiana-cielo-1024x680-1.jpg","type":"image\/jpeg"}],"author":"tabernaculo","twitter_card":"summary_large_image","twitter_creator":"@PrensadeDios","twitter_site":"@PrensadeDios","twitter_misc":{"Escrito por":"tabernaculo","Tiempo de lectura":"2 minutos"},"schema":{"@context":"https:\/\/schema.org","@graph":[{"@type":"Article","@id":"https:\/\/tabernaculoprensadedios.com\/web\/los-cristianos-de-oriente-medio-cargamos-la-cruz-con-dignidad-y-esperanza\/#article","isPartOf":{"@id":"https:\/\/tabernaculoprensadedios.com\/web\/los-cristianos-de-oriente-medio-cargamos-la-cruz-con-dignidad-y-esperanza\/"},"author":{"name":"tabernaculo","@id":"https:\/\/tabernaculoprensadedios.com\/web\/#\/schema\/person\/bc0e069fef56b38e177db6f098ae0b6e"},"headline":"Los cristianos de Oriente Medio. Cargamos la cruz con dignidad y esperanza","datePublished":"2023-08-23T02:52:48+00:00","mainEntityOfPage":{"@id":"https:\/\/tabernaculoprensadedios.com\/web\/los-cristianos-de-oriente-medio-cargamos-la-cruz-con-dignidad-y-esperanza\/"},"wordCount":411,"commentCount":0,"publisher":{"@id":"https:\/\/tabernaculoprensadedios.com\/web\/#\/schema\/person\/bc0e069fef56b38e177db6f098ae0b6e"},"image":{"@id":"https:\/\/tabernaculoprensadedios.com\/web\/los-cristianos-de-oriente-medio-cargamos-la-cruz-con-dignidad-y-esperanza\/#primaryimage"},"thumbnailUrl":"https:\/\/tabernaculoprensadedios.com\/web\/wp-content\/uploads\/2023\/08\/cruz-cristiana-cielo-1024x680-1.jpg","articleSection":["Reportajes"],"inLanguage":"es","potentialAction":[{"@type":"CommentAction","name":"Comment","target":["https:\/\/tabernaculoprensadedios.com\/web\/los-cristianos-de-oriente-medio-cargamos-la-cruz-con-dignidad-y-esperanza\/#respond"]}]},{"@type":"WebPage","@id":"https:\/\/tabernaculoprensadedios.com\/web\/los-cristianos-de-oriente-medio-cargamos-la-cruz-con-dignidad-y-esperanza\/","url":"https:\/\/tabernaculoprensadedios.com\/web\/los-cristianos-de-oriente-medio-cargamos-la-cruz-con-dignidad-y-esperanza\/","name":"Los cristianos de Oriente Medio. Cargamos la cruz con dignidad y esperanza - Tabernaculo Prensa de Dios","isPartOf":{"@id":"https:\/\/tabernaculoprensadedios.com\/web\/#website"},"primaryImageOfPage":{"@id":"https:\/\/tabernaculoprensadedios.com\/web\/los-cristianos-de-oriente-medio-cargamos-la-cruz-con-dignidad-y-esperanza\/#primaryimage"},"image":{"@id":"https:\/\/tabernaculoprensadedios.com\/web\/los-cristianos-de-oriente-medio-cargamos-la-cruz-con-dignidad-y-esperanza\/#primaryimage"},"thumbnailUrl":"https:\/\/tabernaculoprensadedios.com\/web\/wp-content\/uploads\/2023\/08\/cruz-cristiana-cielo-1024x680-1.jpg","datePublished":"2023-08-23T02:52:48+00:00","breadcrumb":{"@id":"https:\/\/tabernaculoprensadedios.com\/web\/los-cristianos-de-oriente-medio-cargamos-la-cruz-con-dignidad-y-esperanza\/#breadcrumb"},"inLanguage":"es","potentialAction":[{"@type":"ReadAction","target":["https:\/\/tabernaculoprensadedios.com\/web\/los-cristianos-de-oriente-medio-cargamos-la-cruz-con-dignidad-y-esperanza\/"]}]},{"@type":"ImageObject","inLanguage":"es","@id":"https:\/\/tabernaculoprensadedios.com\/web\/los-cristianos-de-oriente-medio-cargamos-la-cruz-con-dignidad-y-esperanza\/#primaryimage","url":"https:\/\/tabernaculoprensadedios.com\/web\/wp-content\/uploads\/2023\/08\/cruz-cristiana-cielo-1024x680-1.jpg","contentUrl":"https:\/\/tabernaculoprensadedios.com\/web\/wp-content\/uploads\/2023\/08\/cruz-cristiana-cielo-1024x680-1.jpg","width":1024,"height":680},{"@type":"BreadcrumbList","@id":"https:\/\/tabernaculoprensadedios.com\/web\/los-cristianos-de-oriente-medio-cargamos-la-cruz-con-dignidad-y-esperanza\/#breadcrumb","itemListElement":[{"@type":"ListItem","position":1,"name":"Portada","item":"https:\/\/tabernaculoprensadedios.com\/web\/"},{"@type":"ListItem","position":2,"name":"Los cristianos de Oriente Medio. Cargamos la cruz con dignidad y esperanza"}]},{"@type":"WebSite","@id":"https:\/\/tabernaculoprensadedios.com\/web\/#website","url":"https:\/\/tabernaculoprensadedios.com\/web\/","name":"Tabernaculo Prensa de Dios","description":"Un medio a la manera de Dios","publisher":{"@id":"https:\/\/tabernaculoprensadedios.com\/web\/#\/schema\/person\/bc0e069fef56b38e177db6f098ae0b6e"},"potentialAction":[{"@type":"SearchAction","target":{"@type":"EntryPoint","urlTemplate":"https:\/\/tabernaculoprensadedios.com\/web\/?s={search_term_string}"},"query-input":{"@type":"PropertyValueSpecification","valueRequired":true,"valueName":"search_term_string"}}],"inLanguage":"es"},{"@type":["Person","Organization"],"@id":"https:\/\/tabernaculoprensadedios.com\/web\/#\/schema\/person\/bc0e069fef56b38e177db6f098ae0b6e","name":"tabernaculo","image":{"@type":"ImageObject","inLanguage":"es","@id":"https:\/\/tabernaculoprensadedios.com\/web\/#\/schema\/person\/image\/","url":"https:\/\/tabernaculoprensadedios.com\/web\/wp-content\/uploads\/2015\/06\/login-logo1.png","contentUrl":"https:\/\/tabernaculoprensadedios.com\/web\/wp-content\/uploads\/2015\/06\/login-logo1.png","width":300,"height":118,"caption":"tabernaculo"},"logo":{"@id":"https:\/\/tabernaculoprensadedios.com\/web\/#\/schema\/person\/image\/"},"url":"https:\/\/tabernaculoprensadedios.com\/web\/author\/tabernaculo\/"}]}},"_links":{"self":[{"href":"https:\/\/tabernaculoprensadedios.com\/web\/wp-json\/wp\/v2\/posts\/28815","targetHints":{"allow":["GET"]}}],"collection":[{"href":"https:\/\/tabernaculoprensadedios.com\/web\/wp-json\/wp\/v2\/posts"}],"about":[{"href":"https:\/\/tabernaculoprensadedios.com\/web\/wp-json\/wp\/v2\/types\/post"}],"author":[{"embeddable":true,"href":"https:\/\/tabernaculoprensadedios.com\/web\/wp-json\/wp\/v2\/users\/1"}],"replies":[{"embeddable":true,"href":"https:\/\/tabernaculoprensadedios.com\/web\/wp-json\/wp\/v2\/comments?post=28815"}],"version-history":[{"count":1,"href":"https:\/\/tabernaculoprensadedios.com\/web\/wp-json\/wp\/v2\/posts\/28815\/revisions"}],"predecessor-version":[{"id":28817,"href":"https:\/\/tabernaculoprensadedios.com\/web\/wp-json\/wp\/v2\/posts\/28815\/revisions\/28817"}],"wp:featuredmedia":[{"embeddable":true,"href":"https:\/\/tabernaculoprensadedios.com\/web\/wp-json\/wp\/v2\/media\/28816"}],"wp:attachment":[{"href":"https:\/\/tabernaculoprensadedios.com\/web\/wp-json\/wp\/v2\/media?parent=28815"}],"wp:term":[{"taxonomy":"category","embeddable":true,"href":"https:\/\/tabernaculoprensadedios.com\/web\/wp-json\/wp\/v2\/categories?post=28815"},{"taxonomy":"post_tag","embeddable":true,"href":"https:\/\/tabernaculoprensadedios.com\/web\/wp-json\/wp\/v2\/tags?post=28815"}],"curies":[{"name":"wp","href":"https:\/\/api.w.org\/{rel}","templated":true}]}}