{"id":2799,"date":"2015-09-17T22:58:08","date_gmt":"2015-09-17T22:58:08","guid":{"rendered":"http:\/\/tabernaculoprensadedios.com\/web\/?p=2799"},"modified":"2019-02-09T02:32:39","modified_gmt":"2019-02-09T02:32:39","slug":"jesus-quiere-a-los-ninos-con-el-hagamos-nuestra-parte-para-que-suceda%e2%80%8f","status":"publish","type":"post","link":"https:\/\/tabernaculoprensadedios.com\/web\/jesus-quiere-a-los-ninos-con-el-hagamos-nuestra-parte-para-que-suceda%e2%80%8f\/","title":{"rendered":"Jes\u00fas quiere a los ni\u00f1os con \u00e9l, hagamos nuestra parte para que suceda\u200f"},"content":{"rendered":"<p><em>Ac\u00e9rcate y ama a t\u00fa pr\u00f3jimo como a ti mismo!<\/em><\/p>\n<p>Pero Jes\u00fas dijo: Dejad a los ni\u00f1os venir a m\u00ed, y no se lo impid\u00e1is; porque de los tales es el reino de los cielos. Mateo 19:14<\/p>\n<p>2 Timoteo 1:5 Me acuerdo de tu fe sincera, una fe que habit\u00f3 primero en tu abuela Loida y en tu madre Eunice, y estoy seguro que en ti tambi\u00e9n.<\/p>\n<p>2 Timoteo 3: 14-15 Pero t\u00fa, permanece firme en lo que has aprendido y te persuadiste, sabiendo de qui\u00e9n has aprendido y que desde la ni\u00f1ez has sabido las Sagradas Escrituras, las cuales te pueden hacer sabio para la salvaci\u00f3n por la fe en Cristo Jes\u00fas.<\/p>\n<p>Proverbios 22:6- Instruye al ni\u00f1o en el camino que debe seguir; aun cuando fuere viejo no se apartar\u00e1 de \u00e9l.<\/p>\n<p>Isa\u00edas 54:13 -Y todos tus hijos ser\u00e1n ense\u00f1ados por Jehov\u00e1, y grande ser\u00e1 la paz de tus hijos.<\/p>\n<p>Deuteronomio 4:9 -\u201cPor tanto, gu\u00e1rdate, y guarda tu alma con diligencia, para que no te olvides de las cosas que tus ojos han visto, ni se aparten de tu coraz\u00f3n todos los d\u00edas de tu vida; antes bien, las ense\u00f1ar\u00e1s a tus hijos, y a los hijos de tus hijos\u201d.<\/p>\n<p>Deuteronomio 6:6-9 -Y estas palabras que yo te mando hoy, estar\u00e1n sobre tu coraz\u00f3n;6:7- y las repetir\u00e1s a tus hijos, y hablar\u00e1s de ellas estando en tu casa, y andando por el camino, y al acostarte, y cuando te levantes.6:8 Y las atar\u00e1s como una se\u00f1al en tu mano, y estar\u00e1n como frontales entre tus ojos; 6:9- y las escribir\u00e1s en los postes de tu casa, y en tus puertas.<\/p>\n<p>Isa\u00edas 38:19- \u201cEl que vive, el que vive, \u00e9ste te dar\u00e1 alabanza, como yo hoy; el padre har\u00e1 notoria tu verdad a los hijos\u201d.<\/p>\n<p>Estas instrucciones para dirigir a la ni\u00f1ez son tan solo una parte para que los adultos podamos sembrar en la formaci\u00f3n de este segmento de la humanidad muy vulnerable a los ataques del poder de las tinieblas.<\/p>\n<p>Los grandes problemas que enfrenta hoy la humanidad est\u00e1n basados en adultos que cuando ni\u00f1os\/as no fueron formados acorde con lo que ense\u00f1a la Palabra de Dios, la familia necesita a Dios para detener las incomprensiones y las divisiones producidas por las contiendas de un mundo que cada d\u00eda huye de las ense\u00f1anzas de las Sagradas Escrituras.<\/p>\n<p>T\u00fa tienes en tus manos un instrumento poderoso para darle un giro distinto a tus hijos e hijas y detener una educaci\u00f3n que se ha desviado tratando de alcanzar otras metas que en el fondo trastornan el futuro\u00a0 y los valores espirituales y de familia de la ni\u00f1ez, , la Palabra de Dios.<\/p>\n<p>Pero nunca es tarde, Jesucristo establece la diferencia, \u00c9L traz\u00f3 el rumbo glorioso de una ni\u00f1ez saludable, bien formada, y con principios morales enmarcados en el plan de la vida eterna al decir: \u00bb Dejad a los ni\u00f1os venir a m\u00ed\u00bb. Hagamos nuestra parte para que esto suceda, el Se\u00f1or lo requiere.<\/p>\n<p>MARANATHA<br \/>\n<em><strong>Pastor Antonio Regalado<\/strong><\/em><\/p>\n","protected":false},"excerpt":{"rendered":"<p>Ac\u00e9rcate y ama a t\u00fa pr\u00f3jimo como a ti mismo! Pero Jes\u00fas dijo: Dejad a los ni\u00f1os venir a m\u00ed, y no se lo impid\u00e1is; porque de los tales es el reino de los cielos. Mateo 19:14 2 Timoteo 1:5 Me acuerdo de tu fe sincera, una fe que habit\u00f3 primero en tu abuela Loida &hellip;<\/p>\n","protected":false},"author":1,"featured_media":2800,"comment_status":"open","ping_status":"open","sticky":false,"template":"","format":"standard","meta":{"footnotes":""},"categories":[61,34],"tags":[],"class_list":["post-2799","post","type-post","status-publish","format-standard","has-post-thumbnail","hentry","category-antonio-regalado","category-articulos"],"yoast_head":"<!-- This site is optimized with the Yoast SEO Premium plugin v24.2 (Yoast SEO v27.1.1) - https:\/\/yoast.com\/product\/yoast-seo-premium-wordpress\/ -->\n<title>Jes\u00fas quiere a los ni\u00f1os con \u00e9l, hagamos nuestra parte para que suceda\u200f - Tabernaculo Prensa de Dios<\/title>\n<meta name=\"robots\" content=\"index, follow, max-snippet:-1, max-image-preview:large, max-video-preview:-1\" \/>\n<link rel=\"canonical\" href=\"https:\/\/tabernaculoprensadedios.com\/web\/jesus-quiere-a-los-ninos-con-el-hagamos-nuestra-parte-para-que-suceda\u200f\/\" class=\"yoast-seo-meta-tag\" \/>\n<meta property=\"og:locale\" content=\"es_ES\" class=\"yoast-seo-meta-tag\" \/>\n<meta property=\"og:type\" content=\"article\" class=\"yoast-seo-meta-tag\" \/>\n<meta property=\"og:title\" content=\"Jes\u00fas quiere a los ni\u00f1os con \u00e9l, hagamos nuestra parte para que suceda\u200f\" class=\"yoast-seo-meta-tag\" \/>\n<meta property=\"og:description\" content=\"Ac\u00e9rcate y ama a t\u00fa pr\u00f3jimo como a ti mismo! Pero Jes\u00fas dijo: Dejad a los ni\u00f1os venir a m\u00ed, y no se lo impid\u00e1is; porque de los tales es el reino de los cielos. Mateo 19:14 2 Timoteo 1:5 Me acuerdo de tu fe sincera, una fe que habit\u00f3 primero en tu abuela Loida &hellip;\" class=\"yoast-seo-meta-tag\" \/>\n<meta property=\"og:url\" content=\"https:\/\/tabernaculoprensadedios.com\/web\/jesus-quiere-a-los-ninos-con-el-hagamos-nuestra-parte-para-que-suceda\u200f\/\" class=\"yoast-seo-meta-tag\" \/>\n<meta property=\"og:site_name\" content=\"Tabernaculo Prensa de Dios\" class=\"yoast-seo-meta-tag\" \/>\n<meta property=\"article:published_time\" content=\"2015-09-17T22:58:08+00:00\" class=\"yoast-seo-meta-tag\" \/>\n<meta property=\"article:modified_time\" content=\"2019-02-09T02:32:39+00:00\" class=\"yoast-seo-meta-tag\" \/>\n<meta property=\"og:image\" content=\"https:\/\/tabernaculoprensadedios.com\/web\/wp-content\/uploads\/2015\/09\/Untitled67.jpg\" class=\"yoast-seo-meta-tag\" \/>\n\t<meta property=\"og:image:width\" content=\"442\" class=\"yoast-seo-meta-tag\" \/>\n\t<meta property=\"og:image:height\" content=\"227\" class=\"yoast-seo-meta-tag\" \/>\n\t<meta property=\"og:image:type\" content=\"image\/jpeg\" class=\"yoast-seo-meta-tag\" \/>\n<meta name=\"author\" content=\"tabernaculo\" class=\"yoast-seo-meta-tag\" \/>\n<meta name=\"twitter:card\" content=\"summary_large_image\" class=\"yoast-seo-meta-tag\" \/>\n<meta name=\"twitter:creator\" content=\"@PrensadeDios\" class=\"yoast-seo-meta-tag\" \/>\n<meta name=\"twitter:site\" content=\"@PrensadeDios\" class=\"yoast-seo-meta-tag\" \/>\n<meta name=\"twitter:label1\" content=\"Escrito por\" class=\"yoast-seo-meta-tag\" \/>\n\t<meta name=\"twitter:data1\" content=\"tabernaculo\" class=\"yoast-seo-meta-tag\" \/>\n\t<meta name=\"twitter:label2\" content=\"Tiempo de lectura\" class=\"yoast-seo-meta-tag\" \/>\n\t<meta name=\"twitter:data2\" content=\"3 minutos\" class=\"yoast-seo-meta-tag\" \/>\n<script type=\"application\/ld+json\" class=\"yoast-schema-graph\">{\"@context\":\"https:\/\/schema.org\",\"@graph\":[{\"@type\":\"Article\",\"@id\":\"https:\/\/tabernaculoprensadedios.com\/web\/jesus-quiere-a-los-ninos-con-el-hagamos-nuestra-parte-para-que-suceda%e2%80%8f\/#article\",\"isPartOf\":{\"@id\":\"https:\/\/tabernaculoprensadedios.com\/web\/jesus-quiere-a-los-ninos-con-el-hagamos-nuestra-parte-para-que-suceda%e2%80%8f\/\"},\"author\":{\"name\":\"tabernaculo\",\"@id\":\"https:\/\/tabernaculoprensadedios.com\/web\/#\/schema\/person\/bc0e069fef56b38e177db6f098ae0b6e\"},\"headline\":\"Jes\u00fas quiere a los ni\u00f1os con \u00e9l, hagamos nuestra parte para que suceda\u200f\",\"datePublished\":\"2015-09-17T22:58:08+00:00\",\"dateModified\":\"2019-02-09T02:32:39+00:00\",\"mainEntityOfPage\":{\"@id\":\"https:\/\/tabernaculoprensadedios.com\/web\/jesus-quiere-a-los-ninos-con-el-hagamos-nuestra-parte-para-que-suceda%e2%80%8f\/\"},\"wordCount\":547,\"commentCount\":0,\"publisher\":{\"@id\":\"https:\/\/tabernaculoprensadedios.com\/web\/#\/schema\/person\/bc0e069fef56b38e177db6f098ae0b6e\"},\"image\":{\"@id\":\"https:\/\/tabernaculoprensadedios.com\/web\/jesus-quiere-a-los-ninos-con-el-hagamos-nuestra-parte-para-que-suceda%e2%80%8f\/#primaryimage\"},\"thumbnailUrl\":\"https:\/\/tabernaculoprensadedios.com\/web\/wp-content\/uploads\/2015\/09\/Untitled67.jpg\",\"articleSection\":[\"Antonio Regalado\",\"Articulos\"],\"inLanguage\":\"es\",\"potentialAction\":[{\"@type\":\"CommentAction\",\"name\":\"Comment\",\"target\":[\"https:\/\/tabernaculoprensadedios.com\/web\/jesus-quiere-a-los-ninos-con-el-hagamos-nuestra-parte-para-que-suceda%e2%80%8f\/#respond\"]}]},{\"@type\":\"WebPage\",\"@id\":\"https:\/\/tabernaculoprensadedios.com\/web\/jesus-quiere-a-los-ninos-con-el-hagamos-nuestra-parte-para-que-suceda%e2%80%8f\/\",\"url\":\"https:\/\/tabernaculoprensadedios.com\/web\/jesus-quiere-a-los-ninos-con-el-hagamos-nuestra-parte-para-que-suceda%e2%80%8f\/\",\"name\":\"Jes\u00fas quiere a los ni\u00f1os con \u00e9l, hagamos nuestra parte para que suceda\u200f - Tabernaculo Prensa de Dios\",\"isPartOf\":{\"@id\":\"https:\/\/tabernaculoprensadedios.com\/web\/#website\"},\"primaryImageOfPage\":{\"@id\":\"https:\/\/tabernaculoprensadedios.com\/web\/jesus-quiere-a-los-ninos-con-el-hagamos-nuestra-parte-para-que-suceda%e2%80%8f\/#primaryimage\"},\"image\":{\"@id\":\"https:\/\/tabernaculoprensadedios.com\/web\/jesus-quiere-a-los-ninos-con-el-hagamos-nuestra-parte-para-que-suceda%e2%80%8f\/#primaryimage\"},\"thumbnailUrl\":\"https:\/\/tabernaculoprensadedios.com\/web\/wp-content\/uploads\/2015\/09\/Untitled67.jpg\",\"datePublished\":\"2015-09-17T22:58:08+00:00\",\"dateModified\":\"2019-02-09T02:32:39+00:00\",\"breadcrumb\":{\"@id\":\"https:\/\/tabernaculoprensadedios.com\/web\/jesus-quiere-a-los-ninos-con-el-hagamos-nuestra-parte-para-que-suceda%e2%80%8f\/#breadcrumb\"},\"inLanguage\":\"es\",\"potentialAction\":[{\"@type\":\"ReadAction\",\"target\":[\"https:\/\/tabernaculoprensadedios.com\/web\/jesus-quiere-a-los-ninos-con-el-hagamos-nuestra-parte-para-que-suceda%e2%80%8f\/\"]}]},{\"@type\":\"ImageObject\",\"inLanguage\":\"es\",\"@id\":\"https:\/\/tabernaculoprensadedios.com\/web\/jesus-quiere-a-los-ninos-con-el-hagamos-nuestra-parte-para-que-suceda%e2%80%8f\/#primaryimage\",\"url\":\"https:\/\/tabernaculoprensadedios.com\/web\/wp-content\/uploads\/2015\/09\/Untitled67.jpg\",\"contentUrl\":\"https:\/\/tabernaculoprensadedios.com\/web\/wp-content\/uploads\/2015\/09\/Untitled67.jpg\",\"width\":442,\"height\":227},{\"@type\":\"BreadcrumbList\",\"@id\":\"https:\/\/tabernaculoprensadedios.com\/web\/jesus-quiere-a-los-ninos-con-el-hagamos-nuestra-parte-para-que-suceda%e2%80%8f\/#breadcrumb\",\"itemListElement\":[{\"@type\":\"ListItem\",\"position\":1,\"name\":\"Portada\",\"item\":\"https:\/\/tabernaculoprensadedios.com\/web\/\"},{\"@type\":\"ListItem\",\"position\":2,\"name\":\"Jes\u00fas quiere a los ni\u00f1os con \u00e9l, hagamos nuestra parte para que suceda\u200f\"}]},{\"@type\":\"WebSite\",\"@id\":\"https:\/\/tabernaculoprensadedios.com\/web\/#website\",\"url\":\"https:\/\/tabernaculoprensadedios.com\/web\/\",\"name\":\"Tabernaculo Prensa de Dios\",\"description\":\"Un medio a la manera de Dios\",\"publisher\":{\"@id\":\"https:\/\/tabernaculoprensadedios.com\/web\/#\/schema\/person\/bc0e069fef56b38e177db6f098ae0b6e\"},\"potentialAction\":[{\"@type\":\"SearchAction\",\"target\":{\"@type\":\"EntryPoint\",\"urlTemplate\":\"https:\/\/tabernaculoprensadedios.com\/web\/?s={search_term_string}\"},\"query-input\":{\"@type\":\"PropertyValueSpecification\",\"valueRequired\":true,\"valueName\":\"search_term_string\"}}],\"inLanguage\":\"es\"},{\"@type\":[\"Person\",\"Organization\"],\"@id\":\"https:\/\/tabernaculoprensadedios.com\/web\/#\/schema\/person\/bc0e069fef56b38e177db6f098ae0b6e\",\"name\":\"tabernaculo\",\"image\":{\"@type\":\"ImageObject\",\"inLanguage\":\"es\",\"@id\":\"https:\/\/tabernaculoprensadedios.com\/web\/#\/schema\/person\/image\/\",\"url\":\"https:\/\/tabernaculoprensadedios.com\/web\/wp-content\/uploads\/2015\/06\/login-logo1.png\",\"contentUrl\":\"https:\/\/tabernaculoprensadedios.com\/web\/wp-content\/uploads\/2015\/06\/login-logo1.png\",\"width\":300,\"height\":118,\"caption\":\"tabernaculo\"},\"logo\":{\"@id\":\"https:\/\/tabernaculoprensadedios.com\/web\/#\/schema\/person\/image\/\"},\"url\":\"https:\/\/tabernaculoprensadedios.com\/web\/author\/tabernaculo\/\"}]}<\/script>\n<!-- \/ Yoast SEO Premium plugin. -->","yoast_head_json":{"title":"Jes\u00fas quiere a los ni\u00f1os con \u00e9l, hagamos nuestra parte para que suceda\u200f - Tabernaculo Prensa de Dios","robots":{"index":"index","follow":"follow","max-snippet":"max-snippet:-1","max-image-preview":"max-image-preview:large","max-video-preview":"max-video-preview:-1"},"canonical":"https:\/\/tabernaculoprensadedios.com\/web\/jesus-quiere-a-los-ninos-con-el-hagamos-nuestra-parte-para-que-suceda\u200f\/","og_locale":"es_ES","og_type":"article","og_title":"Jes\u00fas quiere a los ni\u00f1os con \u00e9l, hagamos nuestra parte para que suceda\u200f","og_description":"Ac\u00e9rcate y ama a t\u00fa pr\u00f3jimo como a ti mismo! Pero Jes\u00fas dijo: Dejad a los ni\u00f1os venir a m\u00ed, y no se lo impid\u00e1is; porque de los tales es el reino de los cielos. Mateo 19:14 2 Timoteo 1:5 Me acuerdo de tu fe sincera, una fe que habit\u00f3 primero en tu abuela Loida &hellip;","og_url":"https:\/\/tabernaculoprensadedios.com\/web\/jesus-quiere-a-los-ninos-con-el-hagamos-nuestra-parte-para-que-suceda\u200f\/","og_site_name":"Tabernaculo Prensa de Dios","article_published_time":"2015-09-17T22:58:08+00:00","article_modified_time":"2019-02-09T02:32:39+00:00","og_image":[{"width":442,"height":227,"url":"https:\/\/tabernaculoprensadedios.com\/web\/wp-content\/uploads\/2015\/09\/Untitled67.jpg","type":"image\/jpeg"}],"author":"tabernaculo","twitter_card":"summary_large_image","twitter_creator":"@PrensadeDios","twitter_site":"@PrensadeDios","twitter_misc":{"Escrito por":"tabernaculo","Tiempo de lectura":"3 minutos"},"schema":{"@context":"https:\/\/schema.org","@graph":[{"@type":"Article","@id":"https:\/\/tabernaculoprensadedios.com\/web\/jesus-quiere-a-los-ninos-con-el-hagamos-nuestra-parte-para-que-suceda%e2%80%8f\/#article","isPartOf":{"@id":"https:\/\/tabernaculoprensadedios.com\/web\/jesus-quiere-a-los-ninos-con-el-hagamos-nuestra-parte-para-que-suceda%e2%80%8f\/"},"author":{"name":"tabernaculo","@id":"https:\/\/tabernaculoprensadedios.com\/web\/#\/schema\/person\/bc0e069fef56b38e177db6f098ae0b6e"},"headline":"Jes\u00fas quiere a los ni\u00f1os con \u00e9l, hagamos nuestra parte para que suceda\u200f","datePublished":"2015-09-17T22:58:08+00:00","dateModified":"2019-02-09T02:32:39+00:00","mainEntityOfPage":{"@id":"https:\/\/tabernaculoprensadedios.com\/web\/jesus-quiere-a-los-ninos-con-el-hagamos-nuestra-parte-para-que-suceda%e2%80%8f\/"},"wordCount":547,"commentCount":0,"publisher":{"@id":"https:\/\/tabernaculoprensadedios.com\/web\/#\/schema\/person\/bc0e069fef56b38e177db6f098ae0b6e"},"image":{"@id":"https:\/\/tabernaculoprensadedios.com\/web\/jesus-quiere-a-los-ninos-con-el-hagamos-nuestra-parte-para-que-suceda%e2%80%8f\/#primaryimage"},"thumbnailUrl":"https:\/\/tabernaculoprensadedios.com\/web\/wp-content\/uploads\/2015\/09\/Untitled67.jpg","articleSection":["Antonio Regalado","Articulos"],"inLanguage":"es","potentialAction":[{"@type":"CommentAction","name":"Comment","target":["https:\/\/tabernaculoprensadedios.com\/web\/jesus-quiere-a-los-ninos-con-el-hagamos-nuestra-parte-para-que-suceda%e2%80%8f\/#respond"]}]},{"@type":"WebPage","@id":"https:\/\/tabernaculoprensadedios.com\/web\/jesus-quiere-a-los-ninos-con-el-hagamos-nuestra-parte-para-que-suceda%e2%80%8f\/","url":"https:\/\/tabernaculoprensadedios.com\/web\/jesus-quiere-a-los-ninos-con-el-hagamos-nuestra-parte-para-que-suceda%e2%80%8f\/","name":"Jes\u00fas quiere a los ni\u00f1os con \u00e9l, hagamos nuestra parte para que suceda\u200f - Tabernaculo Prensa de Dios","isPartOf":{"@id":"https:\/\/tabernaculoprensadedios.com\/web\/#website"},"primaryImageOfPage":{"@id":"https:\/\/tabernaculoprensadedios.com\/web\/jesus-quiere-a-los-ninos-con-el-hagamos-nuestra-parte-para-que-suceda%e2%80%8f\/#primaryimage"},"image":{"@id":"https:\/\/tabernaculoprensadedios.com\/web\/jesus-quiere-a-los-ninos-con-el-hagamos-nuestra-parte-para-que-suceda%e2%80%8f\/#primaryimage"},"thumbnailUrl":"https:\/\/tabernaculoprensadedios.com\/web\/wp-content\/uploads\/2015\/09\/Untitled67.jpg","datePublished":"2015-09-17T22:58:08+00:00","dateModified":"2019-02-09T02:32:39+00:00","breadcrumb":{"@id":"https:\/\/tabernaculoprensadedios.com\/web\/jesus-quiere-a-los-ninos-con-el-hagamos-nuestra-parte-para-que-suceda%e2%80%8f\/#breadcrumb"},"inLanguage":"es","potentialAction":[{"@type":"ReadAction","target":["https:\/\/tabernaculoprensadedios.com\/web\/jesus-quiere-a-los-ninos-con-el-hagamos-nuestra-parte-para-que-suceda%e2%80%8f\/"]}]},{"@type":"ImageObject","inLanguage":"es","@id":"https:\/\/tabernaculoprensadedios.com\/web\/jesus-quiere-a-los-ninos-con-el-hagamos-nuestra-parte-para-que-suceda%e2%80%8f\/#primaryimage","url":"https:\/\/tabernaculoprensadedios.com\/web\/wp-content\/uploads\/2015\/09\/Untitled67.jpg","contentUrl":"https:\/\/tabernaculoprensadedios.com\/web\/wp-content\/uploads\/2015\/09\/Untitled67.jpg","width":442,"height":227},{"@type":"BreadcrumbList","@id":"https:\/\/tabernaculoprensadedios.com\/web\/jesus-quiere-a-los-ninos-con-el-hagamos-nuestra-parte-para-que-suceda%e2%80%8f\/#breadcrumb","itemListElement":[{"@type":"ListItem","position":1,"name":"Portada","item":"https:\/\/tabernaculoprensadedios.com\/web\/"},{"@type":"ListItem","position":2,"name":"Jes\u00fas quiere a los ni\u00f1os con \u00e9l, hagamos nuestra parte para que suceda\u200f"}]},{"@type":"WebSite","@id":"https:\/\/tabernaculoprensadedios.com\/web\/#website","url":"https:\/\/tabernaculoprensadedios.com\/web\/","name":"Tabernaculo Prensa de Dios","description":"Un medio a la manera de Dios","publisher":{"@id":"https:\/\/tabernaculoprensadedios.com\/web\/#\/schema\/person\/bc0e069fef56b38e177db6f098ae0b6e"},"potentialAction":[{"@type":"SearchAction","target":{"@type":"EntryPoint","urlTemplate":"https:\/\/tabernaculoprensadedios.com\/web\/?s={search_term_string}"},"query-input":{"@type":"PropertyValueSpecification","valueRequired":true,"valueName":"search_term_string"}}],"inLanguage":"es"},{"@type":["Person","Organization"],"@id":"https:\/\/tabernaculoprensadedios.com\/web\/#\/schema\/person\/bc0e069fef56b38e177db6f098ae0b6e","name":"tabernaculo","image":{"@type":"ImageObject","inLanguage":"es","@id":"https:\/\/tabernaculoprensadedios.com\/web\/#\/schema\/person\/image\/","url":"https:\/\/tabernaculoprensadedios.com\/web\/wp-content\/uploads\/2015\/06\/login-logo1.png","contentUrl":"https:\/\/tabernaculoprensadedios.com\/web\/wp-content\/uploads\/2015\/06\/login-logo1.png","width":300,"height":118,"caption":"tabernaculo"},"logo":{"@id":"https:\/\/tabernaculoprensadedios.com\/web\/#\/schema\/person\/image\/"},"url":"https:\/\/tabernaculoprensadedios.com\/web\/author\/tabernaculo\/"}]}},"_links":{"self":[{"href":"https:\/\/tabernaculoprensadedios.com\/web\/wp-json\/wp\/v2\/posts\/2799","targetHints":{"allow":["GET"]}}],"collection":[{"href":"https:\/\/tabernaculoprensadedios.com\/web\/wp-json\/wp\/v2\/posts"}],"about":[{"href":"https:\/\/tabernaculoprensadedios.com\/web\/wp-json\/wp\/v2\/types\/post"}],"author":[{"embeddable":true,"href":"https:\/\/tabernaculoprensadedios.com\/web\/wp-json\/wp\/v2\/users\/1"}],"replies":[{"embeddable":true,"href":"https:\/\/tabernaculoprensadedios.com\/web\/wp-json\/wp\/v2\/comments?post=2799"}],"version-history":[{"count":1,"href":"https:\/\/tabernaculoprensadedios.com\/web\/wp-json\/wp\/v2\/posts\/2799\/revisions"}],"predecessor-version":[{"id":2801,"href":"https:\/\/tabernaculoprensadedios.com\/web\/wp-json\/wp\/v2\/posts\/2799\/revisions\/2801"}],"wp:featuredmedia":[{"embeddable":true,"href":"https:\/\/tabernaculoprensadedios.com\/web\/wp-json\/wp\/v2\/media\/2800"}],"wp:attachment":[{"href":"https:\/\/tabernaculoprensadedios.com\/web\/wp-json\/wp\/v2\/media?parent=2799"}],"wp:term":[{"taxonomy":"category","embeddable":true,"href":"https:\/\/tabernaculoprensadedios.com\/web\/wp-json\/wp\/v2\/categories?post=2799"},{"taxonomy":"post_tag","embeddable":true,"href":"https:\/\/tabernaculoprensadedios.com\/web\/wp-json\/wp\/v2\/tags?post=2799"}],"curies":[{"name":"wp","href":"https:\/\/api.w.org\/{rel}","templated":true}]}}