{"id":2793,"date":"2015-09-17T22:55:26","date_gmt":"2015-09-17T22:55:26","guid":{"rendered":"http:\/\/tabernaculoprensadedios.com\/web\/?p=2793"},"modified":"2015-09-17T22:55:26","modified_gmt":"2015-09-17T22:55:26","slug":"unev-incap-firman-convenio-para-fortalecer-la-investigacion-en-nutricion","status":"publish","type":"post","link":"https:\/\/tabernaculoprensadedios.com\/web\/unev-incap-firman-convenio-para-fortalecer-la-investigacion-en-nutricion\/","title":{"rendered":"UNEV-INCAP firman \u00a0convenio para \u00a0fortalecer la investigaci\u00f3n en nutrici\u00f3n"},"content":{"rendered":"<p>Mediante un acuerdo firmado hoy, en entre la Universidad Nacional Evang\u00e9lica, (UNEV), y el Instituto de Nutrici\u00f3n de Centro Am\u00e9rica y Panam\u00e1 (INCAP), \u00a0ambas instituciones se comprometieron a desarrollar programas de investigaci\u00f3n, formaci\u00f3n de recursos humanos y nutrici\u00f3n.<\/p>\n<p>El documento firmado, resalta la cooperaci\u00f3n y trabajo en conjunto en cual, se ejecutaran proyectos espec\u00edficos para promover\u00a0 la investigaci\u00f3n, nutrici\u00f3n, seguridad alimentaria y extensi\u00f3n social.<\/p>\n<p>El Instituto de Nutrici\u00f3n de Centro Am\u00e9rica y Panam\u00e1,\u00a0 y la Universidad Nacional Evang\u00e9lica, acordaron que los recursos financieros originados por la ejecuci\u00f3n de los proyectos, ser\u00e1n administrados seg\u00fan establece lo acordado en el pacto.<\/p>\n<p>Adem\u00e1s, el acuerdo firmado rige que las dos instituciones compartir\u00e1n los derechos de autor y propiedad intelectual sobre el conocimiento generado adquiridos de los proyectos de investigaci\u00f3n, as\u00ed como las publicaciones.<\/p>\n<p>El acuerdo, tendr\u00e1 una duraci\u00f3n en el tiempo de dos a\u00f1os\u00a0 a partir del momento en que se desarrollo el pacto entre las partes involucradas.<\/p>\n<p>En representaci\u00f3n de la Universidad Nacional Evang\u00e9lica (UNEV),\u00a0 figura el doctor Wilfredo Ma\u00f1\u00f3n Rossi, en calidad de la m\u00e1xima autoridad, y por la otra parte, el instituto de Nutrici\u00f3n de Centro Am\u00e9rica y Panam\u00e1, (INCAP),\u00a0 lo fue Luisa Carolina Berm\u00fadez,\u00a0 como directora.<\/p>\n<p>En el acto estuvieron presentes el vicerrector Administrativo, Rafael Reyes, Santa Guzm\u00e1n, vicerrectora Acad\u00e9mica,\u00a0 \u00a0los decanos de la Facultad de Humanidades, Licenciada Zaida Gal\u00e1n, Ingeniero V\u00edctor Espaillat, decano de la Facultad para el Desarrollo Rural, Licenciada C\u00e1ndida Jaquez, Directora de la Escuela de Nutrici\u00f3n, el doctor David Terrero, Vicerrector de Investigaci\u00f3n y Postgrados, doctor Darwin Mu\u00f1oz, decano de la Facultad de Ciencia y Tecnolog\u00eda, entre otros.<\/p>\n","protected":false},"excerpt":{"rendered":"<p>Mediante un acuerdo firmado hoy, en entre la Universidad Nacional Evang\u00e9lica, (UNEV), y el Instituto de Nutrici\u00f3n de Centro Am\u00e9rica y Panam\u00e1 (INCAP), \u00a0ambas instituciones se comprometieron a desarrollar programas de investigaci\u00f3n, formaci\u00f3n de recursos humanos y nutrici\u00f3n. El documento firmado, resalta la cooperaci\u00f3n y trabajo en conjunto en cual, se ejecutaran proyectos espec\u00edficos para &hellip;<\/p>\n","protected":false},"author":1,"featured_media":2794,"comment_status":"open","ping_status":"open","sticky":false,"template":"","format":"standard","meta":{"footnotes":""},"categories":[34],"tags":[],"class_list":["post-2793","post","type-post","status-publish","format-standard","has-post-thumbnail","hentry","category-articulos"],"yoast_head":"<!-- This site is optimized with the Yoast SEO Premium plugin v24.2 (Yoast SEO v27.1.1) - https:\/\/yoast.com\/product\/yoast-seo-premium-wordpress\/ -->\n<title>UNEV-INCAP firman \u00a0convenio para \u00a0fortalecer la investigaci\u00f3n en nutrici\u00f3n - Tabernaculo Prensa de Dios<\/title>\n<meta name=\"robots\" content=\"index, follow, max-snippet:-1, max-image-preview:large, max-video-preview:-1\" \/>\n<link rel=\"canonical\" href=\"https:\/\/tabernaculoprensadedios.com\/web\/unev-incap-firman-convenio-para-fortalecer-la-investigacion-en-nutricion\/\" class=\"yoast-seo-meta-tag\" \/>\n<meta property=\"og:locale\" content=\"es_ES\" class=\"yoast-seo-meta-tag\" \/>\n<meta property=\"og:type\" content=\"article\" class=\"yoast-seo-meta-tag\" \/>\n<meta property=\"og:title\" content=\"UNEV-INCAP firman \u00a0convenio para \u00a0fortalecer la investigaci\u00f3n en nutrici\u00f3n\" class=\"yoast-seo-meta-tag\" \/>\n<meta property=\"og:description\" content=\"Mediante un acuerdo firmado hoy, en entre la Universidad Nacional Evang\u00e9lica, (UNEV), y el Instituto de Nutrici\u00f3n de Centro Am\u00e9rica y Panam\u00e1 (INCAP), \u00a0ambas instituciones se comprometieron a desarrollar programas de investigaci\u00f3n, formaci\u00f3n de recursos humanos y nutrici\u00f3n. El documento firmado, resalta la cooperaci\u00f3n y trabajo en conjunto en cual, se ejecutaran proyectos espec\u00edficos para &hellip;\" class=\"yoast-seo-meta-tag\" \/>\n<meta property=\"og:url\" content=\"https:\/\/tabernaculoprensadedios.com\/web\/unev-incap-firman-convenio-para-fortalecer-la-investigacion-en-nutricion\/\" class=\"yoast-seo-meta-tag\" \/>\n<meta property=\"og:site_name\" content=\"Tabernaculo Prensa de Dios\" class=\"yoast-seo-meta-tag\" \/>\n<meta property=\"article:published_time\" content=\"2015-09-17T22:55:26+00:00\" class=\"yoast-seo-meta-tag\" \/>\n<meta property=\"og:image\" content=\"https:\/\/tabernaculoprensadedios.com\/web\/wp-content\/uploads\/2015\/09\/Untitled65-e1442530513813.jpg\" class=\"yoast-seo-meta-tag\" \/>\n\t<meta property=\"og:image:width\" content=\"421\" class=\"yoast-seo-meta-tag\" \/>\n\t<meta property=\"og:image:height\" content=\"253\" class=\"yoast-seo-meta-tag\" \/>\n\t<meta property=\"og:image:type\" content=\"image\/jpeg\" class=\"yoast-seo-meta-tag\" \/>\n<meta name=\"author\" content=\"tabernaculo\" class=\"yoast-seo-meta-tag\" \/>\n<meta name=\"twitter:card\" content=\"summary_large_image\" class=\"yoast-seo-meta-tag\" \/>\n<meta name=\"twitter:creator\" content=\"@PrensadeDios\" class=\"yoast-seo-meta-tag\" \/>\n<meta name=\"twitter:site\" content=\"@PrensadeDios\" class=\"yoast-seo-meta-tag\" \/>\n<meta name=\"twitter:label1\" content=\"Escrito por\" class=\"yoast-seo-meta-tag\" \/>\n\t<meta name=\"twitter:data1\" content=\"tabernaculo\" class=\"yoast-seo-meta-tag\" \/>\n\t<meta name=\"twitter:label2\" content=\"Tiempo de lectura\" class=\"yoast-seo-meta-tag\" \/>\n\t<meta name=\"twitter:data2\" content=\"2 minutos\" class=\"yoast-seo-meta-tag\" \/>\n<script type=\"application\/ld+json\" class=\"yoast-schema-graph\">{\"@context\":\"https:\/\/schema.org\",\"@graph\":[{\"@type\":\"Article\",\"@id\":\"https:\/\/tabernaculoprensadedios.com\/web\/unev-incap-firman-convenio-para-fortalecer-la-investigacion-en-nutricion\/#article\",\"isPartOf\":{\"@id\":\"https:\/\/tabernaculoprensadedios.com\/web\/unev-incap-firman-convenio-para-fortalecer-la-investigacion-en-nutricion\/\"},\"author\":{\"name\":\"tabernaculo\",\"@id\":\"https:\/\/tabernaculoprensadedios.com\/web\/#\/schema\/person\/bc0e069fef56b38e177db6f098ae0b6e\"},\"headline\":\"UNEV-INCAP firman \u00a0convenio para \u00a0fortalecer la investigaci\u00f3n en nutrici\u00f3n\",\"datePublished\":\"2015-09-17T22:55:26+00:00\",\"mainEntityOfPage\":{\"@id\":\"https:\/\/tabernaculoprensadedios.com\/web\/unev-incap-firman-convenio-para-fortalecer-la-investigacion-en-nutricion\/\"},\"wordCount\":312,\"commentCount\":0,\"publisher\":{\"@id\":\"https:\/\/tabernaculoprensadedios.com\/web\/#\/schema\/person\/bc0e069fef56b38e177db6f098ae0b6e\"},\"image\":{\"@id\":\"https:\/\/tabernaculoprensadedios.com\/web\/unev-incap-firman-convenio-para-fortalecer-la-investigacion-en-nutricion\/#primaryimage\"},\"thumbnailUrl\":\"https:\/\/tabernaculoprensadedios.com\/web\/wp-content\/uploads\/2015\/09\/Untitled65-e1442530513813.jpg\",\"articleSection\":[\"Articulos\"],\"inLanguage\":\"es\",\"potentialAction\":[{\"@type\":\"CommentAction\",\"name\":\"Comment\",\"target\":[\"https:\/\/tabernaculoprensadedios.com\/web\/unev-incap-firman-convenio-para-fortalecer-la-investigacion-en-nutricion\/#respond\"]}]},{\"@type\":\"WebPage\",\"@id\":\"https:\/\/tabernaculoprensadedios.com\/web\/unev-incap-firman-convenio-para-fortalecer-la-investigacion-en-nutricion\/\",\"url\":\"https:\/\/tabernaculoprensadedios.com\/web\/unev-incap-firman-convenio-para-fortalecer-la-investigacion-en-nutricion\/\",\"name\":\"UNEV-INCAP firman \u00a0convenio para \u00a0fortalecer la investigaci\u00f3n en nutrici\u00f3n - Tabernaculo Prensa de Dios\",\"isPartOf\":{\"@id\":\"https:\/\/tabernaculoprensadedios.com\/web\/#website\"},\"primaryImageOfPage\":{\"@id\":\"https:\/\/tabernaculoprensadedios.com\/web\/unev-incap-firman-convenio-para-fortalecer-la-investigacion-en-nutricion\/#primaryimage\"},\"image\":{\"@id\":\"https:\/\/tabernaculoprensadedios.com\/web\/unev-incap-firman-convenio-para-fortalecer-la-investigacion-en-nutricion\/#primaryimage\"},\"thumbnailUrl\":\"https:\/\/tabernaculoprensadedios.com\/web\/wp-content\/uploads\/2015\/09\/Untitled65-e1442530513813.jpg\",\"datePublished\":\"2015-09-17T22:55:26+00:00\",\"breadcrumb\":{\"@id\":\"https:\/\/tabernaculoprensadedios.com\/web\/unev-incap-firman-convenio-para-fortalecer-la-investigacion-en-nutricion\/#breadcrumb\"},\"inLanguage\":\"es\",\"potentialAction\":[{\"@type\":\"ReadAction\",\"target\":[\"https:\/\/tabernaculoprensadedios.com\/web\/unev-incap-firman-convenio-para-fortalecer-la-investigacion-en-nutricion\/\"]}]},{\"@type\":\"ImageObject\",\"inLanguage\":\"es\",\"@id\":\"https:\/\/tabernaculoprensadedios.com\/web\/unev-incap-firman-convenio-para-fortalecer-la-investigacion-en-nutricion\/#primaryimage\",\"url\":\"https:\/\/tabernaculoprensadedios.com\/web\/wp-content\/uploads\/2015\/09\/Untitled65-e1442530513813.jpg\",\"contentUrl\":\"https:\/\/tabernaculoprensadedios.com\/web\/wp-content\/uploads\/2015\/09\/Untitled65-e1442530513813.jpg\",\"width\":421,\"height\":253},{\"@type\":\"BreadcrumbList\",\"@id\":\"https:\/\/tabernaculoprensadedios.com\/web\/unev-incap-firman-convenio-para-fortalecer-la-investigacion-en-nutricion\/#breadcrumb\",\"itemListElement\":[{\"@type\":\"ListItem\",\"position\":1,\"name\":\"Portada\",\"item\":\"https:\/\/tabernaculoprensadedios.com\/web\/\"},{\"@type\":\"ListItem\",\"position\":2,\"name\":\"UNEV-INCAP firman \u00a0convenio para \u00a0fortalecer la investigaci\u00f3n en nutrici\u00f3n\"}]},{\"@type\":\"WebSite\",\"@id\":\"https:\/\/tabernaculoprensadedios.com\/web\/#website\",\"url\":\"https:\/\/tabernaculoprensadedios.com\/web\/\",\"name\":\"Tabernaculo Prensa de Dios\",\"description\":\"Un medio a la manera de Dios\",\"publisher\":{\"@id\":\"https:\/\/tabernaculoprensadedios.com\/web\/#\/schema\/person\/bc0e069fef56b38e177db6f098ae0b6e\"},\"potentialAction\":[{\"@type\":\"SearchAction\",\"target\":{\"@type\":\"EntryPoint\",\"urlTemplate\":\"https:\/\/tabernaculoprensadedios.com\/web\/?s={search_term_string}\"},\"query-input\":{\"@type\":\"PropertyValueSpecification\",\"valueRequired\":true,\"valueName\":\"search_term_string\"}}],\"inLanguage\":\"es\"},{\"@type\":[\"Person\",\"Organization\"],\"@id\":\"https:\/\/tabernaculoprensadedios.com\/web\/#\/schema\/person\/bc0e069fef56b38e177db6f098ae0b6e\",\"name\":\"tabernaculo\",\"image\":{\"@type\":\"ImageObject\",\"inLanguage\":\"es\",\"@id\":\"https:\/\/tabernaculoprensadedios.com\/web\/#\/schema\/person\/image\/\",\"url\":\"https:\/\/tabernaculoprensadedios.com\/web\/wp-content\/uploads\/2015\/06\/login-logo1.png\",\"contentUrl\":\"https:\/\/tabernaculoprensadedios.com\/web\/wp-content\/uploads\/2015\/06\/login-logo1.png\",\"width\":300,\"height\":118,\"caption\":\"tabernaculo\"},\"logo\":{\"@id\":\"https:\/\/tabernaculoprensadedios.com\/web\/#\/schema\/person\/image\/\"},\"url\":\"https:\/\/tabernaculoprensadedios.com\/web\/author\/tabernaculo\/\"}]}<\/script>\n<!-- \/ Yoast SEO Premium plugin. -->","yoast_head_json":{"title":"UNEV-INCAP firman \u00a0convenio para \u00a0fortalecer la investigaci\u00f3n en nutrici\u00f3n - Tabernaculo Prensa de Dios","robots":{"index":"index","follow":"follow","max-snippet":"max-snippet:-1","max-image-preview":"max-image-preview:large","max-video-preview":"max-video-preview:-1"},"canonical":"https:\/\/tabernaculoprensadedios.com\/web\/unev-incap-firman-convenio-para-fortalecer-la-investigacion-en-nutricion\/","og_locale":"es_ES","og_type":"article","og_title":"UNEV-INCAP firman \u00a0convenio para \u00a0fortalecer la investigaci\u00f3n en nutrici\u00f3n","og_description":"Mediante un acuerdo firmado hoy, en entre la Universidad Nacional Evang\u00e9lica, (UNEV), y el Instituto de Nutrici\u00f3n de Centro Am\u00e9rica y Panam\u00e1 (INCAP), \u00a0ambas instituciones se comprometieron a desarrollar programas de investigaci\u00f3n, formaci\u00f3n de recursos humanos y nutrici\u00f3n. El documento firmado, resalta la cooperaci\u00f3n y trabajo en conjunto en cual, se ejecutaran proyectos espec\u00edficos para &hellip;","og_url":"https:\/\/tabernaculoprensadedios.com\/web\/unev-incap-firman-convenio-para-fortalecer-la-investigacion-en-nutricion\/","og_site_name":"Tabernaculo Prensa de Dios","article_published_time":"2015-09-17T22:55:26+00:00","og_image":[{"width":421,"height":253,"url":"https:\/\/tabernaculoprensadedios.com\/web\/wp-content\/uploads\/2015\/09\/Untitled65-e1442530513813.jpg","type":"image\/jpeg"}],"author":"tabernaculo","twitter_card":"summary_large_image","twitter_creator":"@PrensadeDios","twitter_site":"@PrensadeDios","twitter_misc":{"Escrito por":"tabernaculo","Tiempo de lectura":"2 minutos"},"schema":{"@context":"https:\/\/schema.org","@graph":[{"@type":"Article","@id":"https:\/\/tabernaculoprensadedios.com\/web\/unev-incap-firman-convenio-para-fortalecer-la-investigacion-en-nutricion\/#article","isPartOf":{"@id":"https:\/\/tabernaculoprensadedios.com\/web\/unev-incap-firman-convenio-para-fortalecer-la-investigacion-en-nutricion\/"},"author":{"name":"tabernaculo","@id":"https:\/\/tabernaculoprensadedios.com\/web\/#\/schema\/person\/bc0e069fef56b38e177db6f098ae0b6e"},"headline":"UNEV-INCAP firman \u00a0convenio para \u00a0fortalecer la investigaci\u00f3n en nutrici\u00f3n","datePublished":"2015-09-17T22:55:26+00:00","mainEntityOfPage":{"@id":"https:\/\/tabernaculoprensadedios.com\/web\/unev-incap-firman-convenio-para-fortalecer-la-investigacion-en-nutricion\/"},"wordCount":312,"commentCount":0,"publisher":{"@id":"https:\/\/tabernaculoprensadedios.com\/web\/#\/schema\/person\/bc0e069fef56b38e177db6f098ae0b6e"},"image":{"@id":"https:\/\/tabernaculoprensadedios.com\/web\/unev-incap-firman-convenio-para-fortalecer-la-investigacion-en-nutricion\/#primaryimage"},"thumbnailUrl":"https:\/\/tabernaculoprensadedios.com\/web\/wp-content\/uploads\/2015\/09\/Untitled65-e1442530513813.jpg","articleSection":["Articulos"],"inLanguage":"es","potentialAction":[{"@type":"CommentAction","name":"Comment","target":["https:\/\/tabernaculoprensadedios.com\/web\/unev-incap-firman-convenio-para-fortalecer-la-investigacion-en-nutricion\/#respond"]}]},{"@type":"WebPage","@id":"https:\/\/tabernaculoprensadedios.com\/web\/unev-incap-firman-convenio-para-fortalecer-la-investigacion-en-nutricion\/","url":"https:\/\/tabernaculoprensadedios.com\/web\/unev-incap-firman-convenio-para-fortalecer-la-investigacion-en-nutricion\/","name":"UNEV-INCAP firman \u00a0convenio para \u00a0fortalecer la investigaci\u00f3n en nutrici\u00f3n - Tabernaculo Prensa de Dios","isPartOf":{"@id":"https:\/\/tabernaculoprensadedios.com\/web\/#website"},"primaryImageOfPage":{"@id":"https:\/\/tabernaculoprensadedios.com\/web\/unev-incap-firman-convenio-para-fortalecer-la-investigacion-en-nutricion\/#primaryimage"},"image":{"@id":"https:\/\/tabernaculoprensadedios.com\/web\/unev-incap-firman-convenio-para-fortalecer-la-investigacion-en-nutricion\/#primaryimage"},"thumbnailUrl":"https:\/\/tabernaculoprensadedios.com\/web\/wp-content\/uploads\/2015\/09\/Untitled65-e1442530513813.jpg","datePublished":"2015-09-17T22:55:26+00:00","breadcrumb":{"@id":"https:\/\/tabernaculoprensadedios.com\/web\/unev-incap-firman-convenio-para-fortalecer-la-investigacion-en-nutricion\/#breadcrumb"},"inLanguage":"es","potentialAction":[{"@type":"ReadAction","target":["https:\/\/tabernaculoprensadedios.com\/web\/unev-incap-firman-convenio-para-fortalecer-la-investigacion-en-nutricion\/"]}]},{"@type":"ImageObject","inLanguage":"es","@id":"https:\/\/tabernaculoprensadedios.com\/web\/unev-incap-firman-convenio-para-fortalecer-la-investigacion-en-nutricion\/#primaryimage","url":"https:\/\/tabernaculoprensadedios.com\/web\/wp-content\/uploads\/2015\/09\/Untitled65-e1442530513813.jpg","contentUrl":"https:\/\/tabernaculoprensadedios.com\/web\/wp-content\/uploads\/2015\/09\/Untitled65-e1442530513813.jpg","width":421,"height":253},{"@type":"BreadcrumbList","@id":"https:\/\/tabernaculoprensadedios.com\/web\/unev-incap-firman-convenio-para-fortalecer-la-investigacion-en-nutricion\/#breadcrumb","itemListElement":[{"@type":"ListItem","position":1,"name":"Portada","item":"https:\/\/tabernaculoprensadedios.com\/web\/"},{"@type":"ListItem","position":2,"name":"UNEV-INCAP firman \u00a0convenio para \u00a0fortalecer la investigaci\u00f3n en nutrici\u00f3n"}]},{"@type":"WebSite","@id":"https:\/\/tabernaculoprensadedios.com\/web\/#website","url":"https:\/\/tabernaculoprensadedios.com\/web\/","name":"Tabernaculo Prensa de Dios","description":"Un medio a la manera de Dios","publisher":{"@id":"https:\/\/tabernaculoprensadedios.com\/web\/#\/schema\/person\/bc0e069fef56b38e177db6f098ae0b6e"},"potentialAction":[{"@type":"SearchAction","target":{"@type":"EntryPoint","urlTemplate":"https:\/\/tabernaculoprensadedios.com\/web\/?s={search_term_string}"},"query-input":{"@type":"PropertyValueSpecification","valueRequired":true,"valueName":"search_term_string"}}],"inLanguage":"es"},{"@type":["Person","Organization"],"@id":"https:\/\/tabernaculoprensadedios.com\/web\/#\/schema\/person\/bc0e069fef56b38e177db6f098ae0b6e","name":"tabernaculo","image":{"@type":"ImageObject","inLanguage":"es","@id":"https:\/\/tabernaculoprensadedios.com\/web\/#\/schema\/person\/image\/","url":"https:\/\/tabernaculoprensadedios.com\/web\/wp-content\/uploads\/2015\/06\/login-logo1.png","contentUrl":"https:\/\/tabernaculoprensadedios.com\/web\/wp-content\/uploads\/2015\/06\/login-logo1.png","width":300,"height":118,"caption":"tabernaculo"},"logo":{"@id":"https:\/\/tabernaculoprensadedios.com\/web\/#\/schema\/person\/image\/"},"url":"https:\/\/tabernaculoprensadedios.com\/web\/author\/tabernaculo\/"}]}},"_links":{"self":[{"href":"https:\/\/tabernaculoprensadedios.com\/web\/wp-json\/wp\/v2\/posts\/2793","targetHints":{"allow":["GET"]}}],"collection":[{"href":"https:\/\/tabernaculoprensadedios.com\/web\/wp-json\/wp\/v2\/posts"}],"about":[{"href":"https:\/\/tabernaculoprensadedios.com\/web\/wp-json\/wp\/v2\/types\/post"}],"author":[{"embeddable":true,"href":"https:\/\/tabernaculoprensadedios.com\/web\/wp-json\/wp\/v2\/users\/1"}],"replies":[{"embeddable":true,"href":"https:\/\/tabernaculoprensadedios.com\/web\/wp-json\/wp\/v2\/comments?post=2793"}],"version-history":[{"count":1,"href":"https:\/\/tabernaculoprensadedios.com\/web\/wp-json\/wp\/v2\/posts\/2793\/revisions"}],"predecessor-version":[{"id":2795,"href":"https:\/\/tabernaculoprensadedios.com\/web\/wp-json\/wp\/v2\/posts\/2793\/revisions\/2795"}],"wp:featuredmedia":[{"embeddable":true,"href":"https:\/\/tabernaculoprensadedios.com\/web\/wp-json\/wp\/v2\/media\/2794"}],"wp:attachment":[{"href":"https:\/\/tabernaculoprensadedios.com\/web\/wp-json\/wp\/v2\/media?parent=2793"}],"wp:term":[{"taxonomy":"category","embeddable":true,"href":"https:\/\/tabernaculoprensadedios.com\/web\/wp-json\/wp\/v2\/categories?post=2793"},{"taxonomy":"post_tag","embeddable":true,"href":"https:\/\/tabernaculoprensadedios.com\/web\/wp-json\/wp\/v2\/tags?post=2793"}],"curies":[{"name":"wp","href":"https:\/\/api.w.org\/{rel}","templated":true}]}}