{"id":2790,"date":"2015-09-17T22:48:23","date_gmt":"2015-09-17T22:48:23","guid":{"rendered":"http:\/\/tabernaculoprensadedios.com\/web\/?p=2790"},"modified":"2015-09-17T22:48:23","modified_gmt":"2015-09-17T22:48:23","slug":"la-universidad-nacional-evangelica-unev-ofrecera-un-importante-diplomado","status":"publish","type":"post","link":"https:\/\/tabernaculoprensadedios.com\/web\/la-universidad-nacional-evangelica-unev-ofrecera-un-importante-diplomado\/","title":{"rendered":"La Universidad Nacional Evang\u00e9lica (UNEV) ofrecer\u00e1 un importante diplomado"},"content":{"rendered":"<p>La Universidad Nacional Evang\u00e9lica (UNEV) tendr\u00e1, este lunes 21 de septiembre, el lanzamiento de un diplomado internacional sobre el Liderazgo, Responsabilidad Social y Sustentabilidad.<\/p>\n<p>Este diplomado es parte del proyecto \u201cEmprendemos Paz\u201d, que busca fortalecer la capacidad del liderazgo joven de las iglesias, para el desarrollo de estrategia en la promoci\u00f3n de la paz, con una perspectiva de equidad y sustentabilidad en Rep\u00fablica Dominicana, Centroam\u00e9rica y Colombia.<\/p>\n<p>La iniciativa es creada por CREAS, una organizaci\u00f3n regional ecum\u00e9nica y multidisciplinaria de car\u00e1cter cristiano. Desde el a\u00f1o 2000 vienen realizando acciones de cooperaci\u00f3n, desarrollo de capacidad y producci\u00f3n de conocimiento para generar y sostener procesos de cambios en Am\u00e9rica Latina y el Caribe.<\/p>\n<p>La UNEV, instituci\u00f3n sin fines de lucro, patrocinada por la Fundaci\u00f3n Evang\u00e9lica Universitaria (FEU) de Republica Dominicana, desde a\u00f1o 1984, facilita una formaci\u00f3n universitaria sostenida en la equidad y brinda oportunidades para formar integrantes a nuevos hombres y mujeres.<\/p>\n","protected":false},"excerpt":{"rendered":"<p>La Universidad Nacional Evang\u00e9lica (UNEV) tendr\u00e1, este lunes 21 de septiembre, el lanzamiento de un diplomado internacional sobre el Liderazgo, Responsabilidad Social y Sustentabilidad. Este diplomado es parte del proyecto \u201cEmprendemos Paz\u201d, que busca fortalecer la capacidad del liderazgo joven de las iglesias, para el desarrollo de estrategia en la promoci\u00f3n de la paz, con &hellip;<\/p>\n","protected":false},"author":1,"featured_media":2791,"comment_status":"open","ping_status":"open","sticky":false,"template":"","format":"standard","meta":{"footnotes":""},"categories":[19],"tags":[],"class_list":["post-2790","post","type-post","status-publish","format-standard","has-post-thumbnail","hentry","category-educacion"],"yoast_head":"<!-- This site is optimized with the Yoast SEO Premium plugin v24.2 (Yoast SEO v27.1.1) - https:\/\/yoast.com\/product\/yoast-seo-premium-wordpress\/ -->\n<title>La Universidad Nacional Evang\u00e9lica (UNEV) ofrecer\u00e1 un importante diplomado - Tabernaculo Prensa de Dios<\/title>\n<meta name=\"robots\" content=\"index, follow, max-snippet:-1, max-image-preview:large, max-video-preview:-1\" \/>\n<link rel=\"canonical\" href=\"https:\/\/tabernaculoprensadedios.com\/web\/la-universidad-nacional-evangelica-unev-ofrecera-un-importante-diplomado\/\" class=\"yoast-seo-meta-tag\" \/>\n<meta property=\"og:locale\" content=\"es_ES\" class=\"yoast-seo-meta-tag\" \/>\n<meta property=\"og:type\" content=\"article\" class=\"yoast-seo-meta-tag\" \/>\n<meta property=\"og:title\" content=\"La Universidad Nacional Evang\u00e9lica (UNEV) ofrecer\u00e1 un importante diplomado\" class=\"yoast-seo-meta-tag\" \/>\n<meta property=\"og:description\" content=\"La Universidad Nacional Evang\u00e9lica (UNEV) tendr\u00e1, este lunes 21 de septiembre, el lanzamiento de un diplomado internacional sobre el Liderazgo, Responsabilidad Social y Sustentabilidad. Este diplomado es parte del proyecto \u201cEmprendemos Paz\u201d, que busca fortalecer la capacidad del liderazgo joven de las iglesias, para el desarrollo de estrategia en la promoci\u00f3n de la paz, con &hellip;\" class=\"yoast-seo-meta-tag\" \/>\n<meta property=\"og:url\" content=\"https:\/\/tabernaculoprensadedios.com\/web\/la-universidad-nacional-evangelica-unev-ofrecera-un-importante-diplomado\/\" class=\"yoast-seo-meta-tag\" \/>\n<meta property=\"og:site_name\" content=\"Tabernaculo Prensa de Dios\" class=\"yoast-seo-meta-tag\" \/>\n<meta property=\"article:published_time\" content=\"2015-09-17T22:48:23+00:00\" class=\"yoast-seo-meta-tag\" \/>\n<meta property=\"og:image\" content=\"https:\/\/tabernaculoprensadedios.com\/web\/wp-content\/uploads\/2015\/09\/Untitled64.jpg\" class=\"yoast-seo-meta-tag\" \/>\n\t<meta property=\"og:image:width\" content=\"442\" class=\"yoast-seo-meta-tag\" \/>\n\t<meta property=\"og:image:height\" content=\"295\" class=\"yoast-seo-meta-tag\" \/>\n\t<meta property=\"og:image:type\" content=\"image\/jpeg\" class=\"yoast-seo-meta-tag\" \/>\n<meta name=\"author\" content=\"tabernaculo\" class=\"yoast-seo-meta-tag\" \/>\n<meta name=\"twitter:card\" content=\"summary_large_image\" class=\"yoast-seo-meta-tag\" \/>\n<meta name=\"twitter:creator\" content=\"@PrensadeDios\" class=\"yoast-seo-meta-tag\" \/>\n<meta name=\"twitter:site\" content=\"@PrensadeDios\" class=\"yoast-seo-meta-tag\" \/>\n<meta name=\"twitter:label1\" content=\"Escrito por\" class=\"yoast-seo-meta-tag\" \/>\n\t<meta name=\"twitter:data1\" content=\"tabernaculo\" class=\"yoast-seo-meta-tag\" \/>\n\t<meta name=\"twitter:label2\" content=\"Tiempo de lectura\" class=\"yoast-seo-meta-tag\" \/>\n\t<meta name=\"twitter:data2\" content=\"1 minuto\" class=\"yoast-seo-meta-tag\" \/>\n<script type=\"application\/ld+json\" class=\"yoast-schema-graph\">{\"@context\":\"https:\/\/schema.org\",\"@graph\":[{\"@type\":\"Article\",\"@id\":\"https:\/\/tabernaculoprensadedios.com\/web\/la-universidad-nacional-evangelica-unev-ofrecera-un-importante-diplomado\/#article\",\"isPartOf\":{\"@id\":\"https:\/\/tabernaculoprensadedios.com\/web\/la-universidad-nacional-evangelica-unev-ofrecera-un-importante-diplomado\/\"},\"author\":{\"name\":\"tabernaculo\",\"@id\":\"https:\/\/tabernaculoprensadedios.com\/web\/#\/schema\/person\/bc0e069fef56b38e177db6f098ae0b6e\"},\"headline\":\"La Universidad Nacional Evang\u00e9lica (UNEV) ofrecer\u00e1 un importante diplomado\",\"datePublished\":\"2015-09-17T22:48:23+00:00\",\"mainEntityOfPage\":{\"@id\":\"https:\/\/tabernaculoprensadedios.com\/web\/la-universidad-nacional-evangelica-unev-ofrecera-un-importante-diplomado\/\"},\"wordCount\":173,\"commentCount\":0,\"publisher\":{\"@id\":\"https:\/\/tabernaculoprensadedios.com\/web\/#\/schema\/person\/bc0e069fef56b38e177db6f098ae0b6e\"},\"image\":{\"@id\":\"https:\/\/tabernaculoprensadedios.com\/web\/la-universidad-nacional-evangelica-unev-ofrecera-un-importante-diplomado\/#primaryimage\"},\"thumbnailUrl\":\"https:\/\/tabernaculoprensadedios.com\/web\/wp-content\/uploads\/2015\/09\/Untitled64.jpg\",\"articleSection\":[\"Educaci\u00f3n\"],\"inLanguage\":\"es\",\"potentialAction\":[{\"@type\":\"CommentAction\",\"name\":\"Comment\",\"target\":[\"https:\/\/tabernaculoprensadedios.com\/web\/la-universidad-nacional-evangelica-unev-ofrecera-un-importante-diplomado\/#respond\"]}]},{\"@type\":\"WebPage\",\"@id\":\"https:\/\/tabernaculoprensadedios.com\/web\/la-universidad-nacional-evangelica-unev-ofrecera-un-importante-diplomado\/\",\"url\":\"https:\/\/tabernaculoprensadedios.com\/web\/la-universidad-nacional-evangelica-unev-ofrecera-un-importante-diplomado\/\",\"name\":\"La Universidad Nacional Evang\u00e9lica (UNEV) ofrecer\u00e1 un importante diplomado - Tabernaculo Prensa de Dios\",\"isPartOf\":{\"@id\":\"https:\/\/tabernaculoprensadedios.com\/web\/#website\"},\"primaryImageOfPage\":{\"@id\":\"https:\/\/tabernaculoprensadedios.com\/web\/la-universidad-nacional-evangelica-unev-ofrecera-un-importante-diplomado\/#primaryimage\"},\"image\":{\"@id\":\"https:\/\/tabernaculoprensadedios.com\/web\/la-universidad-nacional-evangelica-unev-ofrecera-un-importante-diplomado\/#primaryimage\"},\"thumbnailUrl\":\"https:\/\/tabernaculoprensadedios.com\/web\/wp-content\/uploads\/2015\/09\/Untitled64.jpg\",\"datePublished\":\"2015-09-17T22:48:23+00:00\",\"breadcrumb\":{\"@id\":\"https:\/\/tabernaculoprensadedios.com\/web\/la-universidad-nacional-evangelica-unev-ofrecera-un-importante-diplomado\/#breadcrumb\"},\"inLanguage\":\"es\",\"potentialAction\":[{\"@type\":\"ReadAction\",\"target\":[\"https:\/\/tabernaculoprensadedios.com\/web\/la-universidad-nacional-evangelica-unev-ofrecera-un-importante-diplomado\/\"]}]},{\"@type\":\"ImageObject\",\"inLanguage\":\"es\",\"@id\":\"https:\/\/tabernaculoprensadedios.com\/web\/la-universidad-nacional-evangelica-unev-ofrecera-un-importante-diplomado\/#primaryimage\",\"url\":\"https:\/\/tabernaculoprensadedios.com\/web\/wp-content\/uploads\/2015\/09\/Untitled64.jpg\",\"contentUrl\":\"https:\/\/tabernaculoprensadedios.com\/web\/wp-content\/uploads\/2015\/09\/Untitled64.jpg\",\"width\":442,\"height\":295},{\"@type\":\"BreadcrumbList\",\"@id\":\"https:\/\/tabernaculoprensadedios.com\/web\/la-universidad-nacional-evangelica-unev-ofrecera-un-importante-diplomado\/#breadcrumb\",\"itemListElement\":[{\"@type\":\"ListItem\",\"position\":1,\"name\":\"Portada\",\"item\":\"https:\/\/tabernaculoprensadedios.com\/web\/\"},{\"@type\":\"ListItem\",\"position\":2,\"name\":\"La Universidad Nacional Evang\u00e9lica (UNEV) ofrecer\u00e1 un importante diplomado\"}]},{\"@type\":\"WebSite\",\"@id\":\"https:\/\/tabernaculoprensadedios.com\/web\/#website\",\"url\":\"https:\/\/tabernaculoprensadedios.com\/web\/\",\"name\":\"Tabernaculo Prensa de Dios\",\"description\":\"Un medio a la manera de Dios\",\"publisher\":{\"@id\":\"https:\/\/tabernaculoprensadedios.com\/web\/#\/schema\/person\/bc0e069fef56b38e177db6f098ae0b6e\"},\"potentialAction\":[{\"@type\":\"SearchAction\",\"target\":{\"@type\":\"EntryPoint\",\"urlTemplate\":\"https:\/\/tabernaculoprensadedios.com\/web\/?s={search_term_string}\"},\"query-input\":{\"@type\":\"PropertyValueSpecification\",\"valueRequired\":true,\"valueName\":\"search_term_string\"}}],\"inLanguage\":\"es\"},{\"@type\":[\"Person\",\"Organization\"],\"@id\":\"https:\/\/tabernaculoprensadedios.com\/web\/#\/schema\/person\/bc0e069fef56b38e177db6f098ae0b6e\",\"name\":\"tabernaculo\",\"image\":{\"@type\":\"ImageObject\",\"inLanguage\":\"es\",\"@id\":\"https:\/\/tabernaculoprensadedios.com\/web\/#\/schema\/person\/image\/\",\"url\":\"https:\/\/tabernaculoprensadedios.com\/web\/wp-content\/uploads\/2015\/06\/login-logo1.png\",\"contentUrl\":\"https:\/\/tabernaculoprensadedios.com\/web\/wp-content\/uploads\/2015\/06\/login-logo1.png\",\"width\":300,\"height\":118,\"caption\":\"tabernaculo\"},\"logo\":{\"@id\":\"https:\/\/tabernaculoprensadedios.com\/web\/#\/schema\/person\/image\/\"},\"url\":\"https:\/\/tabernaculoprensadedios.com\/web\/author\/tabernaculo\/\"}]}<\/script>\n<!-- \/ Yoast SEO Premium plugin. -->","yoast_head_json":{"title":"La Universidad Nacional Evang\u00e9lica (UNEV) ofrecer\u00e1 un importante diplomado - Tabernaculo Prensa de Dios","robots":{"index":"index","follow":"follow","max-snippet":"max-snippet:-1","max-image-preview":"max-image-preview:large","max-video-preview":"max-video-preview:-1"},"canonical":"https:\/\/tabernaculoprensadedios.com\/web\/la-universidad-nacional-evangelica-unev-ofrecera-un-importante-diplomado\/","og_locale":"es_ES","og_type":"article","og_title":"La Universidad Nacional Evang\u00e9lica (UNEV) ofrecer\u00e1 un importante diplomado","og_description":"La Universidad Nacional Evang\u00e9lica (UNEV) tendr\u00e1, este lunes 21 de septiembre, el lanzamiento de un diplomado internacional sobre el Liderazgo, Responsabilidad Social y Sustentabilidad. Este diplomado es parte del proyecto \u201cEmprendemos Paz\u201d, que busca fortalecer la capacidad del liderazgo joven de las iglesias, para el desarrollo de estrategia en la promoci\u00f3n de la paz, con &hellip;","og_url":"https:\/\/tabernaculoprensadedios.com\/web\/la-universidad-nacional-evangelica-unev-ofrecera-un-importante-diplomado\/","og_site_name":"Tabernaculo Prensa de Dios","article_published_time":"2015-09-17T22:48:23+00:00","og_image":[{"width":442,"height":295,"url":"https:\/\/tabernaculoprensadedios.com\/web\/wp-content\/uploads\/2015\/09\/Untitled64.jpg","type":"image\/jpeg"}],"author":"tabernaculo","twitter_card":"summary_large_image","twitter_creator":"@PrensadeDios","twitter_site":"@PrensadeDios","twitter_misc":{"Escrito por":"tabernaculo","Tiempo de lectura":"1 minuto"},"schema":{"@context":"https:\/\/schema.org","@graph":[{"@type":"Article","@id":"https:\/\/tabernaculoprensadedios.com\/web\/la-universidad-nacional-evangelica-unev-ofrecera-un-importante-diplomado\/#article","isPartOf":{"@id":"https:\/\/tabernaculoprensadedios.com\/web\/la-universidad-nacional-evangelica-unev-ofrecera-un-importante-diplomado\/"},"author":{"name":"tabernaculo","@id":"https:\/\/tabernaculoprensadedios.com\/web\/#\/schema\/person\/bc0e069fef56b38e177db6f098ae0b6e"},"headline":"La Universidad Nacional Evang\u00e9lica (UNEV) ofrecer\u00e1 un importante diplomado","datePublished":"2015-09-17T22:48:23+00:00","mainEntityOfPage":{"@id":"https:\/\/tabernaculoprensadedios.com\/web\/la-universidad-nacional-evangelica-unev-ofrecera-un-importante-diplomado\/"},"wordCount":173,"commentCount":0,"publisher":{"@id":"https:\/\/tabernaculoprensadedios.com\/web\/#\/schema\/person\/bc0e069fef56b38e177db6f098ae0b6e"},"image":{"@id":"https:\/\/tabernaculoprensadedios.com\/web\/la-universidad-nacional-evangelica-unev-ofrecera-un-importante-diplomado\/#primaryimage"},"thumbnailUrl":"https:\/\/tabernaculoprensadedios.com\/web\/wp-content\/uploads\/2015\/09\/Untitled64.jpg","articleSection":["Educaci\u00f3n"],"inLanguage":"es","potentialAction":[{"@type":"CommentAction","name":"Comment","target":["https:\/\/tabernaculoprensadedios.com\/web\/la-universidad-nacional-evangelica-unev-ofrecera-un-importante-diplomado\/#respond"]}]},{"@type":"WebPage","@id":"https:\/\/tabernaculoprensadedios.com\/web\/la-universidad-nacional-evangelica-unev-ofrecera-un-importante-diplomado\/","url":"https:\/\/tabernaculoprensadedios.com\/web\/la-universidad-nacional-evangelica-unev-ofrecera-un-importante-diplomado\/","name":"La Universidad Nacional Evang\u00e9lica (UNEV) ofrecer\u00e1 un importante diplomado - Tabernaculo Prensa de Dios","isPartOf":{"@id":"https:\/\/tabernaculoprensadedios.com\/web\/#website"},"primaryImageOfPage":{"@id":"https:\/\/tabernaculoprensadedios.com\/web\/la-universidad-nacional-evangelica-unev-ofrecera-un-importante-diplomado\/#primaryimage"},"image":{"@id":"https:\/\/tabernaculoprensadedios.com\/web\/la-universidad-nacional-evangelica-unev-ofrecera-un-importante-diplomado\/#primaryimage"},"thumbnailUrl":"https:\/\/tabernaculoprensadedios.com\/web\/wp-content\/uploads\/2015\/09\/Untitled64.jpg","datePublished":"2015-09-17T22:48:23+00:00","breadcrumb":{"@id":"https:\/\/tabernaculoprensadedios.com\/web\/la-universidad-nacional-evangelica-unev-ofrecera-un-importante-diplomado\/#breadcrumb"},"inLanguage":"es","potentialAction":[{"@type":"ReadAction","target":["https:\/\/tabernaculoprensadedios.com\/web\/la-universidad-nacional-evangelica-unev-ofrecera-un-importante-diplomado\/"]}]},{"@type":"ImageObject","inLanguage":"es","@id":"https:\/\/tabernaculoprensadedios.com\/web\/la-universidad-nacional-evangelica-unev-ofrecera-un-importante-diplomado\/#primaryimage","url":"https:\/\/tabernaculoprensadedios.com\/web\/wp-content\/uploads\/2015\/09\/Untitled64.jpg","contentUrl":"https:\/\/tabernaculoprensadedios.com\/web\/wp-content\/uploads\/2015\/09\/Untitled64.jpg","width":442,"height":295},{"@type":"BreadcrumbList","@id":"https:\/\/tabernaculoprensadedios.com\/web\/la-universidad-nacional-evangelica-unev-ofrecera-un-importante-diplomado\/#breadcrumb","itemListElement":[{"@type":"ListItem","position":1,"name":"Portada","item":"https:\/\/tabernaculoprensadedios.com\/web\/"},{"@type":"ListItem","position":2,"name":"La Universidad Nacional Evang\u00e9lica (UNEV) ofrecer\u00e1 un importante diplomado"}]},{"@type":"WebSite","@id":"https:\/\/tabernaculoprensadedios.com\/web\/#website","url":"https:\/\/tabernaculoprensadedios.com\/web\/","name":"Tabernaculo Prensa de Dios","description":"Un medio a la manera de Dios","publisher":{"@id":"https:\/\/tabernaculoprensadedios.com\/web\/#\/schema\/person\/bc0e069fef56b38e177db6f098ae0b6e"},"potentialAction":[{"@type":"SearchAction","target":{"@type":"EntryPoint","urlTemplate":"https:\/\/tabernaculoprensadedios.com\/web\/?s={search_term_string}"},"query-input":{"@type":"PropertyValueSpecification","valueRequired":true,"valueName":"search_term_string"}}],"inLanguage":"es"},{"@type":["Person","Organization"],"@id":"https:\/\/tabernaculoprensadedios.com\/web\/#\/schema\/person\/bc0e069fef56b38e177db6f098ae0b6e","name":"tabernaculo","image":{"@type":"ImageObject","inLanguage":"es","@id":"https:\/\/tabernaculoprensadedios.com\/web\/#\/schema\/person\/image\/","url":"https:\/\/tabernaculoprensadedios.com\/web\/wp-content\/uploads\/2015\/06\/login-logo1.png","contentUrl":"https:\/\/tabernaculoprensadedios.com\/web\/wp-content\/uploads\/2015\/06\/login-logo1.png","width":300,"height":118,"caption":"tabernaculo"},"logo":{"@id":"https:\/\/tabernaculoprensadedios.com\/web\/#\/schema\/person\/image\/"},"url":"https:\/\/tabernaculoprensadedios.com\/web\/author\/tabernaculo\/"}]}},"_links":{"self":[{"href":"https:\/\/tabernaculoprensadedios.com\/web\/wp-json\/wp\/v2\/posts\/2790","targetHints":{"allow":["GET"]}}],"collection":[{"href":"https:\/\/tabernaculoprensadedios.com\/web\/wp-json\/wp\/v2\/posts"}],"about":[{"href":"https:\/\/tabernaculoprensadedios.com\/web\/wp-json\/wp\/v2\/types\/post"}],"author":[{"embeddable":true,"href":"https:\/\/tabernaculoprensadedios.com\/web\/wp-json\/wp\/v2\/users\/1"}],"replies":[{"embeddable":true,"href":"https:\/\/tabernaculoprensadedios.com\/web\/wp-json\/wp\/v2\/comments?post=2790"}],"version-history":[{"count":1,"href":"https:\/\/tabernaculoprensadedios.com\/web\/wp-json\/wp\/v2\/posts\/2790\/revisions"}],"predecessor-version":[{"id":2792,"href":"https:\/\/tabernaculoprensadedios.com\/web\/wp-json\/wp\/v2\/posts\/2790\/revisions\/2792"}],"wp:featuredmedia":[{"embeddable":true,"href":"https:\/\/tabernaculoprensadedios.com\/web\/wp-json\/wp\/v2\/media\/2791"}],"wp:attachment":[{"href":"https:\/\/tabernaculoprensadedios.com\/web\/wp-json\/wp\/v2\/media?parent=2790"}],"wp:term":[{"taxonomy":"category","embeddable":true,"href":"https:\/\/tabernaculoprensadedios.com\/web\/wp-json\/wp\/v2\/categories?post=2790"},{"taxonomy":"post_tag","embeddable":true,"href":"https:\/\/tabernaculoprensadedios.com\/web\/wp-json\/wp\/v2\/tags?post=2790"}],"curies":[{"name":"wp","href":"https:\/\/api.w.org\/{rel}","templated":true}]}}