{"id":2765,"date":"2015-09-17T22:44:05","date_gmt":"2015-09-17T22:44:05","guid":{"rendered":"http:\/\/tabernaculoprensadedios.com\/web\/?p=2765"},"modified":"2015-09-19T14:17:12","modified_gmt":"2015-09-19T14:17:12","slug":"despiden-con-agasajo-a-embajador-israeli-en-rd","status":"publish","type":"post","link":"https:\/\/tabernaculoprensadedios.com\/web\/despiden-con-agasajo-a-embajador-israeli-en-rd\/","title":{"rendered":"Despiden con agasajo a Embajador Israel\u00ed en RD"},"content":{"rendered":"<p>Con motivo del t\u00e9rmino de su misi\u00f3n diplom\u00e1tica en Rep\u00fablica Dominicana, despu\u00e9s de dos a\u00f1os de arduo trabajo, la C\u00e1mara de Comercio Dom\u00ednico Israel\u00ed, ofreci\u00f3 un agasajo de despedida al Embajador de Israel, se\u00f1or Bahij Mansour.<\/p>\n<p>La recepci\u00f3n, en honor al Embajador y a su familia, fue ofrecida en el Santo Domingo Country Club, con la asistencia de la Junta Directiva de la C\u00e1mara de Comercio, presidida por el ingeniero Leo P\u00e9rez Minaya, qui\u00e9n record\u00f3 con unas breves y emotivas palabras a los asistente, que fue bajo la inspiraci\u00f3n y apoyo del presente Embajador que se logr\u00f3 activar a plenitud esa instituci\u00f3n.<\/p>\n<p>Al evento asistieron numerosos representantes de los medios informativos, gubernamentales, diplom\u00e1ticos, culturales, empresariales, religiosos y militares.<\/p>\n<p>Tambi\u00e9n estuvieron presentes el rector de la Universidad Nacional Evang\u00e9lica (UNEV), doctor Wilfredo Ma\u00f1on Rossi, licenciado Salustiano Mojica Rijo, presidente de la Fundaci\u00f3n Universitaria(FEU) y miembros de la Comunidad Jud\u00eda residente en el pa\u00eds.<\/p>\n<p>En su discurso de despedida, el Embajador de Israel Bahij Mansour agradeci\u00f3 el apoyo brindado a su labor diplom\u00e1tica y destac\u00f3 el avance logrado en estos dos a\u00f1os entre la naci\u00f3n Israel y la Rep\u00fablica Dominicana, en los \u00e1mbitos acad\u00e9micos, culturales y pol\u00edticos, mencionando, la visita del premio nobel de qu\u00edmica de Israel, profesor Aar\u00f3n Ciechanover y el cient\u00edfico Ram Raifen.<\/p>\n<p>Mansour, tambi\u00e9n record\u00f3 la visita del Ministro de Medio Ambiente de Israel, Amir Peretz, y de varios expertos Israel\u00ed, donde se impartieron talleres de agricultura, PYMES y de Innovaci\u00f3n Tecnol\u00f3gica.<\/p>\n<p>Destac\u00f3 que no olvidar\u00e1 la participaci\u00f3n de la Gobernadora de Santiago Aura Toribio, de la alcaldesa de San Juan, Han\u00f3i S\u00e1nchez, en la Conferencia de Mujeres L\u00edderes en Israel, as\u00ed como tambi\u00e9n de la participaci\u00f3n del alcalde de Santiago Gilberto Serrulle y del alcalde de Ban\u00ed Nelson Camilo Landestoy en la conferencias de alcaldes en Israel.<\/p>\n<p>Tambi\u00e9n se refiri\u00f3, muy complacido, a la participaci\u00f3n de algunos miembros del Congreso en eventos importantes en Israel, y como fue tambi\u00e9n la inauguraci\u00f3n del parque Jerusal\u00e9n en Santiago, la exposici\u00f3n itinerante \u00abCuatros Papas en Tierra Santa\u00bb, realizada en colaboraci\u00f3n de la Nunciatura Apost\u00f3lica, la visita de grupos de danza y artistas israel\u00edes, quienes participaron en grandes eventos del pa\u00eds, tales como el Festival de Jazz de Puerto Plata, Festival de Danza Teatro, Festival de Cine, y el acercamiento que tuvo con alcaldes gubernamentales, ministros, rectores de universidades, pol\u00edticos y empresarios.<\/p>\n<p>En sus palabras de agradecimiento, Mansour no dej\u00f3 de mencionar a la prensa dominicana por su gran apoyo, y dijo que se va con un gran dolor, porque nunca pens\u00f3 que los dominicanos eran agentes de paz, los cuales se han convertidos en grandes amigos.<\/p>\n<p>En el agasajo de despedida se hizo alusi\u00f3n a los diversos homenajes que se le hiciera al Embajador saliente, donde expresaron su apoyo, respeto cari\u00f1o, humildad y admiraci\u00f3n.<\/p>\n<p>En el transcurso del acto, hubo un momento muy especial, cuando le fue entregado a Mansour una bandeja conmemorativa a su gesti\u00f3n, por el Cuerpo Diplom\u00e1tico Acreditado en RD, encabezado por su decano, el Nuncio Apost\u00f3lico de su Santidad, monse\u00f1or Jude Thaddeus Okako.<\/p>\n<p>Tuvieron palabras de reconocimiento al embajador israel\u00ed, las se\u00f1oras Claudia Olivo y Emma Mota, presidente y vicepresidenta, respectivamente, de la Asociaci\u00f3n Shalom de Exbecarios de Israel.<\/p>\n<p>Tambi\u00e9n entreg\u00f3 una placa de reconocimiento la Universidad Nacional Evang\u00e9lica UNEV, a nombre de su rector Wilfredo Ma\u00f1\u00f3n Rossi. La entrega la hizo el Presidente de la (FEU), licenciado Salustiano Mojica.<\/p>\n<p>Los presentes a la recepci\u00f3n disfrutaron de repetidos brindis de cocteles, de la presentaci\u00f3n de la flautista dominicana Laura Canelo Coh\u00e9n, as\u00ed como del Ballet Folkl\u00f3rico Nacional, que dio el toque final, presentando un popurr\u00ed de m\u00fasica t\u00edpica dominicana.<\/p>\n<p>El acto, donde los asistentes disfrutaron de una linda noche cargada de paz, culmin\u00f3 con la interpretaci\u00f3n de los himnos nacionales de Israel y de Rep\u00fablica Dominicana.<\/p>\n<p>El embajador, muy emocionado, termin\u00f3 con unas palabras de Shalom para la Rep\u00fablica Dominicana, y dijo que \u201ctenemos en Israel, su naci\u00f3n, una casa donde podemos ir a visitarlo\u201d.<\/p>\n<div id='gallery-1' class='gallery galleryid-2765 gallery-columns-3 gallery-size-thumbnail'><figure class='gallery-item'>\n\t\t\t<div class='gallery-icon landscape'>\n\t\t\t\t<a href='https:\/\/tabernaculoprensadedios.com\/web\/despiden-con-agasajo-a-embajador-israeli-en-rd\/dsc_0132\/'><img loading=\"lazy\" decoding=\"async\" width=\"96\" height=\"96\" src=\"https:\/\/tabernaculoprensadedios.com\/web\/wp-content\/uploads\/2015\/09\/DSC_0132-150x150.jpg\" class=\"attachment-thumbnail size-thumbnail\" alt=\"\" srcset=\"https:\/\/tabernaculoprensadedios.com\/web\/wp-content\/uploads\/2015\/09\/DSC_0132-150x150.jpg 150w, https:\/\/tabernaculoprensadedios.com\/web\/wp-content\/uploads\/2015\/09\/DSC_0132-300x300.jpg 300w, https:\/\/tabernaculoprensadedios.com\/web\/wp-content\/uploads\/2015\/09\/DSC_0132-100x100.jpg 100w\" sizes=\"auto, (max-width: 96px) 100vw, 96px\" \/><\/a>\n\t\t\t<\/div><\/figure><figure class='gallery-item'>\n\t\t\t<div class='gallery-icon landscape'>\n\t\t\t\t<a href='https:\/\/tabernaculoprensadedios.com\/web\/despiden-con-agasajo-a-embajador-israeli-en-rd\/dsc_0138\/'><img loading=\"lazy\" decoding=\"async\" width=\"96\" height=\"96\" src=\"https:\/\/tabernaculoprensadedios.com\/web\/wp-content\/uploads\/2015\/09\/DSC_0138-150x150.jpg\" class=\"attachment-thumbnail size-thumbnail\" alt=\"\" srcset=\"https:\/\/tabernaculoprensadedios.com\/web\/wp-content\/uploads\/2015\/09\/DSC_0138-150x150.jpg 150w, https:\/\/tabernaculoprensadedios.com\/web\/wp-content\/uploads\/2015\/09\/DSC_0138-300x300.jpg 300w, https:\/\/tabernaculoprensadedios.com\/web\/wp-content\/uploads\/2015\/09\/DSC_0138-100x100.jpg 100w\" sizes=\"auto, (max-width: 96px) 100vw, 96px\" \/><\/a>\n\t\t\t<\/div><\/figure><figure class='gallery-item'>\n\t\t\t<div class='gallery-icon landscape'>\n\t\t\t\t<a href='https:\/\/tabernaculoprensadedios.com\/web\/despiden-con-agasajo-a-embajador-israeli-en-rd\/dsc_0175\/'><img loading=\"lazy\" decoding=\"async\" width=\"96\" height=\"96\" src=\"https:\/\/tabernaculoprensadedios.com\/web\/wp-content\/uploads\/2015\/09\/DSC_0175-150x150.jpg\" class=\"attachment-thumbnail size-thumbnail\" alt=\"\" srcset=\"https:\/\/tabernaculoprensadedios.com\/web\/wp-content\/uploads\/2015\/09\/DSC_0175-150x150.jpg 150w, https:\/\/tabernaculoprensadedios.com\/web\/wp-content\/uploads\/2015\/09\/DSC_0175-300x300.jpg 300w, https:\/\/tabernaculoprensadedios.com\/web\/wp-content\/uploads\/2015\/09\/DSC_0175-100x100.jpg 100w\" sizes=\"auto, (max-width: 96px) 100vw, 96px\" \/><\/a>\n\t\t\t<\/div><\/figure><figure class='gallery-item'>\n\t\t\t<div class='gallery-icon landscape'>\n\t\t\t\t<a href='https:\/\/tabernaculoprensadedios.com\/web\/despiden-con-agasajo-a-embajador-israeli-en-rd\/dsc_0183-2\/'><img loading=\"lazy\" decoding=\"async\" width=\"96\" height=\"96\" src=\"https:\/\/tabernaculoprensadedios.com\/web\/wp-content\/uploads\/2015\/09\/DSC_0183-150x150.jpg\" class=\"attachment-thumbnail size-thumbnail\" alt=\"\" srcset=\"https:\/\/tabernaculoprensadedios.com\/web\/wp-content\/uploads\/2015\/09\/DSC_0183-150x150.jpg 150w, https:\/\/tabernaculoprensadedios.com\/web\/wp-content\/uploads\/2015\/09\/DSC_0183-300x300.jpg 300w, https:\/\/tabernaculoprensadedios.com\/web\/wp-content\/uploads\/2015\/09\/DSC_0183-100x100.jpg 100w\" sizes=\"auto, (max-width: 96px) 100vw, 96px\" \/><\/a>\n\t\t\t<\/div><\/figure><figure class='gallery-item'>\n\t\t\t<div class='gallery-icon landscape'>\n\t\t\t\t<a href='https:\/\/tabernaculoprensadedios.com\/web\/despiden-con-agasajo-a-embajador-israeli-en-rd\/dsc_01843\/'><img loading=\"lazy\" decoding=\"async\" width=\"96\" height=\"96\" src=\"https:\/\/tabernaculoprensadedios.com\/web\/wp-content\/uploads\/2015\/09\/DSC_01843-150x150.jpg\" class=\"attachment-thumbnail size-thumbnail\" alt=\"\" srcset=\"https:\/\/tabernaculoprensadedios.com\/web\/wp-content\/uploads\/2015\/09\/DSC_01843-150x150.jpg 150w, https:\/\/tabernaculoprensadedios.com\/web\/wp-content\/uploads\/2015\/09\/DSC_01843-300x300.jpg 300w, https:\/\/tabernaculoprensadedios.com\/web\/wp-content\/uploads\/2015\/09\/DSC_01843-100x100.jpg 100w\" sizes=\"auto, (max-width: 96px) 100vw, 96px\" \/><\/a>\n\t\t\t<\/div><\/figure><figure class='gallery-item'>\n\t\t\t<div class='gallery-icon landscape'>\n\t\t\t\t<a href='https:\/\/tabernaculoprensadedios.com\/web\/despiden-con-agasajo-a-embajador-israeli-en-rd\/dsc_005034\/'><img loading=\"lazy\" decoding=\"async\" width=\"96\" height=\"96\" src=\"https:\/\/tabernaculoprensadedios.com\/web\/wp-content\/uploads\/2015\/09\/DSC_005034-150x150.jpg\" class=\"attachment-thumbnail size-thumbnail\" alt=\"\" srcset=\"https:\/\/tabernaculoprensadedios.com\/web\/wp-content\/uploads\/2015\/09\/DSC_005034-150x150.jpg 150w, https:\/\/tabernaculoprensadedios.com\/web\/wp-content\/uploads\/2015\/09\/DSC_005034-300x300.jpg 300w, https:\/\/tabernaculoprensadedios.com\/web\/wp-content\/uploads\/2015\/09\/DSC_005034-100x100.jpg 100w\" sizes=\"auto, (max-width: 96px) 100vw, 96px\" \/><\/a>\n\t\t\t<\/div><\/figure><figure class='gallery-item'>\n\t\t\t<div class='gallery-icon landscape'>\n\t\t\t\t<a href='https:\/\/tabernaculoprensadedios.com\/web\/despiden-con-agasajo-a-embajador-israeli-en-rd\/dsc_005035\/'><img loading=\"lazy\" decoding=\"async\" width=\"96\" height=\"96\" src=\"https:\/\/tabernaculoprensadedios.com\/web\/wp-content\/uploads\/2015\/09\/DSC_005035-150x150.jpg\" class=\"attachment-thumbnail size-thumbnail\" alt=\"\" srcset=\"https:\/\/tabernaculoprensadedios.com\/web\/wp-content\/uploads\/2015\/09\/DSC_005035-150x150.jpg 150w, https:\/\/tabernaculoprensadedios.com\/web\/wp-content\/uploads\/2015\/09\/DSC_005035-300x300.jpg 300w, https:\/\/tabernaculoprensadedios.com\/web\/wp-content\/uploads\/2015\/09\/DSC_005035-100x100.jpg 100w\" sizes=\"auto, (max-width: 96px) 100vw, 96px\" \/><\/a>\n\t\t\t<\/div><\/figure><figure class='gallery-item'>\n\t\t\t<div class='gallery-icon landscape'>\n\t\t\t\t<a href='https:\/\/tabernaculoprensadedios.com\/web\/despiden-con-agasajo-a-embajador-israeli-en-rd\/dsc_903827\/'><img loading=\"lazy\" decoding=\"async\" width=\"96\" height=\"96\" src=\"https:\/\/tabernaculoprensadedios.com\/web\/wp-content\/uploads\/2015\/09\/DSC_903827-150x150.jpg\" class=\"attachment-thumbnail size-thumbnail\" alt=\"\" srcset=\"https:\/\/tabernaculoprensadedios.com\/web\/wp-content\/uploads\/2015\/09\/DSC_903827-150x150.jpg 150w, https:\/\/tabernaculoprensadedios.com\/web\/wp-content\/uploads\/2015\/09\/DSC_903827-300x300.jpg 300w, https:\/\/tabernaculoprensadedios.com\/web\/wp-content\/uploads\/2015\/09\/DSC_903827-100x100.jpg 100w\" sizes=\"auto, (max-width: 96px) 100vw, 96px\" \/><\/a>\n\t\t\t<\/div><\/figure><figure class='gallery-item'>\n\t\t\t<div class='gallery-icon landscape'>\n\t\t\t\t<a href='https:\/\/tabernaculoprensadedios.com\/web\/despiden-con-agasajo-a-embajador-israeli-en-rd\/dsc_0067\/'><img loading=\"lazy\" decoding=\"async\" width=\"96\" height=\"96\" src=\"https:\/\/tabernaculoprensadedios.com\/web\/wp-content\/uploads\/2015\/09\/DSC_0067-150x150.jpg\" class=\"attachment-thumbnail size-thumbnail\" alt=\"\" srcset=\"https:\/\/tabernaculoprensadedios.com\/web\/wp-content\/uploads\/2015\/09\/DSC_0067-150x150.jpg 150w, https:\/\/tabernaculoprensadedios.com\/web\/wp-content\/uploads\/2015\/09\/DSC_0067-300x300.jpg 300w, https:\/\/tabernaculoprensadedios.com\/web\/wp-content\/uploads\/2015\/09\/DSC_0067-100x100.jpg 100w\" sizes=\"auto, (max-width: 96px) 100vw, 96px\" \/><\/a>\n\t\t\t<\/div><\/figure><figure class='gallery-item'>\n\t\t\t<div class='gallery-icon portrait'>\n\t\t\t\t<a href='https:\/\/tabernaculoprensadedios.com\/web\/despiden-con-agasajo-a-embajador-israeli-en-rd\/dsc_0069-4\/'><img loading=\"lazy\" decoding=\"async\" width=\"96\" height=\"96\" src=\"https:\/\/tabernaculoprensadedios.com\/web\/wp-content\/uploads\/2015\/09\/DSC_0069-150x150.jpg\" class=\"attachment-thumbnail size-thumbnail\" alt=\"\" srcset=\"https:\/\/tabernaculoprensadedios.com\/web\/wp-content\/uploads\/2015\/09\/DSC_0069-150x150.jpg 150w, https:\/\/tabernaculoprensadedios.com\/web\/wp-content\/uploads\/2015\/09\/DSC_0069-300x300.jpg 300w, https:\/\/tabernaculoprensadedios.com\/web\/wp-content\/uploads\/2015\/09\/DSC_0069-100x100.jpg 100w\" sizes=\"auto, (max-width: 96px) 100vw, 96px\" \/><\/a>\n\t\t\t<\/div><\/figure><figure class='gallery-item'>\n\t\t\t<div class='gallery-icon landscape'>\n\t\t\t\t<a href='https:\/\/tabernaculoprensadedios.com\/web\/despiden-con-agasajo-a-embajador-israeli-en-rd\/dsc_0075\/'><img loading=\"lazy\" decoding=\"async\" width=\"96\" height=\"96\" src=\"https:\/\/tabernaculoprensadedios.com\/web\/wp-content\/uploads\/2015\/09\/DSC_0075-150x150.jpg\" class=\"attachment-thumbnail size-thumbnail\" alt=\"\" srcset=\"https:\/\/tabernaculoprensadedios.com\/web\/wp-content\/uploads\/2015\/09\/DSC_0075-150x150.jpg 150w, https:\/\/tabernaculoprensadedios.com\/web\/wp-content\/uploads\/2015\/09\/DSC_0075-300x300.jpg 300w, https:\/\/tabernaculoprensadedios.com\/web\/wp-content\/uploads\/2015\/09\/DSC_0075-100x100.jpg 100w\" sizes=\"auto, (max-width: 96px) 100vw, 96px\" \/><\/a>\n\t\t\t<\/div><\/figure><figure class='gallery-item'>\n\t\t\t<div class='gallery-icon landscape'>\n\t\t\t\t<a href='https:\/\/tabernaculoprensadedios.com\/web\/despiden-con-agasajo-a-embajador-israeli-en-rd\/dsc_0076\/'><img loading=\"lazy\" decoding=\"async\" width=\"96\" height=\"96\" src=\"https:\/\/tabernaculoprensadedios.com\/web\/wp-content\/uploads\/2015\/09\/DSC_0076-150x150.jpg\" class=\"attachment-thumbnail size-thumbnail\" alt=\"\" srcset=\"https:\/\/tabernaculoprensadedios.com\/web\/wp-content\/uploads\/2015\/09\/DSC_0076-150x150.jpg 150w, https:\/\/tabernaculoprensadedios.com\/web\/wp-content\/uploads\/2015\/09\/DSC_0076-300x300.jpg 300w, https:\/\/tabernaculoprensadedios.com\/web\/wp-content\/uploads\/2015\/09\/DSC_0076-100x100.jpg 100w\" sizes=\"auto, (max-width: 96px) 100vw, 96px\" \/><\/a>\n\t\t\t<\/div><\/figure><figure class='gallery-item'>\n\t\t\t<div class='gallery-icon landscape'>\n\t\t\t\t<a href='https:\/\/tabernaculoprensadedios.com\/web\/despiden-con-agasajo-a-embajador-israeli-en-rd\/dsc_0078-3\/'><img loading=\"lazy\" decoding=\"async\" width=\"96\" height=\"96\" src=\"https:\/\/tabernaculoprensadedios.com\/web\/wp-content\/uploads\/2015\/09\/DSC_0078-150x150.jpg\" class=\"attachment-thumbnail size-thumbnail\" alt=\"\" srcset=\"https:\/\/tabernaculoprensadedios.com\/web\/wp-content\/uploads\/2015\/09\/DSC_0078-150x150.jpg 150w, https:\/\/tabernaculoprensadedios.com\/web\/wp-content\/uploads\/2015\/09\/DSC_0078-300x300.jpg 300w, https:\/\/tabernaculoprensadedios.com\/web\/wp-content\/uploads\/2015\/09\/DSC_0078-100x100.jpg 100w\" sizes=\"auto, (max-width: 96px) 100vw, 96px\" \/><\/a>\n\t\t\t<\/div><\/figure><figure class='gallery-item'>\n\t\t\t<div class='gallery-icon landscape'>\n\t\t\t\t<a href='https:\/\/tabernaculoprensadedios.com\/web\/despiden-con-agasajo-a-embajador-israeli-en-rd\/dsc_0080\/'><img loading=\"lazy\" decoding=\"async\" width=\"96\" height=\"96\" src=\"https:\/\/tabernaculoprensadedios.com\/web\/wp-content\/uploads\/2015\/09\/DSC_0080-150x150.jpg\" class=\"attachment-thumbnail size-thumbnail\" alt=\"\" srcset=\"https:\/\/tabernaculoprensadedios.com\/web\/wp-content\/uploads\/2015\/09\/DSC_0080-150x150.jpg 150w, https:\/\/tabernaculoprensadedios.com\/web\/wp-content\/uploads\/2015\/09\/DSC_0080-300x300.jpg 300w, https:\/\/tabernaculoprensadedios.com\/web\/wp-content\/uploads\/2015\/09\/DSC_0080-100x100.jpg 100w\" sizes=\"auto, (max-width: 96px) 100vw, 96px\" \/><\/a>\n\t\t\t<\/div><\/figure><figure class='gallery-item'>\n\t\t\t<div class='gallery-icon landscape'>\n\t\t\t\t<a href='https:\/\/tabernaculoprensadedios.com\/web\/despiden-con-agasajo-a-embajador-israeli-en-rd\/dsc_0084-2\/'><img loading=\"lazy\" decoding=\"async\" width=\"96\" height=\"96\" src=\"https:\/\/tabernaculoprensadedios.com\/web\/wp-content\/uploads\/2015\/09\/DSC_0084-150x150.jpg\" class=\"attachment-thumbnail size-thumbnail\" alt=\"\" srcset=\"https:\/\/tabernaculoprensadedios.com\/web\/wp-content\/uploads\/2015\/09\/DSC_0084-150x150.jpg 150w, https:\/\/tabernaculoprensadedios.com\/web\/wp-content\/uploads\/2015\/09\/DSC_0084-300x300.jpg 300w, https:\/\/tabernaculoprensadedios.com\/web\/wp-content\/uploads\/2015\/09\/DSC_0084-100x100.jpg 100w\" sizes=\"auto, (max-width: 96px) 100vw, 96px\" \/><\/a>\n\t\t\t<\/div><\/figure><figure class='gallery-item'>\n\t\t\t<div class='gallery-icon landscape'>\n\t\t\t\t<a href='https:\/\/tabernaculoprensadedios.com\/web\/despiden-con-agasajo-a-embajador-israeli-en-rd\/dsc_0100\/'><img loading=\"lazy\" decoding=\"async\" width=\"96\" height=\"96\" src=\"https:\/\/tabernaculoprensadedios.com\/web\/wp-content\/uploads\/2015\/09\/DSC_0100-150x150.jpg\" class=\"attachment-thumbnail size-thumbnail\" alt=\"\" srcset=\"https:\/\/tabernaculoprensadedios.com\/web\/wp-content\/uploads\/2015\/09\/DSC_0100-150x150.jpg 150w, https:\/\/tabernaculoprensadedios.com\/web\/wp-content\/uploads\/2015\/09\/DSC_0100-300x300.jpg 300w, https:\/\/tabernaculoprensadedios.com\/web\/wp-content\/uploads\/2015\/09\/DSC_0100-100x100.jpg 100w\" sizes=\"auto, (max-width: 96px) 100vw, 96px\" \/><\/a>\n\t\t\t<\/div><\/figure><figure class='gallery-item'>\n\t\t\t<div class='gallery-icon landscape'>\n\t\t\t\t<a href='https:\/\/tabernaculoprensadedios.com\/web\/despiden-con-agasajo-a-embajador-israeli-en-rd\/dsc_0107\/'><img loading=\"lazy\" decoding=\"async\" width=\"96\" height=\"96\" src=\"https:\/\/tabernaculoprensadedios.com\/web\/wp-content\/uploads\/2015\/09\/DSC_0107-150x150.jpg\" class=\"attachment-thumbnail size-thumbnail\" alt=\"\" srcset=\"https:\/\/tabernaculoprensadedios.com\/web\/wp-content\/uploads\/2015\/09\/DSC_0107-150x150.jpg 150w, https:\/\/tabernaculoprensadedios.com\/web\/wp-content\/uploads\/2015\/09\/DSC_0107-300x300.jpg 300w, https:\/\/tabernaculoprensadedios.com\/web\/wp-content\/uploads\/2015\/09\/DSC_0107-100x100.jpg 100w\" sizes=\"auto, (max-width: 96px) 100vw, 96px\" \/><\/a>\n\t\t\t<\/div><\/figure><figure class='gallery-item'>\n\t\t\t<div class='gallery-icon landscape'>\n\t\t\t\t<a href='https:\/\/tabernaculoprensadedios.com\/web\/despiden-con-agasajo-a-embajador-israeli-en-rd\/dsc_0115\/'><img loading=\"lazy\" decoding=\"async\" width=\"96\" height=\"96\" src=\"https:\/\/tabernaculoprensadedios.com\/web\/wp-content\/uploads\/2015\/09\/DSC_0115-150x150.jpg\" class=\"attachment-thumbnail size-thumbnail\" alt=\"\" srcset=\"https:\/\/tabernaculoprensadedios.com\/web\/wp-content\/uploads\/2015\/09\/DSC_0115-150x150.jpg 150w, https:\/\/tabernaculoprensadedios.com\/web\/wp-content\/uploads\/2015\/09\/DSC_0115-300x300.jpg 300w, https:\/\/tabernaculoprensadedios.com\/web\/wp-content\/uploads\/2015\/09\/DSC_0115-100x100.jpg 100w\" sizes=\"auto, (max-width: 96px) 100vw, 96px\" \/><\/a>\n\t\t\t<\/div><\/figure><figure class='gallery-item'>\n\t\t\t<div class='gallery-icon landscape'>\n\t\t\t\t<a href='https:\/\/tabernaculoprensadedios.com\/web\/despiden-con-agasajo-a-embajador-israeli-en-rd\/dsc_0119-2\/'><img loading=\"lazy\" decoding=\"async\" width=\"96\" height=\"96\" src=\"https:\/\/tabernaculoprensadedios.com\/web\/wp-content\/uploads\/2015\/09\/DSC_0119-150x150.jpg\" class=\"attachment-thumbnail size-thumbnail\" alt=\"\" srcset=\"https:\/\/tabernaculoprensadedios.com\/web\/wp-content\/uploads\/2015\/09\/DSC_0119-150x150.jpg 150w, https:\/\/tabernaculoprensadedios.com\/web\/wp-content\/uploads\/2015\/09\/DSC_0119-300x300.jpg 300w, https:\/\/tabernaculoprensadedios.com\/web\/wp-content\/uploads\/2015\/09\/DSC_0119-100x100.jpg 100w\" sizes=\"auto, (max-width: 96px) 100vw, 96px\" \/><\/a>\n\t\t\t<\/div><\/figure><figure class='gallery-item'>\n\t\t\t<div class='gallery-icon portrait'>\n\t\t\t\t<a href='https:\/\/tabernaculoprensadedios.com\/web\/despiden-con-agasajo-a-embajador-israeli-en-rd\/dsc_0131\/'><img loading=\"lazy\" decoding=\"async\" width=\"96\" height=\"96\" src=\"https:\/\/tabernaculoprensadedios.com\/web\/wp-content\/uploads\/2015\/09\/DSC_0131-150x150.jpg\" class=\"attachment-thumbnail size-thumbnail\" alt=\"\" srcset=\"https:\/\/tabernaculoprensadedios.com\/web\/wp-content\/uploads\/2015\/09\/DSC_0131-150x150.jpg 150w, https:\/\/tabernaculoprensadedios.com\/web\/wp-content\/uploads\/2015\/09\/DSC_0131-300x300.jpg 300w, https:\/\/tabernaculoprensadedios.com\/web\/wp-content\/uploads\/2015\/09\/DSC_0131-100x100.jpg 100w\" sizes=\"auto, (max-width: 96px) 100vw, 96px\" \/><\/a>\n\t\t\t<\/div><\/figure>\n\t\t<\/div>\n\n","protected":false},"excerpt":{"rendered":"<p>Con motivo del t\u00e9rmino de su misi\u00f3n diplom\u00e1tica en Rep\u00fablica Dominicana, despu\u00e9s de dos a\u00f1os de arduo trabajo, la C\u00e1mara de Comercio Dom\u00ednico Israel\u00ed, ofreci\u00f3 un agasajo de despedida al Embajador de Israel, se\u00f1or Bahij Mansour. La recepci\u00f3n, en honor al Embajador y a su familia, fue ofrecida en el Santo Domingo Country Club, con &hellip;<\/p>\n","protected":false},"author":1,"featured_media":2775,"comment_status":"open","ping_status":"open","sticky":false,"template":"","format":"standard","meta":{"footnotes":""},"categories":[39],"tags":[],"class_list":["post-2765","post","type-post","status-publish","format-standard","has-post-thumbnail","hentry","category-almomento"],"yoast_head":"<!-- This site is optimized with the Yoast SEO Premium plugin v24.2 (Yoast SEO v27.1.1) - https:\/\/yoast.com\/product\/yoast-seo-premium-wordpress\/ -->\n<title>Despiden con agasajo a Embajador Israel\u00ed en RD - Tabernaculo Prensa de Dios<\/title>\n<meta name=\"robots\" content=\"index, follow, max-snippet:-1, max-image-preview:large, max-video-preview:-1\" \/>\n<link rel=\"canonical\" href=\"https:\/\/tabernaculoprensadedios.com\/web\/despiden-con-agasajo-a-embajador-israeli-en-rd\/\" class=\"yoast-seo-meta-tag\" \/>\n<meta property=\"og:locale\" content=\"es_ES\" class=\"yoast-seo-meta-tag\" \/>\n<meta property=\"og:type\" content=\"article\" class=\"yoast-seo-meta-tag\" \/>\n<meta property=\"og:title\" content=\"Despiden con agasajo a Embajador Israel\u00ed en RD\" class=\"yoast-seo-meta-tag\" \/>\n<meta property=\"og:description\" content=\"Con motivo del t\u00e9rmino de su misi\u00f3n diplom\u00e1tica en Rep\u00fablica Dominicana, despu\u00e9s de dos a\u00f1os de arduo trabajo, la C\u00e1mara de Comercio Dom\u00ednico Israel\u00ed, ofreci\u00f3 un agasajo de despedida al Embajador de Israel, se\u00f1or Bahij Mansour. La recepci\u00f3n, en honor al Embajador y a su familia, fue ofrecida en el Santo Domingo Country Club, con &hellip;\" class=\"yoast-seo-meta-tag\" \/>\n<meta property=\"og:url\" content=\"https:\/\/tabernaculoprensadedios.com\/web\/despiden-con-agasajo-a-embajador-israeli-en-rd\/\" class=\"yoast-seo-meta-tag\" \/>\n<meta property=\"og:site_name\" content=\"Tabernaculo Prensa de Dios\" class=\"yoast-seo-meta-tag\" \/>\n<meta property=\"article:published_time\" content=\"2015-09-17T22:44:05+00:00\" class=\"yoast-seo-meta-tag\" \/>\n<meta property=\"article:modified_time\" content=\"2015-09-19T14:17:12+00:00\" class=\"yoast-seo-meta-tag\" \/>\n<meta property=\"og:image\" content=\"https:\/\/tabernaculoprensadedios.com\/web\/wp-content\/uploads\/2015\/09\/DSC_005035.jpg\" class=\"yoast-seo-meta-tag\" \/>\n\t<meta property=\"og:image:width\" content=\"1200\" class=\"yoast-seo-meta-tag\" \/>\n\t<meta property=\"og:image:height\" content=\"633\" class=\"yoast-seo-meta-tag\" \/>\n\t<meta property=\"og:image:type\" content=\"image\/jpeg\" class=\"yoast-seo-meta-tag\" \/>\n<meta name=\"author\" content=\"tabernaculo\" class=\"yoast-seo-meta-tag\" \/>\n<meta name=\"twitter:card\" content=\"summary_large_image\" class=\"yoast-seo-meta-tag\" \/>\n<meta name=\"twitter:creator\" content=\"@PrensadeDios\" class=\"yoast-seo-meta-tag\" \/>\n<meta name=\"twitter:site\" content=\"@PrensadeDios\" class=\"yoast-seo-meta-tag\" \/>\n<meta name=\"twitter:label1\" content=\"Escrito por\" class=\"yoast-seo-meta-tag\" \/>\n\t<meta name=\"twitter:data1\" content=\"tabernaculo\" class=\"yoast-seo-meta-tag\" \/>\n\t<meta name=\"twitter:label2\" content=\"Tiempo de lectura\" class=\"yoast-seo-meta-tag\" \/>\n\t<meta name=\"twitter:data2\" content=\"4 minutos\" class=\"yoast-seo-meta-tag\" \/>\n<script type=\"application\/ld+json\" class=\"yoast-schema-graph\">{\"@context\":\"https:\/\/schema.org\",\"@graph\":[{\"@type\":\"Article\",\"@id\":\"https:\/\/tabernaculoprensadedios.com\/web\/despiden-con-agasajo-a-embajador-israeli-en-rd\/#article\",\"isPartOf\":{\"@id\":\"https:\/\/tabernaculoprensadedios.com\/web\/despiden-con-agasajo-a-embajador-israeli-en-rd\/\"},\"author\":{\"name\":\"tabernaculo\",\"@id\":\"https:\/\/tabernaculoprensadedios.com\/web\/#\/schema\/person\/bc0e069fef56b38e177db6f098ae0b6e\"},\"headline\":\"Despiden con agasajo a Embajador Israel\u00ed en RD\",\"datePublished\":\"2015-09-17T22:44:05+00:00\",\"dateModified\":\"2015-09-19T14:17:12+00:00\",\"mainEntityOfPage\":{\"@id\":\"https:\/\/tabernaculoprensadedios.com\/web\/despiden-con-agasajo-a-embajador-israeli-en-rd\/\"},\"wordCount\":742,\"commentCount\":0,\"publisher\":{\"@id\":\"https:\/\/tabernaculoprensadedios.com\/web\/#\/schema\/person\/bc0e069fef56b38e177db6f098ae0b6e\"},\"image\":{\"@id\":\"https:\/\/tabernaculoprensadedios.com\/web\/despiden-con-agasajo-a-embajador-israeli-en-rd\/#primaryimage\"},\"thumbnailUrl\":\"https:\/\/tabernaculoprensadedios.com\/web\/wp-content\/uploads\/2015\/09\/DSC_005035.jpg\",\"articleSection\":[\"almomento\"],\"inLanguage\":\"es\",\"potentialAction\":[{\"@type\":\"CommentAction\",\"name\":\"Comment\",\"target\":[\"https:\/\/tabernaculoprensadedios.com\/web\/despiden-con-agasajo-a-embajador-israeli-en-rd\/#respond\"]}]},{\"@type\":\"WebPage\",\"@id\":\"https:\/\/tabernaculoprensadedios.com\/web\/despiden-con-agasajo-a-embajador-israeli-en-rd\/\",\"url\":\"https:\/\/tabernaculoprensadedios.com\/web\/despiden-con-agasajo-a-embajador-israeli-en-rd\/\",\"name\":\"Despiden con agasajo a Embajador Israel\u00ed en RD - Tabernaculo Prensa de Dios\",\"isPartOf\":{\"@id\":\"https:\/\/tabernaculoprensadedios.com\/web\/#website\"},\"primaryImageOfPage\":{\"@id\":\"https:\/\/tabernaculoprensadedios.com\/web\/despiden-con-agasajo-a-embajador-israeli-en-rd\/#primaryimage\"},\"image\":{\"@id\":\"https:\/\/tabernaculoprensadedios.com\/web\/despiden-con-agasajo-a-embajador-israeli-en-rd\/#primaryimage\"},\"thumbnailUrl\":\"https:\/\/tabernaculoprensadedios.com\/web\/wp-content\/uploads\/2015\/09\/DSC_005035.jpg\",\"datePublished\":\"2015-09-17T22:44:05+00:00\",\"dateModified\":\"2015-09-19T14:17:12+00:00\",\"breadcrumb\":{\"@id\":\"https:\/\/tabernaculoprensadedios.com\/web\/despiden-con-agasajo-a-embajador-israeli-en-rd\/#breadcrumb\"},\"inLanguage\":\"es\",\"potentialAction\":[{\"@type\":\"ReadAction\",\"target\":[\"https:\/\/tabernaculoprensadedios.com\/web\/despiden-con-agasajo-a-embajador-israeli-en-rd\/\"]}]},{\"@type\":\"ImageObject\",\"inLanguage\":\"es\",\"@id\":\"https:\/\/tabernaculoprensadedios.com\/web\/despiden-con-agasajo-a-embajador-israeli-en-rd\/#primaryimage\",\"url\":\"https:\/\/tabernaculoprensadedios.com\/web\/wp-content\/uploads\/2015\/09\/DSC_005035.jpg\",\"contentUrl\":\"https:\/\/tabernaculoprensadedios.com\/web\/wp-content\/uploads\/2015\/09\/DSC_005035.jpg\",\"width\":1200,\"height\":633},{\"@type\":\"BreadcrumbList\",\"@id\":\"https:\/\/tabernaculoprensadedios.com\/web\/despiden-con-agasajo-a-embajador-israeli-en-rd\/#breadcrumb\",\"itemListElement\":[{\"@type\":\"ListItem\",\"position\":1,\"name\":\"Portada\",\"item\":\"https:\/\/tabernaculoprensadedios.com\/web\/\"},{\"@type\":\"ListItem\",\"position\":2,\"name\":\"Despiden con agasajo a Embajador Israel\u00ed en RD\"}]},{\"@type\":\"WebSite\",\"@id\":\"https:\/\/tabernaculoprensadedios.com\/web\/#website\",\"url\":\"https:\/\/tabernaculoprensadedios.com\/web\/\",\"name\":\"Tabernaculo Prensa de Dios\",\"description\":\"Un medio a la manera de Dios\",\"publisher\":{\"@id\":\"https:\/\/tabernaculoprensadedios.com\/web\/#\/schema\/person\/bc0e069fef56b38e177db6f098ae0b6e\"},\"potentialAction\":[{\"@type\":\"SearchAction\",\"target\":{\"@type\":\"EntryPoint\",\"urlTemplate\":\"https:\/\/tabernaculoprensadedios.com\/web\/?s={search_term_string}\"},\"query-input\":{\"@type\":\"PropertyValueSpecification\",\"valueRequired\":true,\"valueName\":\"search_term_string\"}}],\"inLanguage\":\"es\"},{\"@type\":[\"Person\",\"Organization\"],\"@id\":\"https:\/\/tabernaculoprensadedios.com\/web\/#\/schema\/person\/bc0e069fef56b38e177db6f098ae0b6e\",\"name\":\"tabernaculo\",\"image\":{\"@type\":\"ImageObject\",\"inLanguage\":\"es\",\"@id\":\"https:\/\/tabernaculoprensadedios.com\/web\/#\/schema\/person\/image\/\",\"url\":\"https:\/\/tabernaculoprensadedios.com\/web\/wp-content\/uploads\/2015\/06\/login-logo1.png\",\"contentUrl\":\"https:\/\/tabernaculoprensadedios.com\/web\/wp-content\/uploads\/2015\/06\/login-logo1.png\",\"width\":300,\"height\":118,\"caption\":\"tabernaculo\"},\"logo\":{\"@id\":\"https:\/\/tabernaculoprensadedios.com\/web\/#\/schema\/person\/image\/\"},\"url\":\"https:\/\/tabernaculoprensadedios.com\/web\/author\/tabernaculo\/\"}]}<\/script>\n<!-- \/ Yoast SEO Premium plugin. -->","yoast_head_json":{"title":"Despiden con agasajo a Embajador Israel\u00ed en RD - Tabernaculo Prensa de Dios","robots":{"index":"index","follow":"follow","max-snippet":"max-snippet:-1","max-image-preview":"max-image-preview:large","max-video-preview":"max-video-preview:-1"},"canonical":"https:\/\/tabernaculoprensadedios.com\/web\/despiden-con-agasajo-a-embajador-israeli-en-rd\/","og_locale":"es_ES","og_type":"article","og_title":"Despiden con agasajo a Embajador Israel\u00ed en RD","og_description":"Con motivo del t\u00e9rmino de su misi\u00f3n diplom\u00e1tica en Rep\u00fablica Dominicana, despu\u00e9s de dos a\u00f1os de arduo trabajo, la C\u00e1mara de Comercio Dom\u00ednico Israel\u00ed, ofreci\u00f3 un agasajo de despedida al Embajador de Israel, se\u00f1or Bahij Mansour. La recepci\u00f3n, en honor al Embajador y a su familia, fue ofrecida en el Santo Domingo Country Club, con &hellip;","og_url":"https:\/\/tabernaculoprensadedios.com\/web\/despiden-con-agasajo-a-embajador-israeli-en-rd\/","og_site_name":"Tabernaculo Prensa de Dios","article_published_time":"2015-09-17T22:44:05+00:00","article_modified_time":"2015-09-19T14:17:12+00:00","og_image":[{"width":1200,"height":633,"url":"https:\/\/tabernaculoprensadedios.com\/web\/wp-content\/uploads\/2015\/09\/DSC_005035.jpg","type":"image\/jpeg"}],"author":"tabernaculo","twitter_card":"summary_large_image","twitter_creator":"@PrensadeDios","twitter_site":"@PrensadeDios","twitter_misc":{"Escrito por":"tabernaculo","Tiempo de lectura":"4 minutos"},"schema":{"@context":"https:\/\/schema.org","@graph":[{"@type":"Article","@id":"https:\/\/tabernaculoprensadedios.com\/web\/despiden-con-agasajo-a-embajador-israeli-en-rd\/#article","isPartOf":{"@id":"https:\/\/tabernaculoprensadedios.com\/web\/despiden-con-agasajo-a-embajador-israeli-en-rd\/"},"author":{"name":"tabernaculo","@id":"https:\/\/tabernaculoprensadedios.com\/web\/#\/schema\/person\/bc0e069fef56b38e177db6f098ae0b6e"},"headline":"Despiden con agasajo a Embajador Israel\u00ed en RD","datePublished":"2015-09-17T22:44:05+00:00","dateModified":"2015-09-19T14:17:12+00:00","mainEntityOfPage":{"@id":"https:\/\/tabernaculoprensadedios.com\/web\/despiden-con-agasajo-a-embajador-israeli-en-rd\/"},"wordCount":742,"commentCount":0,"publisher":{"@id":"https:\/\/tabernaculoprensadedios.com\/web\/#\/schema\/person\/bc0e069fef56b38e177db6f098ae0b6e"},"image":{"@id":"https:\/\/tabernaculoprensadedios.com\/web\/despiden-con-agasajo-a-embajador-israeli-en-rd\/#primaryimage"},"thumbnailUrl":"https:\/\/tabernaculoprensadedios.com\/web\/wp-content\/uploads\/2015\/09\/DSC_005035.jpg","articleSection":["almomento"],"inLanguage":"es","potentialAction":[{"@type":"CommentAction","name":"Comment","target":["https:\/\/tabernaculoprensadedios.com\/web\/despiden-con-agasajo-a-embajador-israeli-en-rd\/#respond"]}]},{"@type":"WebPage","@id":"https:\/\/tabernaculoprensadedios.com\/web\/despiden-con-agasajo-a-embajador-israeli-en-rd\/","url":"https:\/\/tabernaculoprensadedios.com\/web\/despiden-con-agasajo-a-embajador-israeli-en-rd\/","name":"Despiden con agasajo a Embajador Israel\u00ed en RD - Tabernaculo Prensa de Dios","isPartOf":{"@id":"https:\/\/tabernaculoprensadedios.com\/web\/#website"},"primaryImageOfPage":{"@id":"https:\/\/tabernaculoprensadedios.com\/web\/despiden-con-agasajo-a-embajador-israeli-en-rd\/#primaryimage"},"image":{"@id":"https:\/\/tabernaculoprensadedios.com\/web\/despiden-con-agasajo-a-embajador-israeli-en-rd\/#primaryimage"},"thumbnailUrl":"https:\/\/tabernaculoprensadedios.com\/web\/wp-content\/uploads\/2015\/09\/DSC_005035.jpg","datePublished":"2015-09-17T22:44:05+00:00","dateModified":"2015-09-19T14:17:12+00:00","breadcrumb":{"@id":"https:\/\/tabernaculoprensadedios.com\/web\/despiden-con-agasajo-a-embajador-israeli-en-rd\/#breadcrumb"},"inLanguage":"es","potentialAction":[{"@type":"ReadAction","target":["https:\/\/tabernaculoprensadedios.com\/web\/despiden-con-agasajo-a-embajador-israeli-en-rd\/"]}]},{"@type":"ImageObject","inLanguage":"es","@id":"https:\/\/tabernaculoprensadedios.com\/web\/despiden-con-agasajo-a-embajador-israeli-en-rd\/#primaryimage","url":"https:\/\/tabernaculoprensadedios.com\/web\/wp-content\/uploads\/2015\/09\/DSC_005035.jpg","contentUrl":"https:\/\/tabernaculoprensadedios.com\/web\/wp-content\/uploads\/2015\/09\/DSC_005035.jpg","width":1200,"height":633},{"@type":"BreadcrumbList","@id":"https:\/\/tabernaculoprensadedios.com\/web\/despiden-con-agasajo-a-embajador-israeli-en-rd\/#breadcrumb","itemListElement":[{"@type":"ListItem","position":1,"name":"Portada","item":"https:\/\/tabernaculoprensadedios.com\/web\/"},{"@type":"ListItem","position":2,"name":"Despiden con agasajo a Embajador Israel\u00ed en RD"}]},{"@type":"WebSite","@id":"https:\/\/tabernaculoprensadedios.com\/web\/#website","url":"https:\/\/tabernaculoprensadedios.com\/web\/","name":"Tabernaculo Prensa de Dios","description":"Un medio a la manera de Dios","publisher":{"@id":"https:\/\/tabernaculoprensadedios.com\/web\/#\/schema\/person\/bc0e069fef56b38e177db6f098ae0b6e"},"potentialAction":[{"@type":"SearchAction","target":{"@type":"EntryPoint","urlTemplate":"https:\/\/tabernaculoprensadedios.com\/web\/?s={search_term_string}"},"query-input":{"@type":"PropertyValueSpecification","valueRequired":true,"valueName":"search_term_string"}}],"inLanguage":"es"},{"@type":["Person","Organization"],"@id":"https:\/\/tabernaculoprensadedios.com\/web\/#\/schema\/person\/bc0e069fef56b38e177db6f098ae0b6e","name":"tabernaculo","image":{"@type":"ImageObject","inLanguage":"es","@id":"https:\/\/tabernaculoprensadedios.com\/web\/#\/schema\/person\/image\/","url":"https:\/\/tabernaculoprensadedios.com\/web\/wp-content\/uploads\/2015\/06\/login-logo1.png","contentUrl":"https:\/\/tabernaculoprensadedios.com\/web\/wp-content\/uploads\/2015\/06\/login-logo1.png","width":300,"height":118,"caption":"tabernaculo"},"logo":{"@id":"https:\/\/tabernaculoprensadedios.com\/web\/#\/schema\/person\/image\/"},"url":"https:\/\/tabernaculoprensadedios.com\/web\/author\/tabernaculo\/"}]}},"_links":{"self":[{"href":"https:\/\/tabernaculoprensadedios.com\/web\/wp-json\/wp\/v2\/posts\/2765","targetHints":{"allow":["GET"]}}],"collection":[{"href":"https:\/\/tabernaculoprensadedios.com\/web\/wp-json\/wp\/v2\/posts"}],"about":[{"href":"https:\/\/tabernaculoprensadedios.com\/web\/wp-json\/wp\/v2\/types\/post"}],"author":[{"embeddable":true,"href":"https:\/\/tabernaculoprensadedios.com\/web\/wp-json\/wp\/v2\/users\/1"}],"replies":[{"embeddable":true,"href":"https:\/\/tabernaculoprensadedios.com\/web\/wp-json\/wp\/v2\/comments?post=2765"}],"version-history":[{"count":3,"href":"https:\/\/tabernaculoprensadedios.com\/web\/wp-json\/wp\/v2\/posts\/2765\/revisions"}],"predecessor-version":[{"id":2789,"href":"https:\/\/tabernaculoprensadedios.com\/web\/wp-json\/wp\/v2\/posts\/2765\/revisions\/2789"}],"wp:featuredmedia":[{"embeddable":true,"href":"https:\/\/tabernaculoprensadedios.com\/web\/wp-json\/wp\/v2\/media\/2775"}],"wp:attachment":[{"href":"https:\/\/tabernaculoprensadedios.com\/web\/wp-json\/wp\/v2\/media?parent=2765"}],"wp:term":[{"taxonomy":"category","embeddable":true,"href":"https:\/\/tabernaculoprensadedios.com\/web\/wp-json\/wp\/v2\/categories?post=2765"},{"taxonomy":"post_tag","embeddable":true,"href":"https:\/\/tabernaculoprensadedios.com\/web\/wp-json\/wp\/v2\/tags?post=2765"}],"curies":[{"name":"wp","href":"https:\/\/api.w.org\/{rel}","templated":true}]}}