{"id":26756,"date":"2022-12-05T17:52:39","date_gmt":"2022-12-05T17:52:39","guid":{"rendered":"https:\/\/tabernaculoprensadedios.com\/web\/?p=26756"},"modified":"2022-12-05T17:52:39","modified_gmt":"2022-12-05T17:52:39","slug":"liga-biblica-inaugura-nuevo-local","status":"publish","type":"post","link":"https:\/\/tabernaculoprensadedios.com\/web\/liga-biblica-inaugura-nuevo-local\/","title":{"rendered":"Liga b\u00edblica inaugura nuevo local"},"content":{"rendered":"<p>La Liga B\u00edblica Mundial y del Hogar dio apertura el pasado 30 de noviembre a su nuevo local ubicado en la 27 de Febrero esquina Abraham Lincoln, con el prop\u00f3sito de estar m\u00e1s cerca de las congregaciones cristianas y brindarles un mejor servicio para cumplir su misi\u00f3n del evangelio en el pol\u00edgono Central de Santo Domingo.<\/p>\n<p>La ceremonia estuvo encabezada por el pastor Marie Pierre Philippe Phillips, que la Liga B\u00edblica estar\u00e1 facilitando y acompa\u00f1ando a las iglesias de la zona en la capacitaci\u00f3n y distribuci\u00f3n de literaturas cristianas.<\/p>\n<p>\u201cPara as\u00ed estar m\u00e1s cerca de las iglesias y brindarles un mejor servicio, como siempre lo hemos hecho, estamos nuevamente aqu\u00ed en Unicentro plaza, ahora con m\u00e1s facilidades estaremos acompa\u00f1ando a las iglesias y ministerios en la capacitaci\u00f3n y distribuci\u00f3n de literaturas cristianas\u201d, manifest\u00f3 el pastor Philippe.<\/p>\n<p>Al acto de inauguraci\u00f3n de la nueva tienda, asistieron pastores de diferentes denominaciones, entre los cuales el pastor Samuel Guzm\u00e1n, director ejecutivo de la Mesa de Dialogo, quien se refiri\u00f3 a la importancia que tiene la apertura de este local para apoyar a las iglesias que est\u00e1n instaladas en esta \u00e1rea.<\/p>\n<p>\u201cEsperamos que las congregaciones de esta zona concurran al nuevo local de la Liga B\u00edblica para aprovechar sus capacitaciones en discipulado y plantaci\u00f3n de iglesias, adem\u00e1s de\u00a0\u00a0 los materiales b\u00edblicos que tiene a su disposici\u00f3n\u201d, a\u00f1adi\u00f3 el tambi\u00e9n director del peri\u00f3dico Evidencias.<\/p>\n<p>Presentes, adem\u00e1s, el pastor Leonel Charles, representante de la Iglesia Pinellas Christian Center, Saint Petersburg. FL.; el escritor Tomas G\u00f3mez Bueno; el int\u00e9rprete de m\u00fasica urbana Natanael Philippe, (Nat\u00e1n el Profeta) y otras personalidades legadas al quehacer evang\u00e9lico.<\/p>\n<p><strong>Liga B\u00edblica Mundial y del Hogar<br \/>\n<\/strong><a href=\"https:\/\/tabernaculoprensadedios.com\/web\/wp-content\/uploads\/2022\/12\/director-de-Liga-Biblica-.jpeg\"><img loading=\"lazy\" decoding=\"async\" class=\"alignright wp-image-26758 size-medium\" src=\"https:\/\/tabernaculoprensadedios.com\/web\/wp-content\/uploads\/2022\/12\/director-de-Liga-Biblica--300x276.jpeg\" alt=\"\" width=\"300\" height=\"276\" srcset=\"https:\/\/tabernaculoprensadedios.com\/web\/wp-content\/uploads\/2022\/12\/director-de-Liga-Biblica--300x276.jpeg 300w, https:\/\/tabernaculoprensadedios.com\/web\/wp-content\/uploads\/2022\/12\/director-de-Liga-Biblica--600x551.jpeg 600w, https:\/\/tabernaculoprensadedios.com\/web\/wp-content\/uploads\/2022\/12\/director-de-Liga-Biblica--768x706.jpeg 768w, https:\/\/tabernaculoprensadedios.com\/web\/wp-content\/uploads\/2022\/12\/director-de-Liga-Biblica--457x420.jpeg 457w, https:\/\/tabernaculoprensadedios.com\/web\/wp-content\/uploads\/2022\/12\/director-de-Liga-Biblica--640x588.jpeg 640w, https:\/\/tabernaculoprensadedios.com\/web\/wp-content\/uploads\/2022\/12\/director-de-Liga-Biblica--681x626.jpeg 681w, https:\/\/tabernaculoprensadedios.com\/web\/wp-content\/uploads\/2022\/12\/director-de-Liga-Biblica-.jpeg 852w\" sizes=\"auto, (max-width: 300px) 100vw, 300px\" \/><\/a>Es un ministerio de car\u00e1cter cristiano que inicia sus operaciones en la d\u00e9cada de los a\u00f1os 1990, ofreciendo a las congregaciones herramientas para el discipulado y la evangelizaci\u00f3n.<\/p>\n<p>Entre lo que se destaca el denominado \u201cProyecto Felipe\u201d, un programa organizado, met\u00f3dico y muy sencillo dise\u00f1ado para ense\u00f1arles a los miembros de las congregaciones la tarea del evangelismo y discipulado para el crecimiento de la Iglesia.<\/p>\n<p>Se mencionan tambi\u00e9n el proyecto \u201cFelipe Infantil\u201d, dirigido a las iglesias que quieren llevar la Palabra de Dios a los ni\u00f1os y ni\u00f1as. E s una estrategia de disciplinado para cubrir la necesidad del evangelismo infantil.<\/p>\n<p>Adem\u00e1s, Liga B\u00edblica, cuenta tambi\u00e9n con el Instituto Sembradores de Iglesias (ISI).\u00a0 entrenamiento compuesto por m\u00f3dulos, que requiere un compromiso a largo del plazo del \u201csembrador (a)\u201d<\/p>\n<p>Cada m\u00f3dulo cubre parte del proceso y se espera que los estudiantes cumplan ciertas metas ante de que regresen al siguiente m\u00f3dulo despu\u00e9s de tres meses.\u00a0 El programa dura un a\u00f1o y cuatro meses hasta la graduaci\u00f3n.<\/p>\n","protected":false},"excerpt":{"rendered":"<p>La Liga B\u00edblica Mundial y del Hogar dio apertura el pasado 30 de noviembre a su nuevo local ubicado en la 27 de Febrero esquina Abraham Lincoln, con el prop\u00f3sito de estar m\u00e1s cerca de las congregaciones cristianas y brindarles un mejor servicio para cumplir su misi\u00f3n del evangelio en el pol\u00edgono Central de Santo &hellip;<\/p>\n","protected":false},"author":1,"featured_media":26757,"comment_status":"open","ping_status":"open","sticky":false,"template":"","format":"standard","meta":{"footnotes":""},"categories":[39],"tags":[],"class_list":["post-26756","post","type-post","status-publish","format-standard","has-post-thumbnail","hentry","category-almomento"],"yoast_head":"<!-- This site is optimized with the Yoast SEO Premium plugin v24.2 (Yoast SEO v27.1.1) - https:\/\/yoast.com\/product\/yoast-seo-premium-wordpress\/ -->\n<title>Liga b\u00edblica inaugura nuevo local - Tabernaculo Prensa de Dios<\/title>\n<meta name=\"robots\" content=\"index, follow, max-snippet:-1, max-image-preview:large, max-video-preview:-1\" \/>\n<link rel=\"canonical\" href=\"https:\/\/tabernaculoprensadedios.com\/web\/liga-biblica-inaugura-nuevo-local\/\" class=\"yoast-seo-meta-tag\" \/>\n<meta property=\"og:locale\" content=\"es_ES\" class=\"yoast-seo-meta-tag\" \/>\n<meta property=\"og:type\" content=\"article\" class=\"yoast-seo-meta-tag\" \/>\n<meta property=\"og:title\" content=\"Liga b\u00edblica inaugura nuevo local\" class=\"yoast-seo-meta-tag\" \/>\n<meta property=\"og:description\" content=\"La Liga B\u00edblica Mundial y del Hogar dio apertura el pasado 30 de noviembre a su nuevo local ubicado en la 27 de Febrero esquina Abraham Lincoln, con el prop\u00f3sito de estar m\u00e1s cerca de las congregaciones cristianas y brindarles un mejor servicio para cumplir su misi\u00f3n del evangelio en el pol\u00edgono Central de Santo &hellip;\" class=\"yoast-seo-meta-tag\" \/>\n<meta property=\"og:url\" content=\"https:\/\/tabernaculoprensadedios.com\/web\/liga-biblica-inaugura-nuevo-local\/\" class=\"yoast-seo-meta-tag\" \/>\n<meta property=\"og:site_name\" content=\"Tabernaculo Prensa de Dios\" class=\"yoast-seo-meta-tag\" \/>\n<meta property=\"article:published_time\" content=\"2022-12-05T17:52:39+00:00\" class=\"yoast-seo-meta-tag\" \/>\n<meta property=\"og:image\" content=\"https:\/\/tabernaculoprensadedios.com\/web\/wp-content\/uploads\/2022\/12\/foto-de-la-inauguracion.jpeg\" class=\"yoast-seo-meta-tag\" \/>\n\t<meta property=\"og:image:width\" content=\"953\" class=\"yoast-seo-meta-tag\" \/>\n\t<meta property=\"og:image:height\" content=\"823\" class=\"yoast-seo-meta-tag\" \/>\n\t<meta property=\"og:image:type\" content=\"image\/jpeg\" class=\"yoast-seo-meta-tag\" \/>\n<meta name=\"author\" content=\"tabernaculo\" class=\"yoast-seo-meta-tag\" \/>\n<meta name=\"twitter:card\" content=\"summary_large_image\" class=\"yoast-seo-meta-tag\" \/>\n<meta name=\"twitter:creator\" content=\"@PrensadeDios\" class=\"yoast-seo-meta-tag\" \/>\n<meta name=\"twitter:site\" content=\"@PrensadeDios\" class=\"yoast-seo-meta-tag\" \/>\n<meta name=\"twitter:label1\" content=\"Escrito por\" class=\"yoast-seo-meta-tag\" \/>\n\t<meta name=\"twitter:data1\" content=\"tabernaculo\" class=\"yoast-seo-meta-tag\" \/>\n\t<meta name=\"twitter:label2\" content=\"Tiempo de lectura\" class=\"yoast-seo-meta-tag\" \/>\n\t<meta name=\"twitter:data2\" content=\"2 minutos\" class=\"yoast-seo-meta-tag\" \/>\n<script type=\"application\/ld+json\" class=\"yoast-schema-graph\">{\"@context\":\"https:\/\/schema.org\",\"@graph\":[{\"@type\":\"Article\",\"@id\":\"https:\/\/tabernaculoprensadedios.com\/web\/liga-biblica-inaugura-nuevo-local\/#article\",\"isPartOf\":{\"@id\":\"https:\/\/tabernaculoprensadedios.com\/web\/liga-biblica-inaugura-nuevo-local\/\"},\"author\":{\"name\":\"tabernaculo\",\"@id\":\"https:\/\/tabernaculoprensadedios.com\/web\/#\/schema\/person\/bc0e069fef56b38e177db6f098ae0b6e\"},\"headline\":\"Liga b\u00edblica inaugura nuevo local\",\"datePublished\":\"2022-12-05T17:52:39+00:00\",\"mainEntityOfPage\":{\"@id\":\"https:\/\/tabernaculoprensadedios.com\/web\/liga-biblica-inaugura-nuevo-local\/\"},\"wordCount\":492,\"commentCount\":0,\"publisher\":{\"@id\":\"https:\/\/tabernaculoprensadedios.com\/web\/#\/schema\/person\/bc0e069fef56b38e177db6f098ae0b6e\"},\"image\":{\"@id\":\"https:\/\/tabernaculoprensadedios.com\/web\/liga-biblica-inaugura-nuevo-local\/#primaryimage\"},\"thumbnailUrl\":\"https:\/\/tabernaculoprensadedios.com\/web\/wp-content\/uploads\/2022\/12\/foto-de-la-inauguracion.jpeg\",\"articleSection\":[\"almomento\"],\"inLanguage\":\"es\",\"potentialAction\":[{\"@type\":\"CommentAction\",\"name\":\"Comment\",\"target\":[\"https:\/\/tabernaculoprensadedios.com\/web\/liga-biblica-inaugura-nuevo-local\/#respond\"]}]},{\"@type\":\"WebPage\",\"@id\":\"https:\/\/tabernaculoprensadedios.com\/web\/liga-biblica-inaugura-nuevo-local\/\",\"url\":\"https:\/\/tabernaculoprensadedios.com\/web\/liga-biblica-inaugura-nuevo-local\/\",\"name\":\"Liga b\u00edblica inaugura nuevo local - Tabernaculo Prensa de Dios\",\"isPartOf\":{\"@id\":\"https:\/\/tabernaculoprensadedios.com\/web\/#website\"},\"primaryImageOfPage\":{\"@id\":\"https:\/\/tabernaculoprensadedios.com\/web\/liga-biblica-inaugura-nuevo-local\/#primaryimage\"},\"image\":{\"@id\":\"https:\/\/tabernaculoprensadedios.com\/web\/liga-biblica-inaugura-nuevo-local\/#primaryimage\"},\"thumbnailUrl\":\"https:\/\/tabernaculoprensadedios.com\/web\/wp-content\/uploads\/2022\/12\/foto-de-la-inauguracion.jpeg\",\"datePublished\":\"2022-12-05T17:52:39+00:00\",\"breadcrumb\":{\"@id\":\"https:\/\/tabernaculoprensadedios.com\/web\/liga-biblica-inaugura-nuevo-local\/#breadcrumb\"},\"inLanguage\":\"es\",\"potentialAction\":[{\"@type\":\"ReadAction\",\"target\":[\"https:\/\/tabernaculoprensadedios.com\/web\/liga-biblica-inaugura-nuevo-local\/\"]}]},{\"@type\":\"ImageObject\",\"inLanguage\":\"es\",\"@id\":\"https:\/\/tabernaculoprensadedios.com\/web\/liga-biblica-inaugura-nuevo-local\/#primaryimage\",\"url\":\"https:\/\/tabernaculoprensadedios.com\/web\/wp-content\/uploads\/2022\/12\/foto-de-la-inauguracion.jpeg\",\"contentUrl\":\"https:\/\/tabernaculoprensadedios.com\/web\/wp-content\/uploads\/2022\/12\/foto-de-la-inauguracion.jpeg\",\"width\":953,\"height\":823},{\"@type\":\"BreadcrumbList\",\"@id\":\"https:\/\/tabernaculoprensadedios.com\/web\/liga-biblica-inaugura-nuevo-local\/#breadcrumb\",\"itemListElement\":[{\"@type\":\"ListItem\",\"position\":1,\"name\":\"Portada\",\"item\":\"https:\/\/tabernaculoprensadedios.com\/web\/\"},{\"@type\":\"ListItem\",\"position\":2,\"name\":\"Liga b\u00edblica inaugura nuevo local\"}]},{\"@type\":\"WebSite\",\"@id\":\"https:\/\/tabernaculoprensadedios.com\/web\/#website\",\"url\":\"https:\/\/tabernaculoprensadedios.com\/web\/\",\"name\":\"Tabernaculo Prensa de Dios\",\"description\":\"Un medio a la manera de Dios\",\"publisher\":{\"@id\":\"https:\/\/tabernaculoprensadedios.com\/web\/#\/schema\/person\/bc0e069fef56b38e177db6f098ae0b6e\"},\"potentialAction\":[{\"@type\":\"SearchAction\",\"target\":{\"@type\":\"EntryPoint\",\"urlTemplate\":\"https:\/\/tabernaculoprensadedios.com\/web\/?s={search_term_string}\"},\"query-input\":{\"@type\":\"PropertyValueSpecification\",\"valueRequired\":true,\"valueName\":\"search_term_string\"}}],\"inLanguage\":\"es\"},{\"@type\":[\"Person\",\"Organization\"],\"@id\":\"https:\/\/tabernaculoprensadedios.com\/web\/#\/schema\/person\/bc0e069fef56b38e177db6f098ae0b6e\",\"name\":\"tabernaculo\",\"image\":{\"@type\":\"ImageObject\",\"inLanguage\":\"es\",\"@id\":\"https:\/\/tabernaculoprensadedios.com\/web\/#\/schema\/person\/image\/\",\"url\":\"https:\/\/tabernaculoprensadedios.com\/web\/wp-content\/uploads\/2015\/06\/login-logo1.png\",\"contentUrl\":\"https:\/\/tabernaculoprensadedios.com\/web\/wp-content\/uploads\/2015\/06\/login-logo1.png\",\"width\":300,\"height\":118,\"caption\":\"tabernaculo\"},\"logo\":{\"@id\":\"https:\/\/tabernaculoprensadedios.com\/web\/#\/schema\/person\/image\/\"},\"url\":\"https:\/\/tabernaculoprensadedios.com\/web\/author\/tabernaculo\/\"}]}<\/script>\n<!-- \/ Yoast SEO Premium plugin. -->","yoast_head_json":{"title":"Liga b\u00edblica inaugura nuevo local - Tabernaculo Prensa de Dios","robots":{"index":"index","follow":"follow","max-snippet":"max-snippet:-1","max-image-preview":"max-image-preview:large","max-video-preview":"max-video-preview:-1"},"canonical":"https:\/\/tabernaculoprensadedios.com\/web\/liga-biblica-inaugura-nuevo-local\/","og_locale":"es_ES","og_type":"article","og_title":"Liga b\u00edblica inaugura nuevo local","og_description":"La Liga B\u00edblica Mundial y del Hogar dio apertura el pasado 30 de noviembre a su nuevo local ubicado en la 27 de Febrero esquina Abraham Lincoln, con el prop\u00f3sito de estar m\u00e1s cerca de las congregaciones cristianas y brindarles un mejor servicio para cumplir su misi\u00f3n del evangelio en el pol\u00edgono Central de Santo &hellip;","og_url":"https:\/\/tabernaculoprensadedios.com\/web\/liga-biblica-inaugura-nuevo-local\/","og_site_name":"Tabernaculo Prensa de Dios","article_published_time":"2022-12-05T17:52:39+00:00","og_image":[{"width":953,"height":823,"url":"https:\/\/tabernaculoprensadedios.com\/web\/wp-content\/uploads\/2022\/12\/foto-de-la-inauguracion.jpeg","type":"image\/jpeg"}],"author":"tabernaculo","twitter_card":"summary_large_image","twitter_creator":"@PrensadeDios","twitter_site":"@PrensadeDios","twitter_misc":{"Escrito por":"tabernaculo","Tiempo de lectura":"2 minutos"},"schema":{"@context":"https:\/\/schema.org","@graph":[{"@type":"Article","@id":"https:\/\/tabernaculoprensadedios.com\/web\/liga-biblica-inaugura-nuevo-local\/#article","isPartOf":{"@id":"https:\/\/tabernaculoprensadedios.com\/web\/liga-biblica-inaugura-nuevo-local\/"},"author":{"name":"tabernaculo","@id":"https:\/\/tabernaculoprensadedios.com\/web\/#\/schema\/person\/bc0e069fef56b38e177db6f098ae0b6e"},"headline":"Liga b\u00edblica inaugura nuevo local","datePublished":"2022-12-05T17:52:39+00:00","mainEntityOfPage":{"@id":"https:\/\/tabernaculoprensadedios.com\/web\/liga-biblica-inaugura-nuevo-local\/"},"wordCount":492,"commentCount":0,"publisher":{"@id":"https:\/\/tabernaculoprensadedios.com\/web\/#\/schema\/person\/bc0e069fef56b38e177db6f098ae0b6e"},"image":{"@id":"https:\/\/tabernaculoprensadedios.com\/web\/liga-biblica-inaugura-nuevo-local\/#primaryimage"},"thumbnailUrl":"https:\/\/tabernaculoprensadedios.com\/web\/wp-content\/uploads\/2022\/12\/foto-de-la-inauguracion.jpeg","articleSection":["almomento"],"inLanguage":"es","potentialAction":[{"@type":"CommentAction","name":"Comment","target":["https:\/\/tabernaculoprensadedios.com\/web\/liga-biblica-inaugura-nuevo-local\/#respond"]}]},{"@type":"WebPage","@id":"https:\/\/tabernaculoprensadedios.com\/web\/liga-biblica-inaugura-nuevo-local\/","url":"https:\/\/tabernaculoprensadedios.com\/web\/liga-biblica-inaugura-nuevo-local\/","name":"Liga b\u00edblica inaugura nuevo local - Tabernaculo Prensa de Dios","isPartOf":{"@id":"https:\/\/tabernaculoprensadedios.com\/web\/#website"},"primaryImageOfPage":{"@id":"https:\/\/tabernaculoprensadedios.com\/web\/liga-biblica-inaugura-nuevo-local\/#primaryimage"},"image":{"@id":"https:\/\/tabernaculoprensadedios.com\/web\/liga-biblica-inaugura-nuevo-local\/#primaryimage"},"thumbnailUrl":"https:\/\/tabernaculoprensadedios.com\/web\/wp-content\/uploads\/2022\/12\/foto-de-la-inauguracion.jpeg","datePublished":"2022-12-05T17:52:39+00:00","breadcrumb":{"@id":"https:\/\/tabernaculoprensadedios.com\/web\/liga-biblica-inaugura-nuevo-local\/#breadcrumb"},"inLanguage":"es","potentialAction":[{"@type":"ReadAction","target":["https:\/\/tabernaculoprensadedios.com\/web\/liga-biblica-inaugura-nuevo-local\/"]}]},{"@type":"ImageObject","inLanguage":"es","@id":"https:\/\/tabernaculoprensadedios.com\/web\/liga-biblica-inaugura-nuevo-local\/#primaryimage","url":"https:\/\/tabernaculoprensadedios.com\/web\/wp-content\/uploads\/2022\/12\/foto-de-la-inauguracion.jpeg","contentUrl":"https:\/\/tabernaculoprensadedios.com\/web\/wp-content\/uploads\/2022\/12\/foto-de-la-inauguracion.jpeg","width":953,"height":823},{"@type":"BreadcrumbList","@id":"https:\/\/tabernaculoprensadedios.com\/web\/liga-biblica-inaugura-nuevo-local\/#breadcrumb","itemListElement":[{"@type":"ListItem","position":1,"name":"Portada","item":"https:\/\/tabernaculoprensadedios.com\/web\/"},{"@type":"ListItem","position":2,"name":"Liga b\u00edblica inaugura nuevo local"}]},{"@type":"WebSite","@id":"https:\/\/tabernaculoprensadedios.com\/web\/#website","url":"https:\/\/tabernaculoprensadedios.com\/web\/","name":"Tabernaculo Prensa de Dios","description":"Un medio a la manera de Dios","publisher":{"@id":"https:\/\/tabernaculoprensadedios.com\/web\/#\/schema\/person\/bc0e069fef56b38e177db6f098ae0b6e"},"potentialAction":[{"@type":"SearchAction","target":{"@type":"EntryPoint","urlTemplate":"https:\/\/tabernaculoprensadedios.com\/web\/?s={search_term_string}"},"query-input":{"@type":"PropertyValueSpecification","valueRequired":true,"valueName":"search_term_string"}}],"inLanguage":"es"},{"@type":["Person","Organization"],"@id":"https:\/\/tabernaculoprensadedios.com\/web\/#\/schema\/person\/bc0e069fef56b38e177db6f098ae0b6e","name":"tabernaculo","image":{"@type":"ImageObject","inLanguage":"es","@id":"https:\/\/tabernaculoprensadedios.com\/web\/#\/schema\/person\/image\/","url":"https:\/\/tabernaculoprensadedios.com\/web\/wp-content\/uploads\/2015\/06\/login-logo1.png","contentUrl":"https:\/\/tabernaculoprensadedios.com\/web\/wp-content\/uploads\/2015\/06\/login-logo1.png","width":300,"height":118,"caption":"tabernaculo"},"logo":{"@id":"https:\/\/tabernaculoprensadedios.com\/web\/#\/schema\/person\/image\/"},"url":"https:\/\/tabernaculoprensadedios.com\/web\/author\/tabernaculo\/"}]}},"_links":{"self":[{"href":"https:\/\/tabernaculoprensadedios.com\/web\/wp-json\/wp\/v2\/posts\/26756","targetHints":{"allow":["GET"]}}],"collection":[{"href":"https:\/\/tabernaculoprensadedios.com\/web\/wp-json\/wp\/v2\/posts"}],"about":[{"href":"https:\/\/tabernaculoprensadedios.com\/web\/wp-json\/wp\/v2\/types\/post"}],"author":[{"embeddable":true,"href":"https:\/\/tabernaculoprensadedios.com\/web\/wp-json\/wp\/v2\/users\/1"}],"replies":[{"embeddable":true,"href":"https:\/\/tabernaculoprensadedios.com\/web\/wp-json\/wp\/v2\/comments?post=26756"}],"version-history":[{"count":1,"href":"https:\/\/tabernaculoprensadedios.com\/web\/wp-json\/wp\/v2\/posts\/26756\/revisions"}],"predecessor-version":[{"id":26759,"href":"https:\/\/tabernaculoprensadedios.com\/web\/wp-json\/wp\/v2\/posts\/26756\/revisions\/26759"}],"wp:featuredmedia":[{"embeddable":true,"href":"https:\/\/tabernaculoprensadedios.com\/web\/wp-json\/wp\/v2\/media\/26757"}],"wp:attachment":[{"href":"https:\/\/tabernaculoprensadedios.com\/web\/wp-json\/wp\/v2\/media?parent=26756"}],"wp:term":[{"taxonomy":"category","embeddable":true,"href":"https:\/\/tabernaculoprensadedios.com\/web\/wp-json\/wp\/v2\/categories?post=26756"},{"taxonomy":"post_tag","embeddable":true,"href":"https:\/\/tabernaculoprensadedios.com\/web\/wp-json\/wp\/v2\/tags?post=26756"}],"curies":[{"name":"wp","href":"https:\/\/api.w.org\/{rel}","templated":true}]}}