{"id":26751,"date":"2022-12-05T11:20:20","date_gmt":"2022-12-05T11:20:20","guid":{"rendered":"https:\/\/tabernaculoprensadedios.com\/web\/?p=26751"},"modified":"2022-12-05T23:43:17","modified_gmt":"2022-12-05T23:43:17","slug":"el-fenomeno-cales-louima-vivo-ejemplo-de-que-dios-honra-a-los-que-le-honran","status":"publish","type":"post","link":"https:\/\/tabernaculoprensadedios.com\/web\/el-fenomeno-cales-louima-vivo-ejemplo-de-que-dios-honra-a-los-que-le-honran\/","title":{"rendered":"Cales Louima: Vivo ejemplo de que Dios honra a los que le honran"},"content":{"rendered":"<p>Primeramente quisi\u00e9ramos definir la palabra fen\u00f3meno desde la perspectiva que enfocaremos este escrito. Lo haremos como algo extraordinario y sorprendente.<\/p>\n<p>Cales Louima es un j\u00f3ven nacido el 12 de octubre de 1993 en Puerto Pr\u00edncipe, capital de Hait\u00ed, que luego del terremoto que sacudi\u00f3 a esa naci\u00f3n en el 2010 emigr\u00f3 a Rep\u00fablica Dominicana junto a su madre y hermanos.<\/p>\n<p>Al llegar al pa\u00eds se dedic\u00f3 a trabajar duramente para aportar al sustento de su familia. Trabaj\u00f3 como lavador de veh\u00edculos, como camarero, como vendedor ambulante en las calles, entre otras cosas, de manera honrada y digna.<\/p>\n<p>Un pastor en la ciudad de La Vega le acogi\u00f3 y lo \u00abadopt\u00f3\u00bb, d\u00e1ndole la oportunidad de que desarrollara sus dones y talentos musicales ministrando en el templo. Jos\u00e9 Zabala es el nombre de ese pastor a quien Cales agradece su gesto solidario y de confianza ayud\u00e1ndole a definir el rumbo de su naciente ministerio.<\/p>\n<p>Cales toca guitarra, piano, bajo y bater\u00eda lo que le permite acompa\u00f1arse al cantar sus c\u00e1nticos de adoraci\u00f3n al Padre Celestial.<\/p>\n<p>Con un norte muy marcado y definido, desde que se di\u00f3 a conocer en la m\u00fasica lo hizo acompa\u00f1ado de una banda de m\u00fasicos en vivo, lo cual le permite fluir en el esp\u00edritu y llevar a los presentes a la misma presencia de Dios, naciendo espont\u00e1neamente expresiones que dan lugar a temas que trascienden y forman parte de su amplio repertorio.<\/p>\n<p>Por su noble coraz\u00f3n, muchas personas han sido usadas por Dios para contribuir con su ministerio. Le han ayudado a formar su banda, a grabar, a preparar audiovisuales, a abrirle puertas, a promoverle; en fin, fieles aliados desprendidos a su favor.<\/p>\n<p>Entre esas personas hay que mencionar al arquitecto y comunicador Edwin Almonte, quien siempre ha cre\u00eddo e invertido recursos en el ministerio de Cales Louima, desde que con su ayuda grab\u00f3 Quiero ver tu gloria, su primer tema en ser dado a conocer. Desde ah\u00ed comienza el fen\u00f3meno Cales Louima.<\/p>\n<p>Tambi\u00e9n, es justo reconocer a su primer manejador Alain Mercedes quien en cuerpo y alma se dedic\u00f3 a fundamentar el ministerio de Cales Louima. Actualmente, la abogada y comunicadora \u00c1ngela Rodr\u00edguez es su representante, manejando su agenda ministerial y relaciones p\u00fablicas.<\/p>\n<p>El a\u00f1o 2016 marc\u00f3 el g\u00e9nesis de este j\u00f3ven ministro de la Palabra de Dios a trav\u00e9s de sus inspiraciones convertidas en composiciones, que posteriormente son interpretadas con sentimiento profundo en adoraci\u00f3n al Creador. La mayor\u00eda de sus canciones surgen expont\u00e1neamente en su intimidad con Dios o en eventos donde participa exaltando al Soberano.<\/p>\n<p>En el 2016, fue como expectador a la gala de Premios El Galard\u00f3n, y un a\u00f1o despu\u00e9s lanz\u00f3 su primer \u00e1lbum titulado Excelso (7 de enero), y volv\u00eda a Premios El Galard\u00f3n para recibir la estatuilla como Artista Revelaci\u00f3n.<\/p>\n<p>De su primer \u00c1lbum Excelso los temas m\u00e1s populares son Quiero ver tu gloria, En todo tiempo, Aqu\u00ed estoy y Admirable y Fiel.<\/p>\n<p>En el 2018, indiscutiblemente, gan\u00f3 como Cantante Masculino en Premios El Galard\u00f3n. Este a\u00f1o realiza su primera gira internacional en Ecuador.<\/p>\n<p>En el 2019, apote\u00f3sicamente su ministerio se sigue expandiendo siendo nominado, entre otros, a Premios Redenci\u00f3n de Estados Unidos.<\/p>\n<p>Todas sus canciones se convierten en \u00e9xitos, en poco tiempo sus seguidores de todas partes del mundo colman de like sus redes sociales.<\/p>\n<p>Las invitaciones le llueven para llevar su ministerio a otras naciones, y lo posicionan como uno de los m\u00e1s destacados y solicitados int\u00e9rpretes de m\u00fasica cristiana de habla hispana.<\/p>\n<p>En diciembre del 2019 Cales contrae n\u00fapcias con la comunicadora dominicana Luisa Artiles, y un d\u00eda antes del cumplea\u00f1os de Cales (11 octubre) del 2022 nace su esperada hija Cielo Elizabeth Louima Artiles, para sobreabundar de alegr\u00eda su hogar.<\/p>\n<p>Actualmente reside en la ciudad de Santiago de los Caballeros, desde donde se traslada a todas partes del pa\u00eds para ministrar en eventos que requieren de su participaci\u00f3n para ser bendecidos con su ministraci\u00f3n guiado por el Esp\u00edriru Santo.<\/p>\n<p>Multipremiado en Premios El Galard\u00f3n, convirti\u00e9ndose en el artista que m\u00e1s nominaciones obtiene en sus m\u00e1s recientes entregas; como cantante, compositor, \u00e1lbum, canci\u00f3n y video del a\u00f1o.<\/p>\n<p>Es el cantante que m\u00e1s colaboraciones ha grabado con otros colegas, en los \u00faltimos tiempos. Ha hecho featuring con Alex Zurdo, Nat\u00e1n El Profeta, Lizzy Parra, Bryan Booz, Mery Francys, Any Puello, Raquel Amparo, Gabby Vargas, Denicher Pol, Rosa Karina, Grupo Grace y Matty Mart\u00ednez, y otros m\u00e1s.<\/p>\n<p>Adem\u00e1s, Cales es autor del libro M\u00e1s all\u00e1 del arte, conferencista y vocal coach para nuevos talentos.<\/p>\n<p>Recientememte form\u00f3 parte del Jurado de The Chosen USA edici\u00f3n Rep\u00fablica Dominicana, celebrado en nuestro pa\u00eds, con la intenci\u00f3n de descubrir nuevos talentos.<\/p>\n<p>Habla cuatro idiomas: Creole, Franc\u00e9s, Ingl\u00e9s y Espa\u00f1ol, cosa no tan com\u00fan en los j\u00f3venes de hoy d\u00eda.<\/p>\n<p>Ha sido honrado como Visitante Distinguido por los Ayuntamientos de Higuey y del municipio de Neiba, provincia Bahoruco.<\/p>\n<p>Hasta el momemto ha grabado 4 discos de estudios: Excelso (2018),<br \/>\nAtm\u00f3sfera (2020) Dise\u00f1o, Existencia y Origen (2021), Salmos Volumen 1 (2022). \u00c9sta m\u00e1s reciente contiene los temas: Esperanza de Gloria, Vivir\u00e9, El Le\u00f3n, Solo no estoy, M\u00edrame y En tu eternidad.<\/p>\n<p>Cales Louima, querido por todos, un fen\u00f3meno de popularidad en la m\u00fasica cristiana en Rep\u00fablica Dominicana con trascedencia e incidencia internacional, vivo ejemplo de que a un coraz\u00f3n contrito y humillado no desprecia el Se\u00f1or que honra a los que, como Cales, le honran. La gloria postrera ser\u00e1 mayor que la primera. \u00a1Hacia adelante, Cales, creemos en el gran dep\u00f3sito de Dios en t\u00ed.<\/p>\n","protected":false},"excerpt":{"rendered":"<p>Primeramente quisi\u00e9ramos definir la palabra fen\u00f3meno desde la perspectiva que enfocaremos este escrito. Lo haremos como algo extraordinario y sorprendente. Cales Louima es un j\u00f3ven nacido el 12 de octubre de 1993 en Puerto Pr\u00edncipe, capital de Hait\u00ed, que luego del terremoto que sacudi\u00f3 a esa naci\u00f3n en el 2010 emigr\u00f3 a Rep\u00fablica Dominicana junto &hellip;<\/p>\n","protected":false},"author":1,"featured_media":26752,"comment_status":"open","ping_status":"open","sticky":false,"template":"","format":"standard","meta":{"footnotes":""},"categories":[30],"tags":[],"class_list":["post-26751","post","type-post","status-publish","format-standard","has-post-thumbnail","hentry","category-reportajes"],"yoast_head":"<!-- This site is optimized with the Yoast SEO Premium plugin v24.2 (Yoast SEO v27.1.1) - https:\/\/yoast.com\/product\/yoast-seo-premium-wordpress\/ -->\n<title>Cales Louima: Vivo ejemplo de que Dios honra a los que le honran - Tabernaculo Prensa de Dios<\/title>\n<meta name=\"robots\" content=\"index, follow, max-snippet:-1, max-image-preview:large, max-video-preview:-1\" \/>\n<link rel=\"canonical\" href=\"https:\/\/tabernaculoprensadedios.com\/web\/el-fenomeno-cales-louima-vivo-ejemplo-de-que-dios-honra-a-los-que-le-honran\/\" class=\"yoast-seo-meta-tag\" \/>\n<meta property=\"og:locale\" content=\"es_ES\" class=\"yoast-seo-meta-tag\" \/>\n<meta property=\"og:type\" content=\"article\" class=\"yoast-seo-meta-tag\" \/>\n<meta property=\"og:title\" content=\"Cales Louima: Vivo ejemplo de que Dios honra a los que le honran\" class=\"yoast-seo-meta-tag\" \/>\n<meta property=\"og:description\" content=\"Primeramente quisi\u00e9ramos definir la palabra fen\u00f3meno desde la perspectiva que enfocaremos este escrito. Lo haremos como algo extraordinario y sorprendente. Cales Louima es un j\u00f3ven nacido el 12 de octubre de 1993 en Puerto Pr\u00edncipe, capital de Hait\u00ed, que luego del terremoto que sacudi\u00f3 a esa naci\u00f3n en el 2010 emigr\u00f3 a Rep\u00fablica Dominicana junto &hellip;\" class=\"yoast-seo-meta-tag\" \/>\n<meta property=\"og:url\" content=\"https:\/\/tabernaculoprensadedios.com\/web\/el-fenomeno-cales-louima-vivo-ejemplo-de-que-dios-honra-a-los-que-le-honran\/\" class=\"yoast-seo-meta-tag\" \/>\n<meta property=\"og:site_name\" content=\"Tabernaculo Prensa de Dios\" class=\"yoast-seo-meta-tag\" \/>\n<meta property=\"article:published_time\" content=\"2022-12-05T11:20:20+00:00\" class=\"yoast-seo-meta-tag\" \/>\n<meta property=\"article:modified_time\" content=\"2022-12-05T23:43:17+00:00\" class=\"yoast-seo-meta-tag\" \/>\n<meta property=\"og:image\" content=\"https:\/\/tabernaculoprensadedios.com\/web\/wp-content\/uploads\/2022\/12\/WhatsApp-Image-2022-12-04-at-10.45.52-PM.jpeg\" class=\"yoast-seo-meta-tag\" \/>\n\t<meta property=\"og:image:width\" content=\"540\" class=\"yoast-seo-meta-tag\" \/>\n\t<meta property=\"og:image:height\" content=\"433\" class=\"yoast-seo-meta-tag\" \/>\n\t<meta property=\"og:image:type\" content=\"image\/jpeg\" class=\"yoast-seo-meta-tag\" \/>\n<meta name=\"author\" content=\"tabernaculo\" class=\"yoast-seo-meta-tag\" \/>\n<meta name=\"twitter:card\" content=\"summary_large_image\" class=\"yoast-seo-meta-tag\" \/>\n<meta name=\"twitter:creator\" content=\"@PrensadeDios\" class=\"yoast-seo-meta-tag\" \/>\n<meta name=\"twitter:site\" content=\"@PrensadeDios\" class=\"yoast-seo-meta-tag\" \/>\n<meta name=\"twitter:label1\" content=\"Escrito por\" class=\"yoast-seo-meta-tag\" \/>\n\t<meta name=\"twitter:data1\" content=\"tabernaculo\" class=\"yoast-seo-meta-tag\" \/>\n\t<meta name=\"twitter:label2\" content=\"Tiempo de lectura\" class=\"yoast-seo-meta-tag\" \/>\n\t<meta name=\"twitter:data2\" content=\"5 minutos\" class=\"yoast-seo-meta-tag\" \/>\n<script type=\"application\/ld+json\" class=\"yoast-schema-graph\">{\"@context\":\"https:\/\/schema.org\",\"@graph\":[{\"@type\":\"Article\",\"@id\":\"https:\/\/tabernaculoprensadedios.com\/web\/el-fenomeno-cales-louima-vivo-ejemplo-de-que-dios-honra-a-los-que-le-honran\/#article\",\"isPartOf\":{\"@id\":\"https:\/\/tabernaculoprensadedios.com\/web\/el-fenomeno-cales-louima-vivo-ejemplo-de-que-dios-honra-a-los-que-le-honran\/\"},\"author\":{\"name\":\"tabernaculo\",\"@id\":\"https:\/\/tabernaculoprensadedios.com\/web\/#\/schema\/person\/bc0e069fef56b38e177db6f098ae0b6e\"},\"headline\":\"Cales Louima: Vivo ejemplo de que Dios honra a los que le honran\",\"datePublished\":\"2022-12-05T11:20:20+00:00\",\"dateModified\":\"2022-12-05T23:43:17+00:00\",\"mainEntityOfPage\":{\"@id\":\"https:\/\/tabernaculoprensadedios.com\/web\/el-fenomeno-cales-louima-vivo-ejemplo-de-que-dios-honra-a-los-que-le-honran\/\"},\"wordCount\":993,\"commentCount\":0,\"publisher\":{\"@id\":\"https:\/\/tabernaculoprensadedios.com\/web\/#\/schema\/person\/bc0e069fef56b38e177db6f098ae0b6e\"},\"image\":{\"@id\":\"https:\/\/tabernaculoprensadedios.com\/web\/el-fenomeno-cales-louima-vivo-ejemplo-de-que-dios-honra-a-los-que-le-honran\/#primaryimage\"},\"thumbnailUrl\":\"https:\/\/tabernaculoprensadedios.com\/web\/wp-content\/uploads\/2022\/12\/WhatsApp-Image-2022-12-04-at-10.45.52-PM.jpeg\",\"articleSection\":[\"Reportajes\"],\"inLanguage\":\"es\",\"potentialAction\":[{\"@type\":\"CommentAction\",\"name\":\"Comment\",\"target\":[\"https:\/\/tabernaculoprensadedios.com\/web\/el-fenomeno-cales-louima-vivo-ejemplo-de-que-dios-honra-a-los-que-le-honran\/#respond\"]}]},{\"@type\":\"WebPage\",\"@id\":\"https:\/\/tabernaculoprensadedios.com\/web\/el-fenomeno-cales-louima-vivo-ejemplo-de-que-dios-honra-a-los-que-le-honran\/\",\"url\":\"https:\/\/tabernaculoprensadedios.com\/web\/el-fenomeno-cales-louima-vivo-ejemplo-de-que-dios-honra-a-los-que-le-honran\/\",\"name\":\"Cales Louima: Vivo ejemplo de que Dios honra a los que le honran - Tabernaculo Prensa de Dios\",\"isPartOf\":{\"@id\":\"https:\/\/tabernaculoprensadedios.com\/web\/#website\"},\"primaryImageOfPage\":{\"@id\":\"https:\/\/tabernaculoprensadedios.com\/web\/el-fenomeno-cales-louima-vivo-ejemplo-de-que-dios-honra-a-los-que-le-honran\/#primaryimage\"},\"image\":{\"@id\":\"https:\/\/tabernaculoprensadedios.com\/web\/el-fenomeno-cales-louima-vivo-ejemplo-de-que-dios-honra-a-los-que-le-honran\/#primaryimage\"},\"thumbnailUrl\":\"https:\/\/tabernaculoprensadedios.com\/web\/wp-content\/uploads\/2022\/12\/WhatsApp-Image-2022-12-04-at-10.45.52-PM.jpeg\",\"datePublished\":\"2022-12-05T11:20:20+00:00\",\"dateModified\":\"2022-12-05T23:43:17+00:00\",\"breadcrumb\":{\"@id\":\"https:\/\/tabernaculoprensadedios.com\/web\/el-fenomeno-cales-louima-vivo-ejemplo-de-que-dios-honra-a-los-que-le-honran\/#breadcrumb\"},\"inLanguage\":\"es\",\"potentialAction\":[{\"@type\":\"ReadAction\",\"target\":[\"https:\/\/tabernaculoprensadedios.com\/web\/el-fenomeno-cales-louima-vivo-ejemplo-de-que-dios-honra-a-los-que-le-honran\/\"]}]},{\"@type\":\"ImageObject\",\"inLanguage\":\"es\",\"@id\":\"https:\/\/tabernaculoprensadedios.com\/web\/el-fenomeno-cales-louima-vivo-ejemplo-de-que-dios-honra-a-los-que-le-honran\/#primaryimage\",\"url\":\"https:\/\/tabernaculoprensadedios.com\/web\/wp-content\/uploads\/2022\/12\/WhatsApp-Image-2022-12-04-at-10.45.52-PM.jpeg\",\"contentUrl\":\"https:\/\/tabernaculoprensadedios.com\/web\/wp-content\/uploads\/2022\/12\/WhatsApp-Image-2022-12-04-at-10.45.52-PM.jpeg\",\"width\":540,\"height\":433},{\"@type\":\"BreadcrumbList\",\"@id\":\"https:\/\/tabernaculoprensadedios.com\/web\/el-fenomeno-cales-louima-vivo-ejemplo-de-que-dios-honra-a-los-que-le-honran\/#breadcrumb\",\"itemListElement\":[{\"@type\":\"ListItem\",\"position\":1,\"name\":\"Portada\",\"item\":\"https:\/\/tabernaculoprensadedios.com\/web\/\"},{\"@type\":\"ListItem\",\"position\":2,\"name\":\"Cales Louima: Vivo ejemplo de que Dios honra a los que le honran\"}]},{\"@type\":\"WebSite\",\"@id\":\"https:\/\/tabernaculoprensadedios.com\/web\/#website\",\"url\":\"https:\/\/tabernaculoprensadedios.com\/web\/\",\"name\":\"Tabernaculo Prensa de Dios\",\"description\":\"Un medio a la manera de Dios\",\"publisher\":{\"@id\":\"https:\/\/tabernaculoprensadedios.com\/web\/#\/schema\/person\/bc0e069fef56b38e177db6f098ae0b6e\"},\"potentialAction\":[{\"@type\":\"SearchAction\",\"target\":{\"@type\":\"EntryPoint\",\"urlTemplate\":\"https:\/\/tabernaculoprensadedios.com\/web\/?s={search_term_string}\"},\"query-input\":{\"@type\":\"PropertyValueSpecification\",\"valueRequired\":true,\"valueName\":\"search_term_string\"}}],\"inLanguage\":\"es\"},{\"@type\":[\"Person\",\"Organization\"],\"@id\":\"https:\/\/tabernaculoprensadedios.com\/web\/#\/schema\/person\/bc0e069fef56b38e177db6f098ae0b6e\",\"name\":\"tabernaculo\",\"image\":{\"@type\":\"ImageObject\",\"inLanguage\":\"es\",\"@id\":\"https:\/\/tabernaculoprensadedios.com\/web\/#\/schema\/person\/image\/\",\"url\":\"https:\/\/tabernaculoprensadedios.com\/web\/wp-content\/uploads\/2015\/06\/login-logo1.png\",\"contentUrl\":\"https:\/\/tabernaculoprensadedios.com\/web\/wp-content\/uploads\/2015\/06\/login-logo1.png\",\"width\":300,\"height\":118,\"caption\":\"tabernaculo\"},\"logo\":{\"@id\":\"https:\/\/tabernaculoprensadedios.com\/web\/#\/schema\/person\/image\/\"},\"url\":\"https:\/\/tabernaculoprensadedios.com\/web\/author\/tabernaculo\/\"}]}<\/script>\n<!-- \/ Yoast SEO Premium plugin. -->","yoast_head_json":{"title":"Cales Louima: Vivo ejemplo de que Dios honra a los que le honran - Tabernaculo Prensa de Dios","robots":{"index":"index","follow":"follow","max-snippet":"max-snippet:-1","max-image-preview":"max-image-preview:large","max-video-preview":"max-video-preview:-1"},"canonical":"https:\/\/tabernaculoprensadedios.com\/web\/el-fenomeno-cales-louima-vivo-ejemplo-de-que-dios-honra-a-los-que-le-honran\/","og_locale":"es_ES","og_type":"article","og_title":"Cales Louima: Vivo ejemplo de que Dios honra a los que le honran","og_description":"Primeramente quisi\u00e9ramos definir la palabra fen\u00f3meno desde la perspectiva que enfocaremos este escrito. Lo haremos como algo extraordinario y sorprendente. Cales Louima es un j\u00f3ven nacido el 12 de octubre de 1993 en Puerto Pr\u00edncipe, capital de Hait\u00ed, que luego del terremoto que sacudi\u00f3 a esa naci\u00f3n en el 2010 emigr\u00f3 a Rep\u00fablica Dominicana junto &hellip;","og_url":"https:\/\/tabernaculoprensadedios.com\/web\/el-fenomeno-cales-louima-vivo-ejemplo-de-que-dios-honra-a-los-que-le-honran\/","og_site_name":"Tabernaculo Prensa de Dios","article_published_time":"2022-12-05T11:20:20+00:00","article_modified_time":"2022-12-05T23:43:17+00:00","og_image":[{"width":540,"height":433,"url":"https:\/\/tabernaculoprensadedios.com\/web\/wp-content\/uploads\/2022\/12\/WhatsApp-Image-2022-12-04-at-10.45.52-PM.jpeg","type":"image\/jpeg"}],"author":"tabernaculo","twitter_card":"summary_large_image","twitter_creator":"@PrensadeDios","twitter_site":"@PrensadeDios","twitter_misc":{"Escrito por":"tabernaculo","Tiempo de lectura":"5 minutos"},"schema":{"@context":"https:\/\/schema.org","@graph":[{"@type":"Article","@id":"https:\/\/tabernaculoprensadedios.com\/web\/el-fenomeno-cales-louima-vivo-ejemplo-de-que-dios-honra-a-los-que-le-honran\/#article","isPartOf":{"@id":"https:\/\/tabernaculoprensadedios.com\/web\/el-fenomeno-cales-louima-vivo-ejemplo-de-que-dios-honra-a-los-que-le-honran\/"},"author":{"name":"tabernaculo","@id":"https:\/\/tabernaculoprensadedios.com\/web\/#\/schema\/person\/bc0e069fef56b38e177db6f098ae0b6e"},"headline":"Cales Louima: Vivo ejemplo de que Dios honra a los que le honran","datePublished":"2022-12-05T11:20:20+00:00","dateModified":"2022-12-05T23:43:17+00:00","mainEntityOfPage":{"@id":"https:\/\/tabernaculoprensadedios.com\/web\/el-fenomeno-cales-louima-vivo-ejemplo-de-que-dios-honra-a-los-que-le-honran\/"},"wordCount":993,"commentCount":0,"publisher":{"@id":"https:\/\/tabernaculoprensadedios.com\/web\/#\/schema\/person\/bc0e069fef56b38e177db6f098ae0b6e"},"image":{"@id":"https:\/\/tabernaculoprensadedios.com\/web\/el-fenomeno-cales-louima-vivo-ejemplo-de-que-dios-honra-a-los-que-le-honran\/#primaryimage"},"thumbnailUrl":"https:\/\/tabernaculoprensadedios.com\/web\/wp-content\/uploads\/2022\/12\/WhatsApp-Image-2022-12-04-at-10.45.52-PM.jpeg","articleSection":["Reportajes"],"inLanguage":"es","potentialAction":[{"@type":"CommentAction","name":"Comment","target":["https:\/\/tabernaculoprensadedios.com\/web\/el-fenomeno-cales-louima-vivo-ejemplo-de-que-dios-honra-a-los-que-le-honran\/#respond"]}]},{"@type":"WebPage","@id":"https:\/\/tabernaculoprensadedios.com\/web\/el-fenomeno-cales-louima-vivo-ejemplo-de-que-dios-honra-a-los-que-le-honran\/","url":"https:\/\/tabernaculoprensadedios.com\/web\/el-fenomeno-cales-louima-vivo-ejemplo-de-que-dios-honra-a-los-que-le-honran\/","name":"Cales Louima: Vivo ejemplo de que Dios honra a los que le honran - Tabernaculo Prensa de Dios","isPartOf":{"@id":"https:\/\/tabernaculoprensadedios.com\/web\/#website"},"primaryImageOfPage":{"@id":"https:\/\/tabernaculoprensadedios.com\/web\/el-fenomeno-cales-louima-vivo-ejemplo-de-que-dios-honra-a-los-que-le-honran\/#primaryimage"},"image":{"@id":"https:\/\/tabernaculoprensadedios.com\/web\/el-fenomeno-cales-louima-vivo-ejemplo-de-que-dios-honra-a-los-que-le-honran\/#primaryimage"},"thumbnailUrl":"https:\/\/tabernaculoprensadedios.com\/web\/wp-content\/uploads\/2022\/12\/WhatsApp-Image-2022-12-04-at-10.45.52-PM.jpeg","datePublished":"2022-12-05T11:20:20+00:00","dateModified":"2022-12-05T23:43:17+00:00","breadcrumb":{"@id":"https:\/\/tabernaculoprensadedios.com\/web\/el-fenomeno-cales-louima-vivo-ejemplo-de-que-dios-honra-a-los-que-le-honran\/#breadcrumb"},"inLanguage":"es","potentialAction":[{"@type":"ReadAction","target":["https:\/\/tabernaculoprensadedios.com\/web\/el-fenomeno-cales-louima-vivo-ejemplo-de-que-dios-honra-a-los-que-le-honran\/"]}]},{"@type":"ImageObject","inLanguage":"es","@id":"https:\/\/tabernaculoprensadedios.com\/web\/el-fenomeno-cales-louima-vivo-ejemplo-de-que-dios-honra-a-los-que-le-honran\/#primaryimage","url":"https:\/\/tabernaculoprensadedios.com\/web\/wp-content\/uploads\/2022\/12\/WhatsApp-Image-2022-12-04-at-10.45.52-PM.jpeg","contentUrl":"https:\/\/tabernaculoprensadedios.com\/web\/wp-content\/uploads\/2022\/12\/WhatsApp-Image-2022-12-04-at-10.45.52-PM.jpeg","width":540,"height":433},{"@type":"BreadcrumbList","@id":"https:\/\/tabernaculoprensadedios.com\/web\/el-fenomeno-cales-louima-vivo-ejemplo-de-que-dios-honra-a-los-que-le-honran\/#breadcrumb","itemListElement":[{"@type":"ListItem","position":1,"name":"Portada","item":"https:\/\/tabernaculoprensadedios.com\/web\/"},{"@type":"ListItem","position":2,"name":"Cales Louima: Vivo ejemplo de que Dios honra a los que le honran"}]},{"@type":"WebSite","@id":"https:\/\/tabernaculoprensadedios.com\/web\/#website","url":"https:\/\/tabernaculoprensadedios.com\/web\/","name":"Tabernaculo Prensa de Dios","description":"Un medio a la manera de Dios","publisher":{"@id":"https:\/\/tabernaculoprensadedios.com\/web\/#\/schema\/person\/bc0e069fef56b38e177db6f098ae0b6e"},"potentialAction":[{"@type":"SearchAction","target":{"@type":"EntryPoint","urlTemplate":"https:\/\/tabernaculoprensadedios.com\/web\/?s={search_term_string}"},"query-input":{"@type":"PropertyValueSpecification","valueRequired":true,"valueName":"search_term_string"}}],"inLanguage":"es"},{"@type":["Person","Organization"],"@id":"https:\/\/tabernaculoprensadedios.com\/web\/#\/schema\/person\/bc0e069fef56b38e177db6f098ae0b6e","name":"tabernaculo","image":{"@type":"ImageObject","inLanguage":"es","@id":"https:\/\/tabernaculoprensadedios.com\/web\/#\/schema\/person\/image\/","url":"https:\/\/tabernaculoprensadedios.com\/web\/wp-content\/uploads\/2015\/06\/login-logo1.png","contentUrl":"https:\/\/tabernaculoprensadedios.com\/web\/wp-content\/uploads\/2015\/06\/login-logo1.png","width":300,"height":118,"caption":"tabernaculo"},"logo":{"@id":"https:\/\/tabernaculoprensadedios.com\/web\/#\/schema\/person\/image\/"},"url":"https:\/\/tabernaculoprensadedios.com\/web\/author\/tabernaculo\/"}]}},"_links":{"self":[{"href":"https:\/\/tabernaculoprensadedios.com\/web\/wp-json\/wp\/v2\/posts\/26751","targetHints":{"allow":["GET"]}}],"collection":[{"href":"https:\/\/tabernaculoprensadedios.com\/web\/wp-json\/wp\/v2\/posts"}],"about":[{"href":"https:\/\/tabernaculoprensadedios.com\/web\/wp-json\/wp\/v2\/types\/post"}],"author":[{"embeddable":true,"href":"https:\/\/tabernaculoprensadedios.com\/web\/wp-json\/wp\/v2\/users\/1"}],"replies":[{"embeddable":true,"href":"https:\/\/tabernaculoprensadedios.com\/web\/wp-json\/wp\/v2\/comments?post=26751"}],"version-history":[{"count":3,"href":"https:\/\/tabernaculoprensadedios.com\/web\/wp-json\/wp\/v2\/posts\/26751\/revisions"}],"predecessor-version":[{"id":26755,"href":"https:\/\/tabernaculoprensadedios.com\/web\/wp-json\/wp\/v2\/posts\/26751\/revisions\/26755"}],"wp:featuredmedia":[{"embeddable":true,"href":"https:\/\/tabernaculoprensadedios.com\/web\/wp-json\/wp\/v2\/media\/26752"}],"wp:attachment":[{"href":"https:\/\/tabernaculoprensadedios.com\/web\/wp-json\/wp\/v2\/media?parent=26751"}],"wp:term":[{"taxonomy":"category","embeddable":true,"href":"https:\/\/tabernaculoprensadedios.com\/web\/wp-json\/wp\/v2\/categories?post=26751"},{"taxonomy":"post_tag","embeddable":true,"href":"https:\/\/tabernaculoprensadedios.com\/web\/wp-json\/wp\/v2\/tags?post=26751"}],"curies":[{"name":"wp","href":"https:\/\/api.w.org\/{rel}","templated":true}]}}