{"id":26744,"date":"2022-12-05T16:14:37","date_gmt":"2022-12-05T16:14:37","guid":{"rendered":"https:\/\/tabernaculoprensadedios.com\/web\/?p=26744"},"modified":"2022-12-05T16:14:37","modified_gmt":"2022-12-05T16:14:37","slug":"cuando-todo-esta-normal-en-la-vida-tenemos-que-prepararnos-para-el-escenario-de-la-crisis","status":"publish","type":"post","link":"https:\/\/tabernaculoprensadedios.com\/web\/cuando-todo-esta-normal-en-la-vida-tenemos-que-prepararnos-para-el-escenario-de-la-crisis\/","title":{"rendered":"Cuando todo est\u00e1 normal en la vida, tenemos que prepararnos para el escenario de la crisis"},"content":{"rendered":"<p>Quiero dedicar los pr\u00f3ximos segmentos de este programa para estudiar con ustedes un conocido texto de la Escritura, el cap\u00edtulo 11 del Evangelio seg\u00fan San Juan donde tenemos registrado el conocido evento, la muerte y la resurrecci\u00f3n de L\u00e1zaro. Y espero que a trav\u00e9s de este tiempo podamos extraerle a este hermoso pasaje algunas ense\u00f1anzas que yo s\u00e9 que van a ser de bendici\u00f3n para nuestras vidas, siempre es un privilegio estar con ustedes.<\/p>\n<p>Quiero leer un par de vers\u00edculos y entonces entrar en la discusi\u00f3n de nuestro pasaje. L\u00e1zaro acaba de morir y el escritor, el evangelista Juan nos entra en el drama de ese momento. Y dice aqu\u00ed que: \u00abEstaba entonces enfermo uno llamado L\u00e1zaro de Betania\u00bb la aldea de Mar\u00eda y Marta su hermana. Dice aqu\u00ed que Mar\u00eda cuyo hermano L\u00e1zaro estaba enfermo fue la que ungi\u00f3 al Se\u00f1or con perfume y le enjug\u00f3 los pies con su cabello.<\/p>\n<p>Dice que: \u00abEnviaron pues las hermanas de L\u00e1zaro para decirle a Jes\u00fas: Se\u00f1or, he aqu\u00ed el que amas est\u00e1 enfermo. Oy\u00e9ndolas Jes\u00fas dijo: esta enfermedad no es para muerte sino para la Gloria de Dios, para que el Hijo de Dios sea glorificado por ella. Y amaba Jes\u00fas a Marta, a su hermana y a L\u00e1zaro, y cuando oy\u00f3 pues Jes\u00fas que L\u00e1zaro estaba enfermo se qued\u00f3 dos d\u00edas m\u00e1s en el lugar donde estaba. Luego de esto dijo a los disc\u00edpulos: vamos a Judea otra vez. Le dijeron los disc\u00edpulos: rab\u00ed ahora procuraban los jud\u00edos apedrearte \u00bfy otra vez vas all\u00e1?.\u00bb<\/p>\n<p>\u00abRespondi\u00f3 Jes\u00fas: \u00bfno tiene el d\u00eda doce horas?. El que anda de d\u00eda no tropieza porque ve la luz de este mundo, pero el que anda de noche tropieza porque no hay luz en \u00e9l. Dicho esto les dijo despu\u00e9s: nuestro amigo L\u00e1zaro duerme mas voy para despertarle. Dijeron entonces sus disc\u00edpulos: Se\u00f1or, si duerme entonces sanar\u00e1. Pero Jes\u00fas dec\u00eda esto de la muerte de L\u00e1zaro, y ellos pensaban que hablaba del reposar del sue\u00f1o. Y entonces les dijo: L\u00e1zaro ha muerto.\u00bb<\/p>\n<p>Vemos aqu\u00ed en este pasaje, hay un cont\u00ednuo tratamiento a trav\u00e9s de todo el pasaje de este juego entre enfermedad, vida, muerte, Jes\u00fas y Su rol como dador de vida, la naturaleza de la muerte, qu\u00e9 es verdaderamente a la luz de la Presencia de Jes\u00fas en todo este drama. Y es muy interesante este juego de ideas aqu\u00ed, de ense\u00f1anzas para todos nosotros.<\/p>\n<p>Lo primero que yo veo aqu\u00ed en este pasaje que me interesa es esta idea de que Jes\u00fas conoce a Marta, a Mar\u00eda y a L\u00e1zaro, son amigos de Jes\u00fas. Y de hecho Mar\u00eda tiene historia con Jes\u00fas en el sentido de que en otro pasaje de la Escritura se muestra a ella como ungiendo al Se\u00f1or con un perfume y enjugando sus pies con sus propios cabellos en un acto de extremada devoci\u00f3n y de adoraci\u00f3n al Se\u00f1or.<\/p>\n<p>Tambi\u00e9n recordamos que Marta y L\u00e1zaro son los protagonistas de esa famosa escena donde Marta est\u00e1 afanada trabajando para preparar la casa para el Se\u00f1or que est\u00e1 invitado a la casa con los disc\u00edpulos y Mar\u00eda est\u00e1 all\u00ed en la sala a los pies de Jes\u00fas escuchando, descuidando el trabajo casero que Marta est\u00e1 teniendo que hacer para mantener toda la cosa funcionando, Marta se queja de Mar\u00eda y sabemos la respuesta de Jes\u00fas, Mar\u00eda ha escogido la mejor parte y no le ser\u00e1 quitada mas t\u00fa est\u00e1s afanada con muchas cosas \u00bfno?. Hermoso pasaje, quiz\u00e1 podamos comentar acerca de ello un poquito m\u00e1s adelante.<\/p>\n<p>Pero lo que vemos aqu\u00ed, lo primero que yo veo es esto que Marta, Mar\u00eda y L\u00e1zaro tienen una relaci\u00f3n previa con Jes\u00fas, Jes\u00fas los ama, los aprecia, tiene amistad con ellos. Y cuando ellos se ven en esta terrible crisis, tragedia de la p\u00e9rdida de su hermano en el caso de Marta y Mar\u00eda ellas inmediatamente acuden a esa previa relaci\u00f3n de amistad que tienen con el Se\u00f1or, de afecto y mandan a pedirle al Se\u00f1or que venga porque L\u00e1zaro est\u00e1 cr\u00edticamente enfermo mejor dicho, no hay muerto todav\u00eda pero est\u00e1 cr\u00edticamente enfermo. Ellas mandan al Se\u00f1or a venir.<\/p>\n<p>Y yo veo aqu\u00ed algo bien importante y es lo siguiente: que nosotros tenemos siempre que construir sobre una relaci\u00f3n previa con el Se\u00f1or. Cuando nosotros hemos servido al Se\u00f1or, cuando lo amamos, lo adoramos, lo buscamos, oramos continuamente, leemos Su Palabra se va creando una relaci\u00f3n de estrechez, de intimidad con el Se\u00f1or Jesucristo que cuando vienen los momentos de crisis a nuestra vida entonces podemos apelar a esa relaci\u00f3n.<\/p>\n<p>Qu\u00e9 dif\u00edcil es cuando estamos en una situaci\u00f3n terrible, de tragedia, de dolor y no sabemos c\u00f3mo orar, no hemos tenido experiencias con el Se\u00f1or en la vida, no hemos podido edificar nuestra f\u00e9, no hemos tenido tratos con Jes\u00fas que nos permiten entonces acercarnos en los momentos de crisis y tener esa autoridad, esa confianza y recordarnos que s\u00ed tenemos una ayuda, tenemos un recurso que es el Se\u00f1or Jesucristo y podemos apelar a \u00c9l en nuestras necesidades.<\/p>\n<p>Entonces lo primero que yo veo aqu\u00ed es esto \u00bfno? que tenemos que usar los momemntos cotidianos de la vida, cuando todo est\u00e1 bien, cuando hay bendici\u00f3n, cuando todo est\u00e1 normal para preparar el escenario para que cuando venga el momento de la crisis y la necesidad a nuestra vida podamos acercarnos como dice la Biblia confiadamente al Trono de la Gracia para recibir el oportuno socorro que necesitamos.<\/p>\n<p>As\u00ed que en las pr\u00f3ximas secciones vamos a continuar este di\u00e1logo, pero es importante \u00bfno? que usemos los tiempos de normalidad en la vida para preparar la plataforma para los momentos de crisis \u00bfc\u00f3mo?, por medio de la oraci\u00f3n, el estudio de la Palabra, adoraci\u00f3n al Se\u00f1or, una vida emocional rica, tener tratos con Dios que nos van fortaleciendo nuestra f\u00e9 para poder apelar a \u00c9l en los momentos de necesidad.<\/p>\n<p>Gracias por estar conmigo y continuaremos nuestra meditaci\u00f3n en los pr\u00f3ximos segmentos. Que Dios te bendiga.<\/p>\n","protected":false},"excerpt":{"rendered":"<p>Quiero dedicar los pr\u00f3ximos segmentos de este programa para estudiar con ustedes un conocido texto de la Escritura, el cap\u00edtulo 11 del Evangelio seg\u00fan San Juan donde tenemos registrado el conocido evento, la muerte y la resurrecci\u00f3n de L\u00e1zaro. Y espero que a trav\u00e9s de este tiempo podamos extraerle a este hermoso pasaje algunas ense\u00f1anzas &hellip;<\/p>\n","protected":false},"author":1,"featured_media":26745,"comment_status":"open","ping_status":"open","sticky":false,"template":"","format":"standard","meta":{"footnotes":""},"categories":[34],"tags":[],"class_list":["post-26744","post","type-post","status-publish","format-standard","has-post-thumbnail","hentry","category-articulos"],"yoast_head":"<!-- This site is optimized with the Yoast SEO Premium plugin v24.2 (Yoast SEO v27.1.1) - https:\/\/yoast.com\/product\/yoast-seo-premium-wordpress\/ -->\n<title>Cuando todo est\u00e1 normal en la vida, tenemos que prepararnos para el escenario de la crisis - Tabernaculo Prensa de Dios<\/title>\n<meta name=\"robots\" content=\"index, follow, max-snippet:-1, max-image-preview:large, max-video-preview:-1\" \/>\n<link rel=\"canonical\" href=\"https:\/\/tabernaculoprensadedios.com\/web\/cuando-todo-esta-normal-en-la-vida-tenemos-que-prepararnos-para-el-escenario-de-la-crisis\/\" class=\"yoast-seo-meta-tag\" \/>\n<meta property=\"og:locale\" content=\"es_ES\" class=\"yoast-seo-meta-tag\" \/>\n<meta property=\"og:type\" content=\"article\" class=\"yoast-seo-meta-tag\" \/>\n<meta property=\"og:title\" content=\"Cuando todo est\u00e1 normal en la vida, tenemos que prepararnos para el escenario de la crisis\" class=\"yoast-seo-meta-tag\" \/>\n<meta property=\"og:description\" content=\"Quiero dedicar los pr\u00f3ximos segmentos de este programa para estudiar con ustedes un conocido texto de la Escritura, el cap\u00edtulo 11 del Evangelio seg\u00fan San Juan donde tenemos registrado el conocido evento, la muerte y la resurrecci\u00f3n de L\u00e1zaro. Y espero que a trav\u00e9s de este tiempo podamos extraerle a este hermoso pasaje algunas ense\u00f1anzas &hellip;\" class=\"yoast-seo-meta-tag\" \/>\n<meta property=\"og:url\" content=\"https:\/\/tabernaculoprensadedios.com\/web\/cuando-todo-esta-normal-en-la-vida-tenemos-que-prepararnos-para-el-escenario-de-la-crisis\/\" class=\"yoast-seo-meta-tag\" \/>\n<meta property=\"og:site_name\" content=\"Tabernaculo Prensa de Dios\" class=\"yoast-seo-meta-tag\" \/>\n<meta property=\"article:published_time\" content=\"2022-12-05T16:14:37+00:00\" class=\"yoast-seo-meta-tag\" \/>\n<meta property=\"og:image\" content=\"https:\/\/tabernaculoprensadedios.com\/web\/wp-content\/uploads\/2022\/12\/PREPARARNO.jpg\" class=\"yoast-seo-meta-tag\" \/>\n\t<meta property=\"og:image:width\" content=\"1920\" class=\"yoast-seo-meta-tag\" \/>\n\t<meta property=\"og:image:height\" content=\"1920\" class=\"yoast-seo-meta-tag\" \/>\n\t<meta property=\"og:image:type\" content=\"image\/jpeg\" class=\"yoast-seo-meta-tag\" \/>\n<meta name=\"author\" content=\"tabernaculo\" class=\"yoast-seo-meta-tag\" \/>\n<meta name=\"twitter:card\" content=\"summary_large_image\" class=\"yoast-seo-meta-tag\" \/>\n<meta name=\"twitter:creator\" content=\"@PrensadeDios\" class=\"yoast-seo-meta-tag\" \/>\n<meta name=\"twitter:site\" content=\"@PrensadeDios\" class=\"yoast-seo-meta-tag\" \/>\n<meta name=\"twitter:label1\" content=\"Escrito por\" class=\"yoast-seo-meta-tag\" \/>\n\t<meta name=\"twitter:data1\" content=\"tabernaculo\" class=\"yoast-seo-meta-tag\" \/>\n\t<meta name=\"twitter:label2\" content=\"Tiempo de lectura\" class=\"yoast-seo-meta-tag\" \/>\n\t<meta name=\"twitter:data2\" content=\"5 minutos\" class=\"yoast-seo-meta-tag\" \/>\n<script type=\"application\/ld+json\" class=\"yoast-schema-graph\">{\"@context\":\"https:\/\/schema.org\",\"@graph\":[{\"@type\":\"Article\",\"@id\":\"https:\/\/tabernaculoprensadedios.com\/web\/cuando-todo-esta-normal-en-la-vida-tenemos-que-prepararnos-para-el-escenario-de-la-crisis\/#article\",\"isPartOf\":{\"@id\":\"https:\/\/tabernaculoprensadedios.com\/web\/cuando-todo-esta-normal-en-la-vida-tenemos-que-prepararnos-para-el-escenario-de-la-crisis\/\"},\"author\":{\"name\":\"tabernaculo\",\"@id\":\"https:\/\/tabernaculoprensadedios.com\/web\/#\/schema\/person\/bc0e069fef56b38e177db6f098ae0b6e\"},\"headline\":\"Cuando todo est\u00e1 normal en la vida, tenemos que prepararnos para el escenario de la crisis\",\"datePublished\":\"2022-12-05T16:14:37+00:00\",\"mainEntityOfPage\":{\"@id\":\"https:\/\/tabernaculoprensadedios.com\/web\/cuando-todo-esta-normal-en-la-vida-tenemos-que-prepararnos-para-el-escenario-de-la-crisis\/\"},\"wordCount\":1109,\"commentCount\":0,\"publisher\":{\"@id\":\"https:\/\/tabernaculoprensadedios.com\/web\/#\/schema\/person\/bc0e069fef56b38e177db6f098ae0b6e\"},\"image\":{\"@id\":\"https:\/\/tabernaculoprensadedios.com\/web\/cuando-todo-esta-normal-en-la-vida-tenemos-que-prepararnos-para-el-escenario-de-la-crisis\/#primaryimage\"},\"thumbnailUrl\":\"https:\/\/tabernaculoprensadedios.com\/web\/wp-content\/uploads\/2022\/12\/PREPARARNO.jpg\",\"articleSection\":[\"Articulos\"],\"inLanguage\":\"es\",\"potentialAction\":[{\"@type\":\"CommentAction\",\"name\":\"Comment\",\"target\":[\"https:\/\/tabernaculoprensadedios.com\/web\/cuando-todo-esta-normal-en-la-vida-tenemos-que-prepararnos-para-el-escenario-de-la-crisis\/#respond\"]}]},{\"@type\":\"WebPage\",\"@id\":\"https:\/\/tabernaculoprensadedios.com\/web\/cuando-todo-esta-normal-en-la-vida-tenemos-que-prepararnos-para-el-escenario-de-la-crisis\/\",\"url\":\"https:\/\/tabernaculoprensadedios.com\/web\/cuando-todo-esta-normal-en-la-vida-tenemos-que-prepararnos-para-el-escenario-de-la-crisis\/\",\"name\":\"Cuando todo est\u00e1 normal en la vida, tenemos que prepararnos para el escenario de la crisis - Tabernaculo Prensa de Dios\",\"isPartOf\":{\"@id\":\"https:\/\/tabernaculoprensadedios.com\/web\/#website\"},\"primaryImageOfPage\":{\"@id\":\"https:\/\/tabernaculoprensadedios.com\/web\/cuando-todo-esta-normal-en-la-vida-tenemos-que-prepararnos-para-el-escenario-de-la-crisis\/#primaryimage\"},\"image\":{\"@id\":\"https:\/\/tabernaculoprensadedios.com\/web\/cuando-todo-esta-normal-en-la-vida-tenemos-que-prepararnos-para-el-escenario-de-la-crisis\/#primaryimage\"},\"thumbnailUrl\":\"https:\/\/tabernaculoprensadedios.com\/web\/wp-content\/uploads\/2022\/12\/PREPARARNO.jpg\",\"datePublished\":\"2022-12-05T16:14:37+00:00\",\"breadcrumb\":{\"@id\":\"https:\/\/tabernaculoprensadedios.com\/web\/cuando-todo-esta-normal-en-la-vida-tenemos-que-prepararnos-para-el-escenario-de-la-crisis\/#breadcrumb\"},\"inLanguage\":\"es\",\"potentialAction\":[{\"@type\":\"ReadAction\",\"target\":[\"https:\/\/tabernaculoprensadedios.com\/web\/cuando-todo-esta-normal-en-la-vida-tenemos-que-prepararnos-para-el-escenario-de-la-crisis\/\"]}]},{\"@type\":\"ImageObject\",\"inLanguage\":\"es\",\"@id\":\"https:\/\/tabernaculoprensadedios.com\/web\/cuando-todo-esta-normal-en-la-vida-tenemos-que-prepararnos-para-el-escenario-de-la-crisis\/#primaryimage\",\"url\":\"https:\/\/tabernaculoprensadedios.com\/web\/wp-content\/uploads\/2022\/12\/PREPARARNO.jpg\",\"contentUrl\":\"https:\/\/tabernaculoprensadedios.com\/web\/wp-content\/uploads\/2022\/12\/PREPARARNO.jpg\",\"width\":1920,\"height\":1920},{\"@type\":\"BreadcrumbList\",\"@id\":\"https:\/\/tabernaculoprensadedios.com\/web\/cuando-todo-esta-normal-en-la-vida-tenemos-que-prepararnos-para-el-escenario-de-la-crisis\/#breadcrumb\",\"itemListElement\":[{\"@type\":\"ListItem\",\"position\":1,\"name\":\"Portada\",\"item\":\"https:\/\/tabernaculoprensadedios.com\/web\/\"},{\"@type\":\"ListItem\",\"position\":2,\"name\":\"Cuando todo est\u00e1 normal en la vida, tenemos que prepararnos para el escenario de la crisis\"}]},{\"@type\":\"WebSite\",\"@id\":\"https:\/\/tabernaculoprensadedios.com\/web\/#website\",\"url\":\"https:\/\/tabernaculoprensadedios.com\/web\/\",\"name\":\"Tabernaculo Prensa de Dios\",\"description\":\"Un medio a la manera de Dios\",\"publisher\":{\"@id\":\"https:\/\/tabernaculoprensadedios.com\/web\/#\/schema\/person\/bc0e069fef56b38e177db6f098ae0b6e\"},\"potentialAction\":[{\"@type\":\"SearchAction\",\"target\":{\"@type\":\"EntryPoint\",\"urlTemplate\":\"https:\/\/tabernaculoprensadedios.com\/web\/?s={search_term_string}\"},\"query-input\":{\"@type\":\"PropertyValueSpecification\",\"valueRequired\":true,\"valueName\":\"search_term_string\"}}],\"inLanguage\":\"es\"},{\"@type\":[\"Person\",\"Organization\"],\"@id\":\"https:\/\/tabernaculoprensadedios.com\/web\/#\/schema\/person\/bc0e069fef56b38e177db6f098ae0b6e\",\"name\":\"tabernaculo\",\"image\":{\"@type\":\"ImageObject\",\"inLanguage\":\"es\",\"@id\":\"https:\/\/tabernaculoprensadedios.com\/web\/#\/schema\/person\/image\/\",\"url\":\"https:\/\/tabernaculoprensadedios.com\/web\/wp-content\/uploads\/2015\/06\/login-logo1.png\",\"contentUrl\":\"https:\/\/tabernaculoprensadedios.com\/web\/wp-content\/uploads\/2015\/06\/login-logo1.png\",\"width\":300,\"height\":118,\"caption\":\"tabernaculo\"},\"logo\":{\"@id\":\"https:\/\/tabernaculoprensadedios.com\/web\/#\/schema\/person\/image\/\"},\"url\":\"https:\/\/tabernaculoprensadedios.com\/web\/author\/tabernaculo\/\"}]}<\/script>\n<!-- \/ Yoast SEO Premium plugin. -->","yoast_head_json":{"title":"Cuando todo est\u00e1 normal en la vida, tenemos que prepararnos para el escenario de la crisis - Tabernaculo Prensa de Dios","robots":{"index":"index","follow":"follow","max-snippet":"max-snippet:-1","max-image-preview":"max-image-preview:large","max-video-preview":"max-video-preview:-1"},"canonical":"https:\/\/tabernaculoprensadedios.com\/web\/cuando-todo-esta-normal-en-la-vida-tenemos-que-prepararnos-para-el-escenario-de-la-crisis\/","og_locale":"es_ES","og_type":"article","og_title":"Cuando todo est\u00e1 normal en la vida, tenemos que prepararnos para el escenario de la crisis","og_description":"Quiero dedicar los pr\u00f3ximos segmentos de este programa para estudiar con ustedes un conocido texto de la Escritura, el cap\u00edtulo 11 del Evangelio seg\u00fan San Juan donde tenemos registrado el conocido evento, la muerte y la resurrecci\u00f3n de L\u00e1zaro. Y espero que a trav\u00e9s de este tiempo podamos extraerle a este hermoso pasaje algunas ense\u00f1anzas &hellip;","og_url":"https:\/\/tabernaculoprensadedios.com\/web\/cuando-todo-esta-normal-en-la-vida-tenemos-que-prepararnos-para-el-escenario-de-la-crisis\/","og_site_name":"Tabernaculo Prensa de Dios","article_published_time":"2022-12-05T16:14:37+00:00","og_image":[{"width":1920,"height":1920,"url":"https:\/\/tabernaculoprensadedios.com\/web\/wp-content\/uploads\/2022\/12\/PREPARARNO.jpg","type":"image\/jpeg"}],"author":"tabernaculo","twitter_card":"summary_large_image","twitter_creator":"@PrensadeDios","twitter_site":"@PrensadeDios","twitter_misc":{"Escrito por":"tabernaculo","Tiempo de lectura":"5 minutos"},"schema":{"@context":"https:\/\/schema.org","@graph":[{"@type":"Article","@id":"https:\/\/tabernaculoprensadedios.com\/web\/cuando-todo-esta-normal-en-la-vida-tenemos-que-prepararnos-para-el-escenario-de-la-crisis\/#article","isPartOf":{"@id":"https:\/\/tabernaculoprensadedios.com\/web\/cuando-todo-esta-normal-en-la-vida-tenemos-que-prepararnos-para-el-escenario-de-la-crisis\/"},"author":{"name":"tabernaculo","@id":"https:\/\/tabernaculoprensadedios.com\/web\/#\/schema\/person\/bc0e069fef56b38e177db6f098ae0b6e"},"headline":"Cuando todo est\u00e1 normal en la vida, tenemos que prepararnos para el escenario de la crisis","datePublished":"2022-12-05T16:14:37+00:00","mainEntityOfPage":{"@id":"https:\/\/tabernaculoprensadedios.com\/web\/cuando-todo-esta-normal-en-la-vida-tenemos-que-prepararnos-para-el-escenario-de-la-crisis\/"},"wordCount":1109,"commentCount":0,"publisher":{"@id":"https:\/\/tabernaculoprensadedios.com\/web\/#\/schema\/person\/bc0e069fef56b38e177db6f098ae0b6e"},"image":{"@id":"https:\/\/tabernaculoprensadedios.com\/web\/cuando-todo-esta-normal-en-la-vida-tenemos-que-prepararnos-para-el-escenario-de-la-crisis\/#primaryimage"},"thumbnailUrl":"https:\/\/tabernaculoprensadedios.com\/web\/wp-content\/uploads\/2022\/12\/PREPARARNO.jpg","articleSection":["Articulos"],"inLanguage":"es","potentialAction":[{"@type":"CommentAction","name":"Comment","target":["https:\/\/tabernaculoprensadedios.com\/web\/cuando-todo-esta-normal-en-la-vida-tenemos-que-prepararnos-para-el-escenario-de-la-crisis\/#respond"]}]},{"@type":"WebPage","@id":"https:\/\/tabernaculoprensadedios.com\/web\/cuando-todo-esta-normal-en-la-vida-tenemos-que-prepararnos-para-el-escenario-de-la-crisis\/","url":"https:\/\/tabernaculoprensadedios.com\/web\/cuando-todo-esta-normal-en-la-vida-tenemos-que-prepararnos-para-el-escenario-de-la-crisis\/","name":"Cuando todo est\u00e1 normal en la vida, tenemos que prepararnos para el escenario de la crisis - Tabernaculo Prensa de Dios","isPartOf":{"@id":"https:\/\/tabernaculoprensadedios.com\/web\/#website"},"primaryImageOfPage":{"@id":"https:\/\/tabernaculoprensadedios.com\/web\/cuando-todo-esta-normal-en-la-vida-tenemos-que-prepararnos-para-el-escenario-de-la-crisis\/#primaryimage"},"image":{"@id":"https:\/\/tabernaculoprensadedios.com\/web\/cuando-todo-esta-normal-en-la-vida-tenemos-que-prepararnos-para-el-escenario-de-la-crisis\/#primaryimage"},"thumbnailUrl":"https:\/\/tabernaculoprensadedios.com\/web\/wp-content\/uploads\/2022\/12\/PREPARARNO.jpg","datePublished":"2022-12-05T16:14:37+00:00","breadcrumb":{"@id":"https:\/\/tabernaculoprensadedios.com\/web\/cuando-todo-esta-normal-en-la-vida-tenemos-que-prepararnos-para-el-escenario-de-la-crisis\/#breadcrumb"},"inLanguage":"es","potentialAction":[{"@type":"ReadAction","target":["https:\/\/tabernaculoprensadedios.com\/web\/cuando-todo-esta-normal-en-la-vida-tenemos-que-prepararnos-para-el-escenario-de-la-crisis\/"]}]},{"@type":"ImageObject","inLanguage":"es","@id":"https:\/\/tabernaculoprensadedios.com\/web\/cuando-todo-esta-normal-en-la-vida-tenemos-que-prepararnos-para-el-escenario-de-la-crisis\/#primaryimage","url":"https:\/\/tabernaculoprensadedios.com\/web\/wp-content\/uploads\/2022\/12\/PREPARARNO.jpg","contentUrl":"https:\/\/tabernaculoprensadedios.com\/web\/wp-content\/uploads\/2022\/12\/PREPARARNO.jpg","width":1920,"height":1920},{"@type":"BreadcrumbList","@id":"https:\/\/tabernaculoprensadedios.com\/web\/cuando-todo-esta-normal-en-la-vida-tenemos-que-prepararnos-para-el-escenario-de-la-crisis\/#breadcrumb","itemListElement":[{"@type":"ListItem","position":1,"name":"Portada","item":"https:\/\/tabernaculoprensadedios.com\/web\/"},{"@type":"ListItem","position":2,"name":"Cuando todo est\u00e1 normal en la vida, tenemos que prepararnos para el escenario de la crisis"}]},{"@type":"WebSite","@id":"https:\/\/tabernaculoprensadedios.com\/web\/#website","url":"https:\/\/tabernaculoprensadedios.com\/web\/","name":"Tabernaculo Prensa de Dios","description":"Un medio a la manera de Dios","publisher":{"@id":"https:\/\/tabernaculoprensadedios.com\/web\/#\/schema\/person\/bc0e069fef56b38e177db6f098ae0b6e"},"potentialAction":[{"@type":"SearchAction","target":{"@type":"EntryPoint","urlTemplate":"https:\/\/tabernaculoprensadedios.com\/web\/?s={search_term_string}"},"query-input":{"@type":"PropertyValueSpecification","valueRequired":true,"valueName":"search_term_string"}}],"inLanguage":"es"},{"@type":["Person","Organization"],"@id":"https:\/\/tabernaculoprensadedios.com\/web\/#\/schema\/person\/bc0e069fef56b38e177db6f098ae0b6e","name":"tabernaculo","image":{"@type":"ImageObject","inLanguage":"es","@id":"https:\/\/tabernaculoprensadedios.com\/web\/#\/schema\/person\/image\/","url":"https:\/\/tabernaculoprensadedios.com\/web\/wp-content\/uploads\/2015\/06\/login-logo1.png","contentUrl":"https:\/\/tabernaculoprensadedios.com\/web\/wp-content\/uploads\/2015\/06\/login-logo1.png","width":300,"height":118,"caption":"tabernaculo"},"logo":{"@id":"https:\/\/tabernaculoprensadedios.com\/web\/#\/schema\/person\/image\/"},"url":"https:\/\/tabernaculoprensadedios.com\/web\/author\/tabernaculo\/"}]}},"_links":{"self":[{"href":"https:\/\/tabernaculoprensadedios.com\/web\/wp-json\/wp\/v2\/posts\/26744","targetHints":{"allow":["GET"]}}],"collection":[{"href":"https:\/\/tabernaculoprensadedios.com\/web\/wp-json\/wp\/v2\/posts"}],"about":[{"href":"https:\/\/tabernaculoprensadedios.com\/web\/wp-json\/wp\/v2\/types\/post"}],"author":[{"embeddable":true,"href":"https:\/\/tabernaculoprensadedios.com\/web\/wp-json\/wp\/v2\/users\/1"}],"replies":[{"embeddable":true,"href":"https:\/\/tabernaculoprensadedios.com\/web\/wp-json\/wp\/v2\/comments?post=26744"}],"version-history":[{"count":2,"href":"https:\/\/tabernaculoprensadedios.com\/web\/wp-json\/wp\/v2\/posts\/26744\/revisions"}],"predecessor-version":[{"id":26747,"href":"https:\/\/tabernaculoprensadedios.com\/web\/wp-json\/wp\/v2\/posts\/26744\/revisions\/26747"}],"wp:featuredmedia":[{"embeddable":true,"href":"https:\/\/tabernaculoprensadedios.com\/web\/wp-json\/wp\/v2\/media\/26745"}],"wp:attachment":[{"href":"https:\/\/tabernaculoprensadedios.com\/web\/wp-json\/wp\/v2\/media?parent=26744"}],"wp:term":[{"taxonomy":"category","embeddable":true,"href":"https:\/\/tabernaculoprensadedios.com\/web\/wp-json\/wp\/v2\/categories?post=26744"},{"taxonomy":"post_tag","embeddable":true,"href":"https:\/\/tabernaculoprensadedios.com\/web\/wp-json\/wp\/v2\/tags?post=26744"}],"curies":[{"name":"wp","href":"https:\/\/api.w.org\/{rel}","templated":true}]}}