{"id":26741,"date":"2022-12-05T15:59:41","date_gmt":"2022-12-05T15:59:41","guid":{"rendered":"https:\/\/tabernaculoprensadedios.com\/web\/?p=26741"},"modified":"2022-12-05T16:07:54","modified_gmt":"2022-12-05T16:07:54","slug":"tenemos-que-avanzar-y-no-retroceder","status":"publish","type":"post","link":"https:\/\/tabernaculoprensadedios.com\/web\/tenemos-que-avanzar-y-no-retroceder\/","title":{"rendered":"Tenemos que avanzar y no retroceder"},"content":{"rendered":"<p><strong><u>HEBREOS 10:38-39<\/u><\/strong><strong> Mas el justo vivir\u00e1 por fe; Y si retrocediere, no agradar\u00e1 a mi alma. 39 Pero nosotros no somos de los que retroceden para perdici\u00f3n, sino de los que tienen fe para preservaci\u00f3n del alma<\/strong>. <u><\/u><u><\/u><\/p>\n<p>Hemos llegado ya al mes de diciembre, estamos a pocos d\u00edas de terminar un a\u00f1o y de comenzar un nuevo a\u00f1o gracias al Se\u00f1or y cada final de a\u00f1o es un tiempo para agradecer las bendiciones de Dios recibidas y de reflexionar sobre la forma como hemos vivido este a\u00f1o que termina y cuales son las cosas que debemos mejorar para el a\u00f1o que est\u00e1 por comenzar.<u><\/u><u><\/u><\/p>\n<p>Y hoy es un buen momento para comprender que para terminar este a\u00f1o 2022 en victoria y comenzar el nuevo a\u00f1o 2023 con \u00e1nimo y esperanza <strong>NECESITAMOS FE<\/strong>.<u><\/u><u><\/u><\/p>\n<p>El texto que le\u00edmos para comenzar nos muestra dos verdades espirituales muy importantes para la vida de cada uno de nosotros: <strong>EL CRISTIANO DE FE AVANZA, NO RETROCEDE<\/strong>.<u><\/u><u><\/u><\/p>\n<p><strong>VEAMOS LO QUE NOS ENSE\u00d1A LA PALABRA DE DIOS<\/strong>:<u><\/u><u><\/u><\/p>\n<p><strong><u>I) LOS CRISTIANOS DEBEMOS VIVIR POR FE, ESO SIGNIFICA AVANZAR, ACCIONAR, CONVERTIR NUESTRA FE EN OBRAS (SANTIAGO 2:26)<\/u><\/strong><strong> Porque como el cuerpo sin esp\u00edritu est\u00e1 muerto, as\u00ed tambi\u00e9n la fe sin obras est\u00e1 muerta<\/strong>.<u><\/u><u><\/u><\/p>\n<p>La palabra <strong>ACCIONAR<\/strong> tiene un significado muy importante en la vida cristiana <strong>PASAR DE LAS PALABRAS A LA ACCI\u00d3N<\/strong>, ponerse en movimiento.<u><\/u><u><\/u><\/p>\n<p>Posiblemente este a\u00f1o muchos de nosotros fuimos cristianos de fe, pero de una fe sin obras, de una fe solamente de palabras, de vers\u00edculos aprendidos de memoria, pero lastimosamente no llevamos esa fe a la acci\u00f3n, para avanzar, para levantarnos de la situaci\u00f3n en la que estamos, para buscar nuevas oportunidades para nuestra vida, para tocar las puertas para nuestra bendici\u00f3n.<u><\/u><u><\/u><\/p>\n<p>Si vemos en la Biblia siempre nuestro Dios ha llamado a su pueblo a confiar y avanzar, a caminar, a no tener temor<u><\/u><u><\/u><\/p>\n<p><strong><u>\u00c9XODO 14:14-15<\/u><\/strong> <em><b>Jehov\u00e1 pelear\u00e1 por vosotros, y vosotros estar\u00e9is tranquilos. 15 Entonces Jehov\u00e1 dijo a Mois\u00e9s: \u00bfPor qu\u00e9 clamas a m\u00ed? Di a los hijos de Israel que marchen<\/b><\/em>.<u><\/u><u><\/u><\/p>\n<p><strong><u>JOSU\u00c9 1:1-3<\/u><\/strong> <em><b>Aconteci\u00f3 despu\u00e9s de la muerte de Mois\u00e9s siervo de Jehov\u00e1, que Jehov\u00e1 habl\u00f3 a Josu\u00e9 hijo de Nun, servidor de Mois\u00e9s, diciendo: 2 Mi siervo Mois\u00e9s ha muerto; ahora, pues, lev\u00e1ntate y pasa este Jord\u00e1n, t\u00fa y todo este pueblo, a la tierra que yo les doy a los hijos de Israel. 3 Yo os he entregado, como lo hab\u00eda dicho a Mois\u00e9s, todo lugar que pisare la planta de vuestro pie<\/b><\/em>.<u><\/u><u><\/u><\/p>\n<p><strong><u>MATEO 14:27-29<\/u><\/strong> <em><b>Pero en seguida Jes\u00fas les habl\u00f3, diciendo: \u00a1Tened \u00e1nimo; yo soy, no tem\u00e1is! 28 Entonces le respondi\u00f3 Pedro, y dijo: Se\u00f1or, si eres t\u00fa, manda que yo vaya a ti sobre las aguas. 29 Y \u00e9l dijo: Ven. Y descendiendo Pedro de la barca, andaba sobre las aguas para ir a Jes\u00fas<\/b><\/em>.<u><\/u><u><\/u><\/p>\n<p>En la palabra de Dios podemos ver que la personas que hoy son consideradas como h\u00e9roes de la fe, no son aquellos que solamente creyeron en Dios, en su poder y en sus promesas, sino que llevaron esa fe a la acci\u00f3n, como lo vemos en Abraham, que le crey\u00f3 a Dios y sali\u00f3 de su tierra sin saber a donde iba, como lo vemos cuando conf\u00edo en Dios y estuvo dispuesto a ofrecer a su hijo Isaac en holocausto, como lo vemos en la vida de David que confio en Dios y se atrevio a enfrentar al gigante Goliat, como lo vemos en Daniel y sus amigos que tenian fe en la proteccion de Dios y se atrevieron a desafiar a los reyes de Babilonia.<u><\/u><u><\/u><\/p>\n<p>Es por eso que la palabra de Dios nos recuerda algo que todos los cirstianos tenemos que tener bien claro en nuestra vida (<strong><u>1 Corintios 4:20)<\/u><\/strong> <em><b>Porque el reino de Dios no consiste en palabras, sino en poder<\/b><\/em>.<u><\/u><u><\/u><\/p>\n<p><strong><u>II) LOS CRISTIANOS DEBEMOS VIVIR POR FE, ESO SIGNIFICA NO RETROCEDER, NO VOLVER ATR\u00c1S, NO RENDIRNOS (FILIPENSES 3:13-14)<\/u><\/strong><strong> Hermanos, yo mismo no pretendo haberlo ya alcanzado; pero una cosa hago: olvidando ciertamente lo que queda atr\u00e1s, y extendi\u00e9ndome a lo que est\u00e1 delante, 14 prosigo a la meta, al premio del supremo llamamiento de Dios en Cristo Jes\u00fas<\/strong>.<u><\/u><u><\/u><\/p>\n<p>El texto que le\u00edmos para comenzar nos dice que los que retroceden no agradan el coraz\u00f3n de Dios, \u00e9l no quiere que volvamos atr\u00e1s, a nuestro estilo de vida pasado, de donde \u00e9l nos sac\u00f3 por su amor y su misericordia. Tal como lo dice el ap\u00f3stol Pablo en el texto si una cosa tenemos que hacer para terminar este a\u00f1o en victoria es <strong>EXTENDERNOS A LO QUE EST\u00c1 ADELANTE<\/strong>, es decir, no debemos seguir enfocados en las cosas de nuestra vida pasada, sino poner la mirada en todo lo bueno y nuevo que Dios tiene para nosotros.<u><\/u><u><\/u><\/p>\n<p>Tenemos que dejar atr\u00e1s de una vez por todas las cosas viejas que tanto da\u00f1o nos han hecho, vicios, adicciones, relaciones destructivas, rencores, amarguras, y avanzar a lo que Dios tiene preparado para nosotros, pues volver atr\u00e1s ya teniendo conocimiento de Dios y habiendo experimentado su amor y su misericordia trae a nuestra vida duras consecuencias <strong><u>(2 Pedro 2:2\u2019-22)<\/u><\/strong> <em><b>Ciertamente, si habi\u00e9ndose ellos escapado de las contaminaciones del mundo, por el conocimiento del Se\u00f1or y Salvador Jesucristo, enred\u00e1ndose otra vez en ellas son vencidos, su postrer estado viene a ser peor que el primero. 21 Porque mejor les hubiera sido no haber conocido el camino de la justicia, que despu\u00e9s de haberlo conocido, volverse atr\u00e1s del santo mandamiento que les fue dado. 22 Pero les ha acontecido lo del verdadero proverbio: El perro vuelve a su v\u00f3mito, y la puerca lavada a revolcarse en el cieno<\/b><\/em>.<u><\/u><u><\/u><\/p>\n<p>Vivir por fe tambi\u00e9n significa <strong>NO DESCUIDAR NI RENUNCIAR<\/strong> a lo que Dios nos ha confiado, a los privilegios que DIos ha puesto en nuestras manos <strong><u>(Lucas 9:62)<\/u><\/strong><strong> Y Jes\u00fas le dijo: Ninguno que poniendo su mano en el arado mira hacia atr\u00e1s, es apto para el reino de Dios<\/strong>.<u><\/u><u><\/u><\/p>\n<p><strong><u>CONCLUSI\u00d3N:<\/u><\/strong> Terminemos el a\u00f1o avanzando en los caminos de Dios, caminando en fe confiando en el Se\u00f1or, y sin pensar en volver atr\u00e1s, quitando de nuestra mente esos pensamientos de derrota o de temor, pues quien nos sostiene es el Se\u00f1or <strong><u>(Isa\u00edas 41:13)<\/u><\/strong><strong> Porque yo Jehov\u00e1 soy tu Dios, quien te sostiene de tu mano derecha, y te dice: No temas, yo te ayudo<\/strong>.<\/p>\n","protected":false},"excerpt":{"rendered":"<p>HEBREOS 10:38-39 Mas el justo vivir\u00e1 por fe; Y si retrocediere, no agradar\u00e1 a mi alma. 39 Pero nosotros no somos de los que retroceden para perdici\u00f3n, sino de los que tienen fe para preservaci\u00f3n del alma. Hemos llegado ya al mes de diciembre, estamos a pocos d\u00edas de terminar un a\u00f1o y de comenzar &hellip;<\/p>\n","protected":false},"author":1,"featured_media":26742,"comment_status":"open","ping_status":"open","sticky":false,"template":"","format":"standard","meta":{"footnotes":""},"categories":[38],"tags":[],"class_list":["post-26741","post","type-post","status-publish","format-standard","has-post-thumbnail","hentry","category-principal"],"yoast_head":"<!-- This site is optimized with the Yoast SEO Premium plugin v24.2 (Yoast SEO v27.1.1) - https:\/\/yoast.com\/product\/yoast-seo-premium-wordpress\/ -->\n<title>Tenemos que avanzar y no retroceder - Tabernaculo Prensa de Dios<\/title>\n<meta name=\"robots\" content=\"index, follow, max-snippet:-1, max-image-preview:large, max-video-preview:-1\" \/>\n<link rel=\"canonical\" href=\"https:\/\/tabernaculoprensadedios.com\/web\/tenemos-que-avanzar-y-no-retroceder\/\" class=\"yoast-seo-meta-tag\" \/>\n<meta property=\"og:locale\" content=\"es_ES\" class=\"yoast-seo-meta-tag\" \/>\n<meta property=\"og:type\" content=\"article\" class=\"yoast-seo-meta-tag\" \/>\n<meta property=\"og:title\" content=\"Tenemos que avanzar y no retroceder\" class=\"yoast-seo-meta-tag\" \/>\n<meta property=\"og:description\" content=\"HEBREOS 10:38-39 Mas el justo vivir\u00e1 por fe; Y si retrocediere, no agradar\u00e1 a mi alma. 39 Pero nosotros no somos de los que retroceden para perdici\u00f3n, sino de los que tienen fe para preservaci\u00f3n del alma. Hemos llegado ya al mes de diciembre, estamos a pocos d\u00edas de terminar un a\u00f1o y de comenzar &hellip;\" class=\"yoast-seo-meta-tag\" \/>\n<meta property=\"og:url\" content=\"https:\/\/tabernaculoprensadedios.com\/web\/tenemos-que-avanzar-y-no-retroceder\/\" class=\"yoast-seo-meta-tag\" \/>\n<meta property=\"og:site_name\" content=\"Tabernaculo Prensa de Dios\" class=\"yoast-seo-meta-tag\" \/>\n<meta property=\"article:published_time\" content=\"2022-12-05T15:59:41+00:00\" class=\"yoast-seo-meta-tag\" \/>\n<meta property=\"article:modified_time\" content=\"2022-12-05T16:07:54+00:00\" class=\"yoast-seo-meta-tag\" \/>\n<meta property=\"og:image\" content=\"https:\/\/tabernaculoprensadedios.com\/web\/wp-content\/uploads\/2022\/12\/ATRAS.jpg\" class=\"yoast-seo-meta-tag\" \/>\n\t<meta property=\"og:image:width\" content=\"1280\" class=\"yoast-seo-meta-tag\" \/>\n\t<meta property=\"og:image:height\" content=\"720\" class=\"yoast-seo-meta-tag\" \/>\n\t<meta property=\"og:image:type\" content=\"image\/jpeg\" class=\"yoast-seo-meta-tag\" \/>\n<meta name=\"author\" content=\"tabernaculo\" class=\"yoast-seo-meta-tag\" \/>\n<meta name=\"twitter:card\" content=\"summary_large_image\" class=\"yoast-seo-meta-tag\" \/>\n<meta name=\"twitter:creator\" content=\"@PrensadeDios\" class=\"yoast-seo-meta-tag\" \/>\n<meta name=\"twitter:site\" content=\"@PrensadeDios\" class=\"yoast-seo-meta-tag\" \/>\n<meta name=\"twitter:label1\" content=\"Escrito por\" class=\"yoast-seo-meta-tag\" \/>\n\t<meta name=\"twitter:data1\" content=\"tabernaculo\" class=\"yoast-seo-meta-tag\" \/>\n\t<meta name=\"twitter:label2\" content=\"Tiempo de lectura\" class=\"yoast-seo-meta-tag\" \/>\n\t<meta name=\"twitter:data2\" content=\"5 minutos\" class=\"yoast-seo-meta-tag\" \/>\n<script type=\"application\/ld+json\" class=\"yoast-schema-graph\">{\"@context\":\"https:\/\/schema.org\",\"@graph\":[{\"@type\":\"Article\",\"@id\":\"https:\/\/tabernaculoprensadedios.com\/web\/tenemos-que-avanzar-y-no-retroceder\/#article\",\"isPartOf\":{\"@id\":\"https:\/\/tabernaculoprensadedios.com\/web\/tenemos-que-avanzar-y-no-retroceder\/\"},\"author\":{\"name\":\"tabernaculo\",\"@id\":\"https:\/\/tabernaculoprensadedios.com\/web\/#\/schema\/person\/bc0e069fef56b38e177db6f098ae0b6e\"},\"headline\":\"Tenemos que avanzar y no retroceder\",\"datePublished\":\"2022-12-05T15:59:41+00:00\",\"dateModified\":\"2022-12-05T16:07:54+00:00\",\"mainEntityOfPage\":{\"@id\":\"https:\/\/tabernaculoprensadedios.com\/web\/tenemos-que-avanzar-y-no-retroceder\/\"},\"wordCount\":1100,\"commentCount\":0,\"publisher\":{\"@id\":\"https:\/\/tabernaculoprensadedios.com\/web\/#\/schema\/person\/bc0e069fef56b38e177db6f098ae0b6e\"},\"image\":{\"@id\":\"https:\/\/tabernaculoprensadedios.com\/web\/tenemos-que-avanzar-y-no-retroceder\/#primaryimage\"},\"thumbnailUrl\":\"https:\/\/tabernaculoprensadedios.com\/web\/wp-content\/uploads\/2022\/12\/ATRAS.jpg\",\"articleSection\":[\"Principal\"],\"inLanguage\":\"es\",\"potentialAction\":[{\"@type\":\"CommentAction\",\"name\":\"Comment\",\"target\":[\"https:\/\/tabernaculoprensadedios.com\/web\/tenemos-que-avanzar-y-no-retroceder\/#respond\"]}]},{\"@type\":\"WebPage\",\"@id\":\"https:\/\/tabernaculoprensadedios.com\/web\/tenemos-que-avanzar-y-no-retroceder\/\",\"url\":\"https:\/\/tabernaculoprensadedios.com\/web\/tenemos-que-avanzar-y-no-retroceder\/\",\"name\":\"Tenemos que avanzar y no retroceder - Tabernaculo Prensa de Dios\",\"isPartOf\":{\"@id\":\"https:\/\/tabernaculoprensadedios.com\/web\/#website\"},\"primaryImageOfPage\":{\"@id\":\"https:\/\/tabernaculoprensadedios.com\/web\/tenemos-que-avanzar-y-no-retroceder\/#primaryimage\"},\"image\":{\"@id\":\"https:\/\/tabernaculoprensadedios.com\/web\/tenemos-que-avanzar-y-no-retroceder\/#primaryimage\"},\"thumbnailUrl\":\"https:\/\/tabernaculoprensadedios.com\/web\/wp-content\/uploads\/2022\/12\/ATRAS.jpg\",\"datePublished\":\"2022-12-05T15:59:41+00:00\",\"dateModified\":\"2022-12-05T16:07:54+00:00\",\"breadcrumb\":{\"@id\":\"https:\/\/tabernaculoprensadedios.com\/web\/tenemos-que-avanzar-y-no-retroceder\/#breadcrumb\"},\"inLanguage\":\"es\",\"potentialAction\":[{\"@type\":\"ReadAction\",\"target\":[\"https:\/\/tabernaculoprensadedios.com\/web\/tenemos-que-avanzar-y-no-retroceder\/\"]}]},{\"@type\":\"ImageObject\",\"inLanguage\":\"es\",\"@id\":\"https:\/\/tabernaculoprensadedios.com\/web\/tenemos-que-avanzar-y-no-retroceder\/#primaryimage\",\"url\":\"https:\/\/tabernaculoprensadedios.com\/web\/wp-content\/uploads\/2022\/12\/ATRAS.jpg\",\"contentUrl\":\"https:\/\/tabernaculoprensadedios.com\/web\/wp-content\/uploads\/2022\/12\/ATRAS.jpg\",\"width\":1280,\"height\":720},{\"@type\":\"BreadcrumbList\",\"@id\":\"https:\/\/tabernaculoprensadedios.com\/web\/tenemos-que-avanzar-y-no-retroceder\/#breadcrumb\",\"itemListElement\":[{\"@type\":\"ListItem\",\"position\":1,\"name\":\"Portada\",\"item\":\"https:\/\/tabernaculoprensadedios.com\/web\/\"},{\"@type\":\"ListItem\",\"position\":2,\"name\":\"Tenemos que avanzar y no retroceder\"}]},{\"@type\":\"WebSite\",\"@id\":\"https:\/\/tabernaculoprensadedios.com\/web\/#website\",\"url\":\"https:\/\/tabernaculoprensadedios.com\/web\/\",\"name\":\"Tabernaculo Prensa de Dios\",\"description\":\"Un medio a la manera de Dios\",\"publisher\":{\"@id\":\"https:\/\/tabernaculoprensadedios.com\/web\/#\/schema\/person\/bc0e069fef56b38e177db6f098ae0b6e\"},\"potentialAction\":[{\"@type\":\"SearchAction\",\"target\":{\"@type\":\"EntryPoint\",\"urlTemplate\":\"https:\/\/tabernaculoprensadedios.com\/web\/?s={search_term_string}\"},\"query-input\":{\"@type\":\"PropertyValueSpecification\",\"valueRequired\":true,\"valueName\":\"search_term_string\"}}],\"inLanguage\":\"es\"},{\"@type\":[\"Person\",\"Organization\"],\"@id\":\"https:\/\/tabernaculoprensadedios.com\/web\/#\/schema\/person\/bc0e069fef56b38e177db6f098ae0b6e\",\"name\":\"tabernaculo\",\"image\":{\"@type\":\"ImageObject\",\"inLanguage\":\"es\",\"@id\":\"https:\/\/tabernaculoprensadedios.com\/web\/#\/schema\/person\/image\/\",\"url\":\"https:\/\/tabernaculoprensadedios.com\/web\/wp-content\/uploads\/2015\/06\/login-logo1.png\",\"contentUrl\":\"https:\/\/tabernaculoprensadedios.com\/web\/wp-content\/uploads\/2015\/06\/login-logo1.png\",\"width\":300,\"height\":118,\"caption\":\"tabernaculo\"},\"logo\":{\"@id\":\"https:\/\/tabernaculoprensadedios.com\/web\/#\/schema\/person\/image\/\"},\"url\":\"https:\/\/tabernaculoprensadedios.com\/web\/author\/tabernaculo\/\"}]}<\/script>\n<!-- \/ Yoast SEO Premium plugin. -->","yoast_head_json":{"title":"Tenemos que avanzar y no retroceder - Tabernaculo Prensa de Dios","robots":{"index":"index","follow":"follow","max-snippet":"max-snippet:-1","max-image-preview":"max-image-preview:large","max-video-preview":"max-video-preview:-1"},"canonical":"https:\/\/tabernaculoprensadedios.com\/web\/tenemos-que-avanzar-y-no-retroceder\/","og_locale":"es_ES","og_type":"article","og_title":"Tenemos que avanzar y no retroceder","og_description":"HEBREOS 10:38-39 Mas el justo vivir\u00e1 por fe; Y si retrocediere, no agradar\u00e1 a mi alma. 39 Pero nosotros no somos de los que retroceden para perdici\u00f3n, sino de los que tienen fe para preservaci\u00f3n del alma. Hemos llegado ya al mes de diciembre, estamos a pocos d\u00edas de terminar un a\u00f1o y de comenzar &hellip;","og_url":"https:\/\/tabernaculoprensadedios.com\/web\/tenemos-que-avanzar-y-no-retroceder\/","og_site_name":"Tabernaculo Prensa de Dios","article_published_time":"2022-12-05T15:59:41+00:00","article_modified_time":"2022-12-05T16:07:54+00:00","og_image":[{"width":1280,"height":720,"url":"https:\/\/tabernaculoprensadedios.com\/web\/wp-content\/uploads\/2022\/12\/ATRAS.jpg","type":"image\/jpeg"}],"author":"tabernaculo","twitter_card":"summary_large_image","twitter_creator":"@PrensadeDios","twitter_site":"@PrensadeDios","twitter_misc":{"Escrito por":"tabernaculo","Tiempo de lectura":"5 minutos"},"schema":{"@context":"https:\/\/schema.org","@graph":[{"@type":"Article","@id":"https:\/\/tabernaculoprensadedios.com\/web\/tenemos-que-avanzar-y-no-retroceder\/#article","isPartOf":{"@id":"https:\/\/tabernaculoprensadedios.com\/web\/tenemos-que-avanzar-y-no-retroceder\/"},"author":{"name":"tabernaculo","@id":"https:\/\/tabernaculoprensadedios.com\/web\/#\/schema\/person\/bc0e069fef56b38e177db6f098ae0b6e"},"headline":"Tenemos que avanzar y no retroceder","datePublished":"2022-12-05T15:59:41+00:00","dateModified":"2022-12-05T16:07:54+00:00","mainEntityOfPage":{"@id":"https:\/\/tabernaculoprensadedios.com\/web\/tenemos-que-avanzar-y-no-retroceder\/"},"wordCount":1100,"commentCount":0,"publisher":{"@id":"https:\/\/tabernaculoprensadedios.com\/web\/#\/schema\/person\/bc0e069fef56b38e177db6f098ae0b6e"},"image":{"@id":"https:\/\/tabernaculoprensadedios.com\/web\/tenemos-que-avanzar-y-no-retroceder\/#primaryimage"},"thumbnailUrl":"https:\/\/tabernaculoprensadedios.com\/web\/wp-content\/uploads\/2022\/12\/ATRAS.jpg","articleSection":["Principal"],"inLanguage":"es","potentialAction":[{"@type":"CommentAction","name":"Comment","target":["https:\/\/tabernaculoprensadedios.com\/web\/tenemos-que-avanzar-y-no-retroceder\/#respond"]}]},{"@type":"WebPage","@id":"https:\/\/tabernaculoprensadedios.com\/web\/tenemos-que-avanzar-y-no-retroceder\/","url":"https:\/\/tabernaculoprensadedios.com\/web\/tenemos-que-avanzar-y-no-retroceder\/","name":"Tenemos que avanzar y no retroceder - Tabernaculo Prensa de Dios","isPartOf":{"@id":"https:\/\/tabernaculoprensadedios.com\/web\/#website"},"primaryImageOfPage":{"@id":"https:\/\/tabernaculoprensadedios.com\/web\/tenemos-que-avanzar-y-no-retroceder\/#primaryimage"},"image":{"@id":"https:\/\/tabernaculoprensadedios.com\/web\/tenemos-que-avanzar-y-no-retroceder\/#primaryimage"},"thumbnailUrl":"https:\/\/tabernaculoprensadedios.com\/web\/wp-content\/uploads\/2022\/12\/ATRAS.jpg","datePublished":"2022-12-05T15:59:41+00:00","dateModified":"2022-12-05T16:07:54+00:00","breadcrumb":{"@id":"https:\/\/tabernaculoprensadedios.com\/web\/tenemos-que-avanzar-y-no-retroceder\/#breadcrumb"},"inLanguage":"es","potentialAction":[{"@type":"ReadAction","target":["https:\/\/tabernaculoprensadedios.com\/web\/tenemos-que-avanzar-y-no-retroceder\/"]}]},{"@type":"ImageObject","inLanguage":"es","@id":"https:\/\/tabernaculoprensadedios.com\/web\/tenemos-que-avanzar-y-no-retroceder\/#primaryimage","url":"https:\/\/tabernaculoprensadedios.com\/web\/wp-content\/uploads\/2022\/12\/ATRAS.jpg","contentUrl":"https:\/\/tabernaculoprensadedios.com\/web\/wp-content\/uploads\/2022\/12\/ATRAS.jpg","width":1280,"height":720},{"@type":"BreadcrumbList","@id":"https:\/\/tabernaculoprensadedios.com\/web\/tenemos-que-avanzar-y-no-retroceder\/#breadcrumb","itemListElement":[{"@type":"ListItem","position":1,"name":"Portada","item":"https:\/\/tabernaculoprensadedios.com\/web\/"},{"@type":"ListItem","position":2,"name":"Tenemos que avanzar y no retroceder"}]},{"@type":"WebSite","@id":"https:\/\/tabernaculoprensadedios.com\/web\/#website","url":"https:\/\/tabernaculoprensadedios.com\/web\/","name":"Tabernaculo Prensa de Dios","description":"Un medio a la manera de Dios","publisher":{"@id":"https:\/\/tabernaculoprensadedios.com\/web\/#\/schema\/person\/bc0e069fef56b38e177db6f098ae0b6e"},"potentialAction":[{"@type":"SearchAction","target":{"@type":"EntryPoint","urlTemplate":"https:\/\/tabernaculoprensadedios.com\/web\/?s={search_term_string}"},"query-input":{"@type":"PropertyValueSpecification","valueRequired":true,"valueName":"search_term_string"}}],"inLanguage":"es"},{"@type":["Person","Organization"],"@id":"https:\/\/tabernaculoprensadedios.com\/web\/#\/schema\/person\/bc0e069fef56b38e177db6f098ae0b6e","name":"tabernaculo","image":{"@type":"ImageObject","inLanguage":"es","@id":"https:\/\/tabernaculoprensadedios.com\/web\/#\/schema\/person\/image\/","url":"https:\/\/tabernaculoprensadedios.com\/web\/wp-content\/uploads\/2015\/06\/login-logo1.png","contentUrl":"https:\/\/tabernaculoprensadedios.com\/web\/wp-content\/uploads\/2015\/06\/login-logo1.png","width":300,"height":118,"caption":"tabernaculo"},"logo":{"@id":"https:\/\/tabernaculoprensadedios.com\/web\/#\/schema\/person\/image\/"},"url":"https:\/\/tabernaculoprensadedios.com\/web\/author\/tabernaculo\/"}]}},"_links":{"self":[{"href":"https:\/\/tabernaculoprensadedios.com\/web\/wp-json\/wp\/v2\/posts\/26741","targetHints":{"allow":["GET"]}}],"collection":[{"href":"https:\/\/tabernaculoprensadedios.com\/web\/wp-json\/wp\/v2\/posts"}],"about":[{"href":"https:\/\/tabernaculoprensadedios.com\/web\/wp-json\/wp\/v2\/types\/post"}],"author":[{"embeddable":true,"href":"https:\/\/tabernaculoprensadedios.com\/web\/wp-json\/wp\/v2\/users\/1"}],"replies":[{"embeddable":true,"href":"https:\/\/tabernaculoprensadedios.com\/web\/wp-json\/wp\/v2\/comments?post=26741"}],"version-history":[{"count":1,"href":"https:\/\/tabernaculoprensadedios.com\/web\/wp-json\/wp\/v2\/posts\/26741\/revisions"}],"predecessor-version":[{"id":26743,"href":"https:\/\/tabernaculoprensadedios.com\/web\/wp-json\/wp\/v2\/posts\/26741\/revisions\/26743"}],"wp:featuredmedia":[{"embeddable":true,"href":"https:\/\/tabernaculoprensadedios.com\/web\/wp-json\/wp\/v2\/media\/26742"}],"wp:attachment":[{"href":"https:\/\/tabernaculoprensadedios.com\/web\/wp-json\/wp\/v2\/media?parent=26741"}],"wp:term":[{"taxonomy":"category","embeddable":true,"href":"https:\/\/tabernaculoprensadedios.com\/web\/wp-json\/wp\/v2\/categories?post=26741"},{"taxonomy":"post_tag","embeddable":true,"href":"https:\/\/tabernaculoprensadedios.com\/web\/wp-json\/wp\/v2\/tags?post=26741"}],"curies":[{"name":"wp","href":"https:\/\/api.w.org\/{rel}","templated":true}]}}