{"id":26288,"date":"2022-10-10T13:49:28","date_gmt":"2022-10-10T13:49:28","guid":{"rendered":"https:\/\/tabernaculoprensadedios.com\/web\/?p=26288"},"modified":"2022-10-10T13:49:28","modified_gmt":"2022-10-10T13:49:28","slug":"de-la-negacion-a-la-restauracion","status":"publish","type":"post","link":"https:\/\/tabernaculoprensadedios.com\/web\/de-la-negacion-a-la-restauracion\/","title":{"rendered":"De la Negaci\u00f3n a la Restauraci\u00f3n"},"content":{"rendered":"<p><strong>MATEO:26;69-75 Pedro estaba sentado fuera en el patio; y se le acerc\u00f3 una criada, diciendo: T\u00fa tambi\u00e9n estabas con Jes\u00fas el galileo. 70 Mas \u00e9l neg\u00f3 delante de todos, diciendo: No s\u00e9 lo que dices. 71 Saliendo \u00e9l a la puerta, le vio otra, y dijo a los que estaban all\u00ed: Tambi\u00e9n este estaba con Jes\u00fas el nazareno. 72 Pero \u00e9l neg\u00f3 otra vez con juramento: No conozco al hombre. 73 Un poco despu\u00e9s, acerc\u00e1ndose los que por all\u00ed estaban, dijeron a Pedro: Verdaderamente tambi\u00e9n t\u00fa eres de ellos, porque aun tu manera de hablar te descubre. 74 Entonces \u00e9l comenz\u00f3 a maldecir, y a jurar: No conozco al hombre. Y en seguida cant\u00f3 el gallo. 75 Entonces Pedro se acord\u00f3 de las palabras de Jes\u00fas, que le hab\u00eda dicho: Antes que cante el gallo, me negar\u00e1s tres veces. Y saliendo fuera, llor\u00f3 amargamente.<\/strong>. <u><\/u><u><\/u><\/p>\n<p>En este texto encontramos uno de los momentos m\u00e1s tristes de la vida del ap\u00f3stol Pedro, el momento en el cual neg\u00f3 no solamente una vez al Se\u00f1or, sino tres veces afirmando que ni siquiera lo conoc\u00eda.<u><\/u><u><\/u><\/p>\n<p>En el evangelio de Juan se nos dice que Pedro tambi\u00e9n neg\u00f3 ser disc\u00edpulo <strong>(Juan 18:25) Estaba, pues, Pedro en pie, calent\u00e1ndose. Y le dijeron: \u00bfNo eres t\u00fa de sus disc\u00edpulos? \u00c9l neg\u00f3, y dijo: No lo soy<\/strong>.<u><\/u><u><\/u><\/p>\n<p>Aparentemente Pedro hab\u00eda fracasado como amigo y como disc\u00edpulo del Se\u00f1or, seguramente Pedro pens\u00f3 que para \u00e9l ya no habr\u00eda oportunidad para seguir en la obra para la cual el Se\u00f1or lo hab\u00eda llamado, su coraz\u00f3n estaba tan lleno de tristeza que despu\u00e9s de negar al Se\u00f1or Pedro salio y llor\u00f3 amargamente,<u><\/u><u><\/u><\/p>\n<p>Posiblemente Pedro estaba tan seguro que despu\u00e9s de haber negado de esa manera al Se\u00f1or lo \u00fanico que le quedaba era volver a ser lo que antes era, un pescador, pues como disc\u00edpulo hab\u00eda fracasado <strong>(Juan 21:1-3) Despu\u00e9s de esto, Jes\u00fas se manifest\u00f3 otra vez a sus disc\u00edpulos junto al mar de Tiberias; y se manifest\u00f3 de esta manera: 2 Estaban juntos Sim\u00f3n Pedro, Tom\u00e1s llamado el D\u00eddimo, Natanael el de Can\u00e1 de Galilea, los hijos de Zebedeo, y otros dos de sus disc\u00edpulos. 3 Sim\u00f3n Pedro les dijo: Voy a pescar. Ellos le dijeron: Vamos nosotros tambi\u00e9n contigo. Fueron, y entraron en una barca; y aquella noche no pescaron nada<\/strong>.<u><\/u><u><\/u><\/p>\n<p><strong>APLIQUEMOS ESTA HISTORIA A NUESTRA VIDA CRISTIANA<\/strong>: Posiblemente nosotros en en alg\u00fan momento de vida pudi\u00e9ramos sentirnos exactamente igual que Pedro, sintiendo y pensando que hemos fracasado en la vida cristiana o en nuestro ministerio, ya que posiblemente con nuestras acciones hemos negado al Se\u00f1or y nos hemos comportado como si no conoci\u00e9ramos al Se\u00f1or, y en nuestro interior estamos llorando amargamente, sinti\u00e9ndonos culpables, avergonzados y fracasados y lo peor de todo: LEJOS DE DIOS.<u><\/u><u><\/u><\/p>\n<p>Entonces, <strong>\u00bfQU\u00c9 NECESITAMOS PARA PODER PASAR DE LA NEGACI\u00d3N A LA RESTAURACI\u00d3N DE NUESTRA COMUNI\u00d3N CON DIOS?<\/strong><u><\/u><u><\/u><\/p>\n<p><strong>VEAMOS LO QUE NOS ENSE\u00d1A LA PALABRA DEL SE\u00d1OR (JUAN 21:15-19)<\/strong> <strong>Cuando hubieron comido, Jes\u00fas dijo a Sim\u00f3n Pedro: Sim\u00f3n, hijo de Jon\u00e1s, \u00bfme amas m\u00e1s que estos? Le respondi\u00f3: S\u00ed, Se\u00f1or; t\u00fa sabes que te amo. \u00c9l le dijo: Apacienta mis corderos. 16 Volvi\u00f3 a decirle la segunda vez: Sim\u00f3n, hijo de Jon\u00e1s, \u00bfme amas? Pedro le respondi\u00f3: S\u00ed, Se\u00f1or; t\u00fa sabes que te amo. Le dijo: Pastorea mis ovejas.<\/strong><u><\/u><u><\/u><\/p>\n<p><strong>17 Le dijo la tercera vez: Sim\u00f3n, hijo de Jon\u00e1s, \u00bfme amas? Pedro se entristeci\u00f3 de que le dijese la tercera vez: \u00bfMe amas? y le respondi\u00f3: Se\u00f1or, t\u00fa lo sabes todo; t\u00fa sabes que te amo. Jes\u00fas le dijo: Apacienta mis ovejas. 18 De cierto, de cierto te digo: Cuando eras m\u00e1s joven, te ce\u00f1\u00edas, e ibas a donde quer\u00edas; mas cuando ya seas viejo, extender\u00e1s tus manos, y te ce\u00f1ir\u00e1 otro, y te llevar\u00e1 a donde no quieras. 19 Esto dijo, dando a entender con qu\u00e9 muerte hab\u00eda de glorificar a Dios. Y dicho esto, a\u00f1adi\u00f3: S\u00edgueme<\/strong>.<u><\/u><u><\/u><\/p>\n<p><strong>I) PARA PASAR DE LA NEGACI\u00d3N A LA RESTAURACI\u00d3N NECESITAMOS TENER UNA PL\u00c1TICA\u00a0 A SOLAS CON EL SE\u00d1OR (VS 15) Cuando hubieron comido, Jes\u00fas dijo a Sim\u00f3n Pedro: Sim\u00f3n, hijo de Jon\u00e1s, \u00bfme amas m\u00e1s que estos? Le respondi\u00f3: S\u00ed, Se\u00f1or; t\u00fa sabes que te amo. \u00c9l le dijo: Apacienta mis corderos<\/strong>.<u><\/u><u><\/u><\/p>\n<p>Muchas veces cuando hemos fallado, cuando hemos cometido errores en nuestra vida cristiana, cuando nos hemos apartado, nos acercamos a nuestros pastores, hablamos con los l\u00edderes de nuestros ministerios explic\u00e1ndoles nuestro deseo de volver, explic\u00e1ndoles nuestro deseo de continuar sirviendo, de continuar congreg\u00e1ndonos.<u><\/u><u><\/u><\/p>\n<p>Pero tenemos que comprender algo muy importante: Antes de hablar con los hombres, necesitamos hablar con el Se\u00f1or, pues quien nos salv\u00f3, quien nos llam\u00f3, y a quien le servimos es a nuestro Dios, es al Se\u00f1or quien le hemos fallado primeramente,<u><\/u><u><\/u><\/p>\n<p>Podemos ver que quien busco hablar directamente con Pedro fue Jes\u00fas, eso nos dice que el Se\u00f1or est\u00e1 esperando que hablemos con el.<u><\/u><u><\/u><\/p>\n<p>Pedro estaba en frente de aquel a quien \u00e9l dijo no conocer, estaba en frente de aquel de quien dijo no ser su disc\u00edpulo, era un momento inc\u00f3modo, era un momento dif\u00edcil, <strong>PERO ERA UN MOMENTO NECESARIO PARA PODER SER RESTAURADO<\/strong>. Y esto es exactamente lo que como cristianos necesitamos cuando le hemos fallado al Se\u00f1or.<u><\/u><u><\/u><\/p>\n<p><strong>II) PARA PASAR DE LA NEGACI\u00d3N A LA RESTAURACI\u00d3N EL SE\u00d1OR QUIERE DE NOSOTROS UN CORAZ\u00d3N SINCERO Y HUMILDE (JUAN 21:16-17) Volvi\u00f3 a decirle la segunda vez: Sim\u00f3n, hijo de Jon\u00e1s, \u00bfme amas? Pedro le respondi\u00f3: S\u00ed, Se\u00f1or; t\u00fa sabes que te amo. Le dijo: Pastorea mis ovejas. 17 Le dijo la tercera vez: Sim\u00f3n, hijo de Jon\u00e1s, \u00bfme amas? Pedro se entristeci\u00f3 de que le dijese la tercera vez: \u00bfMe amas? y le respondi\u00f3: Se\u00f1or, t\u00fa lo sabes todo; t\u00fa sabes que te amo. Jes\u00fas le dijo: Apacienta mis ovejas<\/strong>.<u><\/u><u><\/u><\/p>\n<p>Qu\u00e9 preciosas palabras las de Pedro: Se\u00f1or, \u00a1t\u00fa lo sabes todo!&#8230; eso significa, se\u00f1or yo no te puedo enga\u00f1ar, tu conoces verdaderamente quien soy, tu conoces mis fortalezas, pero tambi\u00e9n conoces todas mis debilidades.<u><\/u><u><\/u><\/p>\n<p>Recordemos que antes de ese momento Pedro era alguien con un coraz\u00f3n lleno de autosuficiencia, lleno de vanidad, y de soberbia,<u><\/u><u><\/u><\/p>\n<p><strong>(Mateo 25:30-34) Y cuando hubieron cantado el himno, salieron al monte de los Olivos. 31 Entonces Jes\u00fas les dijo: Todos vosotros os escandalizar\u00e9is de m\u00ed esta noche; porque escrito est\u00e1: Herir\u00e9 al pastor, y las ovejas del reba\u00f1o ser\u00e1n dispersadas.<\/strong><u><\/u><u><\/u><\/p>\n<p><strong>32 Pero despu\u00e9s que haya resucitado, ir\u00e9 delante de vosotros a Galilea. 33 Respondiendo Pedro, le dijo: Aunque todos se escandalicen de ti, yo nunca me escandalizar\u00e9. 34 Jes\u00fas le dijo: De cierto te digo que esta noche, antes que el gallo cante, me negar\u00e1s tres veces. 35 Pedro le dijo: Aunque me sea necesario morir contigo, no te negar\u00e9. Y todos los disc\u00edpulos dijeron lo mismo<\/strong>.<u><\/u><u><\/u><\/p>\n<p><strong>(Juan 13:33-38) Le dijo Sim\u00f3n Pedro: Se\u00f1or, \u00bfa d\u00f3nde vas? Jes\u00fas le respondi\u00f3: A donde yo voy, no me puedes seguir ahora; mas me seguir\u00e1s despu\u00e9s. 37 Le dijo Pedro: Se\u00f1or, \u00bfpor qu\u00e9 no te puedo seguir ahora? Mi vida pondr\u00e9 por ti. 38 Jes\u00fas le respondi\u00f3: \u00bfTu vida pondr\u00e1s por m\u00ed? De cierto, de cierto te digo: No cantar\u00e1 el gallo, sin que me hayas negado tres veces<\/strong>.<u><\/u><u><\/u><\/p>\n<p>Tenemos que comprender que nuestro Dios conoce todo de nosotros, \u00e9l conoce nuestro coraz\u00f3n, no lo podemos enga\u00f1ar. Es por eso que para poder ser restaurados tenemos que ser sinceros con \u00e9l , el Se\u00f1or no quiere promesas que al final no vamos a cumplir, el Se\u00f1or no quiere falsos compromisos, lo que nuestro Dios quiere de nosotros para poder restaurar nuestra vida es <strong>SINCERIDAD y HUMILDAD (Salmo 51:16-17) Porque no quieres sacrificio, que yo lo dar\u00eda; No quieres holocausto. 17 Los sacrificios de Dios son el esp\u00edritu quebrantado; Al coraz\u00f3n contrito y humillado no despreciar\u00e1s t\u00fa, oh Dios<\/strong>.<u><\/u><u><\/u><\/p>\n<p><strong>III) PARA PASAR DE LA NEGACI\u00d3N A LA RESTAURACI\u00d3N TENEMOS QUE COMPRENDER QUE NUESTRO DIOS, A PESAR DE NUESTROS ERRORES, NO NOS HA SACADO DE SUS PLANES NI TAMPOCO HA DEJADO DE LADO SUS PROP\u00d3SITO PARA NUESTRA VIDA (JUAN 21:16) Volvi\u00f3 a decirle la segunda vez: Sim\u00f3n, hijo de Jon\u00e1s, \u00bfme amas? Pedro le respondi\u00f3: S\u00ed, Se\u00f1or; t\u00fa sabes que te amo. Le dijo: Pastorea mis ovejas<\/strong>.<u><\/u><u><\/u><\/p>\n<p>Que maravilloso fue para Pedro comprender que a pesar de haber negado al Se\u00f1or \u00e9l no lo hab\u00eda sacado de sus planes, y no solamente eso, sino que el Se\u00f1or no solamente ve\u00eda a Pedro como un disc\u00edpulo, sino como un <strong>\u00a1\u00a1PASTOR DE SUS OVEJAS!!<\/strong><u><\/u><u><\/u><\/p>\n<p>Por eso es necesario que no creamos las mentiras del enemigo, que nos dice que ya no podremos ser \u00fatiles al Se\u00f1or por haberle fallado, que ya el Se\u00f1or no nos tomara en cuenta en sus planes y prop\u00f3sitos, porque eso no es as\u00ed, <strong>NUESTRO DIOS CUMPLIRA SUS PROPOSITOS EN NUESTRA VIDA POR SU MISERICORDIA (Salmos 138:8) Jehov\u00e1 cumplir\u00e1 su prop\u00f3sito en m\u00ed; Tu misericordia, oh Jehov\u00e1, es para siempre; No desampares la obra de tus manos<\/strong>.<u><\/u><u><\/u><\/p>\n<p>Tenemos que comprender que a pesar de nuestros errores y pecados, su misericordia est\u00e1 disponible todos los d\u00edas para nosotros <strong>(Lamentaciones 3:22-23) Por la misericordia de Jehov\u00e1 no hemos sido consumidos, porque nunca decayeron sus misericordias.23 Nuevas son cada ma\u00f1ana; grande es tu fidelidad<\/strong>.<u><\/u><u><\/u><\/p>\n<p><strong>IV) PARA PASAR DE LA NEGACI\u00d3N A LA RESTAURACI\u00d3N HOY EL SE\u00d1OR NOS DICE: S\u00cdGUEME (JUAN 21:18-19) 18 De cierto, de cierto te digo: Cuando eras m\u00e1s joven, te ce\u00f1\u00edas, e ibas a donde quer\u00edas; mas cuando ya seas viejo, extender\u00e1s tus manos, y te ce\u00f1ir\u00e1 otro, y te llevar\u00e1 a donde no quieras. 19 Esto dijo, dando a entender con qu\u00e9 muerte hab\u00eda de glorificar a Dios. Y dicho esto, a\u00f1adi\u00f3: S\u00edgueme<\/strong>.<u><\/u><u><\/u><\/p>\n<p>Que preciosa palabra fue para Pedro escucharla de los labios del Se\u00f1or, <strong>S\u00cdGUEME<\/strong>, significaba que no era rechazado, que hab\u00eda sido perdonado, que recib\u00eda de parte del Se\u00f1or una <strong>NUEVA OPORTUNIDAD<\/strong>.<u><\/u><u><\/u><\/p>\n<p>Este dia el Se\u00f1or nos llama, a pesar de nuestros errores, a pesar de nuestros fracasos, a pesar de nuestros pecados, \u00e9l nos llama a no quedarnos llorando amargamente lejos de \u00e9l , sino venir a \u00e9l con sinceridad y con un coraz\u00f3n arrepentido, pues \u00e9l Se\u00f1or sigue teniendo nuestros nombres en sus pensamientos, en sus planes y en sus prop\u00f3sitos.<\/p>\n","protected":false},"excerpt":{"rendered":"<p>MATEO:26;69-75 Pedro estaba sentado fuera en el patio; y se le acerc\u00f3 una criada, diciendo: T\u00fa tambi\u00e9n estabas con Jes\u00fas el galileo. 70 Mas \u00e9l neg\u00f3 delante de todos, diciendo: No s\u00e9 lo que dices. 71 Saliendo \u00e9l a la puerta, le vio otra, y dijo a los que estaban all\u00ed: Tambi\u00e9n este estaba con &hellip;<\/p>\n","protected":false},"author":1,"featured_media":26289,"comment_status":"open","ping_status":"open","sticky":false,"template":"","format":"standard","meta":{"footnotes":""},"categories":[38],"tags":[],"class_list":["post-26288","post","type-post","status-publish","format-standard","has-post-thumbnail","hentry","category-principal"],"yoast_head":"<!-- This site is optimized with the Yoast SEO Premium plugin v24.2 (Yoast SEO v27.1.1) - https:\/\/yoast.com\/product\/yoast-seo-premium-wordpress\/ -->\n<title>De la Negaci\u00f3n a la Restauraci\u00f3n - Tabernaculo Prensa de Dios<\/title>\n<meta name=\"robots\" content=\"index, follow, max-snippet:-1, max-image-preview:large, max-video-preview:-1\" \/>\n<link rel=\"canonical\" href=\"https:\/\/tabernaculoprensadedios.com\/web\/de-la-negacion-a-la-restauracion\/\" class=\"yoast-seo-meta-tag\" \/>\n<meta property=\"og:locale\" content=\"es_ES\" class=\"yoast-seo-meta-tag\" \/>\n<meta property=\"og:type\" content=\"article\" class=\"yoast-seo-meta-tag\" \/>\n<meta property=\"og:title\" content=\"De la Negaci\u00f3n a la Restauraci\u00f3n\" class=\"yoast-seo-meta-tag\" \/>\n<meta property=\"og:description\" content=\"MATEO:26;69-75 Pedro estaba sentado fuera en el patio; y se le acerc\u00f3 una criada, diciendo: T\u00fa tambi\u00e9n estabas con Jes\u00fas el galileo. 70 Mas \u00e9l neg\u00f3 delante de todos, diciendo: No s\u00e9 lo que dices. 71 Saliendo \u00e9l a la puerta, le vio otra, y dijo a los que estaban all\u00ed: Tambi\u00e9n este estaba con &hellip;\" class=\"yoast-seo-meta-tag\" \/>\n<meta property=\"og:url\" content=\"https:\/\/tabernaculoprensadedios.com\/web\/de-la-negacion-a-la-restauracion\/\" class=\"yoast-seo-meta-tag\" \/>\n<meta property=\"og:site_name\" content=\"Tabernaculo Prensa de Dios\" class=\"yoast-seo-meta-tag\" \/>\n<meta property=\"article:published_time\" content=\"2022-10-10T13:49:28+00:00\" class=\"yoast-seo-meta-tag\" \/>\n<meta property=\"og:image\" content=\"https:\/\/tabernaculoprensadedios.com\/web\/wp-content\/uploads\/2022\/10\/negacion.jpg\" class=\"yoast-seo-meta-tag\" \/>\n\t<meta property=\"og:image:width\" content=\"1280\" class=\"yoast-seo-meta-tag\" \/>\n\t<meta property=\"og:image:height\" content=\"852\" class=\"yoast-seo-meta-tag\" \/>\n\t<meta property=\"og:image:type\" content=\"image\/jpeg\" class=\"yoast-seo-meta-tag\" \/>\n<meta name=\"author\" content=\"tabernaculo\" class=\"yoast-seo-meta-tag\" \/>\n<meta name=\"twitter:card\" content=\"summary_large_image\" class=\"yoast-seo-meta-tag\" \/>\n<meta name=\"twitter:creator\" content=\"@PrensadeDios\" class=\"yoast-seo-meta-tag\" \/>\n<meta name=\"twitter:site\" content=\"@PrensadeDios\" class=\"yoast-seo-meta-tag\" \/>\n<meta name=\"twitter:label1\" content=\"Escrito por\" class=\"yoast-seo-meta-tag\" \/>\n\t<meta name=\"twitter:data1\" content=\"tabernaculo\" class=\"yoast-seo-meta-tag\" \/>\n\t<meta name=\"twitter:label2\" content=\"Tiempo de lectura\" class=\"yoast-seo-meta-tag\" \/>\n\t<meta name=\"twitter:data2\" content=\"9 minutos\" class=\"yoast-seo-meta-tag\" \/>\n<script type=\"application\/ld+json\" class=\"yoast-schema-graph\">{\"@context\":\"https:\/\/schema.org\",\"@graph\":[{\"@type\":\"Article\",\"@id\":\"https:\/\/tabernaculoprensadedios.com\/web\/de-la-negacion-a-la-restauracion\/#article\",\"isPartOf\":{\"@id\":\"https:\/\/tabernaculoprensadedios.com\/web\/de-la-negacion-a-la-restauracion\/\"},\"author\":{\"name\":\"tabernaculo\",\"@id\":\"https:\/\/tabernaculoprensadedios.com\/web\/#\/schema\/person\/bc0e069fef56b38e177db6f098ae0b6e\"},\"headline\":\"De la Negaci\u00f3n a la Restauraci\u00f3n\",\"datePublished\":\"2022-10-10T13:49:28+00:00\",\"mainEntityOfPage\":{\"@id\":\"https:\/\/tabernaculoprensadedios.com\/web\/de-la-negacion-a-la-restauracion\/\"},\"wordCount\":1832,\"commentCount\":0,\"publisher\":{\"@id\":\"https:\/\/tabernaculoprensadedios.com\/web\/#\/schema\/person\/bc0e069fef56b38e177db6f098ae0b6e\"},\"image\":{\"@id\":\"https:\/\/tabernaculoprensadedios.com\/web\/de-la-negacion-a-la-restauracion\/#primaryimage\"},\"thumbnailUrl\":\"https:\/\/tabernaculoprensadedios.com\/web\/wp-content\/uploads\/2022\/10\/negacion.jpg\",\"articleSection\":[\"Principal\"],\"inLanguage\":\"es\",\"potentialAction\":[{\"@type\":\"CommentAction\",\"name\":\"Comment\",\"target\":[\"https:\/\/tabernaculoprensadedios.com\/web\/de-la-negacion-a-la-restauracion\/#respond\"]}]},{\"@type\":\"WebPage\",\"@id\":\"https:\/\/tabernaculoprensadedios.com\/web\/de-la-negacion-a-la-restauracion\/\",\"url\":\"https:\/\/tabernaculoprensadedios.com\/web\/de-la-negacion-a-la-restauracion\/\",\"name\":\"De la Negaci\u00f3n a la Restauraci\u00f3n - Tabernaculo Prensa de Dios\",\"isPartOf\":{\"@id\":\"https:\/\/tabernaculoprensadedios.com\/web\/#website\"},\"primaryImageOfPage\":{\"@id\":\"https:\/\/tabernaculoprensadedios.com\/web\/de-la-negacion-a-la-restauracion\/#primaryimage\"},\"image\":{\"@id\":\"https:\/\/tabernaculoprensadedios.com\/web\/de-la-negacion-a-la-restauracion\/#primaryimage\"},\"thumbnailUrl\":\"https:\/\/tabernaculoprensadedios.com\/web\/wp-content\/uploads\/2022\/10\/negacion.jpg\",\"datePublished\":\"2022-10-10T13:49:28+00:00\",\"breadcrumb\":{\"@id\":\"https:\/\/tabernaculoprensadedios.com\/web\/de-la-negacion-a-la-restauracion\/#breadcrumb\"},\"inLanguage\":\"es\",\"potentialAction\":[{\"@type\":\"ReadAction\",\"target\":[\"https:\/\/tabernaculoprensadedios.com\/web\/de-la-negacion-a-la-restauracion\/\"]}]},{\"@type\":\"ImageObject\",\"inLanguage\":\"es\",\"@id\":\"https:\/\/tabernaculoprensadedios.com\/web\/de-la-negacion-a-la-restauracion\/#primaryimage\",\"url\":\"https:\/\/tabernaculoprensadedios.com\/web\/wp-content\/uploads\/2022\/10\/negacion.jpg\",\"contentUrl\":\"https:\/\/tabernaculoprensadedios.com\/web\/wp-content\/uploads\/2022\/10\/negacion.jpg\",\"width\":1280,\"height\":852},{\"@type\":\"BreadcrumbList\",\"@id\":\"https:\/\/tabernaculoprensadedios.com\/web\/de-la-negacion-a-la-restauracion\/#breadcrumb\",\"itemListElement\":[{\"@type\":\"ListItem\",\"position\":1,\"name\":\"Portada\",\"item\":\"https:\/\/tabernaculoprensadedios.com\/web\/\"},{\"@type\":\"ListItem\",\"position\":2,\"name\":\"De la Negaci\u00f3n a la Restauraci\u00f3n\"}]},{\"@type\":\"WebSite\",\"@id\":\"https:\/\/tabernaculoprensadedios.com\/web\/#website\",\"url\":\"https:\/\/tabernaculoprensadedios.com\/web\/\",\"name\":\"Tabernaculo Prensa de Dios\",\"description\":\"Un medio a la manera de Dios\",\"publisher\":{\"@id\":\"https:\/\/tabernaculoprensadedios.com\/web\/#\/schema\/person\/bc0e069fef56b38e177db6f098ae0b6e\"},\"potentialAction\":[{\"@type\":\"SearchAction\",\"target\":{\"@type\":\"EntryPoint\",\"urlTemplate\":\"https:\/\/tabernaculoprensadedios.com\/web\/?s={search_term_string}\"},\"query-input\":{\"@type\":\"PropertyValueSpecification\",\"valueRequired\":true,\"valueName\":\"search_term_string\"}}],\"inLanguage\":\"es\"},{\"@type\":[\"Person\",\"Organization\"],\"@id\":\"https:\/\/tabernaculoprensadedios.com\/web\/#\/schema\/person\/bc0e069fef56b38e177db6f098ae0b6e\",\"name\":\"tabernaculo\",\"image\":{\"@type\":\"ImageObject\",\"inLanguage\":\"es\",\"@id\":\"https:\/\/tabernaculoprensadedios.com\/web\/#\/schema\/person\/image\/\",\"url\":\"https:\/\/tabernaculoprensadedios.com\/web\/wp-content\/uploads\/2015\/06\/login-logo1.png\",\"contentUrl\":\"https:\/\/tabernaculoprensadedios.com\/web\/wp-content\/uploads\/2015\/06\/login-logo1.png\",\"width\":300,\"height\":118,\"caption\":\"tabernaculo\"},\"logo\":{\"@id\":\"https:\/\/tabernaculoprensadedios.com\/web\/#\/schema\/person\/image\/\"},\"url\":\"https:\/\/tabernaculoprensadedios.com\/web\/author\/tabernaculo\/\"}]}<\/script>\n<!-- \/ Yoast SEO Premium plugin. -->","yoast_head_json":{"title":"De la Negaci\u00f3n a la Restauraci\u00f3n - Tabernaculo Prensa de Dios","robots":{"index":"index","follow":"follow","max-snippet":"max-snippet:-1","max-image-preview":"max-image-preview:large","max-video-preview":"max-video-preview:-1"},"canonical":"https:\/\/tabernaculoprensadedios.com\/web\/de-la-negacion-a-la-restauracion\/","og_locale":"es_ES","og_type":"article","og_title":"De la Negaci\u00f3n a la Restauraci\u00f3n","og_description":"MATEO:26;69-75 Pedro estaba sentado fuera en el patio; y se le acerc\u00f3 una criada, diciendo: T\u00fa tambi\u00e9n estabas con Jes\u00fas el galileo. 70 Mas \u00e9l neg\u00f3 delante de todos, diciendo: No s\u00e9 lo que dices. 71 Saliendo \u00e9l a la puerta, le vio otra, y dijo a los que estaban all\u00ed: Tambi\u00e9n este estaba con &hellip;","og_url":"https:\/\/tabernaculoprensadedios.com\/web\/de-la-negacion-a-la-restauracion\/","og_site_name":"Tabernaculo Prensa de Dios","article_published_time":"2022-10-10T13:49:28+00:00","og_image":[{"width":1280,"height":852,"url":"https:\/\/tabernaculoprensadedios.com\/web\/wp-content\/uploads\/2022\/10\/negacion.jpg","type":"image\/jpeg"}],"author":"tabernaculo","twitter_card":"summary_large_image","twitter_creator":"@PrensadeDios","twitter_site":"@PrensadeDios","twitter_misc":{"Escrito por":"tabernaculo","Tiempo de lectura":"9 minutos"},"schema":{"@context":"https:\/\/schema.org","@graph":[{"@type":"Article","@id":"https:\/\/tabernaculoprensadedios.com\/web\/de-la-negacion-a-la-restauracion\/#article","isPartOf":{"@id":"https:\/\/tabernaculoprensadedios.com\/web\/de-la-negacion-a-la-restauracion\/"},"author":{"name":"tabernaculo","@id":"https:\/\/tabernaculoprensadedios.com\/web\/#\/schema\/person\/bc0e069fef56b38e177db6f098ae0b6e"},"headline":"De la Negaci\u00f3n a la Restauraci\u00f3n","datePublished":"2022-10-10T13:49:28+00:00","mainEntityOfPage":{"@id":"https:\/\/tabernaculoprensadedios.com\/web\/de-la-negacion-a-la-restauracion\/"},"wordCount":1832,"commentCount":0,"publisher":{"@id":"https:\/\/tabernaculoprensadedios.com\/web\/#\/schema\/person\/bc0e069fef56b38e177db6f098ae0b6e"},"image":{"@id":"https:\/\/tabernaculoprensadedios.com\/web\/de-la-negacion-a-la-restauracion\/#primaryimage"},"thumbnailUrl":"https:\/\/tabernaculoprensadedios.com\/web\/wp-content\/uploads\/2022\/10\/negacion.jpg","articleSection":["Principal"],"inLanguage":"es","potentialAction":[{"@type":"CommentAction","name":"Comment","target":["https:\/\/tabernaculoprensadedios.com\/web\/de-la-negacion-a-la-restauracion\/#respond"]}]},{"@type":"WebPage","@id":"https:\/\/tabernaculoprensadedios.com\/web\/de-la-negacion-a-la-restauracion\/","url":"https:\/\/tabernaculoprensadedios.com\/web\/de-la-negacion-a-la-restauracion\/","name":"De la Negaci\u00f3n a la Restauraci\u00f3n - Tabernaculo Prensa de Dios","isPartOf":{"@id":"https:\/\/tabernaculoprensadedios.com\/web\/#website"},"primaryImageOfPage":{"@id":"https:\/\/tabernaculoprensadedios.com\/web\/de-la-negacion-a-la-restauracion\/#primaryimage"},"image":{"@id":"https:\/\/tabernaculoprensadedios.com\/web\/de-la-negacion-a-la-restauracion\/#primaryimage"},"thumbnailUrl":"https:\/\/tabernaculoprensadedios.com\/web\/wp-content\/uploads\/2022\/10\/negacion.jpg","datePublished":"2022-10-10T13:49:28+00:00","breadcrumb":{"@id":"https:\/\/tabernaculoprensadedios.com\/web\/de-la-negacion-a-la-restauracion\/#breadcrumb"},"inLanguage":"es","potentialAction":[{"@type":"ReadAction","target":["https:\/\/tabernaculoprensadedios.com\/web\/de-la-negacion-a-la-restauracion\/"]}]},{"@type":"ImageObject","inLanguage":"es","@id":"https:\/\/tabernaculoprensadedios.com\/web\/de-la-negacion-a-la-restauracion\/#primaryimage","url":"https:\/\/tabernaculoprensadedios.com\/web\/wp-content\/uploads\/2022\/10\/negacion.jpg","contentUrl":"https:\/\/tabernaculoprensadedios.com\/web\/wp-content\/uploads\/2022\/10\/negacion.jpg","width":1280,"height":852},{"@type":"BreadcrumbList","@id":"https:\/\/tabernaculoprensadedios.com\/web\/de-la-negacion-a-la-restauracion\/#breadcrumb","itemListElement":[{"@type":"ListItem","position":1,"name":"Portada","item":"https:\/\/tabernaculoprensadedios.com\/web\/"},{"@type":"ListItem","position":2,"name":"De la Negaci\u00f3n a la Restauraci\u00f3n"}]},{"@type":"WebSite","@id":"https:\/\/tabernaculoprensadedios.com\/web\/#website","url":"https:\/\/tabernaculoprensadedios.com\/web\/","name":"Tabernaculo Prensa de Dios","description":"Un medio a la manera de Dios","publisher":{"@id":"https:\/\/tabernaculoprensadedios.com\/web\/#\/schema\/person\/bc0e069fef56b38e177db6f098ae0b6e"},"potentialAction":[{"@type":"SearchAction","target":{"@type":"EntryPoint","urlTemplate":"https:\/\/tabernaculoprensadedios.com\/web\/?s={search_term_string}"},"query-input":{"@type":"PropertyValueSpecification","valueRequired":true,"valueName":"search_term_string"}}],"inLanguage":"es"},{"@type":["Person","Organization"],"@id":"https:\/\/tabernaculoprensadedios.com\/web\/#\/schema\/person\/bc0e069fef56b38e177db6f098ae0b6e","name":"tabernaculo","image":{"@type":"ImageObject","inLanguage":"es","@id":"https:\/\/tabernaculoprensadedios.com\/web\/#\/schema\/person\/image\/","url":"https:\/\/tabernaculoprensadedios.com\/web\/wp-content\/uploads\/2015\/06\/login-logo1.png","contentUrl":"https:\/\/tabernaculoprensadedios.com\/web\/wp-content\/uploads\/2015\/06\/login-logo1.png","width":300,"height":118,"caption":"tabernaculo"},"logo":{"@id":"https:\/\/tabernaculoprensadedios.com\/web\/#\/schema\/person\/image\/"},"url":"https:\/\/tabernaculoprensadedios.com\/web\/author\/tabernaculo\/"}]}},"_links":{"self":[{"href":"https:\/\/tabernaculoprensadedios.com\/web\/wp-json\/wp\/v2\/posts\/26288","targetHints":{"allow":["GET"]}}],"collection":[{"href":"https:\/\/tabernaculoprensadedios.com\/web\/wp-json\/wp\/v2\/posts"}],"about":[{"href":"https:\/\/tabernaculoprensadedios.com\/web\/wp-json\/wp\/v2\/types\/post"}],"author":[{"embeddable":true,"href":"https:\/\/tabernaculoprensadedios.com\/web\/wp-json\/wp\/v2\/users\/1"}],"replies":[{"embeddable":true,"href":"https:\/\/tabernaculoprensadedios.com\/web\/wp-json\/wp\/v2\/comments?post=26288"}],"version-history":[{"count":1,"href":"https:\/\/tabernaculoprensadedios.com\/web\/wp-json\/wp\/v2\/posts\/26288\/revisions"}],"predecessor-version":[{"id":26290,"href":"https:\/\/tabernaculoprensadedios.com\/web\/wp-json\/wp\/v2\/posts\/26288\/revisions\/26290"}],"wp:featuredmedia":[{"embeddable":true,"href":"https:\/\/tabernaculoprensadedios.com\/web\/wp-json\/wp\/v2\/media\/26289"}],"wp:attachment":[{"href":"https:\/\/tabernaculoprensadedios.com\/web\/wp-json\/wp\/v2\/media?parent=26288"}],"wp:term":[{"taxonomy":"category","embeddable":true,"href":"https:\/\/tabernaculoprensadedios.com\/web\/wp-json\/wp\/v2\/categories?post=26288"},{"taxonomy":"post_tag","embeddable":true,"href":"https:\/\/tabernaculoprensadedios.com\/web\/wp-json\/wp\/v2\/tags?post=26288"}],"curies":[{"name":"wp","href":"https:\/\/api.w.org\/{rel}","templated":true}]}}