{"id":26282,"date":"2022-10-08T12:54:13","date_gmt":"2022-10-08T12:54:13","guid":{"rendered":"https:\/\/tabernaculoprensadedios.com\/web\/?p=26282"},"modified":"2022-10-08T12:54:37","modified_gmt":"2022-10-08T12:54:37","slug":"john-macarthur-insta-a-los-cristianos-a-orar-por-los-politicos-a-los-que-se-oponen","status":"publish","type":"post","link":"https:\/\/tabernaculoprensadedios.com\/web\/john-macarthur-insta-a-los-cristianos-a-orar-por-los-politicos-a-los-que-se-oponen\/","title":{"rendered":"John MacArthur insta a los cristianos a orar por los pol\u00edticos a los que se oponen"},"content":{"rendered":"<p><strong>El autor y pastor John MacArthur inst\u00f3 a su congregaci\u00f3n a orar por los l\u00edderes pol\u00edticos, incluidos aquellos a los que se oponen<\/strong>, diciendo que es la voluntad de Dios para la iglesia y una poderosa \u00abarma\u00bb espiritual para cambiar la sociedad para mejor.<\/p>\n<p>MacArthur, pastor de la Grace Community Church, en los suburbios de Los \u00c1ngeles, hizo estos comentarios durante\u00a0<strong>un serm\u00f3n sobre 1 Timoteo 2<\/strong>, en el que el ap\u00f3stol Pablo recuerda a los cristianos del primer siglo que deben orar \u00abpor los reyes y por todos los que tienen autoridad, para que vivamos con paz y tranquilidad en toda piedad y santidad\u00bb.\u00a0<strong>El mismo cap\u00edtulo insta a los creyentes a orar por la salvaci\u00f3n de los gobernantes.<\/strong><\/p>\n<p>Orar por los l\u00edderes, dijo MacArthur, es un reconocimiento del poder de la oraci\u00f3n.<\/p>\n<p><em><strong>\u00abTenemos que saber que este es el llamado de Dios para nosotros\u00bb<\/strong><\/em>, dijo. \u00abAunque parezca dif\u00edcil, aunque haya muchas cosas que no nos gusten de las personas que est\u00e1n en el poder por encima de nosotros, cometer\u00edamos un acto de desobediencia contra nuestro llamado si no or\u00e1ramos por la salvaci\u00f3n de nuestros gobernantes. Y eso va no s\u00f3lo para los gobernantes, sino para todos los gobernantes hasta la presidencia y en todo el mundo\u00bb.<\/p>\n<p><strong>Orar por los l\u00edderes es\u00a0<em>\u00abparte de nuestro ministerio\u00bb<\/em><\/strong>, dijo MacArthur.<\/p>\n<p>\u00abSi quieres vivir una vida tranquila, si quieres vivir una vida pac\u00edfica, en la sociedad humana con toda la piedad y dignidad, ora por los gobernantes\u00bb, dijo. \u00abPorque gran parte de lo que es una sociedad, como sabemos muy bien, es un resultado directo de sus gobernantes y l\u00edderes. Y Dios quiere que oremos por los que nos gobiernan. &#8230;\u00a0<em><strong>Debemos orar por la salvaci\u00f3n de todos los hombres, pero especialmente por los que nos gobiernan, porque la conversi\u00f3n a ese nivel cambia la cultura de forma dr\u00e1stica.\u00a0<\/strong><\/em>As\u00ed que cuando las cosas no son como uno quisiera, s\u00ed, reconocemos que el pecado tiene consecuencias, s\u00ed, reconocemos que el juicio divino est\u00e1 operando. Pero a\u00fan as\u00ed, la promesa aqu\u00ed es que debemos orar por la conversi\u00f3n de los gobernantes, porque eso cambiar\u00e1 la vida tal como la conocemos.\u00bb<\/p>\n<p>MacArthur se\u00f1al\u00f3 que Ner\u00f3n era el gobernante romano cuando Pablo escribi\u00f3 1 Timoteo.<\/p>\n<p>\u00ab\u00bfPor qu\u00e9 es eso tan extra\u00f1o? Porque Ner\u00f3n era un gobernante tan miserable como era posible o concebible\u00bb, dijo MacArthur.<\/p>\n<p>Ner\u00f3n persigui\u00f3 a los cristianos.<\/p>\n<p><em><strong>\u00abEso es lo que dice Pablo. Oren por Ner\u00f3n, oren por su salvaci\u00f3n, oren por los magistrados y jueces y proc\u00f3nsules y gobernadores\u00bb<\/strong><\/em>, dijo MacArthur.<\/p>\n<p>Como ejemplo del poder de la oraci\u00f3n, MacArthur afirm\u00f3 que la conversaci\u00f3n de Pablo puede haber sido el resultado de la oraci\u00f3n de Esteban en Hechos 7. Mientras Esteban es apedreado hasta la muerte en ese cap\u00edtulo, ora en el vers\u00edculo 60 para que Dios perdone a sus atormentadores.\u00a0<strong>Uno de esos atormentadores era Saulo, que se convirti\u00f3 al cristianismo\u00a0<\/strong>en el cap\u00edtulo 9 y luego fue conocido como Pablo.<\/p>\n<p>\u00ab\u00bfNo ser\u00e1 que la conversi\u00f3n de Saulo en el cap\u00edtulo nueve fue, en parte, una respuesta a la oraci\u00f3n de Esteban?\u00bb pregunt\u00f3 MacArthur. \u00ab&#8230; Esteban or\u00f3 por el perd\u00f3n de los que le quitaron la vida en un lapso de dos cap\u00edtulos. Esa oraci\u00f3n fue respondida en la salvaci\u00f3n de Pablo\u00bb.<\/p>\n<p><strong>Al igual que Ner\u00f3n, Pablo era un hombre miserable antes de su conversaci\u00f3n<\/strong>, dijo MacArthur.<\/p>\n<p>\u00abNo era alguien por quien uno quisiera orar m\u00e1s de lo que se hubiera querido orar por Ner\u00f3n\u00bb, dijo MacArthur. \u00abPero Dios salv\u00f3 a Pablo\u00bb.<\/p>\n","protected":false},"excerpt":{"rendered":"<p>El autor y pastor John MacArthur inst\u00f3 a su congregaci\u00f3n a orar por los l\u00edderes pol\u00edticos, incluidos aquellos a los que se oponen, diciendo que es la voluntad de Dios para la iglesia y una poderosa \u00abarma\u00bb espiritual para cambiar la sociedad para mejor. MacArthur, pastor de la Grace Community Church, en los suburbios de &hellip;<\/p>\n","protected":false},"author":1,"featured_media":26283,"comment_status":"open","ping_status":"open","sticky":false,"template":"","format":"standard","meta":{"footnotes":""},"categories":[24],"tags":[],"class_list":["post-26282","post","type-post","status-publish","format-standard","has-post-thumbnail","hentry","category-internacional"],"yoast_head":"<!-- This site is optimized with the Yoast SEO Premium plugin v24.2 (Yoast SEO v27.1.1) - https:\/\/yoast.com\/product\/yoast-seo-premium-wordpress\/ -->\n<title>John MacArthur insta a los cristianos a orar por los pol\u00edticos a los que se oponen - Tabernaculo Prensa de Dios<\/title>\n<meta name=\"robots\" content=\"index, follow, max-snippet:-1, max-image-preview:large, max-video-preview:-1\" \/>\n<link rel=\"canonical\" href=\"https:\/\/tabernaculoprensadedios.com\/web\/john-macarthur-insta-a-los-cristianos-a-orar-por-los-politicos-a-los-que-se-oponen\/\" class=\"yoast-seo-meta-tag\" \/>\n<meta property=\"og:locale\" content=\"es_ES\" class=\"yoast-seo-meta-tag\" \/>\n<meta property=\"og:type\" content=\"article\" class=\"yoast-seo-meta-tag\" \/>\n<meta property=\"og:title\" content=\"John MacArthur insta a los cristianos a orar por los pol\u00edticos a los que se oponen\" class=\"yoast-seo-meta-tag\" \/>\n<meta property=\"og:description\" content=\"El autor y pastor John MacArthur inst\u00f3 a su congregaci\u00f3n a orar por los l\u00edderes pol\u00edticos, incluidos aquellos a los que se oponen, diciendo que es la voluntad de Dios para la iglesia y una poderosa \u00abarma\u00bb espiritual para cambiar la sociedad para mejor. MacArthur, pastor de la Grace Community Church, en los suburbios de &hellip;\" class=\"yoast-seo-meta-tag\" \/>\n<meta property=\"og:url\" content=\"https:\/\/tabernaculoprensadedios.com\/web\/john-macarthur-insta-a-los-cristianos-a-orar-por-los-politicos-a-los-que-se-oponen\/\" class=\"yoast-seo-meta-tag\" \/>\n<meta property=\"og:site_name\" content=\"Tabernaculo Prensa de Dios\" class=\"yoast-seo-meta-tag\" \/>\n<meta property=\"article:published_time\" content=\"2022-10-08T12:54:13+00:00\" class=\"yoast-seo-meta-tag\" \/>\n<meta property=\"article:modified_time\" content=\"2022-10-08T12:54:37+00:00\" class=\"yoast-seo-meta-tag\" \/>\n<meta property=\"og:image\" content=\"https:\/\/tabernaculoprensadedios.com\/web\/wp-content\/uploads\/2022\/10\/lidres.jpg\" class=\"yoast-seo-meta-tag\" \/>\n\t<meta property=\"og:image:width\" content=\"940\" class=\"yoast-seo-meta-tag\" \/>\n\t<meta property=\"og:image:height\" content=\"400\" class=\"yoast-seo-meta-tag\" \/>\n\t<meta property=\"og:image:type\" content=\"image\/jpeg\" class=\"yoast-seo-meta-tag\" \/>\n<meta name=\"author\" content=\"tabernaculo\" class=\"yoast-seo-meta-tag\" \/>\n<meta name=\"twitter:card\" content=\"summary_large_image\" class=\"yoast-seo-meta-tag\" \/>\n<meta name=\"twitter:creator\" content=\"@PrensadeDios\" class=\"yoast-seo-meta-tag\" \/>\n<meta name=\"twitter:site\" content=\"@PrensadeDios\" class=\"yoast-seo-meta-tag\" \/>\n<meta name=\"twitter:label1\" content=\"Escrito por\" class=\"yoast-seo-meta-tag\" \/>\n\t<meta name=\"twitter:data1\" content=\"tabernaculo\" class=\"yoast-seo-meta-tag\" \/>\n\t<meta name=\"twitter:label2\" content=\"Tiempo de lectura\" class=\"yoast-seo-meta-tag\" \/>\n\t<meta name=\"twitter:data2\" content=\"3 minutos\" class=\"yoast-seo-meta-tag\" \/>\n<script type=\"application\/ld+json\" class=\"yoast-schema-graph\">{\"@context\":\"https:\/\/schema.org\",\"@graph\":[{\"@type\":\"Article\",\"@id\":\"https:\/\/tabernaculoprensadedios.com\/web\/john-macarthur-insta-a-los-cristianos-a-orar-por-los-politicos-a-los-que-se-oponen\/#article\",\"isPartOf\":{\"@id\":\"https:\/\/tabernaculoprensadedios.com\/web\/john-macarthur-insta-a-los-cristianos-a-orar-por-los-politicos-a-los-que-se-oponen\/\"},\"author\":{\"name\":\"tabernaculo\",\"@id\":\"https:\/\/tabernaculoprensadedios.com\/web\/#\/schema\/person\/bc0e069fef56b38e177db6f098ae0b6e\"},\"headline\":\"John MacArthur insta a los cristianos a orar por los pol\u00edticos a los que se oponen\",\"datePublished\":\"2022-10-08T12:54:13+00:00\",\"dateModified\":\"2022-10-08T12:54:37+00:00\",\"mainEntityOfPage\":{\"@id\":\"https:\/\/tabernaculoprensadedios.com\/web\/john-macarthur-insta-a-los-cristianos-a-orar-por-los-politicos-a-los-que-se-oponen\/\"},\"wordCount\":638,\"commentCount\":0,\"publisher\":{\"@id\":\"https:\/\/tabernaculoprensadedios.com\/web\/#\/schema\/person\/bc0e069fef56b38e177db6f098ae0b6e\"},\"image\":{\"@id\":\"https:\/\/tabernaculoprensadedios.com\/web\/john-macarthur-insta-a-los-cristianos-a-orar-por-los-politicos-a-los-que-se-oponen\/#primaryimage\"},\"thumbnailUrl\":\"https:\/\/tabernaculoprensadedios.com\/web\/wp-content\/uploads\/2022\/10\/lidres.jpg\",\"articleSection\":[\"Internacionales\"],\"inLanguage\":\"es\",\"potentialAction\":[{\"@type\":\"CommentAction\",\"name\":\"Comment\",\"target\":[\"https:\/\/tabernaculoprensadedios.com\/web\/john-macarthur-insta-a-los-cristianos-a-orar-por-los-politicos-a-los-que-se-oponen\/#respond\"]}]},{\"@type\":\"WebPage\",\"@id\":\"https:\/\/tabernaculoprensadedios.com\/web\/john-macarthur-insta-a-los-cristianos-a-orar-por-los-politicos-a-los-que-se-oponen\/\",\"url\":\"https:\/\/tabernaculoprensadedios.com\/web\/john-macarthur-insta-a-los-cristianos-a-orar-por-los-politicos-a-los-que-se-oponen\/\",\"name\":\"John MacArthur insta a los cristianos a orar por los pol\u00edticos a los que se oponen - Tabernaculo Prensa de Dios\",\"isPartOf\":{\"@id\":\"https:\/\/tabernaculoprensadedios.com\/web\/#website\"},\"primaryImageOfPage\":{\"@id\":\"https:\/\/tabernaculoprensadedios.com\/web\/john-macarthur-insta-a-los-cristianos-a-orar-por-los-politicos-a-los-que-se-oponen\/#primaryimage\"},\"image\":{\"@id\":\"https:\/\/tabernaculoprensadedios.com\/web\/john-macarthur-insta-a-los-cristianos-a-orar-por-los-politicos-a-los-que-se-oponen\/#primaryimage\"},\"thumbnailUrl\":\"https:\/\/tabernaculoprensadedios.com\/web\/wp-content\/uploads\/2022\/10\/lidres.jpg\",\"datePublished\":\"2022-10-08T12:54:13+00:00\",\"dateModified\":\"2022-10-08T12:54:37+00:00\",\"breadcrumb\":{\"@id\":\"https:\/\/tabernaculoprensadedios.com\/web\/john-macarthur-insta-a-los-cristianos-a-orar-por-los-politicos-a-los-que-se-oponen\/#breadcrumb\"},\"inLanguage\":\"es\",\"potentialAction\":[{\"@type\":\"ReadAction\",\"target\":[\"https:\/\/tabernaculoprensadedios.com\/web\/john-macarthur-insta-a-los-cristianos-a-orar-por-los-politicos-a-los-que-se-oponen\/\"]}]},{\"@type\":\"ImageObject\",\"inLanguage\":\"es\",\"@id\":\"https:\/\/tabernaculoprensadedios.com\/web\/john-macarthur-insta-a-los-cristianos-a-orar-por-los-politicos-a-los-que-se-oponen\/#primaryimage\",\"url\":\"https:\/\/tabernaculoprensadedios.com\/web\/wp-content\/uploads\/2022\/10\/lidres.jpg\",\"contentUrl\":\"https:\/\/tabernaculoprensadedios.com\/web\/wp-content\/uploads\/2022\/10\/lidres.jpg\",\"width\":940,\"height\":400,\"caption\":\"Imagen de referencia \/ Getty Images\/4maksym\"},{\"@type\":\"BreadcrumbList\",\"@id\":\"https:\/\/tabernaculoprensadedios.com\/web\/john-macarthur-insta-a-los-cristianos-a-orar-por-los-politicos-a-los-que-se-oponen\/#breadcrumb\",\"itemListElement\":[{\"@type\":\"ListItem\",\"position\":1,\"name\":\"Portada\",\"item\":\"https:\/\/tabernaculoprensadedios.com\/web\/\"},{\"@type\":\"ListItem\",\"position\":2,\"name\":\"John MacArthur insta a los cristianos a orar por los pol\u00edticos a los que se oponen\"}]},{\"@type\":\"WebSite\",\"@id\":\"https:\/\/tabernaculoprensadedios.com\/web\/#website\",\"url\":\"https:\/\/tabernaculoprensadedios.com\/web\/\",\"name\":\"Tabernaculo Prensa de Dios\",\"description\":\"Un medio a la manera de Dios\",\"publisher\":{\"@id\":\"https:\/\/tabernaculoprensadedios.com\/web\/#\/schema\/person\/bc0e069fef56b38e177db6f098ae0b6e\"},\"potentialAction\":[{\"@type\":\"SearchAction\",\"target\":{\"@type\":\"EntryPoint\",\"urlTemplate\":\"https:\/\/tabernaculoprensadedios.com\/web\/?s={search_term_string}\"},\"query-input\":{\"@type\":\"PropertyValueSpecification\",\"valueRequired\":true,\"valueName\":\"search_term_string\"}}],\"inLanguage\":\"es\"},{\"@type\":[\"Person\",\"Organization\"],\"@id\":\"https:\/\/tabernaculoprensadedios.com\/web\/#\/schema\/person\/bc0e069fef56b38e177db6f098ae0b6e\",\"name\":\"tabernaculo\",\"image\":{\"@type\":\"ImageObject\",\"inLanguage\":\"es\",\"@id\":\"https:\/\/tabernaculoprensadedios.com\/web\/#\/schema\/person\/image\/\",\"url\":\"https:\/\/tabernaculoprensadedios.com\/web\/wp-content\/uploads\/2015\/06\/login-logo1.png\",\"contentUrl\":\"https:\/\/tabernaculoprensadedios.com\/web\/wp-content\/uploads\/2015\/06\/login-logo1.png\",\"width\":300,\"height\":118,\"caption\":\"tabernaculo\"},\"logo\":{\"@id\":\"https:\/\/tabernaculoprensadedios.com\/web\/#\/schema\/person\/image\/\"},\"url\":\"https:\/\/tabernaculoprensadedios.com\/web\/author\/tabernaculo\/\"}]}<\/script>\n<!-- \/ Yoast SEO Premium plugin. -->","yoast_head_json":{"title":"John MacArthur insta a los cristianos a orar por los pol\u00edticos a los que se oponen - Tabernaculo Prensa de Dios","robots":{"index":"index","follow":"follow","max-snippet":"max-snippet:-1","max-image-preview":"max-image-preview:large","max-video-preview":"max-video-preview:-1"},"canonical":"https:\/\/tabernaculoprensadedios.com\/web\/john-macarthur-insta-a-los-cristianos-a-orar-por-los-politicos-a-los-que-se-oponen\/","og_locale":"es_ES","og_type":"article","og_title":"John MacArthur insta a los cristianos a orar por los pol\u00edticos a los que se oponen","og_description":"El autor y pastor John MacArthur inst\u00f3 a su congregaci\u00f3n a orar por los l\u00edderes pol\u00edticos, incluidos aquellos a los que se oponen, diciendo que es la voluntad de Dios para la iglesia y una poderosa \u00abarma\u00bb espiritual para cambiar la sociedad para mejor. MacArthur, pastor de la Grace Community Church, en los suburbios de &hellip;","og_url":"https:\/\/tabernaculoprensadedios.com\/web\/john-macarthur-insta-a-los-cristianos-a-orar-por-los-politicos-a-los-que-se-oponen\/","og_site_name":"Tabernaculo Prensa de Dios","article_published_time":"2022-10-08T12:54:13+00:00","article_modified_time":"2022-10-08T12:54:37+00:00","og_image":[{"width":940,"height":400,"url":"https:\/\/tabernaculoprensadedios.com\/web\/wp-content\/uploads\/2022\/10\/lidres.jpg","type":"image\/jpeg"}],"author":"tabernaculo","twitter_card":"summary_large_image","twitter_creator":"@PrensadeDios","twitter_site":"@PrensadeDios","twitter_misc":{"Escrito por":"tabernaculo","Tiempo de lectura":"3 minutos"},"schema":{"@context":"https:\/\/schema.org","@graph":[{"@type":"Article","@id":"https:\/\/tabernaculoprensadedios.com\/web\/john-macarthur-insta-a-los-cristianos-a-orar-por-los-politicos-a-los-que-se-oponen\/#article","isPartOf":{"@id":"https:\/\/tabernaculoprensadedios.com\/web\/john-macarthur-insta-a-los-cristianos-a-orar-por-los-politicos-a-los-que-se-oponen\/"},"author":{"name":"tabernaculo","@id":"https:\/\/tabernaculoprensadedios.com\/web\/#\/schema\/person\/bc0e069fef56b38e177db6f098ae0b6e"},"headline":"John MacArthur insta a los cristianos a orar por los pol\u00edticos a los que se oponen","datePublished":"2022-10-08T12:54:13+00:00","dateModified":"2022-10-08T12:54:37+00:00","mainEntityOfPage":{"@id":"https:\/\/tabernaculoprensadedios.com\/web\/john-macarthur-insta-a-los-cristianos-a-orar-por-los-politicos-a-los-que-se-oponen\/"},"wordCount":638,"commentCount":0,"publisher":{"@id":"https:\/\/tabernaculoprensadedios.com\/web\/#\/schema\/person\/bc0e069fef56b38e177db6f098ae0b6e"},"image":{"@id":"https:\/\/tabernaculoprensadedios.com\/web\/john-macarthur-insta-a-los-cristianos-a-orar-por-los-politicos-a-los-que-se-oponen\/#primaryimage"},"thumbnailUrl":"https:\/\/tabernaculoprensadedios.com\/web\/wp-content\/uploads\/2022\/10\/lidres.jpg","articleSection":["Internacionales"],"inLanguage":"es","potentialAction":[{"@type":"CommentAction","name":"Comment","target":["https:\/\/tabernaculoprensadedios.com\/web\/john-macarthur-insta-a-los-cristianos-a-orar-por-los-politicos-a-los-que-se-oponen\/#respond"]}]},{"@type":"WebPage","@id":"https:\/\/tabernaculoprensadedios.com\/web\/john-macarthur-insta-a-los-cristianos-a-orar-por-los-politicos-a-los-que-se-oponen\/","url":"https:\/\/tabernaculoprensadedios.com\/web\/john-macarthur-insta-a-los-cristianos-a-orar-por-los-politicos-a-los-que-se-oponen\/","name":"John MacArthur insta a los cristianos a orar por los pol\u00edticos a los que se oponen - Tabernaculo Prensa de Dios","isPartOf":{"@id":"https:\/\/tabernaculoprensadedios.com\/web\/#website"},"primaryImageOfPage":{"@id":"https:\/\/tabernaculoprensadedios.com\/web\/john-macarthur-insta-a-los-cristianos-a-orar-por-los-politicos-a-los-que-se-oponen\/#primaryimage"},"image":{"@id":"https:\/\/tabernaculoprensadedios.com\/web\/john-macarthur-insta-a-los-cristianos-a-orar-por-los-politicos-a-los-que-se-oponen\/#primaryimage"},"thumbnailUrl":"https:\/\/tabernaculoprensadedios.com\/web\/wp-content\/uploads\/2022\/10\/lidres.jpg","datePublished":"2022-10-08T12:54:13+00:00","dateModified":"2022-10-08T12:54:37+00:00","breadcrumb":{"@id":"https:\/\/tabernaculoprensadedios.com\/web\/john-macarthur-insta-a-los-cristianos-a-orar-por-los-politicos-a-los-que-se-oponen\/#breadcrumb"},"inLanguage":"es","potentialAction":[{"@type":"ReadAction","target":["https:\/\/tabernaculoprensadedios.com\/web\/john-macarthur-insta-a-los-cristianos-a-orar-por-los-politicos-a-los-que-se-oponen\/"]}]},{"@type":"ImageObject","inLanguage":"es","@id":"https:\/\/tabernaculoprensadedios.com\/web\/john-macarthur-insta-a-los-cristianos-a-orar-por-los-politicos-a-los-que-se-oponen\/#primaryimage","url":"https:\/\/tabernaculoprensadedios.com\/web\/wp-content\/uploads\/2022\/10\/lidres.jpg","contentUrl":"https:\/\/tabernaculoprensadedios.com\/web\/wp-content\/uploads\/2022\/10\/lidres.jpg","width":940,"height":400,"caption":"Imagen de referencia \/ Getty Images\/4maksym"},{"@type":"BreadcrumbList","@id":"https:\/\/tabernaculoprensadedios.com\/web\/john-macarthur-insta-a-los-cristianos-a-orar-por-los-politicos-a-los-que-se-oponen\/#breadcrumb","itemListElement":[{"@type":"ListItem","position":1,"name":"Portada","item":"https:\/\/tabernaculoprensadedios.com\/web\/"},{"@type":"ListItem","position":2,"name":"John MacArthur insta a los cristianos a orar por los pol\u00edticos a los que se oponen"}]},{"@type":"WebSite","@id":"https:\/\/tabernaculoprensadedios.com\/web\/#website","url":"https:\/\/tabernaculoprensadedios.com\/web\/","name":"Tabernaculo Prensa de Dios","description":"Un medio a la manera de Dios","publisher":{"@id":"https:\/\/tabernaculoprensadedios.com\/web\/#\/schema\/person\/bc0e069fef56b38e177db6f098ae0b6e"},"potentialAction":[{"@type":"SearchAction","target":{"@type":"EntryPoint","urlTemplate":"https:\/\/tabernaculoprensadedios.com\/web\/?s={search_term_string}"},"query-input":{"@type":"PropertyValueSpecification","valueRequired":true,"valueName":"search_term_string"}}],"inLanguage":"es"},{"@type":["Person","Organization"],"@id":"https:\/\/tabernaculoprensadedios.com\/web\/#\/schema\/person\/bc0e069fef56b38e177db6f098ae0b6e","name":"tabernaculo","image":{"@type":"ImageObject","inLanguage":"es","@id":"https:\/\/tabernaculoprensadedios.com\/web\/#\/schema\/person\/image\/","url":"https:\/\/tabernaculoprensadedios.com\/web\/wp-content\/uploads\/2015\/06\/login-logo1.png","contentUrl":"https:\/\/tabernaculoprensadedios.com\/web\/wp-content\/uploads\/2015\/06\/login-logo1.png","width":300,"height":118,"caption":"tabernaculo"},"logo":{"@id":"https:\/\/tabernaculoprensadedios.com\/web\/#\/schema\/person\/image\/"},"url":"https:\/\/tabernaculoprensadedios.com\/web\/author\/tabernaculo\/"}]}},"_links":{"self":[{"href":"https:\/\/tabernaculoprensadedios.com\/web\/wp-json\/wp\/v2\/posts\/26282","targetHints":{"allow":["GET"]}}],"collection":[{"href":"https:\/\/tabernaculoprensadedios.com\/web\/wp-json\/wp\/v2\/posts"}],"about":[{"href":"https:\/\/tabernaculoprensadedios.com\/web\/wp-json\/wp\/v2\/types\/post"}],"author":[{"embeddable":true,"href":"https:\/\/tabernaculoprensadedios.com\/web\/wp-json\/wp\/v2\/users\/1"}],"replies":[{"embeddable":true,"href":"https:\/\/tabernaculoprensadedios.com\/web\/wp-json\/wp\/v2\/comments?post=26282"}],"version-history":[{"count":1,"href":"https:\/\/tabernaculoprensadedios.com\/web\/wp-json\/wp\/v2\/posts\/26282\/revisions"}],"predecessor-version":[{"id":26284,"href":"https:\/\/tabernaculoprensadedios.com\/web\/wp-json\/wp\/v2\/posts\/26282\/revisions\/26284"}],"wp:featuredmedia":[{"embeddable":true,"href":"https:\/\/tabernaculoprensadedios.com\/web\/wp-json\/wp\/v2\/media\/26283"}],"wp:attachment":[{"href":"https:\/\/tabernaculoprensadedios.com\/web\/wp-json\/wp\/v2\/media?parent=26282"}],"wp:term":[{"taxonomy":"category","embeddable":true,"href":"https:\/\/tabernaculoprensadedios.com\/web\/wp-json\/wp\/v2\/categories?post=26282"},{"taxonomy":"post_tag","embeddable":true,"href":"https:\/\/tabernaculoprensadedios.com\/web\/wp-json\/wp\/v2\/tags?post=26282"}],"curies":[{"name":"wp","href":"https:\/\/api.w.org\/{rel}","templated":true}]}}