{"id":26276,"date":"2022-10-06T21:54:59","date_gmt":"2022-10-06T21:54:59","guid":{"rendered":"https:\/\/tabernaculoprensadedios.com\/web\/?p=26276"},"modified":"2022-10-06T21:54:59","modified_gmt":"2022-10-06T21:54:59","slug":"madurez-en-el-uso-de-los-dones","status":"publish","type":"post","link":"https:\/\/tabernaculoprensadedios.com\/web\/madurez-en-el-uso-de-los-dones\/","title":{"rendered":"Madurez en el uso de los dones"},"content":{"rendered":"<p>Un grave error que puede cometer un l\u00edder espiritual es reprimir la ense\u00f1anza acerca de los dones espirituales, o ense\u00f1arle a su congregaci\u00f3n que los dones no son para nuestro tiempo. Esto les roba el mayor recurso que Dios ha provisto para la efectividad y vitalidad de su pueblo.<\/p>\n<p>Se requiere urgentemente, sin embargo, que el pueblo de Dios rescate el uso b\u00edblico, balanceado, de los dones, y que los saque de los extremos tanto del fanatismo como de la negaci\u00f3n en que los hemos sumido en la actualidad.<\/p>\n<p>Se requiere como nunca l\u00edderes espirituales con un entendimiento y una experiencia maduros de los dones y misterios del Esp\u00edritu. Necesitamos urgentemente pastores y maestros capaces de introducir a los creyentes en el sano empleo de toda la armadura de Dios. Ese conocimiento les permitir\u00e1 permanecer firmes contra las acechanzas del diablo, y ejecutar efectivamente las tareas que Dios les ha asignado.<\/p>\n<p>Tristemente, hay mucho abuso con respecto al empleo de los dones en un gran sector del pueblo de Dios en todo el mundo. Hay que admitir que mucho de lo que hoy pasa por profec\u00eda, guerra espiritual y ministerio apost\u00f3lico est\u00e1 lejos de serlo.<\/p>\n<p>Es preciso insistir que estamos desesperadamente necesitados de correcci\u00f3n verdaderamente apost\u00f3lica con respecto al uso b\u00edblico de los dones. En 2 Cr\u00f3nicas 18 se nos muestra c\u00f3mo el don de la profec\u00eda puede ser totalmente abusado y distorcionado. Si algo aprendemos de ese pasaje, es que hay dones prof\u00e9ticos verdaderos y dones prof\u00e9ticos falsos. Sedequ\u00edas, quien se construye unos cuernos de hierro para animar a Acab a ir a la guerra contra Ramot de Galaad, es la esencia misma del falso profeta, auto enga\u00f1ado con la idea de que posee un verdadero don, pero, en realidad, sujeto tristemente al enga\u00f1o diab\u00f3lico.<\/p>\n<p>Necesitamos sana instrucci\u00f3n que ense\u00f1e el balance adecuado entre los dones y el Fruto del Esp\u00edritu Santo, y que establezca un marco b\u00edblico complejo y matizado para el sano funcionamiento de los dones en el pueblo de Dios. Eso fue lo que motiv\u00f3 al ap\u00f3stol Pablo a escribir los cap\u00edtulos 13 y 14 de 1 Corintios, por ejemplo.<\/p>\n<p>Los dones no son un fin en s\u00ed mismos. Necesitan un marco de amor y sabidur\u00eda para funcionar como es debido. No nos dejemos deslumbrar por los dones, convirti\u00e9ndonos en siervos de ellos. Sujet\u00e9moslos a los dem\u00e1s principios de la Escritura. Y sujet\u00e9moslos al entendimiento de Dios dentro de nosotros. El mover de Dios se da dentro de un marco de orden y disciplina. Despu\u00e9s de todo, como aclara el ap\u00f3stol Pablo, \u00ablos esp\u00edritus de los profetas est\u00e1n sujetos a los profetas\u00bb <strong>(1 Corintios 14:32).<\/strong><\/p>\n","protected":false},"excerpt":{"rendered":"<p>Un grave error que puede cometer un l\u00edder espiritual es reprimir la ense\u00f1anza acerca de los dones espirituales, o ense\u00f1arle a su congregaci\u00f3n que los dones no son para nuestro tiempo. Esto les roba el mayor recurso que Dios ha provisto para la efectividad y vitalidad de su pueblo. Se requiere urgentemente, sin embargo, que &hellip;<\/p>\n","protected":false},"author":1,"featured_media":26277,"comment_status":"open","ping_status":"open","sticky":false,"template":"","format":"standard","meta":{"footnotes":""},"categories":[34],"tags":[],"class_list":["post-26276","post","type-post","status-publish","format-standard","has-post-thumbnail","hentry","category-articulos"],"yoast_head":"<!-- This site is optimized with the Yoast SEO Premium plugin v24.2 (Yoast SEO v27.1.1) - https:\/\/yoast.com\/product\/yoast-seo-premium-wordpress\/ -->\n<title>Madurez en el uso de los dones - Tabernaculo Prensa de Dios<\/title>\n<meta name=\"robots\" content=\"index, follow, max-snippet:-1, max-image-preview:large, max-video-preview:-1\" \/>\n<link rel=\"canonical\" href=\"https:\/\/tabernaculoprensadedios.com\/web\/madurez-en-el-uso-de-los-dones\/\" class=\"yoast-seo-meta-tag\" \/>\n<meta property=\"og:locale\" content=\"es_ES\" class=\"yoast-seo-meta-tag\" \/>\n<meta property=\"og:type\" content=\"article\" class=\"yoast-seo-meta-tag\" \/>\n<meta property=\"og:title\" content=\"Madurez en el uso de los dones\" class=\"yoast-seo-meta-tag\" \/>\n<meta property=\"og:description\" content=\"Un grave error que puede cometer un l\u00edder espiritual es reprimir la ense\u00f1anza acerca de los dones espirituales, o ense\u00f1arle a su congregaci\u00f3n que los dones no son para nuestro tiempo. Esto les roba el mayor recurso que Dios ha provisto para la efectividad y vitalidad de su pueblo. Se requiere urgentemente, sin embargo, que &hellip;\" class=\"yoast-seo-meta-tag\" \/>\n<meta property=\"og:url\" content=\"https:\/\/tabernaculoprensadedios.com\/web\/madurez-en-el-uso-de-los-dones\/\" class=\"yoast-seo-meta-tag\" \/>\n<meta property=\"og:site_name\" content=\"Tabernaculo Prensa de Dios\" class=\"yoast-seo-meta-tag\" \/>\n<meta property=\"article:published_time\" content=\"2022-10-06T21:54:59+00:00\" class=\"yoast-seo-meta-tag\" \/>\n<meta property=\"og:image\" content=\"https:\/\/tabernaculoprensadedios.com\/web\/wp-content\/uploads\/2022\/10\/dones.jpg\" class=\"yoast-seo-meta-tag\" \/>\n\t<meta property=\"og:image:width\" content=\"1280\" class=\"yoast-seo-meta-tag\" \/>\n\t<meta property=\"og:image:height\" content=\"854\" class=\"yoast-seo-meta-tag\" \/>\n\t<meta property=\"og:image:type\" content=\"image\/jpeg\" class=\"yoast-seo-meta-tag\" \/>\n<meta name=\"author\" content=\"tabernaculo\" class=\"yoast-seo-meta-tag\" \/>\n<meta name=\"twitter:card\" content=\"summary_large_image\" class=\"yoast-seo-meta-tag\" \/>\n<meta name=\"twitter:creator\" content=\"@PrensadeDios\" class=\"yoast-seo-meta-tag\" \/>\n<meta name=\"twitter:site\" content=\"@PrensadeDios\" class=\"yoast-seo-meta-tag\" \/>\n<meta name=\"twitter:label1\" content=\"Escrito por\" class=\"yoast-seo-meta-tag\" \/>\n\t<meta name=\"twitter:data1\" content=\"tabernaculo\" class=\"yoast-seo-meta-tag\" \/>\n\t<meta name=\"twitter:label2\" content=\"Tiempo de lectura\" class=\"yoast-seo-meta-tag\" \/>\n\t<meta name=\"twitter:data2\" content=\"2 minutos\" class=\"yoast-seo-meta-tag\" \/>\n<script type=\"application\/ld+json\" class=\"yoast-schema-graph\">{\"@context\":\"https:\/\/schema.org\",\"@graph\":[{\"@type\":\"Article\",\"@id\":\"https:\/\/tabernaculoprensadedios.com\/web\/madurez-en-el-uso-de-los-dones\/#article\",\"isPartOf\":{\"@id\":\"https:\/\/tabernaculoprensadedios.com\/web\/madurez-en-el-uso-de-los-dones\/\"},\"author\":{\"name\":\"tabernaculo\",\"@id\":\"https:\/\/tabernaculoprensadedios.com\/web\/#\/schema\/person\/bc0e069fef56b38e177db6f098ae0b6e\"},\"headline\":\"Madurez en el uso de los dones\",\"datePublished\":\"2022-10-06T21:54:59+00:00\",\"mainEntityOfPage\":{\"@id\":\"https:\/\/tabernaculoprensadedios.com\/web\/madurez-en-el-uso-de-los-dones\/\"},\"wordCount\":476,\"commentCount\":0,\"publisher\":{\"@id\":\"https:\/\/tabernaculoprensadedios.com\/web\/#\/schema\/person\/bc0e069fef56b38e177db6f098ae0b6e\"},\"image\":{\"@id\":\"https:\/\/tabernaculoprensadedios.com\/web\/madurez-en-el-uso-de-los-dones\/#primaryimage\"},\"thumbnailUrl\":\"https:\/\/tabernaculoprensadedios.com\/web\/wp-content\/uploads\/2022\/10\/dones.jpg\",\"articleSection\":[\"Articulos\"],\"inLanguage\":\"es\",\"potentialAction\":[{\"@type\":\"CommentAction\",\"name\":\"Comment\",\"target\":[\"https:\/\/tabernaculoprensadedios.com\/web\/madurez-en-el-uso-de-los-dones\/#respond\"]}]},{\"@type\":\"WebPage\",\"@id\":\"https:\/\/tabernaculoprensadedios.com\/web\/madurez-en-el-uso-de-los-dones\/\",\"url\":\"https:\/\/tabernaculoprensadedios.com\/web\/madurez-en-el-uso-de-los-dones\/\",\"name\":\"Madurez en el uso de los dones - Tabernaculo Prensa de Dios\",\"isPartOf\":{\"@id\":\"https:\/\/tabernaculoprensadedios.com\/web\/#website\"},\"primaryImageOfPage\":{\"@id\":\"https:\/\/tabernaculoprensadedios.com\/web\/madurez-en-el-uso-de-los-dones\/#primaryimage\"},\"image\":{\"@id\":\"https:\/\/tabernaculoprensadedios.com\/web\/madurez-en-el-uso-de-los-dones\/#primaryimage\"},\"thumbnailUrl\":\"https:\/\/tabernaculoprensadedios.com\/web\/wp-content\/uploads\/2022\/10\/dones.jpg\",\"datePublished\":\"2022-10-06T21:54:59+00:00\",\"breadcrumb\":{\"@id\":\"https:\/\/tabernaculoprensadedios.com\/web\/madurez-en-el-uso-de-los-dones\/#breadcrumb\"},\"inLanguage\":\"es\",\"potentialAction\":[{\"@type\":\"ReadAction\",\"target\":[\"https:\/\/tabernaculoprensadedios.com\/web\/madurez-en-el-uso-de-los-dones\/\"]}]},{\"@type\":\"ImageObject\",\"inLanguage\":\"es\",\"@id\":\"https:\/\/tabernaculoprensadedios.com\/web\/madurez-en-el-uso-de-los-dones\/#primaryimage\",\"url\":\"https:\/\/tabernaculoprensadedios.com\/web\/wp-content\/uploads\/2022\/10\/dones.jpg\",\"contentUrl\":\"https:\/\/tabernaculoprensadedios.com\/web\/wp-content\/uploads\/2022\/10\/dones.jpg\",\"width\":1280,\"height\":854},{\"@type\":\"BreadcrumbList\",\"@id\":\"https:\/\/tabernaculoprensadedios.com\/web\/madurez-en-el-uso-de-los-dones\/#breadcrumb\",\"itemListElement\":[{\"@type\":\"ListItem\",\"position\":1,\"name\":\"Portada\",\"item\":\"https:\/\/tabernaculoprensadedios.com\/web\/\"},{\"@type\":\"ListItem\",\"position\":2,\"name\":\"Madurez en el uso de los dones\"}]},{\"@type\":\"WebSite\",\"@id\":\"https:\/\/tabernaculoprensadedios.com\/web\/#website\",\"url\":\"https:\/\/tabernaculoprensadedios.com\/web\/\",\"name\":\"Tabernaculo Prensa de Dios\",\"description\":\"Un medio a la manera de Dios\",\"publisher\":{\"@id\":\"https:\/\/tabernaculoprensadedios.com\/web\/#\/schema\/person\/bc0e069fef56b38e177db6f098ae0b6e\"},\"potentialAction\":[{\"@type\":\"SearchAction\",\"target\":{\"@type\":\"EntryPoint\",\"urlTemplate\":\"https:\/\/tabernaculoprensadedios.com\/web\/?s={search_term_string}\"},\"query-input\":{\"@type\":\"PropertyValueSpecification\",\"valueRequired\":true,\"valueName\":\"search_term_string\"}}],\"inLanguage\":\"es\"},{\"@type\":[\"Person\",\"Organization\"],\"@id\":\"https:\/\/tabernaculoprensadedios.com\/web\/#\/schema\/person\/bc0e069fef56b38e177db6f098ae0b6e\",\"name\":\"tabernaculo\",\"image\":{\"@type\":\"ImageObject\",\"inLanguage\":\"es\",\"@id\":\"https:\/\/tabernaculoprensadedios.com\/web\/#\/schema\/person\/image\/\",\"url\":\"https:\/\/tabernaculoprensadedios.com\/web\/wp-content\/uploads\/2015\/06\/login-logo1.png\",\"contentUrl\":\"https:\/\/tabernaculoprensadedios.com\/web\/wp-content\/uploads\/2015\/06\/login-logo1.png\",\"width\":300,\"height\":118,\"caption\":\"tabernaculo\"},\"logo\":{\"@id\":\"https:\/\/tabernaculoprensadedios.com\/web\/#\/schema\/person\/image\/\"},\"url\":\"https:\/\/tabernaculoprensadedios.com\/web\/author\/tabernaculo\/\"}]}<\/script>\n<!-- \/ Yoast SEO Premium plugin. -->","yoast_head_json":{"title":"Madurez en el uso de los dones - Tabernaculo Prensa de Dios","robots":{"index":"index","follow":"follow","max-snippet":"max-snippet:-1","max-image-preview":"max-image-preview:large","max-video-preview":"max-video-preview:-1"},"canonical":"https:\/\/tabernaculoprensadedios.com\/web\/madurez-en-el-uso-de-los-dones\/","og_locale":"es_ES","og_type":"article","og_title":"Madurez en el uso de los dones","og_description":"Un grave error que puede cometer un l\u00edder espiritual es reprimir la ense\u00f1anza acerca de los dones espirituales, o ense\u00f1arle a su congregaci\u00f3n que los dones no son para nuestro tiempo. Esto les roba el mayor recurso que Dios ha provisto para la efectividad y vitalidad de su pueblo. Se requiere urgentemente, sin embargo, que &hellip;","og_url":"https:\/\/tabernaculoprensadedios.com\/web\/madurez-en-el-uso-de-los-dones\/","og_site_name":"Tabernaculo Prensa de Dios","article_published_time":"2022-10-06T21:54:59+00:00","og_image":[{"width":1280,"height":854,"url":"https:\/\/tabernaculoprensadedios.com\/web\/wp-content\/uploads\/2022\/10\/dones.jpg","type":"image\/jpeg"}],"author":"tabernaculo","twitter_card":"summary_large_image","twitter_creator":"@PrensadeDios","twitter_site":"@PrensadeDios","twitter_misc":{"Escrito por":"tabernaculo","Tiempo de lectura":"2 minutos"},"schema":{"@context":"https:\/\/schema.org","@graph":[{"@type":"Article","@id":"https:\/\/tabernaculoprensadedios.com\/web\/madurez-en-el-uso-de-los-dones\/#article","isPartOf":{"@id":"https:\/\/tabernaculoprensadedios.com\/web\/madurez-en-el-uso-de-los-dones\/"},"author":{"name":"tabernaculo","@id":"https:\/\/tabernaculoprensadedios.com\/web\/#\/schema\/person\/bc0e069fef56b38e177db6f098ae0b6e"},"headline":"Madurez en el uso de los dones","datePublished":"2022-10-06T21:54:59+00:00","mainEntityOfPage":{"@id":"https:\/\/tabernaculoprensadedios.com\/web\/madurez-en-el-uso-de-los-dones\/"},"wordCount":476,"commentCount":0,"publisher":{"@id":"https:\/\/tabernaculoprensadedios.com\/web\/#\/schema\/person\/bc0e069fef56b38e177db6f098ae0b6e"},"image":{"@id":"https:\/\/tabernaculoprensadedios.com\/web\/madurez-en-el-uso-de-los-dones\/#primaryimage"},"thumbnailUrl":"https:\/\/tabernaculoprensadedios.com\/web\/wp-content\/uploads\/2022\/10\/dones.jpg","articleSection":["Articulos"],"inLanguage":"es","potentialAction":[{"@type":"CommentAction","name":"Comment","target":["https:\/\/tabernaculoprensadedios.com\/web\/madurez-en-el-uso-de-los-dones\/#respond"]}]},{"@type":"WebPage","@id":"https:\/\/tabernaculoprensadedios.com\/web\/madurez-en-el-uso-de-los-dones\/","url":"https:\/\/tabernaculoprensadedios.com\/web\/madurez-en-el-uso-de-los-dones\/","name":"Madurez en el uso de los dones - Tabernaculo Prensa de Dios","isPartOf":{"@id":"https:\/\/tabernaculoprensadedios.com\/web\/#website"},"primaryImageOfPage":{"@id":"https:\/\/tabernaculoprensadedios.com\/web\/madurez-en-el-uso-de-los-dones\/#primaryimage"},"image":{"@id":"https:\/\/tabernaculoprensadedios.com\/web\/madurez-en-el-uso-de-los-dones\/#primaryimage"},"thumbnailUrl":"https:\/\/tabernaculoprensadedios.com\/web\/wp-content\/uploads\/2022\/10\/dones.jpg","datePublished":"2022-10-06T21:54:59+00:00","breadcrumb":{"@id":"https:\/\/tabernaculoprensadedios.com\/web\/madurez-en-el-uso-de-los-dones\/#breadcrumb"},"inLanguage":"es","potentialAction":[{"@type":"ReadAction","target":["https:\/\/tabernaculoprensadedios.com\/web\/madurez-en-el-uso-de-los-dones\/"]}]},{"@type":"ImageObject","inLanguage":"es","@id":"https:\/\/tabernaculoprensadedios.com\/web\/madurez-en-el-uso-de-los-dones\/#primaryimage","url":"https:\/\/tabernaculoprensadedios.com\/web\/wp-content\/uploads\/2022\/10\/dones.jpg","contentUrl":"https:\/\/tabernaculoprensadedios.com\/web\/wp-content\/uploads\/2022\/10\/dones.jpg","width":1280,"height":854},{"@type":"BreadcrumbList","@id":"https:\/\/tabernaculoprensadedios.com\/web\/madurez-en-el-uso-de-los-dones\/#breadcrumb","itemListElement":[{"@type":"ListItem","position":1,"name":"Portada","item":"https:\/\/tabernaculoprensadedios.com\/web\/"},{"@type":"ListItem","position":2,"name":"Madurez en el uso de los dones"}]},{"@type":"WebSite","@id":"https:\/\/tabernaculoprensadedios.com\/web\/#website","url":"https:\/\/tabernaculoprensadedios.com\/web\/","name":"Tabernaculo Prensa de Dios","description":"Un medio a la manera de Dios","publisher":{"@id":"https:\/\/tabernaculoprensadedios.com\/web\/#\/schema\/person\/bc0e069fef56b38e177db6f098ae0b6e"},"potentialAction":[{"@type":"SearchAction","target":{"@type":"EntryPoint","urlTemplate":"https:\/\/tabernaculoprensadedios.com\/web\/?s={search_term_string}"},"query-input":{"@type":"PropertyValueSpecification","valueRequired":true,"valueName":"search_term_string"}}],"inLanguage":"es"},{"@type":["Person","Organization"],"@id":"https:\/\/tabernaculoprensadedios.com\/web\/#\/schema\/person\/bc0e069fef56b38e177db6f098ae0b6e","name":"tabernaculo","image":{"@type":"ImageObject","inLanguage":"es","@id":"https:\/\/tabernaculoprensadedios.com\/web\/#\/schema\/person\/image\/","url":"https:\/\/tabernaculoprensadedios.com\/web\/wp-content\/uploads\/2015\/06\/login-logo1.png","contentUrl":"https:\/\/tabernaculoprensadedios.com\/web\/wp-content\/uploads\/2015\/06\/login-logo1.png","width":300,"height":118,"caption":"tabernaculo"},"logo":{"@id":"https:\/\/tabernaculoprensadedios.com\/web\/#\/schema\/person\/image\/"},"url":"https:\/\/tabernaculoprensadedios.com\/web\/author\/tabernaculo\/"}]}},"_links":{"self":[{"href":"https:\/\/tabernaculoprensadedios.com\/web\/wp-json\/wp\/v2\/posts\/26276","targetHints":{"allow":["GET"]}}],"collection":[{"href":"https:\/\/tabernaculoprensadedios.com\/web\/wp-json\/wp\/v2\/posts"}],"about":[{"href":"https:\/\/tabernaculoprensadedios.com\/web\/wp-json\/wp\/v2\/types\/post"}],"author":[{"embeddable":true,"href":"https:\/\/tabernaculoprensadedios.com\/web\/wp-json\/wp\/v2\/users\/1"}],"replies":[{"embeddable":true,"href":"https:\/\/tabernaculoprensadedios.com\/web\/wp-json\/wp\/v2\/comments?post=26276"}],"version-history":[{"count":1,"href":"https:\/\/tabernaculoprensadedios.com\/web\/wp-json\/wp\/v2\/posts\/26276\/revisions"}],"predecessor-version":[{"id":26278,"href":"https:\/\/tabernaculoprensadedios.com\/web\/wp-json\/wp\/v2\/posts\/26276\/revisions\/26278"}],"wp:featuredmedia":[{"embeddable":true,"href":"https:\/\/tabernaculoprensadedios.com\/web\/wp-json\/wp\/v2\/media\/26277"}],"wp:attachment":[{"href":"https:\/\/tabernaculoprensadedios.com\/web\/wp-json\/wp\/v2\/media?parent=26276"}],"wp:term":[{"taxonomy":"category","embeddable":true,"href":"https:\/\/tabernaculoprensadedios.com\/web\/wp-json\/wp\/v2\/categories?post=26276"},{"taxonomy":"post_tag","embeddable":true,"href":"https:\/\/tabernaculoprensadedios.com\/web\/wp-json\/wp\/v2\/tags?post=26276"}],"curies":[{"name":"wp","href":"https:\/\/api.w.org\/{rel}","templated":true}]}}