{"id":25965,"date":"2022-08-27T19:13:15","date_gmt":"2022-08-27T19:13:15","guid":{"rendered":"https:\/\/tabernaculoprensadedios.com\/web\/?p=25965"},"modified":"2022-08-27T19:13:30","modified_gmt":"2022-08-27T19:13:30","slug":"la-gloria-de-dios-se-vera-en-las-vasijas-rotas","status":"publish","type":"post","link":"https:\/\/tabernaculoprensadedios.com\/web\/la-gloria-de-dios-se-vera-en-las-vasijas-rotas\/","title":{"rendered":"La gloria de Dios se ver\u00e1 en las vasijas rotas"},"content":{"rendered":"<p><b><i>Porque Dios, que mand\u00f3 que de las tinieblas surgiera la luz, es quien brill\u00f3 en nuestros corazones para que se revelara el conocimiento de la gloria de Dios en el rostro de Jesucristo. 2 Corintios 4:6<\/i><\/b><u><\/u><u><\/u><\/p>\n<p>Esta palabra prof\u00e9tica de Jennifer LaClaire vino a confirmar lo que hace unos meses Dios habl\u00f3 a mi coraz\u00f3n junto con la palabra\u00a0<b>\u201cRESTAURACION\u201d.\u00a0<\/b>Estaba orando por un amigo muy amado por mi familia y por el proceso que estaba pasando. El Se\u00f1or me llevo a ver el arte japones del Kintsugi. Se trata de reparar las piezas\u00a0 rotas de cer\u00e1mica. En lugar de usar un pegamento discreto, los artesanos utilizan un esmalte especial espolvoreado con oro. El resultado es hermosas \u201ccosturas\u201d que hacen que las grietas de la pieza brillen, d\u00e1ndole un aspecto \u00fanico. En japon\u00e9s, Kintsugi quiere decir \u201cempalme de oro\u201d, y esta t\u00e9cnica tambi\u00e9n es conocida como Kintsukuroi, o \u201creparaci\u00f3n con oro\u201d. Y el Se\u00f1or me mostraba que la gloria de Dios es vista a trav\u00e9s de esas grietas que deja un pasado doloroso, un fracaso, una decepci\u00f3n, una herida. El c\u00f3mo nuestro Alfarero Divino es especialista en tomar las piezas rotas, juntarlas y hacer que su gloria brille a trav\u00e9s de ellas. Si te sientes como una vasija rota, esta palabra del Se\u00f1or es para ti.<u><\/u><u><\/u><\/p>\n<p><strong>Apocalipsis 21:5<\/strong>\u00a0Y el que estaba sentado en el trono dijo: He aqu\u00ed, yo hago nuevas todas las cosas. Y me dijo: Escribe; porque estas palabras son fieles y verdaderas.<u><\/u><u><\/u><\/p>\n<p><b>JUNTARE LAS PIEZAS ROTAS DE NUEVO<\/b><u><\/u><u><\/u><\/p>\n<p>Escuch\u00e9 al Se\u00f1or decir: \u201cPuedo volver a juntar las piezas; cada peque\u00f1o grano, cada peque\u00f1a astilla, cada peque\u00f1a pieza. Puedo volver a armarla. Tu futuro no est\u00e1 perdido. Tu presente puede parecer como si estuviera destruido porque el enemigo vino con destrucci\u00f3n. El enemigo vino a matar y destruir. Pero tu futuro no est\u00e1 destruido. Tu futuro no est\u00e1 roto. Tu futuro no est\u00e1 hecho a\u00f1icos\u201d<u><\/u><u><\/u><\/p>\n<p>\u201cS\u00e9 que no puedes ver m\u00e1s all\u00e1 de donde est\u00e1s ahora porque parece que tu realidad ser\u00e1 tu realidad para siempre. Tu realidad presente no es tu realidad futura. Tus circunstancias presentes no son tus circunstancias futuras. Yo soy el Dios de tu futuro y he ido delante de ti para limpiar cosas que sucedieron en tu pasado y cosas que est\u00e1n sucediendo en tu presente. Ya lo he resuelto todo. Solo conf\u00eda en M\u00ed. Ya lo he resuelto todo\u201d<u><\/u><u><\/u><\/p>\n<p>\u00bfConfiar\u00e1s en el Se\u00f1or? \u00c9l realmente hace que todas las cosas funcionen para tu bien. Tu puedes contar con \u00e9l. (Jennifer LeClaire)<u><\/u><u><\/u><\/p>\n<p><b>2 Corintios 4:7-10<\/b>\u00a0Pero tenemos este tesoro en vasos de barro, para que se vea que la excelencia del poder es de Dios, y no de nosotros, que estamos atribulados en todo, pero no angustiados; en apuros, pero no desesperados; perseguidos, pero no desamparados; derribados, pero no destruidos; siempre llevamos en el cuerpo, y por todas partes, la muerte de Jes\u00fas, para que tambi\u00e9n la vida de Jes\u00fas se manifieste en nosotros.<u><\/u><u><\/u><\/p>\n<p><b>Oremos:<\/b>\u00a0Padre, en el nombre de Jes\u00fas, \u00bfme ayudar\u00edas a confiar en Ti para recoger todas mis piezas rotas y volver a armarme? Ay\u00fadame a sentir Tu presencia en medio de mi dolor y mi caos. Gracias por sanarme, por restaurarme y hacer que mis cicatrices brillen con el esplendor de Tu gloria.<u><\/u><u><\/u><\/p>\n<p>Con amor y oraciones,<\/p>\n","protected":false},"excerpt":{"rendered":"<p>Porque Dios, que mand\u00f3 que de las tinieblas surgiera la luz, es quien brill\u00f3 en nuestros corazones para que se revelara el conocimiento de la gloria de Dios en el rostro de Jesucristo. 2 Corintios 4:6 Esta palabra prof\u00e9tica de Jennifer LaClaire vino a confirmar lo que hace unos meses Dios habl\u00f3 a mi coraz\u00f3n &hellip;<\/p>\n","protected":false},"author":1,"featured_media":25966,"comment_status":"open","ping_status":"open","sticky":false,"template":"","format":"standard","meta":{"footnotes":""},"categories":[38],"tags":[],"class_list":["post-25965","post","type-post","status-publish","format-standard","has-post-thumbnail","hentry","category-principal"],"yoast_head":"<!-- This site is optimized with the Yoast SEO Premium plugin v24.2 (Yoast SEO v27.1.1) - https:\/\/yoast.com\/product\/yoast-seo-premium-wordpress\/ -->\n<title>La gloria de Dios se ver\u00e1 en las vasijas rotas - Tabernaculo Prensa de Dios<\/title>\n<meta name=\"robots\" content=\"index, follow, max-snippet:-1, max-image-preview:large, max-video-preview:-1\" \/>\n<link rel=\"canonical\" href=\"https:\/\/tabernaculoprensadedios.com\/web\/la-gloria-de-dios-se-vera-en-las-vasijas-rotas\/\" class=\"yoast-seo-meta-tag\" \/>\n<meta property=\"og:locale\" content=\"es_ES\" class=\"yoast-seo-meta-tag\" \/>\n<meta property=\"og:type\" content=\"article\" class=\"yoast-seo-meta-tag\" \/>\n<meta property=\"og:title\" content=\"La gloria de Dios se ver\u00e1 en las vasijas rotas\" class=\"yoast-seo-meta-tag\" \/>\n<meta property=\"og:description\" content=\"Porque Dios, que mand\u00f3 que de las tinieblas surgiera la luz, es quien brill\u00f3 en nuestros corazones para que se revelara el conocimiento de la gloria de Dios en el rostro de Jesucristo. 2 Corintios 4:6 Esta palabra prof\u00e9tica de Jennifer LaClaire vino a confirmar lo que hace unos meses Dios habl\u00f3 a mi coraz\u00f3n &hellip;\" class=\"yoast-seo-meta-tag\" \/>\n<meta property=\"og:url\" content=\"https:\/\/tabernaculoprensadedios.com\/web\/la-gloria-de-dios-se-vera-en-las-vasijas-rotas\/\" class=\"yoast-seo-meta-tag\" \/>\n<meta property=\"og:site_name\" content=\"Tabernaculo Prensa de Dios\" class=\"yoast-seo-meta-tag\" \/>\n<meta property=\"article:published_time\" content=\"2022-08-27T19:13:15+00:00\" class=\"yoast-seo-meta-tag\" \/>\n<meta property=\"article:modified_time\" content=\"2022-08-27T19:13:30+00:00\" class=\"yoast-seo-meta-tag\" \/>\n<meta property=\"og:image\" content=\"https:\/\/tabernaculoprensadedios.com\/web\/wp-content\/uploads\/2022\/08\/vacija.jpg\" class=\"yoast-seo-meta-tag\" \/>\n\t<meta property=\"og:image:width\" content=\"1280\" class=\"yoast-seo-meta-tag\" \/>\n\t<meta property=\"og:image:height\" content=\"853\" class=\"yoast-seo-meta-tag\" \/>\n\t<meta property=\"og:image:type\" content=\"image\/jpeg\" class=\"yoast-seo-meta-tag\" \/>\n<meta name=\"author\" content=\"tabernaculo\" class=\"yoast-seo-meta-tag\" \/>\n<meta name=\"twitter:card\" content=\"summary_large_image\" class=\"yoast-seo-meta-tag\" \/>\n<meta name=\"twitter:creator\" content=\"@PrensadeDios\" class=\"yoast-seo-meta-tag\" \/>\n<meta name=\"twitter:site\" content=\"@PrensadeDios\" class=\"yoast-seo-meta-tag\" \/>\n<meta name=\"twitter:label1\" content=\"Escrito por\" class=\"yoast-seo-meta-tag\" \/>\n\t<meta name=\"twitter:data1\" content=\"tabernaculo\" class=\"yoast-seo-meta-tag\" \/>\n\t<meta name=\"twitter:label2\" content=\"Tiempo de lectura\" class=\"yoast-seo-meta-tag\" \/>\n\t<meta name=\"twitter:data2\" content=\"3 minutos\" class=\"yoast-seo-meta-tag\" \/>\n<script type=\"application\/ld+json\" class=\"yoast-schema-graph\">{\"@context\":\"https:\/\/schema.org\",\"@graph\":[{\"@type\":\"Article\",\"@id\":\"https:\/\/tabernaculoprensadedios.com\/web\/la-gloria-de-dios-se-vera-en-las-vasijas-rotas\/#article\",\"isPartOf\":{\"@id\":\"https:\/\/tabernaculoprensadedios.com\/web\/la-gloria-de-dios-se-vera-en-las-vasijas-rotas\/\"},\"author\":{\"name\":\"tabernaculo\",\"@id\":\"https:\/\/tabernaculoprensadedios.com\/web\/#\/schema\/person\/bc0e069fef56b38e177db6f098ae0b6e\"},\"headline\":\"La gloria de Dios se ver\u00e1 en las vasijas rotas\",\"datePublished\":\"2022-08-27T19:13:15+00:00\",\"dateModified\":\"2022-08-27T19:13:30+00:00\",\"mainEntityOfPage\":{\"@id\":\"https:\/\/tabernaculoprensadedios.com\/web\/la-gloria-de-dios-se-vera-en-las-vasijas-rotas\/\"},\"wordCount\":588,\"commentCount\":0,\"publisher\":{\"@id\":\"https:\/\/tabernaculoprensadedios.com\/web\/#\/schema\/person\/bc0e069fef56b38e177db6f098ae0b6e\"},\"image\":{\"@id\":\"https:\/\/tabernaculoprensadedios.com\/web\/la-gloria-de-dios-se-vera-en-las-vasijas-rotas\/#primaryimage\"},\"thumbnailUrl\":\"https:\/\/tabernaculoprensadedios.com\/web\/wp-content\/uploads\/2022\/08\/vacija.jpg\",\"articleSection\":[\"Principal\"],\"inLanguage\":\"es\",\"potentialAction\":[{\"@type\":\"CommentAction\",\"name\":\"Comment\",\"target\":[\"https:\/\/tabernaculoprensadedios.com\/web\/la-gloria-de-dios-se-vera-en-las-vasijas-rotas\/#respond\"]}]},{\"@type\":\"WebPage\",\"@id\":\"https:\/\/tabernaculoprensadedios.com\/web\/la-gloria-de-dios-se-vera-en-las-vasijas-rotas\/\",\"url\":\"https:\/\/tabernaculoprensadedios.com\/web\/la-gloria-de-dios-se-vera-en-las-vasijas-rotas\/\",\"name\":\"La gloria de Dios se ver\u00e1 en las vasijas rotas - Tabernaculo Prensa de Dios\",\"isPartOf\":{\"@id\":\"https:\/\/tabernaculoprensadedios.com\/web\/#website\"},\"primaryImageOfPage\":{\"@id\":\"https:\/\/tabernaculoprensadedios.com\/web\/la-gloria-de-dios-se-vera-en-las-vasijas-rotas\/#primaryimage\"},\"image\":{\"@id\":\"https:\/\/tabernaculoprensadedios.com\/web\/la-gloria-de-dios-se-vera-en-las-vasijas-rotas\/#primaryimage\"},\"thumbnailUrl\":\"https:\/\/tabernaculoprensadedios.com\/web\/wp-content\/uploads\/2022\/08\/vacija.jpg\",\"datePublished\":\"2022-08-27T19:13:15+00:00\",\"dateModified\":\"2022-08-27T19:13:30+00:00\",\"breadcrumb\":{\"@id\":\"https:\/\/tabernaculoprensadedios.com\/web\/la-gloria-de-dios-se-vera-en-las-vasijas-rotas\/#breadcrumb\"},\"inLanguage\":\"es\",\"potentialAction\":[{\"@type\":\"ReadAction\",\"target\":[\"https:\/\/tabernaculoprensadedios.com\/web\/la-gloria-de-dios-se-vera-en-las-vasijas-rotas\/\"]}]},{\"@type\":\"ImageObject\",\"inLanguage\":\"es\",\"@id\":\"https:\/\/tabernaculoprensadedios.com\/web\/la-gloria-de-dios-se-vera-en-las-vasijas-rotas\/#primaryimage\",\"url\":\"https:\/\/tabernaculoprensadedios.com\/web\/wp-content\/uploads\/2022\/08\/vacija.jpg\",\"contentUrl\":\"https:\/\/tabernaculoprensadedios.com\/web\/wp-content\/uploads\/2022\/08\/vacija.jpg\",\"width\":1280,\"height\":853},{\"@type\":\"BreadcrumbList\",\"@id\":\"https:\/\/tabernaculoprensadedios.com\/web\/la-gloria-de-dios-se-vera-en-las-vasijas-rotas\/#breadcrumb\",\"itemListElement\":[{\"@type\":\"ListItem\",\"position\":1,\"name\":\"Portada\",\"item\":\"https:\/\/tabernaculoprensadedios.com\/web\/\"},{\"@type\":\"ListItem\",\"position\":2,\"name\":\"La gloria de Dios se ver\u00e1 en las vasijas rotas\"}]},{\"@type\":\"WebSite\",\"@id\":\"https:\/\/tabernaculoprensadedios.com\/web\/#website\",\"url\":\"https:\/\/tabernaculoprensadedios.com\/web\/\",\"name\":\"Tabernaculo Prensa de Dios\",\"description\":\"Un medio a la manera de Dios\",\"publisher\":{\"@id\":\"https:\/\/tabernaculoprensadedios.com\/web\/#\/schema\/person\/bc0e069fef56b38e177db6f098ae0b6e\"},\"potentialAction\":[{\"@type\":\"SearchAction\",\"target\":{\"@type\":\"EntryPoint\",\"urlTemplate\":\"https:\/\/tabernaculoprensadedios.com\/web\/?s={search_term_string}\"},\"query-input\":{\"@type\":\"PropertyValueSpecification\",\"valueRequired\":true,\"valueName\":\"search_term_string\"}}],\"inLanguage\":\"es\"},{\"@type\":[\"Person\",\"Organization\"],\"@id\":\"https:\/\/tabernaculoprensadedios.com\/web\/#\/schema\/person\/bc0e069fef56b38e177db6f098ae0b6e\",\"name\":\"tabernaculo\",\"image\":{\"@type\":\"ImageObject\",\"inLanguage\":\"es\",\"@id\":\"https:\/\/tabernaculoprensadedios.com\/web\/#\/schema\/person\/image\/\",\"url\":\"https:\/\/tabernaculoprensadedios.com\/web\/wp-content\/uploads\/2015\/06\/login-logo1.png\",\"contentUrl\":\"https:\/\/tabernaculoprensadedios.com\/web\/wp-content\/uploads\/2015\/06\/login-logo1.png\",\"width\":300,\"height\":118,\"caption\":\"tabernaculo\"},\"logo\":{\"@id\":\"https:\/\/tabernaculoprensadedios.com\/web\/#\/schema\/person\/image\/\"},\"url\":\"https:\/\/tabernaculoprensadedios.com\/web\/author\/tabernaculo\/\"}]}<\/script>\n<!-- \/ Yoast SEO Premium plugin. -->","yoast_head_json":{"title":"La gloria de Dios se ver\u00e1 en las vasijas rotas - Tabernaculo Prensa de Dios","robots":{"index":"index","follow":"follow","max-snippet":"max-snippet:-1","max-image-preview":"max-image-preview:large","max-video-preview":"max-video-preview:-1"},"canonical":"https:\/\/tabernaculoprensadedios.com\/web\/la-gloria-de-dios-se-vera-en-las-vasijas-rotas\/","og_locale":"es_ES","og_type":"article","og_title":"La gloria de Dios se ver\u00e1 en las vasijas rotas","og_description":"Porque Dios, que mand\u00f3 que de las tinieblas surgiera la luz, es quien brill\u00f3 en nuestros corazones para que se revelara el conocimiento de la gloria de Dios en el rostro de Jesucristo. 2 Corintios 4:6 Esta palabra prof\u00e9tica de Jennifer LaClaire vino a confirmar lo que hace unos meses Dios habl\u00f3 a mi coraz\u00f3n &hellip;","og_url":"https:\/\/tabernaculoprensadedios.com\/web\/la-gloria-de-dios-se-vera-en-las-vasijas-rotas\/","og_site_name":"Tabernaculo Prensa de Dios","article_published_time":"2022-08-27T19:13:15+00:00","article_modified_time":"2022-08-27T19:13:30+00:00","og_image":[{"width":1280,"height":853,"url":"https:\/\/tabernaculoprensadedios.com\/web\/wp-content\/uploads\/2022\/08\/vacija.jpg","type":"image\/jpeg"}],"author":"tabernaculo","twitter_card":"summary_large_image","twitter_creator":"@PrensadeDios","twitter_site":"@PrensadeDios","twitter_misc":{"Escrito por":"tabernaculo","Tiempo de lectura":"3 minutos"},"schema":{"@context":"https:\/\/schema.org","@graph":[{"@type":"Article","@id":"https:\/\/tabernaculoprensadedios.com\/web\/la-gloria-de-dios-se-vera-en-las-vasijas-rotas\/#article","isPartOf":{"@id":"https:\/\/tabernaculoprensadedios.com\/web\/la-gloria-de-dios-se-vera-en-las-vasijas-rotas\/"},"author":{"name":"tabernaculo","@id":"https:\/\/tabernaculoprensadedios.com\/web\/#\/schema\/person\/bc0e069fef56b38e177db6f098ae0b6e"},"headline":"La gloria de Dios se ver\u00e1 en las vasijas rotas","datePublished":"2022-08-27T19:13:15+00:00","dateModified":"2022-08-27T19:13:30+00:00","mainEntityOfPage":{"@id":"https:\/\/tabernaculoprensadedios.com\/web\/la-gloria-de-dios-se-vera-en-las-vasijas-rotas\/"},"wordCount":588,"commentCount":0,"publisher":{"@id":"https:\/\/tabernaculoprensadedios.com\/web\/#\/schema\/person\/bc0e069fef56b38e177db6f098ae0b6e"},"image":{"@id":"https:\/\/tabernaculoprensadedios.com\/web\/la-gloria-de-dios-se-vera-en-las-vasijas-rotas\/#primaryimage"},"thumbnailUrl":"https:\/\/tabernaculoprensadedios.com\/web\/wp-content\/uploads\/2022\/08\/vacija.jpg","articleSection":["Principal"],"inLanguage":"es","potentialAction":[{"@type":"CommentAction","name":"Comment","target":["https:\/\/tabernaculoprensadedios.com\/web\/la-gloria-de-dios-se-vera-en-las-vasijas-rotas\/#respond"]}]},{"@type":"WebPage","@id":"https:\/\/tabernaculoprensadedios.com\/web\/la-gloria-de-dios-se-vera-en-las-vasijas-rotas\/","url":"https:\/\/tabernaculoprensadedios.com\/web\/la-gloria-de-dios-se-vera-en-las-vasijas-rotas\/","name":"La gloria de Dios se ver\u00e1 en las vasijas rotas - Tabernaculo Prensa de Dios","isPartOf":{"@id":"https:\/\/tabernaculoprensadedios.com\/web\/#website"},"primaryImageOfPage":{"@id":"https:\/\/tabernaculoprensadedios.com\/web\/la-gloria-de-dios-se-vera-en-las-vasijas-rotas\/#primaryimage"},"image":{"@id":"https:\/\/tabernaculoprensadedios.com\/web\/la-gloria-de-dios-se-vera-en-las-vasijas-rotas\/#primaryimage"},"thumbnailUrl":"https:\/\/tabernaculoprensadedios.com\/web\/wp-content\/uploads\/2022\/08\/vacija.jpg","datePublished":"2022-08-27T19:13:15+00:00","dateModified":"2022-08-27T19:13:30+00:00","breadcrumb":{"@id":"https:\/\/tabernaculoprensadedios.com\/web\/la-gloria-de-dios-se-vera-en-las-vasijas-rotas\/#breadcrumb"},"inLanguage":"es","potentialAction":[{"@type":"ReadAction","target":["https:\/\/tabernaculoprensadedios.com\/web\/la-gloria-de-dios-se-vera-en-las-vasijas-rotas\/"]}]},{"@type":"ImageObject","inLanguage":"es","@id":"https:\/\/tabernaculoprensadedios.com\/web\/la-gloria-de-dios-se-vera-en-las-vasijas-rotas\/#primaryimage","url":"https:\/\/tabernaculoprensadedios.com\/web\/wp-content\/uploads\/2022\/08\/vacija.jpg","contentUrl":"https:\/\/tabernaculoprensadedios.com\/web\/wp-content\/uploads\/2022\/08\/vacija.jpg","width":1280,"height":853},{"@type":"BreadcrumbList","@id":"https:\/\/tabernaculoprensadedios.com\/web\/la-gloria-de-dios-se-vera-en-las-vasijas-rotas\/#breadcrumb","itemListElement":[{"@type":"ListItem","position":1,"name":"Portada","item":"https:\/\/tabernaculoprensadedios.com\/web\/"},{"@type":"ListItem","position":2,"name":"La gloria de Dios se ver\u00e1 en las vasijas rotas"}]},{"@type":"WebSite","@id":"https:\/\/tabernaculoprensadedios.com\/web\/#website","url":"https:\/\/tabernaculoprensadedios.com\/web\/","name":"Tabernaculo Prensa de Dios","description":"Un medio a la manera de Dios","publisher":{"@id":"https:\/\/tabernaculoprensadedios.com\/web\/#\/schema\/person\/bc0e069fef56b38e177db6f098ae0b6e"},"potentialAction":[{"@type":"SearchAction","target":{"@type":"EntryPoint","urlTemplate":"https:\/\/tabernaculoprensadedios.com\/web\/?s={search_term_string}"},"query-input":{"@type":"PropertyValueSpecification","valueRequired":true,"valueName":"search_term_string"}}],"inLanguage":"es"},{"@type":["Person","Organization"],"@id":"https:\/\/tabernaculoprensadedios.com\/web\/#\/schema\/person\/bc0e069fef56b38e177db6f098ae0b6e","name":"tabernaculo","image":{"@type":"ImageObject","inLanguage":"es","@id":"https:\/\/tabernaculoprensadedios.com\/web\/#\/schema\/person\/image\/","url":"https:\/\/tabernaculoprensadedios.com\/web\/wp-content\/uploads\/2015\/06\/login-logo1.png","contentUrl":"https:\/\/tabernaculoprensadedios.com\/web\/wp-content\/uploads\/2015\/06\/login-logo1.png","width":300,"height":118,"caption":"tabernaculo"},"logo":{"@id":"https:\/\/tabernaculoprensadedios.com\/web\/#\/schema\/person\/image\/"},"url":"https:\/\/tabernaculoprensadedios.com\/web\/author\/tabernaculo\/"}]}},"_links":{"self":[{"href":"https:\/\/tabernaculoprensadedios.com\/web\/wp-json\/wp\/v2\/posts\/25965","targetHints":{"allow":["GET"]}}],"collection":[{"href":"https:\/\/tabernaculoprensadedios.com\/web\/wp-json\/wp\/v2\/posts"}],"about":[{"href":"https:\/\/tabernaculoprensadedios.com\/web\/wp-json\/wp\/v2\/types\/post"}],"author":[{"embeddable":true,"href":"https:\/\/tabernaculoprensadedios.com\/web\/wp-json\/wp\/v2\/users\/1"}],"replies":[{"embeddable":true,"href":"https:\/\/tabernaculoprensadedios.com\/web\/wp-json\/wp\/v2\/comments?post=25965"}],"version-history":[{"count":2,"href":"https:\/\/tabernaculoprensadedios.com\/web\/wp-json\/wp\/v2\/posts\/25965\/revisions"}],"predecessor-version":[{"id":25968,"href":"https:\/\/tabernaculoprensadedios.com\/web\/wp-json\/wp\/v2\/posts\/25965\/revisions\/25968"}],"wp:featuredmedia":[{"embeddable":true,"href":"https:\/\/tabernaculoprensadedios.com\/web\/wp-json\/wp\/v2\/media\/25966"}],"wp:attachment":[{"href":"https:\/\/tabernaculoprensadedios.com\/web\/wp-json\/wp\/v2\/media?parent=25965"}],"wp:term":[{"taxonomy":"category","embeddable":true,"href":"https:\/\/tabernaculoprensadedios.com\/web\/wp-json\/wp\/v2\/categories?post=25965"},{"taxonomy":"post_tag","embeddable":true,"href":"https:\/\/tabernaculoprensadedios.com\/web\/wp-json\/wp\/v2\/tags?post=25965"}],"curies":[{"name":"wp","href":"https:\/\/api.w.org\/{rel}","templated":true}]}}