{"id":25960,"date":"2022-08-27T18:49:36","date_gmt":"2022-08-27T18:49:36","guid":{"rendered":"https:\/\/tabernaculoprensadedios.com\/web\/?p=25960"},"modified":"2022-08-27T18:49:36","modified_gmt":"2022-08-27T18:49:36","slug":"universidad-nacional-evangelica-gradua-mil-230-nuevos-profesionales-en-su-investidura-numero-63","status":"publish","type":"post","link":"https:\/\/tabernaculoprensadedios.com\/web\/universidad-nacional-evangelica-gradua-mil-230-nuevos-profesionales-en-su-investidura-numero-63\/","title":{"rendered":"Universidad Nacional Evang\u00e9lica grad\u00faa mil 230 nuevos profesionales en su investidura n\u00famero 63"},"content":{"rendered":"<p>La Universidad Nacional Evang\u00e9lica celebr\u00f3 su sexag\u00e9sima tercera graduaci\u00f3n en la que entreg\u00f3 sus t\u00edtulos en diversas carreras a 1,262 nuevos profesionales en un acto celebrado en el Centro de Convenciones de Sansouc\u00ed, donde el rector de la casa de altos estudios, doctor Juan Guerrero \u00c1vila consider\u00f3 que ante los problemas socio econ\u00f3micos, alimentarios y ambientales actuales, las universidades representan la puerta a la soluci\u00f3n de los mismos.<\/p>\n<p>En un breve recuento hist\u00f3rico del nacimiento de las universidades Guerrero \u00c1vila afirm\u00f3 que los centros de estudios superiores han sido la piedra angular en la soluci\u00f3n de muchos de los problemas que han aquejado las naciones a trav\u00e9s de la historia. \u201cDe la misma manera tambi\u00e9n han sido parte de grandes movimientos transformadores de sociedades y culturas a nivel mundial\u201d.<\/p>\n<p>Guerrero \u00c1vila destac\u00f3 los aportes importantes que en t\u00e9rminos de conocimientos se hicieron desde las universidades para gestar hechos y movimientos que cambiaron la historia de la humanidad. Cit\u00f3 los conocimientos \u00a0desarrollados en\u00a0 universidades europeas llevaron a que \u00a0a Crist\u00f3bal Col\u00f3n \u00a0\u00a0\u00a0descubrieran \u00a0nuevas tierras y rutas mar\u00edtimas durante el siglo XV, y \u00a0tambi\u00e9n a los grandes aportes de varias universidades europeas al impacto que tuvo la Reforma Protestante en el siglo\u00a0 XVI.<\/p>\n<p>Entiende el rector de la UNEV que, ante problemas como el calentamiento global, los conflictos armamentistas, y los altos niveles de inflaci\u00f3n en la mayor\u00eda de las naciones que producen aumento del costo de la canasta familiar, las universidades tienen la responsabilidad de contribuir a la b\u00fasqueda de soluciones junto al resto de la sociedad.<\/p>\n<p><strong>Innovaci\u00f3n y emprendimiento<br \/>\n<\/strong>\u201cB\u00e1sicamente, como centro de educaci\u00f3n superior en el presente siglo, y siendo la investigaci\u00f3n parte de nuestras funciones, nuestros problemas se resuelven buscando nuevas v\u00edas y produciendo proyectos e investigaciones para responder a los mismos\u201d. Agreg\u00f3 que a las funciones \u00a0de investigaci\u00f3n y extensi\u00f3n, se les han a\u00f1adido las funciones de emprendedora e innovadora. A la luz de los tiempos que vivimos nuestra meta es tambi\u00e9n a\u00f1adir \u201cEmprendimiento e Innovaci\u00f3n\u201d a nuestro quehacer acad\u00e9mico\u201d, enfatiz\u00f3.<\/p>\n<p>\u201cNo puede haber Innovaci\u00f3n sin Emprendimiento, por eso estamos haciendo del emprendimiento un eje transversal de nuestra estructura acad\u00e9mica universitaria. Nuestra meta es que nuestros estudiantes aprendan a emprender, de manera que, en vez de graduarse para ir en busca de un empleo, sean promotores de peque\u00f1as empresas y aporten al fortalecimiento econ\u00f3mico de nuestra naci\u00f3n\u201d.<\/p>\n<p><a href=\"https:\/\/tabernaculoprensadedios.com\/web\/wp-content\/uploads\/2022\/08\/Integrantes-mesa-de-honor.jpg\"><img loading=\"lazy\" decoding=\"async\" class=\"aligncenter size-full wp-image-25962\" src=\"https:\/\/tabernaculoprensadedios.com\/web\/wp-content\/uploads\/2022\/08\/Integrantes-mesa-de-honor.jpg\" alt=\"\" width=\"1300\" height=\"866\" srcset=\"https:\/\/tabernaculoprensadedios.com\/web\/wp-content\/uploads\/2022\/08\/Integrantes-mesa-de-honor.jpg 1300w, https:\/\/tabernaculoprensadedios.com\/web\/wp-content\/uploads\/2022\/08\/Integrantes-mesa-de-honor-600x400.jpg 600w, https:\/\/tabernaculoprensadedios.com\/web\/wp-content\/uploads\/2022\/08\/Integrantes-mesa-de-honor-300x200.jpg 300w, https:\/\/tabernaculoprensadedios.com\/web\/wp-content\/uploads\/2022\/08\/Integrantes-mesa-de-honor-1024x682.jpg 1024w, https:\/\/tabernaculoprensadedios.com\/web\/wp-content\/uploads\/2022\/08\/Integrantes-mesa-de-honor-768x512.jpg 768w, https:\/\/tabernaculoprensadedios.com\/web\/wp-content\/uploads\/2022\/08\/Integrantes-mesa-de-honor-630x420.jpg 630w, https:\/\/tabernaculoprensadedios.com\/web\/wp-content\/uploads\/2022\/08\/Integrantes-mesa-de-honor-640x426.jpg 640w, https:\/\/tabernaculoprensadedios.com\/web\/wp-content\/uploads\/2022\/08\/Integrantes-mesa-de-honor-681x454.jpg 681w\" sizes=\"auto, (max-width: 1300px) 100vw, 1300px\" \/><\/a><\/p>\n<p><strong>Agroecolog\u00eda y los modelos org\u00e1nicos<br \/>\n<\/strong>El rector de la Universidad Nacional Evang\u00e9lica expuso que la academia ha estado promoviendo por m\u00e1s de 30 a\u00f1os un nuevo modelo del que hacer agr\u00edcola: la agroecolog\u00eda y modelos org\u00e1nicos de la agroalimentaci\u00f3n.<\/p>\n<p>El doctor Juan Guerrero \u00c1vila expres\u00f3 que el Ministerio de Educaci\u00f3n Superior le dio su aprobaci\u00f3n para implementar un PhD en Agroecolog\u00eda. \u201cParalelamente hemos estado trabajando en entrenamiento t\u00e9cnico en nuestro Centro de Agricultura Sostenible y Tecnolog\u00eda Apropiada (CASTA) a miles de peque\u00f1os productores agr\u00edcola para que conozcan los grandes beneficios de la agroecolog\u00eda y la agricultura org\u00e1nica\u201d.<\/p>\n<p><strong>Sugiere racionalizar el agua ante la crisis global<br \/>\n<\/strong>En su discurso el rector Guerrero \u00c1vila toc\u00f3 la crisis del agua a nivel global, y consider\u00f3 como un error que no se comiencen a implementar procesos regulatorios para controlar la manera en que en nuestro pa\u00eds se consume el agua.<\/p>\n<p>Se\u00f1alo que hace m\u00e1s de 20 a\u00f1os Europa y Estados Unidos no quisieron implementar medidas para regular el uso del agua, por lo que hoy esas naciones est\u00e1n enfrentando una grave crisis. Al referirse a Europa puso de ejemplo la dr\u00e1stica reducci\u00f3n de los glaciares de los Alpes, lo que ha reducido los caudales de r\u00edos como El Danubio y el Rin generando problemas de abastecimiento de agua. De la misma manera, est\u00e1 pasando lo mismo con el rio Colorado de USA que est\u00e1 llegando a los niveles m\u00e1s bajos de agua en la historia.<\/p>\n<p>En este sentido, el rector de la UNEV hizo un llamado respetuoso al ministerio de Medio ambiente para que se tomen medidas y se empiecen a crear mecanismos para el consumo responsable de las reservas acu\u00edferas del subsuelo y se controle la forma irresponsable con las \u00a0que muchas veces es usada el agua potable.<\/p>\n<p>Sugiri\u00f3, como se hizo en el estado de Nevada, la creaci\u00f3n de un de control llamado \u201cpolic\u00eda del agua\u201d para hacer que los ciudadanos usen de manera responsable la poca agua que todav\u00eda hay en el estado. Inform\u00f3 que en Nevada a partir del pr\u00f3ximo a\u00f1o se prohibir\u00e1 la \u00a0siembra de gramas en jardines y se pagar\u00e1 a las personas para que cambien a gramas sint\u00e9ticas.<\/p>\n<p>Argument\u00f3 que quienes tienen lavaderos de carro deben saber que no son los due\u00f1os \u00fanicos de las reservas de agua del subsuelo, ya que la misma pertenece a cada dominicano. \u201cCreemos que hay que detener o implementar controles a la enorme cantidad de agua que se gasta lavando carro\u201d.<\/p>\n<p><a href=\"https:\/\/tabernaculoprensadedios.com\/web\/wp-content\/uploads\/2022\/08\/Graduandos-tomando-el-juramento-1.jpg\"><img loading=\"lazy\" decoding=\"async\" class=\"aligncenter size-full wp-image-25961\" src=\"https:\/\/tabernaculoprensadedios.com\/web\/wp-content\/uploads\/2022\/08\/Graduandos-tomando-el-juramento-1.jpg\" alt=\"\" width=\"1265\" height=\"622\" srcset=\"https:\/\/tabernaculoprensadedios.com\/web\/wp-content\/uploads\/2022\/08\/Graduandos-tomando-el-juramento-1.jpg 1265w, https:\/\/tabernaculoprensadedios.com\/web\/wp-content\/uploads\/2022\/08\/Graduandos-tomando-el-juramento-1-600x295.jpg 600w, https:\/\/tabernaculoprensadedios.com\/web\/wp-content\/uploads\/2022\/08\/Graduandos-tomando-el-juramento-1-300x148.jpg 300w, https:\/\/tabernaculoprensadedios.com\/web\/wp-content\/uploads\/2022\/08\/Graduandos-tomando-el-juramento-1-1024x504.jpg 1024w, https:\/\/tabernaculoprensadedios.com\/web\/wp-content\/uploads\/2022\/08\/Graduandos-tomando-el-juramento-1-768x378.jpg 768w, https:\/\/tabernaculoprensadedios.com\/web\/wp-content\/uploads\/2022\/08\/Graduandos-tomando-el-juramento-1-854x420.jpg 854w, https:\/\/tabernaculoprensadedios.com\/web\/wp-content\/uploads\/2022\/08\/Graduandos-tomando-el-juramento-1-640x315.jpg 640w, https:\/\/tabernaculoprensadedios.com\/web\/wp-content\/uploads\/2022\/08\/Graduandos-tomando-el-juramento-1-681x335.jpg 681w\" sizes=\"auto, (max-width: 1265px) 100vw, 1265px\" \/><\/a><\/p>\n<p><strong><em>El acto de graduaci\u00f3n<br \/>\n<\/em><\/strong>De los nuevos 1,262 profesionales investidos en la ceremonia efectuada este martes 23 de agosto en las instalaciones del Puerto de Sansouc\u00ed, 1,102 de grado y 160 de postgrado.<\/p>\n<p>Los nuevos profesionales son en las \u00e1reas de maestr\u00eda en Educaci\u00f3n menci\u00f3n gesti\u00f3n educativa, maestr\u00eda en educaci\u00f3n superior menci\u00f3n planeamiento educativo, maestr\u00eda en terapia familiar, y maestr\u00eda en estudios teol\u00f3gicos avanzados<\/p>\n<p>Mientras que a nivel de grados son en licenciatura en educaci\u00f3n menci\u00f3n inicial y b\u00e1sica, licenciatura en educaci\u00f3n primaria, primer ciclo, licenciatura en educaci\u00f3n menci\u00f3n letras, licenciatura en educaci\u00f3n menci\u00f3n ciencias naturales, licenciatura en educaci\u00f3n menci\u00f3n ciencias sociales, licenciatura en educaci\u00f3n menci\u00f3n f\u00edsicas y matem\u00e1ticas, licenciatura en educaci\u00f3n menci\u00f3n lenguas modernas, licenciatura en educaci\u00f3n menci\u00f3n educaci\u00f3n f\u00edsica, licenciatura en teolog\u00eda, licenciatura en psicolog\u00eda menci\u00f3n cl\u00ednica, orientador escolar, licenciatura en psicolog\u00eda menci\u00f3n educativa, licenciatura en psicolog\u00eda menci\u00f3n industrial, licenciatura en administraci\u00f3n de empresas, licenciatura en contabilidad, licenciatura en mercadeo, t\u00e9cnico en enfermer\u00eda, licenciatura en enfermer\u00eda, licenciatura en nutrici\u00f3n ingenier\u00eda agroforestal<\/p>\n<p>El rector de la academia tom\u00f3 el juramento a los nuevos profesionales, y expres\u00f3 sentirse orgulloso de presentar a la sociedad estos graduandos que seguir\u00e1n creciendo en su carrera de vida y como profesionales.<\/p>\n<p>De su lado, el doctor Lorenzo Mota King, presidente de la Fundaci\u00f3n Evang\u00e9lica Universitaria (FEU), tuvo la invocaci\u00f3n a Dios al inicio del acto. Las palabras de bienvenida estuvieron a cargo de la Maestra C\u00e1ndida J\u00e1quez Lebr\u00f3n, vicerrectora acad\u00e9mica, y la clausura del acto le correspondi\u00f3 al ingeniero Epifanio Gonz\u00e1lez Minaya, vicerrector administrativo.<\/p>\n<p>El discurso de gratitud estudiantil, en representaci\u00f3n de todos los graduandos, estuvo a cargo de la joven Ambar Keisy Rivera Hern\u00e1ndez, graduada Summa Cum Laude en lenguas modernas. El acto de esta graduaci\u00f3n n\u00famero 63 coincidi\u00f3 con los 36 a\u00f1os de fundaci\u00f3n de la Universidad Nacional Evang\u00e9lica.<\/p>\n","protected":false},"excerpt":{"rendered":"<p>La Universidad Nacional Evang\u00e9lica celebr\u00f3 su sexag\u00e9sima tercera graduaci\u00f3n en la que entreg\u00f3 sus t\u00edtulos en diversas carreras a 1,262 nuevos profesionales en un acto celebrado en el Centro de Convenciones de Sansouc\u00ed, donde el rector de la casa de altos estudios, doctor Juan Guerrero \u00c1vila consider\u00f3 que ante los problemas socio econ\u00f3micos, alimentarios y &hellip;<\/p>\n","protected":false},"author":1,"featured_media":25963,"comment_status":"open","ping_status":"open","sticky":false,"template":"","format":"standard","meta":{"footnotes":""},"categories":[39],"tags":[],"class_list":["post-25960","post","type-post","status-publish","format-standard","has-post-thumbnail","hentry","category-almomento"],"yoast_head":"<!-- This site is optimized with the Yoast SEO Premium plugin v24.2 (Yoast SEO v27.1.1) - https:\/\/yoast.com\/product\/yoast-seo-premium-wordpress\/ -->\n<title>Universidad Nacional Evang\u00e9lica grad\u00faa mil 230 nuevos profesionales en su investidura n\u00famero 63 - Tabernaculo Prensa de Dios<\/title>\n<meta name=\"robots\" content=\"index, follow, max-snippet:-1, max-image-preview:large, max-video-preview:-1\" \/>\n<link rel=\"canonical\" href=\"https:\/\/tabernaculoprensadedios.com\/web\/universidad-nacional-evangelica-gradua-mil-230-nuevos-profesionales-en-su-investidura-numero-63\/\" class=\"yoast-seo-meta-tag\" \/>\n<meta property=\"og:locale\" content=\"es_ES\" class=\"yoast-seo-meta-tag\" \/>\n<meta property=\"og:type\" content=\"article\" class=\"yoast-seo-meta-tag\" \/>\n<meta property=\"og:title\" content=\"Universidad Nacional Evang\u00e9lica grad\u00faa mil 230 nuevos profesionales en su investidura n\u00famero 63\" class=\"yoast-seo-meta-tag\" \/>\n<meta property=\"og:description\" content=\"La Universidad Nacional Evang\u00e9lica celebr\u00f3 su sexag\u00e9sima tercera graduaci\u00f3n en la que entreg\u00f3 sus t\u00edtulos en diversas carreras a 1,262 nuevos profesionales en un acto celebrado en el Centro de Convenciones de Sansouc\u00ed, donde el rector de la casa de altos estudios, doctor Juan Guerrero \u00c1vila consider\u00f3 que ante los problemas socio econ\u00f3micos, alimentarios y &hellip;\" class=\"yoast-seo-meta-tag\" \/>\n<meta property=\"og:url\" content=\"https:\/\/tabernaculoprensadedios.com\/web\/universidad-nacional-evangelica-gradua-mil-230-nuevos-profesionales-en-su-investidura-numero-63\/\" class=\"yoast-seo-meta-tag\" \/>\n<meta property=\"og:site_name\" content=\"Tabernaculo Prensa de Dios\" class=\"yoast-seo-meta-tag\" \/>\n<meta property=\"article:published_time\" content=\"2022-08-27T18:49:36+00:00\" class=\"yoast-seo-meta-tag\" \/>\n<meta property=\"og:image\" content=\"https:\/\/tabernaculoprensadedios.com\/web\/wp-content\/uploads\/2022\/08\/Rector-UNEV.jpg\" class=\"yoast-seo-meta-tag\" \/>\n\t<meta property=\"og:image:width\" content=\"1268\" class=\"yoast-seo-meta-tag\" \/>\n\t<meta property=\"og:image:height\" content=\"791\" class=\"yoast-seo-meta-tag\" \/>\n\t<meta property=\"og:image:type\" content=\"image\/jpeg\" class=\"yoast-seo-meta-tag\" \/>\n<meta name=\"author\" content=\"tabernaculo\" class=\"yoast-seo-meta-tag\" \/>\n<meta name=\"twitter:card\" content=\"summary_large_image\" class=\"yoast-seo-meta-tag\" \/>\n<meta name=\"twitter:creator\" content=\"@PrensadeDios\" class=\"yoast-seo-meta-tag\" \/>\n<meta name=\"twitter:site\" content=\"@PrensadeDios\" class=\"yoast-seo-meta-tag\" \/>\n<meta name=\"twitter:label1\" content=\"Escrito por\" class=\"yoast-seo-meta-tag\" \/>\n\t<meta name=\"twitter:data1\" content=\"tabernaculo\" class=\"yoast-seo-meta-tag\" \/>\n\t<meta name=\"twitter:label2\" content=\"Tiempo de lectura\" class=\"yoast-seo-meta-tag\" \/>\n\t<meta name=\"twitter:data2\" content=\"6 minutos\" class=\"yoast-seo-meta-tag\" \/>\n<script type=\"application\/ld+json\" class=\"yoast-schema-graph\">{\"@context\":\"https:\/\/schema.org\",\"@graph\":[{\"@type\":\"Article\",\"@id\":\"https:\/\/tabernaculoprensadedios.com\/web\/universidad-nacional-evangelica-gradua-mil-230-nuevos-profesionales-en-su-investidura-numero-63\/#article\",\"isPartOf\":{\"@id\":\"https:\/\/tabernaculoprensadedios.com\/web\/universidad-nacional-evangelica-gradua-mil-230-nuevos-profesionales-en-su-investidura-numero-63\/\"},\"author\":{\"name\":\"tabernaculo\",\"@id\":\"https:\/\/tabernaculoprensadedios.com\/web\/#\/schema\/person\/bc0e069fef56b38e177db6f098ae0b6e\"},\"headline\":\"Universidad Nacional Evang\u00e9lica grad\u00faa mil 230 nuevos profesionales en su investidura n\u00famero 63\",\"datePublished\":\"2022-08-27T18:49:36+00:00\",\"mainEntityOfPage\":{\"@id\":\"https:\/\/tabernaculoprensadedios.com\/web\/universidad-nacional-evangelica-gradua-mil-230-nuevos-profesionales-en-su-investidura-numero-63\/\"},\"wordCount\":1233,\"commentCount\":0,\"publisher\":{\"@id\":\"https:\/\/tabernaculoprensadedios.com\/web\/#\/schema\/person\/bc0e069fef56b38e177db6f098ae0b6e\"},\"image\":{\"@id\":\"https:\/\/tabernaculoprensadedios.com\/web\/universidad-nacional-evangelica-gradua-mil-230-nuevos-profesionales-en-su-investidura-numero-63\/#primaryimage\"},\"thumbnailUrl\":\"https:\/\/tabernaculoprensadedios.com\/web\/wp-content\/uploads\/2022\/08\/Rector-UNEV.jpg\",\"articleSection\":[\"almomento\"],\"inLanguage\":\"es\",\"potentialAction\":[{\"@type\":\"CommentAction\",\"name\":\"Comment\",\"target\":[\"https:\/\/tabernaculoprensadedios.com\/web\/universidad-nacional-evangelica-gradua-mil-230-nuevos-profesionales-en-su-investidura-numero-63\/#respond\"]}]},{\"@type\":\"WebPage\",\"@id\":\"https:\/\/tabernaculoprensadedios.com\/web\/universidad-nacional-evangelica-gradua-mil-230-nuevos-profesionales-en-su-investidura-numero-63\/\",\"url\":\"https:\/\/tabernaculoprensadedios.com\/web\/universidad-nacional-evangelica-gradua-mil-230-nuevos-profesionales-en-su-investidura-numero-63\/\",\"name\":\"Universidad Nacional Evang\u00e9lica grad\u00faa mil 230 nuevos profesionales en su investidura n\u00famero 63 - Tabernaculo Prensa de Dios\",\"isPartOf\":{\"@id\":\"https:\/\/tabernaculoprensadedios.com\/web\/#website\"},\"primaryImageOfPage\":{\"@id\":\"https:\/\/tabernaculoprensadedios.com\/web\/universidad-nacional-evangelica-gradua-mil-230-nuevos-profesionales-en-su-investidura-numero-63\/#primaryimage\"},\"image\":{\"@id\":\"https:\/\/tabernaculoprensadedios.com\/web\/universidad-nacional-evangelica-gradua-mil-230-nuevos-profesionales-en-su-investidura-numero-63\/#primaryimage\"},\"thumbnailUrl\":\"https:\/\/tabernaculoprensadedios.com\/web\/wp-content\/uploads\/2022\/08\/Rector-UNEV.jpg\",\"datePublished\":\"2022-08-27T18:49:36+00:00\",\"breadcrumb\":{\"@id\":\"https:\/\/tabernaculoprensadedios.com\/web\/universidad-nacional-evangelica-gradua-mil-230-nuevos-profesionales-en-su-investidura-numero-63\/#breadcrumb\"},\"inLanguage\":\"es\",\"potentialAction\":[{\"@type\":\"ReadAction\",\"target\":[\"https:\/\/tabernaculoprensadedios.com\/web\/universidad-nacional-evangelica-gradua-mil-230-nuevos-profesionales-en-su-investidura-numero-63\/\"]}]},{\"@type\":\"ImageObject\",\"inLanguage\":\"es\",\"@id\":\"https:\/\/tabernaculoprensadedios.com\/web\/universidad-nacional-evangelica-gradua-mil-230-nuevos-profesionales-en-su-investidura-numero-63\/#primaryimage\",\"url\":\"https:\/\/tabernaculoprensadedios.com\/web\/wp-content\/uploads\/2022\/08\/Rector-UNEV.jpg\",\"contentUrl\":\"https:\/\/tabernaculoprensadedios.com\/web\/wp-content\/uploads\/2022\/08\/Rector-UNEV.jpg\",\"width\":1268,\"height\":791,\"caption\":\"Doctor Juan Guerrero \u00c1vila , Rector UNEV\"},{\"@type\":\"BreadcrumbList\",\"@id\":\"https:\/\/tabernaculoprensadedios.com\/web\/universidad-nacional-evangelica-gradua-mil-230-nuevos-profesionales-en-su-investidura-numero-63\/#breadcrumb\",\"itemListElement\":[{\"@type\":\"ListItem\",\"position\":1,\"name\":\"Portada\",\"item\":\"https:\/\/tabernaculoprensadedios.com\/web\/\"},{\"@type\":\"ListItem\",\"position\":2,\"name\":\"Universidad Nacional Evang\u00e9lica grad\u00faa mil 230 nuevos profesionales en su investidura n\u00famero 63\"}]},{\"@type\":\"WebSite\",\"@id\":\"https:\/\/tabernaculoprensadedios.com\/web\/#website\",\"url\":\"https:\/\/tabernaculoprensadedios.com\/web\/\",\"name\":\"Tabernaculo Prensa de Dios\",\"description\":\"Un medio a la manera de Dios\",\"publisher\":{\"@id\":\"https:\/\/tabernaculoprensadedios.com\/web\/#\/schema\/person\/bc0e069fef56b38e177db6f098ae0b6e\"},\"potentialAction\":[{\"@type\":\"SearchAction\",\"target\":{\"@type\":\"EntryPoint\",\"urlTemplate\":\"https:\/\/tabernaculoprensadedios.com\/web\/?s={search_term_string}\"},\"query-input\":{\"@type\":\"PropertyValueSpecification\",\"valueRequired\":true,\"valueName\":\"search_term_string\"}}],\"inLanguage\":\"es\"},{\"@type\":[\"Person\",\"Organization\"],\"@id\":\"https:\/\/tabernaculoprensadedios.com\/web\/#\/schema\/person\/bc0e069fef56b38e177db6f098ae0b6e\",\"name\":\"tabernaculo\",\"image\":{\"@type\":\"ImageObject\",\"inLanguage\":\"es\",\"@id\":\"https:\/\/tabernaculoprensadedios.com\/web\/#\/schema\/person\/image\/\",\"url\":\"https:\/\/tabernaculoprensadedios.com\/web\/wp-content\/uploads\/2015\/06\/login-logo1.png\",\"contentUrl\":\"https:\/\/tabernaculoprensadedios.com\/web\/wp-content\/uploads\/2015\/06\/login-logo1.png\",\"width\":300,\"height\":118,\"caption\":\"tabernaculo\"},\"logo\":{\"@id\":\"https:\/\/tabernaculoprensadedios.com\/web\/#\/schema\/person\/image\/\"},\"url\":\"https:\/\/tabernaculoprensadedios.com\/web\/author\/tabernaculo\/\"}]}<\/script>\n<!-- \/ Yoast SEO Premium plugin. -->","yoast_head_json":{"title":"Universidad Nacional Evang\u00e9lica grad\u00faa mil 230 nuevos profesionales en su investidura n\u00famero 63 - Tabernaculo Prensa de Dios","robots":{"index":"index","follow":"follow","max-snippet":"max-snippet:-1","max-image-preview":"max-image-preview:large","max-video-preview":"max-video-preview:-1"},"canonical":"https:\/\/tabernaculoprensadedios.com\/web\/universidad-nacional-evangelica-gradua-mil-230-nuevos-profesionales-en-su-investidura-numero-63\/","og_locale":"es_ES","og_type":"article","og_title":"Universidad Nacional Evang\u00e9lica grad\u00faa mil 230 nuevos profesionales en su investidura n\u00famero 63","og_description":"La Universidad Nacional Evang\u00e9lica celebr\u00f3 su sexag\u00e9sima tercera graduaci\u00f3n en la que entreg\u00f3 sus t\u00edtulos en diversas carreras a 1,262 nuevos profesionales en un acto celebrado en el Centro de Convenciones de Sansouc\u00ed, donde el rector de la casa de altos estudios, doctor Juan Guerrero \u00c1vila consider\u00f3 que ante los problemas socio econ\u00f3micos, alimentarios y &hellip;","og_url":"https:\/\/tabernaculoprensadedios.com\/web\/universidad-nacional-evangelica-gradua-mil-230-nuevos-profesionales-en-su-investidura-numero-63\/","og_site_name":"Tabernaculo Prensa de Dios","article_published_time":"2022-08-27T18:49:36+00:00","og_image":[{"width":1268,"height":791,"url":"https:\/\/tabernaculoprensadedios.com\/web\/wp-content\/uploads\/2022\/08\/Rector-UNEV.jpg","type":"image\/jpeg"}],"author":"tabernaculo","twitter_card":"summary_large_image","twitter_creator":"@PrensadeDios","twitter_site":"@PrensadeDios","twitter_misc":{"Escrito por":"tabernaculo","Tiempo de lectura":"6 minutos"},"schema":{"@context":"https:\/\/schema.org","@graph":[{"@type":"Article","@id":"https:\/\/tabernaculoprensadedios.com\/web\/universidad-nacional-evangelica-gradua-mil-230-nuevos-profesionales-en-su-investidura-numero-63\/#article","isPartOf":{"@id":"https:\/\/tabernaculoprensadedios.com\/web\/universidad-nacional-evangelica-gradua-mil-230-nuevos-profesionales-en-su-investidura-numero-63\/"},"author":{"name":"tabernaculo","@id":"https:\/\/tabernaculoprensadedios.com\/web\/#\/schema\/person\/bc0e069fef56b38e177db6f098ae0b6e"},"headline":"Universidad Nacional Evang\u00e9lica grad\u00faa mil 230 nuevos profesionales en su investidura n\u00famero 63","datePublished":"2022-08-27T18:49:36+00:00","mainEntityOfPage":{"@id":"https:\/\/tabernaculoprensadedios.com\/web\/universidad-nacional-evangelica-gradua-mil-230-nuevos-profesionales-en-su-investidura-numero-63\/"},"wordCount":1233,"commentCount":0,"publisher":{"@id":"https:\/\/tabernaculoprensadedios.com\/web\/#\/schema\/person\/bc0e069fef56b38e177db6f098ae0b6e"},"image":{"@id":"https:\/\/tabernaculoprensadedios.com\/web\/universidad-nacional-evangelica-gradua-mil-230-nuevos-profesionales-en-su-investidura-numero-63\/#primaryimage"},"thumbnailUrl":"https:\/\/tabernaculoprensadedios.com\/web\/wp-content\/uploads\/2022\/08\/Rector-UNEV.jpg","articleSection":["almomento"],"inLanguage":"es","potentialAction":[{"@type":"CommentAction","name":"Comment","target":["https:\/\/tabernaculoprensadedios.com\/web\/universidad-nacional-evangelica-gradua-mil-230-nuevos-profesionales-en-su-investidura-numero-63\/#respond"]}]},{"@type":"WebPage","@id":"https:\/\/tabernaculoprensadedios.com\/web\/universidad-nacional-evangelica-gradua-mil-230-nuevos-profesionales-en-su-investidura-numero-63\/","url":"https:\/\/tabernaculoprensadedios.com\/web\/universidad-nacional-evangelica-gradua-mil-230-nuevos-profesionales-en-su-investidura-numero-63\/","name":"Universidad Nacional Evang\u00e9lica grad\u00faa mil 230 nuevos profesionales en su investidura n\u00famero 63 - Tabernaculo Prensa de Dios","isPartOf":{"@id":"https:\/\/tabernaculoprensadedios.com\/web\/#website"},"primaryImageOfPage":{"@id":"https:\/\/tabernaculoprensadedios.com\/web\/universidad-nacional-evangelica-gradua-mil-230-nuevos-profesionales-en-su-investidura-numero-63\/#primaryimage"},"image":{"@id":"https:\/\/tabernaculoprensadedios.com\/web\/universidad-nacional-evangelica-gradua-mil-230-nuevos-profesionales-en-su-investidura-numero-63\/#primaryimage"},"thumbnailUrl":"https:\/\/tabernaculoprensadedios.com\/web\/wp-content\/uploads\/2022\/08\/Rector-UNEV.jpg","datePublished":"2022-08-27T18:49:36+00:00","breadcrumb":{"@id":"https:\/\/tabernaculoprensadedios.com\/web\/universidad-nacional-evangelica-gradua-mil-230-nuevos-profesionales-en-su-investidura-numero-63\/#breadcrumb"},"inLanguage":"es","potentialAction":[{"@type":"ReadAction","target":["https:\/\/tabernaculoprensadedios.com\/web\/universidad-nacional-evangelica-gradua-mil-230-nuevos-profesionales-en-su-investidura-numero-63\/"]}]},{"@type":"ImageObject","inLanguage":"es","@id":"https:\/\/tabernaculoprensadedios.com\/web\/universidad-nacional-evangelica-gradua-mil-230-nuevos-profesionales-en-su-investidura-numero-63\/#primaryimage","url":"https:\/\/tabernaculoprensadedios.com\/web\/wp-content\/uploads\/2022\/08\/Rector-UNEV.jpg","contentUrl":"https:\/\/tabernaculoprensadedios.com\/web\/wp-content\/uploads\/2022\/08\/Rector-UNEV.jpg","width":1268,"height":791,"caption":"Doctor Juan Guerrero \u00c1vila , Rector UNEV"},{"@type":"BreadcrumbList","@id":"https:\/\/tabernaculoprensadedios.com\/web\/universidad-nacional-evangelica-gradua-mil-230-nuevos-profesionales-en-su-investidura-numero-63\/#breadcrumb","itemListElement":[{"@type":"ListItem","position":1,"name":"Portada","item":"https:\/\/tabernaculoprensadedios.com\/web\/"},{"@type":"ListItem","position":2,"name":"Universidad Nacional Evang\u00e9lica grad\u00faa mil 230 nuevos profesionales en su investidura n\u00famero 63"}]},{"@type":"WebSite","@id":"https:\/\/tabernaculoprensadedios.com\/web\/#website","url":"https:\/\/tabernaculoprensadedios.com\/web\/","name":"Tabernaculo Prensa de Dios","description":"Un medio a la manera de Dios","publisher":{"@id":"https:\/\/tabernaculoprensadedios.com\/web\/#\/schema\/person\/bc0e069fef56b38e177db6f098ae0b6e"},"potentialAction":[{"@type":"SearchAction","target":{"@type":"EntryPoint","urlTemplate":"https:\/\/tabernaculoprensadedios.com\/web\/?s={search_term_string}"},"query-input":{"@type":"PropertyValueSpecification","valueRequired":true,"valueName":"search_term_string"}}],"inLanguage":"es"},{"@type":["Person","Organization"],"@id":"https:\/\/tabernaculoprensadedios.com\/web\/#\/schema\/person\/bc0e069fef56b38e177db6f098ae0b6e","name":"tabernaculo","image":{"@type":"ImageObject","inLanguage":"es","@id":"https:\/\/tabernaculoprensadedios.com\/web\/#\/schema\/person\/image\/","url":"https:\/\/tabernaculoprensadedios.com\/web\/wp-content\/uploads\/2015\/06\/login-logo1.png","contentUrl":"https:\/\/tabernaculoprensadedios.com\/web\/wp-content\/uploads\/2015\/06\/login-logo1.png","width":300,"height":118,"caption":"tabernaculo"},"logo":{"@id":"https:\/\/tabernaculoprensadedios.com\/web\/#\/schema\/person\/image\/"},"url":"https:\/\/tabernaculoprensadedios.com\/web\/author\/tabernaculo\/"}]}},"_links":{"self":[{"href":"https:\/\/tabernaculoprensadedios.com\/web\/wp-json\/wp\/v2\/posts\/25960","targetHints":{"allow":["GET"]}}],"collection":[{"href":"https:\/\/tabernaculoprensadedios.com\/web\/wp-json\/wp\/v2\/posts"}],"about":[{"href":"https:\/\/tabernaculoprensadedios.com\/web\/wp-json\/wp\/v2\/types\/post"}],"author":[{"embeddable":true,"href":"https:\/\/tabernaculoprensadedios.com\/web\/wp-json\/wp\/v2\/users\/1"}],"replies":[{"embeddable":true,"href":"https:\/\/tabernaculoprensadedios.com\/web\/wp-json\/wp\/v2\/comments?post=25960"}],"version-history":[{"count":1,"href":"https:\/\/tabernaculoprensadedios.com\/web\/wp-json\/wp\/v2\/posts\/25960\/revisions"}],"predecessor-version":[{"id":25964,"href":"https:\/\/tabernaculoprensadedios.com\/web\/wp-json\/wp\/v2\/posts\/25960\/revisions\/25964"}],"wp:featuredmedia":[{"embeddable":true,"href":"https:\/\/tabernaculoprensadedios.com\/web\/wp-json\/wp\/v2\/media\/25963"}],"wp:attachment":[{"href":"https:\/\/tabernaculoprensadedios.com\/web\/wp-json\/wp\/v2\/media?parent=25960"}],"wp:term":[{"taxonomy":"category","embeddable":true,"href":"https:\/\/tabernaculoprensadedios.com\/web\/wp-json\/wp\/v2\/categories?post=25960"},{"taxonomy":"post_tag","embeddable":true,"href":"https:\/\/tabernaculoprensadedios.com\/web\/wp-json\/wp\/v2\/tags?post=25960"}],"curies":[{"name":"wp","href":"https:\/\/api.w.org\/{rel}","templated":true}]}}