{"id":23695,"date":"2025-10-06T16:25:57","date_gmt":"2025-10-06T16:25:57","guid":{"rendered":"https:\/\/tabernaculoprensadedios.com\/web\/?p=23695"},"modified":"2025-10-06T17:30:18","modified_gmt":"2025-10-06T17:30:18","slug":"odio-sin-causa","status":"publish","type":"post","link":"https:\/\/tabernaculoprensadedios.com\/web\/odio-sin-causa\/","title":{"rendered":"Odio sin causa"},"content":{"rendered":"<p>Si su Se\u00f1or fue aborrecido sin causa, no esperen tener una vida tranquila en este mundo. Si su Se\u00f1or estuvo sujeto a todo este menosprecio y a todo este dolor, \u00bfsuponen ustedes que siempre pasear\u00e1n a lo largo de este mundo en un carruaje? Si as\u00ed lo suponen, estar\u00e1n maravillosamente equivocados. Como su Se\u00f1or fue perseguido, ustedes deben esperar lo mismo. Algunos de ustedes nos compadecen cuando somos perseguidos y despreciados. \u00a1Ah!, guarden su piedad, gu\u00e1rdenla para aquellos de quienes el mundo habla bien; gu\u00e1rdenla para aquellos contra quienes el \u00a1ay! es pronunciado: \u201c\u00a1Ay de vosotros, cuando todos los hombres hablen bien de vosotros!\u201d Guarden su piedad para los favoritos de la tierra; guarden su compasi\u00f3n para los se\u00f1ores de esta tierra, que son aplaudidos por todos los hombres. Nosotros no les pedimos conmiseraci\u00f3n; es m\u00e1s, se\u00f1ores, en todas estas cosas nos regocijamos, y \u201cnos gloriamos en las tribulaciones, sabiendo que las cosas que nos han sucedido, han redundado m\u00e1s bien para el progreso del evangelio.\u201d Y contamos como gozo cuando caemos en todo tipo de pruebas, pues nos alegramos porque de esta forma el nombre de Cristo es conocido y Su reino es extendido.<\/p>\n<blockquote><p><strong>No permitas que se regocijen a costa m\u00eda los que injustamente son mis enemigos, Ni que gui\u00f1en el ojo con malicia los que sin causa me aborrecen.<br \/>\nSalmos 35:19\u00a0 <\/strong><\/p><\/blockquote>\n<p>La otra lecci\u00f3n es, traten de que, si el mundo los odia, los odie sin causa. Si el mundo va a opon\u00e9rseles, no tiene caso que provoquen que el mundo se les oponga. Este mundo es lo suficientemente amargo, sin necesidad que yo le ponga vinagre. Algunas personas se figuran que el mundo los perseguir\u00e1; por tanto, se ponen en una posici\u00f3n de lucha, como si estuvieran invitando a las persecuciones. Ahora, yo no veo qu\u00e9 bien se deriva de hacer eso. No intenten ni provoquen que otras personas los aborrezcan. Realmente, la oposici\u00f3n a la que se enfrentan algunas personas no es por causa de la justicia, sino por causa de su propio pecado, o por causa de su propio car\u00e1cter ofensivo. Muchos cristianos conviven en alguna casa: tal vez una sirvienta cristiana; ella dice que es perseguida por causa de la justicia. Pero ella posee una mala disposici\u00f3n, algunas veces habla con dureza, y luego la se\u00f1ora de la casa la rega\u00f1a. Eso no es ser perseguido por causa de la justicia. Hay otra persona, un comerciante en la ciudad, tal vez; \u00e9l no es visto con mucha estima. \u00c9l dice que es perseguido por causa de la justicia; pero en realidad es que no mantuvo un descuento ofrecido hace alg\u00fan tiempo. Otro dice que es perseguido por causa de la justicia; pero anda por todos lados asumiendo autoridad sobre los dem\u00e1s, y de vez en cuando las personas le responden y le reconvienen.<\/p>\n<p>Pueblo cristiano, cu\u00eddate de que si eres perseguido, sea por causa de la justicia; pues si te persiguen por tu causa, debes aguantar las consecuencias. En las persecuciones que t\u00fa mismo provocas por tus propios pecados, Cristo no tiene nada que ver; son castigos sobre ti mismo. Aborrecieron a Cristo sin causa; entonces no teman ser aborrecidos. Odiaron a Cristo sin causa; entonces no provoquen el ser odiados, y no den al mundo ning\u00fan motivo para ello.<\/p>\n<p>Y ahora, ustedes que odian a Cristo, que pudieran amarle. \u00a1Oh, que \u00c9l viniera a ustedes ahora! \u00a1Oh, que se manifestara a ustedes! Y entonces seguramente lo amar\u00edan de inmediato. El que cree en el Se\u00f1or Jes\u00fas ciertamente lo amar\u00e1 y el que le ama ser\u00e1 salvo. \u00a1Oh, que Dios les d\u00e9 fe, y les d\u00e9 amor, por Cristo Jes\u00fas! Am\u00e9n.<\/p>\n<blockquote><p><strong>Pero ellos han hecho esto para que se cumpla la palabra que est\u00e1 escrita en su Ley: &#8216;ME ODIARON SIN CAUSA.&#8217;<br \/>\nJuan 15:25<\/strong><\/p><\/blockquote>\n","protected":false},"excerpt":{"rendered":"<p>Si su Se\u00f1or fue aborrecido sin causa, no esperen tener una vida tranquila en este mundo. Si su Se\u00f1or estuvo sujeto a todo este menosprecio y a todo este dolor, \u00bfsuponen ustedes que siempre pasear\u00e1n a lo largo de este mundo en un carruaje? Si as\u00ed lo suponen, estar\u00e1n maravillosamente equivocados. Como su Se\u00f1or fue &hellip;<\/p>\n","protected":false},"author":1,"featured_media":23696,"comment_status":"open","ping_status":"open","sticky":false,"template":"","format":"standard","meta":{"footnotes":""},"categories":[34],"tags":[],"class_list":["post-23695","post","type-post","status-publish","format-standard","has-post-thumbnail","hentry","category-articulos"],"yoast_head":"<!-- This site is optimized with the Yoast SEO Premium plugin v24.2 (Yoast SEO v27.1.1) - https:\/\/yoast.com\/product\/yoast-seo-premium-wordpress\/ -->\n<title>Odio sin causa - Tabernaculo Prensa de Dios<\/title>\n<meta name=\"robots\" content=\"index, follow, max-snippet:-1, max-image-preview:large, max-video-preview:-1\" \/>\n<link rel=\"canonical\" href=\"https:\/\/tabernaculoprensadedios.com\/web\/odio-sin-causa\/\" class=\"yoast-seo-meta-tag\" \/>\n<meta property=\"og:locale\" content=\"es_ES\" class=\"yoast-seo-meta-tag\" \/>\n<meta property=\"og:type\" content=\"article\" class=\"yoast-seo-meta-tag\" \/>\n<meta property=\"og:title\" content=\"Odio sin causa\" class=\"yoast-seo-meta-tag\" \/>\n<meta property=\"og:description\" content=\"Si su Se\u00f1or fue aborrecido sin causa, no esperen tener una vida tranquila en este mundo. Si su Se\u00f1or estuvo sujeto a todo este menosprecio y a todo este dolor, \u00bfsuponen ustedes que siempre pasear\u00e1n a lo largo de este mundo en un carruaje? Si as\u00ed lo suponen, estar\u00e1n maravillosamente equivocados. Como su Se\u00f1or fue &hellip;\" class=\"yoast-seo-meta-tag\" \/>\n<meta property=\"og:url\" content=\"https:\/\/tabernaculoprensadedios.com\/web\/odio-sin-causa\/\" class=\"yoast-seo-meta-tag\" \/>\n<meta property=\"og:site_name\" content=\"Tabernaculo Prensa de Dios\" class=\"yoast-seo-meta-tag\" \/>\n<meta property=\"article:published_time\" content=\"2025-10-06T16:25:57+00:00\" class=\"yoast-seo-meta-tag\" \/>\n<meta property=\"article:modified_time\" content=\"2025-10-06T17:30:18+00:00\" class=\"yoast-seo-meta-tag\" \/>\n<meta property=\"og:image\" content=\"https:\/\/tabernaculoprensadedios.com\/web\/wp-content\/uploads\/2021\/11\/odio.jpg\" class=\"yoast-seo-meta-tag\" \/>\n\t<meta property=\"og:image:width\" content=\"917\" class=\"yoast-seo-meta-tag\" \/>\n\t<meta property=\"og:image:height\" content=\"549\" class=\"yoast-seo-meta-tag\" \/>\n\t<meta property=\"og:image:type\" content=\"image\/jpeg\" class=\"yoast-seo-meta-tag\" \/>\n<meta name=\"author\" content=\"tabernaculo\" class=\"yoast-seo-meta-tag\" \/>\n<meta name=\"twitter:card\" content=\"summary_large_image\" class=\"yoast-seo-meta-tag\" \/>\n<meta name=\"twitter:creator\" content=\"@PrensadeDios\" class=\"yoast-seo-meta-tag\" \/>\n<meta name=\"twitter:site\" content=\"@PrensadeDios\" class=\"yoast-seo-meta-tag\" \/>\n<meta name=\"twitter:label1\" content=\"Escrito por\" class=\"yoast-seo-meta-tag\" \/>\n\t<meta name=\"twitter:data1\" content=\"tabernaculo\" class=\"yoast-seo-meta-tag\" \/>\n\t<meta name=\"twitter:label2\" content=\"Tiempo de lectura\" class=\"yoast-seo-meta-tag\" \/>\n\t<meta name=\"twitter:data2\" content=\"3 minutos\" class=\"yoast-seo-meta-tag\" \/>\n<script type=\"application\/ld+json\" class=\"yoast-schema-graph\">{\"@context\":\"https:\/\/schema.org\",\"@graph\":[{\"@type\":\"Article\",\"@id\":\"https:\/\/tabernaculoprensadedios.com\/web\/odio-sin-causa\/#article\",\"isPartOf\":{\"@id\":\"https:\/\/tabernaculoprensadedios.com\/web\/odio-sin-causa\/\"},\"author\":{\"name\":\"tabernaculo\",\"@id\":\"https:\/\/tabernaculoprensadedios.com\/web\/#\/schema\/person\/bc0e069fef56b38e177db6f098ae0b6e\"},\"headline\":\"Odio sin causa\",\"datePublished\":\"2025-10-06T16:25:57+00:00\",\"dateModified\":\"2025-10-06T17:30:18+00:00\",\"mainEntityOfPage\":{\"@id\":\"https:\/\/tabernaculoprensadedios.com\/web\/odio-sin-causa\/\"},\"wordCount\":664,\"commentCount\":0,\"publisher\":{\"@id\":\"https:\/\/tabernaculoprensadedios.com\/web\/#\/schema\/person\/bc0e069fef56b38e177db6f098ae0b6e\"},\"image\":{\"@id\":\"https:\/\/tabernaculoprensadedios.com\/web\/odio-sin-causa\/#primaryimage\"},\"thumbnailUrl\":\"https:\/\/tabernaculoprensadedios.com\/web\/wp-content\/uploads\/2021\/11\/odio.jpg\",\"articleSection\":[\"Articulos\"],\"inLanguage\":\"es\",\"potentialAction\":[{\"@type\":\"CommentAction\",\"name\":\"Comment\",\"target\":[\"https:\/\/tabernaculoprensadedios.com\/web\/odio-sin-causa\/#respond\"]}]},{\"@type\":\"WebPage\",\"@id\":\"https:\/\/tabernaculoprensadedios.com\/web\/odio-sin-causa\/\",\"url\":\"https:\/\/tabernaculoprensadedios.com\/web\/odio-sin-causa\/\",\"name\":\"Odio sin causa - Tabernaculo Prensa de Dios\",\"isPartOf\":{\"@id\":\"https:\/\/tabernaculoprensadedios.com\/web\/#website\"},\"primaryImageOfPage\":{\"@id\":\"https:\/\/tabernaculoprensadedios.com\/web\/odio-sin-causa\/#primaryimage\"},\"image\":{\"@id\":\"https:\/\/tabernaculoprensadedios.com\/web\/odio-sin-causa\/#primaryimage\"},\"thumbnailUrl\":\"https:\/\/tabernaculoprensadedios.com\/web\/wp-content\/uploads\/2021\/11\/odio.jpg\",\"datePublished\":\"2025-10-06T16:25:57+00:00\",\"dateModified\":\"2025-10-06T17:30:18+00:00\",\"breadcrumb\":{\"@id\":\"https:\/\/tabernaculoprensadedios.com\/web\/odio-sin-causa\/#breadcrumb\"},\"inLanguage\":\"es\",\"potentialAction\":[{\"@type\":\"ReadAction\",\"target\":[\"https:\/\/tabernaculoprensadedios.com\/web\/odio-sin-causa\/\"]}]},{\"@type\":\"ImageObject\",\"inLanguage\":\"es\",\"@id\":\"https:\/\/tabernaculoprensadedios.com\/web\/odio-sin-causa\/#primaryimage\",\"url\":\"https:\/\/tabernaculoprensadedios.com\/web\/wp-content\/uploads\/2021\/11\/odio.jpg\",\"contentUrl\":\"https:\/\/tabernaculoprensadedios.com\/web\/wp-content\/uploads\/2021\/11\/odio.jpg\",\"width\":917,\"height\":549},{\"@type\":\"BreadcrumbList\",\"@id\":\"https:\/\/tabernaculoprensadedios.com\/web\/odio-sin-causa\/#breadcrumb\",\"itemListElement\":[{\"@type\":\"ListItem\",\"position\":1,\"name\":\"Portada\",\"item\":\"https:\/\/tabernaculoprensadedios.com\/web\/\"},{\"@type\":\"ListItem\",\"position\":2,\"name\":\"Odio sin causa\"}]},{\"@type\":\"WebSite\",\"@id\":\"https:\/\/tabernaculoprensadedios.com\/web\/#website\",\"url\":\"https:\/\/tabernaculoprensadedios.com\/web\/\",\"name\":\"Tabernaculo Prensa de Dios\",\"description\":\"Un medio a la manera de Dios\",\"publisher\":{\"@id\":\"https:\/\/tabernaculoprensadedios.com\/web\/#\/schema\/person\/bc0e069fef56b38e177db6f098ae0b6e\"},\"potentialAction\":[{\"@type\":\"SearchAction\",\"target\":{\"@type\":\"EntryPoint\",\"urlTemplate\":\"https:\/\/tabernaculoprensadedios.com\/web\/?s={search_term_string}\"},\"query-input\":{\"@type\":\"PropertyValueSpecification\",\"valueRequired\":true,\"valueName\":\"search_term_string\"}}],\"inLanguage\":\"es\"},{\"@type\":[\"Person\",\"Organization\"],\"@id\":\"https:\/\/tabernaculoprensadedios.com\/web\/#\/schema\/person\/bc0e069fef56b38e177db6f098ae0b6e\",\"name\":\"tabernaculo\",\"image\":{\"@type\":\"ImageObject\",\"inLanguage\":\"es\",\"@id\":\"https:\/\/tabernaculoprensadedios.com\/web\/#\/schema\/person\/image\/\",\"url\":\"https:\/\/tabernaculoprensadedios.com\/web\/wp-content\/uploads\/2015\/06\/login-logo1.png\",\"contentUrl\":\"https:\/\/tabernaculoprensadedios.com\/web\/wp-content\/uploads\/2015\/06\/login-logo1.png\",\"width\":300,\"height\":118,\"caption\":\"tabernaculo\"},\"logo\":{\"@id\":\"https:\/\/tabernaculoprensadedios.com\/web\/#\/schema\/person\/image\/\"},\"url\":\"https:\/\/tabernaculoprensadedios.com\/web\/author\/tabernaculo\/\"}]}<\/script>\n<!-- \/ Yoast SEO Premium plugin. -->","yoast_head_json":{"title":"Odio sin causa - Tabernaculo Prensa de Dios","robots":{"index":"index","follow":"follow","max-snippet":"max-snippet:-1","max-image-preview":"max-image-preview:large","max-video-preview":"max-video-preview:-1"},"canonical":"https:\/\/tabernaculoprensadedios.com\/web\/odio-sin-causa\/","og_locale":"es_ES","og_type":"article","og_title":"Odio sin causa","og_description":"Si su Se\u00f1or fue aborrecido sin causa, no esperen tener una vida tranquila en este mundo. Si su Se\u00f1or estuvo sujeto a todo este menosprecio y a todo este dolor, \u00bfsuponen ustedes que siempre pasear\u00e1n a lo largo de este mundo en un carruaje? Si as\u00ed lo suponen, estar\u00e1n maravillosamente equivocados. Como su Se\u00f1or fue &hellip;","og_url":"https:\/\/tabernaculoprensadedios.com\/web\/odio-sin-causa\/","og_site_name":"Tabernaculo Prensa de Dios","article_published_time":"2025-10-06T16:25:57+00:00","article_modified_time":"2025-10-06T17:30:18+00:00","og_image":[{"width":917,"height":549,"url":"https:\/\/tabernaculoprensadedios.com\/web\/wp-content\/uploads\/2021\/11\/odio.jpg","type":"image\/jpeg"}],"author":"tabernaculo","twitter_card":"summary_large_image","twitter_creator":"@PrensadeDios","twitter_site":"@PrensadeDios","twitter_misc":{"Escrito por":"tabernaculo","Tiempo de lectura":"3 minutos"},"schema":{"@context":"https:\/\/schema.org","@graph":[{"@type":"Article","@id":"https:\/\/tabernaculoprensadedios.com\/web\/odio-sin-causa\/#article","isPartOf":{"@id":"https:\/\/tabernaculoprensadedios.com\/web\/odio-sin-causa\/"},"author":{"name":"tabernaculo","@id":"https:\/\/tabernaculoprensadedios.com\/web\/#\/schema\/person\/bc0e069fef56b38e177db6f098ae0b6e"},"headline":"Odio sin causa","datePublished":"2025-10-06T16:25:57+00:00","dateModified":"2025-10-06T17:30:18+00:00","mainEntityOfPage":{"@id":"https:\/\/tabernaculoprensadedios.com\/web\/odio-sin-causa\/"},"wordCount":664,"commentCount":0,"publisher":{"@id":"https:\/\/tabernaculoprensadedios.com\/web\/#\/schema\/person\/bc0e069fef56b38e177db6f098ae0b6e"},"image":{"@id":"https:\/\/tabernaculoprensadedios.com\/web\/odio-sin-causa\/#primaryimage"},"thumbnailUrl":"https:\/\/tabernaculoprensadedios.com\/web\/wp-content\/uploads\/2021\/11\/odio.jpg","articleSection":["Articulos"],"inLanguage":"es","potentialAction":[{"@type":"CommentAction","name":"Comment","target":["https:\/\/tabernaculoprensadedios.com\/web\/odio-sin-causa\/#respond"]}]},{"@type":"WebPage","@id":"https:\/\/tabernaculoprensadedios.com\/web\/odio-sin-causa\/","url":"https:\/\/tabernaculoprensadedios.com\/web\/odio-sin-causa\/","name":"Odio sin causa - Tabernaculo Prensa de Dios","isPartOf":{"@id":"https:\/\/tabernaculoprensadedios.com\/web\/#website"},"primaryImageOfPage":{"@id":"https:\/\/tabernaculoprensadedios.com\/web\/odio-sin-causa\/#primaryimage"},"image":{"@id":"https:\/\/tabernaculoprensadedios.com\/web\/odio-sin-causa\/#primaryimage"},"thumbnailUrl":"https:\/\/tabernaculoprensadedios.com\/web\/wp-content\/uploads\/2021\/11\/odio.jpg","datePublished":"2025-10-06T16:25:57+00:00","dateModified":"2025-10-06T17:30:18+00:00","breadcrumb":{"@id":"https:\/\/tabernaculoprensadedios.com\/web\/odio-sin-causa\/#breadcrumb"},"inLanguage":"es","potentialAction":[{"@type":"ReadAction","target":["https:\/\/tabernaculoprensadedios.com\/web\/odio-sin-causa\/"]}]},{"@type":"ImageObject","inLanguage":"es","@id":"https:\/\/tabernaculoprensadedios.com\/web\/odio-sin-causa\/#primaryimage","url":"https:\/\/tabernaculoprensadedios.com\/web\/wp-content\/uploads\/2021\/11\/odio.jpg","contentUrl":"https:\/\/tabernaculoprensadedios.com\/web\/wp-content\/uploads\/2021\/11\/odio.jpg","width":917,"height":549},{"@type":"BreadcrumbList","@id":"https:\/\/tabernaculoprensadedios.com\/web\/odio-sin-causa\/#breadcrumb","itemListElement":[{"@type":"ListItem","position":1,"name":"Portada","item":"https:\/\/tabernaculoprensadedios.com\/web\/"},{"@type":"ListItem","position":2,"name":"Odio sin causa"}]},{"@type":"WebSite","@id":"https:\/\/tabernaculoprensadedios.com\/web\/#website","url":"https:\/\/tabernaculoprensadedios.com\/web\/","name":"Tabernaculo Prensa de Dios","description":"Un medio a la manera de Dios","publisher":{"@id":"https:\/\/tabernaculoprensadedios.com\/web\/#\/schema\/person\/bc0e069fef56b38e177db6f098ae0b6e"},"potentialAction":[{"@type":"SearchAction","target":{"@type":"EntryPoint","urlTemplate":"https:\/\/tabernaculoprensadedios.com\/web\/?s={search_term_string}"},"query-input":{"@type":"PropertyValueSpecification","valueRequired":true,"valueName":"search_term_string"}}],"inLanguage":"es"},{"@type":["Person","Organization"],"@id":"https:\/\/tabernaculoprensadedios.com\/web\/#\/schema\/person\/bc0e069fef56b38e177db6f098ae0b6e","name":"tabernaculo","image":{"@type":"ImageObject","inLanguage":"es","@id":"https:\/\/tabernaculoprensadedios.com\/web\/#\/schema\/person\/image\/","url":"https:\/\/tabernaculoprensadedios.com\/web\/wp-content\/uploads\/2015\/06\/login-logo1.png","contentUrl":"https:\/\/tabernaculoprensadedios.com\/web\/wp-content\/uploads\/2015\/06\/login-logo1.png","width":300,"height":118,"caption":"tabernaculo"},"logo":{"@id":"https:\/\/tabernaculoprensadedios.com\/web\/#\/schema\/person\/image\/"},"url":"https:\/\/tabernaculoprensadedios.com\/web\/author\/tabernaculo\/"}]}},"_links":{"self":[{"href":"https:\/\/tabernaculoprensadedios.com\/web\/wp-json\/wp\/v2\/posts\/23695","targetHints":{"allow":["GET"]}}],"collection":[{"href":"https:\/\/tabernaculoprensadedios.com\/web\/wp-json\/wp\/v2\/posts"}],"about":[{"href":"https:\/\/tabernaculoprensadedios.com\/web\/wp-json\/wp\/v2\/types\/post"}],"author":[{"embeddable":true,"href":"https:\/\/tabernaculoprensadedios.com\/web\/wp-json\/wp\/v2\/users\/1"}],"replies":[{"embeddable":true,"href":"https:\/\/tabernaculoprensadedios.com\/web\/wp-json\/wp\/v2\/comments?post=23695"}],"version-history":[{"count":2,"href":"https:\/\/tabernaculoprensadedios.com\/web\/wp-json\/wp\/v2\/posts\/23695\/revisions"}],"predecessor-version":[{"id":36006,"href":"https:\/\/tabernaculoprensadedios.com\/web\/wp-json\/wp\/v2\/posts\/23695\/revisions\/36006"}],"wp:featuredmedia":[{"embeddable":true,"href":"https:\/\/tabernaculoprensadedios.com\/web\/wp-json\/wp\/v2\/media\/23696"}],"wp:attachment":[{"href":"https:\/\/tabernaculoprensadedios.com\/web\/wp-json\/wp\/v2\/media?parent=23695"}],"wp:term":[{"taxonomy":"category","embeddable":true,"href":"https:\/\/tabernaculoprensadedios.com\/web\/wp-json\/wp\/v2\/categories?post=23695"},{"taxonomy":"post_tag","embeddable":true,"href":"https:\/\/tabernaculoprensadedios.com\/web\/wp-json\/wp\/v2\/tags?post=23695"}],"curies":[{"name":"wp","href":"https:\/\/api.w.org\/{rel}","templated":true}]}}