{"id":22973,"date":"2026-01-19T20:47:25","date_gmt":"2026-01-19T20:47:25","guid":{"rendered":"https:\/\/tabernaculoprensadedios.com\/web\/?p=22973"},"modified":"2026-01-20T01:29:13","modified_gmt":"2026-01-20T01:29:13","slug":"la-esencia-del-perdon","status":"publish","type":"post","link":"https:\/\/tabernaculoprensadedios.com\/web\/la-esencia-del-perdon\/","title":{"rendered":"La esencia del perd\u00f3n"},"content":{"rendered":"<p>Los cristianos, aun los m\u00e1s maduros, tenemos en ocasiones una rara tendencia a no saber escuchar la voz interna que nos dice que hay que perdonar. Una y otra vez dejamos entrar en \u00e9l coraz\u00f3n las gotas contaminantes del mundo y hacemos de \u00e9l un dep\u00f3sito de ra\u00edces de amargura, disensiones, rencores y hasta odios; elementos totalmente disociados del coraz\u00f3n de nuestro Se\u00f1or. Y todo porque no sabemos (o no queremos) perdonar. Como el perd\u00f3n requiere de la humillaci\u00f3n del culpable, cuando nos toca a nosotros humillarnos, nos falta la voluntad para someternos y as\u00ed ponemos a Dios en un segundo plano. Y el coraz\u00f3n, enga\u00f1oso y sensible, se pone la vestidura de la soberbia y se encarama en pedestal de juez implacable y dice: \u00a1No te perdono! Y contin\u00faan las amarguras, los insomnios, las taquicardias, las ansiedades que, adem\u00e1s traen temores, complejos, abandonos, ira, deseos de venganza y todo aquello que mata el coraz\u00f3n del cristiano y nos aleja de experimentar una vida victoriosa en Cristo.<\/p>\n<p><strong>El ap\u00f3stol Pablo le escrib\u00eda a los efesios: \u201c\u2026sean bondadosos y compasivos unos con otros, y perd\u00f3nense mutuamente, as\u00ed como Dios los perdon\u00f3 a ustedes en Cristo\u201d (Ef. 4:32).<\/strong><\/p>\n<p>Aqu\u00ed est\u00e1 la clave del perd\u00f3n. Cuando usted es consciente de que Dios le perdon\u00f3 y que para ello tuvo que morir en la cruz del Calvario, entonces usted estar\u00e1 dispuesto a perdonar cualquier ofensa. Si no perdonamos a los hombres sus ofensas, tampoco nuestro Padre perdonar\u00e1 las nuestras. Ese es un precepto b\u00edblico elemental del que Dios nos advierte a trav\u00e9s de todas las Escrituras. La doctrina del perd\u00f3n es al cristianismo, lo que Cristo es para el mensaje de salvaci\u00f3n. El mensaje del perd\u00f3n es una extraordinaria esperanza de vida. Tristemente a veces guardamos rencores y hasta deseos de venganza. Esto nos paraliza, nos descalifica, nos hace incompetentes y pecadores a los ojos de Dios. El perd\u00f3n limpia el coraz\u00f3n. Cuando perdonamos sentimos alivio, consuelo, paz interior y paz con Dios. Cuando persistimos en no perdonar damos muestra de que hay \u00e1reas en nuestro caminar cristiano que no han sido regeneradas por el Esp\u00edritu de Dios. Ser capaz de perdonar debe ser una evidencia fundamental de la presencia del Esp\u00edritu Santo en nuestras vidas. \u00bfC\u00f3mo no voy a ser capaz de perdonar a un hermano, de borrar el incidente y el pecado que origin\u00f3 la ofensa, si Cristo lo hizo por m\u00ed de una vez y para siempre? A Dios no le agrada la alabanza que sale de un coraz\u00f3n que no ha sabido perdonar, tampoco la ofrenda y menos a\u00fan las apariencias de santidad y la animosidad que corrompe nuestro ser y nos separa de \u00c9l.<\/p>\n<blockquote><p>As\u00ed dir\u00e1n a Jos\u00e9: Te ruego que perdones la maldad de tus hermanos y su pecado, porque ellos te trataron mal. Y ahora, te rogamos que perdones la maldad de los siervos del Dios de tu padre. Y Jos\u00e9 llor\u00f3 cuando le hablaron.<br \/>\n<strong>G\u00e9nesis 50:17<\/strong><\/p><\/blockquote>\n<p>Amados hermanos y hermanas, miren a su alrededor y observen cu\u00e1n hermoso puede ser su d\u00eda, su vida junto al Se\u00f1or. Quiz\u00e1 te acuerdes de alguna persona que a\u00fan no has perdonado, de alg\u00fan incidente que todav\u00eda se aferra a tu mente y coraz\u00f3n y que no te deja espacio para sentir el gozo del Se\u00f1or. R\u00edndete a tu creador, a tu buen pastor. \u00c9l no tas\u00f3 en una balanza tus pecados, sino muri\u00f3 en una cruz por ellos; sencillamente los borr\u00f3 para siempre. \u00bfC\u00f3mo entonces puedes andar cargado a\u00fan con un fardo pesado de rencores y ra\u00edces amargas que interrumpen tu comuni\u00f3n con \u00c9l? Busca en tu coraz\u00f3n, escudr\u00ed\u00f1ale y sac\u00fadete la chatarra que puede todav\u00eda andar por ah\u00ed por las rinconeras de tus pasiones. Cuando llegaste a los pies de Cristo, \u00c9l te dio la capacidad espiritual para perdonar a los hombres todas las ofensas y pecados que han levantado contra ti. Conforma tu propio arco\u00edris espiritual como un nuevo s\u00edmbolo que te recuerde en cada momento que el perd\u00f3n es una muy dulce ofrenda de amor que te honra a ti, pero sobre todo, que honra a Dios. \u00a1Dios te bendiga!<\/p>\n<blockquote><p>Sean m\u00e1s bien amables unos con otros, misericordiosos, perdon\u00e1ndose unos a otros, as\u00ed como tambi\u00e9n Dios los perdon\u00f3 en Cristo.<br \/>\n<strong>Efesios 4:32<\/strong><\/p><\/blockquote>\n","protected":false},"excerpt":{"rendered":"<p>Los cristianos, aun los m\u00e1s maduros, tenemos en ocasiones una rara tendencia a no saber escuchar la voz interna que nos dice que hay que perdonar. Una y otra vez dejamos entrar en \u00e9l coraz\u00f3n las gotas contaminantes del mundo y hacemos de \u00e9l un dep\u00f3sito de ra\u00edces de amargura, disensiones, rencores y hasta odios; &hellip;<\/p>\n","protected":false},"author":1,"featured_media":36913,"comment_status":"open","ping_status":"open","sticky":false,"template":"","format":"standard","meta":{"footnotes":""},"categories":[34],"tags":[],"class_list":["post-22973","post","type-post","status-publish","format-standard","has-post-thumbnail","hentry","category-articulos"],"yoast_head":"<!-- This site is optimized with the Yoast SEO Premium plugin v24.2 (Yoast SEO v27.1.1) - https:\/\/yoast.com\/product\/yoast-seo-premium-wordpress\/ -->\n<title>La esencia del perd\u00f3n - Tabernaculo Prensa de Dios<\/title>\n<meta name=\"robots\" content=\"index, follow, max-snippet:-1, max-image-preview:large, max-video-preview:-1\" \/>\n<link rel=\"canonical\" href=\"https:\/\/tabernaculoprensadedios.com\/web\/la-esencia-del-perdon\/\" class=\"yoast-seo-meta-tag\" \/>\n<meta property=\"og:locale\" content=\"es_ES\" class=\"yoast-seo-meta-tag\" \/>\n<meta property=\"og:type\" content=\"article\" class=\"yoast-seo-meta-tag\" \/>\n<meta property=\"og:title\" content=\"La esencia del perd\u00f3n\" class=\"yoast-seo-meta-tag\" \/>\n<meta property=\"og:description\" content=\"Los cristianos, aun los m\u00e1s maduros, tenemos en ocasiones una rara tendencia a no saber escuchar la voz interna que nos dice que hay que perdonar. Una y otra vez dejamos entrar en \u00e9l coraz\u00f3n las gotas contaminantes del mundo y hacemos de \u00e9l un dep\u00f3sito de ra\u00edces de amargura, disensiones, rencores y hasta odios; &hellip;\" class=\"yoast-seo-meta-tag\" \/>\n<meta property=\"og:url\" content=\"https:\/\/tabernaculoprensadedios.com\/web\/la-esencia-del-perdon\/\" class=\"yoast-seo-meta-tag\" \/>\n<meta property=\"og:site_name\" content=\"Tabernaculo Prensa de Dios\" class=\"yoast-seo-meta-tag\" \/>\n<meta property=\"article:published_time\" content=\"2026-01-19T20:47:25+00:00\" class=\"yoast-seo-meta-tag\" \/>\n<meta property=\"article:modified_time\" content=\"2026-01-20T01:29:13+00:00\" class=\"yoast-seo-meta-tag\" \/>\n<meta property=\"og:image\" content=\"https:\/\/tabernaculoprensadedios.com\/web\/wp-content\/uploads\/2026\/01\/england-1106486_1280.avif\" class=\"yoast-seo-meta-tag\" \/>\n\t<meta property=\"og:image:width\" content=\"1280\" class=\"yoast-seo-meta-tag\" \/>\n\t<meta property=\"og:image:height\" content=\"853\" class=\"yoast-seo-meta-tag\" \/>\n\t<meta property=\"og:image:type\" content=\"image\/jpeg\" class=\"yoast-seo-meta-tag\" \/>\n<meta name=\"author\" content=\"tabernaculo\" class=\"yoast-seo-meta-tag\" \/>\n<meta name=\"twitter:card\" content=\"summary_large_image\" class=\"yoast-seo-meta-tag\" \/>\n<meta name=\"twitter:creator\" content=\"@PrensadeDios\" class=\"yoast-seo-meta-tag\" \/>\n<meta name=\"twitter:site\" content=\"@PrensadeDios\" class=\"yoast-seo-meta-tag\" \/>\n<meta name=\"twitter:label1\" content=\"Escrito por\" class=\"yoast-seo-meta-tag\" \/>\n\t<meta name=\"twitter:data1\" content=\"tabernaculo\" class=\"yoast-seo-meta-tag\" \/>\n\t<meta name=\"twitter:label2\" content=\"Tiempo de lectura\" class=\"yoast-seo-meta-tag\" \/>\n\t<meta name=\"twitter:data2\" content=\"4 minutos\" class=\"yoast-seo-meta-tag\" \/>\n<script type=\"application\/ld+json\" class=\"yoast-schema-graph\">{\"@context\":\"https:\/\/schema.org\",\"@graph\":[{\"@type\":\"Article\",\"@id\":\"https:\/\/tabernaculoprensadedios.com\/web\/la-esencia-del-perdon\/#article\",\"isPartOf\":{\"@id\":\"https:\/\/tabernaculoprensadedios.com\/web\/la-esencia-del-perdon\/\"},\"author\":{\"name\":\"tabernaculo\",\"@id\":\"https:\/\/tabernaculoprensadedios.com\/web\/#\/schema\/person\/bc0e069fef56b38e177db6f098ae0b6e\"},\"headline\":\"La esencia del perd\u00f3n\",\"datePublished\":\"2026-01-19T20:47:25+00:00\",\"dateModified\":\"2026-01-20T01:29:13+00:00\",\"mainEntityOfPage\":{\"@id\":\"https:\/\/tabernaculoprensadedios.com\/web\/la-esencia-del-perdon\/\"},\"wordCount\":762,\"commentCount\":0,\"publisher\":{\"@id\":\"https:\/\/tabernaculoprensadedios.com\/web\/#\/schema\/person\/bc0e069fef56b38e177db6f098ae0b6e\"},\"image\":{\"@id\":\"https:\/\/tabernaculoprensadedios.com\/web\/la-esencia-del-perdon\/#primaryimage\"},\"thumbnailUrl\":\"https:\/\/tabernaculoprensadedios.com\/web\/wp-content\/uploads\/2026\/01\/england-1106486_1280.avif\",\"articleSection\":[\"Articulos\"],\"inLanguage\":\"es\",\"potentialAction\":[{\"@type\":\"CommentAction\",\"name\":\"Comment\",\"target\":[\"https:\/\/tabernaculoprensadedios.com\/web\/la-esencia-del-perdon\/#respond\"]}]},{\"@type\":\"WebPage\",\"@id\":\"https:\/\/tabernaculoprensadedios.com\/web\/la-esencia-del-perdon\/\",\"url\":\"https:\/\/tabernaculoprensadedios.com\/web\/la-esencia-del-perdon\/\",\"name\":\"La esencia del perd\u00f3n - Tabernaculo Prensa de Dios\",\"isPartOf\":{\"@id\":\"https:\/\/tabernaculoprensadedios.com\/web\/#website\"},\"primaryImageOfPage\":{\"@id\":\"https:\/\/tabernaculoprensadedios.com\/web\/la-esencia-del-perdon\/#primaryimage\"},\"image\":{\"@id\":\"https:\/\/tabernaculoprensadedios.com\/web\/la-esencia-del-perdon\/#primaryimage\"},\"thumbnailUrl\":\"https:\/\/tabernaculoprensadedios.com\/web\/wp-content\/uploads\/2026\/01\/england-1106486_1280.avif\",\"datePublished\":\"2026-01-19T20:47:25+00:00\",\"dateModified\":\"2026-01-20T01:29:13+00:00\",\"breadcrumb\":{\"@id\":\"https:\/\/tabernaculoprensadedios.com\/web\/la-esencia-del-perdon\/#breadcrumb\"},\"inLanguage\":\"es\",\"potentialAction\":[{\"@type\":\"ReadAction\",\"target\":[\"https:\/\/tabernaculoprensadedios.com\/web\/la-esencia-del-perdon\/\"]}]},{\"@type\":\"ImageObject\",\"inLanguage\":\"es\",\"@id\":\"https:\/\/tabernaculoprensadedios.com\/web\/la-esencia-del-perdon\/#primaryimage\",\"url\":\"https:\/\/tabernaculoprensadedios.com\/web\/wp-content\/uploads\/2026\/01\/england-1106486_1280.avif\",\"contentUrl\":\"https:\/\/tabernaculoprensadedios.com\/web\/wp-content\/uploads\/2026\/01\/england-1106486_1280.avif\",\"width\":1280,\"height\":853},{\"@type\":\"BreadcrumbList\",\"@id\":\"https:\/\/tabernaculoprensadedios.com\/web\/la-esencia-del-perdon\/#breadcrumb\",\"itemListElement\":[{\"@type\":\"ListItem\",\"position\":1,\"name\":\"Portada\",\"item\":\"https:\/\/tabernaculoprensadedios.com\/web\/\"},{\"@type\":\"ListItem\",\"position\":2,\"name\":\"La esencia del perd\u00f3n\"}]},{\"@type\":\"WebSite\",\"@id\":\"https:\/\/tabernaculoprensadedios.com\/web\/#website\",\"url\":\"https:\/\/tabernaculoprensadedios.com\/web\/\",\"name\":\"Tabernaculo Prensa de Dios\",\"description\":\"Un medio a la manera de Dios\",\"publisher\":{\"@id\":\"https:\/\/tabernaculoprensadedios.com\/web\/#\/schema\/person\/bc0e069fef56b38e177db6f098ae0b6e\"},\"potentialAction\":[{\"@type\":\"SearchAction\",\"target\":{\"@type\":\"EntryPoint\",\"urlTemplate\":\"https:\/\/tabernaculoprensadedios.com\/web\/?s={search_term_string}\"},\"query-input\":{\"@type\":\"PropertyValueSpecification\",\"valueRequired\":true,\"valueName\":\"search_term_string\"}}],\"inLanguage\":\"es\"},{\"@type\":[\"Person\",\"Organization\"],\"@id\":\"https:\/\/tabernaculoprensadedios.com\/web\/#\/schema\/person\/bc0e069fef56b38e177db6f098ae0b6e\",\"name\":\"tabernaculo\",\"image\":{\"@type\":\"ImageObject\",\"inLanguage\":\"es\",\"@id\":\"https:\/\/tabernaculoprensadedios.com\/web\/#\/schema\/person\/image\/\",\"url\":\"https:\/\/tabernaculoprensadedios.com\/web\/wp-content\/uploads\/2015\/06\/login-logo1.png\",\"contentUrl\":\"https:\/\/tabernaculoprensadedios.com\/web\/wp-content\/uploads\/2015\/06\/login-logo1.png\",\"width\":300,\"height\":118,\"caption\":\"tabernaculo\"},\"logo\":{\"@id\":\"https:\/\/tabernaculoprensadedios.com\/web\/#\/schema\/person\/image\/\"},\"url\":\"https:\/\/tabernaculoprensadedios.com\/web\/author\/tabernaculo\/\"}]}<\/script>\n<!-- \/ Yoast SEO Premium plugin. -->","yoast_head_json":{"title":"La esencia del perd\u00f3n - Tabernaculo Prensa de Dios","robots":{"index":"index","follow":"follow","max-snippet":"max-snippet:-1","max-image-preview":"max-image-preview:large","max-video-preview":"max-video-preview:-1"},"canonical":"https:\/\/tabernaculoprensadedios.com\/web\/la-esencia-del-perdon\/","og_locale":"es_ES","og_type":"article","og_title":"La esencia del perd\u00f3n","og_description":"Los cristianos, aun los m\u00e1s maduros, tenemos en ocasiones una rara tendencia a no saber escuchar la voz interna que nos dice que hay que perdonar. Una y otra vez dejamos entrar en \u00e9l coraz\u00f3n las gotas contaminantes del mundo y hacemos de \u00e9l un dep\u00f3sito de ra\u00edces de amargura, disensiones, rencores y hasta odios; &hellip;","og_url":"https:\/\/tabernaculoprensadedios.com\/web\/la-esencia-del-perdon\/","og_site_name":"Tabernaculo Prensa de Dios","article_published_time":"2026-01-19T20:47:25+00:00","article_modified_time":"2026-01-20T01:29:13+00:00","og_image":[{"width":1280,"height":853,"url":"https:\/\/tabernaculoprensadedios.com\/web\/wp-content\/uploads\/2026\/01\/england-1106486_1280.avif","type":"image\/jpeg"}],"author":"tabernaculo","twitter_card":"summary_large_image","twitter_creator":"@PrensadeDios","twitter_site":"@PrensadeDios","twitter_misc":{"Escrito por":"tabernaculo","Tiempo de lectura":"4 minutos"},"schema":{"@context":"https:\/\/schema.org","@graph":[{"@type":"Article","@id":"https:\/\/tabernaculoprensadedios.com\/web\/la-esencia-del-perdon\/#article","isPartOf":{"@id":"https:\/\/tabernaculoprensadedios.com\/web\/la-esencia-del-perdon\/"},"author":{"name":"tabernaculo","@id":"https:\/\/tabernaculoprensadedios.com\/web\/#\/schema\/person\/bc0e069fef56b38e177db6f098ae0b6e"},"headline":"La esencia del perd\u00f3n","datePublished":"2026-01-19T20:47:25+00:00","dateModified":"2026-01-20T01:29:13+00:00","mainEntityOfPage":{"@id":"https:\/\/tabernaculoprensadedios.com\/web\/la-esencia-del-perdon\/"},"wordCount":762,"commentCount":0,"publisher":{"@id":"https:\/\/tabernaculoprensadedios.com\/web\/#\/schema\/person\/bc0e069fef56b38e177db6f098ae0b6e"},"image":{"@id":"https:\/\/tabernaculoprensadedios.com\/web\/la-esencia-del-perdon\/#primaryimage"},"thumbnailUrl":"https:\/\/tabernaculoprensadedios.com\/web\/wp-content\/uploads\/2026\/01\/england-1106486_1280.avif","articleSection":["Articulos"],"inLanguage":"es","potentialAction":[{"@type":"CommentAction","name":"Comment","target":["https:\/\/tabernaculoprensadedios.com\/web\/la-esencia-del-perdon\/#respond"]}]},{"@type":"WebPage","@id":"https:\/\/tabernaculoprensadedios.com\/web\/la-esencia-del-perdon\/","url":"https:\/\/tabernaculoprensadedios.com\/web\/la-esencia-del-perdon\/","name":"La esencia del perd\u00f3n - Tabernaculo Prensa de Dios","isPartOf":{"@id":"https:\/\/tabernaculoprensadedios.com\/web\/#website"},"primaryImageOfPage":{"@id":"https:\/\/tabernaculoprensadedios.com\/web\/la-esencia-del-perdon\/#primaryimage"},"image":{"@id":"https:\/\/tabernaculoprensadedios.com\/web\/la-esencia-del-perdon\/#primaryimage"},"thumbnailUrl":"https:\/\/tabernaculoprensadedios.com\/web\/wp-content\/uploads\/2026\/01\/england-1106486_1280.avif","datePublished":"2026-01-19T20:47:25+00:00","dateModified":"2026-01-20T01:29:13+00:00","breadcrumb":{"@id":"https:\/\/tabernaculoprensadedios.com\/web\/la-esencia-del-perdon\/#breadcrumb"},"inLanguage":"es","potentialAction":[{"@type":"ReadAction","target":["https:\/\/tabernaculoprensadedios.com\/web\/la-esencia-del-perdon\/"]}]},{"@type":"ImageObject","inLanguage":"es","@id":"https:\/\/tabernaculoprensadedios.com\/web\/la-esencia-del-perdon\/#primaryimage","url":"https:\/\/tabernaculoprensadedios.com\/web\/wp-content\/uploads\/2026\/01\/england-1106486_1280.avif","contentUrl":"https:\/\/tabernaculoprensadedios.com\/web\/wp-content\/uploads\/2026\/01\/england-1106486_1280.avif","width":1280,"height":853},{"@type":"BreadcrumbList","@id":"https:\/\/tabernaculoprensadedios.com\/web\/la-esencia-del-perdon\/#breadcrumb","itemListElement":[{"@type":"ListItem","position":1,"name":"Portada","item":"https:\/\/tabernaculoprensadedios.com\/web\/"},{"@type":"ListItem","position":2,"name":"La esencia del perd\u00f3n"}]},{"@type":"WebSite","@id":"https:\/\/tabernaculoprensadedios.com\/web\/#website","url":"https:\/\/tabernaculoprensadedios.com\/web\/","name":"Tabernaculo Prensa de Dios","description":"Un medio a la manera de Dios","publisher":{"@id":"https:\/\/tabernaculoprensadedios.com\/web\/#\/schema\/person\/bc0e069fef56b38e177db6f098ae0b6e"},"potentialAction":[{"@type":"SearchAction","target":{"@type":"EntryPoint","urlTemplate":"https:\/\/tabernaculoprensadedios.com\/web\/?s={search_term_string}"},"query-input":{"@type":"PropertyValueSpecification","valueRequired":true,"valueName":"search_term_string"}}],"inLanguage":"es"},{"@type":["Person","Organization"],"@id":"https:\/\/tabernaculoprensadedios.com\/web\/#\/schema\/person\/bc0e069fef56b38e177db6f098ae0b6e","name":"tabernaculo","image":{"@type":"ImageObject","inLanguage":"es","@id":"https:\/\/tabernaculoprensadedios.com\/web\/#\/schema\/person\/image\/","url":"https:\/\/tabernaculoprensadedios.com\/web\/wp-content\/uploads\/2015\/06\/login-logo1.png","contentUrl":"https:\/\/tabernaculoprensadedios.com\/web\/wp-content\/uploads\/2015\/06\/login-logo1.png","width":300,"height":118,"caption":"tabernaculo"},"logo":{"@id":"https:\/\/tabernaculoprensadedios.com\/web\/#\/schema\/person\/image\/"},"url":"https:\/\/tabernaculoprensadedios.com\/web\/author\/tabernaculo\/"}]}},"_links":{"self":[{"href":"https:\/\/tabernaculoprensadedios.com\/web\/wp-json\/wp\/v2\/posts\/22973","targetHints":{"allow":["GET"]}}],"collection":[{"href":"https:\/\/tabernaculoprensadedios.com\/web\/wp-json\/wp\/v2\/posts"}],"about":[{"href":"https:\/\/tabernaculoprensadedios.com\/web\/wp-json\/wp\/v2\/types\/post"}],"author":[{"embeddable":true,"href":"https:\/\/tabernaculoprensadedios.com\/web\/wp-json\/wp\/v2\/users\/1"}],"replies":[{"embeddable":true,"href":"https:\/\/tabernaculoprensadedios.com\/web\/wp-json\/wp\/v2\/comments?post=22973"}],"version-history":[{"count":4,"href":"https:\/\/tabernaculoprensadedios.com\/web\/wp-json\/wp\/v2\/posts\/22973\/revisions"}],"predecessor-version":[{"id":36914,"href":"https:\/\/tabernaculoprensadedios.com\/web\/wp-json\/wp\/v2\/posts\/22973\/revisions\/36914"}],"wp:featuredmedia":[{"embeddable":true,"href":"https:\/\/tabernaculoprensadedios.com\/web\/wp-json\/wp\/v2\/media\/36913"}],"wp:attachment":[{"href":"https:\/\/tabernaculoprensadedios.com\/web\/wp-json\/wp\/v2\/media?parent=22973"}],"wp:term":[{"taxonomy":"category","embeddable":true,"href":"https:\/\/tabernaculoprensadedios.com\/web\/wp-json\/wp\/v2\/categories?post=22973"},{"taxonomy":"post_tag","embeddable":true,"href":"https:\/\/tabernaculoprensadedios.com\/web\/wp-json\/wp\/v2\/tags?post=22973"}],"curies":[{"name":"wp","href":"https:\/\/api.w.org\/{rel}","templated":true}]}}