{"id":22683,"date":"2026-03-16T10:54:15","date_gmt":"2026-03-16T14:54:15","guid":{"rendered":"https:\/\/tabernaculoprensadedios.com\/web\/?p=22683"},"modified":"2026-03-16T13:37:19","modified_gmt":"2026-03-16T17:37:19","slug":"contendamos-por-nuestra-fe-con-gracia-y-amor","status":"publish","type":"post","link":"https:\/\/tabernaculoprensadedios.com\/web\/contendamos-por-nuestra-fe-con-gracia-y-amor\/","title":{"rendered":"Contendamos por nuestra fe con gracia y amor"},"content":{"rendered":"<p>Indudablemente, la influencia social y pol\u00edtica de la Iglesia a trav\u00e9s de la historia, en la medida en que se ha ce\u00f1ido a los valores de la palabra de Dios, ha sido ben\u00e9vola y humanizadora. Solo hay que observar la diferencia entre los pa\u00edses que hist\u00f3ricamente se han desarrollado bajo la influencia del cristianismo, y aquellos que han evolucionado bajo la tutela de otros sistemas religiosos. Pero en muchas ocasiones, la Iglesia ha manejado muy mal la autoridad. Ha tra\u00eddo verg\u00fcenza y esc\u00e1ndalo al nombre de Jesucristo cuando ha usado su poder para oprimir a otros y enriquecerse ileg\u00edtimamente.<\/p>\n<p>Por todas estas razones, hay que proceder con mucha sobriedad y cautela cuando abogamos a favor de una mayor integraci\u00f3n entre Iglesia y gobierno, o cuando nos frustramos ante la resistencia de tantos hacia la idea de un gobierno cristiano en nuestros pa\u00edses. En cierta medida, la culpa de esa actitud sospechosa hacia la Iglesia de parte de tanta gente moderna cae a los pies de la Iglesia misma, por su comportamiento inconsistente y pecaminoso a trav\u00e9s de los siglos cuando ha manejado el poder pol\u00edtico.<\/p>\n<p>Habiendo dicho esto, sin embargo, tenemos que reconocer que Dios quiere que las naciones y las dem\u00e1s instituciones humanas reflejen los valores de su Reino; que aun antes de que Cristo venga, los cristianos debemos esforzarnos porque nuestras sociedades se sujeten a los valores morales y espirituales del evangelio. No podemos tomar nuestro talento, como el siervo infiel de la par\u00e1bola, y esconderlo en un pa\u00f1uelo por temor a no invertirlo correctamente. El temor al fracaso no debe jam\u00e1s impedirnos obedecer al mandato de Jes\u00fas de negociar hasta que \u00e9l venga (Lc 19:13). Los cristianos tenemos que obedecer al llamado de involucrarnos en la pol\u00edtica, en el \u00e1mbito social y cultural. Debemos emplear esas posiciones de influencia, cuando las obtengamos, para facilitar el esparcimiento del evangelio y sus valores morales y espirituales.<\/p>\n<p>La Biblia est\u00e1 llena de ejemplos de hombres y mujeres que usaron posiciones de influencia pol\u00edtica para avanzar los intereses y los valores del Reino de Dios. Ah\u00ed tenemos a Jos\u00e9, Daniel, Ester, Nehem\u00edas, a quienes Dios us\u00f3 grandemente para establecer sus prop\u00f3sitos hist\u00f3ricos. A trav\u00e9s de la historia, cristianos como el padre Las Casas, Abraham Lincoln, William Wilberforce, y Abraham Kuyper obtuvieron fuerzas e iluminaci\u00f3n de su fe cristiana para llevar a cabo importantes reformas en el seno de la sociedad. Personajes b\u00edblicos como Jos\u00e9, David, Daniel y Josafat usaron el poder pol\u00edtico desde una postura centrada en Dios y su Palabra, y se movieron con integridad y competencia en el desempe\u00f1o de sus responsabilidades p\u00fablicas.<\/p>\n<p>Cuando desempe\u00f1amos un cargo p\u00fablico, debemos amarrarnos ferozmente al m\u00e1stil de la oraci\u00f3n y la palabra de Dios, a fin de obtener la sabidur\u00eda necesaria para manejar el poder conforme a los valores del evangelio. Como Salom\u00f3n, tenemos que pedirle al Se\u00f1or, \u201cDa, pues, a tu siervo coraz\u00f3n entendido para juzgar a tu pueblo, y para discernir entre lo bueno y lo malo\u201d (I Rey 3:9). Tenemos que proyectar genuinamente al mundo humildad y generosidad. Pero no podemos actuar con titubeos o timidez cuando Dios nos concede la oportunidad de legislar en su nombre.<\/p>\n<p>\u00a1No podemos meternos en un rinc\u00f3n y dejar de contender por nuestra fe s\u00f3lo porque hayamos cometido errores en el pasado! Lo importante es aprender de esos errores, y movernos con sabidur\u00eda y humildad. Debemos esforzarnos como nunca para que nuestra influencia social refleje la bondad, la gracia, la justicia y la verdad de Jesucristo. Tenemos que proceder con honestidad y transparencia cuando entramos en el terreno incierto y traicionero de la pol\u00edtica y la transformaci\u00f3n cultural. Pero tambi\u00e9n tenemos que intervenir con seguridad y determinaci\u00f3n, sabiendo que nos movemos en el poder y la autoridad de Jesucristo. Manejamos la verdad \u00fanica y total de Dios, la cual las naciones necesitan como nunca antes.<\/p>\n<p><b>Da, pues, a Tu siervo un coraz\u00f3n con entendimiento para juzgar a Tu pueblo y para discernir entre el bien y el mal. Pues \u00bfqui\u00e9n ser\u00e1 capaz de juzgar a este pueblo Tuyo tan grande?<br \/>\n1 Reyes 3:9<\/b><\/p>\n<p><b>Llamando a diez de sus siervos, les reparti\u00f3 diez 10 minas (salario de unos mil d\u00edas) y les dijo: &#8216;Negocien con esto hasta que yo regrese.&#8217;<br \/>\nLucas 19:13<\/b><\/p>\n","protected":false},"excerpt":{"rendered":"<p>Indudablemente, la influencia social y pol\u00edtica de la Iglesia a trav\u00e9s de la historia, en la medida en que se ha ce\u00f1ido a los valores de la palabra de Dios, ha sido ben\u00e9vola y humanizadora. Solo hay que observar la diferencia entre los pa\u00edses que hist\u00f3ricamente se han desarrollado bajo la influencia del cristianismo, y &hellip;<\/p>\n","protected":false},"author":1,"featured_media":34344,"comment_status":"open","ping_status":"open","sticky":false,"template":"","format":"standard","meta":{"footnotes":""},"categories":[38],"tags":[],"class_list":["post-22683","post","type-post","status-publish","format-standard","has-post-thumbnail","hentry","category-principal"],"yoast_head":"<!-- This site is optimized with the Yoast SEO Premium plugin v24.2 (Yoast SEO v27.1.1) - https:\/\/yoast.com\/product\/yoast-seo-premium-wordpress\/ -->\n<title>Contendamos por nuestra fe con gracia y amor - Tabernaculo Prensa de Dios<\/title>\n<meta name=\"robots\" content=\"index, follow, max-snippet:-1, max-image-preview:large, max-video-preview:-1\" \/>\n<link rel=\"canonical\" href=\"https:\/\/tabernaculoprensadedios.com\/web\/contendamos-por-nuestra-fe-con-gracia-y-amor\/\" class=\"yoast-seo-meta-tag\" \/>\n<meta property=\"og:locale\" content=\"es_ES\" class=\"yoast-seo-meta-tag\" \/>\n<meta property=\"og:type\" content=\"article\" class=\"yoast-seo-meta-tag\" \/>\n<meta property=\"og:title\" content=\"Contendamos por nuestra fe con gracia y amor\" class=\"yoast-seo-meta-tag\" \/>\n<meta property=\"og:description\" content=\"Indudablemente, la influencia social y pol\u00edtica de la Iglesia a trav\u00e9s de la historia, en la medida en que se ha ce\u00f1ido a los valores de la palabra de Dios, ha sido ben\u00e9vola y humanizadora. Solo hay que observar la diferencia entre los pa\u00edses que hist\u00f3ricamente se han desarrollado bajo la influencia del cristianismo, y &hellip;\" class=\"yoast-seo-meta-tag\" \/>\n<meta property=\"og:url\" content=\"https:\/\/tabernaculoprensadedios.com\/web\/contendamos-por-nuestra-fe-con-gracia-y-amor\/\" class=\"yoast-seo-meta-tag\" \/>\n<meta property=\"og:site_name\" content=\"Tabernaculo Prensa de Dios\" class=\"yoast-seo-meta-tag\" \/>\n<meta property=\"article:published_time\" content=\"2026-03-16T14:54:15+00:00\" class=\"yoast-seo-meta-tag\" \/>\n<meta property=\"article:modified_time\" content=\"2026-03-16T17:37:19+00:00\" class=\"yoast-seo-meta-tag\" \/>\n<meta property=\"og:image\" content=\"https:\/\/tabernaculoprensadedios.com\/web\/wp-content\/uploads\/2025\/04\/city-8684454_1280.avif\" class=\"yoast-seo-meta-tag\" \/>\n\t<meta property=\"og:image:width\" content=\"1280\" class=\"yoast-seo-meta-tag\" \/>\n\t<meta property=\"og:image:height\" content=\"854\" class=\"yoast-seo-meta-tag\" \/>\n\t<meta property=\"og:image:type\" content=\"image\/jpeg\" class=\"yoast-seo-meta-tag\" \/>\n<meta name=\"author\" content=\"tabernaculo\" class=\"yoast-seo-meta-tag\" \/>\n<meta name=\"twitter:card\" content=\"summary_large_image\" class=\"yoast-seo-meta-tag\" \/>\n<meta name=\"twitter:creator\" content=\"@PrensadeDios\" class=\"yoast-seo-meta-tag\" \/>\n<meta name=\"twitter:site\" content=\"@PrensadeDios\" class=\"yoast-seo-meta-tag\" \/>\n<meta name=\"twitter:label1\" content=\"Escrito por\" class=\"yoast-seo-meta-tag\" \/>\n\t<meta name=\"twitter:data1\" content=\"tabernaculo\" class=\"yoast-seo-meta-tag\" \/>\n\t<meta name=\"twitter:label2\" content=\"Tiempo de lectura\" class=\"yoast-seo-meta-tag\" \/>\n\t<meta name=\"twitter:data2\" content=\"4 minutos\" class=\"yoast-seo-meta-tag\" \/>\n<script type=\"application\/ld+json\" class=\"yoast-schema-graph\">{\"@context\":\"https:\/\/schema.org\",\"@graph\":[{\"@type\":\"Article\",\"@id\":\"https:\/\/tabernaculoprensadedios.com\/web\/contendamos-por-nuestra-fe-con-gracia-y-amor\/#article\",\"isPartOf\":{\"@id\":\"https:\/\/tabernaculoprensadedios.com\/web\/contendamos-por-nuestra-fe-con-gracia-y-amor\/\"},\"author\":{\"name\":\"tabernaculo\",\"@id\":\"https:\/\/tabernaculoprensadedios.com\/web\/#\/schema\/person\/bc0e069fef56b38e177db6f098ae0b6e\"},\"headline\":\"Contendamos por nuestra fe con gracia y amor\",\"datePublished\":\"2026-03-16T14:54:15+00:00\",\"dateModified\":\"2026-03-16T17:37:19+00:00\",\"mainEntityOfPage\":{\"@id\":\"https:\/\/tabernaculoprensadedios.com\/web\/contendamos-por-nuestra-fe-con-gracia-y-amor\/\"},\"wordCount\":758,\"commentCount\":0,\"publisher\":{\"@id\":\"https:\/\/tabernaculoprensadedios.com\/web\/#\/schema\/person\/bc0e069fef56b38e177db6f098ae0b6e\"},\"image\":{\"@id\":\"https:\/\/tabernaculoprensadedios.com\/web\/contendamos-por-nuestra-fe-con-gracia-y-amor\/#primaryimage\"},\"thumbnailUrl\":\"https:\/\/tabernaculoprensadedios.com\/web\/wp-content\/uploads\/2025\/04\/city-8684454_1280.avif\",\"articleSection\":[\"Principal\"],\"inLanguage\":\"es\",\"potentialAction\":[{\"@type\":\"CommentAction\",\"name\":\"Comment\",\"target\":[\"https:\/\/tabernaculoprensadedios.com\/web\/contendamos-por-nuestra-fe-con-gracia-y-amor\/#respond\"]}]},{\"@type\":\"WebPage\",\"@id\":\"https:\/\/tabernaculoprensadedios.com\/web\/contendamos-por-nuestra-fe-con-gracia-y-amor\/\",\"url\":\"https:\/\/tabernaculoprensadedios.com\/web\/contendamos-por-nuestra-fe-con-gracia-y-amor\/\",\"name\":\"Contendamos por nuestra fe con gracia y amor - Tabernaculo Prensa de Dios\",\"isPartOf\":{\"@id\":\"https:\/\/tabernaculoprensadedios.com\/web\/#website\"},\"primaryImageOfPage\":{\"@id\":\"https:\/\/tabernaculoprensadedios.com\/web\/contendamos-por-nuestra-fe-con-gracia-y-amor\/#primaryimage\"},\"image\":{\"@id\":\"https:\/\/tabernaculoprensadedios.com\/web\/contendamos-por-nuestra-fe-con-gracia-y-amor\/#primaryimage\"},\"thumbnailUrl\":\"https:\/\/tabernaculoprensadedios.com\/web\/wp-content\/uploads\/2025\/04\/city-8684454_1280.avif\",\"datePublished\":\"2026-03-16T14:54:15+00:00\",\"dateModified\":\"2026-03-16T17:37:19+00:00\",\"breadcrumb\":{\"@id\":\"https:\/\/tabernaculoprensadedios.com\/web\/contendamos-por-nuestra-fe-con-gracia-y-amor\/#breadcrumb\"},\"inLanguage\":\"es\",\"potentialAction\":[{\"@type\":\"ReadAction\",\"target\":[\"https:\/\/tabernaculoprensadedios.com\/web\/contendamos-por-nuestra-fe-con-gracia-y-amor\/\"]}]},{\"@type\":\"ImageObject\",\"inLanguage\":\"es\",\"@id\":\"https:\/\/tabernaculoprensadedios.com\/web\/contendamos-por-nuestra-fe-con-gracia-y-amor\/#primaryimage\",\"url\":\"https:\/\/tabernaculoprensadedios.com\/web\/wp-content\/uploads\/2025\/04\/city-8684454_1280.avif\",\"contentUrl\":\"https:\/\/tabernaculoprensadedios.com\/web\/wp-content\/uploads\/2025\/04\/city-8684454_1280.avif\",\"width\":1280,\"height\":854},{\"@type\":\"BreadcrumbList\",\"@id\":\"https:\/\/tabernaculoprensadedios.com\/web\/contendamos-por-nuestra-fe-con-gracia-y-amor\/#breadcrumb\",\"itemListElement\":[{\"@type\":\"ListItem\",\"position\":1,\"name\":\"Portada\",\"item\":\"https:\/\/tabernaculoprensadedios.com\/web\/\"},{\"@type\":\"ListItem\",\"position\":2,\"name\":\"Contendamos por nuestra fe con gracia y amor\"}]},{\"@type\":\"WebSite\",\"@id\":\"https:\/\/tabernaculoprensadedios.com\/web\/#website\",\"url\":\"https:\/\/tabernaculoprensadedios.com\/web\/\",\"name\":\"Tabernaculo Prensa de Dios\",\"description\":\"Un medio a la manera de Dios\",\"publisher\":{\"@id\":\"https:\/\/tabernaculoprensadedios.com\/web\/#\/schema\/person\/bc0e069fef56b38e177db6f098ae0b6e\"},\"potentialAction\":[{\"@type\":\"SearchAction\",\"target\":{\"@type\":\"EntryPoint\",\"urlTemplate\":\"https:\/\/tabernaculoprensadedios.com\/web\/?s={search_term_string}\"},\"query-input\":{\"@type\":\"PropertyValueSpecification\",\"valueRequired\":true,\"valueName\":\"search_term_string\"}}],\"inLanguage\":\"es\"},{\"@type\":[\"Person\",\"Organization\"],\"@id\":\"https:\/\/tabernaculoprensadedios.com\/web\/#\/schema\/person\/bc0e069fef56b38e177db6f098ae0b6e\",\"name\":\"tabernaculo\",\"image\":{\"@type\":\"ImageObject\",\"inLanguage\":\"es\",\"@id\":\"https:\/\/tabernaculoprensadedios.com\/web\/#\/schema\/person\/image\/\",\"url\":\"https:\/\/tabernaculoprensadedios.com\/web\/wp-content\/uploads\/2015\/06\/login-logo1.png\",\"contentUrl\":\"https:\/\/tabernaculoprensadedios.com\/web\/wp-content\/uploads\/2015\/06\/login-logo1.png\",\"width\":300,\"height\":118,\"caption\":\"tabernaculo\"},\"logo\":{\"@id\":\"https:\/\/tabernaculoprensadedios.com\/web\/#\/schema\/person\/image\/\"},\"url\":\"https:\/\/tabernaculoprensadedios.com\/web\/author\/tabernaculo\/\"}]}<\/script>\n<!-- \/ Yoast SEO Premium plugin. -->","yoast_head_json":{"title":"Contendamos por nuestra fe con gracia y amor - Tabernaculo Prensa de Dios","robots":{"index":"index","follow":"follow","max-snippet":"max-snippet:-1","max-image-preview":"max-image-preview:large","max-video-preview":"max-video-preview:-1"},"canonical":"https:\/\/tabernaculoprensadedios.com\/web\/contendamos-por-nuestra-fe-con-gracia-y-amor\/","og_locale":"es_ES","og_type":"article","og_title":"Contendamos por nuestra fe con gracia y amor","og_description":"Indudablemente, la influencia social y pol\u00edtica de la Iglesia a trav\u00e9s de la historia, en la medida en que se ha ce\u00f1ido a los valores de la palabra de Dios, ha sido ben\u00e9vola y humanizadora. Solo hay que observar la diferencia entre los pa\u00edses que hist\u00f3ricamente se han desarrollado bajo la influencia del cristianismo, y &hellip;","og_url":"https:\/\/tabernaculoprensadedios.com\/web\/contendamos-por-nuestra-fe-con-gracia-y-amor\/","og_site_name":"Tabernaculo Prensa de Dios","article_published_time":"2026-03-16T14:54:15+00:00","article_modified_time":"2026-03-16T17:37:19+00:00","og_image":[{"width":1280,"height":854,"url":"https:\/\/tabernaculoprensadedios.com\/web\/wp-content\/uploads\/2025\/04\/city-8684454_1280.avif","type":"image\/jpeg"}],"author":"tabernaculo","twitter_card":"summary_large_image","twitter_creator":"@PrensadeDios","twitter_site":"@PrensadeDios","twitter_misc":{"Escrito por":"tabernaculo","Tiempo de lectura":"4 minutos"},"schema":{"@context":"https:\/\/schema.org","@graph":[{"@type":"Article","@id":"https:\/\/tabernaculoprensadedios.com\/web\/contendamos-por-nuestra-fe-con-gracia-y-amor\/#article","isPartOf":{"@id":"https:\/\/tabernaculoprensadedios.com\/web\/contendamos-por-nuestra-fe-con-gracia-y-amor\/"},"author":{"name":"tabernaculo","@id":"https:\/\/tabernaculoprensadedios.com\/web\/#\/schema\/person\/bc0e069fef56b38e177db6f098ae0b6e"},"headline":"Contendamos por nuestra fe con gracia y amor","datePublished":"2026-03-16T14:54:15+00:00","dateModified":"2026-03-16T17:37:19+00:00","mainEntityOfPage":{"@id":"https:\/\/tabernaculoprensadedios.com\/web\/contendamos-por-nuestra-fe-con-gracia-y-amor\/"},"wordCount":758,"commentCount":0,"publisher":{"@id":"https:\/\/tabernaculoprensadedios.com\/web\/#\/schema\/person\/bc0e069fef56b38e177db6f098ae0b6e"},"image":{"@id":"https:\/\/tabernaculoprensadedios.com\/web\/contendamos-por-nuestra-fe-con-gracia-y-amor\/#primaryimage"},"thumbnailUrl":"https:\/\/tabernaculoprensadedios.com\/web\/wp-content\/uploads\/2025\/04\/city-8684454_1280.avif","articleSection":["Principal"],"inLanguage":"es","potentialAction":[{"@type":"CommentAction","name":"Comment","target":["https:\/\/tabernaculoprensadedios.com\/web\/contendamos-por-nuestra-fe-con-gracia-y-amor\/#respond"]}]},{"@type":"WebPage","@id":"https:\/\/tabernaculoprensadedios.com\/web\/contendamos-por-nuestra-fe-con-gracia-y-amor\/","url":"https:\/\/tabernaculoprensadedios.com\/web\/contendamos-por-nuestra-fe-con-gracia-y-amor\/","name":"Contendamos por nuestra fe con gracia y amor - Tabernaculo Prensa de Dios","isPartOf":{"@id":"https:\/\/tabernaculoprensadedios.com\/web\/#website"},"primaryImageOfPage":{"@id":"https:\/\/tabernaculoprensadedios.com\/web\/contendamos-por-nuestra-fe-con-gracia-y-amor\/#primaryimage"},"image":{"@id":"https:\/\/tabernaculoprensadedios.com\/web\/contendamos-por-nuestra-fe-con-gracia-y-amor\/#primaryimage"},"thumbnailUrl":"https:\/\/tabernaculoprensadedios.com\/web\/wp-content\/uploads\/2025\/04\/city-8684454_1280.avif","datePublished":"2026-03-16T14:54:15+00:00","dateModified":"2026-03-16T17:37:19+00:00","breadcrumb":{"@id":"https:\/\/tabernaculoprensadedios.com\/web\/contendamos-por-nuestra-fe-con-gracia-y-amor\/#breadcrumb"},"inLanguage":"es","potentialAction":[{"@type":"ReadAction","target":["https:\/\/tabernaculoprensadedios.com\/web\/contendamos-por-nuestra-fe-con-gracia-y-amor\/"]}]},{"@type":"ImageObject","inLanguage":"es","@id":"https:\/\/tabernaculoprensadedios.com\/web\/contendamos-por-nuestra-fe-con-gracia-y-amor\/#primaryimage","url":"https:\/\/tabernaculoprensadedios.com\/web\/wp-content\/uploads\/2025\/04\/city-8684454_1280.avif","contentUrl":"https:\/\/tabernaculoprensadedios.com\/web\/wp-content\/uploads\/2025\/04\/city-8684454_1280.avif","width":1280,"height":854},{"@type":"BreadcrumbList","@id":"https:\/\/tabernaculoprensadedios.com\/web\/contendamos-por-nuestra-fe-con-gracia-y-amor\/#breadcrumb","itemListElement":[{"@type":"ListItem","position":1,"name":"Portada","item":"https:\/\/tabernaculoprensadedios.com\/web\/"},{"@type":"ListItem","position":2,"name":"Contendamos por nuestra fe con gracia y amor"}]},{"@type":"WebSite","@id":"https:\/\/tabernaculoprensadedios.com\/web\/#website","url":"https:\/\/tabernaculoprensadedios.com\/web\/","name":"Tabernaculo Prensa de Dios","description":"Un medio a la manera de Dios","publisher":{"@id":"https:\/\/tabernaculoprensadedios.com\/web\/#\/schema\/person\/bc0e069fef56b38e177db6f098ae0b6e"},"potentialAction":[{"@type":"SearchAction","target":{"@type":"EntryPoint","urlTemplate":"https:\/\/tabernaculoprensadedios.com\/web\/?s={search_term_string}"},"query-input":{"@type":"PropertyValueSpecification","valueRequired":true,"valueName":"search_term_string"}}],"inLanguage":"es"},{"@type":["Person","Organization"],"@id":"https:\/\/tabernaculoprensadedios.com\/web\/#\/schema\/person\/bc0e069fef56b38e177db6f098ae0b6e","name":"tabernaculo","image":{"@type":"ImageObject","inLanguage":"es","@id":"https:\/\/tabernaculoprensadedios.com\/web\/#\/schema\/person\/image\/","url":"https:\/\/tabernaculoprensadedios.com\/web\/wp-content\/uploads\/2015\/06\/login-logo1.png","contentUrl":"https:\/\/tabernaculoprensadedios.com\/web\/wp-content\/uploads\/2015\/06\/login-logo1.png","width":300,"height":118,"caption":"tabernaculo"},"logo":{"@id":"https:\/\/tabernaculoprensadedios.com\/web\/#\/schema\/person\/image\/"},"url":"https:\/\/tabernaculoprensadedios.com\/web\/author\/tabernaculo\/"}]}},"_links":{"self":[{"href":"https:\/\/tabernaculoprensadedios.com\/web\/wp-json\/wp\/v2\/posts\/22683","targetHints":{"allow":["GET"]}}],"collection":[{"href":"https:\/\/tabernaculoprensadedios.com\/web\/wp-json\/wp\/v2\/posts"}],"about":[{"href":"https:\/\/tabernaculoprensadedios.com\/web\/wp-json\/wp\/v2\/types\/post"}],"author":[{"embeddable":true,"href":"https:\/\/tabernaculoprensadedios.com\/web\/wp-json\/wp\/v2\/users\/1"}],"replies":[{"embeddable":true,"href":"https:\/\/tabernaculoprensadedios.com\/web\/wp-json\/wp\/v2\/comments?post=22683"}],"version-history":[{"count":1,"href":"https:\/\/tabernaculoprensadedios.com\/web\/wp-json\/wp\/v2\/posts\/22683\/revisions"}],"predecessor-version":[{"id":22684,"href":"https:\/\/tabernaculoprensadedios.com\/web\/wp-json\/wp\/v2\/posts\/22683\/revisions\/22684"}],"wp:featuredmedia":[{"embeddable":true,"href":"https:\/\/tabernaculoprensadedios.com\/web\/wp-json\/wp\/v2\/media\/34344"}],"wp:attachment":[{"href":"https:\/\/tabernaculoprensadedios.com\/web\/wp-json\/wp\/v2\/media?parent=22683"}],"wp:term":[{"taxonomy":"category","embeddable":true,"href":"https:\/\/tabernaculoprensadedios.com\/web\/wp-json\/wp\/v2\/categories?post=22683"},{"taxonomy":"post_tag","embeddable":true,"href":"https:\/\/tabernaculoprensadedios.com\/web\/wp-json\/wp\/v2\/tags?post=22683"}],"curies":[{"name":"wp","href":"https:\/\/api.w.org\/{rel}","templated":true}]}}