{"id":22417,"date":"2021-07-14T18:45:19","date_gmt":"2021-07-14T18:45:19","guid":{"rendered":"https:\/\/tabernaculoprensadedios.com\/web\/?p=22417"},"modified":"2021-07-14T23:09:00","modified_gmt":"2021-07-14T23:09:00","slug":"la-crisis-segun-albert-einstein","status":"publish","type":"post","link":"https:\/\/tabernaculoprensadedios.com\/web\/la-crisis-segun-albert-einstein\/","title":{"rendered":"La Crisis seg\u00fan Albert Einstein"},"content":{"rendered":"<p><span style=\"color: #666699;\"><strong><em>No pretendamos que las cosas cambien, si siempre hacemos lo mismo.<\/em><\/strong><\/span><\/p>\n<p>La crisis, es la mejor bendici\u00f3n que puede sucederle a personas y pa\u00edses, porque la crisis trae progresos. La creatividad nace de la angustia como el d\u00eda nace de la noche oscura. Es en la crisis que nace la inventiva, los descubrimientos y las grandes estrategias. Quien supera la crisis se supera a s\u00ed mismo sin quedar superado.<\/p>\n<p>Quien atribuye a la crisis sus fracasos y penurias, violenta su propio talento y respeta m\u00e1s a los problemas que a las soluciones.<\/p>\n<p>La verdadera crisis, es la crisis de la incompetencia.<\/p>\n<p>El inconveniente de las personas y los pa\u00edses es la pereza para encontrar las salidas y soluciones. Sin crisis no hay desaf\u00edos, sin desaf\u00edos la vida es una rutina, una lenta agon\u00eda. Sin crisis no hay m\u00e9ritos.<\/p>\n<p>Es en la crisis donde aflora lo mejor de cada uno, porque sin crisis todo viento es caricia. Hablar de crisis es promoverla, y callar en la crisis es exaltar el conformismo. En vez de esto, trabajemos duro. Acabemos de una vez con la \u00fanica crisis amenazadora, que es la tragedia de no querer luchar por superarla.\u201d<\/p>\n<p><strong>Albert Einstein.<\/strong><br \/>\n<strong>1879-1955.<\/strong><\/p>\n<p><strong>Filipenses 4:13<\/strong><br \/>\nTodo lo puedo en Cristo que me fortalece.<\/p>\n","protected":false},"excerpt":{"rendered":"<p>No pretendamos que las cosas cambien, si siempre hacemos lo mismo. La crisis, es la mejor bendici\u00f3n que puede sucederle a personas y pa\u00edses, porque la crisis trae progresos. La creatividad nace de la angustia como el d\u00eda nace de la noche oscura. Es en la crisis que nace la inventiva, los descubrimientos y las &hellip;<\/p>\n","protected":false},"author":1,"featured_media":22418,"comment_status":"open","ping_status":"open","sticky":false,"template":"","format":"standard","meta":{"footnotes":""},"categories":[16],"tags":[],"class_list":["post-22417","post","type-post","status-publish","format-standard","has-post-thumbnail","hentry","category-salud-nutricion"],"yoast_head":"<!-- This site is optimized with the Yoast SEO Premium plugin v24.2 (Yoast SEO v27.1.1) - https:\/\/yoast.com\/product\/yoast-seo-premium-wordpress\/ -->\n<title>La Crisis seg\u00fan Albert Einstein - Tabernaculo Prensa de Dios<\/title>\n<meta name=\"robots\" content=\"index, follow, max-snippet:-1, max-image-preview:large, max-video-preview:-1\" \/>\n<link rel=\"canonical\" href=\"https:\/\/tabernaculoprensadedios.com\/web\/la-crisis-segun-albert-einstein\/\" class=\"yoast-seo-meta-tag\" \/>\n<meta property=\"og:locale\" content=\"es_ES\" class=\"yoast-seo-meta-tag\" \/>\n<meta property=\"og:type\" content=\"article\" class=\"yoast-seo-meta-tag\" \/>\n<meta property=\"og:title\" content=\"La Crisis seg\u00fan Albert Einstein\" class=\"yoast-seo-meta-tag\" \/>\n<meta property=\"og:description\" content=\"No pretendamos que las cosas cambien, si siempre hacemos lo mismo. La crisis, es la mejor bendici\u00f3n que puede sucederle a personas y pa\u00edses, porque la crisis trae progresos. La creatividad nace de la angustia como el d\u00eda nace de la noche oscura. Es en la crisis que nace la inventiva, los descubrimientos y las &hellip;\" class=\"yoast-seo-meta-tag\" \/>\n<meta property=\"og:url\" content=\"https:\/\/tabernaculoprensadedios.com\/web\/la-crisis-segun-albert-einstein\/\" class=\"yoast-seo-meta-tag\" \/>\n<meta property=\"og:site_name\" content=\"Tabernaculo Prensa de Dios\" class=\"yoast-seo-meta-tag\" \/>\n<meta property=\"article:published_time\" content=\"2021-07-14T18:45:19+00:00\" class=\"yoast-seo-meta-tag\" \/>\n<meta property=\"article:modified_time\" content=\"2021-07-14T23:09:00+00:00\" class=\"yoast-seo-meta-tag\" \/>\n<meta property=\"og:image\" content=\"https:\/\/tabernaculoprensadedios.com\/web\/wp-content\/uploads\/2021\/07\/crisi-segun.jpg\" class=\"yoast-seo-meta-tag\" \/>\n\t<meta property=\"og:image:width\" content=\"1280\" class=\"yoast-seo-meta-tag\" \/>\n\t<meta property=\"og:image:height\" content=\"805\" class=\"yoast-seo-meta-tag\" \/>\n\t<meta property=\"og:image:type\" content=\"image\/jpeg\" class=\"yoast-seo-meta-tag\" \/>\n<meta name=\"author\" content=\"tabernaculo\" class=\"yoast-seo-meta-tag\" \/>\n<meta name=\"twitter:card\" content=\"summary_large_image\" class=\"yoast-seo-meta-tag\" \/>\n<meta name=\"twitter:creator\" content=\"@PrensadeDios\" class=\"yoast-seo-meta-tag\" \/>\n<meta name=\"twitter:site\" content=\"@PrensadeDios\" class=\"yoast-seo-meta-tag\" \/>\n<meta name=\"twitter:label1\" content=\"Escrito por\" class=\"yoast-seo-meta-tag\" \/>\n\t<meta name=\"twitter:data1\" content=\"tabernaculo\" class=\"yoast-seo-meta-tag\" \/>\n\t<meta name=\"twitter:label2\" content=\"Tiempo de lectura\" class=\"yoast-seo-meta-tag\" \/>\n\t<meta name=\"twitter:data2\" content=\"1 minuto\" class=\"yoast-seo-meta-tag\" \/>\n<script type=\"application\/ld+json\" class=\"yoast-schema-graph\">{\"@context\":\"https:\/\/schema.org\",\"@graph\":[{\"@type\":\"Article\",\"@id\":\"https:\/\/tabernaculoprensadedios.com\/web\/la-crisis-segun-albert-einstein\/#article\",\"isPartOf\":{\"@id\":\"https:\/\/tabernaculoprensadedios.com\/web\/la-crisis-segun-albert-einstein\/\"},\"author\":{\"name\":\"tabernaculo\",\"@id\":\"https:\/\/tabernaculoprensadedios.com\/web\/#\/schema\/person\/bc0e069fef56b38e177db6f098ae0b6e\"},\"headline\":\"La Crisis seg\u00fan Albert Einstein\",\"datePublished\":\"2021-07-14T18:45:19+00:00\",\"dateModified\":\"2021-07-14T23:09:00+00:00\",\"mainEntityOfPage\":{\"@id\":\"https:\/\/tabernaculoprensadedios.com\/web\/la-crisis-segun-albert-einstein\/\"},\"wordCount\":222,\"commentCount\":0,\"publisher\":{\"@id\":\"https:\/\/tabernaculoprensadedios.com\/web\/#\/schema\/person\/bc0e069fef56b38e177db6f098ae0b6e\"},\"image\":{\"@id\":\"https:\/\/tabernaculoprensadedios.com\/web\/la-crisis-segun-albert-einstein\/#primaryimage\"},\"thumbnailUrl\":\"https:\/\/tabernaculoprensadedios.com\/web\/wp-content\/uploads\/2021\/07\/crisi-segun.jpg\",\"articleSection\":[\"Salud \u2013 Nutrici\u00f3n\"],\"inLanguage\":\"es\",\"potentialAction\":[{\"@type\":\"CommentAction\",\"name\":\"Comment\",\"target\":[\"https:\/\/tabernaculoprensadedios.com\/web\/la-crisis-segun-albert-einstein\/#respond\"]}]},{\"@type\":\"WebPage\",\"@id\":\"https:\/\/tabernaculoprensadedios.com\/web\/la-crisis-segun-albert-einstein\/\",\"url\":\"https:\/\/tabernaculoprensadedios.com\/web\/la-crisis-segun-albert-einstein\/\",\"name\":\"La Crisis seg\u00fan Albert Einstein - Tabernaculo Prensa de Dios\",\"isPartOf\":{\"@id\":\"https:\/\/tabernaculoprensadedios.com\/web\/#website\"},\"primaryImageOfPage\":{\"@id\":\"https:\/\/tabernaculoprensadedios.com\/web\/la-crisis-segun-albert-einstein\/#primaryimage\"},\"image\":{\"@id\":\"https:\/\/tabernaculoprensadedios.com\/web\/la-crisis-segun-albert-einstein\/#primaryimage\"},\"thumbnailUrl\":\"https:\/\/tabernaculoprensadedios.com\/web\/wp-content\/uploads\/2021\/07\/crisi-segun.jpg\",\"datePublished\":\"2021-07-14T18:45:19+00:00\",\"dateModified\":\"2021-07-14T23:09:00+00:00\",\"breadcrumb\":{\"@id\":\"https:\/\/tabernaculoprensadedios.com\/web\/la-crisis-segun-albert-einstein\/#breadcrumb\"},\"inLanguage\":\"es\",\"potentialAction\":[{\"@type\":\"ReadAction\",\"target\":[\"https:\/\/tabernaculoprensadedios.com\/web\/la-crisis-segun-albert-einstein\/\"]}]},{\"@type\":\"ImageObject\",\"inLanguage\":\"es\",\"@id\":\"https:\/\/tabernaculoprensadedios.com\/web\/la-crisis-segun-albert-einstein\/#primaryimage\",\"url\":\"https:\/\/tabernaculoprensadedios.com\/web\/wp-content\/uploads\/2021\/07\/crisi-segun.jpg\",\"contentUrl\":\"https:\/\/tabernaculoprensadedios.com\/web\/wp-content\/uploads\/2021\/07\/crisi-segun.jpg\",\"width\":1280,\"height\":805},{\"@type\":\"BreadcrumbList\",\"@id\":\"https:\/\/tabernaculoprensadedios.com\/web\/la-crisis-segun-albert-einstein\/#breadcrumb\",\"itemListElement\":[{\"@type\":\"ListItem\",\"position\":1,\"name\":\"Portada\",\"item\":\"https:\/\/tabernaculoprensadedios.com\/web\/\"},{\"@type\":\"ListItem\",\"position\":2,\"name\":\"La Crisis seg\u00fan Albert Einstein\"}]},{\"@type\":\"WebSite\",\"@id\":\"https:\/\/tabernaculoprensadedios.com\/web\/#website\",\"url\":\"https:\/\/tabernaculoprensadedios.com\/web\/\",\"name\":\"Tabernaculo Prensa de Dios\",\"description\":\"Un medio a la manera de Dios\",\"publisher\":{\"@id\":\"https:\/\/tabernaculoprensadedios.com\/web\/#\/schema\/person\/bc0e069fef56b38e177db6f098ae0b6e\"},\"potentialAction\":[{\"@type\":\"SearchAction\",\"target\":{\"@type\":\"EntryPoint\",\"urlTemplate\":\"https:\/\/tabernaculoprensadedios.com\/web\/?s={search_term_string}\"},\"query-input\":{\"@type\":\"PropertyValueSpecification\",\"valueRequired\":true,\"valueName\":\"search_term_string\"}}],\"inLanguage\":\"es\"},{\"@type\":[\"Person\",\"Organization\"],\"@id\":\"https:\/\/tabernaculoprensadedios.com\/web\/#\/schema\/person\/bc0e069fef56b38e177db6f098ae0b6e\",\"name\":\"tabernaculo\",\"image\":{\"@type\":\"ImageObject\",\"inLanguage\":\"es\",\"@id\":\"https:\/\/tabernaculoprensadedios.com\/web\/#\/schema\/person\/image\/\",\"url\":\"https:\/\/tabernaculoprensadedios.com\/web\/wp-content\/uploads\/2015\/06\/login-logo1.png\",\"contentUrl\":\"https:\/\/tabernaculoprensadedios.com\/web\/wp-content\/uploads\/2015\/06\/login-logo1.png\",\"width\":300,\"height\":118,\"caption\":\"tabernaculo\"},\"logo\":{\"@id\":\"https:\/\/tabernaculoprensadedios.com\/web\/#\/schema\/person\/image\/\"},\"url\":\"https:\/\/tabernaculoprensadedios.com\/web\/author\/tabernaculo\/\"}]}<\/script>\n<!-- \/ Yoast SEO Premium plugin. -->","yoast_head_json":{"title":"La Crisis seg\u00fan Albert Einstein - Tabernaculo Prensa de Dios","robots":{"index":"index","follow":"follow","max-snippet":"max-snippet:-1","max-image-preview":"max-image-preview:large","max-video-preview":"max-video-preview:-1"},"canonical":"https:\/\/tabernaculoprensadedios.com\/web\/la-crisis-segun-albert-einstein\/","og_locale":"es_ES","og_type":"article","og_title":"La Crisis seg\u00fan Albert Einstein","og_description":"No pretendamos que las cosas cambien, si siempre hacemos lo mismo. La crisis, es la mejor bendici\u00f3n que puede sucederle a personas y pa\u00edses, porque la crisis trae progresos. La creatividad nace de la angustia como el d\u00eda nace de la noche oscura. Es en la crisis que nace la inventiva, los descubrimientos y las &hellip;","og_url":"https:\/\/tabernaculoprensadedios.com\/web\/la-crisis-segun-albert-einstein\/","og_site_name":"Tabernaculo Prensa de Dios","article_published_time":"2021-07-14T18:45:19+00:00","article_modified_time":"2021-07-14T23:09:00+00:00","og_image":[{"width":1280,"height":805,"url":"https:\/\/tabernaculoprensadedios.com\/web\/wp-content\/uploads\/2021\/07\/crisi-segun.jpg","type":"image\/jpeg"}],"author":"tabernaculo","twitter_card":"summary_large_image","twitter_creator":"@PrensadeDios","twitter_site":"@PrensadeDios","twitter_misc":{"Escrito por":"tabernaculo","Tiempo de lectura":"1 minuto"},"schema":{"@context":"https:\/\/schema.org","@graph":[{"@type":"Article","@id":"https:\/\/tabernaculoprensadedios.com\/web\/la-crisis-segun-albert-einstein\/#article","isPartOf":{"@id":"https:\/\/tabernaculoprensadedios.com\/web\/la-crisis-segun-albert-einstein\/"},"author":{"name":"tabernaculo","@id":"https:\/\/tabernaculoprensadedios.com\/web\/#\/schema\/person\/bc0e069fef56b38e177db6f098ae0b6e"},"headline":"La Crisis seg\u00fan Albert Einstein","datePublished":"2021-07-14T18:45:19+00:00","dateModified":"2021-07-14T23:09:00+00:00","mainEntityOfPage":{"@id":"https:\/\/tabernaculoprensadedios.com\/web\/la-crisis-segun-albert-einstein\/"},"wordCount":222,"commentCount":0,"publisher":{"@id":"https:\/\/tabernaculoprensadedios.com\/web\/#\/schema\/person\/bc0e069fef56b38e177db6f098ae0b6e"},"image":{"@id":"https:\/\/tabernaculoprensadedios.com\/web\/la-crisis-segun-albert-einstein\/#primaryimage"},"thumbnailUrl":"https:\/\/tabernaculoprensadedios.com\/web\/wp-content\/uploads\/2021\/07\/crisi-segun.jpg","articleSection":["Salud \u2013 Nutrici\u00f3n"],"inLanguage":"es","potentialAction":[{"@type":"CommentAction","name":"Comment","target":["https:\/\/tabernaculoprensadedios.com\/web\/la-crisis-segun-albert-einstein\/#respond"]}]},{"@type":"WebPage","@id":"https:\/\/tabernaculoprensadedios.com\/web\/la-crisis-segun-albert-einstein\/","url":"https:\/\/tabernaculoprensadedios.com\/web\/la-crisis-segun-albert-einstein\/","name":"La Crisis seg\u00fan Albert Einstein - Tabernaculo Prensa de Dios","isPartOf":{"@id":"https:\/\/tabernaculoprensadedios.com\/web\/#website"},"primaryImageOfPage":{"@id":"https:\/\/tabernaculoprensadedios.com\/web\/la-crisis-segun-albert-einstein\/#primaryimage"},"image":{"@id":"https:\/\/tabernaculoprensadedios.com\/web\/la-crisis-segun-albert-einstein\/#primaryimage"},"thumbnailUrl":"https:\/\/tabernaculoprensadedios.com\/web\/wp-content\/uploads\/2021\/07\/crisi-segun.jpg","datePublished":"2021-07-14T18:45:19+00:00","dateModified":"2021-07-14T23:09:00+00:00","breadcrumb":{"@id":"https:\/\/tabernaculoprensadedios.com\/web\/la-crisis-segun-albert-einstein\/#breadcrumb"},"inLanguage":"es","potentialAction":[{"@type":"ReadAction","target":["https:\/\/tabernaculoprensadedios.com\/web\/la-crisis-segun-albert-einstein\/"]}]},{"@type":"ImageObject","inLanguage":"es","@id":"https:\/\/tabernaculoprensadedios.com\/web\/la-crisis-segun-albert-einstein\/#primaryimage","url":"https:\/\/tabernaculoprensadedios.com\/web\/wp-content\/uploads\/2021\/07\/crisi-segun.jpg","contentUrl":"https:\/\/tabernaculoprensadedios.com\/web\/wp-content\/uploads\/2021\/07\/crisi-segun.jpg","width":1280,"height":805},{"@type":"BreadcrumbList","@id":"https:\/\/tabernaculoprensadedios.com\/web\/la-crisis-segun-albert-einstein\/#breadcrumb","itemListElement":[{"@type":"ListItem","position":1,"name":"Portada","item":"https:\/\/tabernaculoprensadedios.com\/web\/"},{"@type":"ListItem","position":2,"name":"La Crisis seg\u00fan Albert Einstein"}]},{"@type":"WebSite","@id":"https:\/\/tabernaculoprensadedios.com\/web\/#website","url":"https:\/\/tabernaculoprensadedios.com\/web\/","name":"Tabernaculo Prensa de Dios","description":"Un medio a la manera de Dios","publisher":{"@id":"https:\/\/tabernaculoprensadedios.com\/web\/#\/schema\/person\/bc0e069fef56b38e177db6f098ae0b6e"},"potentialAction":[{"@type":"SearchAction","target":{"@type":"EntryPoint","urlTemplate":"https:\/\/tabernaculoprensadedios.com\/web\/?s={search_term_string}"},"query-input":{"@type":"PropertyValueSpecification","valueRequired":true,"valueName":"search_term_string"}}],"inLanguage":"es"},{"@type":["Person","Organization"],"@id":"https:\/\/tabernaculoprensadedios.com\/web\/#\/schema\/person\/bc0e069fef56b38e177db6f098ae0b6e","name":"tabernaculo","image":{"@type":"ImageObject","inLanguage":"es","@id":"https:\/\/tabernaculoprensadedios.com\/web\/#\/schema\/person\/image\/","url":"https:\/\/tabernaculoprensadedios.com\/web\/wp-content\/uploads\/2015\/06\/login-logo1.png","contentUrl":"https:\/\/tabernaculoprensadedios.com\/web\/wp-content\/uploads\/2015\/06\/login-logo1.png","width":300,"height":118,"caption":"tabernaculo"},"logo":{"@id":"https:\/\/tabernaculoprensadedios.com\/web\/#\/schema\/person\/image\/"},"url":"https:\/\/tabernaculoprensadedios.com\/web\/author\/tabernaculo\/"}]}},"_links":{"self":[{"href":"https:\/\/tabernaculoprensadedios.com\/web\/wp-json\/wp\/v2\/posts\/22417","targetHints":{"allow":["GET"]}}],"collection":[{"href":"https:\/\/tabernaculoprensadedios.com\/web\/wp-json\/wp\/v2\/posts"}],"about":[{"href":"https:\/\/tabernaculoprensadedios.com\/web\/wp-json\/wp\/v2\/types\/post"}],"author":[{"embeddable":true,"href":"https:\/\/tabernaculoprensadedios.com\/web\/wp-json\/wp\/v2\/users\/1"}],"replies":[{"embeddable":true,"href":"https:\/\/tabernaculoprensadedios.com\/web\/wp-json\/wp\/v2\/comments?post=22417"}],"version-history":[{"count":1,"href":"https:\/\/tabernaculoprensadedios.com\/web\/wp-json\/wp\/v2\/posts\/22417\/revisions"}],"predecessor-version":[{"id":22419,"href":"https:\/\/tabernaculoprensadedios.com\/web\/wp-json\/wp\/v2\/posts\/22417\/revisions\/22419"}],"wp:featuredmedia":[{"embeddable":true,"href":"https:\/\/tabernaculoprensadedios.com\/web\/wp-json\/wp\/v2\/media\/22418"}],"wp:attachment":[{"href":"https:\/\/tabernaculoprensadedios.com\/web\/wp-json\/wp\/v2\/media?parent=22417"}],"wp:term":[{"taxonomy":"category","embeddable":true,"href":"https:\/\/tabernaculoprensadedios.com\/web\/wp-json\/wp\/v2\/categories?post=22417"},{"taxonomy":"post_tag","embeddable":true,"href":"https:\/\/tabernaculoprensadedios.com\/web\/wp-json\/wp\/v2\/tags?post=22417"}],"curies":[{"name":"wp","href":"https:\/\/api.w.org\/{rel}","templated":true}]}}