{"id":22065,"date":"2021-06-11T14:35:47","date_gmt":"2021-06-11T14:35:47","guid":{"rendered":"http:\/\/tabernaculoprensadedios.com\/web\/?p=22065"},"modified":"2021-06-11T14:35:47","modified_gmt":"2021-06-11T14:35:47","slug":"obispo-evangelico-llama-a-la-poblacion-a-vacunarse-sin-temor","status":"publish","type":"post","link":"https:\/\/tabernaculoprensadedios.com\/web\/obispo-evangelico-llama-a-la-poblacion-a-vacunarse-sin-temor\/","title":{"rendered":"Obispo evang\u00e9lico llama a la poblaci\u00f3n a vacunarse sin temor"},"content":{"rendered":"<p><strong><span style=\"color: #333399;\"><em>Pone a disposici\u00f3n del Ministerio de Salud, los templos a nivel nacional, para convertirlos en centros de vacunaci\u00f3n.<\/em><\/span><\/strong><\/p>\n<p>El Rev. Reynaldo Franco Aquino, Obispo del Concilio de Iglesias Pentecostales de Jesucristo ( IPJ), dijo que la organizaci\u00f3n \u00a0que dirige est\u00e1 comprometida \u00a0social y espiritualmente con la salud del pueblo dominicano , por lo que llama a todos en el pa\u00eds a vacunarse.<\/p>\n<p>\u00abAdem\u00e1s, ponemos a disposici\u00f3n la plataforma de nuestros templos a nivel nacional al servicio del Ministerio de Salud P\u00fablica\u00bb, sostuvo Franco Aquino.<\/p>\n<p>El l\u00edder religioso reafirm\u00f3 su compromiso cristiano de luchar para mitigar la pandemia del Covid-19, por lo que invit\u00f3 a \u00a0desestimar \u00a0mitos y teor\u00edas mal infundado y a proceder a inocularse para disminuir, en un \u00a0alto porcentaje, la posibilidad de contagiarse. Indic\u00f3 que vacunarse que es imperativo moral, desde el punto de vista \u00e9tico: \u00abno solo todo el mundo debe vacunarse, sino tambi\u00e9n rechazar \u00a0el negativismo suicida de quienes se oponen a la vacunaci\u00f3n para frenar el avance de la pandemia\u00bb.<\/p>\n<p>Llam\u00f3 al rechazo masivo de falsos mitos, tales como la pretensi\u00f3n de reducir la poblaci\u00f3n, \u00a0las causas y efectos sobre el ADN y el cambio de orientaci\u00f3n sexual, as\u00ed como el pretexto de que las vacunas traen consigo un chip para controlar la poblaci\u00f3n. Invit\u00f3 a todos los dominicanos a acudir urgente y masivamente sin temor, \u00a0confiando en Dios y en \u00a0la ciencia, \u00a0de manera entusiasta y voluntaria a los centros de vacunaci\u00f3n. \u00abDios es el due\u00f1o de la vida y de la muerte y en estos momentos se impone la inteligencia y la sabidur\u00eda, como dice el libro de Proverbios, cap\u00edtulo 2:10-1: \u00abCuando la sabidur\u00eda entrare en tu coraz\u00f3n y la ciencia fuere grata a tu alma, la discreci\u00f3n te guardar\u00e1\u00bb.<\/p>\n<p>Resalta, adem\u00e1s, que las personas tienen la libertad de decidir, sin embargo, ya esto es un asunto de Seguridad Nacional.<\/p>\n<p>\u00abPor amor a la familia y como ciudadanos solidarios, debemos ayudar a sofocar la pandemia; protegi\u00e9ndonos a nosotros mismos y a los dem\u00e1s, mediante la inmunizaci\u00f3n.<\/p>\n","protected":false},"excerpt":{"rendered":"<p>Pone a disposici\u00f3n del Ministerio de Salud, los templos a nivel nacional, para convertirlos en centros de vacunaci\u00f3n. El Rev. Reynaldo Franco Aquino, Obispo del Concilio de Iglesias Pentecostales de Jesucristo ( IPJ), dijo que la organizaci\u00f3n \u00a0que dirige est\u00e1 comprometida \u00a0social y espiritualmente con la salud del pueblo dominicano , por lo que llama &hellip;<\/p>\n","protected":false},"author":1,"featured_media":21399,"comment_status":"open","ping_status":"open","sticky":false,"template":"","format":"standard","meta":{"footnotes":""},"categories":[39],"tags":[],"class_list":["post-22065","post","type-post","status-publish","format-standard","has-post-thumbnail","hentry","category-almomento"],"yoast_head":"<!-- This site is optimized with the Yoast SEO Premium plugin v24.2 (Yoast SEO v27.1.1) - https:\/\/yoast.com\/product\/yoast-seo-premium-wordpress\/ -->\n<title>Obispo evang\u00e9lico llama a la poblaci\u00f3n a vacunarse sin temor - Tabernaculo Prensa de Dios<\/title>\n<meta name=\"robots\" content=\"index, follow, max-snippet:-1, max-image-preview:large, max-video-preview:-1\" \/>\n<link rel=\"canonical\" href=\"https:\/\/tabernaculoprensadedios.com\/web\/obispo-evangelico-llama-a-la-poblacion-a-vacunarse-sin-temor\/\" class=\"yoast-seo-meta-tag\" \/>\n<meta property=\"og:locale\" content=\"es_ES\" class=\"yoast-seo-meta-tag\" \/>\n<meta property=\"og:type\" content=\"article\" class=\"yoast-seo-meta-tag\" \/>\n<meta property=\"og:title\" content=\"Obispo evang\u00e9lico llama a la poblaci\u00f3n a vacunarse sin temor\" class=\"yoast-seo-meta-tag\" \/>\n<meta property=\"og:description\" content=\"Pone a disposici\u00f3n del Ministerio de Salud, los templos a nivel nacional, para convertirlos en centros de vacunaci\u00f3n. El Rev. Reynaldo Franco Aquino, Obispo del Concilio de Iglesias Pentecostales de Jesucristo ( IPJ), dijo que la organizaci\u00f3n \u00a0que dirige est\u00e1 comprometida \u00a0social y espiritualmente con la salud del pueblo dominicano , por lo que llama &hellip;\" class=\"yoast-seo-meta-tag\" \/>\n<meta property=\"og:url\" content=\"https:\/\/tabernaculoprensadedios.com\/web\/obispo-evangelico-llama-a-la-poblacion-a-vacunarse-sin-temor\/\" class=\"yoast-seo-meta-tag\" \/>\n<meta property=\"og:site_name\" content=\"Tabernaculo Prensa de Dios\" class=\"yoast-seo-meta-tag\" \/>\n<meta property=\"article:published_time\" content=\"2021-06-11T14:35:47+00:00\" class=\"yoast-seo-meta-tag\" \/>\n<meta property=\"og:image\" content=\"https:\/\/tabernaculoprensadedios.com\/web\/wp-content\/uploads\/2021\/03\/aquino.jpg\" class=\"yoast-seo-meta-tag\" \/>\n\t<meta property=\"og:image:width\" content=\"1000\" class=\"yoast-seo-meta-tag\" \/>\n\t<meta property=\"og:image:height\" content=\"512\" class=\"yoast-seo-meta-tag\" \/>\n\t<meta property=\"og:image:type\" content=\"image\/jpeg\" class=\"yoast-seo-meta-tag\" \/>\n<meta name=\"author\" content=\"tabernaculo\" class=\"yoast-seo-meta-tag\" \/>\n<meta name=\"twitter:card\" content=\"summary_large_image\" class=\"yoast-seo-meta-tag\" \/>\n<meta name=\"twitter:creator\" content=\"@PrensadeDios\" class=\"yoast-seo-meta-tag\" \/>\n<meta name=\"twitter:site\" content=\"@PrensadeDios\" class=\"yoast-seo-meta-tag\" \/>\n<meta name=\"twitter:label1\" content=\"Escrito por\" class=\"yoast-seo-meta-tag\" \/>\n\t<meta name=\"twitter:data1\" content=\"tabernaculo\" class=\"yoast-seo-meta-tag\" \/>\n\t<meta name=\"twitter:label2\" content=\"Tiempo de lectura\" class=\"yoast-seo-meta-tag\" \/>\n\t<meta name=\"twitter:data2\" content=\"2 minutos\" class=\"yoast-seo-meta-tag\" \/>\n<script type=\"application\/ld+json\" class=\"yoast-schema-graph\">{\"@context\":\"https:\/\/schema.org\",\"@graph\":[{\"@type\":\"Article\",\"@id\":\"https:\/\/tabernaculoprensadedios.com\/web\/obispo-evangelico-llama-a-la-poblacion-a-vacunarse-sin-temor\/#article\",\"isPartOf\":{\"@id\":\"https:\/\/tabernaculoprensadedios.com\/web\/obispo-evangelico-llama-a-la-poblacion-a-vacunarse-sin-temor\/\"},\"author\":{\"name\":\"tabernaculo\",\"@id\":\"https:\/\/tabernaculoprensadedios.com\/web\/#\/schema\/person\/bc0e069fef56b38e177db6f098ae0b6e\"},\"headline\":\"Obispo evang\u00e9lico llama a la poblaci\u00f3n a vacunarse sin temor\",\"datePublished\":\"2021-06-11T14:35:47+00:00\",\"mainEntityOfPage\":{\"@id\":\"https:\/\/tabernaculoprensadedios.com\/web\/obispo-evangelico-llama-a-la-poblacion-a-vacunarse-sin-temor\/\"},\"wordCount\":369,\"commentCount\":0,\"publisher\":{\"@id\":\"https:\/\/tabernaculoprensadedios.com\/web\/#\/schema\/person\/bc0e069fef56b38e177db6f098ae0b6e\"},\"image\":{\"@id\":\"https:\/\/tabernaculoprensadedios.com\/web\/obispo-evangelico-llama-a-la-poblacion-a-vacunarse-sin-temor\/#primaryimage\"},\"thumbnailUrl\":\"https:\/\/tabernaculoprensadedios.com\/web\/wp-content\/uploads\/2021\/03\/aquino.jpg\",\"articleSection\":[\"almomento\"],\"inLanguage\":\"es\",\"potentialAction\":[{\"@type\":\"CommentAction\",\"name\":\"Comment\",\"target\":[\"https:\/\/tabernaculoprensadedios.com\/web\/obispo-evangelico-llama-a-la-poblacion-a-vacunarse-sin-temor\/#respond\"]}]},{\"@type\":\"WebPage\",\"@id\":\"https:\/\/tabernaculoprensadedios.com\/web\/obispo-evangelico-llama-a-la-poblacion-a-vacunarse-sin-temor\/\",\"url\":\"https:\/\/tabernaculoprensadedios.com\/web\/obispo-evangelico-llama-a-la-poblacion-a-vacunarse-sin-temor\/\",\"name\":\"Obispo evang\u00e9lico llama a la poblaci\u00f3n a vacunarse sin temor - Tabernaculo Prensa de Dios\",\"isPartOf\":{\"@id\":\"https:\/\/tabernaculoprensadedios.com\/web\/#website\"},\"primaryImageOfPage\":{\"@id\":\"https:\/\/tabernaculoprensadedios.com\/web\/obispo-evangelico-llama-a-la-poblacion-a-vacunarse-sin-temor\/#primaryimage\"},\"image\":{\"@id\":\"https:\/\/tabernaculoprensadedios.com\/web\/obispo-evangelico-llama-a-la-poblacion-a-vacunarse-sin-temor\/#primaryimage\"},\"thumbnailUrl\":\"https:\/\/tabernaculoprensadedios.com\/web\/wp-content\/uploads\/2021\/03\/aquino.jpg\",\"datePublished\":\"2021-06-11T14:35:47+00:00\",\"breadcrumb\":{\"@id\":\"https:\/\/tabernaculoprensadedios.com\/web\/obispo-evangelico-llama-a-la-poblacion-a-vacunarse-sin-temor\/#breadcrumb\"},\"inLanguage\":\"es\",\"potentialAction\":[{\"@type\":\"ReadAction\",\"target\":[\"https:\/\/tabernaculoprensadedios.com\/web\/obispo-evangelico-llama-a-la-poblacion-a-vacunarse-sin-temor\/\"]}]},{\"@type\":\"ImageObject\",\"inLanguage\":\"es\",\"@id\":\"https:\/\/tabernaculoprensadedios.com\/web\/obispo-evangelico-llama-a-la-poblacion-a-vacunarse-sin-temor\/#primaryimage\",\"url\":\"https:\/\/tabernaculoprensadedios.com\/web\/wp-content\/uploads\/2021\/03\/aquino.jpg\",\"contentUrl\":\"https:\/\/tabernaculoprensadedios.com\/web\/wp-content\/uploads\/2021\/03\/aquino.jpg\",\"width\":1000,\"height\":512,\"caption\":\"El Obispo y Pastor Reynaldo Franco Aquino\"},{\"@type\":\"BreadcrumbList\",\"@id\":\"https:\/\/tabernaculoprensadedios.com\/web\/obispo-evangelico-llama-a-la-poblacion-a-vacunarse-sin-temor\/#breadcrumb\",\"itemListElement\":[{\"@type\":\"ListItem\",\"position\":1,\"name\":\"Portada\",\"item\":\"https:\/\/tabernaculoprensadedios.com\/web\/\"},{\"@type\":\"ListItem\",\"position\":2,\"name\":\"Obispo evang\u00e9lico llama a la poblaci\u00f3n a vacunarse sin temor\"}]},{\"@type\":\"WebSite\",\"@id\":\"https:\/\/tabernaculoprensadedios.com\/web\/#website\",\"url\":\"https:\/\/tabernaculoprensadedios.com\/web\/\",\"name\":\"Tabernaculo Prensa de Dios\",\"description\":\"Un medio a la manera de Dios\",\"publisher\":{\"@id\":\"https:\/\/tabernaculoprensadedios.com\/web\/#\/schema\/person\/bc0e069fef56b38e177db6f098ae0b6e\"},\"potentialAction\":[{\"@type\":\"SearchAction\",\"target\":{\"@type\":\"EntryPoint\",\"urlTemplate\":\"https:\/\/tabernaculoprensadedios.com\/web\/?s={search_term_string}\"},\"query-input\":{\"@type\":\"PropertyValueSpecification\",\"valueRequired\":true,\"valueName\":\"search_term_string\"}}],\"inLanguage\":\"es\"},{\"@type\":[\"Person\",\"Organization\"],\"@id\":\"https:\/\/tabernaculoprensadedios.com\/web\/#\/schema\/person\/bc0e069fef56b38e177db6f098ae0b6e\",\"name\":\"tabernaculo\",\"image\":{\"@type\":\"ImageObject\",\"inLanguage\":\"es\",\"@id\":\"https:\/\/tabernaculoprensadedios.com\/web\/#\/schema\/person\/image\/\",\"url\":\"https:\/\/tabernaculoprensadedios.com\/web\/wp-content\/uploads\/2015\/06\/login-logo1.png\",\"contentUrl\":\"https:\/\/tabernaculoprensadedios.com\/web\/wp-content\/uploads\/2015\/06\/login-logo1.png\",\"width\":300,\"height\":118,\"caption\":\"tabernaculo\"},\"logo\":{\"@id\":\"https:\/\/tabernaculoprensadedios.com\/web\/#\/schema\/person\/image\/\"},\"url\":\"https:\/\/tabernaculoprensadedios.com\/web\/author\/tabernaculo\/\"}]}<\/script>\n<!-- \/ Yoast SEO Premium plugin. -->","yoast_head_json":{"title":"Obispo evang\u00e9lico llama a la poblaci\u00f3n a vacunarse sin temor - Tabernaculo Prensa de Dios","robots":{"index":"index","follow":"follow","max-snippet":"max-snippet:-1","max-image-preview":"max-image-preview:large","max-video-preview":"max-video-preview:-1"},"canonical":"https:\/\/tabernaculoprensadedios.com\/web\/obispo-evangelico-llama-a-la-poblacion-a-vacunarse-sin-temor\/","og_locale":"es_ES","og_type":"article","og_title":"Obispo evang\u00e9lico llama a la poblaci\u00f3n a vacunarse sin temor","og_description":"Pone a disposici\u00f3n del Ministerio de Salud, los templos a nivel nacional, para convertirlos en centros de vacunaci\u00f3n. El Rev. Reynaldo Franco Aquino, Obispo del Concilio de Iglesias Pentecostales de Jesucristo ( IPJ), dijo que la organizaci\u00f3n \u00a0que dirige est\u00e1 comprometida \u00a0social y espiritualmente con la salud del pueblo dominicano , por lo que llama &hellip;","og_url":"https:\/\/tabernaculoprensadedios.com\/web\/obispo-evangelico-llama-a-la-poblacion-a-vacunarse-sin-temor\/","og_site_name":"Tabernaculo Prensa de Dios","article_published_time":"2021-06-11T14:35:47+00:00","og_image":[{"width":1000,"height":512,"url":"https:\/\/tabernaculoprensadedios.com\/web\/wp-content\/uploads\/2021\/03\/aquino.jpg","type":"image\/jpeg"}],"author":"tabernaculo","twitter_card":"summary_large_image","twitter_creator":"@PrensadeDios","twitter_site":"@PrensadeDios","twitter_misc":{"Escrito por":"tabernaculo","Tiempo de lectura":"2 minutos"},"schema":{"@context":"https:\/\/schema.org","@graph":[{"@type":"Article","@id":"https:\/\/tabernaculoprensadedios.com\/web\/obispo-evangelico-llama-a-la-poblacion-a-vacunarse-sin-temor\/#article","isPartOf":{"@id":"https:\/\/tabernaculoprensadedios.com\/web\/obispo-evangelico-llama-a-la-poblacion-a-vacunarse-sin-temor\/"},"author":{"name":"tabernaculo","@id":"https:\/\/tabernaculoprensadedios.com\/web\/#\/schema\/person\/bc0e069fef56b38e177db6f098ae0b6e"},"headline":"Obispo evang\u00e9lico llama a la poblaci\u00f3n a vacunarse sin temor","datePublished":"2021-06-11T14:35:47+00:00","mainEntityOfPage":{"@id":"https:\/\/tabernaculoprensadedios.com\/web\/obispo-evangelico-llama-a-la-poblacion-a-vacunarse-sin-temor\/"},"wordCount":369,"commentCount":0,"publisher":{"@id":"https:\/\/tabernaculoprensadedios.com\/web\/#\/schema\/person\/bc0e069fef56b38e177db6f098ae0b6e"},"image":{"@id":"https:\/\/tabernaculoprensadedios.com\/web\/obispo-evangelico-llama-a-la-poblacion-a-vacunarse-sin-temor\/#primaryimage"},"thumbnailUrl":"https:\/\/tabernaculoprensadedios.com\/web\/wp-content\/uploads\/2021\/03\/aquino.jpg","articleSection":["almomento"],"inLanguage":"es","potentialAction":[{"@type":"CommentAction","name":"Comment","target":["https:\/\/tabernaculoprensadedios.com\/web\/obispo-evangelico-llama-a-la-poblacion-a-vacunarse-sin-temor\/#respond"]}]},{"@type":"WebPage","@id":"https:\/\/tabernaculoprensadedios.com\/web\/obispo-evangelico-llama-a-la-poblacion-a-vacunarse-sin-temor\/","url":"https:\/\/tabernaculoprensadedios.com\/web\/obispo-evangelico-llama-a-la-poblacion-a-vacunarse-sin-temor\/","name":"Obispo evang\u00e9lico llama a la poblaci\u00f3n a vacunarse sin temor - Tabernaculo Prensa de Dios","isPartOf":{"@id":"https:\/\/tabernaculoprensadedios.com\/web\/#website"},"primaryImageOfPage":{"@id":"https:\/\/tabernaculoprensadedios.com\/web\/obispo-evangelico-llama-a-la-poblacion-a-vacunarse-sin-temor\/#primaryimage"},"image":{"@id":"https:\/\/tabernaculoprensadedios.com\/web\/obispo-evangelico-llama-a-la-poblacion-a-vacunarse-sin-temor\/#primaryimage"},"thumbnailUrl":"https:\/\/tabernaculoprensadedios.com\/web\/wp-content\/uploads\/2021\/03\/aquino.jpg","datePublished":"2021-06-11T14:35:47+00:00","breadcrumb":{"@id":"https:\/\/tabernaculoprensadedios.com\/web\/obispo-evangelico-llama-a-la-poblacion-a-vacunarse-sin-temor\/#breadcrumb"},"inLanguage":"es","potentialAction":[{"@type":"ReadAction","target":["https:\/\/tabernaculoprensadedios.com\/web\/obispo-evangelico-llama-a-la-poblacion-a-vacunarse-sin-temor\/"]}]},{"@type":"ImageObject","inLanguage":"es","@id":"https:\/\/tabernaculoprensadedios.com\/web\/obispo-evangelico-llama-a-la-poblacion-a-vacunarse-sin-temor\/#primaryimage","url":"https:\/\/tabernaculoprensadedios.com\/web\/wp-content\/uploads\/2021\/03\/aquino.jpg","contentUrl":"https:\/\/tabernaculoprensadedios.com\/web\/wp-content\/uploads\/2021\/03\/aquino.jpg","width":1000,"height":512,"caption":"El Obispo y Pastor Reynaldo Franco Aquino"},{"@type":"BreadcrumbList","@id":"https:\/\/tabernaculoprensadedios.com\/web\/obispo-evangelico-llama-a-la-poblacion-a-vacunarse-sin-temor\/#breadcrumb","itemListElement":[{"@type":"ListItem","position":1,"name":"Portada","item":"https:\/\/tabernaculoprensadedios.com\/web\/"},{"@type":"ListItem","position":2,"name":"Obispo evang\u00e9lico llama a la poblaci\u00f3n a vacunarse sin temor"}]},{"@type":"WebSite","@id":"https:\/\/tabernaculoprensadedios.com\/web\/#website","url":"https:\/\/tabernaculoprensadedios.com\/web\/","name":"Tabernaculo Prensa de Dios","description":"Un medio a la manera de Dios","publisher":{"@id":"https:\/\/tabernaculoprensadedios.com\/web\/#\/schema\/person\/bc0e069fef56b38e177db6f098ae0b6e"},"potentialAction":[{"@type":"SearchAction","target":{"@type":"EntryPoint","urlTemplate":"https:\/\/tabernaculoprensadedios.com\/web\/?s={search_term_string}"},"query-input":{"@type":"PropertyValueSpecification","valueRequired":true,"valueName":"search_term_string"}}],"inLanguage":"es"},{"@type":["Person","Organization"],"@id":"https:\/\/tabernaculoprensadedios.com\/web\/#\/schema\/person\/bc0e069fef56b38e177db6f098ae0b6e","name":"tabernaculo","image":{"@type":"ImageObject","inLanguage":"es","@id":"https:\/\/tabernaculoprensadedios.com\/web\/#\/schema\/person\/image\/","url":"https:\/\/tabernaculoprensadedios.com\/web\/wp-content\/uploads\/2015\/06\/login-logo1.png","contentUrl":"https:\/\/tabernaculoprensadedios.com\/web\/wp-content\/uploads\/2015\/06\/login-logo1.png","width":300,"height":118,"caption":"tabernaculo"},"logo":{"@id":"https:\/\/tabernaculoprensadedios.com\/web\/#\/schema\/person\/image\/"},"url":"https:\/\/tabernaculoprensadedios.com\/web\/author\/tabernaculo\/"}]}},"_links":{"self":[{"href":"https:\/\/tabernaculoprensadedios.com\/web\/wp-json\/wp\/v2\/posts\/22065","targetHints":{"allow":["GET"]}}],"collection":[{"href":"https:\/\/tabernaculoprensadedios.com\/web\/wp-json\/wp\/v2\/posts"}],"about":[{"href":"https:\/\/tabernaculoprensadedios.com\/web\/wp-json\/wp\/v2\/types\/post"}],"author":[{"embeddable":true,"href":"https:\/\/tabernaculoprensadedios.com\/web\/wp-json\/wp\/v2\/users\/1"}],"replies":[{"embeddable":true,"href":"https:\/\/tabernaculoprensadedios.com\/web\/wp-json\/wp\/v2\/comments?post=22065"}],"version-history":[{"count":1,"href":"https:\/\/tabernaculoprensadedios.com\/web\/wp-json\/wp\/v2\/posts\/22065\/revisions"}],"predecessor-version":[{"id":22066,"href":"https:\/\/tabernaculoprensadedios.com\/web\/wp-json\/wp\/v2\/posts\/22065\/revisions\/22066"}],"wp:featuredmedia":[{"embeddable":true,"href":"https:\/\/tabernaculoprensadedios.com\/web\/wp-json\/wp\/v2\/media\/21399"}],"wp:attachment":[{"href":"https:\/\/tabernaculoprensadedios.com\/web\/wp-json\/wp\/v2\/media?parent=22065"}],"wp:term":[{"taxonomy":"category","embeddable":true,"href":"https:\/\/tabernaculoprensadedios.com\/web\/wp-json\/wp\/v2\/categories?post=22065"},{"taxonomy":"post_tag","embeddable":true,"href":"https:\/\/tabernaculoprensadedios.com\/web\/wp-json\/wp\/v2\/tags?post=22065"}],"curies":[{"name":"wp","href":"https:\/\/api.w.org\/{rel}","templated":true}]}}