{"id":22062,"date":"2021-06-11T14:32:42","date_gmt":"2021-06-11T14:32:42","guid":{"rendered":"http:\/\/tabernaculoprensadedios.com\/web\/?p=22062"},"modified":"2021-06-11T14:32:42","modified_gmt":"2021-06-11T14:32:42","slug":"lideres-evangelicos-reafirman-compromiso-en-su-lucha-contra-el-covid-19-llaman-a-la-poblacion-a-vacunarse","status":"publish","type":"post","link":"https:\/\/tabernaculoprensadedios.com\/web\/lideres-evangelicos-reafirman-compromiso-en-su-lucha-contra-el-covid-19-llaman-a-la-poblacion-a-vacunarse\/","title":{"rendered":"L\u00edderes evang\u00e9licos reafirman compromiso en su lucha contra el covid-19, llaman a la poblaci\u00f3n a vacunarse"},"content":{"rendered":"<p><span lang=\"ES\">Los\u00a0<\/span><span lang=\"ES\">l\u00edderes de las principales entidades representativas de la comunidad evang\u00e9lica del pa\u00eds reafirmaron el compromiso cristiano de luchar para mitigar la pandemia del Covid-19, al tiempo que llamaron a la poblaci\u00f3n a\u00a0\u00a0desestimar\u00a0\u00a0mitos y teor\u00edas infundadas y a proceder a inocularse con\u00a0\u00a0las vacunas disponibles\u00a0\u00a0para disminuir en un\u00a0\u00a0alto porcentaje la posibilidad de contagiarse y as\u00ed minimizar\u00a0\u00a0\u00a0\u00a0los da\u00f1os que pudiera causarles\u00a0\u00a0el virus en caso de contraerlo.<\/span><\/p>\n<p><span lang=\"ES\">El licenciado Juan Carlos Ram\u00edrez, director de World Vision en Rep\u00falica Dominicana, dio apertura al encuentro y destac\u00f3 la importancia\u00a0\u00a0de\u00a0\u00a0presentar la opini\u00f3n de los lideres de las principales organizaciones evang\u00e9licas del pa\u00eds en un momento en que se necesita la unidad de criterio para enfrentar de manera exitosa los estragos que est\u00e1 causando esta pandemia.\u00a0\u00a0\u00a0<\/span><\/p>\n<p><span lang=\"ES\">En su oportunidad el\u00a0\u00a0doctor Jos\u00e9 Dunker dijo\u00a0\u00a0que las estad\u00edsticas que dan cuenta de los avances logrado con el proceso de vacunaci\u00f3n en pa\u00edses como Estados Unidos, Israel y el Reino Unido, entre otros,\u00a0\u00a0son una muestra mas que suficiente\u00a0\u00a0para derrumbar los mitos que han tratado de detener los esfuerzo para combatir la pandemia a trav\u00e9s de la vacunaci\u00f3n.<\/span><\/p>\n<p><span lang=\"ES\">\u00a0\u00a0\u201cEstamos luchando contra varios mitos, entre ellos la idea falsa de reducir la poblaci\u00f3n,\u00a0\u00a0las causas y efectos sobre el ADN y el cambio de orientaci\u00f3n sexual, as\u00ed como el pretexto de que las vacunas traen consigo un chip para controlar la poblaci\u00f3n\u201d. El doctor Dunker dijo que esas son teor\u00edas falsas e insostenibles que no deben interferir los avances que se est\u00e1n logrando.<\/span><\/p>\n<p><span lang=\"ES\">Mientras que el presidente de CODUE,\u00a0\u00a0reverendo Feliciano Lacen, hizo un llamado a la comunidad cristiana para que,\u00a0\u00a0confiando en Dios y en\u00a0\u00a0la ciencia,\u00a0\u00a0acuda\u00a0\u00a0a vacunarse de manera entusiasta y voluntaria.\u00a0\u00a0Explic\u00f3 que los creyentes deben vacunarse por el bienestar de la naci\u00f3n y de las familias dominicanas, \u201ctestificando con el evangelio de nuestro Se\u00f1or Jesucristo por medio de buenas obras\u201d.<\/span><\/p>\n<p><span lang=\"ES\">De igual manera, el obispo N\u00e9rsido Borg Cede\u00f1o, presidente de la Mesa del Di\u00e1logo y superintendente del Concilio Evang\u00e9lico de las Asambleas de Dios dijo que\u00a0\u00a0su organizaci\u00f3n en todas las regiones del pa\u00eds ha estado a disposici\u00f3n de las autoridades del Ministerio de Salud para colaborar\u00a0\u00a0en la lucha contra el Covid-19.<\/span><\/p>\n<p><span lang=\"ES\">En cuanto la vacunaci\u00f3n dijo que hay muchos inventos y mitos: \u201cSi usted no se quiere vacunar,\u00a0\u00a0no se fundamente en mitos, ni en teor\u00edas que se inventan por ah\u00ed\u201d.\u00a0\u00a0Agreg\u00f3 que, \u201c quien no se quiera vacunar, que no se vacune, pero no entorpezca a otros para que lo hagan\u201d..<\/span><\/p>\n<p><span lang=\"ES\">\u00a0En su participaci\u00f3n el licenciado Lorenzo Mota King, director del Servicio Social de Iglesias Dominicanas, llam\u00f3 a detener la campa\u00f1a de desinformaci\u00f3n que est\u00e1 tratando de distorsionar la realidad. Sostuvo que\u00a0\u00a0\u00a0\u00a0la ciencia tiene facultad de dar respuesta a la sociedad por medio de las vacunas y llam\u00f3 a la poblaci\u00f3n a vacunarse por encima de las teor\u00edas sin fundamentos que algunos est\u00e1n esparciendo con el prop\u00f3sito de meter miedo.\u00a0\u00a0<\/span><\/p>\n<p><span lang=\"ES\">El Jos\u00e9 Duarte, presidente d de CONEDO, explic\u00f3 que tenemos un cuerpo corruptible y debemos conservarlo en buen estado, \u201cy si queremos volver a la normalidad y abrazar a los hermanos, hay que asumir el\u00a0\u00a0compromiso responsable de vacunarnos\u201d.<\/span><\/p>\n<p><span lang=\"ES\">En su participaci\u00f3n el obispo Nacional de la Iglesia de Dios, Mauro Vargas, explic\u00f3 en base al texto de Jerem\u00edas 33: 6,\u00a0\u00a0que la\u00a0\u00a0responsabilidad de\u00a0\u00a0los creyentes es\u00a0\u00a0mantener el orden y la armon\u00eda de Dios en la creaci\u00f3n. \u201cLos creyentes estamos\u00a0\u00a0llamados a despojarnos\u00a0\u00a0de todo perjuicio, y no ser agentes de noticias falsas y\u00a0\u00a0miedos, sino voceros para\u00a0\u00a0promover el\u00a0\u00a0mensaje de paz y esperanza\u201d.<\/span><\/p>\n<p><span lang=\"ES\">El reverendo Adolfo Mateo, presidente del Consejo Nacional de Confraternidades de Pastores Evang\u00e9licas, (CONACOPE)\u00a0\u00a0no pudo participar en el panel; sin embargo,\u00a0\u00a0\u00a0a trav\u00e9s de una nota expres\u00f3 su solidaridad con lo expresado por los dem\u00e1s pastores,\u00a0\u00a0y dijo que\u00a0\u00a0la lucha contra el Covid-19 es un desaf\u00edo serio que nos compromete a todos a responder con una actitud de amor y sabidur\u00eda como nos ense\u00f1\u00f3 nuestro Se\u00f1or Jesucristo. Llam\u00f3 tambi\u00e9n a desconocer los pronunciamientos sin base que traen confusi\u00f3n y que no aporta nada para que podamos salir de esta pandemia.<\/span><\/p>\n<p><span lang=\"ES\">\u00a0<\/span><\/p>\n<p><span lang=\"ES\">En un panel virtual desarrollado organizado por\u00a0<b>World Visi\u00f3n de<\/b>\u00a0Rep\u00fablica Dominicana y el Concilio Nacional de la Iglesia de Dios, los l\u00edderes de estas organizaciones expusieron sus puntos de vistas frente al rebrote del Covid-19 que est\u00e1 enfrentando en la actualidad de la poblaci\u00f3n dominicana.\u00a0\u00a0En el encuentro participaron\u00a0\u00a0doctor Jos\u00e9 Dunker, los pastores Nersido Borg Cede\u00f1o,\u00a0presidente de la Mesa del Dialogo y superintendente del Concilio de las Asambleas de Dios; Mauro Vargas, Obispo de la Iglesia de Dios, Feliciano Lacen, presidente del Consejo Dominicano de Unidad Evang\u00e9lica (CODUE); Jorge Duarte, representante de la Confraternidad Evang\u00e9lica Dominicana (CONEDO), adem\u00e1s de Lorenzo Mota King, director del Servicio Social de Iglesias Dominicanas.<\/span><\/p>\n<p><span lang=\"ES\">En el panel habl\u00f3 tambi\u00e9n Dio Astacio, director de la Oficina de Enlace de las Iglesias Protestantes y el Poder Ejecutivo, quien\u00a0\u00a0valor\u00f3 de positivo el espacio de di\u00e1logo y concientizaci\u00f3n en beneficio del pa\u00eds.\u00a0\u00a0<\/span><\/p>\n","protected":false},"excerpt":{"rendered":"<p>Los\u00a0l\u00edderes de las principales entidades representativas de la comunidad evang\u00e9lica del pa\u00eds reafirmaron el compromiso cristiano de luchar para mitigar la pandemia del Covid-19, al tiempo que llamaron a la poblaci\u00f3n a\u00a0\u00a0desestimar\u00a0\u00a0mitos y teor\u00edas infundadas y a proceder a inocularse con\u00a0\u00a0las vacunas disponibles\u00a0\u00a0para disminuir en un\u00a0\u00a0alto porcentaje la posibilidad de contagiarse y as\u00ed minimizar\u00a0\u00a0\u00a0\u00a0los da\u00f1os &hellip;<\/p>\n","protected":false},"author":1,"featured_media":22063,"comment_status":"open","ping_status":"open","sticky":false,"template":"","format":"standard","meta":{"footnotes":""},"categories":[39],"tags":[],"class_list":["post-22062","post","type-post","status-publish","format-standard","has-post-thumbnail","hentry","category-almomento"],"yoast_head":"<!-- This site is optimized with the Yoast SEO Premium plugin v24.2 (Yoast SEO v27.1.1) - https:\/\/yoast.com\/product\/yoast-seo-premium-wordpress\/ -->\n<title>L\u00edderes evang\u00e9licos reafirman compromiso en su lucha contra el covid-19, llaman a la poblaci\u00f3n a vacunarse - Tabernaculo Prensa de Dios<\/title>\n<meta name=\"robots\" content=\"index, follow, max-snippet:-1, max-image-preview:large, max-video-preview:-1\" \/>\n<link rel=\"canonical\" href=\"https:\/\/tabernaculoprensadedios.com\/web\/lideres-evangelicos-reafirman-compromiso-en-su-lucha-contra-el-covid-19-llaman-a-la-poblacion-a-vacunarse\/\" class=\"yoast-seo-meta-tag\" \/>\n<meta property=\"og:locale\" content=\"es_ES\" class=\"yoast-seo-meta-tag\" \/>\n<meta property=\"og:type\" content=\"article\" class=\"yoast-seo-meta-tag\" \/>\n<meta property=\"og:title\" content=\"L\u00edderes evang\u00e9licos reafirman compromiso en su lucha contra el covid-19, llaman a la poblaci\u00f3n a vacunarse\" class=\"yoast-seo-meta-tag\" \/>\n<meta property=\"og:description\" content=\"Los\u00a0l\u00edderes de las principales entidades representativas de la comunidad evang\u00e9lica del pa\u00eds reafirmaron el compromiso cristiano de luchar para mitigar la pandemia del Covid-19, al tiempo que llamaron a la poblaci\u00f3n a\u00a0\u00a0desestimar\u00a0\u00a0mitos y teor\u00edas infundadas y a proceder a inocularse con\u00a0\u00a0las vacunas disponibles\u00a0\u00a0para disminuir en un\u00a0\u00a0alto porcentaje la posibilidad de contagiarse y as\u00ed minimizar\u00a0\u00a0\u00a0\u00a0los da\u00f1os &hellip;\" class=\"yoast-seo-meta-tag\" \/>\n<meta property=\"og:url\" content=\"https:\/\/tabernaculoprensadedios.com\/web\/lideres-evangelicos-reafirman-compromiso-en-su-lucha-contra-el-covid-19-llaman-a-la-poblacion-a-vacunarse\/\" class=\"yoast-seo-meta-tag\" \/>\n<meta property=\"og:site_name\" content=\"Tabernaculo Prensa de Dios\" class=\"yoast-seo-meta-tag\" \/>\n<meta property=\"article:published_time\" content=\"2021-06-11T14:32:42+00:00\" class=\"yoast-seo-meta-tag\" \/>\n<meta property=\"og:image\" content=\"https:\/\/tabernaculoprensadedios.com\/web\/wp-content\/uploads\/2021\/06\/lideres-3.jpg\" class=\"yoast-seo-meta-tag\" \/>\n\t<meta property=\"og:image:width\" content=\"1280\" class=\"yoast-seo-meta-tag\" \/>\n\t<meta property=\"og:image:height\" content=\"721\" class=\"yoast-seo-meta-tag\" \/>\n\t<meta property=\"og:image:type\" content=\"image\/jpeg\" class=\"yoast-seo-meta-tag\" \/>\n<meta name=\"author\" content=\"tabernaculo\" class=\"yoast-seo-meta-tag\" \/>\n<meta name=\"twitter:card\" content=\"summary_large_image\" class=\"yoast-seo-meta-tag\" \/>\n<meta name=\"twitter:creator\" content=\"@PrensadeDios\" class=\"yoast-seo-meta-tag\" \/>\n<meta name=\"twitter:site\" content=\"@PrensadeDios\" class=\"yoast-seo-meta-tag\" \/>\n<meta name=\"twitter:label1\" content=\"Escrito por\" class=\"yoast-seo-meta-tag\" \/>\n\t<meta name=\"twitter:data1\" content=\"tabernaculo\" class=\"yoast-seo-meta-tag\" \/>\n\t<meta name=\"twitter:label2\" content=\"Tiempo de lectura\" class=\"yoast-seo-meta-tag\" \/>\n\t<meta name=\"twitter:data2\" content=\"4 minutos\" class=\"yoast-seo-meta-tag\" \/>\n<script type=\"application\/ld+json\" class=\"yoast-schema-graph\">{\"@context\":\"https:\/\/schema.org\",\"@graph\":[{\"@type\":\"Article\",\"@id\":\"https:\/\/tabernaculoprensadedios.com\/web\/lideres-evangelicos-reafirman-compromiso-en-su-lucha-contra-el-covid-19-llaman-a-la-poblacion-a-vacunarse\/#article\",\"isPartOf\":{\"@id\":\"https:\/\/tabernaculoprensadedios.com\/web\/lideres-evangelicos-reafirman-compromiso-en-su-lucha-contra-el-covid-19-llaman-a-la-poblacion-a-vacunarse\/\"},\"author\":{\"name\":\"tabernaculo\",\"@id\":\"https:\/\/tabernaculoprensadedios.com\/web\/#\/schema\/person\/bc0e069fef56b38e177db6f098ae0b6e\"},\"headline\":\"L\u00edderes evang\u00e9licos reafirman compromiso en su lucha contra el covid-19, llaman a la poblaci\u00f3n a vacunarse\",\"datePublished\":\"2021-06-11T14:32:42+00:00\",\"mainEntityOfPage\":{\"@id\":\"https:\/\/tabernaculoprensadedios.com\/web\/lideres-evangelicos-reafirman-compromiso-en-su-lucha-contra-el-covid-19-llaman-a-la-poblacion-a-vacunarse\/\"},\"wordCount\":915,\"commentCount\":0,\"publisher\":{\"@id\":\"https:\/\/tabernaculoprensadedios.com\/web\/#\/schema\/person\/bc0e069fef56b38e177db6f098ae0b6e\"},\"image\":{\"@id\":\"https:\/\/tabernaculoprensadedios.com\/web\/lideres-evangelicos-reafirman-compromiso-en-su-lucha-contra-el-covid-19-llaman-a-la-poblacion-a-vacunarse\/#primaryimage\"},\"thumbnailUrl\":\"https:\/\/tabernaculoprensadedios.com\/web\/wp-content\/uploads\/2021\/06\/lideres-3.jpg\",\"articleSection\":[\"almomento\"],\"inLanguage\":\"es\",\"potentialAction\":[{\"@type\":\"CommentAction\",\"name\":\"Comment\",\"target\":[\"https:\/\/tabernaculoprensadedios.com\/web\/lideres-evangelicos-reafirman-compromiso-en-su-lucha-contra-el-covid-19-llaman-a-la-poblacion-a-vacunarse\/#respond\"]}]},{\"@type\":\"WebPage\",\"@id\":\"https:\/\/tabernaculoprensadedios.com\/web\/lideres-evangelicos-reafirman-compromiso-en-su-lucha-contra-el-covid-19-llaman-a-la-poblacion-a-vacunarse\/\",\"url\":\"https:\/\/tabernaculoprensadedios.com\/web\/lideres-evangelicos-reafirman-compromiso-en-su-lucha-contra-el-covid-19-llaman-a-la-poblacion-a-vacunarse\/\",\"name\":\"L\u00edderes evang\u00e9licos reafirman compromiso en su lucha contra el covid-19, llaman a la poblaci\u00f3n a vacunarse - Tabernaculo Prensa de Dios\",\"isPartOf\":{\"@id\":\"https:\/\/tabernaculoprensadedios.com\/web\/#website\"},\"primaryImageOfPage\":{\"@id\":\"https:\/\/tabernaculoprensadedios.com\/web\/lideres-evangelicos-reafirman-compromiso-en-su-lucha-contra-el-covid-19-llaman-a-la-poblacion-a-vacunarse\/#primaryimage\"},\"image\":{\"@id\":\"https:\/\/tabernaculoprensadedios.com\/web\/lideres-evangelicos-reafirman-compromiso-en-su-lucha-contra-el-covid-19-llaman-a-la-poblacion-a-vacunarse\/#primaryimage\"},\"thumbnailUrl\":\"https:\/\/tabernaculoprensadedios.com\/web\/wp-content\/uploads\/2021\/06\/lideres-3.jpg\",\"datePublished\":\"2021-06-11T14:32:42+00:00\",\"breadcrumb\":{\"@id\":\"https:\/\/tabernaculoprensadedios.com\/web\/lideres-evangelicos-reafirman-compromiso-en-su-lucha-contra-el-covid-19-llaman-a-la-poblacion-a-vacunarse\/#breadcrumb\"},\"inLanguage\":\"es\",\"potentialAction\":[{\"@type\":\"ReadAction\",\"target\":[\"https:\/\/tabernaculoprensadedios.com\/web\/lideres-evangelicos-reafirman-compromiso-en-su-lucha-contra-el-covid-19-llaman-a-la-poblacion-a-vacunarse\/\"]}]},{\"@type\":\"ImageObject\",\"inLanguage\":\"es\",\"@id\":\"https:\/\/tabernaculoprensadedios.com\/web\/lideres-evangelicos-reafirman-compromiso-en-su-lucha-contra-el-covid-19-llaman-a-la-poblacion-a-vacunarse\/#primaryimage\",\"url\":\"https:\/\/tabernaculoprensadedios.com\/web\/wp-content\/uploads\/2021\/06\/lideres-3.jpg\",\"contentUrl\":\"https:\/\/tabernaculoprensadedios.com\/web\/wp-content\/uploads\/2021\/06\/lideres-3.jpg\",\"width\":1280,\"height\":721},{\"@type\":\"BreadcrumbList\",\"@id\":\"https:\/\/tabernaculoprensadedios.com\/web\/lideres-evangelicos-reafirman-compromiso-en-su-lucha-contra-el-covid-19-llaman-a-la-poblacion-a-vacunarse\/#breadcrumb\",\"itemListElement\":[{\"@type\":\"ListItem\",\"position\":1,\"name\":\"Portada\",\"item\":\"https:\/\/tabernaculoprensadedios.com\/web\/\"},{\"@type\":\"ListItem\",\"position\":2,\"name\":\"L\u00edderes evang\u00e9licos reafirman compromiso en su lucha contra el covid-19, llaman a la poblaci\u00f3n a vacunarse\"}]},{\"@type\":\"WebSite\",\"@id\":\"https:\/\/tabernaculoprensadedios.com\/web\/#website\",\"url\":\"https:\/\/tabernaculoprensadedios.com\/web\/\",\"name\":\"Tabernaculo Prensa de Dios\",\"description\":\"Un medio a la manera de Dios\",\"publisher\":{\"@id\":\"https:\/\/tabernaculoprensadedios.com\/web\/#\/schema\/person\/bc0e069fef56b38e177db6f098ae0b6e\"},\"potentialAction\":[{\"@type\":\"SearchAction\",\"target\":{\"@type\":\"EntryPoint\",\"urlTemplate\":\"https:\/\/tabernaculoprensadedios.com\/web\/?s={search_term_string}\"},\"query-input\":{\"@type\":\"PropertyValueSpecification\",\"valueRequired\":true,\"valueName\":\"search_term_string\"}}],\"inLanguage\":\"es\"},{\"@type\":[\"Person\",\"Organization\"],\"@id\":\"https:\/\/tabernaculoprensadedios.com\/web\/#\/schema\/person\/bc0e069fef56b38e177db6f098ae0b6e\",\"name\":\"tabernaculo\",\"image\":{\"@type\":\"ImageObject\",\"inLanguage\":\"es\",\"@id\":\"https:\/\/tabernaculoprensadedios.com\/web\/#\/schema\/person\/image\/\",\"url\":\"https:\/\/tabernaculoprensadedios.com\/web\/wp-content\/uploads\/2015\/06\/login-logo1.png\",\"contentUrl\":\"https:\/\/tabernaculoprensadedios.com\/web\/wp-content\/uploads\/2015\/06\/login-logo1.png\",\"width\":300,\"height\":118,\"caption\":\"tabernaculo\"},\"logo\":{\"@id\":\"https:\/\/tabernaculoprensadedios.com\/web\/#\/schema\/person\/image\/\"},\"url\":\"https:\/\/tabernaculoprensadedios.com\/web\/author\/tabernaculo\/\"}]}<\/script>\n<!-- \/ Yoast SEO Premium plugin. -->","yoast_head_json":{"title":"L\u00edderes evang\u00e9licos reafirman compromiso en su lucha contra el covid-19, llaman a la poblaci\u00f3n a vacunarse - Tabernaculo Prensa de Dios","robots":{"index":"index","follow":"follow","max-snippet":"max-snippet:-1","max-image-preview":"max-image-preview:large","max-video-preview":"max-video-preview:-1"},"canonical":"https:\/\/tabernaculoprensadedios.com\/web\/lideres-evangelicos-reafirman-compromiso-en-su-lucha-contra-el-covid-19-llaman-a-la-poblacion-a-vacunarse\/","og_locale":"es_ES","og_type":"article","og_title":"L\u00edderes evang\u00e9licos reafirman compromiso en su lucha contra el covid-19, llaman a la poblaci\u00f3n a vacunarse","og_description":"Los\u00a0l\u00edderes de las principales entidades representativas de la comunidad evang\u00e9lica del pa\u00eds reafirmaron el compromiso cristiano de luchar para mitigar la pandemia del Covid-19, al tiempo que llamaron a la poblaci\u00f3n a\u00a0\u00a0desestimar\u00a0\u00a0mitos y teor\u00edas infundadas y a proceder a inocularse con\u00a0\u00a0las vacunas disponibles\u00a0\u00a0para disminuir en un\u00a0\u00a0alto porcentaje la posibilidad de contagiarse y as\u00ed minimizar\u00a0\u00a0\u00a0\u00a0los da\u00f1os &hellip;","og_url":"https:\/\/tabernaculoprensadedios.com\/web\/lideres-evangelicos-reafirman-compromiso-en-su-lucha-contra-el-covid-19-llaman-a-la-poblacion-a-vacunarse\/","og_site_name":"Tabernaculo Prensa de Dios","article_published_time":"2021-06-11T14:32:42+00:00","og_image":[{"width":1280,"height":721,"url":"https:\/\/tabernaculoprensadedios.com\/web\/wp-content\/uploads\/2021\/06\/lideres-3.jpg","type":"image\/jpeg"}],"author":"tabernaculo","twitter_card":"summary_large_image","twitter_creator":"@PrensadeDios","twitter_site":"@PrensadeDios","twitter_misc":{"Escrito por":"tabernaculo","Tiempo de lectura":"4 minutos"},"schema":{"@context":"https:\/\/schema.org","@graph":[{"@type":"Article","@id":"https:\/\/tabernaculoprensadedios.com\/web\/lideres-evangelicos-reafirman-compromiso-en-su-lucha-contra-el-covid-19-llaman-a-la-poblacion-a-vacunarse\/#article","isPartOf":{"@id":"https:\/\/tabernaculoprensadedios.com\/web\/lideres-evangelicos-reafirman-compromiso-en-su-lucha-contra-el-covid-19-llaman-a-la-poblacion-a-vacunarse\/"},"author":{"name":"tabernaculo","@id":"https:\/\/tabernaculoprensadedios.com\/web\/#\/schema\/person\/bc0e069fef56b38e177db6f098ae0b6e"},"headline":"L\u00edderes evang\u00e9licos reafirman compromiso en su lucha contra el covid-19, llaman a la poblaci\u00f3n a vacunarse","datePublished":"2021-06-11T14:32:42+00:00","mainEntityOfPage":{"@id":"https:\/\/tabernaculoprensadedios.com\/web\/lideres-evangelicos-reafirman-compromiso-en-su-lucha-contra-el-covid-19-llaman-a-la-poblacion-a-vacunarse\/"},"wordCount":915,"commentCount":0,"publisher":{"@id":"https:\/\/tabernaculoprensadedios.com\/web\/#\/schema\/person\/bc0e069fef56b38e177db6f098ae0b6e"},"image":{"@id":"https:\/\/tabernaculoprensadedios.com\/web\/lideres-evangelicos-reafirman-compromiso-en-su-lucha-contra-el-covid-19-llaman-a-la-poblacion-a-vacunarse\/#primaryimage"},"thumbnailUrl":"https:\/\/tabernaculoprensadedios.com\/web\/wp-content\/uploads\/2021\/06\/lideres-3.jpg","articleSection":["almomento"],"inLanguage":"es","potentialAction":[{"@type":"CommentAction","name":"Comment","target":["https:\/\/tabernaculoprensadedios.com\/web\/lideres-evangelicos-reafirman-compromiso-en-su-lucha-contra-el-covid-19-llaman-a-la-poblacion-a-vacunarse\/#respond"]}]},{"@type":"WebPage","@id":"https:\/\/tabernaculoprensadedios.com\/web\/lideres-evangelicos-reafirman-compromiso-en-su-lucha-contra-el-covid-19-llaman-a-la-poblacion-a-vacunarse\/","url":"https:\/\/tabernaculoprensadedios.com\/web\/lideres-evangelicos-reafirman-compromiso-en-su-lucha-contra-el-covid-19-llaman-a-la-poblacion-a-vacunarse\/","name":"L\u00edderes evang\u00e9licos reafirman compromiso en su lucha contra el covid-19, llaman a la poblaci\u00f3n a vacunarse - Tabernaculo Prensa de Dios","isPartOf":{"@id":"https:\/\/tabernaculoprensadedios.com\/web\/#website"},"primaryImageOfPage":{"@id":"https:\/\/tabernaculoprensadedios.com\/web\/lideres-evangelicos-reafirman-compromiso-en-su-lucha-contra-el-covid-19-llaman-a-la-poblacion-a-vacunarse\/#primaryimage"},"image":{"@id":"https:\/\/tabernaculoprensadedios.com\/web\/lideres-evangelicos-reafirman-compromiso-en-su-lucha-contra-el-covid-19-llaman-a-la-poblacion-a-vacunarse\/#primaryimage"},"thumbnailUrl":"https:\/\/tabernaculoprensadedios.com\/web\/wp-content\/uploads\/2021\/06\/lideres-3.jpg","datePublished":"2021-06-11T14:32:42+00:00","breadcrumb":{"@id":"https:\/\/tabernaculoprensadedios.com\/web\/lideres-evangelicos-reafirman-compromiso-en-su-lucha-contra-el-covid-19-llaman-a-la-poblacion-a-vacunarse\/#breadcrumb"},"inLanguage":"es","potentialAction":[{"@type":"ReadAction","target":["https:\/\/tabernaculoprensadedios.com\/web\/lideres-evangelicos-reafirman-compromiso-en-su-lucha-contra-el-covid-19-llaman-a-la-poblacion-a-vacunarse\/"]}]},{"@type":"ImageObject","inLanguage":"es","@id":"https:\/\/tabernaculoprensadedios.com\/web\/lideres-evangelicos-reafirman-compromiso-en-su-lucha-contra-el-covid-19-llaman-a-la-poblacion-a-vacunarse\/#primaryimage","url":"https:\/\/tabernaculoprensadedios.com\/web\/wp-content\/uploads\/2021\/06\/lideres-3.jpg","contentUrl":"https:\/\/tabernaculoprensadedios.com\/web\/wp-content\/uploads\/2021\/06\/lideres-3.jpg","width":1280,"height":721},{"@type":"BreadcrumbList","@id":"https:\/\/tabernaculoprensadedios.com\/web\/lideres-evangelicos-reafirman-compromiso-en-su-lucha-contra-el-covid-19-llaman-a-la-poblacion-a-vacunarse\/#breadcrumb","itemListElement":[{"@type":"ListItem","position":1,"name":"Portada","item":"https:\/\/tabernaculoprensadedios.com\/web\/"},{"@type":"ListItem","position":2,"name":"L\u00edderes evang\u00e9licos reafirman compromiso en su lucha contra el covid-19, llaman a la poblaci\u00f3n a vacunarse"}]},{"@type":"WebSite","@id":"https:\/\/tabernaculoprensadedios.com\/web\/#website","url":"https:\/\/tabernaculoprensadedios.com\/web\/","name":"Tabernaculo Prensa de Dios","description":"Un medio a la manera de Dios","publisher":{"@id":"https:\/\/tabernaculoprensadedios.com\/web\/#\/schema\/person\/bc0e069fef56b38e177db6f098ae0b6e"},"potentialAction":[{"@type":"SearchAction","target":{"@type":"EntryPoint","urlTemplate":"https:\/\/tabernaculoprensadedios.com\/web\/?s={search_term_string}"},"query-input":{"@type":"PropertyValueSpecification","valueRequired":true,"valueName":"search_term_string"}}],"inLanguage":"es"},{"@type":["Person","Organization"],"@id":"https:\/\/tabernaculoprensadedios.com\/web\/#\/schema\/person\/bc0e069fef56b38e177db6f098ae0b6e","name":"tabernaculo","image":{"@type":"ImageObject","inLanguage":"es","@id":"https:\/\/tabernaculoprensadedios.com\/web\/#\/schema\/person\/image\/","url":"https:\/\/tabernaculoprensadedios.com\/web\/wp-content\/uploads\/2015\/06\/login-logo1.png","contentUrl":"https:\/\/tabernaculoprensadedios.com\/web\/wp-content\/uploads\/2015\/06\/login-logo1.png","width":300,"height":118,"caption":"tabernaculo"},"logo":{"@id":"https:\/\/tabernaculoprensadedios.com\/web\/#\/schema\/person\/image\/"},"url":"https:\/\/tabernaculoprensadedios.com\/web\/author\/tabernaculo\/"}]}},"_links":{"self":[{"href":"https:\/\/tabernaculoprensadedios.com\/web\/wp-json\/wp\/v2\/posts\/22062","targetHints":{"allow":["GET"]}}],"collection":[{"href":"https:\/\/tabernaculoprensadedios.com\/web\/wp-json\/wp\/v2\/posts"}],"about":[{"href":"https:\/\/tabernaculoprensadedios.com\/web\/wp-json\/wp\/v2\/types\/post"}],"author":[{"embeddable":true,"href":"https:\/\/tabernaculoprensadedios.com\/web\/wp-json\/wp\/v2\/users\/1"}],"replies":[{"embeddable":true,"href":"https:\/\/tabernaculoprensadedios.com\/web\/wp-json\/wp\/v2\/comments?post=22062"}],"version-history":[{"count":1,"href":"https:\/\/tabernaculoprensadedios.com\/web\/wp-json\/wp\/v2\/posts\/22062\/revisions"}],"predecessor-version":[{"id":22064,"href":"https:\/\/tabernaculoprensadedios.com\/web\/wp-json\/wp\/v2\/posts\/22062\/revisions\/22064"}],"wp:featuredmedia":[{"embeddable":true,"href":"https:\/\/tabernaculoprensadedios.com\/web\/wp-json\/wp\/v2\/media\/22063"}],"wp:attachment":[{"href":"https:\/\/tabernaculoprensadedios.com\/web\/wp-json\/wp\/v2\/media?parent=22062"}],"wp:term":[{"taxonomy":"category","embeddable":true,"href":"https:\/\/tabernaculoprensadedios.com\/web\/wp-json\/wp\/v2\/categories?post=22062"},{"taxonomy":"post_tag","embeddable":true,"href":"https:\/\/tabernaculoprensadedios.com\/web\/wp-json\/wp\/v2\/tags?post=22062"}],"curies":[{"name":"wp","href":"https:\/\/api.w.org\/{rel}","templated":true}]}}