{"id":22041,"date":"2021-06-09T15:41:02","date_gmt":"2021-06-09T15:41:02","guid":{"rendered":"http:\/\/tabernaculoprensadedios.com\/web\/?p=22041"},"modified":"2021-06-09T15:41:02","modified_gmt":"2021-06-09T15:41:02","slug":"salgan-del-valle-y-entren-en-el-refrigerio","status":"publish","type":"post","link":"https:\/\/tabernaculoprensadedios.com\/web\/salgan-del-valle-y-entren-en-el-refrigerio\/","title":{"rendered":"Salgan del valle y entren en el refrigerio"},"content":{"rendered":"<p><b><i>Las j\u00f3venes danzar\u00e1n de alegr\u00eda, y los hombres\u2014j\u00f3venes y viejos\u2014se unir\u00e1n a la celebraci\u00f3n. Convertir\u00e9 su duelo en alegr\u00eda. Los consolar\u00e9 y cambiar\u00e9 su aflicci\u00f3n en regocijo. Jerem\u00edas 31:13 NTV<\/i><\/b><\/p>\n<p><b>UN GRAN AVANCE DESPUES DE PENTECOSTES<br \/>\n<\/b>Hemos entrado en una nueva temporada porque hubo un gran cambio espiritual en Pentecost\u00e9s (23 de mayo de 2021). Sin embargo, es posible que deban luchar por su gran avance. El Se\u00f1or les ha dado todo lo que necesitan para tener \u00e9xito, pero tendr\u00e1n que dar un paso al frente y tomarlo, ya que el enemigo est\u00e1 tratando de hacerles la guerra al entrar en este nuevo tiempo. El Se\u00f1or est\u00e1 soltando el agua fresca del Esp\u00edritu Santo. Estamos siendo preparados para un cambio en la atm\u00f3sfera espiritual y los cielos ahora est\u00e1n abiertos y preparados para encontrar al Se\u00f1or. Para compensar los ataques del enemigo, el Se\u00f1or est\u00e1 liberando visitas y encuentros en sue\u00f1os, visiones y una conexi\u00f3n m\u00e1s profunda con el coraz\u00f3n del Padre.<\/p>\n<p><b>EL REFRIGERIO ESTA AQU\u00cd<br \/>\n<\/b><b>Salmo 84:5<\/b>\u00a0Dichoso el que tiene en ti su fortaleza, que solo piensa en recorrer tus sendas.<\/p>\n<p><b>Salmo 84:7<\/b>\u00a0Seg\u00fan avanzan los peregrinos, cobran m\u00e1s fuerzas, y en Sion se presentan ante el Dios de dioses.<\/p>\n<p>El Se\u00f1or est\u00e1 liberando un refrigerio espiritual que los llevar\u00e1 a un nivel m\u00e1s profundo de intimidad con \u00c9l. La palabra del Se\u00f1or para ustedes es que sigan dando pasos hacia adelante y no miren atr\u00e1s, no disminuyan la velocidad ni se detengan. Est\u00e1n saliendo del desierto y es importante dar pasos todos los d\u00edas y confiar en que el Se\u00f1or los tiene cubiertos.<\/p>\n<p><b>SALIENDO DE TRES VALLES<\/b><\/p>\n<p>El Se\u00f1or est\u00e1 sacando a muchas personas de 3 valles: el valle de l\u00e1grimas, el valle de sombra y muerte y el valle de los huesos secos. Algunas personas est\u00e1n solo en uno, mientras que otras pueden estar caminando en m\u00e1s de uno a la vez.<\/p>\n<p><b>EL VALLE DE LAGRIMAS<br \/>\n<\/b>Salmo 84:6 Cuando pasa por el valle de las L\u00e1grimas lo convierte en regi\u00f3n de manantiales; tambi\u00e9n las lluvias tempranas cubren de bendiciones el valle.<\/p>\n<p>\u00bfHan estado llorando ante el Se\u00f1or, y parece que sus oraciones est\u00e1n ante un \u201ccielo de bronce\u201d o no han recibido respuesta? Esto puede deberse a que est\u00e1n atrapados en el valle de l\u00e1grimas. El Se\u00f1or los sacar\u00e1 de esta temporada, est\u00e1n a punto de recibir un torrente de bendici\u00f3n lleno de lluvias torrenciales\u201d.<\/p>\n<p><b>EL VALLE DE SOMBRA Y DE MUERTE<br \/>\n<\/b><b>Salmo 23:4<\/b>\u00a0Aunque pase por el valle de sombra de muerte, no temer\u00e9 mal alguno, porque t\u00fa est\u00e1s conmigo; tu vara y tu cayado me infunden aliento<\/p>\n<p>El valle de sombra de muerte es una temporada oscura de soledad, donde el temor y la depresi\u00f3n pueden atacarlos. El Se\u00f1or est\u00e1 sacando a las personas de esto, trayendo una nueva autoridad para vencer. Est\u00e9n atentos a que el Se\u00f1or les revele la fuente de lo que los llev\u00f3 a ese lugar, las soluciones y la ayuda para salir.<\/p>\n<p><b>EL VALLE DE LOS HUESOS SECOS<br \/>\n<\/b><b>Ezequiel 37:1<\/b>\u00a0La mano del Se\u00f1or vino sobre m\u00ed, y me sac\u00f3 en el Esp\u00edritu del Se\u00f1or, y me puso en medio del valle que estaba lleno de huesos.<\/p>\n<p><b>Ezequiel 37:5<\/b>\u00a0As\u00ed dice el Se\u00f1or Dios a estos huesos: He aqu\u00ed, har\u00e9 entrar en vosotros esp\u00edritu, y vivir\u00e9is.<\/p>\n<p>Muchas personas han estado en el valle de los huesos secos de Ezequiel 37. Un s\u00edntoma de esta condici\u00f3n es sentirse disperso y sin vida. El Se\u00f1or les dar\u00e1 vida y unir\u00e1 las cosas. Hay millones de personas en este lugar y el Se\u00f1or los est\u00e1 llamando.<\/p>\n<p><b>EL ESPIRITU DE ELIAS VENDRA<br \/>\n<\/b><b>Lucas 1:17<\/b>\u00a0E ir\u00e1 delante de \u00c9l en el esp\u00edritu y poder de El\u00edas para hacer volver los corazones de los padres a los hijos, y a los desobedientes a la actitud de los justos, a fin de preparar para el Se\u00f1or un pueblo bien dispuesto.<\/p>\n<p>El poder del esp\u00edritu de El\u00edas se liber\u00f3 a trav\u00e9s de Juan el Bautista y prepar\u00f3 el camino para la venida del Se\u00f1or. El Se\u00f1or est\u00e1 liberando el esp\u00edritu de El\u00edas que har\u00e1 que los corazones de los padres se vuelvan hacia los hijos. Esto va m\u00e1s all\u00e1 de los padres, y liberar\u00e1 la sanidad del coraz\u00f3n del Padre, traer\u00e1 alineaci\u00f3n espiritual, nos preparar\u00e1 para las visitas del Se\u00f1or y, en \u00faltima instancia, nos preparar\u00e1 para el avivamiento.<\/p>\n<p><b>PROMOCIONES Y NUEVA AUTORIDAD<br \/>\n<\/b><b>1 Pedro 5: 6<\/b>\u00a0Humillaos, pues, bajo la poderosa mano de Dios, para que \u00c9l os exalte a su debido tiempo<\/p>\n<p>Habr\u00e1 importantes promociones con hombres, mujeres y ni\u00f1os alrededor del D\u00eda del Padre, el 20 de junio de 2021. (Esta fecha es en los Estados Unidos, pero esta palabra prof\u00e9tica es global). Esto traer\u00e1 nuevas asignaciones, dones espirituales y mayor autoridad. Este mes el Se\u00f1or comenzar\u00e1 a liberar un mayor poder para encontrarlo de una nueva y emocionante manera. (Doug Addison)<\/p>\n<p>Con amor y oraciones,<\/p>\n","protected":false},"excerpt":{"rendered":"<p>Las j\u00f3venes danzar\u00e1n de alegr\u00eda, y los hombres\u2014j\u00f3venes y viejos\u2014se unir\u00e1n a la celebraci\u00f3n. Convertir\u00e9 su duelo en alegr\u00eda. Los consolar\u00e9 y cambiar\u00e9 su aflicci\u00f3n en regocijo. Jerem\u00edas 31:13 NTV UN GRAN AVANCE DESPUES DE PENTECOSTES Hemos entrado en una nueva temporada porque hubo un gran cambio espiritual en Pentecost\u00e9s (23 de mayo de 2021). &hellip;<\/p>\n","protected":false},"author":1,"featured_media":22042,"comment_status":"open","ping_status":"open","sticky":false,"template":"","format":"standard","meta":{"footnotes":""},"categories":[38],"tags":[],"class_list":["post-22041","post","type-post","status-publish","format-standard","has-post-thumbnail","hentry","category-principal"],"yoast_head":"<!-- This site is optimized with the Yoast SEO Premium plugin v24.2 (Yoast SEO v27.1.1) - https:\/\/yoast.com\/product\/yoast-seo-premium-wordpress\/ -->\n<title>Salgan del valle y entren en el refrigerio - Tabernaculo Prensa de Dios<\/title>\n<meta name=\"robots\" content=\"index, follow, max-snippet:-1, max-image-preview:large, max-video-preview:-1\" \/>\n<link rel=\"canonical\" href=\"https:\/\/tabernaculoprensadedios.com\/web\/salgan-del-valle-y-entren-en-el-refrigerio\/\" class=\"yoast-seo-meta-tag\" \/>\n<meta property=\"og:locale\" content=\"es_ES\" class=\"yoast-seo-meta-tag\" \/>\n<meta property=\"og:type\" content=\"article\" class=\"yoast-seo-meta-tag\" \/>\n<meta property=\"og:title\" content=\"Salgan del valle y entren en el refrigerio\" class=\"yoast-seo-meta-tag\" \/>\n<meta property=\"og:description\" content=\"Las j\u00f3venes danzar\u00e1n de alegr\u00eda, y los hombres\u2014j\u00f3venes y viejos\u2014se unir\u00e1n a la celebraci\u00f3n. Convertir\u00e9 su duelo en alegr\u00eda. Los consolar\u00e9 y cambiar\u00e9 su aflicci\u00f3n en regocijo. Jerem\u00edas 31:13 NTV UN GRAN AVANCE DESPUES DE PENTECOSTES Hemos entrado en una nueva temporada porque hubo un gran cambio espiritual en Pentecost\u00e9s (23 de mayo de 2021). &hellip;\" class=\"yoast-seo-meta-tag\" \/>\n<meta property=\"og:url\" content=\"https:\/\/tabernaculoprensadedios.com\/web\/salgan-del-valle-y-entren-en-el-refrigerio\/\" class=\"yoast-seo-meta-tag\" \/>\n<meta property=\"og:site_name\" content=\"Tabernaculo Prensa de Dios\" class=\"yoast-seo-meta-tag\" \/>\n<meta property=\"article:published_time\" content=\"2021-06-09T15:41:02+00:00\" class=\"yoast-seo-meta-tag\" \/>\n<meta property=\"og:image\" content=\"https:\/\/tabernaculoprensadedios.com\/web\/wp-content\/uploads\/2021\/06\/valle.jpg\" class=\"yoast-seo-meta-tag\" \/>\n\t<meta property=\"og:image:width\" content=\"1280\" class=\"yoast-seo-meta-tag\" \/>\n\t<meta property=\"og:image:height\" content=\"847\" class=\"yoast-seo-meta-tag\" \/>\n\t<meta property=\"og:image:type\" content=\"image\/jpeg\" class=\"yoast-seo-meta-tag\" \/>\n<meta name=\"author\" content=\"tabernaculo\" class=\"yoast-seo-meta-tag\" \/>\n<meta name=\"twitter:card\" content=\"summary_large_image\" class=\"yoast-seo-meta-tag\" \/>\n<meta name=\"twitter:creator\" content=\"@PrensadeDios\" class=\"yoast-seo-meta-tag\" \/>\n<meta name=\"twitter:site\" content=\"@PrensadeDios\" class=\"yoast-seo-meta-tag\" \/>\n<meta name=\"twitter:label1\" content=\"Escrito por\" class=\"yoast-seo-meta-tag\" \/>\n\t<meta name=\"twitter:data1\" content=\"tabernaculo\" class=\"yoast-seo-meta-tag\" \/>\n\t<meta name=\"twitter:label2\" content=\"Tiempo de lectura\" class=\"yoast-seo-meta-tag\" \/>\n\t<meta name=\"twitter:data2\" content=\"4 minutos\" class=\"yoast-seo-meta-tag\" \/>\n<script type=\"application\/ld+json\" class=\"yoast-schema-graph\">{\"@context\":\"https:\/\/schema.org\",\"@graph\":[{\"@type\":\"Article\",\"@id\":\"https:\/\/tabernaculoprensadedios.com\/web\/salgan-del-valle-y-entren-en-el-refrigerio\/#article\",\"isPartOf\":{\"@id\":\"https:\/\/tabernaculoprensadedios.com\/web\/salgan-del-valle-y-entren-en-el-refrigerio\/\"},\"author\":{\"name\":\"tabernaculo\",\"@id\":\"https:\/\/tabernaculoprensadedios.com\/web\/#\/schema\/person\/bc0e069fef56b38e177db6f098ae0b6e\"},\"headline\":\"Salgan del valle y entren en el refrigerio\",\"datePublished\":\"2021-06-09T15:41:02+00:00\",\"mainEntityOfPage\":{\"@id\":\"https:\/\/tabernaculoprensadedios.com\/web\/salgan-del-valle-y-entren-en-el-refrigerio\/\"},\"wordCount\":884,\"commentCount\":0,\"publisher\":{\"@id\":\"https:\/\/tabernaculoprensadedios.com\/web\/#\/schema\/person\/bc0e069fef56b38e177db6f098ae0b6e\"},\"image\":{\"@id\":\"https:\/\/tabernaculoprensadedios.com\/web\/salgan-del-valle-y-entren-en-el-refrigerio\/#primaryimage\"},\"thumbnailUrl\":\"https:\/\/tabernaculoprensadedios.com\/web\/wp-content\/uploads\/2021\/06\/valle.jpg\",\"articleSection\":[\"Principal\"],\"inLanguage\":\"es\",\"potentialAction\":[{\"@type\":\"CommentAction\",\"name\":\"Comment\",\"target\":[\"https:\/\/tabernaculoprensadedios.com\/web\/salgan-del-valle-y-entren-en-el-refrigerio\/#respond\"]}]},{\"@type\":\"WebPage\",\"@id\":\"https:\/\/tabernaculoprensadedios.com\/web\/salgan-del-valle-y-entren-en-el-refrigerio\/\",\"url\":\"https:\/\/tabernaculoprensadedios.com\/web\/salgan-del-valle-y-entren-en-el-refrigerio\/\",\"name\":\"Salgan del valle y entren en el refrigerio - Tabernaculo Prensa de Dios\",\"isPartOf\":{\"@id\":\"https:\/\/tabernaculoprensadedios.com\/web\/#website\"},\"primaryImageOfPage\":{\"@id\":\"https:\/\/tabernaculoprensadedios.com\/web\/salgan-del-valle-y-entren-en-el-refrigerio\/#primaryimage\"},\"image\":{\"@id\":\"https:\/\/tabernaculoprensadedios.com\/web\/salgan-del-valle-y-entren-en-el-refrigerio\/#primaryimage\"},\"thumbnailUrl\":\"https:\/\/tabernaculoprensadedios.com\/web\/wp-content\/uploads\/2021\/06\/valle.jpg\",\"datePublished\":\"2021-06-09T15:41:02+00:00\",\"breadcrumb\":{\"@id\":\"https:\/\/tabernaculoprensadedios.com\/web\/salgan-del-valle-y-entren-en-el-refrigerio\/#breadcrumb\"},\"inLanguage\":\"es\",\"potentialAction\":[{\"@type\":\"ReadAction\",\"target\":[\"https:\/\/tabernaculoprensadedios.com\/web\/salgan-del-valle-y-entren-en-el-refrigerio\/\"]}]},{\"@type\":\"ImageObject\",\"inLanguage\":\"es\",\"@id\":\"https:\/\/tabernaculoprensadedios.com\/web\/salgan-del-valle-y-entren-en-el-refrigerio\/#primaryimage\",\"url\":\"https:\/\/tabernaculoprensadedios.com\/web\/wp-content\/uploads\/2021\/06\/valle.jpg\",\"contentUrl\":\"https:\/\/tabernaculoprensadedios.com\/web\/wp-content\/uploads\/2021\/06\/valle.jpg\",\"width\":1280,\"height\":847},{\"@type\":\"BreadcrumbList\",\"@id\":\"https:\/\/tabernaculoprensadedios.com\/web\/salgan-del-valle-y-entren-en-el-refrigerio\/#breadcrumb\",\"itemListElement\":[{\"@type\":\"ListItem\",\"position\":1,\"name\":\"Portada\",\"item\":\"https:\/\/tabernaculoprensadedios.com\/web\/\"},{\"@type\":\"ListItem\",\"position\":2,\"name\":\"Salgan del valle y entren en el refrigerio\"}]},{\"@type\":\"WebSite\",\"@id\":\"https:\/\/tabernaculoprensadedios.com\/web\/#website\",\"url\":\"https:\/\/tabernaculoprensadedios.com\/web\/\",\"name\":\"Tabernaculo Prensa de Dios\",\"description\":\"Un medio a la manera de Dios\",\"publisher\":{\"@id\":\"https:\/\/tabernaculoprensadedios.com\/web\/#\/schema\/person\/bc0e069fef56b38e177db6f098ae0b6e\"},\"potentialAction\":[{\"@type\":\"SearchAction\",\"target\":{\"@type\":\"EntryPoint\",\"urlTemplate\":\"https:\/\/tabernaculoprensadedios.com\/web\/?s={search_term_string}\"},\"query-input\":{\"@type\":\"PropertyValueSpecification\",\"valueRequired\":true,\"valueName\":\"search_term_string\"}}],\"inLanguage\":\"es\"},{\"@type\":[\"Person\",\"Organization\"],\"@id\":\"https:\/\/tabernaculoprensadedios.com\/web\/#\/schema\/person\/bc0e069fef56b38e177db6f098ae0b6e\",\"name\":\"tabernaculo\",\"image\":{\"@type\":\"ImageObject\",\"inLanguage\":\"es\",\"@id\":\"https:\/\/tabernaculoprensadedios.com\/web\/#\/schema\/person\/image\/\",\"url\":\"https:\/\/tabernaculoprensadedios.com\/web\/wp-content\/uploads\/2015\/06\/login-logo1.png\",\"contentUrl\":\"https:\/\/tabernaculoprensadedios.com\/web\/wp-content\/uploads\/2015\/06\/login-logo1.png\",\"width\":300,\"height\":118,\"caption\":\"tabernaculo\"},\"logo\":{\"@id\":\"https:\/\/tabernaculoprensadedios.com\/web\/#\/schema\/person\/image\/\"},\"url\":\"https:\/\/tabernaculoprensadedios.com\/web\/author\/tabernaculo\/\"}]}<\/script>\n<!-- \/ Yoast SEO Premium plugin. -->","yoast_head_json":{"title":"Salgan del valle y entren en el refrigerio - Tabernaculo Prensa de Dios","robots":{"index":"index","follow":"follow","max-snippet":"max-snippet:-1","max-image-preview":"max-image-preview:large","max-video-preview":"max-video-preview:-1"},"canonical":"https:\/\/tabernaculoprensadedios.com\/web\/salgan-del-valle-y-entren-en-el-refrigerio\/","og_locale":"es_ES","og_type":"article","og_title":"Salgan del valle y entren en el refrigerio","og_description":"Las j\u00f3venes danzar\u00e1n de alegr\u00eda, y los hombres\u2014j\u00f3venes y viejos\u2014se unir\u00e1n a la celebraci\u00f3n. Convertir\u00e9 su duelo en alegr\u00eda. Los consolar\u00e9 y cambiar\u00e9 su aflicci\u00f3n en regocijo. Jerem\u00edas 31:13 NTV UN GRAN AVANCE DESPUES DE PENTECOSTES Hemos entrado en una nueva temporada porque hubo un gran cambio espiritual en Pentecost\u00e9s (23 de mayo de 2021). &hellip;","og_url":"https:\/\/tabernaculoprensadedios.com\/web\/salgan-del-valle-y-entren-en-el-refrigerio\/","og_site_name":"Tabernaculo Prensa de Dios","article_published_time":"2021-06-09T15:41:02+00:00","og_image":[{"width":1280,"height":847,"url":"https:\/\/tabernaculoprensadedios.com\/web\/wp-content\/uploads\/2021\/06\/valle.jpg","type":"image\/jpeg"}],"author":"tabernaculo","twitter_card":"summary_large_image","twitter_creator":"@PrensadeDios","twitter_site":"@PrensadeDios","twitter_misc":{"Escrito por":"tabernaculo","Tiempo de lectura":"4 minutos"},"schema":{"@context":"https:\/\/schema.org","@graph":[{"@type":"Article","@id":"https:\/\/tabernaculoprensadedios.com\/web\/salgan-del-valle-y-entren-en-el-refrigerio\/#article","isPartOf":{"@id":"https:\/\/tabernaculoprensadedios.com\/web\/salgan-del-valle-y-entren-en-el-refrigerio\/"},"author":{"name":"tabernaculo","@id":"https:\/\/tabernaculoprensadedios.com\/web\/#\/schema\/person\/bc0e069fef56b38e177db6f098ae0b6e"},"headline":"Salgan del valle y entren en el refrigerio","datePublished":"2021-06-09T15:41:02+00:00","mainEntityOfPage":{"@id":"https:\/\/tabernaculoprensadedios.com\/web\/salgan-del-valle-y-entren-en-el-refrigerio\/"},"wordCount":884,"commentCount":0,"publisher":{"@id":"https:\/\/tabernaculoprensadedios.com\/web\/#\/schema\/person\/bc0e069fef56b38e177db6f098ae0b6e"},"image":{"@id":"https:\/\/tabernaculoprensadedios.com\/web\/salgan-del-valle-y-entren-en-el-refrigerio\/#primaryimage"},"thumbnailUrl":"https:\/\/tabernaculoprensadedios.com\/web\/wp-content\/uploads\/2021\/06\/valle.jpg","articleSection":["Principal"],"inLanguage":"es","potentialAction":[{"@type":"CommentAction","name":"Comment","target":["https:\/\/tabernaculoprensadedios.com\/web\/salgan-del-valle-y-entren-en-el-refrigerio\/#respond"]}]},{"@type":"WebPage","@id":"https:\/\/tabernaculoprensadedios.com\/web\/salgan-del-valle-y-entren-en-el-refrigerio\/","url":"https:\/\/tabernaculoprensadedios.com\/web\/salgan-del-valle-y-entren-en-el-refrigerio\/","name":"Salgan del valle y entren en el refrigerio - Tabernaculo Prensa de Dios","isPartOf":{"@id":"https:\/\/tabernaculoprensadedios.com\/web\/#website"},"primaryImageOfPage":{"@id":"https:\/\/tabernaculoprensadedios.com\/web\/salgan-del-valle-y-entren-en-el-refrigerio\/#primaryimage"},"image":{"@id":"https:\/\/tabernaculoprensadedios.com\/web\/salgan-del-valle-y-entren-en-el-refrigerio\/#primaryimage"},"thumbnailUrl":"https:\/\/tabernaculoprensadedios.com\/web\/wp-content\/uploads\/2021\/06\/valle.jpg","datePublished":"2021-06-09T15:41:02+00:00","breadcrumb":{"@id":"https:\/\/tabernaculoprensadedios.com\/web\/salgan-del-valle-y-entren-en-el-refrigerio\/#breadcrumb"},"inLanguage":"es","potentialAction":[{"@type":"ReadAction","target":["https:\/\/tabernaculoprensadedios.com\/web\/salgan-del-valle-y-entren-en-el-refrigerio\/"]}]},{"@type":"ImageObject","inLanguage":"es","@id":"https:\/\/tabernaculoprensadedios.com\/web\/salgan-del-valle-y-entren-en-el-refrigerio\/#primaryimage","url":"https:\/\/tabernaculoprensadedios.com\/web\/wp-content\/uploads\/2021\/06\/valle.jpg","contentUrl":"https:\/\/tabernaculoprensadedios.com\/web\/wp-content\/uploads\/2021\/06\/valle.jpg","width":1280,"height":847},{"@type":"BreadcrumbList","@id":"https:\/\/tabernaculoprensadedios.com\/web\/salgan-del-valle-y-entren-en-el-refrigerio\/#breadcrumb","itemListElement":[{"@type":"ListItem","position":1,"name":"Portada","item":"https:\/\/tabernaculoprensadedios.com\/web\/"},{"@type":"ListItem","position":2,"name":"Salgan del valle y entren en el refrigerio"}]},{"@type":"WebSite","@id":"https:\/\/tabernaculoprensadedios.com\/web\/#website","url":"https:\/\/tabernaculoprensadedios.com\/web\/","name":"Tabernaculo Prensa de Dios","description":"Un medio a la manera de Dios","publisher":{"@id":"https:\/\/tabernaculoprensadedios.com\/web\/#\/schema\/person\/bc0e069fef56b38e177db6f098ae0b6e"},"potentialAction":[{"@type":"SearchAction","target":{"@type":"EntryPoint","urlTemplate":"https:\/\/tabernaculoprensadedios.com\/web\/?s={search_term_string}"},"query-input":{"@type":"PropertyValueSpecification","valueRequired":true,"valueName":"search_term_string"}}],"inLanguage":"es"},{"@type":["Person","Organization"],"@id":"https:\/\/tabernaculoprensadedios.com\/web\/#\/schema\/person\/bc0e069fef56b38e177db6f098ae0b6e","name":"tabernaculo","image":{"@type":"ImageObject","inLanguage":"es","@id":"https:\/\/tabernaculoprensadedios.com\/web\/#\/schema\/person\/image\/","url":"https:\/\/tabernaculoprensadedios.com\/web\/wp-content\/uploads\/2015\/06\/login-logo1.png","contentUrl":"https:\/\/tabernaculoprensadedios.com\/web\/wp-content\/uploads\/2015\/06\/login-logo1.png","width":300,"height":118,"caption":"tabernaculo"},"logo":{"@id":"https:\/\/tabernaculoprensadedios.com\/web\/#\/schema\/person\/image\/"},"url":"https:\/\/tabernaculoprensadedios.com\/web\/author\/tabernaculo\/"}]}},"_links":{"self":[{"href":"https:\/\/tabernaculoprensadedios.com\/web\/wp-json\/wp\/v2\/posts\/22041","targetHints":{"allow":["GET"]}}],"collection":[{"href":"https:\/\/tabernaculoprensadedios.com\/web\/wp-json\/wp\/v2\/posts"}],"about":[{"href":"https:\/\/tabernaculoprensadedios.com\/web\/wp-json\/wp\/v2\/types\/post"}],"author":[{"embeddable":true,"href":"https:\/\/tabernaculoprensadedios.com\/web\/wp-json\/wp\/v2\/users\/1"}],"replies":[{"embeddable":true,"href":"https:\/\/tabernaculoprensadedios.com\/web\/wp-json\/wp\/v2\/comments?post=22041"}],"version-history":[{"count":1,"href":"https:\/\/tabernaculoprensadedios.com\/web\/wp-json\/wp\/v2\/posts\/22041\/revisions"}],"predecessor-version":[{"id":22043,"href":"https:\/\/tabernaculoprensadedios.com\/web\/wp-json\/wp\/v2\/posts\/22041\/revisions\/22043"}],"wp:featuredmedia":[{"embeddable":true,"href":"https:\/\/tabernaculoprensadedios.com\/web\/wp-json\/wp\/v2\/media\/22042"}],"wp:attachment":[{"href":"https:\/\/tabernaculoprensadedios.com\/web\/wp-json\/wp\/v2\/media?parent=22041"}],"wp:term":[{"taxonomy":"category","embeddable":true,"href":"https:\/\/tabernaculoprensadedios.com\/web\/wp-json\/wp\/v2\/categories?post=22041"},{"taxonomy":"post_tag","embeddable":true,"href":"https:\/\/tabernaculoprensadedios.com\/web\/wp-json\/wp\/v2\/tags?post=22041"}],"curies":[{"name":"wp","href":"https:\/\/api.w.org\/{rel}","templated":true}]}}