{"id":22029,"date":"2021-06-08T02:44:34","date_gmt":"2021-06-08T02:44:34","guid":{"rendered":"http:\/\/tabernaculoprensadedios.com\/web\/?p=22029"},"modified":"2021-06-08T02:44:34","modified_gmt":"2021-06-08T02:44:34","slug":"pastores-reunidos-en-la-ifb-motivan-a-su-feligresia-a-vacunarse-contra-el-covid-19","status":"publish","type":"post","link":"https:\/\/tabernaculoprensadedios.com\/web\/pastores-reunidos-en-la-ifb-motivan-a-su-feligresia-a-vacunarse-contra-el-covid-19\/","title":{"rendered":"Pastores  reunidos en la  IFB motivan a su feligres\u00eda a vacunarse contra el COVID 19"},"content":{"rendered":"<p><span lang=\"ES-DO\">Pastores \u00a0de diferentes iglesias e instituciones cristianas de la provincia\u00a0 reunidos en la Iglesia Fundamento B\u00edblico (IFB) mostraron \u00a0hicieron un llamado y motivaron a su feligres\u00eda a vacunarse contra la pandemia\u00a0 con las dosis correspondientes para evitar m\u00e1s muertes en el pa\u00eds.<\/span><\/p>\n<p><span lang=\"ES-DO\">\u00a0\u00c1ngel Castillo, pastor principal\u00a0 junto a todo su equipo de colaboradores y m\u00e1s de\u00a0 80 pastores reunidos en las instalaciones de la\u00a0 IFB en el Ensanches Ozama, llamaron \u00a0a los cristianos de las congregaciones presentes a aplicarse su vacuna anti covid-19, al tiempo que respald\u00f3 que se deben mantener en 100 % todas \u00a0las medidas sanitarias que implementan las autoridades de Salud P\u00fablica. \u201cA los diferentes grupos de las iglesias: J\u00f3venes, adultos y adultos mayores \u00a0les digo que acudan a los centros de vacunaci\u00f3n y que no dejarse llevar por informaciones\u00a0 no oficiales sobre el problema tenga ning\u00fan prejuicio, que hay muchas desinformaci\u00f3n en las redes sociales\u201d, dijo \u00c1ngel Castillo.<\/span><\/p>\n<p><span lang=\"ES-DO\">En otro aspecto, el pastor \u00a0de la IFB,\u00a0 en Santo Domingo Este, \u00c1ngel Castillo, informo que\u00a0 el Ministerio de Misericordia \u201cAyudando a otros\u201d, ha repartido 1,600 raciones \u00a0equivalente a 40 mil libras\u00a0 un\u00a0 arroz denominado\u00a0 Manna Pack,\u00a0 un producto que <\/span><span lang=\"ES\">\u00a0complementa las necesidades nutricionales y reducir los problemas de desnutrici\u00f3n en pa\u00edses pobres.<\/span><span lang=\"ES\">\u00a0<\/span><\/p>\n<p><a href=\"http:\/\/tabernaculoprensadedios.com\/web\/wp-content\/uploads\/2021\/06\/pastores-reunidos.jpg\"><img loading=\"lazy\" decoding=\"async\" class=\"aligncenter size-full wp-image-22030\" src=\"http:\/\/tabernaculoprensadedios.com\/web\/wp-content\/uploads\/2021\/06\/pastores-reunidos.jpg\" alt=\"\" width=\"959\" height=\"564\" srcset=\"https:\/\/tabernaculoprensadedios.com\/web\/wp-content\/uploads\/2021\/06\/pastores-reunidos.jpg 959w, https:\/\/tabernaculoprensadedios.com\/web\/wp-content\/uploads\/2021\/06\/pastores-reunidos-600x353.jpg 600w, https:\/\/tabernaculoprensadedios.com\/web\/wp-content\/uploads\/2021\/06\/pastores-reunidos-300x176.jpg 300w, https:\/\/tabernaculoprensadedios.com\/web\/wp-content\/uploads\/2021\/06\/pastores-reunidos-768x452.jpg 768w, https:\/\/tabernaculoprensadedios.com\/web\/wp-content\/uploads\/2021\/06\/pastores-reunidos-714x420.jpg 714w, https:\/\/tabernaculoprensadedios.com\/web\/wp-content\/uploads\/2021\/06\/pastores-reunidos-640x376.jpg 640w, https:\/\/tabernaculoprensadedios.com\/web\/wp-content\/uploads\/2021\/06\/pastores-reunidos-681x401.jpg 681w\" sizes=\"auto, (max-width: 959px) 100vw, 959px\" \/><\/a><\/p>\n<p><span lang=\"ES\">Castillo informo que las donaciones fueron repartidas por medio de iglesias, fundaciones de Villa Mella, Santo Domingo Norte; en la \u00a0Regi\u00f3n Sur (Azua, Vereda, el Toro, Guayabal, Carrisal) la\u00a0 provincia El\u00edas Pinas, esto gracias a las manos generosas del ministerio cristiano Buckner Dominicana.<\/span><\/p>\n<p><span lang=\"ES\">\u00a0\u00a0Tambi\u00e9n se entregaron 300 libros\u00a0 a 150\u00a0 pastores quienes se comprometieron a\u00a0 realizar\u00a0 lecturas y comentarios. La donaci\u00f3n realizada por la denominaci\u00f3n <\/span><span lang=\"ES-DO\">Grace Baptist Church, en Canad\u00e1. Las consideraciones externadas por el pastor \u00c1ngel Castillo, fueron dentro de la jornada de capacitaci\u00f3n pastoral que celebra su ministerio todos los meses, para la ocasi\u00f3n se est\u00e1 desarrollando el curso sobre Teolog\u00eda B\u00edblica \u00a0a cargo del pastor Rafael Alc\u00e1ntara. <\/span><\/p>\n","protected":false},"excerpt":{"rendered":"<p>Pastores \u00a0de diferentes iglesias e instituciones cristianas de la provincia\u00a0 reunidos en la Iglesia Fundamento B\u00edblico (IFB) mostraron \u00a0hicieron un llamado y motivaron a su feligres\u00eda a vacunarse contra la pandemia\u00a0 con las dosis correspondientes para evitar m\u00e1s muertes en el pa\u00eds. \u00a0\u00c1ngel Castillo, pastor principal\u00a0 junto a todo su equipo de colaboradores y m\u00e1s &hellip;<\/p>\n","protected":false},"author":1,"featured_media":22031,"comment_status":"open","ping_status":"open","sticky":false,"template":"","format":"standard","meta":{"footnotes":""},"categories":[39],"tags":[],"class_list":["post-22029","post","type-post","status-publish","format-standard","has-post-thumbnail","hentry","category-almomento"],"yoast_head":"<!-- This site is optimized with the Yoast SEO Premium plugin v24.2 (Yoast SEO v27.1.1) - https:\/\/yoast.com\/product\/yoast-seo-premium-wordpress\/ -->\n<title>Pastores reunidos en la IFB motivan a su feligres\u00eda a vacunarse contra el COVID 19 - Tabernaculo Prensa de Dios<\/title>\n<meta name=\"robots\" content=\"index, follow, max-snippet:-1, max-image-preview:large, max-video-preview:-1\" \/>\n<link rel=\"canonical\" href=\"https:\/\/tabernaculoprensadedios.com\/web\/pastores-reunidos-en-la-ifb-motivan-a-su-feligresia-a-vacunarse-contra-el-covid-19\/\" class=\"yoast-seo-meta-tag\" \/>\n<meta property=\"og:locale\" content=\"es_ES\" class=\"yoast-seo-meta-tag\" \/>\n<meta property=\"og:type\" content=\"article\" class=\"yoast-seo-meta-tag\" \/>\n<meta property=\"og:title\" content=\"Pastores reunidos en la IFB motivan a su feligres\u00eda a vacunarse contra el COVID 19\" class=\"yoast-seo-meta-tag\" \/>\n<meta property=\"og:description\" content=\"Pastores \u00a0de diferentes iglesias e instituciones cristianas de la provincia\u00a0 reunidos en la Iglesia Fundamento B\u00edblico (IFB) mostraron \u00a0hicieron un llamado y motivaron a su feligres\u00eda a vacunarse contra la pandemia\u00a0 con las dosis correspondientes para evitar m\u00e1s muertes en el pa\u00eds. \u00a0\u00c1ngel Castillo, pastor principal\u00a0 junto a todo su equipo de colaboradores y m\u00e1s &hellip;\" class=\"yoast-seo-meta-tag\" \/>\n<meta property=\"og:url\" content=\"https:\/\/tabernaculoprensadedios.com\/web\/pastores-reunidos-en-la-ifb-motivan-a-su-feligresia-a-vacunarse-contra-el-covid-19\/\" class=\"yoast-seo-meta-tag\" \/>\n<meta property=\"og:site_name\" content=\"Tabernaculo Prensa de Dios\" class=\"yoast-seo-meta-tag\" \/>\n<meta property=\"article:published_time\" content=\"2021-06-08T02:44:34+00:00\" class=\"yoast-seo-meta-tag\" \/>\n<meta property=\"og:image\" content=\"https:\/\/tabernaculoprensadedios.com\/web\/wp-content\/uploads\/2021\/06\/angel-castillo1.jpg\" class=\"yoast-seo-meta-tag\" \/>\n\t<meta property=\"og:image:width\" content=\"720\" class=\"yoast-seo-meta-tag\" \/>\n\t<meta property=\"og:image:height\" content=\"548\" class=\"yoast-seo-meta-tag\" \/>\n\t<meta property=\"og:image:type\" content=\"image\/jpeg\" class=\"yoast-seo-meta-tag\" \/>\n<meta name=\"author\" content=\"tabernaculo\" class=\"yoast-seo-meta-tag\" \/>\n<meta name=\"twitter:card\" content=\"summary_large_image\" class=\"yoast-seo-meta-tag\" \/>\n<meta name=\"twitter:creator\" content=\"@PrensadeDios\" class=\"yoast-seo-meta-tag\" \/>\n<meta name=\"twitter:site\" content=\"@PrensadeDios\" class=\"yoast-seo-meta-tag\" \/>\n<meta name=\"twitter:label1\" content=\"Escrito por\" class=\"yoast-seo-meta-tag\" \/>\n\t<meta name=\"twitter:data1\" content=\"tabernaculo\" class=\"yoast-seo-meta-tag\" \/>\n\t<meta name=\"twitter:label2\" content=\"Tiempo de lectura\" class=\"yoast-seo-meta-tag\" \/>\n\t<meta name=\"twitter:data2\" content=\"2 minutos\" class=\"yoast-seo-meta-tag\" \/>\n<script type=\"application\/ld+json\" class=\"yoast-schema-graph\">{\"@context\":\"https:\/\/schema.org\",\"@graph\":[{\"@type\":\"Article\",\"@id\":\"https:\/\/tabernaculoprensadedios.com\/web\/pastores-reunidos-en-la-ifb-motivan-a-su-feligresia-a-vacunarse-contra-el-covid-19\/#article\",\"isPartOf\":{\"@id\":\"https:\/\/tabernaculoprensadedios.com\/web\/pastores-reunidos-en-la-ifb-motivan-a-su-feligresia-a-vacunarse-contra-el-covid-19\/\"},\"author\":{\"name\":\"tabernaculo\",\"@id\":\"https:\/\/tabernaculoprensadedios.com\/web\/#\/schema\/person\/bc0e069fef56b38e177db6f098ae0b6e\"},\"headline\":\"Pastores reunidos en la IFB motivan a su feligres\u00eda a vacunarse contra el COVID 19\",\"datePublished\":\"2021-06-08T02:44:34+00:00\",\"mainEntityOfPage\":{\"@id\":\"https:\/\/tabernaculoprensadedios.com\/web\/pastores-reunidos-en-la-ifb-motivan-a-su-feligresia-a-vacunarse-contra-el-covid-19\/\"},\"wordCount\":345,\"commentCount\":0,\"publisher\":{\"@id\":\"https:\/\/tabernaculoprensadedios.com\/web\/#\/schema\/person\/bc0e069fef56b38e177db6f098ae0b6e\"},\"image\":{\"@id\":\"https:\/\/tabernaculoprensadedios.com\/web\/pastores-reunidos-en-la-ifb-motivan-a-su-feligresia-a-vacunarse-contra-el-covid-19\/#primaryimage\"},\"thumbnailUrl\":\"https:\/\/tabernaculoprensadedios.com\/web\/wp-content\/uploads\/2021\/06\/angel-castillo1.jpg\",\"articleSection\":[\"almomento\"],\"inLanguage\":\"es\",\"potentialAction\":[{\"@type\":\"CommentAction\",\"name\":\"Comment\",\"target\":[\"https:\/\/tabernaculoprensadedios.com\/web\/pastores-reunidos-en-la-ifb-motivan-a-su-feligresia-a-vacunarse-contra-el-covid-19\/#respond\"]}]},{\"@type\":\"WebPage\",\"@id\":\"https:\/\/tabernaculoprensadedios.com\/web\/pastores-reunidos-en-la-ifb-motivan-a-su-feligresia-a-vacunarse-contra-el-covid-19\/\",\"url\":\"https:\/\/tabernaculoprensadedios.com\/web\/pastores-reunidos-en-la-ifb-motivan-a-su-feligresia-a-vacunarse-contra-el-covid-19\/\",\"name\":\"Pastores reunidos en la IFB motivan a su feligres\u00eda a vacunarse contra el COVID 19 - Tabernaculo Prensa de Dios\",\"isPartOf\":{\"@id\":\"https:\/\/tabernaculoprensadedios.com\/web\/#website\"},\"primaryImageOfPage\":{\"@id\":\"https:\/\/tabernaculoprensadedios.com\/web\/pastores-reunidos-en-la-ifb-motivan-a-su-feligresia-a-vacunarse-contra-el-covid-19\/#primaryimage\"},\"image\":{\"@id\":\"https:\/\/tabernaculoprensadedios.com\/web\/pastores-reunidos-en-la-ifb-motivan-a-su-feligresia-a-vacunarse-contra-el-covid-19\/#primaryimage\"},\"thumbnailUrl\":\"https:\/\/tabernaculoprensadedios.com\/web\/wp-content\/uploads\/2021\/06\/angel-castillo1.jpg\",\"datePublished\":\"2021-06-08T02:44:34+00:00\",\"breadcrumb\":{\"@id\":\"https:\/\/tabernaculoprensadedios.com\/web\/pastores-reunidos-en-la-ifb-motivan-a-su-feligresia-a-vacunarse-contra-el-covid-19\/#breadcrumb\"},\"inLanguage\":\"es\",\"potentialAction\":[{\"@type\":\"ReadAction\",\"target\":[\"https:\/\/tabernaculoprensadedios.com\/web\/pastores-reunidos-en-la-ifb-motivan-a-su-feligresia-a-vacunarse-contra-el-covid-19\/\"]}]},{\"@type\":\"ImageObject\",\"inLanguage\":\"es\",\"@id\":\"https:\/\/tabernaculoprensadedios.com\/web\/pastores-reunidos-en-la-ifb-motivan-a-su-feligresia-a-vacunarse-contra-el-covid-19\/#primaryimage\",\"url\":\"https:\/\/tabernaculoprensadedios.com\/web\/wp-content\/uploads\/2021\/06\/angel-castillo1.jpg\",\"contentUrl\":\"https:\/\/tabernaculoprensadedios.com\/web\/wp-content\/uploads\/2021\/06\/angel-castillo1.jpg\",\"width\":720,\"height\":548},{\"@type\":\"BreadcrumbList\",\"@id\":\"https:\/\/tabernaculoprensadedios.com\/web\/pastores-reunidos-en-la-ifb-motivan-a-su-feligresia-a-vacunarse-contra-el-covid-19\/#breadcrumb\",\"itemListElement\":[{\"@type\":\"ListItem\",\"position\":1,\"name\":\"Portada\",\"item\":\"https:\/\/tabernaculoprensadedios.com\/web\/\"},{\"@type\":\"ListItem\",\"position\":2,\"name\":\"Pastores reunidos en la IFB motivan a su feligres\u00eda a vacunarse contra el COVID 19\"}]},{\"@type\":\"WebSite\",\"@id\":\"https:\/\/tabernaculoprensadedios.com\/web\/#website\",\"url\":\"https:\/\/tabernaculoprensadedios.com\/web\/\",\"name\":\"Tabernaculo Prensa de Dios\",\"description\":\"Un medio a la manera de Dios\",\"publisher\":{\"@id\":\"https:\/\/tabernaculoprensadedios.com\/web\/#\/schema\/person\/bc0e069fef56b38e177db6f098ae0b6e\"},\"potentialAction\":[{\"@type\":\"SearchAction\",\"target\":{\"@type\":\"EntryPoint\",\"urlTemplate\":\"https:\/\/tabernaculoprensadedios.com\/web\/?s={search_term_string}\"},\"query-input\":{\"@type\":\"PropertyValueSpecification\",\"valueRequired\":true,\"valueName\":\"search_term_string\"}}],\"inLanguage\":\"es\"},{\"@type\":[\"Person\",\"Organization\"],\"@id\":\"https:\/\/tabernaculoprensadedios.com\/web\/#\/schema\/person\/bc0e069fef56b38e177db6f098ae0b6e\",\"name\":\"tabernaculo\",\"image\":{\"@type\":\"ImageObject\",\"inLanguage\":\"es\",\"@id\":\"https:\/\/tabernaculoprensadedios.com\/web\/#\/schema\/person\/image\/\",\"url\":\"https:\/\/tabernaculoprensadedios.com\/web\/wp-content\/uploads\/2015\/06\/login-logo1.png\",\"contentUrl\":\"https:\/\/tabernaculoprensadedios.com\/web\/wp-content\/uploads\/2015\/06\/login-logo1.png\",\"width\":300,\"height\":118,\"caption\":\"tabernaculo\"},\"logo\":{\"@id\":\"https:\/\/tabernaculoprensadedios.com\/web\/#\/schema\/person\/image\/\"},\"url\":\"https:\/\/tabernaculoprensadedios.com\/web\/author\/tabernaculo\/\"}]}<\/script>\n<!-- \/ Yoast SEO Premium plugin. -->","yoast_head_json":{"title":"Pastores reunidos en la IFB motivan a su feligres\u00eda a vacunarse contra el COVID 19 - Tabernaculo Prensa de Dios","robots":{"index":"index","follow":"follow","max-snippet":"max-snippet:-1","max-image-preview":"max-image-preview:large","max-video-preview":"max-video-preview:-1"},"canonical":"https:\/\/tabernaculoprensadedios.com\/web\/pastores-reunidos-en-la-ifb-motivan-a-su-feligresia-a-vacunarse-contra-el-covid-19\/","og_locale":"es_ES","og_type":"article","og_title":"Pastores reunidos en la IFB motivan a su feligres\u00eda a vacunarse contra el COVID 19","og_description":"Pastores \u00a0de diferentes iglesias e instituciones cristianas de la provincia\u00a0 reunidos en la Iglesia Fundamento B\u00edblico (IFB) mostraron \u00a0hicieron un llamado y motivaron a su feligres\u00eda a vacunarse contra la pandemia\u00a0 con las dosis correspondientes para evitar m\u00e1s muertes en el pa\u00eds. \u00a0\u00c1ngel Castillo, pastor principal\u00a0 junto a todo su equipo de colaboradores y m\u00e1s &hellip;","og_url":"https:\/\/tabernaculoprensadedios.com\/web\/pastores-reunidos-en-la-ifb-motivan-a-su-feligresia-a-vacunarse-contra-el-covid-19\/","og_site_name":"Tabernaculo Prensa de Dios","article_published_time":"2021-06-08T02:44:34+00:00","og_image":[{"width":720,"height":548,"url":"https:\/\/tabernaculoprensadedios.com\/web\/wp-content\/uploads\/2021\/06\/angel-castillo1.jpg","type":"image\/jpeg"}],"author":"tabernaculo","twitter_card":"summary_large_image","twitter_creator":"@PrensadeDios","twitter_site":"@PrensadeDios","twitter_misc":{"Escrito por":"tabernaculo","Tiempo de lectura":"2 minutos"},"schema":{"@context":"https:\/\/schema.org","@graph":[{"@type":"Article","@id":"https:\/\/tabernaculoprensadedios.com\/web\/pastores-reunidos-en-la-ifb-motivan-a-su-feligresia-a-vacunarse-contra-el-covid-19\/#article","isPartOf":{"@id":"https:\/\/tabernaculoprensadedios.com\/web\/pastores-reunidos-en-la-ifb-motivan-a-su-feligresia-a-vacunarse-contra-el-covid-19\/"},"author":{"name":"tabernaculo","@id":"https:\/\/tabernaculoprensadedios.com\/web\/#\/schema\/person\/bc0e069fef56b38e177db6f098ae0b6e"},"headline":"Pastores reunidos en la IFB motivan a su feligres\u00eda a vacunarse contra el COVID 19","datePublished":"2021-06-08T02:44:34+00:00","mainEntityOfPage":{"@id":"https:\/\/tabernaculoprensadedios.com\/web\/pastores-reunidos-en-la-ifb-motivan-a-su-feligresia-a-vacunarse-contra-el-covid-19\/"},"wordCount":345,"commentCount":0,"publisher":{"@id":"https:\/\/tabernaculoprensadedios.com\/web\/#\/schema\/person\/bc0e069fef56b38e177db6f098ae0b6e"},"image":{"@id":"https:\/\/tabernaculoprensadedios.com\/web\/pastores-reunidos-en-la-ifb-motivan-a-su-feligresia-a-vacunarse-contra-el-covid-19\/#primaryimage"},"thumbnailUrl":"https:\/\/tabernaculoprensadedios.com\/web\/wp-content\/uploads\/2021\/06\/angel-castillo1.jpg","articleSection":["almomento"],"inLanguage":"es","potentialAction":[{"@type":"CommentAction","name":"Comment","target":["https:\/\/tabernaculoprensadedios.com\/web\/pastores-reunidos-en-la-ifb-motivan-a-su-feligresia-a-vacunarse-contra-el-covid-19\/#respond"]}]},{"@type":"WebPage","@id":"https:\/\/tabernaculoprensadedios.com\/web\/pastores-reunidos-en-la-ifb-motivan-a-su-feligresia-a-vacunarse-contra-el-covid-19\/","url":"https:\/\/tabernaculoprensadedios.com\/web\/pastores-reunidos-en-la-ifb-motivan-a-su-feligresia-a-vacunarse-contra-el-covid-19\/","name":"Pastores reunidos en la IFB motivan a su feligres\u00eda a vacunarse contra el COVID 19 - Tabernaculo Prensa de Dios","isPartOf":{"@id":"https:\/\/tabernaculoprensadedios.com\/web\/#website"},"primaryImageOfPage":{"@id":"https:\/\/tabernaculoprensadedios.com\/web\/pastores-reunidos-en-la-ifb-motivan-a-su-feligresia-a-vacunarse-contra-el-covid-19\/#primaryimage"},"image":{"@id":"https:\/\/tabernaculoprensadedios.com\/web\/pastores-reunidos-en-la-ifb-motivan-a-su-feligresia-a-vacunarse-contra-el-covid-19\/#primaryimage"},"thumbnailUrl":"https:\/\/tabernaculoprensadedios.com\/web\/wp-content\/uploads\/2021\/06\/angel-castillo1.jpg","datePublished":"2021-06-08T02:44:34+00:00","breadcrumb":{"@id":"https:\/\/tabernaculoprensadedios.com\/web\/pastores-reunidos-en-la-ifb-motivan-a-su-feligresia-a-vacunarse-contra-el-covid-19\/#breadcrumb"},"inLanguage":"es","potentialAction":[{"@type":"ReadAction","target":["https:\/\/tabernaculoprensadedios.com\/web\/pastores-reunidos-en-la-ifb-motivan-a-su-feligresia-a-vacunarse-contra-el-covid-19\/"]}]},{"@type":"ImageObject","inLanguage":"es","@id":"https:\/\/tabernaculoprensadedios.com\/web\/pastores-reunidos-en-la-ifb-motivan-a-su-feligresia-a-vacunarse-contra-el-covid-19\/#primaryimage","url":"https:\/\/tabernaculoprensadedios.com\/web\/wp-content\/uploads\/2021\/06\/angel-castillo1.jpg","contentUrl":"https:\/\/tabernaculoprensadedios.com\/web\/wp-content\/uploads\/2021\/06\/angel-castillo1.jpg","width":720,"height":548},{"@type":"BreadcrumbList","@id":"https:\/\/tabernaculoprensadedios.com\/web\/pastores-reunidos-en-la-ifb-motivan-a-su-feligresia-a-vacunarse-contra-el-covid-19\/#breadcrumb","itemListElement":[{"@type":"ListItem","position":1,"name":"Portada","item":"https:\/\/tabernaculoprensadedios.com\/web\/"},{"@type":"ListItem","position":2,"name":"Pastores reunidos en la IFB motivan a su feligres\u00eda a vacunarse contra el COVID 19"}]},{"@type":"WebSite","@id":"https:\/\/tabernaculoprensadedios.com\/web\/#website","url":"https:\/\/tabernaculoprensadedios.com\/web\/","name":"Tabernaculo Prensa de Dios","description":"Un medio a la manera de Dios","publisher":{"@id":"https:\/\/tabernaculoprensadedios.com\/web\/#\/schema\/person\/bc0e069fef56b38e177db6f098ae0b6e"},"potentialAction":[{"@type":"SearchAction","target":{"@type":"EntryPoint","urlTemplate":"https:\/\/tabernaculoprensadedios.com\/web\/?s={search_term_string}"},"query-input":{"@type":"PropertyValueSpecification","valueRequired":true,"valueName":"search_term_string"}}],"inLanguage":"es"},{"@type":["Person","Organization"],"@id":"https:\/\/tabernaculoprensadedios.com\/web\/#\/schema\/person\/bc0e069fef56b38e177db6f098ae0b6e","name":"tabernaculo","image":{"@type":"ImageObject","inLanguage":"es","@id":"https:\/\/tabernaculoprensadedios.com\/web\/#\/schema\/person\/image\/","url":"https:\/\/tabernaculoprensadedios.com\/web\/wp-content\/uploads\/2015\/06\/login-logo1.png","contentUrl":"https:\/\/tabernaculoprensadedios.com\/web\/wp-content\/uploads\/2015\/06\/login-logo1.png","width":300,"height":118,"caption":"tabernaculo"},"logo":{"@id":"https:\/\/tabernaculoprensadedios.com\/web\/#\/schema\/person\/image\/"},"url":"https:\/\/tabernaculoprensadedios.com\/web\/author\/tabernaculo\/"}]}},"_links":{"self":[{"href":"https:\/\/tabernaculoprensadedios.com\/web\/wp-json\/wp\/v2\/posts\/22029","targetHints":{"allow":["GET"]}}],"collection":[{"href":"https:\/\/tabernaculoprensadedios.com\/web\/wp-json\/wp\/v2\/posts"}],"about":[{"href":"https:\/\/tabernaculoprensadedios.com\/web\/wp-json\/wp\/v2\/types\/post"}],"author":[{"embeddable":true,"href":"https:\/\/tabernaculoprensadedios.com\/web\/wp-json\/wp\/v2\/users\/1"}],"replies":[{"embeddable":true,"href":"https:\/\/tabernaculoprensadedios.com\/web\/wp-json\/wp\/v2\/comments?post=22029"}],"version-history":[{"count":1,"href":"https:\/\/tabernaculoprensadedios.com\/web\/wp-json\/wp\/v2\/posts\/22029\/revisions"}],"predecessor-version":[{"id":22032,"href":"https:\/\/tabernaculoprensadedios.com\/web\/wp-json\/wp\/v2\/posts\/22029\/revisions\/22032"}],"wp:featuredmedia":[{"embeddable":true,"href":"https:\/\/tabernaculoprensadedios.com\/web\/wp-json\/wp\/v2\/media\/22031"}],"wp:attachment":[{"href":"https:\/\/tabernaculoprensadedios.com\/web\/wp-json\/wp\/v2\/media?parent=22029"}],"wp:term":[{"taxonomy":"category","embeddable":true,"href":"https:\/\/tabernaculoprensadedios.com\/web\/wp-json\/wp\/v2\/categories?post=22029"},{"taxonomy":"post_tag","embeddable":true,"href":"https:\/\/tabernaculoprensadedios.com\/web\/wp-json\/wp\/v2\/tags?post=22029"}],"curies":[{"name":"wp","href":"https:\/\/api.w.org\/{rel}","templated":true}]}}