{"id":21758,"date":"2021-04-30T20:33:08","date_gmt":"2021-04-30T20:33:08","guid":{"rendered":"http:\/\/tabernaculoprensadedios.com\/web\/?p=21758"},"modified":"2021-04-30T20:33:08","modified_gmt":"2021-04-30T20:33:08","slug":"el-vestido-de-los-escogidos","status":"publish","type":"post","link":"https:\/\/tabernaculoprensadedios.com\/web\/el-vestido-de-los-escogidos\/","title":{"rendered":"El vestido de los escogidos"},"content":{"rendered":"<p>\u00bfCu\u00e1l es el vestido de los escogidos? Si vivimos los preceptos del Reino de Dios debemos adoptar sus costumbres. Pablo nos se\u00f1ala el nuevo vestido que debe ponerse el hijo Dios.\u00a0 <strong>Colosenses 3:12-14<\/strong><\/p>\n<p>Dios cre\u00f3 al hombre sin ropa, y si el pecado no hubiera aparecido en el Ed\u00e9n, hasta el d\u00eda de hoy siguiera desnudo, sin avergonzarse.<\/p>\n<p>\u00bfQu\u00e9 pas\u00f3 despu\u00e9s? Que cuando el hombre desobedeci\u00f3 al Se\u00f1or, y tom\u00f3 del fruto prohibido, descubri\u00f3 que estaba desnudo y elabor\u00f3 su primer vestido. Pero el hombre descubri\u00f3 que era un mal dise\u00f1ador de modas, porque el vestido que se hizo de hojas de higuera pronto se sec\u00f3 cuando el sol calent\u00f3. As\u00ed que tuvo que venir Dios el que s\u00ed sabe c\u00f3mo vestir al cuerpo, y dise\u00f1\u00f3 para los dos un vestido caracterizado por la durabilidad del material pues fue hecho de piel de animal, para lo cual hubo que hacer un sacrificio.<\/p>\n<p>Desde entonces hasta hoy los vestidos con los que el hombre cubre su cuerpo tienen el sello de la cultura, de las modas y del gusto de la carne. En esto no ser\u00e1 extra\u00f1o ver todo tipo de extravagancia que van desde los que se cubren totalmente, como el caso de las \u201cburka\u201d de los talibanes, hasta los que no se cubren casi nada porque les gusta exhibir sus cuerpos. Y es en medio de estas referencias terrenales acerca del vestir que aparece una nueva vestimenta, no tanto la que cubre el cuerpo, sino la vestimenta del alma, la del esp\u00edritu y sobre todo la del coraz\u00f3n.<\/p>\n<p>Para el mensaje de esta ocasi\u00f3n Pablo nos va a hablar de vestirnos como se viste un escogido de Dios, que no es cualquier vestido, sino el vestido que Dios mismo ha dise\u00f1ado para cubrir el alma. Esto lo hace el Se\u00f1or a trav\u00e9s de un nuevo imperativo llamado \u201cvest\u00edos\u201d. S\u00ed, el llamado es a vestirnos como corresponde a los escogidos de Dios; el vestido que nos acompa\u00f1ar\u00e1 hasta la eternidad. Consideremos, pues, los colores del vestido de un \u201cescogidos de Dios\u201d.<\/p>\n<p><strong>Es un vestido con el color de la santidad<\/strong><\/p>\n<p><strong>Es el color de la separaci\u00f3n divina<\/strong><\/p>\n<p><strong>Colosenses 3:12<\/strong>. Hay tres imperativos en este cap\u00edtulo que hablan de la misma idea del vestido: \u201cDespojaos, revest\u00edos y vest\u00edos\u201d. Todos ellos apuntan hacia la misma idea de un nuevo estado, de una nueva condici\u00f3n de vida. Todo esto para decirnos de la ropa que no debe vestir un escogido de Dios y de la nueva que debe ser su marca y su distintivo. El t\u00e9rmino \u201cdespojaos\u201d del viejo hombre es una manera de decirnos que hay un vestido que apesta por los pecados de la carne y por los pecados del car\u00e1cter.<\/p>\n<p>Note como la frase \u201cvest\u00edos, pues, como escogidos de Dios\u201d es distintiva. No es cualquier cosa saber que hemos sido escogidos por Dios. Esto habla de predestinaci\u00f3n, de elecci\u00f3n previa y de una salvaci\u00f3n que se prepar\u00f3 de antemano. Y en esa lista, lo primero que se nos dice es que el vestido de un escogido de Dios debe ser santo. Esto tiene que ver con un vestido digno de lo que ahora somos. La palabra \u201csantos\u201d es una clara referencia a que fuimos apartados de los dem\u00e1s para ser un pueblo distinto. En la vida nueva, el color blanco y la santidad son dos maneras para hablar del mismo tema. Los santos en el cielo solo visten vestiduras blancas.<\/p>\n<p><strong>Es el color de la distinci\u00f3n divina<\/strong><\/p>\n<p><strong>Colosenses 3:2<\/strong>. Uso mucho la palabra \u201camados\u201d cuando escribo o presento un saludo. Y es que esta es una palabra muy tierna usada por Pablo para hablar del nuevo vestido que ahora tenemos en Cristo. Simplemente imag\u00ednese lo que usted y yo \u00e9ramos antes de venir a Cristo. T\u00e9rminos como \u201cenemigos, extranjeros, advenedizos, extra\u00f1os, imp\u00edos e injustos\u201d eran los m\u00e1s usados para referirse a nuestra condici\u00f3n antes de recibir la salvaci\u00f3n. Pero ahora, despu\u00e9s de recibir a Cristo como el salvador, Dios nos ha dado una distinci\u00f3n que es \u00fanica y especial al llamarnos \u201camados\u201d.<\/p>\n<p>He aqu\u00ed una poderosa raz\u00f3n que debe motivarnos a adquirir las virtudes de Cristo. Somos amados por Dios a pesar de ser tan pecadores (<strong>Romanos 5:8<\/strong>). Y hemos sido amados por Dios para que ahora tengamos la capacidad de amar a otros. Por cierto, no somos dados a amar de una manera natural y espont\u00e1nea, porque poseemos una naturaleza ego\u00edsta. Pero el ser reconocido por Dios bajo esta manera nos coloca en la posici\u00f3n m\u00e1s elevada con la que Dios nos ha distinguido.<\/p>\n<p><strong>Es un vestido con el color de la compasi\u00f3n<\/strong><\/p>\n<p><strong>De entra\u00f1able misericordia<\/strong><\/p>\n<p><strong>Colosenses 3:12b<\/strong>. La traducci\u00f3n de esta palabra ser\u00eda \u201ccompasi\u00f3n sentida profundamente en las entra\u00f1as\u201d. Pablo sinti\u00f3 esto mismo por los hermanos filipenses cuando puso como testigo al mismo Se\u00f1or para referirse a la clase de amor que mov\u00eda sus entra\u00f1as cuando pensaba y oraba por ellos (<strong>Fil<\/strong><strong>ipenses 1:8<\/strong>).<\/p>\n<p>\u00bfCu\u00e1l es el sentido de esta compasi\u00f3n? Es aquella capacidad para identificarnos con nuestros hermanos que sintamos lo que ellos sientan, gozarnos con sus alegr\u00edas, pero tambi\u00e9n llorar con sus tristezas. La idea de este sentimiento tan profundo de afecto fraternal es que cuando estemos con nuestros hermanos disfrutemos sinceramente de su compa\u00f1\u00eda, que nos conmovemos de coraz\u00f3n al pensar en ellos y que los a\u00f1oremos cuando no los veamos.<\/p>\n<p>Es verdad, de acuerdo con lo que Jes\u00fas dijo, que \u201cpor haberse multiplicado la maldad, el amor de muchos se enfriar\u00e1\u201d (<strong>Mateo 24:12<\/strong>), y si bien es cierto que esto pareciera ser el contagio de algunos creyentes, por cuanto tomaron la decisi\u00f3n de no reunirse m\u00e1s con sus hermanos, el amor entra\u00f1able debe movernos a buscarlos, a llamarlos y manifestarles cu\u00e1nto anhelamos verlos otra vez con nosotros.<\/p>\n<p><strong>De benignidad y humildad<\/strong><\/p>\n<p><strong>Colosenses 3:12c<\/strong>. La bondad se define como la compasi\u00f3n en acci\u00f3n. De nada sirve los buenos deseos, sino activamos nuestras buenas obras. Lo que sabemos es que los buenos sentimientos conducen a la formaci\u00f3n de un car\u00e1cter bondadoso, amable y cari\u00f1oso. Y por supuesto que para que esto suceda, la humildad como parte del fruto del Esp\u00edritu, debe estar asociada con esta acci\u00f3n. Veamos estas dos virtudes en la par\u00e1bola del \u201cBuen samaritano\u201d.<\/p>\n<p>El hombre echado en el camino, que fue golpeado mientras descend\u00eda de Jerusal\u00e9n, amerita la puesta en marcha de un amor en acci\u00f3n. As\u00ed que mientras los dos religiosos se acercaron a cierta distancia, pero luego siguieron de largo, el buen samaritano se movi\u00f3 en sus entra\u00f1as y comenz\u00f3 a poner en pr\u00e1ctica las virtudes de las que ya ten\u00eda. Primero lo vemos descender de su cabalgadura, y ya de por si esa acci\u00f3n revela su humildad.<\/p>\n<p>Su benignidad se puso de manifiesto cuando se acerc\u00f3, lo tom\u00f3 en sus brazos, cur\u00f3 sus heridas con aceite, y despu\u00e9s d\u00e1ndole vino para fortalecer su cuerpo adolorido. El resto de lo que hizo va a revelarnos que no debemos amar de palabras, sino de hecho y en verdad.<\/p>\n<p><strong>Es un vestido con el color de la tolerancia<\/strong><\/p>\n<p><strong>Soport\u00e1ndonos y perdon\u00e1ndonos unos a otros<\/strong><\/p>\n<p><strong>Colosenses 3:13.<\/strong> Este es el otro vestido que se pone el creyente al momento de haber conocido a Cristo. Debo advertir que esto no es f\u00e1cil. El ser humano tiene una tendencia a no reconocer sus errores, por un lado, pero tampoco a soportar y hasta perdonar aquellos que le ofenden. El esp\u00edritu de Sans\u00f3n pareciera ser el que m\u00e1s domina al momento de ser tolerantes. Sans\u00f3n le pidi\u00f3 a Dios que le devolviera sus fuerzas, aunque era por \u00faltima vez, para tomar venganza por sus ojos.<\/p>\n<p>La tolerancia que incluye el soportar y perdonar a otros no siempre es una virtud que se ve en los creyentes. Nos gusta que sean tolerantes con nosotros, que nos estimen y se acuerden de nuestra condici\u00f3n, pero no siempre estamos listos para hacer lo mismo con otros. Cuando buscamos un modelo de soportar y perdonar, nadie podr\u00e1 superar a nuestro amado Cristo.<\/p>\n<p>\u00bfTe has detenido a contar las veces que el Se\u00f1or te ha perdonado cuando has pecado contra su amor y su santidad? Si algo debe distinguir el vestido de un aut\u00e9ntico creyente es el aprender a soportar y perdonar a los dem\u00e1s. Seremos creyentes m\u00e1s felices cuando esto hagamos. Soporte a los dem\u00e1s.<\/p>\n<p><strong>De la manera como Cristo nos perdon\u00f3\u2026<\/strong><\/p>\n<p><strong>Colosenses 3:13b<\/strong>. Cuando le\u00ed este vers\u00edculo me qued\u00e9 meditando en su real significado. \u00bfQu\u00e9 significa para nosotros perdonar a otros? \u00bfCu\u00e1l es la medida de mi perd\u00f3n? \u00bfSer\u00e1 hasta siete veces como calculaba Pedro? Algunos creyentes que tienen problemas en perdonar a otros no han le\u00eddo la advertencia que esto encierra. Jes\u00fas nos dej\u00f3 dos grandes ense\u00f1anzas acerca de esto tanto en el Padre nuestro como en la par\u00e1bola de los deudores.<\/p>\n<p>En ambas ense\u00f1anzas nos hizo ver que el perd\u00f3n de Dios no s\u00f3lo debe animarnos a que lo practiquemos de igual manera, sino que, si no lo hacemos, no se nos quitar\u00e1 si no perdonamos. \u00bfNos damos cuenta de lo serio que es esto? Como yo entiendo el texto, si no perdono de coraz\u00f3n a mi hermano tampoco ser\u00e9 perdonado por Dios; y si Dios no me perdona no tengo entrada al reino del Se\u00f1or. \u00bfO no es as\u00ed?<\/p>\n<p>Nos gusta la historia de Zaqueo por todos los detalles que rode\u00f3 su osad\u00eda de subirse en un \u00e1rbol para ver a Jes\u00fas por su estatura, pero nos olvidamos de aplicar su resoluci\u00f3n de devolver lo que hab\u00eda robado. Jes\u00fas nos ense\u00f1\u00f3 a perdonar no solo siete veces, sino hasta setenta veces siete. Eso es perd\u00f3n.<\/p>\n<p><strong>Es un vestido con el color del amor<\/strong><\/p>\n<p><strong>Y sobre todas estas cosas vest\u00edos de amor\u2026<\/strong><\/p>\n<p><strong>Colosenses 3:14.<\/strong> Me encanta este vers\u00edculo. Es como si Pablo estuviera dici\u00e9ndonos \u201cno importa si olvidaron los dem\u00e1s vestidos, si se ponen \u00e9ste, esto ser\u00e1 suficiente\u201d. Pero debemos confesar que no es f\u00e1cil predicar acerca del amor, porque es tanto lo que hemos o\u00eddo de \u00e9l que podemos caer en la tentaci\u00f3n en decir: \u201cOtra vez van a hablar del amor\u201d. Pero debemos hablar de este texto.<\/p>\n<p>Bien pudi\u00e9ramos decir que las dem\u00e1s virtudes son como la ropa interior que nos adorna por dentro, pero el vestido del amor es la real cara que mostramos a los dem\u00e1s. \u00bfCu\u00e1l es la virtud con la que m\u00e1s te conocen? Si no es la del amor deber\u00edas estar preocupado. Todo esto lo decimos porque el amor ciertamente es la suma de todas las virtudes. Pero, sobre todo, el amor es la m\u00e1xima expresi\u00f3n de la vida de Cristo en nosotros.<\/p>\n<p>Vestirse de amor es la prenda que m\u00e1s se distingue, es la virtud que corona a todas las dem\u00e1s virtudes, es lo que da origen al fruto del Esp\u00edritu y es lo que cubre multitudes de pecados. Cuando a Jes\u00fas se le pregunt\u00f3 acerca de cu\u00e1l era el primer y m\u00e1s grande mandamiento no vacil\u00f3 en decir que era el amor a Dios. Y Pablo puso al amor por encima de los dones espirituales. Por esto, \u201csobre todas las cosas vest\u00edos de amor\u201d.<\/p>\n<p><strong>Que es el v\u00ednculo perfecto<\/strong><\/p>\n<p><strong>Colosenses 3:14b.<\/strong> La versi\u00f3n (NTV) traduce este texto as\u00ed: \u201cSobre todo, v\u00edstanse de amor, lo cual nos une a todos en perfecta armon\u00eda\u201d. El \u201cvestido\u201d m\u00e1s elegante de los creyentes en la congregaci\u00f3n no es el que est\u00e1 de moda, ni el que nos ponemos para las ocasiones especiales. El \u201cvestido del amor\u201d me pone al nivel de cada uno de mis hermanos. Cuando me visto as\u00ed veo a todos mis hermanos igual que yo.<\/p>\n<p>En la vida hay muchas cosas con las que podemos estar unidos, pero ninguna de ellas nos llenar\u00e1 de tanta satisfacci\u00f3n como aquella que nos une el amor como el v\u00ednculo perfecto. La vida puede tener muchas carencias, pero si tiene el amor de Cristo lo tendr\u00e1 todo. Y el Se\u00f1or le dio tanta importancia a esto que cuando habl\u00f3 a sus disc\u00edpulos de un nuevo mandamiento para que ellos se amaran los unos a los otros, dijo \u201cUn mandamiento nuevo os doy: Que os am\u00e9is unos a otros; como yo os he amado, que tambi\u00e9n os am\u00e9is unos a otros. En esto conocer\u00e1n todos que sois mis disc\u00edpulos, si tuviereis amor los unos con los otros\u201d (<strong>Juan 13:34,\u00a035<\/strong>).<\/p>\n<p>La medida de ese amor entre nosotros es igual a como Cristo tambi\u00e9n nos am\u00f3.<\/p>\n<p><strong>El vestido de los escogidos<\/strong><\/p>\n<p>\u00bfC\u00f3mo reacciona usted cuando ve a un polic\u00eda vistiendo su uniforme? \u00bfNo es cierto que su color infunde respeto? \u00bfSe ha puesto a pensar lo que significa ponerse el vestido de un escogido de Dios? No es un vestido cualquiera. El que no ha sido salvo no posee ese vestido, en todo caso el tiene el vestido del viejo hombre.<\/p>\n<p>El vestido de un escogido de Dios ha sido dise\u00f1ado por el mismo Dios, no temporal como el que le hizo a Ad\u00e1n y a Eva cuando pecaron contra \u00e9l, sino un vestido con el que refleja su santidad, su compasi\u00f3n, su tolerancia, pero, sobre todo, el vestido del amor; lo mas importante para un escogido de Dios.<\/p>\n<p>Y hablando de la necesidad de mantener ese vestido puesto, alguien lo expres\u00f3 de la siguiente manera:<\/p>\n<p><em>Cuando para alguien sea tropiezo mientras mi orgullo aumenta, D\u00cdMELO. Cuando me veas andar por el camino sin luz, cuando me veas huir de la presencia de Dios, LL\u00c1MAME. En el momento que me veas d\u00e9bil, ca\u00eddo, llevando mi vida hasta el mundo falaz, ZARAND\u00c9AME. Si me ves que tropiezo, me hundo, me caigo, destrozo, lastimo, que lucho y me pierdo, GR\u00cdTAME. Cuando me veas que hiero, cr\u00edtico, cuando de testificar me olvido, REPR\u00c9NDEME. Cuando, hermano, me veas perdido, lejos del camino que Dios nos traz\u00f3, ENDER\u00c9ZAME, pero sobre, hermano, \u00c1MAME\u201d.<\/em><\/p>\n<p>\u201cY sobre todas estas cosas vest\u00edos de amor, que es el v\u00ednculo perfecto\u201d. Nunca salga sin ponerse ese vestido.<\/p>\n","protected":false},"excerpt":{"rendered":"<p>\u00bfCu\u00e1l es el vestido de los escogidos? Si vivimos los preceptos del Reino de Dios debemos adoptar sus costumbres. Pablo nos se\u00f1ala el nuevo vestido que debe ponerse el hijo Dios.\u00a0 Colosenses 3:12-14 Dios cre\u00f3 al hombre sin ropa, y si el pecado no hubiera aparecido en el Ed\u00e9n, hasta el d\u00eda de hoy siguiera &hellip;<\/p>\n","protected":false},"author":2,"featured_media":21759,"comment_status":"open","ping_status":"open","sticky":false,"template":"","format":"standard","meta":{"footnotes":""},"categories":[34],"tags":[],"class_list":["post-21758","post","type-post","status-publish","format-standard","has-post-thumbnail","hentry","category-articulos"],"yoast_head":"<!-- This site is optimized with the Yoast SEO Premium plugin v24.2 (Yoast SEO v27.1.1) - https:\/\/yoast.com\/product\/yoast-seo-premium-wordpress\/ -->\n<title>El vestido de los escogidos - Tabernaculo Prensa de Dios<\/title>\n<meta name=\"robots\" content=\"index, follow, max-snippet:-1, max-image-preview:large, max-video-preview:-1\" \/>\n<link rel=\"canonical\" href=\"https:\/\/tabernaculoprensadedios.com\/web\/el-vestido-de-los-escogidos\/\" class=\"yoast-seo-meta-tag\" \/>\n<meta property=\"og:locale\" content=\"es_ES\" class=\"yoast-seo-meta-tag\" \/>\n<meta property=\"og:type\" content=\"article\" class=\"yoast-seo-meta-tag\" \/>\n<meta property=\"og:title\" content=\"El vestido de los escogidos\" class=\"yoast-seo-meta-tag\" \/>\n<meta property=\"og:description\" content=\"\u00bfCu\u00e1l es el vestido de los escogidos? Si vivimos los preceptos del Reino de Dios debemos adoptar sus costumbres. Pablo nos se\u00f1ala el nuevo vestido que debe ponerse el hijo Dios.\u00a0 Colosenses 3:12-14 Dios cre\u00f3 al hombre sin ropa, y si el pecado no hubiera aparecido en el Ed\u00e9n, hasta el d\u00eda de hoy siguiera &hellip;\" class=\"yoast-seo-meta-tag\" \/>\n<meta property=\"og:url\" content=\"https:\/\/tabernaculoprensadedios.com\/web\/el-vestido-de-los-escogidos\/\" class=\"yoast-seo-meta-tag\" \/>\n<meta property=\"og:site_name\" content=\"Tabernaculo Prensa de Dios\" class=\"yoast-seo-meta-tag\" \/>\n<meta property=\"article:published_time\" content=\"2021-04-30T20:33:08+00:00\" class=\"yoast-seo-meta-tag\" \/>\n<meta property=\"og:image\" content=\"https:\/\/tabernaculoprensadedios.com\/web\/wp-content\/uploads\/2021\/04\/20170905_all_about_bible-979x514-979x514-1.jpg\" class=\"yoast-seo-meta-tag\" \/>\n\t<meta property=\"og:image:width\" content=\"979\" class=\"yoast-seo-meta-tag\" \/>\n\t<meta property=\"og:image:height\" content=\"514\" class=\"yoast-seo-meta-tag\" \/>\n\t<meta property=\"og:image:type\" content=\"image\/jpeg\" class=\"yoast-seo-meta-tag\" \/>\n<meta name=\"author\" content=\"Malga\" class=\"yoast-seo-meta-tag\" \/>\n<meta name=\"twitter:card\" content=\"summary_large_image\" class=\"yoast-seo-meta-tag\" \/>\n<meta name=\"twitter:creator\" content=\"@PrensadeDios\" class=\"yoast-seo-meta-tag\" \/>\n<meta name=\"twitter:site\" content=\"@PrensadeDios\" class=\"yoast-seo-meta-tag\" \/>\n<meta name=\"twitter:label1\" content=\"Escrito por\" class=\"yoast-seo-meta-tag\" \/>\n\t<meta name=\"twitter:data1\" content=\"Malga\" class=\"yoast-seo-meta-tag\" \/>\n\t<meta name=\"twitter:label2\" content=\"Tiempo de lectura\" class=\"yoast-seo-meta-tag\" \/>\n\t<meta name=\"twitter:data2\" content=\"12 minutos\" class=\"yoast-seo-meta-tag\" \/>\n<script type=\"application\/ld+json\" class=\"yoast-schema-graph\">{\"@context\":\"https:\/\/schema.org\",\"@graph\":[{\"@type\":\"Article\",\"@id\":\"https:\/\/tabernaculoprensadedios.com\/web\/el-vestido-de-los-escogidos\/#article\",\"isPartOf\":{\"@id\":\"https:\/\/tabernaculoprensadedios.com\/web\/el-vestido-de-los-escogidos\/\"},\"author\":{\"name\":\"Malga\",\"@id\":\"https:\/\/tabernaculoprensadedios.com\/web\/#\/schema\/person\/64ae3a8b2e245c8b8652b1294ca1860a\"},\"headline\":\"El vestido de los escogidos\",\"datePublished\":\"2021-04-30T20:33:08+00:00\",\"mainEntityOfPage\":{\"@id\":\"https:\/\/tabernaculoprensadedios.com\/web\/el-vestido-de-los-escogidos\/\"},\"wordCount\":2463,\"commentCount\":0,\"publisher\":{\"@id\":\"https:\/\/tabernaculoprensadedios.com\/web\/#\/schema\/person\/bc0e069fef56b38e177db6f098ae0b6e\"},\"image\":{\"@id\":\"https:\/\/tabernaculoprensadedios.com\/web\/el-vestido-de-los-escogidos\/#primaryimage\"},\"thumbnailUrl\":\"https:\/\/tabernaculoprensadedios.com\/web\/wp-content\/uploads\/2021\/04\/20170905_all_about_bible-979x514-979x514-1.jpg\",\"articleSection\":[\"Articulos\"],\"inLanguage\":\"es\",\"potentialAction\":[{\"@type\":\"CommentAction\",\"name\":\"Comment\",\"target\":[\"https:\/\/tabernaculoprensadedios.com\/web\/el-vestido-de-los-escogidos\/#respond\"]}]},{\"@type\":\"WebPage\",\"@id\":\"https:\/\/tabernaculoprensadedios.com\/web\/el-vestido-de-los-escogidos\/\",\"url\":\"https:\/\/tabernaculoprensadedios.com\/web\/el-vestido-de-los-escogidos\/\",\"name\":\"El vestido de los escogidos - Tabernaculo Prensa de Dios\",\"isPartOf\":{\"@id\":\"https:\/\/tabernaculoprensadedios.com\/web\/#website\"},\"primaryImageOfPage\":{\"@id\":\"https:\/\/tabernaculoprensadedios.com\/web\/el-vestido-de-los-escogidos\/#primaryimage\"},\"image\":{\"@id\":\"https:\/\/tabernaculoprensadedios.com\/web\/el-vestido-de-los-escogidos\/#primaryimage\"},\"thumbnailUrl\":\"https:\/\/tabernaculoprensadedios.com\/web\/wp-content\/uploads\/2021\/04\/20170905_all_about_bible-979x514-979x514-1.jpg\",\"datePublished\":\"2021-04-30T20:33:08+00:00\",\"breadcrumb\":{\"@id\":\"https:\/\/tabernaculoprensadedios.com\/web\/el-vestido-de-los-escogidos\/#breadcrumb\"},\"inLanguage\":\"es\",\"potentialAction\":[{\"@type\":\"ReadAction\",\"target\":[\"https:\/\/tabernaculoprensadedios.com\/web\/el-vestido-de-los-escogidos\/\"]}]},{\"@type\":\"ImageObject\",\"inLanguage\":\"es\",\"@id\":\"https:\/\/tabernaculoprensadedios.com\/web\/el-vestido-de-los-escogidos\/#primaryimage\",\"url\":\"https:\/\/tabernaculoprensadedios.com\/web\/wp-content\/uploads\/2021\/04\/20170905_all_about_bible-979x514-979x514-1.jpg\",\"contentUrl\":\"https:\/\/tabernaculoprensadedios.com\/web\/wp-content\/uploads\/2021\/04\/20170905_all_about_bible-979x514-979x514-1.jpg\",\"width\":979,\"height\":514},{\"@type\":\"BreadcrumbList\",\"@id\":\"https:\/\/tabernaculoprensadedios.com\/web\/el-vestido-de-los-escogidos\/#breadcrumb\",\"itemListElement\":[{\"@type\":\"ListItem\",\"position\":1,\"name\":\"Portada\",\"item\":\"https:\/\/tabernaculoprensadedios.com\/web\/\"},{\"@type\":\"ListItem\",\"position\":2,\"name\":\"El vestido de los escogidos\"}]},{\"@type\":\"WebSite\",\"@id\":\"https:\/\/tabernaculoprensadedios.com\/web\/#website\",\"url\":\"https:\/\/tabernaculoprensadedios.com\/web\/\",\"name\":\"Tabernaculo Prensa de Dios\",\"description\":\"Un medio a la manera de Dios\",\"publisher\":{\"@id\":\"https:\/\/tabernaculoprensadedios.com\/web\/#\/schema\/person\/bc0e069fef56b38e177db6f098ae0b6e\"},\"potentialAction\":[{\"@type\":\"SearchAction\",\"target\":{\"@type\":\"EntryPoint\",\"urlTemplate\":\"https:\/\/tabernaculoprensadedios.com\/web\/?s={search_term_string}\"},\"query-input\":{\"@type\":\"PropertyValueSpecification\",\"valueRequired\":true,\"valueName\":\"search_term_string\"}}],\"inLanguage\":\"es\"},{\"@type\":[\"Person\",\"Organization\"],\"@id\":\"https:\/\/tabernaculoprensadedios.com\/web\/#\/schema\/person\/bc0e069fef56b38e177db6f098ae0b6e\",\"name\":\"tabernaculo\",\"image\":{\"@type\":\"ImageObject\",\"inLanguage\":\"es\",\"@id\":\"https:\/\/tabernaculoprensadedios.com\/web\/#\/schema\/person\/image\/\",\"url\":\"https:\/\/tabernaculoprensadedios.com\/web\/wp-content\/uploads\/2015\/06\/login-logo1.png\",\"contentUrl\":\"https:\/\/tabernaculoprensadedios.com\/web\/wp-content\/uploads\/2015\/06\/login-logo1.png\",\"width\":300,\"height\":118,\"caption\":\"tabernaculo\"},\"logo\":{\"@id\":\"https:\/\/tabernaculoprensadedios.com\/web\/#\/schema\/person\/image\/\"}},{\"@type\":\"Person\",\"@id\":\"https:\/\/tabernaculoprensadedios.com\/web\/#\/schema\/person\/64ae3a8b2e245c8b8652b1294ca1860a\",\"name\":\"Malga\",\"image\":{\"@type\":\"ImageObject\",\"inLanguage\":\"es\",\"@id\":\"https:\/\/tabernaculoprensadedios.com\/web\/#\/schema\/person\/image\/\",\"url\":\"\/\/www.gravatar.com\/avatar\/b06041ad78a6d3dd6b8d5ebf9704448e?s=96&#038;r=g&#038;d=mm\",\"contentUrl\":\"\/\/www.gravatar.com\/avatar\/b06041ad78a6d3dd6b8d5ebf9704448e?s=96&#038;r=g&#038;d=mm\",\"caption\":\"Malga\"},\"url\":\"https:\/\/tabernaculoprensadedios.com\/web\/author\/malga\/\"}]}<\/script>\n<!-- \/ Yoast SEO Premium plugin. -->","yoast_head_json":{"title":"El vestido de los escogidos - Tabernaculo Prensa de Dios","robots":{"index":"index","follow":"follow","max-snippet":"max-snippet:-1","max-image-preview":"max-image-preview:large","max-video-preview":"max-video-preview:-1"},"canonical":"https:\/\/tabernaculoprensadedios.com\/web\/el-vestido-de-los-escogidos\/","og_locale":"es_ES","og_type":"article","og_title":"El vestido de los escogidos","og_description":"\u00bfCu\u00e1l es el vestido de los escogidos? Si vivimos los preceptos del Reino de Dios debemos adoptar sus costumbres. Pablo nos se\u00f1ala el nuevo vestido que debe ponerse el hijo Dios.\u00a0 Colosenses 3:12-14 Dios cre\u00f3 al hombre sin ropa, y si el pecado no hubiera aparecido en el Ed\u00e9n, hasta el d\u00eda de hoy siguiera &hellip;","og_url":"https:\/\/tabernaculoprensadedios.com\/web\/el-vestido-de-los-escogidos\/","og_site_name":"Tabernaculo Prensa de Dios","article_published_time":"2021-04-30T20:33:08+00:00","og_image":[{"width":979,"height":514,"url":"https:\/\/tabernaculoprensadedios.com\/web\/wp-content\/uploads\/2021\/04\/20170905_all_about_bible-979x514-979x514-1.jpg","type":"image\/jpeg"}],"author":"Malga","twitter_card":"summary_large_image","twitter_creator":"@PrensadeDios","twitter_site":"@PrensadeDios","twitter_misc":{"Escrito por":"Malga","Tiempo de lectura":"12 minutos"},"schema":{"@context":"https:\/\/schema.org","@graph":[{"@type":"Article","@id":"https:\/\/tabernaculoprensadedios.com\/web\/el-vestido-de-los-escogidos\/#article","isPartOf":{"@id":"https:\/\/tabernaculoprensadedios.com\/web\/el-vestido-de-los-escogidos\/"},"author":{"name":"Malga","@id":"https:\/\/tabernaculoprensadedios.com\/web\/#\/schema\/person\/64ae3a8b2e245c8b8652b1294ca1860a"},"headline":"El vestido de los escogidos","datePublished":"2021-04-30T20:33:08+00:00","mainEntityOfPage":{"@id":"https:\/\/tabernaculoprensadedios.com\/web\/el-vestido-de-los-escogidos\/"},"wordCount":2463,"commentCount":0,"publisher":{"@id":"https:\/\/tabernaculoprensadedios.com\/web\/#\/schema\/person\/bc0e069fef56b38e177db6f098ae0b6e"},"image":{"@id":"https:\/\/tabernaculoprensadedios.com\/web\/el-vestido-de-los-escogidos\/#primaryimage"},"thumbnailUrl":"https:\/\/tabernaculoprensadedios.com\/web\/wp-content\/uploads\/2021\/04\/20170905_all_about_bible-979x514-979x514-1.jpg","articleSection":["Articulos"],"inLanguage":"es","potentialAction":[{"@type":"CommentAction","name":"Comment","target":["https:\/\/tabernaculoprensadedios.com\/web\/el-vestido-de-los-escogidos\/#respond"]}]},{"@type":"WebPage","@id":"https:\/\/tabernaculoprensadedios.com\/web\/el-vestido-de-los-escogidos\/","url":"https:\/\/tabernaculoprensadedios.com\/web\/el-vestido-de-los-escogidos\/","name":"El vestido de los escogidos - Tabernaculo Prensa de Dios","isPartOf":{"@id":"https:\/\/tabernaculoprensadedios.com\/web\/#website"},"primaryImageOfPage":{"@id":"https:\/\/tabernaculoprensadedios.com\/web\/el-vestido-de-los-escogidos\/#primaryimage"},"image":{"@id":"https:\/\/tabernaculoprensadedios.com\/web\/el-vestido-de-los-escogidos\/#primaryimage"},"thumbnailUrl":"https:\/\/tabernaculoprensadedios.com\/web\/wp-content\/uploads\/2021\/04\/20170905_all_about_bible-979x514-979x514-1.jpg","datePublished":"2021-04-30T20:33:08+00:00","breadcrumb":{"@id":"https:\/\/tabernaculoprensadedios.com\/web\/el-vestido-de-los-escogidos\/#breadcrumb"},"inLanguage":"es","potentialAction":[{"@type":"ReadAction","target":["https:\/\/tabernaculoprensadedios.com\/web\/el-vestido-de-los-escogidos\/"]}]},{"@type":"ImageObject","inLanguage":"es","@id":"https:\/\/tabernaculoprensadedios.com\/web\/el-vestido-de-los-escogidos\/#primaryimage","url":"https:\/\/tabernaculoprensadedios.com\/web\/wp-content\/uploads\/2021\/04\/20170905_all_about_bible-979x514-979x514-1.jpg","contentUrl":"https:\/\/tabernaculoprensadedios.com\/web\/wp-content\/uploads\/2021\/04\/20170905_all_about_bible-979x514-979x514-1.jpg","width":979,"height":514},{"@type":"BreadcrumbList","@id":"https:\/\/tabernaculoprensadedios.com\/web\/el-vestido-de-los-escogidos\/#breadcrumb","itemListElement":[{"@type":"ListItem","position":1,"name":"Portada","item":"https:\/\/tabernaculoprensadedios.com\/web\/"},{"@type":"ListItem","position":2,"name":"El vestido de los escogidos"}]},{"@type":"WebSite","@id":"https:\/\/tabernaculoprensadedios.com\/web\/#website","url":"https:\/\/tabernaculoprensadedios.com\/web\/","name":"Tabernaculo Prensa de Dios","description":"Un medio a la manera de Dios","publisher":{"@id":"https:\/\/tabernaculoprensadedios.com\/web\/#\/schema\/person\/bc0e069fef56b38e177db6f098ae0b6e"},"potentialAction":[{"@type":"SearchAction","target":{"@type":"EntryPoint","urlTemplate":"https:\/\/tabernaculoprensadedios.com\/web\/?s={search_term_string}"},"query-input":{"@type":"PropertyValueSpecification","valueRequired":true,"valueName":"search_term_string"}}],"inLanguage":"es"},{"@type":["Person","Organization"],"@id":"https:\/\/tabernaculoprensadedios.com\/web\/#\/schema\/person\/bc0e069fef56b38e177db6f098ae0b6e","name":"tabernaculo","image":{"@type":"ImageObject","inLanguage":"es","@id":"https:\/\/tabernaculoprensadedios.com\/web\/#\/schema\/person\/image\/","url":"https:\/\/tabernaculoprensadedios.com\/web\/wp-content\/uploads\/2015\/06\/login-logo1.png","contentUrl":"https:\/\/tabernaculoprensadedios.com\/web\/wp-content\/uploads\/2015\/06\/login-logo1.png","width":300,"height":118,"caption":"tabernaculo"},"logo":{"@id":"https:\/\/tabernaculoprensadedios.com\/web\/#\/schema\/person\/image\/"}},{"@type":"Person","@id":"https:\/\/tabernaculoprensadedios.com\/web\/#\/schema\/person\/64ae3a8b2e245c8b8652b1294ca1860a","name":"Malga","image":{"@type":"ImageObject","inLanguage":"es","@id":"https:\/\/tabernaculoprensadedios.com\/web\/#\/schema\/person\/image\/","url":"\/\/www.gravatar.com\/avatar\/b06041ad78a6d3dd6b8d5ebf9704448e?s=96&#038;r=g&#038;d=mm","contentUrl":"\/\/www.gravatar.com\/avatar\/b06041ad78a6d3dd6b8d5ebf9704448e?s=96&#038;r=g&#038;d=mm","caption":"Malga"},"url":"https:\/\/tabernaculoprensadedios.com\/web\/author\/malga\/"}]}},"_links":{"self":[{"href":"https:\/\/tabernaculoprensadedios.com\/web\/wp-json\/wp\/v2\/posts\/21758","targetHints":{"allow":["GET"]}}],"collection":[{"href":"https:\/\/tabernaculoprensadedios.com\/web\/wp-json\/wp\/v2\/posts"}],"about":[{"href":"https:\/\/tabernaculoprensadedios.com\/web\/wp-json\/wp\/v2\/types\/post"}],"author":[{"embeddable":true,"href":"https:\/\/tabernaculoprensadedios.com\/web\/wp-json\/wp\/v2\/users\/2"}],"replies":[{"embeddable":true,"href":"https:\/\/tabernaculoprensadedios.com\/web\/wp-json\/wp\/v2\/comments?post=21758"}],"version-history":[{"count":1,"href":"https:\/\/tabernaculoprensadedios.com\/web\/wp-json\/wp\/v2\/posts\/21758\/revisions"}],"predecessor-version":[{"id":21760,"href":"https:\/\/tabernaculoprensadedios.com\/web\/wp-json\/wp\/v2\/posts\/21758\/revisions\/21760"}],"wp:featuredmedia":[{"embeddable":true,"href":"https:\/\/tabernaculoprensadedios.com\/web\/wp-json\/wp\/v2\/media\/21759"}],"wp:attachment":[{"href":"https:\/\/tabernaculoprensadedios.com\/web\/wp-json\/wp\/v2\/media?parent=21758"}],"wp:term":[{"taxonomy":"category","embeddable":true,"href":"https:\/\/tabernaculoprensadedios.com\/web\/wp-json\/wp\/v2\/categories?post=21758"},{"taxonomy":"post_tag","embeddable":true,"href":"https:\/\/tabernaculoprensadedios.com\/web\/wp-json\/wp\/v2\/tags?post=21758"}],"curies":[{"name":"wp","href":"https:\/\/api.w.org\/{rel}","templated":true}]}}