{"id":21431,"date":"2021-03-24T22:09:06","date_gmt":"2021-03-24T22:09:06","guid":{"rendered":"http:\/\/tabernaculoprensadedios.com\/web\/?p=21431"},"modified":"2021-03-28T19:08:22","modified_gmt":"2021-03-28T19:08:22","slug":"unev-hueco-caribe-y-cives-mundi-aperturan-en-recinto-miraflores-centro-coworking","status":"publish","type":"post","link":"https:\/\/tabernaculoprensadedios.com\/web\/unev-hueco-caribe-y-cives-mundi-aperturan-en-recinto-miraflores-centro-coworking\/","title":{"rendered":"UNEV, HUECO CARIBE y CIVES MUNDI aperturan en recinto Miraflores Centro Coworking"},"content":{"rendered":"<p>En busca de crear un espacio de trabajo para los emprendedores de la localidad, estudiantes de la instituci\u00f3n y personas en condici\u00f3n de movilidad humana, la Universidad Nacional Evang\u00e9lica (UNEV), la Asociaci\u00f3n Hueco Caribe y CIVES MUNDI, dejaron inaugurado el Coworking hueco\/UNEV.<\/p>\n<p>El Ing. Epifanio Gonz\u00e1lez Minaya rector de la UNEV, expres\u00f3 que las universidades tienen un compromiso con la sociedad y una forma de cumplir esta misi\u00f3n es a trav\u00e9s del emprendimiento y la generaci\u00f3n de empleos, de ah\u00ed la importancia de las IES (entidades de educaci\u00f3n superior) deben enfocarse en formar profesionales no para el empleo sino para ser emprendedores.<\/p>\n<p><a href=\"http:\/\/tabernaculoprensadedios.com\/web\/wp-content\/uploads\/2021\/03\/WhatsApp-Image-2021-03-26-at-10.54.29-PM.jpeg\"><img loading=\"lazy\" decoding=\"async\" class=\"aligncenter size-full wp-image-21440\" src=\"http:\/\/tabernaculoprensadedios.com\/web\/wp-content\/uploads\/2021\/03\/WhatsApp-Image-2021-03-26-at-10.54.29-PM.jpeg\" alt=\"\" width=\"1280\" height=\"853\" srcset=\"https:\/\/tabernaculoprensadedios.com\/web\/wp-content\/uploads\/2021\/03\/WhatsApp-Image-2021-03-26-at-10.54.29-PM.jpeg 1280w, https:\/\/tabernaculoprensadedios.com\/web\/wp-content\/uploads\/2021\/03\/WhatsApp-Image-2021-03-26-at-10.54.29-PM-600x400.jpeg 600w, https:\/\/tabernaculoprensadedios.com\/web\/wp-content\/uploads\/2021\/03\/WhatsApp-Image-2021-03-26-at-10.54.29-PM-300x200.jpeg 300w, https:\/\/tabernaculoprensadedios.com\/web\/wp-content\/uploads\/2021\/03\/WhatsApp-Image-2021-03-26-at-10.54.29-PM-1024x682.jpeg 1024w, https:\/\/tabernaculoprensadedios.com\/web\/wp-content\/uploads\/2021\/03\/WhatsApp-Image-2021-03-26-at-10.54.29-PM-768x512.jpeg 768w, https:\/\/tabernaculoprensadedios.com\/web\/wp-content\/uploads\/2021\/03\/WhatsApp-Image-2021-03-26-at-10.54.29-PM-630x420.jpeg 630w, https:\/\/tabernaculoprensadedios.com\/web\/wp-content\/uploads\/2021\/03\/WhatsApp-Image-2021-03-26-at-10.54.29-PM-640x427.jpeg 640w, https:\/\/tabernaculoprensadedios.com\/web\/wp-content\/uploads\/2021\/03\/WhatsApp-Image-2021-03-26-at-10.54.29-PM-681x454.jpeg 681w\" sizes=\"auto, (max-width: 1280px) 100vw, 1280px\" \/><\/a><\/p>\n<p>Nuestro compromiso como universidad va m\u00e1s all\u00e1 de los estudiantes y el emprendimiento social que est\u00e1 orientado a grupos de ingresos deprimidos, de formaci\u00f3n acad\u00e9mica limitada, de pocas oportunidades para convertirse en emprendedores, y es lo que estamos haciendo con la apertura de este centro\u201d, acot\u00f3 el rector Gonz\u00e1lez Minaya.<\/p>\n<p>De su lado, el Ing. Manuel Matos, presidente de hueco Caribe sostuvo que es de suma importancia la alianza con la UNEV y espera que se extienda en el tiempo a fin de que pueda producir los resultados esperados. \u201cEsta alianza debe seguir captando aliados de los sectores p\u00fablicos y privados a fin de cumplir las metas que nos hemos propuesto\u201d, a\u00f1adi\u00f3.<\/p>\n<p>Mientras que el doctor Juan B. Guerrero \u00c1vila, Vicerrector de Investigaci\u00f3n, Innovaci\u00f3n y Posgrado, de la Universidad Nacional Evang\u00e9lica al dar la bienvenida, sostuvo que el inicio de \u00e9ste centro es un espacio propicio para emprendimiento y la transferencia de resultados de investigaci\u00f3n hacia los sectores productivos.<\/p>\n<p><a href=\"http:\/\/tabernaculoprensadedios.com\/web\/wp-content\/uploads\/2021\/03\/WhatsApp-Image-2021-03-26-at-10.54.29-PM1.jpeg\"><img loading=\"lazy\" decoding=\"async\" class=\"aligncenter size-full wp-image-21438\" src=\"http:\/\/tabernaculoprensadedios.com\/web\/wp-content\/uploads\/2021\/03\/WhatsApp-Image-2021-03-26-at-10.54.29-PM1.jpeg\" alt=\"\" width=\"1280\" height=\"853\" srcset=\"https:\/\/tabernaculoprensadedios.com\/web\/wp-content\/uploads\/2021\/03\/WhatsApp-Image-2021-03-26-at-10.54.29-PM1.jpeg 1280w, https:\/\/tabernaculoprensadedios.com\/web\/wp-content\/uploads\/2021\/03\/WhatsApp-Image-2021-03-26-at-10.54.29-PM1-600x400.jpeg 600w, https:\/\/tabernaculoprensadedios.com\/web\/wp-content\/uploads\/2021\/03\/WhatsApp-Image-2021-03-26-at-10.54.29-PM1-300x200.jpeg 300w, https:\/\/tabernaculoprensadedios.com\/web\/wp-content\/uploads\/2021\/03\/WhatsApp-Image-2021-03-26-at-10.54.29-PM1-1024x682.jpeg 1024w, https:\/\/tabernaculoprensadedios.com\/web\/wp-content\/uploads\/2021\/03\/WhatsApp-Image-2021-03-26-at-10.54.29-PM1-768x512.jpeg 768w, https:\/\/tabernaculoprensadedios.com\/web\/wp-content\/uploads\/2021\/03\/WhatsApp-Image-2021-03-26-at-10.54.29-PM1-630x420.jpeg 630w, https:\/\/tabernaculoprensadedios.com\/web\/wp-content\/uploads\/2021\/03\/WhatsApp-Image-2021-03-26-at-10.54.29-PM1-640x427.jpeg 640w, https:\/\/tabernaculoprensadedios.com\/web\/wp-content\/uploads\/2021\/03\/WhatsApp-Image-2021-03-26-at-10.54.29-PM1-681x454.jpeg 681w\" sizes=\"auto, (max-width: 1280px) 100vw, 1280px\" \/><\/a><\/p>\n<p>El Coworking hueco\/UNEV comenzar\u00e1 sus operaciones en el edificio Israel Brito Bruno en el Ensanche Miraflores en el tercer nivel donde se encuentra en funcionamiento las oficinas del Vicerrector\u00eda de Investigaci\u00f3n, Innovaci\u00f3n y Post-grado de la UNEV,<\/p>\n<p>Las nuevas instalaciones, constan de 2 salones, 10 estaciones de trabajo y 5 aulas para capacitaci\u00f3n y reuniones prometen servir como espacio donde se recibir\u00e1n emprendedores de la academia y las comunidades a fin de que puedan recibir beneficios de asistencia t\u00e9cnica, laboratorios, charlas, conferencias y otras acciones.<\/p>\n<p>Al final el rector de la UNEV, junto a los representantes de Hueco Caribe y el Ministerio de Industria y Comercio y representante del Ministerio de Educaci\u00f3n Superior Ciencia y Tecnolog\u00eda procedi\u00f3 al corte de cinta para dejar abiertas las nuevas instalaciones. Fue notable la presencia\u00a0 del t\u00e9cnico de la Agencia Espa\u00f1ola de Cooperaci\u00f3n Internacional para el Desarrollo AECID, entidad que financia el centro Esteban L\u00f3pez-Plaza Mart\u00edn, quien estuvo inspeccionando evaluando y realizando un levantamiento de la estructura y activos del Centro Coworking Hueco UNEV.<\/p>\n<p><a href=\"http:\/\/tabernaculoprensadedios.com\/web\/wp-content\/uploads\/2021\/03\/WhatsApp-Image-2021-03-26-at-10.54.29-PM2.jpeg\"><img loading=\"lazy\" decoding=\"async\" class=\"aligncenter size-full wp-image-21437\" src=\"http:\/\/tabernaculoprensadedios.com\/web\/wp-content\/uploads\/2021\/03\/WhatsApp-Image-2021-03-26-at-10.54.29-PM2.jpeg\" alt=\"\" width=\"1280\" height=\"853\" srcset=\"https:\/\/tabernaculoprensadedios.com\/web\/wp-content\/uploads\/2021\/03\/WhatsApp-Image-2021-03-26-at-10.54.29-PM2.jpeg 1280w, https:\/\/tabernaculoprensadedios.com\/web\/wp-content\/uploads\/2021\/03\/WhatsApp-Image-2021-03-26-at-10.54.29-PM2-600x400.jpeg 600w, https:\/\/tabernaculoprensadedios.com\/web\/wp-content\/uploads\/2021\/03\/WhatsApp-Image-2021-03-26-at-10.54.29-PM2-300x200.jpeg 300w, https:\/\/tabernaculoprensadedios.com\/web\/wp-content\/uploads\/2021\/03\/WhatsApp-Image-2021-03-26-at-10.54.29-PM2-1024x682.jpeg 1024w, https:\/\/tabernaculoprensadedios.com\/web\/wp-content\/uploads\/2021\/03\/WhatsApp-Image-2021-03-26-at-10.54.29-PM2-768x512.jpeg 768w, https:\/\/tabernaculoprensadedios.com\/web\/wp-content\/uploads\/2021\/03\/WhatsApp-Image-2021-03-26-at-10.54.29-PM2-630x420.jpeg 630w, https:\/\/tabernaculoprensadedios.com\/web\/wp-content\/uploads\/2021\/03\/WhatsApp-Image-2021-03-26-at-10.54.29-PM2-640x427.jpeg 640w, https:\/\/tabernaculoprensadedios.com\/web\/wp-content\/uploads\/2021\/03\/WhatsApp-Image-2021-03-26-at-10.54.29-PM2-681x454.jpeg 681w\" sizes=\"auto, (max-width: 1280px) 100vw, 1280px\" \/><\/a><\/p>\n<p>La oraci\u00f3n e invocaci\u00f3n del acto estuvo a cargo de Santa Guzm\u00e1n, Vicerrectora Acad\u00e9mica. Fueron escuchadas adem\u00e1s las palabras de Roger Marte, Director de Emprendimiento de del Ministerio de Industria Comercio y MiPymes MICM. La presentaci\u00f3n de proyecto Hueco, estuvo a cargo Ang\u00e9lica V\u00e1squez, coordinadora el Hueco Caribe, e Isabel Jerez, directora de Emprende UNEV.<\/p>\n<p>A la inauguraci\u00f3n del nuevo centro asistieron adem\u00e1s, el Dr. Roberto Lebr\u00f3n decano de Extensi\u00f3n de la UNEV, as\u00ed como, el Dr. Luis de la Cruz Ubiera, decano de Salud, la Lcda. C\u00e1ndida J\u00e1quez, directora de escuela de Nutrici\u00f3n y la Lcda. Glennys Santana directora de Recursos Humanos de la entidad educativa.<\/p>\n<p>Tambi\u00e9n estuvieron Laura Ovalle, T\u00e9cnico Dpto. de Emprendimiento Social del MICM, Mayerlin Crespo, encargada de Emprendimiento Social del MESCYT, Priska Reyes. encargada de Emprendimiento Empresarial del MESCY y Enrique Cuesta de la Fundaci\u00f3n Esperanza Internacional, entre otras personalidades.<\/p>\n<p><a href=\"http:\/\/tabernaculoprensadedios.com\/web\/wp-content\/uploads\/2021\/03\/WhatsApp-Image-2021-03-26-at-10.54.30-PM2.jpeg\"><img loading=\"lazy\" decoding=\"async\" class=\"aligncenter size-full wp-image-21434\" src=\"http:\/\/tabernaculoprensadedios.com\/web\/wp-content\/uploads\/2021\/03\/WhatsApp-Image-2021-03-26-at-10.54.30-PM2.jpeg\" alt=\"\" width=\"1280\" height=\"853\" srcset=\"https:\/\/tabernaculoprensadedios.com\/web\/wp-content\/uploads\/2021\/03\/WhatsApp-Image-2021-03-26-at-10.54.30-PM2.jpeg 1280w, https:\/\/tabernaculoprensadedios.com\/web\/wp-content\/uploads\/2021\/03\/WhatsApp-Image-2021-03-26-at-10.54.30-PM2-600x400.jpeg 600w, https:\/\/tabernaculoprensadedios.com\/web\/wp-content\/uploads\/2021\/03\/WhatsApp-Image-2021-03-26-at-10.54.30-PM2-300x200.jpeg 300w, https:\/\/tabernaculoprensadedios.com\/web\/wp-content\/uploads\/2021\/03\/WhatsApp-Image-2021-03-26-at-10.54.30-PM2-1024x682.jpeg 1024w, https:\/\/tabernaculoprensadedios.com\/web\/wp-content\/uploads\/2021\/03\/WhatsApp-Image-2021-03-26-at-10.54.30-PM2-768x512.jpeg 768w, https:\/\/tabernaculoprensadedios.com\/web\/wp-content\/uploads\/2021\/03\/WhatsApp-Image-2021-03-26-at-10.54.30-PM2-630x420.jpeg 630w, https:\/\/tabernaculoprensadedios.com\/web\/wp-content\/uploads\/2021\/03\/WhatsApp-Image-2021-03-26-at-10.54.30-PM2-640x427.jpeg 640w, https:\/\/tabernaculoprensadedios.com\/web\/wp-content\/uploads\/2021\/03\/WhatsApp-Image-2021-03-26-at-10.54.30-PM2-681x454.jpeg 681w\" sizes=\"auto, (max-width: 1280px) 100vw, 1280px\" \/><\/a><\/p>\n","protected":false},"excerpt":{"rendered":"<p>En busca de crear un espacio de trabajo para los emprendedores de la localidad, estudiantes de la instituci\u00f3n y personas en condici\u00f3n de movilidad humana, la Universidad Nacional Evang\u00e9lica (UNEV), la Asociaci\u00f3n Hueco Caribe y CIVES MUNDI, dejaron inaugurado el Coworking hueco\/UNEV. El Ing. Epifanio Gonz\u00e1lez Minaya rector de la UNEV, expres\u00f3 que las universidades &hellip;<\/p>\n","protected":false},"author":2,"featured_media":21436,"comment_status":"open","ping_status":"open","sticky":false,"template":"","format":"standard","meta":{"footnotes":""},"categories":[34],"tags":[],"class_list":["post-21431","post","type-post","status-publish","format-standard","has-post-thumbnail","hentry","category-articulos"],"yoast_head":"<!-- This site is optimized with the Yoast SEO Premium plugin v24.2 (Yoast SEO v27.1.1) - https:\/\/yoast.com\/product\/yoast-seo-premium-wordpress\/ -->\n<title>UNEV, HUECO CARIBE y CIVES MUNDI aperturan en recinto Miraflores Centro Coworking - Tabernaculo Prensa de Dios<\/title>\n<meta name=\"robots\" content=\"index, follow, max-snippet:-1, max-image-preview:large, max-video-preview:-1\" \/>\n<link rel=\"canonical\" href=\"https:\/\/tabernaculoprensadedios.com\/web\/unev-hueco-caribe-y-cives-mundi-aperturan-en-recinto-miraflores-centro-coworking\/\" class=\"yoast-seo-meta-tag\" \/>\n<meta property=\"og:locale\" content=\"es_ES\" class=\"yoast-seo-meta-tag\" \/>\n<meta property=\"og:type\" content=\"article\" class=\"yoast-seo-meta-tag\" \/>\n<meta property=\"og:title\" content=\"UNEV, HUECO CARIBE y CIVES MUNDI aperturan en recinto Miraflores Centro Coworking\" class=\"yoast-seo-meta-tag\" \/>\n<meta property=\"og:description\" content=\"En busca de crear un espacio de trabajo para los emprendedores de la localidad, estudiantes de la instituci\u00f3n y personas en condici\u00f3n de movilidad humana, la Universidad Nacional Evang\u00e9lica (UNEV), la Asociaci\u00f3n Hueco Caribe y CIVES MUNDI, dejaron inaugurado el Coworking hueco\/UNEV. El Ing. Epifanio Gonz\u00e1lez Minaya rector de la UNEV, expres\u00f3 que las universidades &hellip;\" class=\"yoast-seo-meta-tag\" \/>\n<meta property=\"og:url\" content=\"https:\/\/tabernaculoprensadedios.com\/web\/unev-hueco-caribe-y-cives-mundi-aperturan-en-recinto-miraflores-centro-coworking\/\" class=\"yoast-seo-meta-tag\" \/>\n<meta property=\"og:site_name\" content=\"Tabernaculo Prensa de Dios\" class=\"yoast-seo-meta-tag\" \/>\n<meta property=\"article:published_time\" content=\"2021-03-24T22:09:06+00:00\" class=\"yoast-seo-meta-tag\" \/>\n<meta property=\"article:modified_time\" content=\"2021-03-28T19:08:22+00:00\" class=\"yoast-seo-meta-tag\" \/>\n<meta property=\"og:image\" content=\"https:\/\/tabernaculoprensadedios.com\/web\/wp-content\/uploads\/2021\/03\/WhatsApp-Image-2021-03-26-at-10.54.30-PM.jpeg\" class=\"yoast-seo-meta-tag\" \/>\n\t<meta property=\"og:image:width\" content=\"1280\" class=\"yoast-seo-meta-tag\" \/>\n\t<meta property=\"og:image:height\" content=\"853\" class=\"yoast-seo-meta-tag\" \/>\n\t<meta property=\"og:image:type\" content=\"image\/jpeg\" class=\"yoast-seo-meta-tag\" \/>\n<meta name=\"author\" content=\"Malga\" class=\"yoast-seo-meta-tag\" \/>\n<meta name=\"twitter:card\" content=\"summary_large_image\" class=\"yoast-seo-meta-tag\" \/>\n<meta name=\"twitter:creator\" content=\"@PrensadeDios\" class=\"yoast-seo-meta-tag\" \/>\n<meta name=\"twitter:site\" content=\"@PrensadeDios\" class=\"yoast-seo-meta-tag\" \/>\n<meta name=\"twitter:label1\" content=\"Escrito por\" class=\"yoast-seo-meta-tag\" \/>\n\t<meta name=\"twitter:data1\" content=\"Malga\" class=\"yoast-seo-meta-tag\" \/>\n\t<meta name=\"twitter:label2\" content=\"Tiempo de lectura\" class=\"yoast-seo-meta-tag\" \/>\n\t<meta name=\"twitter:data2\" content=\"3 minutos\" class=\"yoast-seo-meta-tag\" \/>\n<script type=\"application\/ld+json\" class=\"yoast-schema-graph\">{\"@context\":\"https:\/\/schema.org\",\"@graph\":[{\"@type\":\"Article\",\"@id\":\"https:\/\/tabernaculoprensadedios.com\/web\/unev-hueco-caribe-y-cives-mundi-aperturan-en-recinto-miraflores-centro-coworking\/#article\",\"isPartOf\":{\"@id\":\"https:\/\/tabernaculoprensadedios.com\/web\/unev-hueco-caribe-y-cives-mundi-aperturan-en-recinto-miraflores-centro-coworking\/\"},\"author\":{\"name\":\"Malga\",\"@id\":\"https:\/\/tabernaculoprensadedios.com\/web\/#\/schema\/person\/64ae3a8b2e245c8b8652b1294ca1860a\"},\"headline\":\"UNEV, HUECO CARIBE y CIVES MUNDI aperturan en recinto Miraflores Centro Coworking\",\"datePublished\":\"2021-03-24T22:09:06+00:00\",\"dateModified\":\"2021-03-28T19:08:22+00:00\",\"mainEntityOfPage\":{\"@id\":\"https:\/\/tabernaculoprensadedios.com\/web\/unev-hueco-caribe-y-cives-mundi-aperturan-en-recinto-miraflores-centro-coworking\/\"},\"wordCount\":637,\"commentCount\":0,\"publisher\":{\"@id\":\"https:\/\/tabernaculoprensadedios.com\/web\/#\/schema\/person\/bc0e069fef56b38e177db6f098ae0b6e\"},\"image\":{\"@id\":\"https:\/\/tabernaculoprensadedios.com\/web\/unev-hueco-caribe-y-cives-mundi-aperturan-en-recinto-miraflores-centro-coworking\/#primaryimage\"},\"thumbnailUrl\":\"https:\/\/tabernaculoprensadedios.com\/web\/wp-content\/uploads\/2021\/03\/WhatsApp-Image-2021-03-26-at-10.54.30-PM.jpeg\",\"articleSection\":[\"Articulos\"],\"inLanguage\":\"es\",\"potentialAction\":[{\"@type\":\"CommentAction\",\"name\":\"Comment\",\"target\":[\"https:\/\/tabernaculoprensadedios.com\/web\/unev-hueco-caribe-y-cives-mundi-aperturan-en-recinto-miraflores-centro-coworking\/#respond\"]}]},{\"@type\":\"WebPage\",\"@id\":\"https:\/\/tabernaculoprensadedios.com\/web\/unev-hueco-caribe-y-cives-mundi-aperturan-en-recinto-miraflores-centro-coworking\/\",\"url\":\"https:\/\/tabernaculoprensadedios.com\/web\/unev-hueco-caribe-y-cives-mundi-aperturan-en-recinto-miraflores-centro-coworking\/\",\"name\":\"UNEV, HUECO CARIBE y CIVES MUNDI aperturan en recinto Miraflores Centro Coworking - Tabernaculo Prensa de Dios\",\"isPartOf\":{\"@id\":\"https:\/\/tabernaculoprensadedios.com\/web\/#website\"},\"primaryImageOfPage\":{\"@id\":\"https:\/\/tabernaculoprensadedios.com\/web\/unev-hueco-caribe-y-cives-mundi-aperturan-en-recinto-miraflores-centro-coworking\/#primaryimage\"},\"image\":{\"@id\":\"https:\/\/tabernaculoprensadedios.com\/web\/unev-hueco-caribe-y-cives-mundi-aperturan-en-recinto-miraflores-centro-coworking\/#primaryimage\"},\"thumbnailUrl\":\"https:\/\/tabernaculoprensadedios.com\/web\/wp-content\/uploads\/2021\/03\/WhatsApp-Image-2021-03-26-at-10.54.30-PM.jpeg\",\"datePublished\":\"2021-03-24T22:09:06+00:00\",\"dateModified\":\"2021-03-28T19:08:22+00:00\",\"breadcrumb\":{\"@id\":\"https:\/\/tabernaculoprensadedios.com\/web\/unev-hueco-caribe-y-cives-mundi-aperturan-en-recinto-miraflores-centro-coworking\/#breadcrumb\"},\"inLanguage\":\"es\",\"potentialAction\":[{\"@type\":\"ReadAction\",\"target\":[\"https:\/\/tabernaculoprensadedios.com\/web\/unev-hueco-caribe-y-cives-mundi-aperturan-en-recinto-miraflores-centro-coworking\/\"]}]},{\"@type\":\"ImageObject\",\"inLanguage\":\"es\",\"@id\":\"https:\/\/tabernaculoprensadedios.com\/web\/unev-hueco-caribe-y-cives-mundi-aperturan-en-recinto-miraflores-centro-coworking\/#primaryimage\",\"url\":\"https:\/\/tabernaculoprensadedios.com\/web\/wp-content\/uploads\/2021\/03\/WhatsApp-Image-2021-03-26-at-10.54.30-PM.jpeg\",\"contentUrl\":\"https:\/\/tabernaculoprensadedios.com\/web\/wp-content\/uploads\/2021\/03\/WhatsApp-Image-2021-03-26-at-10.54.30-PM.jpeg\",\"width\":1280,\"height\":853},{\"@type\":\"BreadcrumbList\",\"@id\":\"https:\/\/tabernaculoprensadedios.com\/web\/unev-hueco-caribe-y-cives-mundi-aperturan-en-recinto-miraflores-centro-coworking\/#breadcrumb\",\"itemListElement\":[{\"@type\":\"ListItem\",\"position\":1,\"name\":\"Portada\",\"item\":\"https:\/\/tabernaculoprensadedios.com\/web\/\"},{\"@type\":\"ListItem\",\"position\":2,\"name\":\"UNEV, HUECO CARIBE y CIVES MUNDI aperturan en recinto Miraflores Centro Coworking\"}]},{\"@type\":\"WebSite\",\"@id\":\"https:\/\/tabernaculoprensadedios.com\/web\/#website\",\"url\":\"https:\/\/tabernaculoprensadedios.com\/web\/\",\"name\":\"Tabernaculo Prensa de Dios\",\"description\":\"Un medio a la manera de Dios\",\"publisher\":{\"@id\":\"https:\/\/tabernaculoprensadedios.com\/web\/#\/schema\/person\/bc0e069fef56b38e177db6f098ae0b6e\"},\"potentialAction\":[{\"@type\":\"SearchAction\",\"target\":{\"@type\":\"EntryPoint\",\"urlTemplate\":\"https:\/\/tabernaculoprensadedios.com\/web\/?s={search_term_string}\"},\"query-input\":{\"@type\":\"PropertyValueSpecification\",\"valueRequired\":true,\"valueName\":\"search_term_string\"}}],\"inLanguage\":\"es\"},{\"@type\":[\"Person\",\"Organization\"],\"@id\":\"https:\/\/tabernaculoprensadedios.com\/web\/#\/schema\/person\/bc0e069fef56b38e177db6f098ae0b6e\",\"name\":\"tabernaculo\",\"image\":{\"@type\":\"ImageObject\",\"inLanguage\":\"es\",\"@id\":\"https:\/\/tabernaculoprensadedios.com\/web\/#\/schema\/person\/image\/\",\"url\":\"https:\/\/tabernaculoprensadedios.com\/web\/wp-content\/uploads\/2015\/06\/login-logo1.png\",\"contentUrl\":\"https:\/\/tabernaculoprensadedios.com\/web\/wp-content\/uploads\/2015\/06\/login-logo1.png\",\"width\":300,\"height\":118,\"caption\":\"tabernaculo\"},\"logo\":{\"@id\":\"https:\/\/tabernaculoprensadedios.com\/web\/#\/schema\/person\/image\/\"}},{\"@type\":\"Person\",\"@id\":\"https:\/\/tabernaculoprensadedios.com\/web\/#\/schema\/person\/64ae3a8b2e245c8b8652b1294ca1860a\",\"name\":\"Malga\",\"image\":{\"@type\":\"ImageObject\",\"inLanguage\":\"es\",\"@id\":\"https:\/\/tabernaculoprensadedios.com\/web\/#\/schema\/person\/image\/\",\"url\":\"\/\/www.gravatar.com\/avatar\/b06041ad78a6d3dd6b8d5ebf9704448e?s=96&#038;r=g&#038;d=mm\",\"contentUrl\":\"\/\/www.gravatar.com\/avatar\/b06041ad78a6d3dd6b8d5ebf9704448e?s=96&#038;r=g&#038;d=mm\",\"caption\":\"Malga\"},\"url\":\"https:\/\/tabernaculoprensadedios.com\/web\/author\/malga\/\"}]}<\/script>\n<!-- \/ Yoast SEO Premium plugin. -->","yoast_head_json":{"title":"UNEV, HUECO CARIBE y CIVES MUNDI aperturan en recinto Miraflores Centro Coworking - Tabernaculo Prensa de Dios","robots":{"index":"index","follow":"follow","max-snippet":"max-snippet:-1","max-image-preview":"max-image-preview:large","max-video-preview":"max-video-preview:-1"},"canonical":"https:\/\/tabernaculoprensadedios.com\/web\/unev-hueco-caribe-y-cives-mundi-aperturan-en-recinto-miraflores-centro-coworking\/","og_locale":"es_ES","og_type":"article","og_title":"UNEV, HUECO CARIBE y CIVES MUNDI aperturan en recinto Miraflores Centro Coworking","og_description":"En busca de crear un espacio de trabajo para los emprendedores de la localidad, estudiantes de la instituci\u00f3n y personas en condici\u00f3n de movilidad humana, la Universidad Nacional Evang\u00e9lica (UNEV), la Asociaci\u00f3n Hueco Caribe y CIVES MUNDI, dejaron inaugurado el Coworking hueco\/UNEV. El Ing. Epifanio Gonz\u00e1lez Minaya rector de la UNEV, expres\u00f3 que las universidades &hellip;","og_url":"https:\/\/tabernaculoprensadedios.com\/web\/unev-hueco-caribe-y-cives-mundi-aperturan-en-recinto-miraflores-centro-coworking\/","og_site_name":"Tabernaculo Prensa de Dios","article_published_time":"2021-03-24T22:09:06+00:00","article_modified_time":"2021-03-28T19:08:22+00:00","og_image":[{"width":1280,"height":853,"url":"https:\/\/tabernaculoprensadedios.com\/web\/wp-content\/uploads\/2021\/03\/WhatsApp-Image-2021-03-26-at-10.54.30-PM.jpeg","type":"image\/jpeg"}],"author":"Malga","twitter_card":"summary_large_image","twitter_creator":"@PrensadeDios","twitter_site":"@PrensadeDios","twitter_misc":{"Escrito por":"Malga","Tiempo de lectura":"3 minutos"},"schema":{"@context":"https:\/\/schema.org","@graph":[{"@type":"Article","@id":"https:\/\/tabernaculoprensadedios.com\/web\/unev-hueco-caribe-y-cives-mundi-aperturan-en-recinto-miraflores-centro-coworking\/#article","isPartOf":{"@id":"https:\/\/tabernaculoprensadedios.com\/web\/unev-hueco-caribe-y-cives-mundi-aperturan-en-recinto-miraflores-centro-coworking\/"},"author":{"name":"Malga","@id":"https:\/\/tabernaculoprensadedios.com\/web\/#\/schema\/person\/64ae3a8b2e245c8b8652b1294ca1860a"},"headline":"UNEV, HUECO CARIBE y CIVES MUNDI aperturan en recinto Miraflores Centro Coworking","datePublished":"2021-03-24T22:09:06+00:00","dateModified":"2021-03-28T19:08:22+00:00","mainEntityOfPage":{"@id":"https:\/\/tabernaculoprensadedios.com\/web\/unev-hueco-caribe-y-cives-mundi-aperturan-en-recinto-miraflores-centro-coworking\/"},"wordCount":637,"commentCount":0,"publisher":{"@id":"https:\/\/tabernaculoprensadedios.com\/web\/#\/schema\/person\/bc0e069fef56b38e177db6f098ae0b6e"},"image":{"@id":"https:\/\/tabernaculoprensadedios.com\/web\/unev-hueco-caribe-y-cives-mundi-aperturan-en-recinto-miraflores-centro-coworking\/#primaryimage"},"thumbnailUrl":"https:\/\/tabernaculoprensadedios.com\/web\/wp-content\/uploads\/2021\/03\/WhatsApp-Image-2021-03-26-at-10.54.30-PM.jpeg","articleSection":["Articulos"],"inLanguage":"es","potentialAction":[{"@type":"CommentAction","name":"Comment","target":["https:\/\/tabernaculoprensadedios.com\/web\/unev-hueco-caribe-y-cives-mundi-aperturan-en-recinto-miraflores-centro-coworking\/#respond"]}]},{"@type":"WebPage","@id":"https:\/\/tabernaculoprensadedios.com\/web\/unev-hueco-caribe-y-cives-mundi-aperturan-en-recinto-miraflores-centro-coworking\/","url":"https:\/\/tabernaculoprensadedios.com\/web\/unev-hueco-caribe-y-cives-mundi-aperturan-en-recinto-miraflores-centro-coworking\/","name":"UNEV, HUECO CARIBE y CIVES MUNDI aperturan en recinto Miraflores Centro Coworking - Tabernaculo Prensa de Dios","isPartOf":{"@id":"https:\/\/tabernaculoprensadedios.com\/web\/#website"},"primaryImageOfPage":{"@id":"https:\/\/tabernaculoprensadedios.com\/web\/unev-hueco-caribe-y-cives-mundi-aperturan-en-recinto-miraflores-centro-coworking\/#primaryimage"},"image":{"@id":"https:\/\/tabernaculoprensadedios.com\/web\/unev-hueco-caribe-y-cives-mundi-aperturan-en-recinto-miraflores-centro-coworking\/#primaryimage"},"thumbnailUrl":"https:\/\/tabernaculoprensadedios.com\/web\/wp-content\/uploads\/2021\/03\/WhatsApp-Image-2021-03-26-at-10.54.30-PM.jpeg","datePublished":"2021-03-24T22:09:06+00:00","dateModified":"2021-03-28T19:08:22+00:00","breadcrumb":{"@id":"https:\/\/tabernaculoprensadedios.com\/web\/unev-hueco-caribe-y-cives-mundi-aperturan-en-recinto-miraflores-centro-coworking\/#breadcrumb"},"inLanguage":"es","potentialAction":[{"@type":"ReadAction","target":["https:\/\/tabernaculoprensadedios.com\/web\/unev-hueco-caribe-y-cives-mundi-aperturan-en-recinto-miraflores-centro-coworking\/"]}]},{"@type":"ImageObject","inLanguage":"es","@id":"https:\/\/tabernaculoprensadedios.com\/web\/unev-hueco-caribe-y-cives-mundi-aperturan-en-recinto-miraflores-centro-coworking\/#primaryimage","url":"https:\/\/tabernaculoprensadedios.com\/web\/wp-content\/uploads\/2021\/03\/WhatsApp-Image-2021-03-26-at-10.54.30-PM.jpeg","contentUrl":"https:\/\/tabernaculoprensadedios.com\/web\/wp-content\/uploads\/2021\/03\/WhatsApp-Image-2021-03-26-at-10.54.30-PM.jpeg","width":1280,"height":853},{"@type":"BreadcrumbList","@id":"https:\/\/tabernaculoprensadedios.com\/web\/unev-hueco-caribe-y-cives-mundi-aperturan-en-recinto-miraflores-centro-coworking\/#breadcrumb","itemListElement":[{"@type":"ListItem","position":1,"name":"Portada","item":"https:\/\/tabernaculoprensadedios.com\/web\/"},{"@type":"ListItem","position":2,"name":"UNEV, HUECO CARIBE y CIVES MUNDI aperturan en recinto Miraflores Centro Coworking"}]},{"@type":"WebSite","@id":"https:\/\/tabernaculoprensadedios.com\/web\/#website","url":"https:\/\/tabernaculoprensadedios.com\/web\/","name":"Tabernaculo Prensa de Dios","description":"Un medio a la manera de Dios","publisher":{"@id":"https:\/\/tabernaculoprensadedios.com\/web\/#\/schema\/person\/bc0e069fef56b38e177db6f098ae0b6e"},"potentialAction":[{"@type":"SearchAction","target":{"@type":"EntryPoint","urlTemplate":"https:\/\/tabernaculoprensadedios.com\/web\/?s={search_term_string}"},"query-input":{"@type":"PropertyValueSpecification","valueRequired":true,"valueName":"search_term_string"}}],"inLanguage":"es"},{"@type":["Person","Organization"],"@id":"https:\/\/tabernaculoprensadedios.com\/web\/#\/schema\/person\/bc0e069fef56b38e177db6f098ae0b6e","name":"tabernaculo","image":{"@type":"ImageObject","inLanguage":"es","@id":"https:\/\/tabernaculoprensadedios.com\/web\/#\/schema\/person\/image\/","url":"https:\/\/tabernaculoprensadedios.com\/web\/wp-content\/uploads\/2015\/06\/login-logo1.png","contentUrl":"https:\/\/tabernaculoprensadedios.com\/web\/wp-content\/uploads\/2015\/06\/login-logo1.png","width":300,"height":118,"caption":"tabernaculo"},"logo":{"@id":"https:\/\/tabernaculoprensadedios.com\/web\/#\/schema\/person\/image\/"}},{"@type":"Person","@id":"https:\/\/tabernaculoprensadedios.com\/web\/#\/schema\/person\/64ae3a8b2e245c8b8652b1294ca1860a","name":"Malga","image":{"@type":"ImageObject","inLanguage":"es","@id":"https:\/\/tabernaculoprensadedios.com\/web\/#\/schema\/person\/image\/","url":"\/\/www.gravatar.com\/avatar\/b06041ad78a6d3dd6b8d5ebf9704448e?s=96&#038;r=g&#038;d=mm","contentUrl":"\/\/www.gravatar.com\/avatar\/b06041ad78a6d3dd6b8d5ebf9704448e?s=96&#038;r=g&#038;d=mm","caption":"Malga"},"url":"https:\/\/tabernaculoprensadedios.com\/web\/author\/malga\/"}]}},"_links":{"self":[{"href":"https:\/\/tabernaculoprensadedios.com\/web\/wp-json\/wp\/v2\/posts\/21431","targetHints":{"allow":["GET"]}}],"collection":[{"href":"https:\/\/tabernaculoprensadedios.com\/web\/wp-json\/wp\/v2\/posts"}],"about":[{"href":"https:\/\/tabernaculoprensadedios.com\/web\/wp-json\/wp\/v2\/types\/post"}],"author":[{"embeddable":true,"href":"https:\/\/tabernaculoprensadedios.com\/web\/wp-json\/wp\/v2\/users\/2"}],"replies":[{"embeddable":true,"href":"https:\/\/tabernaculoprensadedios.com\/web\/wp-json\/wp\/v2\/comments?post=21431"}],"version-history":[{"count":3,"href":"https:\/\/tabernaculoprensadedios.com\/web\/wp-json\/wp\/v2\/posts\/21431\/revisions"}],"predecessor-version":[{"id":21441,"href":"https:\/\/tabernaculoprensadedios.com\/web\/wp-json\/wp\/v2\/posts\/21431\/revisions\/21441"}],"wp:featuredmedia":[{"embeddable":true,"href":"https:\/\/tabernaculoprensadedios.com\/web\/wp-json\/wp\/v2\/media\/21436"}],"wp:attachment":[{"href":"https:\/\/tabernaculoprensadedios.com\/web\/wp-json\/wp\/v2\/media?parent=21431"}],"wp:term":[{"taxonomy":"category","embeddable":true,"href":"https:\/\/tabernaculoprensadedios.com\/web\/wp-json\/wp\/v2\/categories?post=21431"},{"taxonomy":"post_tag","embeddable":true,"href":"https:\/\/tabernaculoprensadedios.com\/web\/wp-json\/wp\/v2\/tags?post=21431"}],"curies":[{"name":"wp","href":"https:\/\/api.w.org\/{rel}","templated":true}]}}