{"id":21420,"date":"2021-03-25T15:39:15","date_gmt":"2021-03-25T15:39:15","guid":{"rendered":"http:\/\/tabernaculoprensadedios.com\/web\/?p=21420"},"modified":"2021-03-25T15:39:15","modified_gmt":"2021-03-25T15:39:15","slug":"una-conversacion-con-dios","status":"publish","type":"post","link":"https:\/\/tabernaculoprensadedios.com\/web\/una-conversacion-con-dios\/","title":{"rendered":"Una Conversaci\u00f3n con Dios"},"content":{"rendered":"<p>Nos acercamos a un momento sumamente importante para los creyentes, para los cristianos, momento donde celebramos la muerte y resurrecci\u00f3n de nuestro Se\u00f1or Jesucristo.\u00a0 Ese fin de semana, el mundo completo se paraliza y tiene que pensar en la raz\u00f3n de ser de ese detente.\u00a0 Nosotros, los creyentes, debemos buscar siempre la mejor manera de celebrarlo y concientizarnos cada vez m\u00e1s de lo que representa.<\/p>\n<p>Hoy quiero lanzarte un reto de fe.\u00a0 Quiero enviarte un escrito donde te comparto lo que es la Preciosa Semilla.\u00a0 M\u00e1s adelante te cuento c\u00f3mo obtenerlo.<\/p>\n<p>Hoy quiero inspirar tu fe.\u00a0 El tiempo de Semana Santa ha sido el tiempo donde hemos experimentado los milagros econ\u00f3micos m\u00e1s grandes en nuestra vida.\u00a0 Hay una atm\u00f3sfera que se crea, un ambiente propicio para una semilla real de fe, donde le crees a Dios, donde haces algo que nunca antes has hecho, esperando resultados maravillosos.<\/p>\n<p>Te inspiro a\u00a0<strong>enviar una semilla de fe radical<\/strong>, la Preciosa Semilla.\u00a0 Esta no es una semilla com\u00fan, no es una que hayas hecho antes.\u00a0 Testificamos que todos los a\u00f1os nos presentamos ante Dios con fe, entregando lo mejor de nosotros cada a\u00f1o, aun en medio de momentos dif\u00edciles, pero nunca hemos escatimado en sembrar esa semilla especial de fe, y testificamos que las miles de personas que han tomado este acto, sus vidas han cambiado.<\/p>\n<p>En la Biblia, vemos este t\u00e9rmino: La Preciosa Semilla.\u00a0 El Viernes Santo y Domingo de Resurrecci\u00f3n, lo que celebramos es que la Preciosa Semilla, la semilla m\u00e1s grande, lo mejor de Dios, \u00c9l lo sembr\u00f3 aqu\u00ed en la tierra.\u00a0 Dios no escatim\u00f3; su Hijo no escatim\u00f3 en dejarlo todo y entregarlo por ti.\u00a0 Fue sepultado, encerrado en una tumba, y un d\u00eda se levant\u00f3 y resucit\u00f3, y todav\u00eda al d\u00eda de hoy, sigue dando frutos.<\/p>\n<p>Esa semilla se sigue multiplicando.\u00a0 La \u00fanica raz\u00f3n por la que hoy t\u00fa puedes clamar o reclamar o decir que le sirves a Dios, que eres hijo de \u00c9l, es porque la mejor semilla se sembr\u00f3 en un d\u00eda como el Viernes Santo, y tres d\u00edas despu\u00e9s resucit\u00f3.\u00a0 \u00bfQu\u00e9 mejor ambiente para creerle a Dios por un milagro econ\u00f3mico?\u00a0 Cuando t\u00fa hagas tu mayor esfuerzo, Dios va a multiplicar tu semilla de fe.<\/p>\n<p>Ese t\u00e9rmino\u00a0<em>La Preciosa Semilla<\/em>\u00a0se refiere a nuestro Se\u00f1or Jesucristo.<\/p>\n<p>\u201c<strong><em>5\u00a0<\/em><\/strong><em>Los que sembraron con l\u00e1grimas, con regocijo segar\u00e1n.\u00a0<\/em><strong><em>6\u00a0<\/em><\/strong><em>Ir\u00e1 andando y llorando el que lleva la preciosa semilla; mas volver\u00e1 a venir con regocijo, trayendo sus gavillas<\/em>.\u201d\u00a0\u00a0<strong>Salmos 126:5-6<\/strong><\/p>\n<p>Comienza en plural, pero termina en singular.\u00a0 Muchos siembran y siegan, pero de esos, el que va andando y llorando, llevando la preciosa semilla, ese volver\u00e1 con regocijo y trayendo sus gavillas.\u00a0 Sus resultados ser\u00e1n diferentes, mejores.<\/p>\n<p>Este verso habla prof\u00e9ticamente de Jes\u00fas, de la persona de Cristo; \u00c9l es la Preciosa Semilla.<\/p>\n<p><strong>Un principio valioso<br \/>\n<\/strong>Pero detr\u00e1s de ese acto, de ese momento de fe hist\u00f3rico que cambia la vida de una persona, hay un principio valioso, y es que\u00a0<strong>t\u00fa no puedes decir que amas a alguien, y no presentar lo mejor de ti<\/strong>.\u00a0 No puedes decir que amas a alguien realmente, sin comprometerte en hacer lo mejor por esa persona.\u00a0 No puedes decir que alguien es valioso para ti, y retener lo mejor que t\u00fa tienes.<\/p>\n<p>Cuando hablamos de la Preciosa Semilla, de esta ofrenda, la cantidad con la que t\u00fa te presentas delante de Dios, no la puedes comparar con lo que otros hagan, sino contigo mismo.\u00a0 El valor de una ofrenda ante los ojos de Dios no es por comparaci\u00f3n con los dem\u00e1s.\u00a0 Dios no mira el sobre de tu vecino en la iglesia para ver qui\u00e9n dio m\u00e1s o qui\u00e9n dio menos.\u00a0 Dios mira el coraz\u00f3n de cada uno de los que est\u00e1n dando, el contexto en el que cada uno se encuentra, el momento que cada uno est\u00e1 viviendo.\u00a0 Es as\u00ed que Dios ve la fe de c\u00f3mo cada uno act\u00faa.<\/p>\n<p>El valor de las cosas es subjetivo.\u00a0 Un autom\u00f3vil tiene un costo, lo que se requiere para construirlo.\u00a0 Tiene, adem\u00e1s, un precio, que se le asigna basado en la ganancia que se quiera generar, en los pagos que hay que incurrir con los vendedores.\u00a0 Pero algunos tienen tambi\u00e9n un valor especial.\u00a0 Un auto puede costar, por ejemplo, $10,000 construirlo, y venderse en $15,000.\u00a0 Pero si en ese auto se mont\u00f3 su artista favorito, o si lo usaron para una pel\u00edcula reconocida, puede que haya personas dispuestas a pagar varias veces esa cantidad.\u00a0 Aunque no haya costado tanto, aunque ese no sea el precio, es el valor que tiene por causa de lo ocurrido con ese auto en particular.<\/p>\n<p>As\u00ed que el valor es subjetivo y tiene que verse en el contexto.\u00a0 Lo que es valioso para ti, entonces, no es valioso para Dios.\u00a0 Lo que es preciado bajo el est\u00e1ndar del mundo, no necesariamente es lo que Dios ve como preciado en tu vida.\u00a0 Tienes que aprender a mirar c\u00f3mo Dios mide las cosas.<\/p>\n<p>Cuando Dios te fue a salvar, lo hizo dando lo mejor de s\u00ed.\u00a0 \u00c9l no pod\u00eda enviar un \u00e1ngel o hacer otro tipo de sacrificio; \u00c9l ten\u00eda que dar la Preciosa Semilla.<\/p>\n<p>Quiero retar tu fe.\u00a0 Quiero creerle a Dios contigo por un milagro econ\u00f3mico.\u00a0 Permite que sea Dios quien ponga en tu coraz\u00f3n lo que es preciado en tu vida, para que t\u00fa entonces puedas darlo y que \u00c9l pueda hacer algo maravilloso contigo.<\/p>\n<p><strong>Una conversaci\u00f3n con Dios\u00a0\u00a0<\/strong><\/p>\n<p>\u201c<em>Aconteci\u00f3 despu\u00e9s de estas cosas, que prob\u00f3 Dios a Abraham, y le dijo: Abraham. Y \u00e9l respondi\u00f3: Heme aqu\u00ed.\u00a0<\/em><strong><em>2\u00a0<\/em><\/strong><em>Y dijo: Toma ahora tu hijo, tu \u00fanico, Isaac, a quien amas, y vete a tierra de Moriah, y ofr\u00e9celo all\u00ed en holocausto sobre uno de los montes que yo te dir\u00e9<\/em>.\u201d\u00a0\u00a0<strong>G\u00e9nesis 22:1-2<\/strong><\/p>\n<p>Esto que se nos narra es\u00a0<strong>una conversaci\u00f3n entre Dios<\/strong>\u00a0y Abraham.\u00a0 O sea, Dios le dice a Abraham que tome a su hijo, y Abraham pregunta a cu\u00e1l; Dios responde: a tu \u00fanico; y Abraham dice: pero tengo dos; y Dios le dice: Isaac; Abraham pregunta por qu\u00e9 Isaac, y Dios le responde: porque es a quien amas.<\/p>\n<p>Para el pueblo jud\u00edo, este es el pin\u00e1culo de la fe de un hombre.\u00a0 Y es aqu\u00ed donde se le da inicio a la fe jud\u00eda; esta es la base del cristianismo.\u00a0 Abraham es el padre de la fe.<\/p>\n<p>Cuando Dios quiere llevar a Abraham a un nuevo nivel para que experimente algo que de otra manera no iba a vivir, Dios tiene la confianza de pedirle esto a Abraham.\u00a0 Dios no iba a pedirle eso a cualquiera.\u00a0 \u00c9l se atreve a pedirles cosas as\u00ed, cosas extremas, extravagantes, cosas que parecen locura, a aquellos con los cuales ya tiene una relaci\u00f3n de confianza.<\/p>\n<p>Dios le pide la preciosa semilla a Abraham.\u00a0 Le pide: Dame lo mejor.\u00a0 Dios estaba diciendo: En la tierra tiene que haber\u00a0<strong>alguien que pueda abrir la brecha<\/strong>, para que yo pueda entonces enviar lo mejor de m\u00ed.<\/p>\n<p>En aquella conversaci\u00f3n, Dios estaba pidiendo el mejor sacrificio, la preciosa semilla.\u00a0 Dios le pidi\u00f3 lo valioso.\u00a0 Abraham amaba a Ismael; le doli\u00f3 tener que separarse de \u00e9l en un momento dado; le doli\u00f3 tener que dejar ir a Ismael, pero nada tan complicado como dejar a aquel que amaba.\u00a0 Cuando Dios le dijo: Obed\u00e9ceme, saca a Ismael de aqu\u00ed y a la sirvienta; vemos la batalla, y Dios tiene que decirle: Tranquilo, yo voy a cuidar de \u00e9l.\u00a0 As\u00ed que fue un momento dif\u00edcil, pero nunca tan dif\u00edcil como el de entregar a Isaac.\u00a0 Cuando dej\u00f3 que Ismael se fuera, todav\u00eda le quedaba uno en la casa; y cuando Dios pidi\u00f3 ese uno, hubo una batalla emocional al principio, pero Abraham reaccion\u00f3 obedientemente y fue delante de Dios.<\/p>\n<p>\u00bfTe atrever\u00edas t\u00fa a obedecer a lo que Dios te est\u00e1 pidiendo que hagas en este momento?<\/p>\n<p>Ve a Instagram y busca\u00a0<a href=\"http:\/\/instagram.com\/pastorotonielfont\">@pastorotonielfont<\/a>.\u00a0 Env\u00eda un Direct Message para enviarte un breve PDF con lo que necesitas saber acerca de La Preciosa Semilla.\u00a0 T\u00fa tambi\u00e9n puedes regresar con regocijo, trayendo tus gavillas.\u00a0 Recibe la revelaci\u00f3n de la Preciosa Semilla y mu\u00e9vete en fe.<\/p>\n<p>Oramos que tengas la valent\u00eda y la fe que tuvo Abraham.\u00a0 En el pasado, quiz\u00e1s le has dado cosas buenas a Dios, como cuando Abraham dej\u00f3 ir a Ismael.\u00a0 Fue duro, pero fuiste obediente.\u00a0 Y ahora Dios te est\u00e1 pidiendo algo especial.\u00a0 Esto es para ti que, por la relaci\u00f3n que Dios tiene contigo, \u00c9l es capaz de pedirte algo como esto.\u00a0 Cr\u00e9ele a Dios que \u00c9l va a multiplicar tu preciosa semilla al ciento por uno.<\/p>\n","protected":false},"excerpt":{"rendered":"<p>Nos acercamos a un momento sumamente importante para los creyentes, para los cristianos, momento donde celebramos la muerte y resurrecci\u00f3n de nuestro Se\u00f1or Jesucristo.\u00a0 Ese fin de semana, el mundo completo se paraliza y tiene que pensar en la raz\u00f3n de ser de ese detente.\u00a0 Nosotros, los creyentes, debemos buscar siempre la mejor manera de &hellip;<\/p>\n","protected":false},"author":1,"featured_media":21421,"comment_status":"open","ping_status":"open","sticky":false,"template":"","format":"standard","meta":{"footnotes":""},"categories":[34],"tags":[],"class_list":["post-21420","post","type-post","status-publish","format-standard","has-post-thumbnail","hentry","category-articulos"],"yoast_head":"<!-- This site is optimized with the Yoast SEO Premium plugin v24.2 (Yoast SEO v27.1.1) - https:\/\/yoast.com\/product\/yoast-seo-premium-wordpress\/ -->\n<title>Una Conversaci\u00f3n con Dios - Tabernaculo Prensa de Dios<\/title>\n<meta name=\"robots\" content=\"index, follow, max-snippet:-1, max-image-preview:large, max-video-preview:-1\" \/>\n<link rel=\"canonical\" href=\"https:\/\/tabernaculoprensadedios.com\/web\/una-conversacion-con-dios\/\" class=\"yoast-seo-meta-tag\" \/>\n<meta property=\"og:locale\" content=\"es_ES\" class=\"yoast-seo-meta-tag\" \/>\n<meta property=\"og:type\" content=\"article\" class=\"yoast-seo-meta-tag\" \/>\n<meta property=\"og:title\" content=\"Una Conversaci\u00f3n con Dios\" class=\"yoast-seo-meta-tag\" \/>\n<meta property=\"og:description\" content=\"Nos acercamos a un momento sumamente importante para los creyentes, para los cristianos, momento donde celebramos la muerte y resurrecci\u00f3n de nuestro Se\u00f1or Jesucristo.\u00a0 Ese fin de semana, el mundo completo se paraliza y tiene que pensar en la raz\u00f3n de ser de ese detente.\u00a0 Nosotros, los creyentes, debemos buscar siempre la mejor manera de &hellip;\" class=\"yoast-seo-meta-tag\" \/>\n<meta property=\"og:url\" content=\"https:\/\/tabernaculoprensadedios.com\/web\/una-conversacion-con-dios\/\" class=\"yoast-seo-meta-tag\" \/>\n<meta property=\"og:site_name\" content=\"Tabernaculo Prensa de Dios\" class=\"yoast-seo-meta-tag\" \/>\n<meta property=\"article:published_time\" content=\"2021-03-25T15:39:15+00:00\" class=\"yoast-seo-meta-tag\" \/>\n<meta property=\"og:image\" content=\"https:\/\/tabernaculoprensadedios.com\/web\/wp-content\/uploads\/2021\/03\/austria-3753979_1280.jpg\" class=\"yoast-seo-meta-tag\" \/>\n\t<meta property=\"og:image:width\" content=\"1280\" class=\"yoast-seo-meta-tag\" \/>\n\t<meta property=\"og:image:height\" content=\"744\" class=\"yoast-seo-meta-tag\" \/>\n\t<meta property=\"og:image:type\" content=\"image\/jpeg\" class=\"yoast-seo-meta-tag\" \/>\n<meta name=\"author\" content=\"tabernaculo\" class=\"yoast-seo-meta-tag\" \/>\n<meta name=\"twitter:card\" content=\"summary_large_image\" class=\"yoast-seo-meta-tag\" \/>\n<meta name=\"twitter:creator\" content=\"@PrensadeDios\" class=\"yoast-seo-meta-tag\" \/>\n<meta name=\"twitter:site\" content=\"@PrensadeDios\" class=\"yoast-seo-meta-tag\" \/>\n<meta name=\"twitter:label1\" content=\"Escrito por\" class=\"yoast-seo-meta-tag\" \/>\n\t<meta name=\"twitter:data1\" content=\"tabernaculo\" class=\"yoast-seo-meta-tag\" \/>\n\t<meta name=\"twitter:label2\" content=\"Tiempo de lectura\" class=\"yoast-seo-meta-tag\" \/>\n\t<meta name=\"twitter:data2\" content=\"7 minutos\" class=\"yoast-seo-meta-tag\" \/>\n<script type=\"application\/ld+json\" class=\"yoast-schema-graph\">{\"@context\":\"https:\/\/schema.org\",\"@graph\":[{\"@type\":\"Article\",\"@id\":\"https:\/\/tabernaculoprensadedios.com\/web\/una-conversacion-con-dios\/#article\",\"isPartOf\":{\"@id\":\"https:\/\/tabernaculoprensadedios.com\/web\/una-conversacion-con-dios\/\"},\"author\":{\"name\":\"tabernaculo\",\"@id\":\"https:\/\/tabernaculoprensadedios.com\/web\/#\/schema\/person\/bc0e069fef56b38e177db6f098ae0b6e\"},\"headline\":\"Una Conversaci\u00f3n con Dios\",\"datePublished\":\"2021-03-25T15:39:15+00:00\",\"mainEntityOfPage\":{\"@id\":\"https:\/\/tabernaculoprensadedios.com\/web\/una-conversacion-con-dios\/\"},\"wordCount\":1502,\"commentCount\":0,\"publisher\":{\"@id\":\"https:\/\/tabernaculoprensadedios.com\/web\/#\/schema\/person\/bc0e069fef56b38e177db6f098ae0b6e\"},\"image\":{\"@id\":\"https:\/\/tabernaculoprensadedios.com\/web\/una-conversacion-con-dios\/#primaryimage\"},\"thumbnailUrl\":\"https:\/\/tabernaculoprensadedios.com\/web\/wp-content\/uploads\/2021\/03\/austria-3753979_1280.jpg\",\"articleSection\":[\"Articulos\"],\"inLanguage\":\"es\",\"potentialAction\":[{\"@type\":\"CommentAction\",\"name\":\"Comment\",\"target\":[\"https:\/\/tabernaculoprensadedios.com\/web\/una-conversacion-con-dios\/#respond\"]}]},{\"@type\":\"WebPage\",\"@id\":\"https:\/\/tabernaculoprensadedios.com\/web\/una-conversacion-con-dios\/\",\"url\":\"https:\/\/tabernaculoprensadedios.com\/web\/una-conversacion-con-dios\/\",\"name\":\"Una Conversaci\u00f3n con Dios - Tabernaculo Prensa de Dios\",\"isPartOf\":{\"@id\":\"https:\/\/tabernaculoprensadedios.com\/web\/#website\"},\"primaryImageOfPage\":{\"@id\":\"https:\/\/tabernaculoprensadedios.com\/web\/una-conversacion-con-dios\/#primaryimage\"},\"image\":{\"@id\":\"https:\/\/tabernaculoprensadedios.com\/web\/una-conversacion-con-dios\/#primaryimage\"},\"thumbnailUrl\":\"https:\/\/tabernaculoprensadedios.com\/web\/wp-content\/uploads\/2021\/03\/austria-3753979_1280.jpg\",\"datePublished\":\"2021-03-25T15:39:15+00:00\",\"breadcrumb\":{\"@id\":\"https:\/\/tabernaculoprensadedios.com\/web\/una-conversacion-con-dios\/#breadcrumb\"},\"inLanguage\":\"es\",\"potentialAction\":[{\"@type\":\"ReadAction\",\"target\":[\"https:\/\/tabernaculoprensadedios.com\/web\/una-conversacion-con-dios\/\"]}]},{\"@type\":\"ImageObject\",\"inLanguage\":\"es\",\"@id\":\"https:\/\/tabernaculoprensadedios.com\/web\/una-conversacion-con-dios\/#primaryimage\",\"url\":\"https:\/\/tabernaculoprensadedios.com\/web\/wp-content\/uploads\/2021\/03\/austria-3753979_1280.jpg\",\"contentUrl\":\"https:\/\/tabernaculoprensadedios.com\/web\/wp-content\/uploads\/2021\/03\/austria-3753979_1280.jpg\",\"width\":1280,\"height\":744},{\"@type\":\"BreadcrumbList\",\"@id\":\"https:\/\/tabernaculoprensadedios.com\/web\/una-conversacion-con-dios\/#breadcrumb\",\"itemListElement\":[{\"@type\":\"ListItem\",\"position\":1,\"name\":\"Portada\",\"item\":\"https:\/\/tabernaculoprensadedios.com\/web\/\"},{\"@type\":\"ListItem\",\"position\":2,\"name\":\"Una Conversaci\u00f3n con Dios\"}]},{\"@type\":\"WebSite\",\"@id\":\"https:\/\/tabernaculoprensadedios.com\/web\/#website\",\"url\":\"https:\/\/tabernaculoprensadedios.com\/web\/\",\"name\":\"Tabernaculo Prensa de Dios\",\"description\":\"Un medio a la manera de Dios\",\"publisher\":{\"@id\":\"https:\/\/tabernaculoprensadedios.com\/web\/#\/schema\/person\/bc0e069fef56b38e177db6f098ae0b6e\"},\"potentialAction\":[{\"@type\":\"SearchAction\",\"target\":{\"@type\":\"EntryPoint\",\"urlTemplate\":\"https:\/\/tabernaculoprensadedios.com\/web\/?s={search_term_string}\"},\"query-input\":{\"@type\":\"PropertyValueSpecification\",\"valueRequired\":true,\"valueName\":\"search_term_string\"}}],\"inLanguage\":\"es\"},{\"@type\":[\"Person\",\"Organization\"],\"@id\":\"https:\/\/tabernaculoprensadedios.com\/web\/#\/schema\/person\/bc0e069fef56b38e177db6f098ae0b6e\",\"name\":\"tabernaculo\",\"image\":{\"@type\":\"ImageObject\",\"inLanguage\":\"es\",\"@id\":\"https:\/\/tabernaculoprensadedios.com\/web\/#\/schema\/person\/image\/\",\"url\":\"https:\/\/tabernaculoprensadedios.com\/web\/wp-content\/uploads\/2015\/06\/login-logo1.png\",\"contentUrl\":\"https:\/\/tabernaculoprensadedios.com\/web\/wp-content\/uploads\/2015\/06\/login-logo1.png\",\"width\":300,\"height\":118,\"caption\":\"tabernaculo\"},\"logo\":{\"@id\":\"https:\/\/tabernaculoprensadedios.com\/web\/#\/schema\/person\/image\/\"},\"url\":\"https:\/\/tabernaculoprensadedios.com\/web\/author\/tabernaculo\/\"}]}<\/script>\n<!-- \/ Yoast SEO Premium plugin. -->","yoast_head_json":{"title":"Una Conversaci\u00f3n con Dios - Tabernaculo Prensa de Dios","robots":{"index":"index","follow":"follow","max-snippet":"max-snippet:-1","max-image-preview":"max-image-preview:large","max-video-preview":"max-video-preview:-1"},"canonical":"https:\/\/tabernaculoprensadedios.com\/web\/una-conversacion-con-dios\/","og_locale":"es_ES","og_type":"article","og_title":"Una Conversaci\u00f3n con Dios","og_description":"Nos acercamos a un momento sumamente importante para los creyentes, para los cristianos, momento donde celebramos la muerte y resurrecci\u00f3n de nuestro Se\u00f1or Jesucristo.\u00a0 Ese fin de semana, el mundo completo se paraliza y tiene que pensar en la raz\u00f3n de ser de ese detente.\u00a0 Nosotros, los creyentes, debemos buscar siempre la mejor manera de &hellip;","og_url":"https:\/\/tabernaculoprensadedios.com\/web\/una-conversacion-con-dios\/","og_site_name":"Tabernaculo Prensa de Dios","article_published_time":"2021-03-25T15:39:15+00:00","og_image":[{"width":1280,"height":744,"url":"https:\/\/tabernaculoprensadedios.com\/web\/wp-content\/uploads\/2021\/03\/austria-3753979_1280.jpg","type":"image\/jpeg"}],"author":"tabernaculo","twitter_card":"summary_large_image","twitter_creator":"@PrensadeDios","twitter_site":"@PrensadeDios","twitter_misc":{"Escrito por":"tabernaculo","Tiempo de lectura":"7 minutos"},"schema":{"@context":"https:\/\/schema.org","@graph":[{"@type":"Article","@id":"https:\/\/tabernaculoprensadedios.com\/web\/una-conversacion-con-dios\/#article","isPartOf":{"@id":"https:\/\/tabernaculoprensadedios.com\/web\/una-conversacion-con-dios\/"},"author":{"name":"tabernaculo","@id":"https:\/\/tabernaculoprensadedios.com\/web\/#\/schema\/person\/bc0e069fef56b38e177db6f098ae0b6e"},"headline":"Una Conversaci\u00f3n con Dios","datePublished":"2021-03-25T15:39:15+00:00","mainEntityOfPage":{"@id":"https:\/\/tabernaculoprensadedios.com\/web\/una-conversacion-con-dios\/"},"wordCount":1502,"commentCount":0,"publisher":{"@id":"https:\/\/tabernaculoprensadedios.com\/web\/#\/schema\/person\/bc0e069fef56b38e177db6f098ae0b6e"},"image":{"@id":"https:\/\/tabernaculoprensadedios.com\/web\/una-conversacion-con-dios\/#primaryimage"},"thumbnailUrl":"https:\/\/tabernaculoprensadedios.com\/web\/wp-content\/uploads\/2021\/03\/austria-3753979_1280.jpg","articleSection":["Articulos"],"inLanguage":"es","potentialAction":[{"@type":"CommentAction","name":"Comment","target":["https:\/\/tabernaculoprensadedios.com\/web\/una-conversacion-con-dios\/#respond"]}]},{"@type":"WebPage","@id":"https:\/\/tabernaculoprensadedios.com\/web\/una-conversacion-con-dios\/","url":"https:\/\/tabernaculoprensadedios.com\/web\/una-conversacion-con-dios\/","name":"Una Conversaci\u00f3n con Dios - Tabernaculo Prensa de Dios","isPartOf":{"@id":"https:\/\/tabernaculoprensadedios.com\/web\/#website"},"primaryImageOfPage":{"@id":"https:\/\/tabernaculoprensadedios.com\/web\/una-conversacion-con-dios\/#primaryimage"},"image":{"@id":"https:\/\/tabernaculoprensadedios.com\/web\/una-conversacion-con-dios\/#primaryimage"},"thumbnailUrl":"https:\/\/tabernaculoprensadedios.com\/web\/wp-content\/uploads\/2021\/03\/austria-3753979_1280.jpg","datePublished":"2021-03-25T15:39:15+00:00","breadcrumb":{"@id":"https:\/\/tabernaculoprensadedios.com\/web\/una-conversacion-con-dios\/#breadcrumb"},"inLanguage":"es","potentialAction":[{"@type":"ReadAction","target":["https:\/\/tabernaculoprensadedios.com\/web\/una-conversacion-con-dios\/"]}]},{"@type":"ImageObject","inLanguage":"es","@id":"https:\/\/tabernaculoprensadedios.com\/web\/una-conversacion-con-dios\/#primaryimage","url":"https:\/\/tabernaculoprensadedios.com\/web\/wp-content\/uploads\/2021\/03\/austria-3753979_1280.jpg","contentUrl":"https:\/\/tabernaculoprensadedios.com\/web\/wp-content\/uploads\/2021\/03\/austria-3753979_1280.jpg","width":1280,"height":744},{"@type":"BreadcrumbList","@id":"https:\/\/tabernaculoprensadedios.com\/web\/una-conversacion-con-dios\/#breadcrumb","itemListElement":[{"@type":"ListItem","position":1,"name":"Portada","item":"https:\/\/tabernaculoprensadedios.com\/web\/"},{"@type":"ListItem","position":2,"name":"Una Conversaci\u00f3n con Dios"}]},{"@type":"WebSite","@id":"https:\/\/tabernaculoprensadedios.com\/web\/#website","url":"https:\/\/tabernaculoprensadedios.com\/web\/","name":"Tabernaculo Prensa de Dios","description":"Un medio a la manera de Dios","publisher":{"@id":"https:\/\/tabernaculoprensadedios.com\/web\/#\/schema\/person\/bc0e069fef56b38e177db6f098ae0b6e"},"potentialAction":[{"@type":"SearchAction","target":{"@type":"EntryPoint","urlTemplate":"https:\/\/tabernaculoprensadedios.com\/web\/?s={search_term_string}"},"query-input":{"@type":"PropertyValueSpecification","valueRequired":true,"valueName":"search_term_string"}}],"inLanguage":"es"},{"@type":["Person","Organization"],"@id":"https:\/\/tabernaculoprensadedios.com\/web\/#\/schema\/person\/bc0e069fef56b38e177db6f098ae0b6e","name":"tabernaculo","image":{"@type":"ImageObject","inLanguage":"es","@id":"https:\/\/tabernaculoprensadedios.com\/web\/#\/schema\/person\/image\/","url":"https:\/\/tabernaculoprensadedios.com\/web\/wp-content\/uploads\/2015\/06\/login-logo1.png","contentUrl":"https:\/\/tabernaculoprensadedios.com\/web\/wp-content\/uploads\/2015\/06\/login-logo1.png","width":300,"height":118,"caption":"tabernaculo"},"logo":{"@id":"https:\/\/tabernaculoprensadedios.com\/web\/#\/schema\/person\/image\/"},"url":"https:\/\/tabernaculoprensadedios.com\/web\/author\/tabernaculo\/"}]}},"_links":{"self":[{"href":"https:\/\/tabernaculoprensadedios.com\/web\/wp-json\/wp\/v2\/posts\/21420","targetHints":{"allow":["GET"]}}],"collection":[{"href":"https:\/\/tabernaculoprensadedios.com\/web\/wp-json\/wp\/v2\/posts"}],"about":[{"href":"https:\/\/tabernaculoprensadedios.com\/web\/wp-json\/wp\/v2\/types\/post"}],"author":[{"embeddable":true,"href":"https:\/\/tabernaculoprensadedios.com\/web\/wp-json\/wp\/v2\/users\/1"}],"replies":[{"embeddable":true,"href":"https:\/\/tabernaculoprensadedios.com\/web\/wp-json\/wp\/v2\/comments?post=21420"}],"version-history":[{"count":1,"href":"https:\/\/tabernaculoprensadedios.com\/web\/wp-json\/wp\/v2\/posts\/21420\/revisions"}],"predecessor-version":[{"id":21422,"href":"https:\/\/tabernaculoprensadedios.com\/web\/wp-json\/wp\/v2\/posts\/21420\/revisions\/21422"}],"wp:featuredmedia":[{"embeddable":true,"href":"https:\/\/tabernaculoprensadedios.com\/web\/wp-json\/wp\/v2\/media\/21421"}],"wp:attachment":[{"href":"https:\/\/tabernaculoprensadedios.com\/web\/wp-json\/wp\/v2\/media?parent=21420"}],"wp:term":[{"taxonomy":"category","embeddable":true,"href":"https:\/\/tabernaculoprensadedios.com\/web\/wp-json\/wp\/v2\/categories?post=21420"},{"taxonomy":"post_tag","embeddable":true,"href":"https:\/\/tabernaculoprensadedios.com\/web\/wp-json\/wp\/v2\/tags?post=21420"}],"curies":[{"name":"wp","href":"https:\/\/api.w.org\/{rel}","templated":true}]}}