{"id":21405,"date":"2021-03-24T01:36:12","date_gmt":"2021-03-24T01:36:12","guid":{"rendered":"http:\/\/tabernaculoprensadedios.com\/web\/?p=21405"},"modified":"2021-03-24T01:38:00","modified_gmt":"2021-03-24T01:38:00","slug":"un-ano-despues-como-esta-tu-fe","status":"publish","type":"post","link":"https:\/\/tabernaculoprensadedios.com\/web\/un-ano-despues-como-esta-tu-fe\/","title":{"rendered":"Un a\u00f1o despu\u00e9s: como esta tu Fe"},"content":{"rendered":"<p><strong>MARCOS 4:40 <em>Y les dijo: \u00bfPor qu\u00e9 est\u00e1is as\u00ed amedrentados? \u00bfC\u00f3mo no ten\u00e9is fe?<\/em><\/strong><\/p>\n<p>En muchos pa\u00edses del mundo en este mes de marzo estamos cumpliendo un a\u00f1o desde que la OMS declar\u00f3 que el Coronavirus era una pandemia global, un a\u00f1o ha pasado desde que comenzaron las cuarentenas obligatorias, los confinamientos de ciudades y de pa\u00edses completos, un a\u00f1o en el cual comenzamos a ver como muchas personas en el mundo se enfermaban y que muchas de ellas mor\u00edan a causa de este virus.<\/p>\n<p>Y no podemos negar que hace un a\u00f1o nuestros corazones se llenaron de temor, de angustia y de preocupaci\u00f3n, y seguramente el Se\u00f1or nos hubiera hecho a nosotros las mismas dos preguntas que les hizo a sus disc\u00edpulos Y les dijo: \u00bfPor qu\u00e9 est\u00e1is as\u00ed amedrentados? \u00bfC\u00f3mo no ten\u00e9is fe?<\/p>\n<p>Pero ahora, un a\u00f1o despu\u00e9s, podemos decir con agradecimiento \u00a1Hasta aqu\u00ed nos ayud\u00f3 nuestro Dios! en un a\u00f1o que ha sido de aprendizaje, de mayor comuni\u00f3n con Dios, de enfrentar crisis y dificultades confiando en el Se\u00f1or, y de volver a una nueva normalidad, podemos decir que <strong>NUESTRA FE SE HA FORTALECIDO.<\/strong><\/p>\n<p><strong>Un a\u00f1o despu\u00e9s \u00bfC\u00f3mo est\u00e1 nuestra fe?<\/strong><\/p>\n<p><strong>I) COMO LA FE DE ABRAHAM, PARA CAMINAR EN UN CAMINO QUE NO CONOC\u00cdAMOS (G\u00c9NESIS 12.1) <em>Pero Jehov\u00e1 hab\u00eda dicho a Abram: Vete de tu tierra y de tu parentela, y de la casa de tu padre, a la tierra que te mostrar\u00e9.<\/em><\/strong> Ninguno de nosotros estaba preparado para vivir en una pandemia, y para enfrentarnos a una nueva normalidad completamente diferente, pero al igual que Abraham hemos confiado en nuestro Dios y vamos caminando por este nuevo camino, por esta nueva normalidad, pero tomados de la mano de nuestro Dios, confiando que \u00e9l nos va guiando en nuestro camino.<\/p>\n<p><strong>II) LA FE DEL PUEBLO DE ISRAEL PARA SENTIRNOS CONFIADOS PORQUE LA SANGRE DE CRISTO EST\u00c1 EN NUESTRA VIDA (\u00c9XODO 12:22-23)\u00a0 <em>Y tomad un manojo de hisopo, y mojadlo en la sangre que estar\u00e1 en un lebrillo, y untad el dintel y los dos postes con la sangre que estar\u00e1 en el lebrillo; y ninguno de vosotros salga de las puertas de su casa hasta la ma\u00f1ana.23 Porque Jehov\u00e1 pasar\u00e1 hiriendo a los egipcios; y cuando vea la sangre en el dintel y en los dos postes, pasar\u00e1 Jehov\u00e1 aquella puerta, y no dejar\u00e1 entrar al heridor en vuestras casas para herir. <\/em><\/strong>Durante todo un a\u00f1o hemos aprendido a cumplir los nuevos protocolos para prevenir los contagios de covid19, hemos usado mascarilla, hemos mantenido el distanciamiento, nos hemos lavado las manos constantemente y utilizado el alcohol gel, pero si de algo tambi\u00e9n estamos seguros es que todo lo terrenal puede fallar, lo terrenal no es infalible, es por eso que al igual que el pueblo de Israel hemos aprendido a no poner nuestra confianza en lo terrenal, sino en la protecci\u00f3n sobrenatural de nuestro Dios, porque as\u00ed como la sangre del cordero que fue puesta en el dintel de cada puerta les trajo una protecci\u00f3n sobrenatural, tambi\u00e9n en nuestra vida y en nuestra familia la sangre de Cristo nos cubre y nos protege sobrenaturalmente, hemos experimentado <strong>PROTECCI\u00d3N NIVEL DIOS.\u00a0<\/strong><\/p>\n<p><strong>III) COMO LA FE DE JOSU\u00c9, PARA CONQUISTAR NUESTROS TEMORES (JOSU\u00c9 1:9) <em>Mira que te mando que te esfuerces y seas valiente; no temas ni desmayes, porque Jehov\u00e1 tu Dios estar\u00e1 contigo en dondequiera que vayas<\/em><\/strong>.En este a\u00f1o de pandemia que hemos tenido que vivir los hijos de Dios hemos conquistado al igual que Josu\u00e9, pero no una tierra prometida, hemos enfrentado y conquistado nuestros propios temores, nuestros miedos, recordando cada dia que no vamos solos, nuestro Dios estar\u00e1 con nosotros donde quiera que vayamos. Aunque no sabemos lo que pasar\u00e1 ma\u00f1ana, si de algo podemos estar seguros es que nuestro Dios ya est\u00e1 ah\u00ed esperando por nosotros.<\/p>\n<p><strong>IV) C\u00d3MO LA FE DE JOB PARA ADORAR A DIOS AUN EN MEDIO DE LA ENFERMEDAD Y EL DOLOR (JOB 1:20-21)<\/strong> <strong><em>Entonces Job se levant\u00f3, y rasg\u00f3 su manto, y rasur\u00f3 su cabeza, y se postr\u00f3 en tierra y ador\u00f3, 21 y dijo: Desnudo sal\u00ed del vientre de mi madre, y desnudo volver\u00e9 all\u00e1. Jehov\u00e1 dio, y Jehov\u00e1 quit\u00f3; sea el nombre de Jehov\u00e1 bendito<\/em><\/strong>. Como lo hemos mencionado anteriormente nosotros hemos cre\u00eddo que los hijos de Dios tenemos sobre nuestra vida una protecci\u00f3n especial, sobrenatural, la sangre del cordero de Dios est\u00e1 sobre nuestra vida, pero tambi\u00e9n sabemos que si nos enfermamos es porque as\u00ed nuestro Dios lo ha permitido, y hemos aprendido que pase lo que pase tenemos que adorar a Dios, en la salud o en la enfermedad hemos aprendido a tener un coraz\u00f3n agradecido porque pase lo que pase nuestro Dios tiene el control y \u00e9l tiene la \u00faltima palabra.<\/p>\n<p><strong>CONCLUSI\u00d3N:<\/strong> Verdaderamente no ha sido un a\u00f1o f\u00e1cil, ha sido un a\u00f1o dif\u00edcil, lleno de dificultades, caminando en medio del valle de sombra y de muerte, pero hemos aprendido a tener la fe del ap\u00f3stol Pablo y podemos decir con toda confianza <strong>(Romanos 14:8)<em> PUES SI VIVIMOS, PARA EL SE\u00d1OR VIVIMOS; Y SI MORIMOS, PARA EL SE\u00d1OR MORIMOS.<\/em><\/strong> <strong><em>As\u00ed pues, SEA QUE VIVAMOS, O QUE MURAMOS, DEL SE\u00d1OR SOMOS.<\/em><\/strong><\/p>\n","protected":false},"excerpt":{"rendered":"<p>MARCOS 4:40 Y les dijo: \u00bfPor qu\u00e9 est\u00e1is as\u00ed amedrentados? \u00bfC\u00f3mo no ten\u00e9is fe? En muchos pa\u00edses del mundo en este mes de marzo estamos cumpliendo un a\u00f1o desde que la OMS declar\u00f3 que el Coronavirus era una pandemia global, un a\u00f1o ha pasado desde que comenzaron las cuarentenas obligatorias, los confinamientos de ciudades y &hellip;<\/p>\n","protected":false},"author":1,"featured_media":21406,"comment_status":"open","ping_status":"open","sticky":false,"template":"","format":"standard","meta":{"footnotes":""},"categories":[34],"tags":[],"class_list":["post-21405","post","type-post","status-publish","format-standard","has-post-thumbnail","hentry","category-articulos"],"yoast_head":"<!-- This site is optimized with the Yoast SEO Premium plugin v24.2 (Yoast SEO v27.1.1) - https:\/\/yoast.com\/product\/yoast-seo-premium-wordpress\/ -->\n<title>Un a\u00f1o despu\u00e9s: como esta tu Fe - Tabernaculo Prensa de Dios<\/title>\n<meta name=\"robots\" content=\"index, follow, max-snippet:-1, max-image-preview:large, max-video-preview:-1\" \/>\n<link rel=\"canonical\" href=\"https:\/\/tabernaculoprensadedios.com\/web\/un-ano-despues-como-esta-tu-fe\/\" class=\"yoast-seo-meta-tag\" \/>\n<meta property=\"og:locale\" content=\"es_ES\" class=\"yoast-seo-meta-tag\" \/>\n<meta property=\"og:type\" content=\"article\" class=\"yoast-seo-meta-tag\" \/>\n<meta property=\"og:title\" content=\"Un a\u00f1o despu\u00e9s: como esta tu Fe\" class=\"yoast-seo-meta-tag\" \/>\n<meta property=\"og:description\" content=\"MARCOS 4:40 Y les dijo: \u00bfPor qu\u00e9 est\u00e1is as\u00ed amedrentados? \u00bfC\u00f3mo no ten\u00e9is fe? En muchos pa\u00edses del mundo en este mes de marzo estamos cumpliendo un a\u00f1o desde que la OMS declar\u00f3 que el Coronavirus era una pandemia global, un a\u00f1o ha pasado desde que comenzaron las cuarentenas obligatorias, los confinamientos de ciudades y &hellip;\" class=\"yoast-seo-meta-tag\" \/>\n<meta property=\"og:url\" content=\"https:\/\/tabernaculoprensadedios.com\/web\/un-ano-despues-como-esta-tu-fe\/\" class=\"yoast-seo-meta-tag\" \/>\n<meta property=\"og:site_name\" content=\"Tabernaculo Prensa de Dios\" class=\"yoast-seo-meta-tag\" \/>\n<meta property=\"article:published_time\" content=\"2021-03-24T01:36:12+00:00\" class=\"yoast-seo-meta-tag\" \/>\n<meta property=\"article:modified_time\" content=\"2021-03-24T01:38:00+00:00\" class=\"yoast-seo-meta-tag\" \/>\n<meta property=\"og:image\" content=\"https:\/\/tabernaculoprensadedios.com\/web\/wp-content\/uploads\/2021\/03\/despue.jpg\" class=\"yoast-seo-meta-tag\" \/>\n\t<meta property=\"og:image:width\" content=\"1280\" class=\"yoast-seo-meta-tag\" \/>\n\t<meta property=\"og:image:height\" content=\"807\" class=\"yoast-seo-meta-tag\" \/>\n\t<meta property=\"og:image:type\" content=\"image\/jpeg\" class=\"yoast-seo-meta-tag\" \/>\n<meta name=\"author\" content=\"tabernaculo\" class=\"yoast-seo-meta-tag\" \/>\n<meta name=\"twitter:card\" content=\"summary_large_image\" class=\"yoast-seo-meta-tag\" \/>\n<meta name=\"twitter:creator\" content=\"@PrensadeDios\" class=\"yoast-seo-meta-tag\" \/>\n<meta name=\"twitter:site\" content=\"@PrensadeDios\" class=\"yoast-seo-meta-tag\" \/>\n<meta name=\"twitter:label1\" content=\"Escrito por\" class=\"yoast-seo-meta-tag\" \/>\n\t<meta name=\"twitter:data1\" content=\"tabernaculo\" class=\"yoast-seo-meta-tag\" \/>\n\t<meta name=\"twitter:label2\" content=\"Tiempo de lectura\" class=\"yoast-seo-meta-tag\" \/>\n\t<meta name=\"twitter:data2\" content=\"5 minutos\" class=\"yoast-seo-meta-tag\" \/>\n<script type=\"application\/ld+json\" class=\"yoast-schema-graph\">{\"@context\":\"https:\/\/schema.org\",\"@graph\":[{\"@type\":\"Article\",\"@id\":\"https:\/\/tabernaculoprensadedios.com\/web\/un-ano-despues-como-esta-tu-fe\/#article\",\"isPartOf\":{\"@id\":\"https:\/\/tabernaculoprensadedios.com\/web\/un-ano-despues-como-esta-tu-fe\/\"},\"author\":{\"name\":\"tabernaculo\",\"@id\":\"https:\/\/tabernaculoprensadedios.com\/web\/#\/schema\/person\/bc0e069fef56b38e177db6f098ae0b6e\"},\"headline\":\"Un a\u00f1o despu\u00e9s: como esta tu Fe\",\"datePublished\":\"2021-03-24T01:36:12+00:00\",\"dateModified\":\"2021-03-24T01:38:00+00:00\",\"mainEntityOfPage\":{\"@id\":\"https:\/\/tabernaculoprensadedios.com\/web\/un-ano-despues-como-esta-tu-fe\/\"},\"wordCount\":909,\"commentCount\":0,\"publisher\":{\"@id\":\"https:\/\/tabernaculoprensadedios.com\/web\/#\/schema\/person\/bc0e069fef56b38e177db6f098ae0b6e\"},\"image\":{\"@id\":\"https:\/\/tabernaculoprensadedios.com\/web\/un-ano-despues-como-esta-tu-fe\/#primaryimage\"},\"thumbnailUrl\":\"https:\/\/tabernaculoprensadedios.com\/web\/wp-content\/uploads\/2021\/03\/despue.jpg\",\"articleSection\":[\"Articulos\"],\"inLanguage\":\"es\",\"potentialAction\":[{\"@type\":\"CommentAction\",\"name\":\"Comment\",\"target\":[\"https:\/\/tabernaculoprensadedios.com\/web\/un-ano-despues-como-esta-tu-fe\/#respond\"]}]},{\"@type\":\"WebPage\",\"@id\":\"https:\/\/tabernaculoprensadedios.com\/web\/un-ano-despues-como-esta-tu-fe\/\",\"url\":\"https:\/\/tabernaculoprensadedios.com\/web\/un-ano-despues-como-esta-tu-fe\/\",\"name\":\"Un a\u00f1o despu\u00e9s: como esta tu Fe - Tabernaculo Prensa de Dios\",\"isPartOf\":{\"@id\":\"https:\/\/tabernaculoprensadedios.com\/web\/#website\"},\"primaryImageOfPage\":{\"@id\":\"https:\/\/tabernaculoprensadedios.com\/web\/un-ano-despues-como-esta-tu-fe\/#primaryimage\"},\"image\":{\"@id\":\"https:\/\/tabernaculoprensadedios.com\/web\/un-ano-despues-como-esta-tu-fe\/#primaryimage\"},\"thumbnailUrl\":\"https:\/\/tabernaculoprensadedios.com\/web\/wp-content\/uploads\/2021\/03\/despue.jpg\",\"datePublished\":\"2021-03-24T01:36:12+00:00\",\"dateModified\":\"2021-03-24T01:38:00+00:00\",\"breadcrumb\":{\"@id\":\"https:\/\/tabernaculoprensadedios.com\/web\/un-ano-despues-como-esta-tu-fe\/#breadcrumb\"},\"inLanguage\":\"es\",\"potentialAction\":[{\"@type\":\"ReadAction\",\"target\":[\"https:\/\/tabernaculoprensadedios.com\/web\/un-ano-despues-como-esta-tu-fe\/\"]}]},{\"@type\":\"ImageObject\",\"inLanguage\":\"es\",\"@id\":\"https:\/\/tabernaculoprensadedios.com\/web\/un-ano-despues-como-esta-tu-fe\/#primaryimage\",\"url\":\"https:\/\/tabernaculoprensadedios.com\/web\/wp-content\/uploads\/2021\/03\/despue.jpg\",\"contentUrl\":\"https:\/\/tabernaculoprensadedios.com\/web\/wp-content\/uploads\/2021\/03\/despue.jpg\",\"width\":1280,\"height\":807},{\"@type\":\"BreadcrumbList\",\"@id\":\"https:\/\/tabernaculoprensadedios.com\/web\/un-ano-despues-como-esta-tu-fe\/#breadcrumb\",\"itemListElement\":[{\"@type\":\"ListItem\",\"position\":1,\"name\":\"Portada\",\"item\":\"https:\/\/tabernaculoprensadedios.com\/web\/\"},{\"@type\":\"ListItem\",\"position\":2,\"name\":\"Un a\u00f1o despu\u00e9s: como esta tu Fe\"}]},{\"@type\":\"WebSite\",\"@id\":\"https:\/\/tabernaculoprensadedios.com\/web\/#website\",\"url\":\"https:\/\/tabernaculoprensadedios.com\/web\/\",\"name\":\"Tabernaculo Prensa de Dios\",\"description\":\"Un medio a la manera de Dios\",\"publisher\":{\"@id\":\"https:\/\/tabernaculoprensadedios.com\/web\/#\/schema\/person\/bc0e069fef56b38e177db6f098ae0b6e\"},\"potentialAction\":[{\"@type\":\"SearchAction\",\"target\":{\"@type\":\"EntryPoint\",\"urlTemplate\":\"https:\/\/tabernaculoprensadedios.com\/web\/?s={search_term_string}\"},\"query-input\":{\"@type\":\"PropertyValueSpecification\",\"valueRequired\":true,\"valueName\":\"search_term_string\"}}],\"inLanguage\":\"es\"},{\"@type\":[\"Person\",\"Organization\"],\"@id\":\"https:\/\/tabernaculoprensadedios.com\/web\/#\/schema\/person\/bc0e069fef56b38e177db6f098ae0b6e\",\"name\":\"tabernaculo\",\"image\":{\"@type\":\"ImageObject\",\"inLanguage\":\"es\",\"@id\":\"https:\/\/tabernaculoprensadedios.com\/web\/#\/schema\/person\/image\/\",\"url\":\"https:\/\/tabernaculoprensadedios.com\/web\/wp-content\/uploads\/2015\/06\/login-logo1.png\",\"contentUrl\":\"https:\/\/tabernaculoprensadedios.com\/web\/wp-content\/uploads\/2015\/06\/login-logo1.png\",\"width\":300,\"height\":118,\"caption\":\"tabernaculo\"},\"logo\":{\"@id\":\"https:\/\/tabernaculoprensadedios.com\/web\/#\/schema\/person\/image\/\"},\"url\":\"https:\/\/tabernaculoprensadedios.com\/web\/author\/tabernaculo\/\"}]}<\/script>\n<!-- \/ Yoast SEO Premium plugin. -->","yoast_head_json":{"title":"Un a\u00f1o despu\u00e9s: como esta tu Fe - Tabernaculo Prensa de Dios","robots":{"index":"index","follow":"follow","max-snippet":"max-snippet:-1","max-image-preview":"max-image-preview:large","max-video-preview":"max-video-preview:-1"},"canonical":"https:\/\/tabernaculoprensadedios.com\/web\/un-ano-despues-como-esta-tu-fe\/","og_locale":"es_ES","og_type":"article","og_title":"Un a\u00f1o despu\u00e9s: como esta tu Fe","og_description":"MARCOS 4:40 Y les dijo: \u00bfPor qu\u00e9 est\u00e1is as\u00ed amedrentados? \u00bfC\u00f3mo no ten\u00e9is fe? En muchos pa\u00edses del mundo en este mes de marzo estamos cumpliendo un a\u00f1o desde que la OMS declar\u00f3 que el Coronavirus era una pandemia global, un a\u00f1o ha pasado desde que comenzaron las cuarentenas obligatorias, los confinamientos de ciudades y &hellip;","og_url":"https:\/\/tabernaculoprensadedios.com\/web\/un-ano-despues-como-esta-tu-fe\/","og_site_name":"Tabernaculo Prensa de Dios","article_published_time":"2021-03-24T01:36:12+00:00","article_modified_time":"2021-03-24T01:38:00+00:00","og_image":[{"width":1280,"height":807,"url":"https:\/\/tabernaculoprensadedios.com\/web\/wp-content\/uploads\/2021\/03\/despue.jpg","type":"image\/jpeg"}],"author":"tabernaculo","twitter_card":"summary_large_image","twitter_creator":"@PrensadeDios","twitter_site":"@PrensadeDios","twitter_misc":{"Escrito por":"tabernaculo","Tiempo de lectura":"5 minutos"},"schema":{"@context":"https:\/\/schema.org","@graph":[{"@type":"Article","@id":"https:\/\/tabernaculoprensadedios.com\/web\/un-ano-despues-como-esta-tu-fe\/#article","isPartOf":{"@id":"https:\/\/tabernaculoprensadedios.com\/web\/un-ano-despues-como-esta-tu-fe\/"},"author":{"name":"tabernaculo","@id":"https:\/\/tabernaculoprensadedios.com\/web\/#\/schema\/person\/bc0e069fef56b38e177db6f098ae0b6e"},"headline":"Un a\u00f1o despu\u00e9s: como esta tu Fe","datePublished":"2021-03-24T01:36:12+00:00","dateModified":"2021-03-24T01:38:00+00:00","mainEntityOfPage":{"@id":"https:\/\/tabernaculoprensadedios.com\/web\/un-ano-despues-como-esta-tu-fe\/"},"wordCount":909,"commentCount":0,"publisher":{"@id":"https:\/\/tabernaculoprensadedios.com\/web\/#\/schema\/person\/bc0e069fef56b38e177db6f098ae0b6e"},"image":{"@id":"https:\/\/tabernaculoprensadedios.com\/web\/un-ano-despues-como-esta-tu-fe\/#primaryimage"},"thumbnailUrl":"https:\/\/tabernaculoprensadedios.com\/web\/wp-content\/uploads\/2021\/03\/despue.jpg","articleSection":["Articulos"],"inLanguage":"es","potentialAction":[{"@type":"CommentAction","name":"Comment","target":["https:\/\/tabernaculoprensadedios.com\/web\/un-ano-despues-como-esta-tu-fe\/#respond"]}]},{"@type":"WebPage","@id":"https:\/\/tabernaculoprensadedios.com\/web\/un-ano-despues-como-esta-tu-fe\/","url":"https:\/\/tabernaculoprensadedios.com\/web\/un-ano-despues-como-esta-tu-fe\/","name":"Un a\u00f1o despu\u00e9s: como esta tu Fe - Tabernaculo Prensa de Dios","isPartOf":{"@id":"https:\/\/tabernaculoprensadedios.com\/web\/#website"},"primaryImageOfPage":{"@id":"https:\/\/tabernaculoprensadedios.com\/web\/un-ano-despues-como-esta-tu-fe\/#primaryimage"},"image":{"@id":"https:\/\/tabernaculoprensadedios.com\/web\/un-ano-despues-como-esta-tu-fe\/#primaryimage"},"thumbnailUrl":"https:\/\/tabernaculoprensadedios.com\/web\/wp-content\/uploads\/2021\/03\/despue.jpg","datePublished":"2021-03-24T01:36:12+00:00","dateModified":"2021-03-24T01:38:00+00:00","breadcrumb":{"@id":"https:\/\/tabernaculoprensadedios.com\/web\/un-ano-despues-como-esta-tu-fe\/#breadcrumb"},"inLanguage":"es","potentialAction":[{"@type":"ReadAction","target":["https:\/\/tabernaculoprensadedios.com\/web\/un-ano-despues-como-esta-tu-fe\/"]}]},{"@type":"ImageObject","inLanguage":"es","@id":"https:\/\/tabernaculoprensadedios.com\/web\/un-ano-despues-como-esta-tu-fe\/#primaryimage","url":"https:\/\/tabernaculoprensadedios.com\/web\/wp-content\/uploads\/2021\/03\/despue.jpg","contentUrl":"https:\/\/tabernaculoprensadedios.com\/web\/wp-content\/uploads\/2021\/03\/despue.jpg","width":1280,"height":807},{"@type":"BreadcrumbList","@id":"https:\/\/tabernaculoprensadedios.com\/web\/un-ano-despues-como-esta-tu-fe\/#breadcrumb","itemListElement":[{"@type":"ListItem","position":1,"name":"Portada","item":"https:\/\/tabernaculoprensadedios.com\/web\/"},{"@type":"ListItem","position":2,"name":"Un a\u00f1o despu\u00e9s: como esta tu Fe"}]},{"@type":"WebSite","@id":"https:\/\/tabernaculoprensadedios.com\/web\/#website","url":"https:\/\/tabernaculoprensadedios.com\/web\/","name":"Tabernaculo Prensa de Dios","description":"Un medio a la manera de Dios","publisher":{"@id":"https:\/\/tabernaculoprensadedios.com\/web\/#\/schema\/person\/bc0e069fef56b38e177db6f098ae0b6e"},"potentialAction":[{"@type":"SearchAction","target":{"@type":"EntryPoint","urlTemplate":"https:\/\/tabernaculoprensadedios.com\/web\/?s={search_term_string}"},"query-input":{"@type":"PropertyValueSpecification","valueRequired":true,"valueName":"search_term_string"}}],"inLanguage":"es"},{"@type":["Person","Organization"],"@id":"https:\/\/tabernaculoprensadedios.com\/web\/#\/schema\/person\/bc0e069fef56b38e177db6f098ae0b6e","name":"tabernaculo","image":{"@type":"ImageObject","inLanguage":"es","@id":"https:\/\/tabernaculoprensadedios.com\/web\/#\/schema\/person\/image\/","url":"https:\/\/tabernaculoprensadedios.com\/web\/wp-content\/uploads\/2015\/06\/login-logo1.png","contentUrl":"https:\/\/tabernaculoprensadedios.com\/web\/wp-content\/uploads\/2015\/06\/login-logo1.png","width":300,"height":118,"caption":"tabernaculo"},"logo":{"@id":"https:\/\/tabernaculoprensadedios.com\/web\/#\/schema\/person\/image\/"},"url":"https:\/\/tabernaculoprensadedios.com\/web\/author\/tabernaculo\/"}]}},"_links":{"self":[{"href":"https:\/\/tabernaculoprensadedios.com\/web\/wp-json\/wp\/v2\/posts\/21405","targetHints":{"allow":["GET"]}}],"collection":[{"href":"https:\/\/tabernaculoprensadedios.com\/web\/wp-json\/wp\/v2\/posts"}],"about":[{"href":"https:\/\/tabernaculoprensadedios.com\/web\/wp-json\/wp\/v2\/types\/post"}],"author":[{"embeddable":true,"href":"https:\/\/tabernaculoprensadedios.com\/web\/wp-json\/wp\/v2\/users\/1"}],"replies":[{"embeddable":true,"href":"https:\/\/tabernaculoprensadedios.com\/web\/wp-json\/wp\/v2\/comments?post=21405"}],"version-history":[{"count":2,"href":"https:\/\/tabernaculoprensadedios.com\/web\/wp-json\/wp\/v2\/posts\/21405\/revisions"}],"predecessor-version":[{"id":21408,"href":"https:\/\/tabernaculoprensadedios.com\/web\/wp-json\/wp\/v2\/posts\/21405\/revisions\/21408"}],"wp:featuredmedia":[{"embeddable":true,"href":"https:\/\/tabernaculoprensadedios.com\/web\/wp-json\/wp\/v2\/media\/21406"}],"wp:attachment":[{"href":"https:\/\/tabernaculoprensadedios.com\/web\/wp-json\/wp\/v2\/media?parent=21405"}],"wp:term":[{"taxonomy":"category","embeddable":true,"href":"https:\/\/tabernaculoprensadedios.com\/web\/wp-json\/wp\/v2\/categories?post=21405"},{"taxonomy":"post_tag","embeddable":true,"href":"https:\/\/tabernaculoprensadedios.com\/web\/wp-json\/wp\/v2\/tags?post=21405"}],"curies":[{"name":"wp","href":"https:\/\/api.w.org\/{rel}","templated":true}]}}