{"id":21401,"date":"2021-03-24T01:20:04","date_gmt":"2021-03-24T01:20:04","guid":{"rendered":"http:\/\/tabernaculoprensadedios.com\/web\/?p=21401"},"modified":"2021-03-24T01:26:11","modified_gmt":"2021-03-24T01:26:11","slug":"estamos-siendo-la-sal-de-la-tierra","status":"publish","type":"post","link":"https:\/\/tabernaculoprensadedios.com\/web\/estamos-siendo-la-sal-de-la-tierra\/","title":{"rendered":"Estamos siendo la Sal de la Tierra"},"content":{"rendered":"<p><strong>MATEO 5:13 Vosotros<em>\u00a0sois la sal de la tierra; pero si la sal se desvaneciere, \u00bfcon qu\u00e9 ser\u00e1 salada? No sirve m\u00e1s para nada, sino para ser echada fuera y hollada por los hombres.<\/em><\/strong><\/p>\n<div>\u00a0<strong>VOSOTROS SOIS LA SAL DE LA TIERRA<br \/>\n<\/strong>Para comprender a qu\u00e9 se refer\u00eda nuestro Se\u00f1or Jesucristo cuando les dijo a sus disc\u00edpulos que ellos eran la sal de la tierra tenemos que analizar esta declaraci\u00f3n desde dos puntos de vista: uno espiritual y otro terrenal o material.<\/div>\n<p>Veamos cada uno de ellos por medio de la palabra de nuestro Dios:<\/p>\n<p><strong>I) \u00bfQU\u00c9 SIGNIFICA SER LA SAL DE LA TIERRA? ENFOQUE ESPIRITUAL\u00a0<\/strong><\/p>\n<p>Para poder comprender el enfoque espiritual de lo que significa ser la sal de la tierra tenemos que hablar primeramente de los pactos.<\/p>\n<p>En los tiempos b\u00edblicos para ratificar los pactos se utilizaba la sal, un pacto de sal significaba que no pod\u00eda ser quebrantado.<\/p>\n<p><strong>N\u00fameros 18:19:<\/strong>\u00a0<strong><em>Todas las ofrendas elevadas de las cosas santas, que los hijos de Israel ofrecieren a Jehov\u00e1, las he dado para ti, y para tus hijos y para tus hijas contigo, por estatuto perpetuo; pacto de sal perpetuo es delante de Jehov\u00e1 para ti y para tu descendencia contigo.<\/em><\/strong><\/p>\n<p><strong>2 cr\u00f3nicas 13:5<\/strong>: <strong><em>\u00bfNo sab\u00e9is vosotros que Jehov\u00e1 Dios de Israel dio el reino a David sobre Israel para siempre, a \u00e9l y a sus hijos, bajo pacto de sal?<\/em><\/strong><\/p>\n<p>Tenemos que saber que en el Antiguo Testamento Dios hizo un pacto con su pueblo basado en la sangre de los corderos que eran sacrificados <strong>(Exodo 24:7-8)<\/strong> <strong><em>Y tom\u00f3 el libro del pacto y lo ley\u00f3 a o\u00eddos del pueblo, el cual dijo: Haremos todas las cosas que Jehov\u00e1 ha dicho, y obedeceremos.8 Entonces Mois\u00e9s tom\u00f3 la sangre y roci\u00f3 sobre el pueblo, y dijo: He aqu\u00ed la sangre del pacto que Jehov\u00e1 ha hecho con vosotros sobre todas estas cosas.<\/em><\/strong><\/p>\n<p>Para recordar que ese pacto hecho por Dios con su pueblo era inquebrantable se usaba siempre la sal en todos los sacrificios<strong> (Lev\u00edtico 2:13)<\/strong> <strong><em>Y sazonar\u00e1s con sal toda ofrenda que presentes, y no har\u00e1s que falte jam\u00e1s de tu ofrenda la sal del pacto de tu Dios; en toda ofrenda tuya ofrecer\u00e1s sal.<\/em><\/strong><\/p>\n<p>Podemos ver que nuestro Dios para realizar un pacto espiritual y eterno utiliz\u00f3 algo terrenal, algo que podr\u00eda ser considerado insignificante: <strong>LA SAL.<\/strong><\/p>\n<p>En el nuevo testamento podemos ver que nuestro Se\u00f1or Jesucristo vino a hacer un <strong> NUEVO PACTO<\/strong>, no solamente con su pueblo, sino con todos aquellos que creyeren en \u00e9l , un nuevo pacto por medio de su sangre derramada en la cruz <strong>(Lucas 22:20) <em>De igual manera, despu\u00e9s que hubo cenado, tom\u00f3 la copa, diciendo: Esta copa es el nuevo pacto en mi sangre, que por vosotros se derrama.<\/em><\/strong><\/p>\n<p>Ahora nuestro Dios para poder establecer ese Nuevo Pacto espiritual y eterno hecho por la sangre de nuestro Se\u00f1or Jesucristo con los seres humanos nuevamente utiliza algo que podr\u00eda ser considerado insignificante: <strong>NUESTRA VIDA<\/strong>, nosotros como <strong>SAL DE LA TIERRA<\/strong> somos usados por nuestro Dios para establecer ese nuevo pacto con aquellas personas a las que les predicamos el evangelio, con aquellas personas a las que les hablamos del Nuevo Pacto, es decir de la salvaci\u00f3n por medio de la fe en Cristo Jes\u00fas.<strong> (2 Corintios 3:4-6) <em>Y tal confianza tenemos mediante Cristo para con Dios; 5 no que seamos competentes por nosotros mismos para pensar algo como de nosotros mismos, sino que nuestra competencia proviene de Dios, 6 el cual asimismo nos hizo ministros competentes de un nuevo pacto, no de la letra, sino del esp\u00edritu; porque la letra mata, m\u00e1s el esp\u00edritu vivifica.<\/em><\/strong><\/p>\n<p><strong>II) \u00bfQU\u00c9 SIGNIFICA SER LA SAL DE LA TIERRA? ENFOQUE TERRENAL<\/strong><\/p>\n<p>En la actualidad muchas personas anhelan con buen coraz\u00f3n y con buenas intenciones transformar su ciudad, su pa\u00eds, y la sociedad donde viven.<\/p>\n<p>Pero piensan que la \u00fanica forma de poder hacerlo es llegar a ser algo, es decir, llegar a ser profesionales, llegar a ser maestros, llegar a ser alcaldes, llegar a ser pastores, etc.<\/p>\n<p>Pero en los vers\u00edculos que hemos le\u00eddo nuestro se\u00f1or Jesucristo nos ense\u00f1a algo muy importante: los cristianos podemos marcar la diferencia en nuestra familia, en nuestra sociedad, en nuestro pa\u00eds, no por lo que podemos llegar a ser sino por lo que ya somos:<strong> LA SAL DE LA TIERRA<\/strong><\/p>\n<p>Podemos decir entonces que ser sal significa:<\/p>\n<ol>\n<li><strong><u>\u00a1\u00a1SER SAL NOS HABLA DE PRESERVAR DE LA CORRUPCI\u00d3N (ISA\u00cdAS 5:20) !!<\/u><em>Ay de los que a lo malo dicen bueno, y a lo bueno malo; que hacen de la luz tinieblas, y de las tinieblas luz; \u00a1que ponen lo amargo por dulce, y lo dulce por amargo!<\/em><\/strong><\/li>\n<\/ol>\n<p>La sal en los tiempos antiguos era el preservante m\u00e1s com\u00fan para los alimentos, pues la sal no permite que la carne se corrompa.<\/p>\n<p>En la actualidad vivimos en una sociedad en la cual parecer\u00eda que todo es relativo, dependiendo de lo que las personas opinen o crean, pero los cristianos como sal en este mundo debemos llamar bueno a lo bueno, es decir lo que agrada a Dios y llamar malo a lo malo, es decir llamar pecado a lo que es pecado, a lo que no es agradable ni aprobado por nuestro Dios. No podemos dejarnos llevar por la relatividad de la sociedad de hoy.<\/p>\n<p>Muchas veces por ser agradables con las personas se nos olvida que tenemos que ser sal, y nos comportamos como el \u201caz\u00facar de este mundo\u201d aprobando o qued\u00e1ndonos callados ante aquello que sabemos que no est\u00e1 bien, ante aquellas cosas que sabemos que no agrada a nuestro Dios, y no tenemos que callar ante eso.<\/p>\n<p>Pues la palabra de Dios nos declara que aun nuestras palabras tienen que ser sazonadas con sal <strong><em>(Colosenses 4:6) Sea vuestra palabra siempre con gracia, sazonada con sal, para que sep\u00e1is c\u00f3mo deb\u00e9is responder a cada uno.<\/em><\/strong> Como podemos ver no se trata de ser ofensivos, pero si tenemos que tenemos que saber c\u00f3mo responder a cada uno.<\/p>\n<ol start=\"2\">\n<li><strong>SER SAL NOS HABLA DE SER INFLUENCIA TRANSFORMADORA EN ESTE MUNDO (MATEO 5:38-48)<\/strong> <strong><em>O\u00edsteis que fue dicho: Ojo por ojo, y diente por diente.39 Pero yo os digo: No resist\u00e1is al que es malo; antes, a cualquiera que te hiera en la mejilla derecha, vu\u00e9lvele tambi\u00e9n la otra; 40 y al que quiera ponerte a pleito y quitarte la t\u00fanica, d\u00e9jale tambi\u00e9n la capa; 41 y a cualquiera que te obligue a llevar carga por una milla, ve con \u00e9l dos. 42 al que te pida, dale; y al que quiera tomar de ti prestado, no se lo reh\u00fases. 43 o\u00edsteis que fue dicho: Amar\u00e1s a tu pr\u00f3jimo, y aborrecer\u00e1s a tu enemigo.44 Pero yo os digo: Amad a vuestros enemigos, bendecid a los que os maldicen, haced bien a los que os aborrecen, y orad por los que os ultrajan y os persiguen; 45 para que se\u00e1is hijos de vuestro Padre que est\u00e1 en los cielos, que hace salir su sol sobre malos y buenos, y que hace llover sobre justos e injustos.46 Porque si am\u00e1is a los que os aman, \u00bfqu\u00e9 recompensa tendr\u00e9is? \u00bfNo hacen tambi\u00e9n lo mismo los publicanos? 47 y si salud\u00e1is a vuestros hermanos solamente, \u00bfqu\u00e9 hac\u00e9is de m\u00e1s? \u00bfNo hacen tambi\u00e9n as\u00ed los gentiles? 48 sed, pues, vosotros perfectos, como vuestro Padre que est\u00e1 en los cielos es perfecto.\u00a0<\/em><\/strong><\/li>\n<\/ol>\n<p>Estas ense\u00f1anzas de nuestro Se\u00f1or Jesucristo en el serm\u00f3n del monte nos permiten comprender lo que significa ser sal en este mundo, es decir nos ense\u00f1a c\u00f3mo podemos ser verdaderamente una influencia impactante y transformadora en la sociedad que vivimos ya que la sal, aunque sea en una peque\u00f1a cantidad marca una gran diferencia en donde es aplicada.<\/p>\n<p>Verdaderamente esta forma de vida de la cual nos habla nuestro Se\u00f1or Jes\u00fas es contra naturaleza, es anticultural, pues definitivamente es todo lo contrario a la manera de vivir del mundo.<\/p>\n<p>Pues lo normal en nuestra sociedad es amar a los que nos aman, tratar bien a los que nos tratan bien, ayudar a los que nos han ayudado antes, pero nuestro Se\u00f1or Jesucristo nos pregunta <strong>(vs 46) <em>Porque si am\u00e1is a los que os aman, \u00bfqu\u00e9 recompensa tendr\u00e9is?<\/em><\/strong><\/p>\n<p>Veamos algunas de las reacciones que podemos encontrar en las relaciones con nuestros pr\u00f3jimos:<\/p>\n<p>Reacciones humanas: Hacer bien al que me hace bien<\/p>\n<p>Reacciones animales: Hacer mal al que me hace mal.<\/p>\n<p>Reacciones diab\u00f3licas: Hacer mal al que me hace bien.<\/p>\n<p><strong>REACCIONES DIVINAS<\/strong>: Hacen bien a\u00fan al que me hace mal.<\/p>\n<p>Esa reacci\u00f3n divina, esa forma de vivir mostrando el amor y el perd\u00f3n de Dios es lo que marca la diferencia entre los hijos de Dios y los inconversos, es lo que marca la diferencia entre ser uno m\u00e1s en la sociedad o ser <strong>LA SAL<\/strong> en este mundo.<\/p>\n<p>Para poder ser Sal en este mundo, para poder ser verdaderamente una influencia transformadora tenemos que tener bien claro en nuestra vida de qu\u00e9 esp\u00edritu somos <strong>(Lucas 9:51-56)<\/strong> <strong> <em>Cuando se cumpli\u00f3 el tiempo en que \u00e9l hab\u00eda de ser recibido arriba, afirm\u00f3 su rostro para ir a Jerusal\u00e9n. 52 y envi\u00f3 mensajeros delante de \u00e9l, los cuales fueron y entraron en una aldea de los samaritanos para hacerle preparativos. 53 Mas no le recibieron, porque su aspecto era como de ir a Jerusal\u00e9n. 54 Viendo esto sus disc\u00edpulos Jacobo y Juan, dijeron: Se\u00f1or, \u00bfquieres que mandemos que descienda fuego del cielo, como hizo El\u00edas, y los consuma? 55 entonces volvi\u00e9ndose \u00e9l, los reprendi\u00f3, diciendo: Vosotros no sab\u00e9is de qu\u00e9 esp\u00edritu sois; 56 porque el Hijo del Hombre no ha venido para perder las almas de los hombres, sino para salvarlas. Y se fueron a otra aldea.<\/em><\/strong><\/p>\n<p>Cada uno de nosotros tenemos que saber y tenerlo bien claro en nuestra vida, que nuestras acciones pueden salvar o condenar a nuestros pr\u00f3jimos, y nuestra manera de vivir como hijos de Dios tiene que estar directamente relacionada al prop\u00f3sito de nuestro Dios <strong>(vs 56)<\/strong> \u00e9l no vino a perder las almas de los hombres sino a salvarlas.<\/p>\n<p>Cada uno de nosotros tenemos que preguntarnos \u00bfEstoy siendo sal en este mundo? \u00bfEst\u00e1n mis acciones y mis actitudes en sinton\u00eda con el prop\u00f3sito de Dios de salvar las almas?<\/p>\n","protected":false},"excerpt":{"rendered":"<p>MATEO 5:13 Vosotros\u00a0sois la sal de la tierra; pero si la sal se desvaneciere, \u00bfcon qu\u00e9 ser\u00e1 salada? No sirve m\u00e1s para nada, sino para ser echada fuera y hollada por los hombres. \u00a0VOSOTROS SOIS LA SAL DE LA TIERRA Para comprender a qu\u00e9 se refer\u00eda nuestro Se\u00f1or Jesucristo cuando les dijo a sus disc\u00edpulos &hellip;<\/p>\n","protected":false},"author":1,"featured_media":2223,"comment_status":"open","ping_status":"open","sticky":false,"template":"","format":"standard","meta":{"footnotes":""},"categories":[38],"tags":[],"class_list":["post-21401","post","type-post","status-publish","format-standard","has-post-thumbnail","hentry","category-principal"],"yoast_head":"<!-- This site is optimized with the Yoast SEO Premium plugin v24.2 (Yoast SEO v27.1.1) - https:\/\/yoast.com\/product\/yoast-seo-premium-wordpress\/ -->\n<title>Estamos siendo la Sal de la Tierra - Tabernaculo Prensa de Dios<\/title>\n<meta name=\"robots\" content=\"index, follow, max-snippet:-1, max-image-preview:large, max-video-preview:-1\" \/>\n<link rel=\"canonical\" href=\"https:\/\/tabernaculoprensadedios.com\/web\/estamos-siendo-la-sal-de-la-tierra\/\" class=\"yoast-seo-meta-tag\" \/>\n<meta property=\"og:locale\" content=\"es_ES\" class=\"yoast-seo-meta-tag\" \/>\n<meta property=\"og:type\" content=\"article\" class=\"yoast-seo-meta-tag\" \/>\n<meta property=\"og:title\" content=\"Estamos siendo la Sal de la Tierra\" class=\"yoast-seo-meta-tag\" \/>\n<meta property=\"og:description\" content=\"MATEO 5:13 Vosotros\u00a0sois la sal de la tierra; pero si la sal se desvaneciere, \u00bfcon qu\u00e9 ser\u00e1 salada? No sirve m\u00e1s para nada, sino para ser echada fuera y hollada por los hombres. \u00a0VOSOTROS SOIS LA SAL DE LA TIERRA Para comprender a qu\u00e9 se refer\u00eda nuestro Se\u00f1or Jesucristo cuando les dijo a sus disc\u00edpulos &hellip;\" class=\"yoast-seo-meta-tag\" \/>\n<meta property=\"og:url\" content=\"https:\/\/tabernaculoprensadedios.com\/web\/estamos-siendo-la-sal-de-la-tierra\/\" class=\"yoast-seo-meta-tag\" \/>\n<meta property=\"og:site_name\" content=\"Tabernaculo Prensa de Dios\" class=\"yoast-seo-meta-tag\" \/>\n<meta property=\"article:published_time\" content=\"2021-03-24T01:20:04+00:00\" class=\"yoast-seo-meta-tag\" \/>\n<meta property=\"article:modified_time\" content=\"2021-03-24T01:26:11+00:00\" class=\"yoast-seo-meta-tag\" \/>\n<meta property=\"og:image\" content=\"https:\/\/tabernaculoprensadedios.com\/web\/wp-content\/uploads\/2015\/08\/Untitled5.jpg\" class=\"yoast-seo-meta-tag\" \/>\n\t<meta property=\"og:image:width\" content=\"429\" class=\"yoast-seo-meta-tag\" \/>\n\t<meta property=\"og:image:height\" content=\"322\" class=\"yoast-seo-meta-tag\" \/>\n\t<meta property=\"og:image:type\" content=\"image\/jpeg\" class=\"yoast-seo-meta-tag\" \/>\n<meta name=\"author\" content=\"tabernaculo\" class=\"yoast-seo-meta-tag\" \/>\n<meta name=\"twitter:card\" content=\"summary_large_image\" class=\"yoast-seo-meta-tag\" \/>\n<meta name=\"twitter:creator\" content=\"@PrensadeDios\" class=\"yoast-seo-meta-tag\" \/>\n<meta name=\"twitter:site\" content=\"@PrensadeDios\" class=\"yoast-seo-meta-tag\" \/>\n<meta name=\"twitter:label1\" content=\"Escrito por\" class=\"yoast-seo-meta-tag\" \/>\n\t<meta name=\"twitter:data1\" content=\"tabernaculo\" class=\"yoast-seo-meta-tag\" \/>\n\t<meta name=\"twitter:label2\" content=\"Tiempo de lectura\" class=\"yoast-seo-meta-tag\" \/>\n\t<meta name=\"twitter:data2\" content=\"9 minutos\" class=\"yoast-seo-meta-tag\" \/>\n<script type=\"application\/ld+json\" class=\"yoast-schema-graph\">{\"@context\":\"https:\/\/schema.org\",\"@graph\":[{\"@type\":\"Article\",\"@id\":\"https:\/\/tabernaculoprensadedios.com\/web\/estamos-siendo-la-sal-de-la-tierra\/#article\",\"isPartOf\":{\"@id\":\"https:\/\/tabernaculoprensadedios.com\/web\/estamos-siendo-la-sal-de-la-tierra\/\"},\"author\":{\"name\":\"tabernaculo\",\"@id\":\"https:\/\/tabernaculoprensadedios.com\/web\/#\/schema\/person\/bc0e069fef56b38e177db6f098ae0b6e\"},\"headline\":\"Estamos siendo la Sal de la Tierra\",\"datePublished\":\"2021-03-24T01:20:04+00:00\",\"dateModified\":\"2021-03-24T01:26:11+00:00\",\"mainEntityOfPage\":{\"@id\":\"https:\/\/tabernaculoprensadedios.com\/web\/estamos-siendo-la-sal-de-la-tierra\/\"},\"wordCount\":1766,\"commentCount\":0,\"publisher\":{\"@id\":\"https:\/\/tabernaculoprensadedios.com\/web\/#\/schema\/person\/bc0e069fef56b38e177db6f098ae0b6e\"},\"image\":{\"@id\":\"https:\/\/tabernaculoprensadedios.com\/web\/estamos-siendo-la-sal-de-la-tierra\/#primaryimage\"},\"thumbnailUrl\":\"https:\/\/tabernaculoprensadedios.com\/web\/wp-content\/uploads\/2015\/08\/Untitled5.jpg\",\"articleSection\":[\"Principal\"],\"inLanguage\":\"es\",\"potentialAction\":[{\"@type\":\"CommentAction\",\"name\":\"Comment\",\"target\":[\"https:\/\/tabernaculoprensadedios.com\/web\/estamos-siendo-la-sal-de-la-tierra\/#respond\"]}]},{\"@type\":\"WebPage\",\"@id\":\"https:\/\/tabernaculoprensadedios.com\/web\/estamos-siendo-la-sal-de-la-tierra\/\",\"url\":\"https:\/\/tabernaculoprensadedios.com\/web\/estamos-siendo-la-sal-de-la-tierra\/\",\"name\":\"Estamos siendo la Sal de la Tierra - Tabernaculo Prensa de Dios\",\"isPartOf\":{\"@id\":\"https:\/\/tabernaculoprensadedios.com\/web\/#website\"},\"primaryImageOfPage\":{\"@id\":\"https:\/\/tabernaculoprensadedios.com\/web\/estamos-siendo-la-sal-de-la-tierra\/#primaryimage\"},\"image\":{\"@id\":\"https:\/\/tabernaculoprensadedios.com\/web\/estamos-siendo-la-sal-de-la-tierra\/#primaryimage\"},\"thumbnailUrl\":\"https:\/\/tabernaculoprensadedios.com\/web\/wp-content\/uploads\/2015\/08\/Untitled5.jpg\",\"datePublished\":\"2021-03-24T01:20:04+00:00\",\"dateModified\":\"2021-03-24T01:26:11+00:00\",\"breadcrumb\":{\"@id\":\"https:\/\/tabernaculoprensadedios.com\/web\/estamos-siendo-la-sal-de-la-tierra\/#breadcrumb\"},\"inLanguage\":\"es\",\"potentialAction\":[{\"@type\":\"ReadAction\",\"target\":[\"https:\/\/tabernaculoprensadedios.com\/web\/estamos-siendo-la-sal-de-la-tierra\/\"]}]},{\"@type\":\"ImageObject\",\"inLanguage\":\"es\",\"@id\":\"https:\/\/tabernaculoprensadedios.com\/web\/estamos-siendo-la-sal-de-la-tierra\/#primaryimage\",\"url\":\"https:\/\/tabernaculoprensadedios.com\/web\/wp-content\/uploads\/2015\/08\/Untitled5.jpg\",\"contentUrl\":\"https:\/\/tabernaculoprensadedios.com\/web\/wp-content\/uploads\/2015\/08\/Untitled5.jpg\",\"width\":429,\"height\":322},{\"@type\":\"BreadcrumbList\",\"@id\":\"https:\/\/tabernaculoprensadedios.com\/web\/estamos-siendo-la-sal-de-la-tierra\/#breadcrumb\",\"itemListElement\":[{\"@type\":\"ListItem\",\"position\":1,\"name\":\"Portada\",\"item\":\"https:\/\/tabernaculoprensadedios.com\/web\/\"},{\"@type\":\"ListItem\",\"position\":2,\"name\":\"Estamos siendo la Sal de la Tierra\"}]},{\"@type\":\"WebSite\",\"@id\":\"https:\/\/tabernaculoprensadedios.com\/web\/#website\",\"url\":\"https:\/\/tabernaculoprensadedios.com\/web\/\",\"name\":\"Tabernaculo Prensa de Dios\",\"description\":\"Un medio a la manera de Dios\",\"publisher\":{\"@id\":\"https:\/\/tabernaculoprensadedios.com\/web\/#\/schema\/person\/bc0e069fef56b38e177db6f098ae0b6e\"},\"potentialAction\":[{\"@type\":\"SearchAction\",\"target\":{\"@type\":\"EntryPoint\",\"urlTemplate\":\"https:\/\/tabernaculoprensadedios.com\/web\/?s={search_term_string}\"},\"query-input\":{\"@type\":\"PropertyValueSpecification\",\"valueRequired\":true,\"valueName\":\"search_term_string\"}}],\"inLanguage\":\"es\"},{\"@type\":[\"Person\",\"Organization\"],\"@id\":\"https:\/\/tabernaculoprensadedios.com\/web\/#\/schema\/person\/bc0e069fef56b38e177db6f098ae0b6e\",\"name\":\"tabernaculo\",\"image\":{\"@type\":\"ImageObject\",\"inLanguage\":\"es\",\"@id\":\"https:\/\/tabernaculoprensadedios.com\/web\/#\/schema\/person\/image\/\",\"url\":\"https:\/\/tabernaculoprensadedios.com\/web\/wp-content\/uploads\/2015\/06\/login-logo1.png\",\"contentUrl\":\"https:\/\/tabernaculoprensadedios.com\/web\/wp-content\/uploads\/2015\/06\/login-logo1.png\",\"width\":300,\"height\":118,\"caption\":\"tabernaculo\"},\"logo\":{\"@id\":\"https:\/\/tabernaculoprensadedios.com\/web\/#\/schema\/person\/image\/\"},\"url\":\"https:\/\/tabernaculoprensadedios.com\/web\/author\/tabernaculo\/\"}]}<\/script>\n<!-- \/ Yoast SEO Premium plugin. -->","yoast_head_json":{"title":"Estamos siendo la Sal de la Tierra - Tabernaculo Prensa de Dios","robots":{"index":"index","follow":"follow","max-snippet":"max-snippet:-1","max-image-preview":"max-image-preview:large","max-video-preview":"max-video-preview:-1"},"canonical":"https:\/\/tabernaculoprensadedios.com\/web\/estamos-siendo-la-sal-de-la-tierra\/","og_locale":"es_ES","og_type":"article","og_title":"Estamos siendo la Sal de la Tierra","og_description":"MATEO 5:13 Vosotros\u00a0sois la sal de la tierra; pero si la sal se desvaneciere, \u00bfcon qu\u00e9 ser\u00e1 salada? No sirve m\u00e1s para nada, sino para ser echada fuera y hollada por los hombres. \u00a0VOSOTROS SOIS LA SAL DE LA TIERRA Para comprender a qu\u00e9 se refer\u00eda nuestro Se\u00f1or Jesucristo cuando les dijo a sus disc\u00edpulos &hellip;","og_url":"https:\/\/tabernaculoprensadedios.com\/web\/estamos-siendo-la-sal-de-la-tierra\/","og_site_name":"Tabernaculo Prensa de Dios","article_published_time":"2021-03-24T01:20:04+00:00","article_modified_time":"2021-03-24T01:26:11+00:00","og_image":[{"width":429,"height":322,"url":"https:\/\/tabernaculoprensadedios.com\/web\/wp-content\/uploads\/2015\/08\/Untitled5.jpg","type":"image\/jpeg"}],"author":"tabernaculo","twitter_card":"summary_large_image","twitter_creator":"@PrensadeDios","twitter_site":"@PrensadeDios","twitter_misc":{"Escrito por":"tabernaculo","Tiempo de lectura":"9 minutos"},"schema":{"@context":"https:\/\/schema.org","@graph":[{"@type":"Article","@id":"https:\/\/tabernaculoprensadedios.com\/web\/estamos-siendo-la-sal-de-la-tierra\/#article","isPartOf":{"@id":"https:\/\/tabernaculoprensadedios.com\/web\/estamos-siendo-la-sal-de-la-tierra\/"},"author":{"name":"tabernaculo","@id":"https:\/\/tabernaculoprensadedios.com\/web\/#\/schema\/person\/bc0e069fef56b38e177db6f098ae0b6e"},"headline":"Estamos siendo la Sal de la Tierra","datePublished":"2021-03-24T01:20:04+00:00","dateModified":"2021-03-24T01:26:11+00:00","mainEntityOfPage":{"@id":"https:\/\/tabernaculoprensadedios.com\/web\/estamos-siendo-la-sal-de-la-tierra\/"},"wordCount":1766,"commentCount":0,"publisher":{"@id":"https:\/\/tabernaculoprensadedios.com\/web\/#\/schema\/person\/bc0e069fef56b38e177db6f098ae0b6e"},"image":{"@id":"https:\/\/tabernaculoprensadedios.com\/web\/estamos-siendo-la-sal-de-la-tierra\/#primaryimage"},"thumbnailUrl":"https:\/\/tabernaculoprensadedios.com\/web\/wp-content\/uploads\/2015\/08\/Untitled5.jpg","articleSection":["Principal"],"inLanguage":"es","potentialAction":[{"@type":"CommentAction","name":"Comment","target":["https:\/\/tabernaculoprensadedios.com\/web\/estamos-siendo-la-sal-de-la-tierra\/#respond"]}]},{"@type":"WebPage","@id":"https:\/\/tabernaculoprensadedios.com\/web\/estamos-siendo-la-sal-de-la-tierra\/","url":"https:\/\/tabernaculoprensadedios.com\/web\/estamos-siendo-la-sal-de-la-tierra\/","name":"Estamos siendo la Sal de la Tierra - Tabernaculo Prensa de Dios","isPartOf":{"@id":"https:\/\/tabernaculoprensadedios.com\/web\/#website"},"primaryImageOfPage":{"@id":"https:\/\/tabernaculoprensadedios.com\/web\/estamos-siendo-la-sal-de-la-tierra\/#primaryimage"},"image":{"@id":"https:\/\/tabernaculoprensadedios.com\/web\/estamos-siendo-la-sal-de-la-tierra\/#primaryimage"},"thumbnailUrl":"https:\/\/tabernaculoprensadedios.com\/web\/wp-content\/uploads\/2015\/08\/Untitled5.jpg","datePublished":"2021-03-24T01:20:04+00:00","dateModified":"2021-03-24T01:26:11+00:00","breadcrumb":{"@id":"https:\/\/tabernaculoprensadedios.com\/web\/estamos-siendo-la-sal-de-la-tierra\/#breadcrumb"},"inLanguage":"es","potentialAction":[{"@type":"ReadAction","target":["https:\/\/tabernaculoprensadedios.com\/web\/estamos-siendo-la-sal-de-la-tierra\/"]}]},{"@type":"ImageObject","inLanguage":"es","@id":"https:\/\/tabernaculoprensadedios.com\/web\/estamos-siendo-la-sal-de-la-tierra\/#primaryimage","url":"https:\/\/tabernaculoprensadedios.com\/web\/wp-content\/uploads\/2015\/08\/Untitled5.jpg","contentUrl":"https:\/\/tabernaculoprensadedios.com\/web\/wp-content\/uploads\/2015\/08\/Untitled5.jpg","width":429,"height":322},{"@type":"BreadcrumbList","@id":"https:\/\/tabernaculoprensadedios.com\/web\/estamos-siendo-la-sal-de-la-tierra\/#breadcrumb","itemListElement":[{"@type":"ListItem","position":1,"name":"Portada","item":"https:\/\/tabernaculoprensadedios.com\/web\/"},{"@type":"ListItem","position":2,"name":"Estamos siendo la Sal de la Tierra"}]},{"@type":"WebSite","@id":"https:\/\/tabernaculoprensadedios.com\/web\/#website","url":"https:\/\/tabernaculoprensadedios.com\/web\/","name":"Tabernaculo Prensa de Dios","description":"Un medio a la manera de Dios","publisher":{"@id":"https:\/\/tabernaculoprensadedios.com\/web\/#\/schema\/person\/bc0e069fef56b38e177db6f098ae0b6e"},"potentialAction":[{"@type":"SearchAction","target":{"@type":"EntryPoint","urlTemplate":"https:\/\/tabernaculoprensadedios.com\/web\/?s={search_term_string}"},"query-input":{"@type":"PropertyValueSpecification","valueRequired":true,"valueName":"search_term_string"}}],"inLanguage":"es"},{"@type":["Person","Organization"],"@id":"https:\/\/tabernaculoprensadedios.com\/web\/#\/schema\/person\/bc0e069fef56b38e177db6f098ae0b6e","name":"tabernaculo","image":{"@type":"ImageObject","inLanguage":"es","@id":"https:\/\/tabernaculoprensadedios.com\/web\/#\/schema\/person\/image\/","url":"https:\/\/tabernaculoprensadedios.com\/web\/wp-content\/uploads\/2015\/06\/login-logo1.png","contentUrl":"https:\/\/tabernaculoprensadedios.com\/web\/wp-content\/uploads\/2015\/06\/login-logo1.png","width":300,"height":118,"caption":"tabernaculo"},"logo":{"@id":"https:\/\/tabernaculoprensadedios.com\/web\/#\/schema\/person\/image\/"},"url":"https:\/\/tabernaculoprensadedios.com\/web\/author\/tabernaculo\/"}]}},"_links":{"self":[{"href":"https:\/\/tabernaculoprensadedios.com\/web\/wp-json\/wp\/v2\/posts\/21401","targetHints":{"allow":["GET"]}}],"collection":[{"href":"https:\/\/tabernaculoprensadedios.com\/web\/wp-json\/wp\/v2\/posts"}],"about":[{"href":"https:\/\/tabernaculoprensadedios.com\/web\/wp-json\/wp\/v2\/types\/post"}],"author":[{"embeddable":true,"href":"https:\/\/tabernaculoprensadedios.com\/web\/wp-json\/wp\/v2\/users\/1"}],"replies":[{"embeddable":true,"href":"https:\/\/tabernaculoprensadedios.com\/web\/wp-json\/wp\/v2\/comments?post=21401"}],"version-history":[{"count":3,"href":"https:\/\/tabernaculoprensadedios.com\/web\/wp-json\/wp\/v2\/posts\/21401\/revisions"}],"predecessor-version":[{"id":21404,"href":"https:\/\/tabernaculoprensadedios.com\/web\/wp-json\/wp\/v2\/posts\/21401\/revisions\/21404"}],"wp:featuredmedia":[{"embeddable":true,"href":"https:\/\/tabernaculoprensadedios.com\/web\/wp-json\/wp\/v2\/media\/2223"}],"wp:attachment":[{"href":"https:\/\/tabernaculoprensadedios.com\/web\/wp-json\/wp\/v2\/media?parent=21401"}],"wp:term":[{"taxonomy":"category","embeddable":true,"href":"https:\/\/tabernaculoprensadedios.com\/web\/wp-json\/wp\/v2\/categories?post=21401"},{"taxonomy":"post_tag","embeddable":true,"href":"https:\/\/tabernaculoprensadedios.com\/web\/wp-json\/wp\/v2\/tags?post=21401"}],"curies":[{"name":"wp","href":"https:\/\/api.w.org\/{rel}","templated":true}]}}