{"id":21398,"date":"2021-03-24T01:16:49","date_gmt":"2021-03-24T01:16:49","guid":{"rendered":"http:\/\/tabernaculoprensadedios.com\/web\/?p=21398"},"modified":"2021-03-24T01:16:49","modified_gmt":"2021-03-24T01:16:49","slug":"pastores-apoyan-el-plan-nacional-de-seguridad-y-cultura-de-paz-que-tanta-falta-hace-en-esta-nacion","status":"publish","type":"post","link":"https:\/\/tabernaculoprensadedios.com\/web\/pastores-apoyan-el-plan-nacional-de-seguridad-y-cultura-de-paz-que-tanta-falta-hace-en-esta-nacion\/","title":{"rendered":"Pastores apoyan el Plan Nacional de Seguridad\u00a0y Cultura de Paz que tanta falta hace en esta Naci\u00f3n"},"content":{"rendered":"<p>M\u00e1s de 100 pastores evang\u00e9licos, agrupados en el Concilio de Iglesias Pentecostales de Jesucristo (IPJ) y en la Comunidad Apost\u00f3lica Internacional\u00a0\u00a0(COAPIN),manifestaron\u00a0\u00a0su rotundo apoyo al Plan Nacional\u00a0\u00a0de Seguridad, desde donde el gobierno, que encabeza el presidente Luis Abinader Corona,\u00a0\u00a0ha trazado\u00a0\u00a0las estrategias,\u00a0\u00a0dirigidas a proteger la libertad y el bienestar de los ciudadanos y ciudadanas, as\u00ed como\u00a0\u00a0a garantizar la defensa de los principios y valores constitucionales en Rep\u00fablica Dominicana.<\/p>\n<p>El Doctor Reynaldo Franco Aquino, presidente de ambas entidades, se\u00f1al\u00f3 que la seguridad nacional es un servicio p\u00fablico, objeto de una Pol\u00edtica de Estado, bajo la direcci\u00f3n y liderazgo del presidente Abinader, que amerita\u00a0\u00a0la colaboraci\u00f3n de la sociedad en su conjunto.<\/p>\n<p>Franco Aquino, destac\u00f3 que el pa\u00eds tiene todo lo que necesita para un s\u00f3lido progreso, pero requiere de afianzar su sistema de seguridad.<\/p>\n<p>\u00abLos desaf\u00edos actuales, demandan un nuevo Sistema de Seguridad Nacional, fuerte,\u00a0\u00a0capaz de adaptarse al cambio y a las contingencias de seguridad. Que responda de forma efectiva e integral, a los complejos retos que exige su preservaci\u00f3n\u00bb, dijo el reverendo Aquino.<\/p>\n<p>Tambi\u00e9n, consider\u00f3 b\u00e1sico el desarme de la poblaci\u00f3n, endurecer el r\u00e9gimen de consecuencias y promover la Seguridad Nacional, a trav\u00e9s, del funcionamiento \u00f3ptimo, integrado y flexible de todos los recursos disponibles para tales fines.<\/p>\n<p>\u00abEs necesario que todas las fuerzas vivas\u00a0\u00a0trabajemos hacia una cultura de paz que implica:<\/p>\n<p>Vivir con libertad, justicia, democracia, solidaridad, cooperaci\u00f3n, pluralismo, di\u00e1logo y entendimiento a todos los niveles de la sociedad\u00bb, a\u00f1adi\u00f3.<\/p>\n<p>Puntualiz\u00f3 que la seguridad ciudadana est\u00e1 establecida\u00a0\u00a0seg\u00fan diferentes estudios de la sociedad dominicana como uno de los principales desaf\u00edos y la mayor preocupaci\u00f3n que expresa su ciudadan\u00eda.<\/p>\n<p>Finaliz\u00f3 invitando a la Comunidad Evang\u00e9lica Nacional a continuar orando, predicando el evangelio y abriendo los templos para charlas, conferencias y talleres de sensibilizaci\u00f3n en pro de esa cultura de paz que hace falta en la naci\u00f3n.<\/p>\n","protected":false},"excerpt":{"rendered":"<p>M\u00e1s de 100 pastores evang\u00e9licos, agrupados en el Concilio de Iglesias Pentecostales de Jesucristo (IPJ) y en la Comunidad Apost\u00f3lica Internacional\u00a0\u00a0(COAPIN),manifestaron\u00a0\u00a0su rotundo apoyo al Plan Nacional\u00a0\u00a0de Seguridad, desde donde el gobierno, que encabeza el presidente Luis Abinader Corona,\u00a0\u00a0ha trazado\u00a0\u00a0las estrategias,\u00a0\u00a0dirigidas a proteger la libertad y el bienestar de los ciudadanos y ciudadanas, as\u00ed como\u00a0\u00a0a garantizar &hellip;<\/p>\n","protected":false},"author":1,"featured_media":21399,"comment_status":"open","ping_status":"open","sticky":false,"template":"","format":"standard","meta":{"footnotes":""},"categories":[39],"tags":[],"class_list":["post-21398","post","type-post","status-publish","format-standard","has-post-thumbnail","hentry","category-almomento"],"yoast_head":"<!-- This site is optimized with the Yoast SEO Premium plugin v24.2 (Yoast SEO v27.1.1) - https:\/\/yoast.com\/product\/yoast-seo-premium-wordpress\/ -->\n<title>Pastores apoyan el Plan Nacional de Seguridad\u00a0y Cultura de Paz que tanta falta hace en esta Naci\u00f3n - Tabernaculo Prensa de Dios<\/title>\n<meta name=\"robots\" content=\"index, follow, max-snippet:-1, max-image-preview:large, max-video-preview:-1\" \/>\n<link rel=\"canonical\" href=\"https:\/\/tabernaculoprensadedios.com\/web\/pastores-apoyan-el-plan-nacional-de-seguridad-y-cultura-de-paz-que-tanta-falta-hace-en-esta-nacion\/\" class=\"yoast-seo-meta-tag\" \/>\n<meta property=\"og:locale\" content=\"es_ES\" class=\"yoast-seo-meta-tag\" \/>\n<meta property=\"og:type\" content=\"article\" class=\"yoast-seo-meta-tag\" \/>\n<meta property=\"og:title\" content=\"Pastores apoyan el Plan Nacional de Seguridad\u00a0y Cultura de Paz que tanta falta hace en esta Naci\u00f3n\" class=\"yoast-seo-meta-tag\" \/>\n<meta property=\"og:description\" content=\"M\u00e1s de 100 pastores evang\u00e9licos, agrupados en el Concilio de Iglesias Pentecostales de Jesucristo (IPJ) y en la Comunidad Apost\u00f3lica Internacional\u00a0\u00a0(COAPIN),manifestaron\u00a0\u00a0su rotundo apoyo al Plan Nacional\u00a0\u00a0de Seguridad, desde donde el gobierno, que encabeza el presidente Luis Abinader Corona,\u00a0\u00a0ha trazado\u00a0\u00a0las estrategias,\u00a0\u00a0dirigidas a proteger la libertad y el bienestar de los ciudadanos y ciudadanas, as\u00ed como\u00a0\u00a0a garantizar &hellip;\" class=\"yoast-seo-meta-tag\" \/>\n<meta property=\"og:url\" content=\"https:\/\/tabernaculoprensadedios.com\/web\/pastores-apoyan-el-plan-nacional-de-seguridad-y-cultura-de-paz-que-tanta-falta-hace-en-esta-nacion\/\" class=\"yoast-seo-meta-tag\" \/>\n<meta property=\"og:site_name\" content=\"Tabernaculo Prensa de Dios\" class=\"yoast-seo-meta-tag\" \/>\n<meta property=\"article:published_time\" content=\"2021-03-24T01:16:49+00:00\" class=\"yoast-seo-meta-tag\" \/>\n<meta property=\"og:image\" content=\"https:\/\/tabernaculoprensadedios.com\/web\/wp-content\/uploads\/2021\/03\/aquino.jpg\" class=\"yoast-seo-meta-tag\" \/>\n\t<meta property=\"og:image:width\" content=\"1000\" class=\"yoast-seo-meta-tag\" \/>\n\t<meta property=\"og:image:height\" content=\"512\" class=\"yoast-seo-meta-tag\" \/>\n\t<meta property=\"og:image:type\" content=\"image\/jpeg\" class=\"yoast-seo-meta-tag\" \/>\n<meta name=\"author\" content=\"tabernaculo\" class=\"yoast-seo-meta-tag\" \/>\n<meta name=\"twitter:card\" content=\"summary_large_image\" class=\"yoast-seo-meta-tag\" \/>\n<meta name=\"twitter:creator\" content=\"@PrensadeDios\" class=\"yoast-seo-meta-tag\" \/>\n<meta name=\"twitter:site\" content=\"@PrensadeDios\" class=\"yoast-seo-meta-tag\" \/>\n<meta name=\"twitter:label1\" content=\"Escrito por\" class=\"yoast-seo-meta-tag\" \/>\n\t<meta name=\"twitter:data1\" content=\"tabernaculo\" class=\"yoast-seo-meta-tag\" \/>\n\t<meta name=\"twitter:label2\" content=\"Tiempo de lectura\" class=\"yoast-seo-meta-tag\" \/>\n\t<meta name=\"twitter:data2\" content=\"2 minutos\" class=\"yoast-seo-meta-tag\" \/>\n<script type=\"application\/ld+json\" class=\"yoast-schema-graph\">{\"@context\":\"https:\/\/schema.org\",\"@graph\":[{\"@type\":\"Article\",\"@id\":\"https:\/\/tabernaculoprensadedios.com\/web\/pastores-apoyan-el-plan-nacional-de-seguridad-y-cultura-de-paz-que-tanta-falta-hace-en-esta-nacion\/#article\",\"isPartOf\":{\"@id\":\"https:\/\/tabernaculoprensadedios.com\/web\/pastores-apoyan-el-plan-nacional-de-seguridad-y-cultura-de-paz-que-tanta-falta-hace-en-esta-nacion\/\"},\"author\":{\"name\":\"tabernaculo\",\"@id\":\"https:\/\/tabernaculoprensadedios.com\/web\/#\/schema\/person\/bc0e069fef56b38e177db6f098ae0b6e\"},\"headline\":\"Pastores apoyan el Plan Nacional de Seguridad\u00a0y Cultura de Paz que tanta falta hace en esta Naci\u00f3n\",\"datePublished\":\"2021-03-24T01:16:49+00:00\",\"mainEntityOfPage\":{\"@id\":\"https:\/\/tabernaculoprensadedios.com\/web\/pastores-apoyan-el-plan-nacional-de-seguridad-y-cultura-de-paz-que-tanta-falta-hace-en-esta-nacion\/\"},\"wordCount\":359,\"commentCount\":0,\"publisher\":{\"@id\":\"https:\/\/tabernaculoprensadedios.com\/web\/#\/schema\/person\/bc0e069fef56b38e177db6f098ae0b6e\"},\"image\":{\"@id\":\"https:\/\/tabernaculoprensadedios.com\/web\/pastores-apoyan-el-plan-nacional-de-seguridad-y-cultura-de-paz-que-tanta-falta-hace-en-esta-nacion\/#primaryimage\"},\"thumbnailUrl\":\"https:\/\/tabernaculoprensadedios.com\/web\/wp-content\/uploads\/2021\/03\/aquino.jpg\",\"articleSection\":[\"almomento\"],\"inLanguage\":\"es\",\"potentialAction\":[{\"@type\":\"CommentAction\",\"name\":\"Comment\",\"target\":[\"https:\/\/tabernaculoprensadedios.com\/web\/pastores-apoyan-el-plan-nacional-de-seguridad-y-cultura-de-paz-que-tanta-falta-hace-en-esta-nacion\/#respond\"]}]},{\"@type\":\"WebPage\",\"@id\":\"https:\/\/tabernaculoprensadedios.com\/web\/pastores-apoyan-el-plan-nacional-de-seguridad-y-cultura-de-paz-que-tanta-falta-hace-en-esta-nacion\/\",\"url\":\"https:\/\/tabernaculoprensadedios.com\/web\/pastores-apoyan-el-plan-nacional-de-seguridad-y-cultura-de-paz-que-tanta-falta-hace-en-esta-nacion\/\",\"name\":\"Pastores apoyan el Plan Nacional de Seguridad\u00a0y Cultura de Paz que tanta falta hace en esta Naci\u00f3n - Tabernaculo Prensa de Dios\",\"isPartOf\":{\"@id\":\"https:\/\/tabernaculoprensadedios.com\/web\/#website\"},\"primaryImageOfPage\":{\"@id\":\"https:\/\/tabernaculoprensadedios.com\/web\/pastores-apoyan-el-plan-nacional-de-seguridad-y-cultura-de-paz-que-tanta-falta-hace-en-esta-nacion\/#primaryimage\"},\"image\":{\"@id\":\"https:\/\/tabernaculoprensadedios.com\/web\/pastores-apoyan-el-plan-nacional-de-seguridad-y-cultura-de-paz-que-tanta-falta-hace-en-esta-nacion\/#primaryimage\"},\"thumbnailUrl\":\"https:\/\/tabernaculoprensadedios.com\/web\/wp-content\/uploads\/2021\/03\/aquino.jpg\",\"datePublished\":\"2021-03-24T01:16:49+00:00\",\"breadcrumb\":{\"@id\":\"https:\/\/tabernaculoprensadedios.com\/web\/pastores-apoyan-el-plan-nacional-de-seguridad-y-cultura-de-paz-que-tanta-falta-hace-en-esta-nacion\/#breadcrumb\"},\"inLanguage\":\"es\",\"potentialAction\":[{\"@type\":\"ReadAction\",\"target\":[\"https:\/\/tabernaculoprensadedios.com\/web\/pastores-apoyan-el-plan-nacional-de-seguridad-y-cultura-de-paz-que-tanta-falta-hace-en-esta-nacion\/\"]}]},{\"@type\":\"ImageObject\",\"inLanguage\":\"es\",\"@id\":\"https:\/\/tabernaculoprensadedios.com\/web\/pastores-apoyan-el-plan-nacional-de-seguridad-y-cultura-de-paz-que-tanta-falta-hace-en-esta-nacion\/#primaryimage\",\"url\":\"https:\/\/tabernaculoprensadedios.com\/web\/wp-content\/uploads\/2021\/03\/aquino.jpg\",\"contentUrl\":\"https:\/\/tabernaculoprensadedios.com\/web\/wp-content\/uploads\/2021\/03\/aquino.jpg\",\"width\":1000,\"height\":512,\"caption\":\"El Obispo y Pastor Reynaldo Franco Aquino\"},{\"@type\":\"BreadcrumbList\",\"@id\":\"https:\/\/tabernaculoprensadedios.com\/web\/pastores-apoyan-el-plan-nacional-de-seguridad-y-cultura-de-paz-que-tanta-falta-hace-en-esta-nacion\/#breadcrumb\",\"itemListElement\":[{\"@type\":\"ListItem\",\"position\":1,\"name\":\"Portada\",\"item\":\"https:\/\/tabernaculoprensadedios.com\/web\/\"},{\"@type\":\"ListItem\",\"position\":2,\"name\":\"Pastores apoyan el Plan Nacional de Seguridad\u00a0y Cultura de Paz que tanta falta hace en esta Naci\u00f3n\"}]},{\"@type\":\"WebSite\",\"@id\":\"https:\/\/tabernaculoprensadedios.com\/web\/#website\",\"url\":\"https:\/\/tabernaculoprensadedios.com\/web\/\",\"name\":\"Tabernaculo Prensa de Dios\",\"description\":\"Un medio a la manera de Dios\",\"publisher\":{\"@id\":\"https:\/\/tabernaculoprensadedios.com\/web\/#\/schema\/person\/bc0e069fef56b38e177db6f098ae0b6e\"},\"potentialAction\":[{\"@type\":\"SearchAction\",\"target\":{\"@type\":\"EntryPoint\",\"urlTemplate\":\"https:\/\/tabernaculoprensadedios.com\/web\/?s={search_term_string}\"},\"query-input\":{\"@type\":\"PropertyValueSpecification\",\"valueRequired\":true,\"valueName\":\"search_term_string\"}}],\"inLanguage\":\"es\"},{\"@type\":[\"Person\",\"Organization\"],\"@id\":\"https:\/\/tabernaculoprensadedios.com\/web\/#\/schema\/person\/bc0e069fef56b38e177db6f098ae0b6e\",\"name\":\"tabernaculo\",\"image\":{\"@type\":\"ImageObject\",\"inLanguage\":\"es\",\"@id\":\"https:\/\/tabernaculoprensadedios.com\/web\/#\/schema\/person\/image\/\",\"url\":\"https:\/\/tabernaculoprensadedios.com\/web\/wp-content\/uploads\/2015\/06\/login-logo1.png\",\"contentUrl\":\"https:\/\/tabernaculoprensadedios.com\/web\/wp-content\/uploads\/2015\/06\/login-logo1.png\",\"width\":300,\"height\":118,\"caption\":\"tabernaculo\"},\"logo\":{\"@id\":\"https:\/\/tabernaculoprensadedios.com\/web\/#\/schema\/person\/image\/\"},\"url\":\"https:\/\/tabernaculoprensadedios.com\/web\/author\/tabernaculo\/\"}]}<\/script>\n<!-- \/ Yoast SEO Premium plugin. -->","yoast_head_json":{"title":"Pastores apoyan el Plan Nacional de Seguridad\u00a0y Cultura de Paz que tanta falta hace en esta Naci\u00f3n - Tabernaculo Prensa de Dios","robots":{"index":"index","follow":"follow","max-snippet":"max-snippet:-1","max-image-preview":"max-image-preview:large","max-video-preview":"max-video-preview:-1"},"canonical":"https:\/\/tabernaculoprensadedios.com\/web\/pastores-apoyan-el-plan-nacional-de-seguridad-y-cultura-de-paz-que-tanta-falta-hace-en-esta-nacion\/","og_locale":"es_ES","og_type":"article","og_title":"Pastores apoyan el Plan Nacional de Seguridad\u00a0y Cultura de Paz que tanta falta hace en esta Naci\u00f3n","og_description":"M\u00e1s de 100 pastores evang\u00e9licos, agrupados en el Concilio de Iglesias Pentecostales de Jesucristo (IPJ) y en la Comunidad Apost\u00f3lica Internacional\u00a0\u00a0(COAPIN),manifestaron\u00a0\u00a0su rotundo apoyo al Plan Nacional\u00a0\u00a0de Seguridad, desde donde el gobierno, que encabeza el presidente Luis Abinader Corona,\u00a0\u00a0ha trazado\u00a0\u00a0las estrategias,\u00a0\u00a0dirigidas a proteger la libertad y el bienestar de los ciudadanos y ciudadanas, as\u00ed como\u00a0\u00a0a garantizar &hellip;","og_url":"https:\/\/tabernaculoprensadedios.com\/web\/pastores-apoyan-el-plan-nacional-de-seguridad-y-cultura-de-paz-que-tanta-falta-hace-en-esta-nacion\/","og_site_name":"Tabernaculo Prensa de Dios","article_published_time":"2021-03-24T01:16:49+00:00","og_image":[{"width":1000,"height":512,"url":"https:\/\/tabernaculoprensadedios.com\/web\/wp-content\/uploads\/2021\/03\/aquino.jpg","type":"image\/jpeg"}],"author":"tabernaculo","twitter_card":"summary_large_image","twitter_creator":"@PrensadeDios","twitter_site":"@PrensadeDios","twitter_misc":{"Escrito por":"tabernaculo","Tiempo de lectura":"2 minutos"},"schema":{"@context":"https:\/\/schema.org","@graph":[{"@type":"Article","@id":"https:\/\/tabernaculoprensadedios.com\/web\/pastores-apoyan-el-plan-nacional-de-seguridad-y-cultura-de-paz-que-tanta-falta-hace-en-esta-nacion\/#article","isPartOf":{"@id":"https:\/\/tabernaculoprensadedios.com\/web\/pastores-apoyan-el-plan-nacional-de-seguridad-y-cultura-de-paz-que-tanta-falta-hace-en-esta-nacion\/"},"author":{"name":"tabernaculo","@id":"https:\/\/tabernaculoprensadedios.com\/web\/#\/schema\/person\/bc0e069fef56b38e177db6f098ae0b6e"},"headline":"Pastores apoyan el Plan Nacional de Seguridad\u00a0y Cultura de Paz que tanta falta hace en esta Naci\u00f3n","datePublished":"2021-03-24T01:16:49+00:00","mainEntityOfPage":{"@id":"https:\/\/tabernaculoprensadedios.com\/web\/pastores-apoyan-el-plan-nacional-de-seguridad-y-cultura-de-paz-que-tanta-falta-hace-en-esta-nacion\/"},"wordCount":359,"commentCount":0,"publisher":{"@id":"https:\/\/tabernaculoprensadedios.com\/web\/#\/schema\/person\/bc0e069fef56b38e177db6f098ae0b6e"},"image":{"@id":"https:\/\/tabernaculoprensadedios.com\/web\/pastores-apoyan-el-plan-nacional-de-seguridad-y-cultura-de-paz-que-tanta-falta-hace-en-esta-nacion\/#primaryimage"},"thumbnailUrl":"https:\/\/tabernaculoprensadedios.com\/web\/wp-content\/uploads\/2021\/03\/aquino.jpg","articleSection":["almomento"],"inLanguage":"es","potentialAction":[{"@type":"CommentAction","name":"Comment","target":["https:\/\/tabernaculoprensadedios.com\/web\/pastores-apoyan-el-plan-nacional-de-seguridad-y-cultura-de-paz-que-tanta-falta-hace-en-esta-nacion\/#respond"]}]},{"@type":"WebPage","@id":"https:\/\/tabernaculoprensadedios.com\/web\/pastores-apoyan-el-plan-nacional-de-seguridad-y-cultura-de-paz-que-tanta-falta-hace-en-esta-nacion\/","url":"https:\/\/tabernaculoprensadedios.com\/web\/pastores-apoyan-el-plan-nacional-de-seguridad-y-cultura-de-paz-que-tanta-falta-hace-en-esta-nacion\/","name":"Pastores apoyan el Plan Nacional de Seguridad\u00a0y Cultura de Paz que tanta falta hace en esta Naci\u00f3n - Tabernaculo Prensa de Dios","isPartOf":{"@id":"https:\/\/tabernaculoprensadedios.com\/web\/#website"},"primaryImageOfPage":{"@id":"https:\/\/tabernaculoprensadedios.com\/web\/pastores-apoyan-el-plan-nacional-de-seguridad-y-cultura-de-paz-que-tanta-falta-hace-en-esta-nacion\/#primaryimage"},"image":{"@id":"https:\/\/tabernaculoprensadedios.com\/web\/pastores-apoyan-el-plan-nacional-de-seguridad-y-cultura-de-paz-que-tanta-falta-hace-en-esta-nacion\/#primaryimage"},"thumbnailUrl":"https:\/\/tabernaculoprensadedios.com\/web\/wp-content\/uploads\/2021\/03\/aquino.jpg","datePublished":"2021-03-24T01:16:49+00:00","breadcrumb":{"@id":"https:\/\/tabernaculoprensadedios.com\/web\/pastores-apoyan-el-plan-nacional-de-seguridad-y-cultura-de-paz-que-tanta-falta-hace-en-esta-nacion\/#breadcrumb"},"inLanguage":"es","potentialAction":[{"@type":"ReadAction","target":["https:\/\/tabernaculoprensadedios.com\/web\/pastores-apoyan-el-plan-nacional-de-seguridad-y-cultura-de-paz-que-tanta-falta-hace-en-esta-nacion\/"]}]},{"@type":"ImageObject","inLanguage":"es","@id":"https:\/\/tabernaculoprensadedios.com\/web\/pastores-apoyan-el-plan-nacional-de-seguridad-y-cultura-de-paz-que-tanta-falta-hace-en-esta-nacion\/#primaryimage","url":"https:\/\/tabernaculoprensadedios.com\/web\/wp-content\/uploads\/2021\/03\/aquino.jpg","contentUrl":"https:\/\/tabernaculoprensadedios.com\/web\/wp-content\/uploads\/2021\/03\/aquino.jpg","width":1000,"height":512,"caption":"El Obispo y Pastor Reynaldo Franco Aquino"},{"@type":"BreadcrumbList","@id":"https:\/\/tabernaculoprensadedios.com\/web\/pastores-apoyan-el-plan-nacional-de-seguridad-y-cultura-de-paz-que-tanta-falta-hace-en-esta-nacion\/#breadcrumb","itemListElement":[{"@type":"ListItem","position":1,"name":"Portada","item":"https:\/\/tabernaculoprensadedios.com\/web\/"},{"@type":"ListItem","position":2,"name":"Pastores apoyan el Plan Nacional de Seguridad\u00a0y Cultura de Paz que tanta falta hace en esta Naci\u00f3n"}]},{"@type":"WebSite","@id":"https:\/\/tabernaculoprensadedios.com\/web\/#website","url":"https:\/\/tabernaculoprensadedios.com\/web\/","name":"Tabernaculo Prensa de Dios","description":"Un medio a la manera de Dios","publisher":{"@id":"https:\/\/tabernaculoprensadedios.com\/web\/#\/schema\/person\/bc0e069fef56b38e177db6f098ae0b6e"},"potentialAction":[{"@type":"SearchAction","target":{"@type":"EntryPoint","urlTemplate":"https:\/\/tabernaculoprensadedios.com\/web\/?s={search_term_string}"},"query-input":{"@type":"PropertyValueSpecification","valueRequired":true,"valueName":"search_term_string"}}],"inLanguage":"es"},{"@type":["Person","Organization"],"@id":"https:\/\/tabernaculoprensadedios.com\/web\/#\/schema\/person\/bc0e069fef56b38e177db6f098ae0b6e","name":"tabernaculo","image":{"@type":"ImageObject","inLanguage":"es","@id":"https:\/\/tabernaculoprensadedios.com\/web\/#\/schema\/person\/image\/","url":"https:\/\/tabernaculoprensadedios.com\/web\/wp-content\/uploads\/2015\/06\/login-logo1.png","contentUrl":"https:\/\/tabernaculoprensadedios.com\/web\/wp-content\/uploads\/2015\/06\/login-logo1.png","width":300,"height":118,"caption":"tabernaculo"},"logo":{"@id":"https:\/\/tabernaculoprensadedios.com\/web\/#\/schema\/person\/image\/"},"url":"https:\/\/tabernaculoprensadedios.com\/web\/author\/tabernaculo\/"}]}},"_links":{"self":[{"href":"https:\/\/tabernaculoprensadedios.com\/web\/wp-json\/wp\/v2\/posts\/21398","targetHints":{"allow":["GET"]}}],"collection":[{"href":"https:\/\/tabernaculoprensadedios.com\/web\/wp-json\/wp\/v2\/posts"}],"about":[{"href":"https:\/\/tabernaculoprensadedios.com\/web\/wp-json\/wp\/v2\/types\/post"}],"author":[{"embeddable":true,"href":"https:\/\/tabernaculoprensadedios.com\/web\/wp-json\/wp\/v2\/users\/1"}],"replies":[{"embeddable":true,"href":"https:\/\/tabernaculoprensadedios.com\/web\/wp-json\/wp\/v2\/comments?post=21398"}],"version-history":[{"count":1,"href":"https:\/\/tabernaculoprensadedios.com\/web\/wp-json\/wp\/v2\/posts\/21398\/revisions"}],"predecessor-version":[{"id":21400,"href":"https:\/\/tabernaculoprensadedios.com\/web\/wp-json\/wp\/v2\/posts\/21398\/revisions\/21400"}],"wp:featuredmedia":[{"embeddable":true,"href":"https:\/\/tabernaculoprensadedios.com\/web\/wp-json\/wp\/v2\/media\/21399"}],"wp:attachment":[{"href":"https:\/\/tabernaculoprensadedios.com\/web\/wp-json\/wp\/v2\/media?parent=21398"}],"wp:term":[{"taxonomy":"category","embeddable":true,"href":"https:\/\/tabernaculoprensadedios.com\/web\/wp-json\/wp\/v2\/categories?post=21398"},{"taxonomy":"post_tag","embeddable":true,"href":"https:\/\/tabernaculoprensadedios.com\/web\/wp-json\/wp\/v2\/tags?post=21398"}],"curies":[{"name":"wp","href":"https:\/\/api.w.org\/{rel}","templated":true}]}}