{"id":21396,"date":"2021-03-23T02:08:28","date_gmt":"2021-03-23T02:08:28","guid":{"rendered":"http:\/\/tabernaculoprensadedios.com\/web\/?p=21396"},"modified":"2021-03-23T02:08:28","modified_gmt":"2021-03-23T02:08:28","slug":"la-dimension-de-perdonar","status":"publish","type":"post","link":"https:\/\/tabernaculoprensadedios.com\/web\/la-dimension-de-perdonar\/","title":{"rendered":"La Dimension de Perdonar"},"content":{"rendered":"<p>2 Corintios 2:10 (BJ) Y <u>al que\u00a0<em>vosotros<\/em>\u00a0perdonareis,<\/u> yo tambi\u00e9n: porque tambi\u00e9n yo lo que he perdonado, si algo he perdonado, por vosotros\u00a0<em>lo he hecho<\/em>\u00a0en\u00a0<em>la<\/em>\u00a0persona de Cristo.<\/p>\n<p>El Perdon es la base de nuestro credo y a eso vino Cristo, hacer la reconciliacion entre la humanidad perdida y Dios Padre Todopoderoso. No vino a otra cosa sino a perdonar, El es el vinculo perfecto entre el Padre y el hombre, el perdon divino es solo una facultad de Cristo.<\/p>\n<p>Me llama la atencion que la palabra Griega CHARIZOMAI (CS5483) significa muestro favor a, Perdono, perdonar, muestro bondad. Y su definici\u00f3n corta es: Muestro favor a, perdono. Cristo muestra su favor para con nosotros en el sacrificio de la cruz, lo que se conoce como la crucifixion el muestra bondad, muestra favor y perdon.<\/p>\n<p>Lucas 24:46-47 (BJ) Y les dijo: As\u00ed est\u00e1 escrito, y as\u00ed fue necesario que el Cristo padeciera, y resucitara de los muertos al tercer d\u00eda;<\/p>\n<p>47 y que se predicara en su nombre el arrepentimiento y la remisi\u00f3n de pecados en todas las naciones, comenzando desde Jerusal\u00e9n.<\/p>\n<p>Lo que esta escrito en Lucas 24:46-47 tambien lo escribe el Apostol Pablo a la Iglesia de Efeso y lo afirma en Efesios 1:7<\/p>\n<p>Efesios 1:7 (SE1569) En el cual tenemos redenci\u00f3n por su sangre, la remisi\u00f3n de pecados por las riquezas de su gracia.<\/p>\n<p>Si Cristo perdona nuestra ofensas, perdona nuestras faltas cuanto mas nosotros debemos perdonar aquellos que nos ofenden y nos hacen el mal. El perdonar es mostrar a Cristo, un verdadero creyente perdona y nunca deja de perdonar. Este creyente muestra el favor y la bondad que Cristo, es decir muestra su credo.<\/p>\n<p>Y al mostrar el favor y la bondad, muestra una verdadera conversion, muestra un verdadero nuevo nacimiento.<\/p>\n<p>Marcos 11:25 (LBLA) Y cuando est\u00e9is orando, perdonad si ten\u00e9is algo contra alguien, para que tambi\u00e9n vuestro Padre que est\u00e1 en los cielos os perdone vuestras transgresiones.<\/p>\n<p>El perdon nos lleva ha ser un instrumento poderoso en este mundo lleno de tinieblas, e inclusive es un deber para con nuestros enemigos.<\/p>\n<p>Lucas 17:4 (NTV) Aun si la persona te agravia siete veces al d\u00eda y cada vez regresa y te pide perd\u00f3n, debes perdonarla.<\/p>\n<p>La falta de perdon o el no perdonar, no deberia de existir en un creyente, creo personalmente que aquel que tiene falta de perdon en su vida espiritual y no perdona. Es una persona casi convencida del evangelio de Cristo mas no convertida a Cristo.<\/p>\n<p>El no perdonar destruye el corazon, la falta de perdon enferma el alma, entenebrece el corazon lo llena de raices de amargura e inclusive enferma al cuerpo. Y esto no es de Dios, esto es de el enemigo de las almas, que solo busca destruir, matar, y enga\u00f1ar a la humanidad, y la falta de perdon es unas de sus armas.<\/p>\n<p>El creyente deberia <u>tener como primera regla perdonar<\/u>, sabiendo que los mismos creyentes somos todos imperfectos, y mas imperfectos son aquellos que no conocen a Dios. Ofendemos y nos ofenden por la imperfeccion que existe en nosotros, por tal razon debemos aplicar el evangelio en el perdon para con los demas.<\/p>\n<p>Eclesiast\u00e9s 7:20 (NTV) No hay una sola persona en la tierra que siempre sea buena y nunca peque.<\/p>\n<p>Santiago 3:2 (RVR1960) Porque todos ofendemos muchas veces. Si alguno no ofende en palabra, \u00e9ste es var\u00f3n perfecto, capaz tambi\u00e9n de refrenar todo el cuerpo.<\/p>\n<p>Dios esta llamando a su Iglesia a vivir bajo esta dimension que es perdonar, y aun mas en estos tiempos donde vemos claramente que la maldad esta creciendo.<\/p>\n<p>Mateo 18:21-22;35 (RVR1960) Entonces se le acerc\u00f3 Pedro y le dijo: Se\u00f1or, \u00bfcu\u00e1ntas veces perdonar\u00e9 a mi hermano que peque contra m\u00ed? \u00bfHasta siete?<\/p>\n<p>22 Jes\u00fas le dijo: No te digo hasta siete, sino aun hasta setenta veces siete.<\/p>\n<p>35 As\u00ed tambi\u00e9n mi Padre celestial har\u00e1 con vosotros si no perdon\u00e1is de todo coraz\u00f3n cada uno a su hermano sus ofensas.<\/p>\n<p>Amados el que perdona muestra amor, compasion, bondad, paz, y mansedumbre. Es decir que sabe que Cristo mostro todas estas cosas para con nosotros y ahora nos toca vivir, accionar y testificar lo que Cristo hizo por nosotros.<\/p>\n<p>Colosenses 3:12-13 (TLA) Dios los ama mucho a ustedes, y los ha elegido para que formen parte de su pueblo. Por eso, vivan como se espera de ustedes: amen a los dem\u00e1s, sean buenos, humildes, amables y pacientes.<\/p>\n<p>13 Sean tolerantes los unos con los otros, y si alguien tiene alguna queja contra otro, perd\u00f3nense, as\u00ed como el Se\u00f1or los ha perdonado a ustedes.<\/p>\n<p>La humanidad es imperfecta y Cristo es perfecto, seamos ejemplos divinos de Dios llenos de misericordia, seamos de aquellos que hacemos el bien y no el mal. Que no exista la represalia, la vengaza, la enemistad en nosotros sino el perdon y su gran favor, como nos los ense\u00f1a las escrituras.<\/p>\n<p>Efesios 4:31-32 (LBLA) Sea quitada de vosotros toda amargura, enojo, ira, gritos, maledicencia, as\u00ed como toda malicia.<\/p>\n<p>32 Sed m\u00e1s bien amables unos con otros, misericordiosos, perdon\u00e1ndoos unos a otros, as\u00ed como tambi\u00e9n Dios os perdon\u00f3 en Cristo.<\/p>\n<p>Amados hermanos el que perdona vive en libertad, no esta atado a la falta de perdon, vive en una gran bendicion, el regocijo de su corazon se muestra y el brillo de Jehova esta sobre el.<\/p>\n<p>1 Pedro 3:9 (LBLA) No devolviendo mal por mal, o insulto por insulto, sino m\u00e1s bien bendiciendo, porque fuisteis llamados con <u>el prop\u00f3sito de heredar bendici\u00f3n.<\/u><\/p>\n<p>El perdonar a otros y seguir lo que dice las escrituras nos convierte en diligentes espirituales, y a esto nos llama Dios a vivir bajo la luz de su escrituras.<\/p>\n<p>2 Pedro 1:10-11 (BJ) Por lo cual, hermanos, procurad tanto m\u00e1s <u>de hacer firme vuestra vocaci\u00f3n y elecci\u00f3n;<\/u> porque haciendo estas cosas, no caer\u00e9is jam\u00e1s.<\/p>\n<p>11 Porque de esta manera os ser\u00e1 abundantemente administrada la entrada en el Reino eterno de nuestro Se\u00f1or y Salvador Jesucristo.<\/p>\n<p>Perseveremos en el perdon, seamos obedientes a Dios para perdonar a los demas, vivamos una vida sin falta de perdon, mostremos el amor de Dios y su gran misericordia.<\/p>\n<p>Lucas 6:36-38 (SE1569) Sed pues misericordiosos, como tambi\u00e9n vuestro Padre es misericordioso.<\/p>\n<p>37 No juzgu\u00e9is, y no ser\u00e9is juzgados; no conden\u00e9is, y no ser\u00e9is condenados; perdonad, y ser\u00e9is perdonados.<\/p>\n<p>38 Dad, y se os dar\u00e1; medida buena, apretada, remecida, y rebosando dar\u00e1n en vuestro seno; porque con la misma medida que midiereis, os ser\u00e1 vuelto a medir.<\/p>\n<p>Para concluir hoy es un dia que mostremos ese mismo favor que Cristo mostro para con nostros, que de lo mas profundo de nuestro corazon, alma, espiritu, mente y cuerpo seamos capaces de perdonar. Para tener una vida sin ataduras por falta de perdon, si quieres ser libre perdona.<\/p>\n<p>Ama y ten misericordia de aquellos que en un momento determinado en tu vida no tuvieron misericordia contigo.<\/p>\n<p>Mateo 5:8-9 (RV1960) Bienaventurados los de limpio coraz\u00f3n, porque ellos ver\u00e1n a Dios.<\/p>\n<p>9 Bienaventurados los pacificadores, porque ellos ser\u00e1n llamados hijos de Dios.<\/p>\n<p>Hablale a Cristo en tu intimidad pidele perdon sino has perdonado, no importa el tama\u00f1o del da\u00f1o a tu vida, solo perdona.<\/p>\n<p>Dios te Bendiga grandemente y poderosamente.<\/p>\n","protected":false},"excerpt":{"rendered":"<p>2 Corintios 2:10 (BJ) Y al que\u00a0vosotros\u00a0perdonareis, yo tambi\u00e9n: porque tambi\u00e9n yo lo que he perdonado, si algo he perdonado, por vosotros\u00a0lo he hecho\u00a0en\u00a0la\u00a0persona de Cristo. El Perdon es la base de nuestro credo y a eso vino Cristo, hacer la reconciliacion entre la humanidad perdida y Dios Padre Todopoderoso. No vino a otra cosa &hellip;<\/p>\n","protected":false},"author":1,"featured_media":20277,"comment_status":"open","ping_status":"open","sticky":false,"template":"","format":"standard","meta":{"footnotes":""},"categories":[34],"tags":[],"class_list":["post-21396","post","type-post","status-publish","format-standard","has-post-thumbnail","hentry","category-articulos"],"yoast_head":"<!-- This site is optimized with the Yoast SEO Premium plugin v24.2 (Yoast SEO v27.1.1) - https:\/\/yoast.com\/product\/yoast-seo-premium-wordpress\/ -->\n<title>La Dimension de Perdonar - Tabernaculo Prensa de Dios<\/title>\n<meta name=\"robots\" content=\"index, follow, max-snippet:-1, max-image-preview:large, max-video-preview:-1\" \/>\n<link rel=\"canonical\" href=\"https:\/\/tabernaculoprensadedios.com\/web\/la-dimension-de-perdonar\/\" class=\"yoast-seo-meta-tag\" \/>\n<meta property=\"og:locale\" content=\"es_ES\" class=\"yoast-seo-meta-tag\" \/>\n<meta property=\"og:type\" content=\"article\" class=\"yoast-seo-meta-tag\" \/>\n<meta property=\"og:title\" content=\"La Dimension de Perdonar\" class=\"yoast-seo-meta-tag\" \/>\n<meta property=\"og:description\" content=\"2 Corintios 2:10 (BJ) Y al que\u00a0vosotros\u00a0perdonareis, yo tambi\u00e9n: porque tambi\u00e9n yo lo que he perdonado, si algo he perdonado, por vosotros\u00a0lo he hecho\u00a0en\u00a0la\u00a0persona de Cristo. El Perdon es la base de nuestro credo y a eso vino Cristo, hacer la reconciliacion entre la humanidad perdida y Dios Padre Todopoderoso. No vino a otra cosa &hellip;\" class=\"yoast-seo-meta-tag\" \/>\n<meta property=\"og:url\" content=\"https:\/\/tabernaculoprensadedios.com\/web\/la-dimension-de-perdonar\/\" class=\"yoast-seo-meta-tag\" \/>\n<meta property=\"og:site_name\" content=\"Tabernaculo Prensa de Dios\" class=\"yoast-seo-meta-tag\" \/>\n<meta property=\"article:published_time\" content=\"2021-03-23T02:08:28+00:00\" class=\"yoast-seo-meta-tag\" \/>\n<meta property=\"og:image\" content=\"https:\/\/tabernaculoprensadedios.com\/web\/wp-content\/uploads\/2020\/11\/Firefox_Screenshot_2020-11-23T17-04-33.139Z.png\" class=\"yoast-seo-meta-tag\" \/>\n\t<meta property=\"og:image:width\" content=\"1146\" class=\"yoast-seo-meta-tag\" \/>\n\t<meta property=\"og:image:height\" content=\"676\" class=\"yoast-seo-meta-tag\" \/>\n\t<meta property=\"og:image:type\" content=\"image\/png\" class=\"yoast-seo-meta-tag\" \/>\n<meta name=\"author\" content=\"tabernaculo\" class=\"yoast-seo-meta-tag\" \/>\n<meta name=\"twitter:card\" content=\"summary_large_image\" class=\"yoast-seo-meta-tag\" \/>\n<meta name=\"twitter:creator\" content=\"@PrensadeDios\" class=\"yoast-seo-meta-tag\" \/>\n<meta name=\"twitter:site\" content=\"@PrensadeDios\" class=\"yoast-seo-meta-tag\" \/>\n<meta name=\"twitter:label1\" content=\"Escrito por\" class=\"yoast-seo-meta-tag\" \/>\n\t<meta name=\"twitter:data1\" content=\"tabernaculo\" class=\"yoast-seo-meta-tag\" \/>\n\t<meta name=\"twitter:label2\" content=\"Tiempo de lectura\" class=\"yoast-seo-meta-tag\" \/>\n\t<meta name=\"twitter:data2\" content=\"6 minutos\" class=\"yoast-seo-meta-tag\" \/>\n<script type=\"application\/ld+json\" class=\"yoast-schema-graph\">{\"@context\":\"https:\/\/schema.org\",\"@graph\":[{\"@type\":\"Article\",\"@id\":\"https:\/\/tabernaculoprensadedios.com\/web\/la-dimension-de-perdonar\/#article\",\"isPartOf\":{\"@id\":\"https:\/\/tabernaculoprensadedios.com\/web\/la-dimension-de-perdonar\/\"},\"author\":{\"name\":\"tabernaculo\",\"@id\":\"https:\/\/tabernaculoprensadedios.com\/web\/#\/schema\/person\/bc0e069fef56b38e177db6f098ae0b6e\"},\"headline\":\"La Dimension de Perdonar\",\"datePublished\":\"2021-03-23T02:08:28+00:00\",\"mainEntityOfPage\":{\"@id\":\"https:\/\/tabernaculoprensadedios.com\/web\/la-dimension-de-perdonar\/\"},\"wordCount\":1231,\"commentCount\":0,\"publisher\":{\"@id\":\"https:\/\/tabernaculoprensadedios.com\/web\/#\/schema\/person\/bc0e069fef56b38e177db6f098ae0b6e\"},\"image\":{\"@id\":\"https:\/\/tabernaculoprensadedios.com\/web\/la-dimension-de-perdonar\/#primaryimage\"},\"thumbnailUrl\":\"https:\/\/tabernaculoprensadedios.com\/web\/wp-content\/uploads\/2020\/11\/Firefox_Screenshot_2020-11-23T17-04-33.139Z.png\",\"articleSection\":[\"Articulos\"],\"inLanguage\":\"es\",\"potentialAction\":[{\"@type\":\"CommentAction\",\"name\":\"Comment\",\"target\":[\"https:\/\/tabernaculoprensadedios.com\/web\/la-dimension-de-perdonar\/#respond\"]}]},{\"@type\":\"WebPage\",\"@id\":\"https:\/\/tabernaculoprensadedios.com\/web\/la-dimension-de-perdonar\/\",\"url\":\"https:\/\/tabernaculoprensadedios.com\/web\/la-dimension-de-perdonar\/\",\"name\":\"La Dimension de Perdonar - Tabernaculo Prensa de Dios\",\"isPartOf\":{\"@id\":\"https:\/\/tabernaculoprensadedios.com\/web\/#website\"},\"primaryImageOfPage\":{\"@id\":\"https:\/\/tabernaculoprensadedios.com\/web\/la-dimension-de-perdonar\/#primaryimage\"},\"image\":{\"@id\":\"https:\/\/tabernaculoprensadedios.com\/web\/la-dimension-de-perdonar\/#primaryimage\"},\"thumbnailUrl\":\"https:\/\/tabernaculoprensadedios.com\/web\/wp-content\/uploads\/2020\/11\/Firefox_Screenshot_2020-11-23T17-04-33.139Z.png\",\"datePublished\":\"2021-03-23T02:08:28+00:00\",\"breadcrumb\":{\"@id\":\"https:\/\/tabernaculoprensadedios.com\/web\/la-dimension-de-perdonar\/#breadcrumb\"},\"inLanguage\":\"es\",\"potentialAction\":[{\"@type\":\"ReadAction\",\"target\":[\"https:\/\/tabernaculoprensadedios.com\/web\/la-dimension-de-perdonar\/\"]}]},{\"@type\":\"ImageObject\",\"inLanguage\":\"es\",\"@id\":\"https:\/\/tabernaculoprensadedios.com\/web\/la-dimension-de-perdonar\/#primaryimage\",\"url\":\"https:\/\/tabernaculoprensadedios.com\/web\/wp-content\/uploads\/2020\/11\/Firefox_Screenshot_2020-11-23T17-04-33.139Z.png\",\"contentUrl\":\"https:\/\/tabernaculoprensadedios.com\/web\/wp-content\/uploads\/2020\/11\/Firefox_Screenshot_2020-11-23T17-04-33.139Z.png\",\"width\":1146,\"height\":676,\"caption\":\"Pastor Franklin Quintero\"},{\"@type\":\"BreadcrumbList\",\"@id\":\"https:\/\/tabernaculoprensadedios.com\/web\/la-dimension-de-perdonar\/#breadcrumb\",\"itemListElement\":[{\"@type\":\"ListItem\",\"position\":1,\"name\":\"Portada\",\"item\":\"https:\/\/tabernaculoprensadedios.com\/web\/\"},{\"@type\":\"ListItem\",\"position\":2,\"name\":\"La Dimension de Perdonar\"}]},{\"@type\":\"WebSite\",\"@id\":\"https:\/\/tabernaculoprensadedios.com\/web\/#website\",\"url\":\"https:\/\/tabernaculoprensadedios.com\/web\/\",\"name\":\"Tabernaculo Prensa de Dios\",\"description\":\"Un medio a la manera de Dios\",\"publisher\":{\"@id\":\"https:\/\/tabernaculoprensadedios.com\/web\/#\/schema\/person\/bc0e069fef56b38e177db6f098ae0b6e\"},\"potentialAction\":[{\"@type\":\"SearchAction\",\"target\":{\"@type\":\"EntryPoint\",\"urlTemplate\":\"https:\/\/tabernaculoprensadedios.com\/web\/?s={search_term_string}\"},\"query-input\":{\"@type\":\"PropertyValueSpecification\",\"valueRequired\":true,\"valueName\":\"search_term_string\"}}],\"inLanguage\":\"es\"},{\"@type\":[\"Person\",\"Organization\"],\"@id\":\"https:\/\/tabernaculoprensadedios.com\/web\/#\/schema\/person\/bc0e069fef56b38e177db6f098ae0b6e\",\"name\":\"tabernaculo\",\"image\":{\"@type\":\"ImageObject\",\"inLanguage\":\"es\",\"@id\":\"https:\/\/tabernaculoprensadedios.com\/web\/#\/schema\/person\/image\/\",\"url\":\"https:\/\/tabernaculoprensadedios.com\/web\/wp-content\/uploads\/2015\/06\/login-logo1.png\",\"contentUrl\":\"https:\/\/tabernaculoprensadedios.com\/web\/wp-content\/uploads\/2015\/06\/login-logo1.png\",\"width\":300,\"height\":118,\"caption\":\"tabernaculo\"},\"logo\":{\"@id\":\"https:\/\/tabernaculoprensadedios.com\/web\/#\/schema\/person\/image\/\"},\"url\":\"https:\/\/tabernaculoprensadedios.com\/web\/author\/tabernaculo\/\"}]}<\/script>\n<!-- \/ Yoast SEO Premium plugin. -->","yoast_head_json":{"title":"La Dimension de Perdonar - Tabernaculo Prensa de Dios","robots":{"index":"index","follow":"follow","max-snippet":"max-snippet:-1","max-image-preview":"max-image-preview:large","max-video-preview":"max-video-preview:-1"},"canonical":"https:\/\/tabernaculoprensadedios.com\/web\/la-dimension-de-perdonar\/","og_locale":"es_ES","og_type":"article","og_title":"La Dimension de Perdonar","og_description":"2 Corintios 2:10 (BJ) Y al que\u00a0vosotros\u00a0perdonareis, yo tambi\u00e9n: porque tambi\u00e9n yo lo que he perdonado, si algo he perdonado, por vosotros\u00a0lo he hecho\u00a0en\u00a0la\u00a0persona de Cristo. El Perdon es la base de nuestro credo y a eso vino Cristo, hacer la reconciliacion entre la humanidad perdida y Dios Padre Todopoderoso. No vino a otra cosa &hellip;","og_url":"https:\/\/tabernaculoprensadedios.com\/web\/la-dimension-de-perdonar\/","og_site_name":"Tabernaculo Prensa de Dios","article_published_time":"2021-03-23T02:08:28+00:00","og_image":[{"width":1146,"height":676,"url":"https:\/\/tabernaculoprensadedios.com\/web\/wp-content\/uploads\/2020\/11\/Firefox_Screenshot_2020-11-23T17-04-33.139Z.png","type":"image\/png"}],"author":"tabernaculo","twitter_card":"summary_large_image","twitter_creator":"@PrensadeDios","twitter_site":"@PrensadeDios","twitter_misc":{"Escrito por":"tabernaculo","Tiempo de lectura":"6 minutos"},"schema":{"@context":"https:\/\/schema.org","@graph":[{"@type":"Article","@id":"https:\/\/tabernaculoprensadedios.com\/web\/la-dimension-de-perdonar\/#article","isPartOf":{"@id":"https:\/\/tabernaculoprensadedios.com\/web\/la-dimension-de-perdonar\/"},"author":{"name":"tabernaculo","@id":"https:\/\/tabernaculoprensadedios.com\/web\/#\/schema\/person\/bc0e069fef56b38e177db6f098ae0b6e"},"headline":"La Dimension de Perdonar","datePublished":"2021-03-23T02:08:28+00:00","mainEntityOfPage":{"@id":"https:\/\/tabernaculoprensadedios.com\/web\/la-dimension-de-perdonar\/"},"wordCount":1231,"commentCount":0,"publisher":{"@id":"https:\/\/tabernaculoprensadedios.com\/web\/#\/schema\/person\/bc0e069fef56b38e177db6f098ae0b6e"},"image":{"@id":"https:\/\/tabernaculoprensadedios.com\/web\/la-dimension-de-perdonar\/#primaryimage"},"thumbnailUrl":"https:\/\/tabernaculoprensadedios.com\/web\/wp-content\/uploads\/2020\/11\/Firefox_Screenshot_2020-11-23T17-04-33.139Z.png","articleSection":["Articulos"],"inLanguage":"es","potentialAction":[{"@type":"CommentAction","name":"Comment","target":["https:\/\/tabernaculoprensadedios.com\/web\/la-dimension-de-perdonar\/#respond"]}]},{"@type":"WebPage","@id":"https:\/\/tabernaculoprensadedios.com\/web\/la-dimension-de-perdonar\/","url":"https:\/\/tabernaculoprensadedios.com\/web\/la-dimension-de-perdonar\/","name":"La Dimension de Perdonar - Tabernaculo Prensa de Dios","isPartOf":{"@id":"https:\/\/tabernaculoprensadedios.com\/web\/#website"},"primaryImageOfPage":{"@id":"https:\/\/tabernaculoprensadedios.com\/web\/la-dimension-de-perdonar\/#primaryimage"},"image":{"@id":"https:\/\/tabernaculoprensadedios.com\/web\/la-dimension-de-perdonar\/#primaryimage"},"thumbnailUrl":"https:\/\/tabernaculoprensadedios.com\/web\/wp-content\/uploads\/2020\/11\/Firefox_Screenshot_2020-11-23T17-04-33.139Z.png","datePublished":"2021-03-23T02:08:28+00:00","breadcrumb":{"@id":"https:\/\/tabernaculoprensadedios.com\/web\/la-dimension-de-perdonar\/#breadcrumb"},"inLanguage":"es","potentialAction":[{"@type":"ReadAction","target":["https:\/\/tabernaculoprensadedios.com\/web\/la-dimension-de-perdonar\/"]}]},{"@type":"ImageObject","inLanguage":"es","@id":"https:\/\/tabernaculoprensadedios.com\/web\/la-dimension-de-perdonar\/#primaryimage","url":"https:\/\/tabernaculoprensadedios.com\/web\/wp-content\/uploads\/2020\/11\/Firefox_Screenshot_2020-11-23T17-04-33.139Z.png","contentUrl":"https:\/\/tabernaculoprensadedios.com\/web\/wp-content\/uploads\/2020\/11\/Firefox_Screenshot_2020-11-23T17-04-33.139Z.png","width":1146,"height":676,"caption":"Pastor Franklin Quintero"},{"@type":"BreadcrumbList","@id":"https:\/\/tabernaculoprensadedios.com\/web\/la-dimension-de-perdonar\/#breadcrumb","itemListElement":[{"@type":"ListItem","position":1,"name":"Portada","item":"https:\/\/tabernaculoprensadedios.com\/web\/"},{"@type":"ListItem","position":2,"name":"La Dimension de Perdonar"}]},{"@type":"WebSite","@id":"https:\/\/tabernaculoprensadedios.com\/web\/#website","url":"https:\/\/tabernaculoprensadedios.com\/web\/","name":"Tabernaculo Prensa de Dios","description":"Un medio a la manera de Dios","publisher":{"@id":"https:\/\/tabernaculoprensadedios.com\/web\/#\/schema\/person\/bc0e069fef56b38e177db6f098ae0b6e"},"potentialAction":[{"@type":"SearchAction","target":{"@type":"EntryPoint","urlTemplate":"https:\/\/tabernaculoprensadedios.com\/web\/?s={search_term_string}"},"query-input":{"@type":"PropertyValueSpecification","valueRequired":true,"valueName":"search_term_string"}}],"inLanguage":"es"},{"@type":["Person","Organization"],"@id":"https:\/\/tabernaculoprensadedios.com\/web\/#\/schema\/person\/bc0e069fef56b38e177db6f098ae0b6e","name":"tabernaculo","image":{"@type":"ImageObject","inLanguage":"es","@id":"https:\/\/tabernaculoprensadedios.com\/web\/#\/schema\/person\/image\/","url":"https:\/\/tabernaculoprensadedios.com\/web\/wp-content\/uploads\/2015\/06\/login-logo1.png","contentUrl":"https:\/\/tabernaculoprensadedios.com\/web\/wp-content\/uploads\/2015\/06\/login-logo1.png","width":300,"height":118,"caption":"tabernaculo"},"logo":{"@id":"https:\/\/tabernaculoprensadedios.com\/web\/#\/schema\/person\/image\/"},"url":"https:\/\/tabernaculoprensadedios.com\/web\/author\/tabernaculo\/"}]}},"_links":{"self":[{"href":"https:\/\/tabernaculoprensadedios.com\/web\/wp-json\/wp\/v2\/posts\/21396","targetHints":{"allow":["GET"]}}],"collection":[{"href":"https:\/\/tabernaculoprensadedios.com\/web\/wp-json\/wp\/v2\/posts"}],"about":[{"href":"https:\/\/tabernaculoprensadedios.com\/web\/wp-json\/wp\/v2\/types\/post"}],"author":[{"embeddable":true,"href":"https:\/\/tabernaculoprensadedios.com\/web\/wp-json\/wp\/v2\/users\/1"}],"replies":[{"embeddable":true,"href":"https:\/\/tabernaculoprensadedios.com\/web\/wp-json\/wp\/v2\/comments?post=21396"}],"version-history":[{"count":1,"href":"https:\/\/tabernaculoprensadedios.com\/web\/wp-json\/wp\/v2\/posts\/21396\/revisions"}],"predecessor-version":[{"id":21397,"href":"https:\/\/tabernaculoprensadedios.com\/web\/wp-json\/wp\/v2\/posts\/21396\/revisions\/21397"}],"wp:featuredmedia":[{"embeddable":true,"href":"https:\/\/tabernaculoprensadedios.com\/web\/wp-json\/wp\/v2\/media\/20277"}],"wp:attachment":[{"href":"https:\/\/tabernaculoprensadedios.com\/web\/wp-json\/wp\/v2\/media?parent=21396"}],"wp:term":[{"taxonomy":"category","embeddable":true,"href":"https:\/\/tabernaculoprensadedios.com\/web\/wp-json\/wp\/v2\/categories?post=21396"},{"taxonomy":"post_tag","embeddable":true,"href":"https:\/\/tabernaculoprensadedios.com\/web\/wp-json\/wp\/v2\/tags?post=21396"}],"curies":[{"name":"wp","href":"https:\/\/api.w.org\/{rel}","templated":true}]}}