{"id":21370,"date":"2021-03-23T16:27:59","date_gmt":"2021-03-23T16:27:59","guid":{"rendered":"http:\/\/tabernaculoprensadedios.com\/web\/?p=21370"},"modified":"2021-04-27T17:40:45","modified_gmt":"2021-04-27T17:40:45","slug":"ministerios-ebenezer-invitan-a-su-retiro-internacional-2021","status":"publish","type":"post","link":"https:\/\/tabernaculoprensadedios.com\/web\/ministerios-ebenezer-invitan-a-su-retiro-internacional-2021\/","title":{"rendered":"Ministerios Ebenezer invitan a su Retiro Internacional 2021"},"content":{"rendered":"<p>Predicar la fe en todo tiempo. As\u00ed manda el Se\u00f1or Jesucristo y en esta \u00e9poca de pandemia no es la excepci\u00f3n, incluso, se hace mucho m\u00e1s necesario, debido a que millones de familias se han visto afectadas por distintas causas durante este dif\u00edcil momento por el que atraviesa el mundo. <em><strong>Marcos-14-15-<\/strong><\/em><\/p>\n<p>Y es eso lo que precisamente ha hecho el Ministerio Ebenezer, una congregaci\u00f3n, con su sede en Guatemala, que ha dedicado todo este tiempo de pandemia llevando la Palabra de Dios y aliento constante de vida a miles de personas en el mundo a trav\u00e9s de mensajes difundidos por distintos medios de comunicaci\u00f3n, incluyendo su revista Rhema T.V. y todas sus plataformas digitales.<\/p>\n<p>2600 de mensajes predicados durante la trayectoria del coronavirus ante el momento hist\u00f3rico de su trayectoria mundial, en este per\u00edodo han sembrado la semilla de la Palabra que da vida de esperanza de fe, de amor, paz, dominio propio, madurez, valent\u00eda, misericordia y compasi\u00f3n a decenas de miles de personas que no pueden asistir a los templos de manera presencial, por las medidas protocolar impuestas por las leyes de Organizaci\u00f3n Mundial de la Salud. OMS, debido al fen\u00f3meno de la pandemia mundial Covi 19.<\/p>\n<p>De la voz del ap\u00f3stol Sergio Henr\u00edquez, como voz de trompeta anunciando las Buenas Nuevas del Evangelio de Cristo, en 1400 mensaje predicado para fortalecer la fe en el cuerpo de Cristo incluyendo su proclama en la v\u00edspera del fin de a\u00f1o para dar inicio al 2021, per\u00edodo que proclam\u00f3 como el \u201cA\u00f1o de la Recuperaci\u00f3n\u201d. Por primera vez en 25 a\u00f1os el acto se realiz\u00f3 sin asistentes, la cual fue visto por m\u00e1s de un mill\u00f3n 200 personas.<\/p>\n<p>\u201cEntonces tu luz despuntar\u00e1 como la aurora, y tu recuperaci\u00f3n brotar\u00e1 con rapidez; delante de ti ir\u00e1 tu justicia; y la gloria del Se\u00f1or ser\u00e1 tu retaguardia\u201d Isa\u00edas 58:8, le\u00eda en su mensaje dando inici\u00f3 al A\u00f1o de la Recuperaci\u00f3n.<\/p>\n<p>En este tiempo de comuni\u00f3n espiritual revelar\u00e1 al pueblo de Dios y a los amigos inconversos la visi\u00f3n del esp\u00edritu del logo de Dios para este tiempo prof\u00e9tico y apocal\u00edptico. Este retiro se celebrar\u00e1 con la participaci\u00f3n de una gran asamblea de l\u00edderes eclesiales en una cumbre del Ministerio Apost\u00f3lico y Prof\u00e9tico, el cual se desarrollar\u00e1\u00a0desde el lunes 29 de marzo a viernes 2 de abril pr\u00f3ximo, en el cual tendr\u00e1n la oportunidad de participar de manera presencial unas 400 personas. Por sus diversas plataformas digitales.<\/p>\n<p>La comunidad que asistir\u00e1 a dicho evento, participar\u00e1 de manera virtual y presencial para honrar el nombre de Jesucristo y revelar el esp\u00edritu de la palabra Santa de Dios en comuni\u00f3n con la divina Trinidad, en esos d\u00edas de descanso que recuerda la Pasi\u00f3n de Cristo, vida muerte y resurrecci\u00f3n se\u00f1alaron sus ministros quienes organizan dicho retiro.<\/p>\n<p>Durante el encuentro, que ser\u00e1 presidido por el Ap\u00f3stol Sergio Enr\u00edquez, se realizar\u00e1n siete servicios cada d\u00eda, y los seguidores podr\u00e1n recibir la se\u00f1al en vivo a trav\u00e9s de las distintas redes DIGITALES del ministerio. La iglesia ser\u00e1 el escenario principal y ser\u00e1 transmitido a nivel nacional e internacional de 1,300 iglesias.<\/p>\n<p>Declaramos que la sobreabundancia de Dios, bendecir\u00e1 al pueblo de Dios conforme a sus riquezas en gloria porque la palabra de Dios es vivaz y eficaz y m\u00e1s cortante que toda espada de dos filos y es l\u00e1mpara a nuestros pies como lumbreras a nuestro camino.<\/p>\n<p>Confiamos que alcanzar\u00e1n difundir el verbo de la Palabra viva y eficaz al coraz\u00f3n de todos los que asistir\u00e1n al grandioso Retiro y podamos alcanzar a las personas con el mensaje de Cristo Jes\u00fas basado en el conocimiento del Mes\u00edas, nuestro Se\u00f1or Jesucristo, en este tiempo tan especial y dif\u00edcil estaremos de pie en una misma fe unidos de voz en clamor por todas las naciones\u201d, expresaron sus ministros organizadores.<\/p>\n","protected":false},"excerpt":{"rendered":"<p>Predicar la fe en todo tiempo. As\u00ed manda el Se\u00f1or Jesucristo y en esta \u00e9poca de pandemia no es la excepci\u00f3n, incluso, se hace mucho m\u00e1s necesario, debido a que millones de familias se han visto afectadas por distintas causas durante este dif\u00edcil momento por el que atraviesa el mundo. Marcos-14-15- Y es eso lo &hellip;<\/p>\n","protected":false},"author":1,"featured_media":21371,"comment_status":"open","ping_status":"open","sticky":false,"template":"","format":"standard","meta":{"footnotes":""},"categories":[24],"tags":[],"class_list":["post-21370","post","type-post","status-publish","format-standard","has-post-thumbnail","hentry","category-internacional"],"yoast_head":"<!-- This site is optimized with the Yoast SEO Premium plugin v24.2 (Yoast SEO v27.1.1) - https:\/\/yoast.com\/product\/yoast-seo-premium-wordpress\/ -->\n<title>Ministerios Ebenezer invitan a su Retiro Internacional 2021 - Tabernaculo Prensa de Dios<\/title>\n<meta name=\"robots\" content=\"index, follow, max-snippet:-1, max-image-preview:large, max-video-preview:-1\" \/>\n<link rel=\"canonical\" href=\"https:\/\/tabernaculoprensadedios.com\/web\/ministerios-ebenezer-invitan-a-su-retiro-internacional-2021\/\" class=\"yoast-seo-meta-tag\" \/>\n<meta property=\"og:locale\" content=\"es_ES\" class=\"yoast-seo-meta-tag\" \/>\n<meta property=\"og:type\" content=\"article\" class=\"yoast-seo-meta-tag\" \/>\n<meta property=\"og:title\" content=\"Ministerios Ebenezer invitan a su Retiro Internacional 2021\" class=\"yoast-seo-meta-tag\" \/>\n<meta property=\"og:description\" content=\"Predicar la fe en todo tiempo. As\u00ed manda el Se\u00f1or Jesucristo y en esta \u00e9poca de pandemia no es la excepci\u00f3n, incluso, se hace mucho m\u00e1s necesario, debido a que millones de familias se han visto afectadas por distintas causas durante este dif\u00edcil momento por el que atraviesa el mundo. Marcos-14-15- Y es eso lo &hellip;\" class=\"yoast-seo-meta-tag\" \/>\n<meta property=\"og:url\" content=\"https:\/\/tabernaculoprensadedios.com\/web\/ministerios-ebenezer-invitan-a-su-retiro-internacional-2021\/\" class=\"yoast-seo-meta-tag\" \/>\n<meta property=\"og:site_name\" content=\"Tabernaculo Prensa de Dios\" class=\"yoast-seo-meta-tag\" \/>\n<meta property=\"article:published_time\" content=\"2021-03-23T16:27:59+00:00\" class=\"yoast-seo-meta-tag\" \/>\n<meta property=\"article:modified_time\" content=\"2021-04-27T17:40:45+00:00\" class=\"yoast-seo-meta-tag\" \/>\n<meta property=\"og:image\" content=\"https:\/\/tabernaculoprensadedios.com\/web\/wp-content\/uploads\/2021\/03\/pastor-sergio.jpg\" class=\"yoast-seo-meta-tag\" \/>\n\t<meta property=\"og:image:width\" content=\"1920\" class=\"yoast-seo-meta-tag\" \/>\n\t<meta property=\"og:image:height\" content=\"1080\" class=\"yoast-seo-meta-tag\" \/>\n\t<meta property=\"og:image:type\" content=\"image\/jpeg\" class=\"yoast-seo-meta-tag\" \/>\n<meta name=\"author\" content=\"tabernaculo\" class=\"yoast-seo-meta-tag\" \/>\n<meta name=\"twitter:card\" content=\"summary_large_image\" class=\"yoast-seo-meta-tag\" \/>\n<meta name=\"twitter:creator\" content=\"@PrensadeDios\" class=\"yoast-seo-meta-tag\" \/>\n<meta name=\"twitter:site\" content=\"@PrensadeDios\" class=\"yoast-seo-meta-tag\" \/>\n<meta name=\"twitter:label1\" content=\"Escrito por\" class=\"yoast-seo-meta-tag\" \/>\n\t<meta name=\"twitter:data1\" content=\"tabernaculo\" class=\"yoast-seo-meta-tag\" \/>\n\t<meta name=\"twitter:label2\" content=\"Tiempo de lectura\" class=\"yoast-seo-meta-tag\" \/>\n\t<meta name=\"twitter:data2\" content=\"3 minutos\" class=\"yoast-seo-meta-tag\" \/>\n<script type=\"application\/ld+json\" class=\"yoast-schema-graph\">{\"@context\":\"https:\/\/schema.org\",\"@graph\":[{\"@type\":\"Article\",\"@id\":\"https:\/\/tabernaculoprensadedios.com\/web\/ministerios-ebenezer-invitan-a-su-retiro-internacional-2021\/#article\",\"isPartOf\":{\"@id\":\"https:\/\/tabernaculoprensadedios.com\/web\/ministerios-ebenezer-invitan-a-su-retiro-internacional-2021\/\"},\"author\":{\"name\":\"tabernaculo\",\"@id\":\"https:\/\/tabernaculoprensadedios.com\/web\/#\/schema\/person\/bc0e069fef56b38e177db6f098ae0b6e\"},\"headline\":\"Ministerios Ebenezer invitan a su Retiro Internacional 2021\",\"datePublished\":\"2021-03-23T16:27:59+00:00\",\"dateModified\":\"2021-04-27T17:40:45+00:00\",\"mainEntityOfPage\":{\"@id\":\"https:\/\/tabernaculoprensadedios.com\/web\/ministerios-ebenezer-invitan-a-su-retiro-internacional-2021\/\"},\"wordCount\":690,\"commentCount\":0,\"publisher\":{\"@id\":\"https:\/\/tabernaculoprensadedios.com\/web\/#\/schema\/person\/bc0e069fef56b38e177db6f098ae0b6e\"},\"image\":{\"@id\":\"https:\/\/tabernaculoprensadedios.com\/web\/ministerios-ebenezer-invitan-a-su-retiro-internacional-2021\/#primaryimage\"},\"thumbnailUrl\":\"https:\/\/tabernaculoprensadedios.com\/web\/wp-content\/uploads\/2021\/03\/pastor-sergio.jpg\",\"articleSection\":[\"Internacionales\"],\"inLanguage\":\"es\",\"potentialAction\":[{\"@type\":\"CommentAction\",\"name\":\"Comment\",\"target\":[\"https:\/\/tabernaculoprensadedios.com\/web\/ministerios-ebenezer-invitan-a-su-retiro-internacional-2021\/#respond\"]}]},{\"@type\":\"WebPage\",\"@id\":\"https:\/\/tabernaculoprensadedios.com\/web\/ministerios-ebenezer-invitan-a-su-retiro-internacional-2021\/\",\"url\":\"https:\/\/tabernaculoprensadedios.com\/web\/ministerios-ebenezer-invitan-a-su-retiro-internacional-2021\/\",\"name\":\"Ministerios Ebenezer invitan a su Retiro Internacional 2021 - Tabernaculo Prensa de Dios\",\"isPartOf\":{\"@id\":\"https:\/\/tabernaculoprensadedios.com\/web\/#website\"},\"primaryImageOfPage\":{\"@id\":\"https:\/\/tabernaculoprensadedios.com\/web\/ministerios-ebenezer-invitan-a-su-retiro-internacional-2021\/#primaryimage\"},\"image\":{\"@id\":\"https:\/\/tabernaculoprensadedios.com\/web\/ministerios-ebenezer-invitan-a-su-retiro-internacional-2021\/#primaryimage\"},\"thumbnailUrl\":\"https:\/\/tabernaculoprensadedios.com\/web\/wp-content\/uploads\/2021\/03\/pastor-sergio.jpg\",\"datePublished\":\"2021-03-23T16:27:59+00:00\",\"dateModified\":\"2021-04-27T17:40:45+00:00\",\"breadcrumb\":{\"@id\":\"https:\/\/tabernaculoprensadedios.com\/web\/ministerios-ebenezer-invitan-a-su-retiro-internacional-2021\/#breadcrumb\"},\"inLanguage\":\"es\",\"potentialAction\":[{\"@type\":\"ReadAction\",\"target\":[\"https:\/\/tabernaculoprensadedios.com\/web\/ministerios-ebenezer-invitan-a-su-retiro-internacional-2021\/\"]}]},{\"@type\":\"ImageObject\",\"inLanguage\":\"es\",\"@id\":\"https:\/\/tabernaculoprensadedios.com\/web\/ministerios-ebenezer-invitan-a-su-retiro-internacional-2021\/#primaryimage\",\"url\":\"https:\/\/tabernaculoprensadedios.com\/web\/wp-content\/uploads\/2021\/03\/pastor-sergio.jpg\",\"contentUrl\":\"https:\/\/tabernaculoprensadedios.com\/web\/wp-content\/uploads\/2021\/03\/pastor-sergio.jpg\",\"width\":1920,\"height\":1080,\"caption\":\"Ap\u00f3stol Sergio Henr\u00edquez\"},{\"@type\":\"BreadcrumbList\",\"@id\":\"https:\/\/tabernaculoprensadedios.com\/web\/ministerios-ebenezer-invitan-a-su-retiro-internacional-2021\/#breadcrumb\",\"itemListElement\":[{\"@type\":\"ListItem\",\"position\":1,\"name\":\"Portada\",\"item\":\"https:\/\/tabernaculoprensadedios.com\/web\/\"},{\"@type\":\"ListItem\",\"position\":2,\"name\":\"Ministerios Ebenezer invitan a su Retiro Internacional 2021\"}]},{\"@type\":\"WebSite\",\"@id\":\"https:\/\/tabernaculoprensadedios.com\/web\/#website\",\"url\":\"https:\/\/tabernaculoprensadedios.com\/web\/\",\"name\":\"Tabernaculo Prensa de Dios\",\"description\":\"Un medio a la manera de Dios\",\"publisher\":{\"@id\":\"https:\/\/tabernaculoprensadedios.com\/web\/#\/schema\/person\/bc0e069fef56b38e177db6f098ae0b6e\"},\"potentialAction\":[{\"@type\":\"SearchAction\",\"target\":{\"@type\":\"EntryPoint\",\"urlTemplate\":\"https:\/\/tabernaculoprensadedios.com\/web\/?s={search_term_string}\"},\"query-input\":{\"@type\":\"PropertyValueSpecification\",\"valueRequired\":true,\"valueName\":\"search_term_string\"}}],\"inLanguage\":\"es\"},{\"@type\":[\"Person\",\"Organization\"],\"@id\":\"https:\/\/tabernaculoprensadedios.com\/web\/#\/schema\/person\/bc0e069fef56b38e177db6f098ae0b6e\",\"name\":\"tabernaculo\",\"image\":{\"@type\":\"ImageObject\",\"inLanguage\":\"es\",\"@id\":\"https:\/\/tabernaculoprensadedios.com\/web\/#\/schema\/person\/image\/\",\"url\":\"https:\/\/tabernaculoprensadedios.com\/web\/wp-content\/uploads\/2015\/06\/login-logo1.png\",\"contentUrl\":\"https:\/\/tabernaculoprensadedios.com\/web\/wp-content\/uploads\/2015\/06\/login-logo1.png\",\"width\":300,\"height\":118,\"caption\":\"tabernaculo\"},\"logo\":{\"@id\":\"https:\/\/tabernaculoprensadedios.com\/web\/#\/schema\/person\/image\/\"},\"url\":\"https:\/\/tabernaculoprensadedios.com\/web\/author\/tabernaculo\/\"}]}<\/script>\n<!-- \/ Yoast SEO Premium plugin. -->","yoast_head_json":{"title":"Ministerios Ebenezer invitan a su Retiro Internacional 2021 - Tabernaculo Prensa de Dios","robots":{"index":"index","follow":"follow","max-snippet":"max-snippet:-1","max-image-preview":"max-image-preview:large","max-video-preview":"max-video-preview:-1"},"canonical":"https:\/\/tabernaculoprensadedios.com\/web\/ministerios-ebenezer-invitan-a-su-retiro-internacional-2021\/","og_locale":"es_ES","og_type":"article","og_title":"Ministerios Ebenezer invitan a su Retiro Internacional 2021","og_description":"Predicar la fe en todo tiempo. As\u00ed manda el Se\u00f1or Jesucristo y en esta \u00e9poca de pandemia no es la excepci\u00f3n, incluso, se hace mucho m\u00e1s necesario, debido a que millones de familias se han visto afectadas por distintas causas durante este dif\u00edcil momento por el que atraviesa el mundo. Marcos-14-15- Y es eso lo &hellip;","og_url":"https:\/\/tabernaculoprensadedios.com\/web\/ministerios-ebenezer-invitan-a-su-retiro-internacional-2021\/","og_site_name":"Tabernaculo Prensa de Dios","article_published_time":"2021-03-23T16:27:59+00:00","article_modified_time":"2021-04-27T17:40:45+00:00","og_image":[{"width":1920,"height":1080,"url":"https:\/\/tabernaculoprensadedios.com\/web\/wp-content\/uploads\/2021\/03\/pastor-sergio.jpg","type":"image\/jpeg"}],"author":"tabernaculo","twitter_card":"summary_large_image","twitter_creator":"@PrensadeDios","twitter_site":"@PrensadeDios","twitter_misc":{"Escrito por":"tabernaculo","Tiempo de lectura":"3 minutos"},"schema":{"@context":"https:\/\/schema.org","@graph":[{"@type":"Article","@id":"https:\/\/tabernaculoprensadedios.com\/web\/ministerios-ebenezer-invitan-a-su-retiro-internacional-2021\/#article","isPartOf":{"@id":"https:\/\/tabernaculoprensadedios.com\/web\/ministerios-ebenezer-invitan-a-su-retiro-internacional-2021\/"},"author":{"name":"tabernaculo","@id":"https:\/\/tabernaculoprensadedios.com\/web\/#\/schema\/person\/bc0e069fef56b38e177db6f098ae0b6e"},"headline":"Ministerios Ebenezer invitan a su Retiro Internacional 2021","datePublished":"2021-03-23T16:27:59+00:00","dateModified":"2021-04-27T17:40:45+00:00","mainEntityOfPage":{"@id":"https:\/\/tabernaculoprensadedios.com\/web\/ministerios-ebenezer-invitan-a-su-retiro-internacional-2021\/"},"wordCount":690,"commentCount":0,"publisher":{"@id":"https:\/\/tabernaculoprensadedios.com\/web\/#\/schema\/person\/bc0e069fef56b38e177db6f098ae0b6e"},"image":{"@id":"https:\/\/tabernaculoprensadedios.com\/web\/ministerios-ebenezer-invitan-a-su-retiro-internacional-2021\/#primaryimage"},"thumbnailUrl":"https:\/\/tabernaculoprensadedios.com\/web\/wp-content\/uploads\/2021\/03\/pastor-sergio.jpg","articleSection":["Internacionales"],"inLanguage":"es","potentialAction":[{"@type":"CommentAction","name":"Comment","target":["https:\/\/tabernaculoprensadedios.com\/web\/ministerios-ebenezer-invitan-a-su-retiro-internacional-2021\/#respond"]}]},{"@type":"WebPage","@id":"https:\/\/tabernaculoprensadedios.com\/web\/ministerios-ebenezer-invitan-a-su-retiro-internacional-2021\/","url":"https:\/\/tabernaculoprensadedios.com\/web\/ministerios-ebenezer-invitan-a-su-retiro-internacional-2021\/","name":"Ministerios Ebenezer invitan a su Retiro Internacional 2021 - Tabernaculo Prensa de Dios","isPartOf":{"@id":"https:\/\/tabernaculoprensadedios.com\/web\/#website"},"primaryImageOfPage":{"@id":"https:\/\/tabernaculoprensadedios.com\/web\/ministerios-ebenezer-invitan-a-su-retiro-internacional-2021\/#primaryimage"},"image":{"@id":"https:\/\/tabernaculoprensadedios.com\/web\/ministerios-ebenezer-invitan-a-su-retiro-internacional-2021\/#primaryimage"},"thumbnailUrl":"https:\/\/tabernaculoprensadedios.com\/web\/wp-content\/uploads\/2021\/03\/pastor-sergio.jpg","datePublished":"2021-03-23T16:27:59+00:00","dateModified":"2021-04-27T17:40:45+00:00","breadcrumb":{"@id":"https:\/\/tabernaculoprensadedios.com\/web\/ministerios-ebenezer-invitan-a-su-retiro-internacional-2021\/#breadcrumb"},"inLanguage":"es","potentialAction":[{"@type":"ReadAction","target":["https:\/\/tabernaculoprensadedios.com\/web\/ministerios-ebenezer-invitan-a-su-retiro-internacional-2021\/"]}]},{"@type":"ImageObject","inLanguage":"es","@id":"https:\/\/tabernaculoprensadedios.com\/web\/ministerios-ebenezer-invitan-a-su-retiro-internacional-2021\/#primaryimage","url":"https:\/\/tabernaculoprensadedios.com\/web\/wp-content\/uploads\/2021\/03\/pastor-sergio.jpg","contentUrl":"https:\/\/tabernaculoprensadedios.com\/web\/wp-content\/uploads\/2021\/03\/pastor-sergio.jpg","width":1920,"height":1080,"caption":"Ap\u00f3stol Sergio Henr\u00edquez"},{"@type":"BreadcrumbList","@id":"https:\/\/tabernaculoprensadedios.com\/web\/ministerios-ebenezer-invitan-a-su-retiro-internacional-2021\/#breadcrumb","itemListElement":[{"@type":"ListItem","position":1,"name":"Portada","item":"https:\/\/tabernaculoprensadedios.com\/web\/"},{"@type":"ListItem","position":2,"name":"Ministerios Ebenezer invitan a su Retiro Internacional 2021"}]},{"@type":"WebSite","@id":"https:\/\/tabernaculoprensadedios.com\/web\/#website","url":"https:\/\/tabernaculoprensadedios.com\/web\/","name":"Tabernaculo Prensa de Dios","description":"Un medio a la manera de Dios","publisher":{"@id":"https:\/\/tabernaculoprensadedios.com\/web\/#\/schema\/person\/bc0e069fef56b38e177db6f098ae0b6e"},"potentialAction":[{"@type":"SearchAction","target":{"@type":"EntryPoint","urlTemplate":"https:\/\/tabernaculoprensadedios.com\/web\/?s={search_term_string}"},"query-input":{"@type":"PropertyValueSpecification","valueRequired":true,"valueName":"search_term_string"}}],"inLanguage":"es"},{"@type":["Person","Organization"],"@id":"https:\/\/tabernaculoprensadedios.com\/web\/#\/schema\/person\/bc0e069fef56b38e177db6f098ae0b6e","name":"tabernaculo","image":{"@type":"ImageObject","inLanguage":"es","@id":"https:\/\/tabernaculoprensadedios.com\/web\/#\/schema\/person\/image\/","url":"https:\/\/tabernaculoprensadedios.com\/web\/wp-content\/uploads\/2015\/06\/login-logo1.png","contentUrl":"https:\/\/tabernaculoprensadedios.com\/web\/wp-content\/uploads\/2015\/06\/login-logo1.png","width":300,"height":118,"caption":"tabernaculo"},"logo":{"@id":"https:\/\/tabernaculoprensadedios.com\/web\/#\/schema\/person\/image\/"},"url":"https:\/\/tabernaculoprensadedios.com\/web\/author\/tabernaculo\/"}]}},"_links":{"self":[{"href":"https:\/\/tabernaculoprensadedios.com\/web\/wp-json\/wp\/v2\/posts\/21370","targetHints":{"allow":["GET"]}}],"collection":[{"href":"https:\/\/tabernaculoprensadedios.com\/web\/wp-json\/wp\/v2\/posts"}],"about":[{"href":"https:\/\/tabernaculoprensadedios.com\/web\/wp-json\/wp\/v2\/types\/post"}],"author":[{"embeddable":true,"href":"https:\/\/tabernaculoprensadedios.com\/web\/wp-json\/wp\/v2\/users\/1"}],"replies":[{"embeddable":true,"href":"https:\/\/tabernaculoprensadedios.com\/web\/wp-json\/wp\/v2\/comments?post=21370"}],"version-history":[{"count":4,"href":"https:\/\/tabernaculoprensadedios.com\/web\/wp-json\/wp\/v2\/posts\/21370\/revisions"}],"predecessor-version":[{"id":21448,"href":"https:\/\/tabernaculoprensadedios.com\/web\/wp-json\/wp\/v2\/posts\/21370\/revisions\/21448"}],"wp:featuredmedia":[{"embeddable":true,"href":"https:\/\/tabernaculoprensadedios.com\/web\/wp-json\/wp\/v2\/media\/21371"}],"wp:attachment":[{"href":"https:\/\/tabernaculoprensadedios.com\/web\/wp-json\/wp\/v2\/media?parent=21370"}],"wp:term":[{"taxonomy":"category","embeddable":true,"href":"https:\/\/tabernaculoprensadedios.com\/web\/wp-json\/wp\/v2\/categories?post=21370"},{"taxonomy":"post_tag","embeddable":true,"href":"https:\/\/tabernaculoprensadedios.com\/web\/wp-json\/wp\/v2\/tags?post=21370"}],"curies":[{"name":"wp","href":"https:\/\/api.w.org\/{rel}","templated":true}]}}