{"id":21311,"date":"2021-03-14T19:05:43","date_gmt":"2021-03-14T19:05:43","guid":{"rendered":"http:\/\/tabernaculoprensadedios.com\/web\/?p=21311"},"modified":"2021-03-14T19:06:18","modified_gmt":"2021-03-14T19:06:18","slug":"atrapado-en-tres-causales","status":"publish","type":"post","link":"https:\/\/tabernaculoprensadedios.com\/web\/atrapado-en-tres-causales\/","title":{"rendered":"Atrapado en tres causales"},"content":{"rendered":"<p>El Consejo Dominicano de Unidad Evang\u00e9lica (CODUE) a trav\u00e9s de su presidente, el pastor Feliciano Lacen, dice que ser\u00eda muy importante que los poderes legislativos saquen este pa\u00eds de esta trampa, la cual de tiempo en tiempo se utiliza el tema del aborto para no cumplir con las exigencias de una justicia moderna, como lo demandan los tiempos, manteniendo un c\u00f3digo obsoleto, es momento de que se tome la decisi\u00f3n con la firmeza necesaria y cumpliendo con lo que establece la Constituci\u00f3n de la Rep\u00fablica Dominicana en su art.37.<\/p>\n<p>Codue cree que es tiempo de que el Poder Legislativo se enfoque m\u00e1s en los derechos fundamentales como derecho a la salud, vivienda, educaci\u00f3n, alimentaci\u00f3n, seguridad ciudadana y servicios b\u00e1sicos; los cuales en nuestro pa\u00eds tienen muy pocas familias garantizadas, m\u00e1s a\u00fan en tiempo de pandemia.<\/p>\n<p>Debemos estar claro que la situaci\u00f3n del aborto en los pa\u00edses donde se ha logrado implementar esta cultura de muerte mediante asesinatos justificados como lo es el aborto, sus problemas en vez de resolverse se han agravado, lo que debemos evitar esto en nuestro pa\u00eds.<\/p>\n<p>El aborto ni es de derecho, salud, ni de religi\u00f3n m\u00e1s bien es un plan ideol\u00f3gico que lo denomino como un gran pulpo; inicia por matar al no nacido, violando los derechos humanos y la ley 2501, luego vendr\u00e1 con la eutanasia para los mayores adultos y terminando con personas con especialidades, que para ellos no producen ni producir\u00e1n. As\u00ed que muchos est\u00e1n afilando cuchillo para su garganta.<\/p>\n","protected":false},"excerpt":{"rendered":"<p>El Consejo Dominicano de Unidad Evang\u00e9lica (CODUE) a trav\u00e9s de su presidente, el pastor Feliciano Lacen, dice que ser\u00eda muy importante que los poderes legislativos saquen este pa\u00eds de esta trampa, la cual de tiempo en tiempo se utiliza el tema del aborto para no cumplir con las exigencias de una justicia moderna, como lo &hellip;<\/p>\n","protected":false},"author":1,"featured_media":20455,"comment_status":"open","ping_status":"open","sticky":false,"template":"","format":"standard","meta":{"footnotes":""},"categories":[39],"tags":[],"class_list":["post-21311","post","type-post","status-publish","format-standard","has-post-thumbnail","hentry","category-almomento"],"yoast_head":"<!-- This site is optimized with the Yoast SEO Premium plugin v24.2 (Yoast SEO v27.1.1) - https:\/\/yoast.com\/product\/yoast-seo-premium-wordpress\/ -->\n<title>Atrapado en tres causales - Tabernaculo Prensa de Dios<\/title>\n<meta name=\"robots\" content=\"index, follow, max-snippet:-1, max-image-preview:large, max-video-preview:-1\" \/>\n<link rel=\"canonical\" href=\"https:\/\/tabernaculoprensadedios.com\/web\/atrapado-en-tres-causales\/\" class=\"yoast-seo-meta-tag\" \/>\n<meta property=\"og:locale\" content=\"es_ES\" class=\"yoast-seo-meta-tag\" \/>\n<meta property=\"og:type\" content=\"article\" class=\"yoast-seo-meta-tag\" \/>\n<meta property=\"og:title\" content=\"Atrapado en tres causales\" class=\"yoast-seo-meta-tag\" \/>\n<meta property=\"og:description\" content=\"El Consejo Dominicano de Unidad Evang\u00e9lica (CODUE) a trav\u00e9s de su presidente, el pastor Feliciano Lacen, dice que ser\u00eda muy importante que los poderes legislativos saquen este pa\u00eds de esta trampa, la cual de tiempo en tiempo se utiliza el tema del aborto para no cumplir con las exigencias de una justicia moderna, como lo &hellip;\" class=\"yoast-seo-meta-tag\" \/>\n<meta property=\"og:url\" content=\"https:\/\/tabernaculoprensadedios.com\/web\/atrapado-en-tres-causales\/\" class=\"yoast-seo-meta-tag\" \/>\n<meta property=\"og:site_name\" content=\"Tabernaculo Prensa de Dios\" class=\"yoast-seo-meta-tag\" \/>\n<meta property=\"article:published_time\" content=\"2021-03-14T19:05:43+00:00\" class=\"yoast-seo-meta-tag\" \/>\n<meta property=\"article:modified_time\" content=\"2021-03-14T19:06:18+00:00\" class=\"yoast-seo-meta-tag\" \/>\n<meta property=\"og:image\" content=\"https:\/\/tabernaculoprensadedios.com\/web\/wp-content\/uploads\/2020\/12\/WhatsApp-Image-2020-12-07-at-8.41.21-PM-e1609949099265.jpeg\" class=\"yoast-seo-meta-tag\" \/>\n\t<meta property=\"og:image:width\" content=\"559\" class=\"yoast-seo-meta-tag\" \/>\n\t<meta property=\"og:image:height\" content=\"339\" class=\"yoast-seo-meta-tag\" \/>\n\t<meta property=\"og:image:type\" content=\"image\/jpeg\" class=\"yoast-seo-meta-tag\" \/>\n<meta name=\"author\" content=\"tabernaculo\" class=\"yoast-seo-meta-tag\" \/>\n<meta name=\"twitter:card\" content=\"summary_large_image\" class=\"yoast-seo-meta-tag\" \/>\n<meta name=\"twitter:creator\" content=\"@PrensadeDios\" class=\"yoast-seo-meta-tag\" \/>\n<meta name=\"twitter:site\" content=\"@PrensadeDios\" class=\"yoast-seo-meta-tag\" \/>\n<meta name=\"twitter:label1\" content=\"Escrito por\" class=\"yoast-seo-meta-tag\" \/>\n\t<meta name=\"twitter:data1\" content=\"tabernaculo\" class=\"yoast-seo-meta-tag\" \/>\n\t<meta name=\"twitter:label2\" content=\"Tiempo de lectura\" class=\"yoast-seo-meta-tag\" \/>\n\t<meta name=\"twitter:data2\" content=\"1 minuto\" class=\"yoast-seo-meta-tag\" \/>\n<script type=\"application\/ld+json\" class=\"yoast-schema-graph\">{\"@context\":\"https:\/\/schema.org\",\"@graph\":[{\"@type\":\"Article\",\"@id\":\"https:\/\/tabernaculoprensadedios.com\/web\/atrapado-en-tres-causales\/#article\",\"isPartOf\":{\"@id\":\"https:\/\/tabernaculoprensadedios.com\/web\/atrapado-en-tres-causales\/\"},\"author\":{\"name\":\"tabernaculo\",\"@id\":\"https:\/\/tabernaculoprensadedios.com\/web\/#\/schema\/person\/bc0e069fef56b38e177db6f098ae0b6e\"},\"headline\":\"Atrapado en tres causales\",\"datePublished\":\"2021-03-14T19:05:43+00:00\",\"dateModified\":\"2021-03-14T19:06:18+00:00\",\"mainEntityOfPage\":{\"@id\":\"https:\/\/tabernaculoprensadedios.com\/web\/atrapado-en-tres-causales\/\"},\"wordCount\":274,\"commentCount\":0,\"publisher\":{\"@id\":\"https:\/\/tabernaculoprensadedios.com\/web\/#\/schema\/person\/bc0e069fef56b38e177db6f098ae0b6e\"},\"image\":{\"@id\":\"https:\/\/tabernaculoprensadedios.com\/web\/atrapado-en-tres-causales\/#primaryimage\"},\"thumbnailUrl\":\"https:\/\/tabernaculoprensadedios.com\/web\/wp-content\/uploads\/2020\/12\/WhatsApp-Image-2020-12-07-at-8.41.21-PM-e1609949099265.jpeg\",\"articleSection\":[\"almomento\"],\"inLanguage\":\"es\",\"potentialAction\":[{\"@type\":\"CommentAction\",\"name\":\"Comment\",\"target\":[\"https:\/\/tabernaculoprensadedios.com\/web\/atrapado-en-tres-causales\/#respond\"]}]},{\"@type\":\"WebPage\",\"@id\":\"https:\/\/tabernaculoprensadedios.com\/web\/atrapado-en-tres-causales\/\",\"url\":\"https:\/\/tabernaculoprensadedios.com\/web\/atrapado-en-tres-causales\/\",\"name\":\"Atrapado en tres causales - Tabernaculo Prensa de Dios\",\"isPartOf\":{\"@id\":\"https:\/\/tabernaculoprensadedios.com\/web\/#website\"},\"primaryImageOfPage\":{\"@id\":\"https:\/\/tabernaculoprensadedios.com\/web\/atrapado-en-tres-causales\/#primaryimage\"},\"image\":{\"@id\":\"https:\/\/tabernaculoprensadedios.com\/web\/atrapado-en-tres-causales\/#primaryimage\"},\"thumbnailUrl\":\"https:\/\/tabernaculoprensadedios.com\/web\/wp-content\/uploads\/2020\/12\/WhatsApp-Image-2020-12-07-at-8.41.21-PM-e1609949099265.jpeg\",\"datePublished\":\"2021-03-14T19:05:43+00:00\",\"dateModified\":\"2021-03-14T19:06:18+00:00\",\"breadcrumb\":{\"@id\":\"https:\/\/tabernaculoprensadedios.com\/web\/atrapado-en-tres-causales\/#breadcrumb\"},\"inLanguage\":\"es\",\"potentialAction\":[{\"@type\":\"ReadAction\",\"target\":[\"https:\/\/tabernaculoprensadedios.com\/web\/atrapado-en-tres-causales\/\"]}]},{\"@type\":\"ImageObject\",\"inLanguage\":\"es\",\"@id\":\"https:\/\/tabernaculoprensadedios.com\/web\/atrapado-en-tres-causales\/#primaryimage\",\"url\":\"https:\/\/tabernaculoprensadedios.com\/web\/wp-content\/uploads\/2020\/12\/WhatsApp-Image-2020-12-07-at-8.41.21-PM-e1609949099265.jpeg\",\"contentUrl\":\"https:\/\/tabernaculoprensadedios.com\/web\/wp-content\/uploads\/2020\/12\/WhatsApp-Image-2020-12-07-at-8.41.21-PM-e1609949099265.jpeg\",\"width\":559,\"height\":339,\"caption\":\"Pastor Feliciano Lacen Custodio, presidente de CODUE\"},{\"@type\":\"BreadcrumbList\",\"@id\":\"https:\/\/tabernaculoprensadedios.com\/web\/atrapado-en-tres-causales\/#breadcrumb\",\"itemListElement\":[{\"@type\":\"ListItem\",\"position\":1,\"name\":\"Portada\",\"item\":\"https:\/\/tabernaculoprensadedios.com\/web\/\"},{\"@type\":\"ListItem\",\"position\":2,\"name\":\"Atrapado en tres causales\"}]},{\"@type\":\"WebSite\",\"@id\":\"https:\/\/tabernaculoprensadedios.com\/web\/#website\",\"url\":\"https:\/\/tabernaculoprensadedios.com\/web\/\",\"name\":\"Tabernaculo Prensa de Dios\",\"description\":\"Un medio a la manera de Dios\",\"publisher\":{\"@id\":\"https:\/\/tabernaculoprensadedios.com\/web\/#\/schema\/person\/bc0e069fef56b38e177db6f098ae0b6e\"},\"potentialAction\":[{\"@type\":\"SearchAction\",\"target\":{\"@type\":\"EntryPoint\",\"urlTemplate\":\"https:\/\/tabernaculoprensadedios.com\/web\/?s={search_term_string}\"},\"query-input\":{\"@type\":\"PropertyValueSpecification\",\"valueRequired\":true,\"valueName\":\"search_term_string\"}}],\"inLanguage\":\"es\"},{\"@type\":[\"Person\",\"Organization\"],\"@id\":\"https:\/\/tabernaculoprensadedios.com\/web\/#\/schema\/person\/bc0e069fef56b38e177db6f098ae0b6e\",\"name\":\"tabernaculo\",\"image\":{\"@type\":\"ImageObject\",\"inLanguage\":\"es\",\"@id\":\"https:\/\/tabernaculoprensadedios.com\/web\/#\/schema\/person\/image\/\",\"url\":\"https:\/\/tabernaculoprensadedios.com\/web\/wp-content\/uploads\/2015\/06\/login-logo1.png\",\"contentUrl\":\"https:\/\/tabernaculoprensadedios.com\/web\/wp-content\/uploads\/2015\/06\/login-logo1.png\",\"width\":300,\"height\":118,\"caption\":\"tabernaculo\"},\"logo\":{\"@id\":\"https:\/\/tabernaculoprensadedios.com\/web\/#\/schema\/person\/image\/\"},\"url\":\"https:\/\/tabernaculoprensadedios.com\/web\/author\/tabernaculo\/\"}]}<\/script>\n<!-- \/ Yoast SEO Premium plugin. -->","yoast_head_json":{"title":"Atrapado en tres causales - Tabernaculo Prensa de Dios","robots":{"index":"index","follow":"follow","max-snippet":"max-snippet:-1","max-image-preview":"max-image-preview:large","max-video-preview":"max-video-preview:-1"},"canonical":"https:\/\/tabernaculoprensadedios.com\/web\/atrapado-en-tres-causales\/","og_locale":"es_ES","og_type":"article","og_title":"Atrapado en tres causales","og_description":"El Consejo Dominicano de Unidad Evang\u00e9lica (CODUE) a trav\u00e9s de su presidente, el pastor Feliciano Lacen, dice que ser\u00eda muy importante que los poderes legislativos saquen este pa\u00eds de esta trampa, la cual de tiempo en tiempo se utiliza el tema del aborto para no cumplir con las exigencias de una justicia moderna, como lo &hellip;","og_url":"https:\/\/tabernaculoprensadedios.com\/web\/atrapado-en-tres-causales\/","og_site_name":"Tabernaculo Prensa de Dios","article_published_time":"2021-03-14T19:05:43+00:00","article_modified_time":"2021-03-14T19:06:18+00:00","og_image":[{"width":559,"height":339,"url":"https:\/\/tabernaculoprensadedios.com\/web\/wp-content\/uploads\/2020\/12\/WhatsApp-Image-2020-12-07-at-8.41.21-PM-e1609949099265.jpeg","type":"image\/jpeg"}],"author":"tabernaculo","twitter_card":"summary_large_image","twitter_creator":"@PrensadeDios","twitter_site":"@PrensadeDios","twitter_misc":{"Escrito por":"tabernaculo","Tiempo de lectura":"1 minuto"},"schema":{"@context":"https:\/\/schema.org","@graph":[{"@type":"Article","@id":"https:\/\/tabernaculoprensadedios.com\/web\/atrapado-en-tres-causales\/#article","isPartOf":{"@id":"https:\/\/tabernaculoprensadedios.com\/web\/atrapado-en-tres-causales\/"},"author":{"name":"tabernaculo","@id":"https:\/\/tabernaculoprensadedios.com\/web\/#\/schema\/person\/bc0e069fef56b38e177db6f098ae0b6e"},"headline":"Atrapado en tres causales","datePublished":"2021-03-14T19:05:43+00:00","dateModified":"2021-03-14T19:06:18+00:00","mainEntityOfPage":{"@id":"https:\/\/tabernaculoprensadedios.com\/web\/atrapado-en-tres-causales\/"},"wordCount":274,"commentCount":0,"publisher":{"@id":"https:\/\/tabernaculoprensadedios.com\/web\/#\/schema\/person\/bc0e069fef56b38e177db6f098ae0b6e"},"image":{"@id":"https:\/\/tabernaculoprensadedios.com\/web\/atrapado-en-tres-causales\/#primaryimage"},"thumbnailUrl":"https:\/\/tabernaculoprensadedios.com\/web\/wp-content\/uploads\/2020\/12\/WhatsApp-Image-2020-12-07-at-8.41.21-PM-e1609949099265.jpeg","articleSection":["almomento"],"inLanguage":"es","potentialAction":[{"@type":"CommentAction","name":"Comment","target":["https:\/\/tabernaculoprensadedios.com\/web\/atrapado-en-tres-causales\/#respond"]}]},{"@type":"WebPage","@id":"https:\/\/tabernaculoprensadedios.com\/web\/atrapado-en-tres-causales\/","url":"https:\/\/tabernaculoprensadedios.com\/web\/atrapado-en-tres-causales\/","name":"Atrapado en tres causales - Tabernaculo Prensa de Dios","isPartOf":{"@id":"https:\/\/tabernaculoprensadedios.com\/web\/#website"},"primaryImageOfPage":{"@id":"https:\/\/tabernaculoprensadedios.com\/web\/atrapado-en-tres-causales\/#primaryimage"},"image":{"@id":"https:\/\/tabernaculoprensadedios.com\/web\/atrapado-en-tres-causales\/#primaryimage"},"thumbnailUrl":"https:\/\/tabernaculoprensadedios.com\/web\/wp-content\/uploads\/2020\/12\/WhatsApp-Image-2020-12-07-at-8.41.21-PM-e1609949099265.jpeg","datePublished":"2021-03-14T19:05:43+00:00","dateModified":"2021-03-14T19:06:18+00:00","breadcrumb":{"@id":"https:\/\/tabernaculoprensadedios.com\/web\/atrapado-en-tres-causales\/#breadcrumb"},"inLanguage":"es","potentialAction":[{"@type":"ReadAction","target":["https:\/\/tabernaculoprensadedios.com\/web\/atrapado-en-tres-causales\/"]}]},{"@type":"ImageObject","inLanguage":"es","@id":"https:\/\/tabernaculoprensadedios.com\/web\/atrapado-en-tres-causales\/#primaryimage","url":"https:\/\/tabernaculoprensadedios.com\/web\/wp-content\/uploads\/2020\/12\/WhatsApp-Image-2020-12-07-at-8.41.21-PM-e1609949099265.jpeg","contentUrl":"https:\/\/tabernaculoprensadedios.com\/web\/wp-content\/uploads\/2020\/12\/WhatsApp-Image-2020-12-07-at-8.41.21-PM-e1609949099265.jpeg","width":559,"height":339,"caption":"Pastor Feliciano Lacen Custodio, presidente de CODUE"},{"@type":"BreadcrumbList","@id":"https:\/\/tabernaculoprensadedios.com\/web\/atrapado-en-tres-causales\/#breadcrumb","itemListElement":[{"@type":"ListItem","position":1,"name":"Portada","item":"https:\/\/tabernaculoprensadedios.com\/web\/"},{"@type":"ListItem","position":2,"name":"Atrapado en tres causales"}]},{"@type":"WebSite","@id":"https:\/\/tabernaculoprensadedios.com\/web\/#website","url":"https:\/\/tabernaculoprensadedios.com\/web\/","name":"Tabernaculo Prensa de Dios","description":"Un medio a la manera de Dios","publisher":{"@id":"https:\/\/tabernaculoprensadedios.com\/web\/#\/schema\/person\/bc0e069fef56b38e177db6f098ae0b6e"},"potentialAction":[{"@type":"SearchAction","target":{"@type":"EntryPoint","urlTemplate":"https:\/\/tabernaculoprensadedios.com\/web\/?s={search_term_string}"},"query-input":{"@type":"PropertyValueSpecification","valueRequired":true,"valueName":"search_term_string"}}],"inLanguage":"es"},{"@type":["Person","Organization"],"@id":"https:\/\/tabernaculoprensadedios.com\/web\/#\/schema\/person\/bc0e069fef56b38e177db6f098ae0b6e","name":"tabernaculo","image":{"@type":"ImageObject","inLanguage":"es","@id":"https:\/\/tabernaculoprensadedios.com\/web\/#\/schema\/person\/image\/","url":"https:\/\/tabernaculoprensadedios.com\/web\/wp-content\/uploads\/2015\/06\/login-logo1.png","contentUrl":"https:\/\/tabernaculoprensadedios.com\/web\/wp-content\/uploads\/2015\/06\/login-logo1.png","width":300,"height":118,"caption":"tabernaculo"},"logo":{"@id":"https:\/\/tabernaculoprensadedios.com\/web\/#\/schema\/person\/image\/"},"url":"https:\/\/tabernaculoprensadedios.com\/web\/author\/tabernaculo\/"}]}},"_links":{"self":[{"href":"https:\/\/tabernaculoprensadedios.com\/web\/wp-json\/wp\/v2\/posts\/21311","targetHints":{"allow":["GET"]}}],"collection":[{"href":"https:\/\/tabernaculoprensadedios.com\/web\/wp-json\/wp\/v2\/posts"}],"about":[{"href":"https:\/\/tabernaculoprensadedios.com\/web\/wp-json\/wp\/v2\/types\/post"}],"author":[{"embeddable":true,"href":"https:\/\/tabernaculoprensadedios.com\/web\/wp-json\/wp\/v2\/users\/1"}],"replies":[{"embeddable":true,"href":"https:\/\/tabernaculoprensadedios.com\/web\/wp-json\/wp\/v2\/comments?post=21311"}],"version-history":[{"count":2,"href":"https:\/\/tabernaculoprensadedios.com\/web\/wp-json\/wp\/v2\/posts\/21311\/revisions"}],"predecessor-version":[{"id":21313,"href":"https:\/\/tabernaculoprensadedios.com\/web\/wp-json\/wp\/v2\/posts\/21311\/revisions\/21313"}],"wp:featuredmedia":[{"embeddable":true,"href":"https:\/\/tabernaculoprensadedios.com\/web\/wp-json\/wp\/v2\/media\/20455"}],"wp:attachment":[{"href":"https:\/\/tabernaculoprensadedios.com\/web\/wp-json\/wp\/v2\/media?parent=21311"}],"wp:term":[{"taxonomy":"category","embeddable":true,"href":"https:\/\/tabernaculoprensadedios.com\/web\/wp-json\/wp\/v2\/categories?post=21311"},{"taxonomy":"post_tag","embeddable":true,"href":"https:\/\/tabernaculoprensadedios.com\/web\/wp-json\/wp\/v2\/tags?post=21311"}],"curies":[{"name":"wp","href":"https:\/\/api.w.org\/{rel}","templated":true}]}}