{"id":21301,"date":"2021-03-14T18:56:49","date_gmt":"2021-03-14T18:56:49","guid":{"rendered":"http:\/\/tabernaculoprensadedios.com\/web\/?p=21301"},"modified":"2021-05-05T03:19:00","modified_gmt":"2021-05-05T03:19:00","slug":"testimonio-una-conversacion-con-mi-hijo-antes-de-irse-al-descanso-eterno","status":"publish","type":"post","link":"https:\/\/tabernaculoprensadedios.com\/web\/testimonio-una-conversacion-con-mi-hijo-antes-de-irse-al-descanso-eterno\/","title":{"rendered":"TESTIMONIO: Una conversaci\u00f3n con mi hijo antes de irse al descanso eterno"},"content":{"rendered":"<p><strong><em>Entr\u00f3 al descanso del Se\u00f1or predicando las buenas nuevas en la sala de un hospital<\/em><\/strong><em>\u00a0<\/em><\/p>\n<p>En ocasiones puede resultar dif\u00edcil escribir un testimonio para la gloria de Dios, sobre todo si el mismo se refiere a la muerte de un hijo\u2026 mi propio hijo\u2026\u00a0 no es nada f\u00e1cil. Por momentos vislumbro lo ocurrido en la noche del 29 de enero, en que me encontraba orando en el Se\u00f1or mientras escuchaba y ve\u00eda un poderoso mensaje en revelaci\u00f3n de las escrituras del Esp\u00edritu Santo de Dios.<\/p>\n<p>En los momentos de la ministraci\u00f3n del esp\u00edritu se revelo una palabra prof\u00e9tica a todos los expectadores de las distinda plataforma del Ministerio Ebenezer v\u00eda internet, desde mi hogar. Gracias a la misericordia de nuestro Se\u00f1or, se revel\u00f3 en mi interior una se\u00f1al de alerta para que pusiera especial atenci\u00f3n a unas palabras que, de parte del Se\u00f1or, el pastor advirti\u00f3 que iban dirigidas a una madre que lo escuchaba desde el extranjero.<\/p>\n<p>\u00c9l dijo: \u201chija, no temas porque hace tiempo tengo a tu hijo inscrito en el libro de la vida\u2026\u201d. Esas palabras tocaron en lo profundo de m\u00ed sin pod\u00e9rmelo explicar, pero los pensamientos del Se\u00f1or son tan altos y los nuestros jam\u00e1s llegar\u00e1n a tales alturas, y s\u00f3lo queda pedir al Creador que nos ilumine y llene de misericordia.<\/p>\n<p>Despu\u00e9s del serm\u00f3n qued\u00e9 reflexionando en esas palabras hasta que me acost\u00e9. Esa noche al despedirme de mi hijo, v\u00eda telef\u00f3nica, obvi\u00e9 hacer menci\u00f3n alguna sobre esa reflexi\u00f3n. Sin embargo, segu\u00ed meditando sobre esas palabras hasta despuntar el alba y ver los albores del nuevo d\u00eda.<\/p>\n<p>Intentaba meditar en el mensaje que las mismas conten\u00edan, en su interpretaci\u00f3n, en procura de poder entender su significado y saber por qu\u00e9 sent\u00eda que hab\u00eda sido dirigido a m\u00ed.<\/p>\n<p>Hoy puedo declarar que, para la edificaci\u00f3n espiritual de mi mente, alma y coraz\u00f3n, el Se\u00f1or estaba prepar\u00e1ndome para fortalecer a\u00fan m\u00e1s mi alma y ungirme con el esp\u00edritu santo, en el gozo de su gracia, de la fe cristiana, la esperanza y el amor en que esta nos permite vivir.<\/p>\n<div style=\"width: 848px;\" class=\"wp-video\"><video class=\"wp-video-shortcode\" id=\"video-21301-1\" width=\"848\" height=\"480\" preload=\"metadata\" controls=\"controls\"><source type=\"video\/mp4\" src=\"http:\/\/tabernaculoprensadedios.com\/web\/wp-content\/uploads\/2021\/03\/video-ignacio.mp4?_=1\" \/><a href=\"http:\/\/tabernaculoprensadedios.com\/web\/wp-content\/uploads\/2021\/03\/video-ignacio.mp4\">http:\/\/tabernaculoprensadedios.com\/web\/wp-content\/uploads\/2021\/03\/video-ignacio.mp4<\/a><\/video><\/div>\n<p>Aquel s\u00e1bado 30 de enero parec\u00eda un d\u00eda normal, como cualquier otro, pero segu\u00eda sin poderme explicar aquello que lat\u00eda incesantemente en mi pecho, como una especie de alerta sobre lo que acontecer\u00eda. Los s\u00e1bados acostumbro a pasarlos con mi hermana, almorzamos juntas, platicamos y compartimos en cari\u00f1o fraternal. Pero, debido al inexplicable sentimiento que ese d\u00eda invad\u00eda mi ser, la llam\u00e9 y le dije: \u201cNo me esperes, pues no tengo deseos de salir, s\u00f3lo quiero estar en la presencia de Dios, alabando y glorificando su nombre\u201d.<\/p>\n<p>Aunque no entend\u00eda la raz\u00f3n de la inquietud y el momento por el que estaba pasando, me puse a alabar y adorar a nuestro Dios, porque estoy convencida de que cada cosa que nos ocurre es parte del plan divino en nuestras vidas y debemos reconocer que la voluntad de nuestro Padre Celestial es la que debe cumplirse.<\/p>\n<p>Pasaron unas horas y me llama mi hijo por tel\u00e9fono, Nos bendecimos y me dice: \u201cMami, siento que me voy\u201d. Le pregunt\u00e9 qu\u00e9 te pasaba hijo y el respondi\u00f3: \u201cNo s\u00e9, es que siento que me voy hoy, quiero ir al hospital, pero no tengo fuerzas\u201d.<\/p>\n<p>Le pregunt\u00e9 si hab\u00eda dormido bien y me dijo que s\u00ed, entonces le dije: \u201cVamos que te voy ayudar a llegar al hospital, ponte una alabanza bajita y los dos vamos a orar hasta que llegues y me avises\u201d. No or\u00e9 por sanidad, sino para que se hiciera la voluntad de Dios, porque, hasta donde llegaba mi entendimiento, lo ve\u00eda lindo y contento. Cuando lleg\u00f3 al hospital, le dije: \u201cDios es bueno, cierra tu celular que yo te llamo por el m\u00edo\u201d, a lo que \u00e9l accedi\u00f3. En una video llamada le dije: \u201cd\u00e9jame ver la fachada del hospital para tirarle una foto\u201d. \u00c9l pregunta: \u201c\u00bfY para qu\u00e9\u201d, a lo que respond\u00ed: \u201cPara ver si es la cl\u00ednica donde estuvo interno tu t\u00edo durante nueve meses\u201d?<\/p>\n<p>Mi hijo entra al hospital y una enfermera lo atiende, lo lleva a la sala de emergencia, lo sienta, le da los primeros auxilios y le dice que tiene la presi\u00f3n muy bajita, mientras \u00e9l permanece tranquilo escuch\u00e1ndola. Instantes antes le hab\u00eda pedido que me dejara ver su rostro y lo encontr\u00e9 tan tranquilo, tan bonito y normal que en vez de intranquilizarme sent\u00ed mucha paz.<\/p>\n<figure id=\"attachment_21308\" aria-describedby=\"caption-attachment-21308\" style=\"width: 842px\" class=\"wp-caption aligncenter\"><a href=\"http:\/\/tabernaculoprensadedios.com\/web\/wp-content\/uploads\/2021\/03\/ignaciod.jpg\"><img loading=\"lazy\" decoding=\"async\" class=\"wp-image-21308 size-full\" src=\"http:\/\/tabernaculoprensadedios.com\/web\/wp-content\/uploads\/2021\/03\/ignaciod.jpg\" alt=\"\" width=\"842\" height=\"476\" srcset=\"https:\/\/tabernaculoprensadedios.com\/web\/wp-content\/uploads\/2021\/03\/ignaciod.jpg 842w, https:\/\/tabernaculoprensadedios.com\/web\/wp-content\/uploads\/2021\/03\/ignaciod-600x339.jpg 600w, https:\/\/tabernaculoprensadedios.com\/web\/wp-content\/uploads\/2021\/03\/ignaciod-300x170.jpg 300w, https:\/\/tabernaculoprensadedios.com\/web\/wp-content\/uploads\/2021\/03\/ignaciod-768x434.jpg 768w, https:\/\/tabernaculoprensadedios.com\/web\/wp-content\/uploads\/2021\/03\/ignaciod-743x420.jpg 743w, https:\/\/tabernaculoprensadedios.com\/web\/wp-content\/uploads\/2021\/03\/ignaciod-640x362.jpg 640w, https:\/\/tabernaculoprensadedios.com\/web\/wp-content\/uploads\/2021\/03\/ignaciod-681x385.jpg 681w\" sizes=\"auto, (max-width: 842px) 100vw, 842px\" \/><\/a><figcaption id=\"caption-attachment-21308\" class=\"wp-caption-text\">Ignacio y su esposa Lisbeth<\/figcaption><\/figure>\n<p>La enfermera segu\u00eda atendi\u00e9ndolo y yo continuaba orando por \u00e9l y escuchando la interacci\u00f3n entre ellos dos. Le ponen un suero y es cuando, tocado por Dios, se toma un momento para predicarle el mensaje del arrepentimiento y conversi\u00f3n a la joven enfermera dici\u00e9ndole: \u201cHay que ALISTARSE pronto, es necesario que te reconcilies en Jesucristo y lo aceptes como tu Salvador, para que tengas una vida nueva con Jes\u00fas y pueda ser parte de la Iglesia que est\u00e1 esperando a Jesucristo, porque Cristo viene otra vez\u201d.<\/p>\n<p>Yo me mantuve observando todo y orando, me puse muy contenta y mi hijo, al escucharme sonre\u00edr, me dice: \u201cMami y por qu\u00e9 te r\u00edes? y yo le dije: \u201cEs que mis dos hijos fueron las primeras almas que yo les entregu\u00e9 a Dios, y verte y escucharte en medio de un dolor predicando la Palabra me da mucho gozo, me siento feliz y orgullosa de saber que esa enfermera sintiera la paz que t\u00fa y yo tenemos\u201d.<\/p>\n<p>La enfermera nos dice: \u201cPero vamos a dejarlo para ma\u00f1ana domingo, pues estoy cansada y me esperan mis hijos\u2026\u201d, y \u00e9l le dijo: \u201cMa\u00f1ana puede ser muy tarde\u201d, yo le dije que siguiera habl\u00e1ndole que yo le ayudar\u00eda a interceder, hasta que ella misma dijo: \u201cOK., voy a esperar los m\u00e9dicos de turno para irme\u201d. En ese instante mi hijo expres\u00f3: \u201cDios te bendiga por formar parte de una nueva vida en Jes\u00fas\u201d. Era una escena que emocionaba mi alma, mi hijo hablando desde Miami y yo aqu\u00ed en Santo Domingo, intercediendo juntos por la salvaci\u00f3n de un alma. \u00a1Estaba llena de j\u00fabilo! Me sent\u00ed tan contenta que comenc\u00e9 a re\u00edrme y \u00e9l me dijo: \u201cMami, eso es lo que t\u00fa me has ense\u00f1ado, recuerda que yo fui tu primera alma para Dios\u201d.<\/p>\n<p>Yo segu\u00ed intercediendo, mientras llegaron los doctores y \u00e9l le dijo a la enfermera: \u201cEs muy necesario que reconozcas a Jesucristo, tenemos que prepararnos todos, pues Cristo viene pronto. Luego de aceptar a Cristo en su coraz\u00f3n le ped\u00ed a mi hijo que me dejara hablar con ella y al tomar el tel\u00e9fono me dijo: \u201cQue paz siento en medio de tantos problemas que llegan aqu\u00ed, y usted ministr\u00e1ndome paz y alegr\u00eda\u201d.<\/p>\n<p>En un gesto de agradecimiento la enfermera le dice que se iba a quedar hasta que llegaran los m\u00e9dicos para no dejarlo solo. Como era por video llamada pude ver la sonrisa angelical que ten\u00eda mi hijo, y \u00e9l decirle a ella cuando se iba: Dios bendiga tu nueva vida.<\/p>\n<p><a href=\"http:\/\/tabernaculoprensadedios.com\/web\/wp-content\/uploads\/2021\/03\/ignacio-1.jpg\"><img loading=\"lazy\" decoding=\"async\" class=\"aligncenter size-full wp-image-21305\" src=\"http:\/\/tabernaculoprensadedios.com\/web\/wp-content\/uploads\/2021\/03\/ignacio-1.jpg\" alt=\"\" width=\"743\" height=\"430\" srcset=\"https:\/\/tabernaculoprensadedios.com\/web\/wp-content\/uploads\/2021\/03\/ignacio-1.jpg 743w, https:\/\/tabernaculoprensadedios.com\/web\/wp-content\/uploads\/2021\/03\/ignacio-1-600x347.jpg 600w, https:\/\/tabernaculoprensadedios.com\/web\/wp-content\/uploads\/2021\/03\/ignacio-1-300x174.jpg 300w, https:\/\/tabernaculoprensadedios.com\/web\/wp-content\/uploads\/2021\/03\/ignacio-1-726x420.jpg 726w, https:\/\/tabernaculoprensadedios.com\/web\/wp-content\/uploads\/2021\/03\/ignacio-1-640x370.jpg 640w, https:\/\/tabernaculoprensadedios.com\/web\/wp-content\/uploads\/2021\/03\/ignacio-1-681x394.jpg 681w\" sizes=\"auto, (max-width: 743px) 100vw, 743px\" \/><\/a><\/p>\n<p>La enfermera se marcha, los m\u00e9dicos entraron a verlo y \u00e9l me dijo: \u201cMami Dios te bendiga, te quiero mucho, yo te llamo o t\u00fa me llamas m\u00e1s tarde, porque ellos van a chequearme\u201d. Inmediatamente puse mis alabanzas y c\u00e1nticos de adoraci\u00f3n al Creador. Estaba sola en la casa, me puse a orar sin decirle nada a mi hermana y mi otro hijo, pero estaba s\u00faper contenta de escuchar a mi hijo hacer lo mismo que su madre le hab\u00eda ense\u00f1ado durante los \u00faltimos diez a\u00f1os.<\/p>\n<p>Segu\u00ed orando hasta que recib\u00ed una se\u00f1al del Esp\u00edritu Santo que me dijo: utiliza la foto que tomaste para que se la env\u00ede a tu hermano, yo inmediatamente se la env\u00edo a mi hermana, le comunico lo que estaba pasando, ella llama a mi hermano y \u00e9l le dice que se comunicar\u00eda con dos doctores de la cl\u00ednica donde dur\u00f3 nueve meses ingresado para que cruzaran a verlo, ya que el centro les quedaba cerca.<\/p>\n<p>Eso ocurri\u00f3 luego de horas de estar intentando comunicarme con mi hijo y no lo lograba. Cuando los doctores que llam\u00f3 mi hermano llegan donde mi hijo, observan que estaba solo en la habitaci\u00f3n y que su situaci\u00f3n de salud se hab\u00eda agravado, debido a que le baj\u00f3 la presi\u00f3n, por lo que fue necesario llevarlo a sala de Cuidados Intensivos, donde le dio un infarto. De inmediato ellos se comunican con mi hermano y lo ponen al tanto sobre lo que pas\u00f3.<\/p>\n<p>\u00c9l llama a mi hermana y le comunica lo ocurrido y es ella quien me da la nefasta noticia. Fue en ese momento cuando pude entender que ya Dios ten\u00eda todo planificado. Me puse a alabar a Dios, por la gracia de saber que mi hijo, con sus aud\u00edfonos en sus o\u00eddos escuchando alabanzas muri\u00f3 en un cerrar y abrir de ojos. Celebrando la nueva vida en el para\u00edso.<\/p>\n<p>Algo sobrenatural sent\u00ed esa noche, mi adoraci\u00f3n a Dios en ese momento fue de despedida gloriosa de mi hijo al descanso eterno, d\u00f3nde iba a morar para siempre, cultivando en mi coraz\u00f3n el velo de la oraci\u00f3n y la alabanza, unci\u00f3n del gozo, paz y el consuelo de su esp\u00edritu para poder enfrentar el dolor que golpe\u00f3 mi alma con esa noticia.<\/p>\n<figure id=\"attachment_21304\" aria-describedby=\"caption-attachment-21304\" style=\"width: 232px\" class=\"wp-caption alignright\"><a href=\"http:\/\/tabernaculoprensadedios.com\/web\/wp-content\/uploads\/2021\/03\/WhatsApp-Image-2021-03-13-at-7.34.40-PM.jpeg\"><img loading=\"lazy\" decoding=\"async\" class=\"wp-image-21304 size-medium\" src=\"http:\/\/tabernaculoprensadedios.com\/web\/wp-content\/uploads\/2021\/03\/WhatsApp-Image-2021-03-13-at-7.34.40-PM-232x300.jpeg\" alt=\"\" width=\"232\" height=\"300\" srcset=\"https:\/\/tabernaculoprensadedios.com\/web\/wp-content\/uploads\/2021\/03\/WhatsApp-Image-2021-03-13-at-7.34.40-PM-232x300.jpeg 232w, https:\/\/tabernaculoprensadedios.com\/web\/wp-content\/uploads\/2021\/03\/WhatsApp-Image-2021-03-13-at-7.34.40-PM-600x775.jpeg 600w, https:\/\/tabernaculoprensadedios.com\/web\/wp-content\/uploads\/2021\/03\/WhatsApp-Image-2021-03-13-at-7.34.40-PM-325x420.jpeg 325w, https:\/\/tabernaculoprensadedios.com\/web\/wp-content\/uploads\/2021\/03\/WhatsApp-Image-2021-03-13-at-7.34.40-PM.jpeg 639w\" sizes=\"auto, (max-width: 232px) 100vw, 232px\" \/><\/a><figcaption id=\"caption-attachment-21304\" class=\"wp-caption-text\">Ignacio Junto a su t\u00eda Milagro, en su \u00faltima visita en noviembre del 2020 en Miami, FL<\/figcaption><\/figure>\n<p>Reflexionando sobre lo sucedido, siento que hay una gran alerta para la iglesia. Y es que Dios nos est\u00e1 hablando sobre c\u00f3mo quiere que sus hijos cumplamos con la gran encomienda que nos encarg\u00f3. Cu\u00e1ntas veces tenemos oportunidades de predicar su Palabra, de llevar las buenas nuevas a un alma necesitada, y sentimos que no tenemos tiempo, que estamos ocupados, que quiz\u00e1s ma\u00f1ana podr\u00e1 ser\u2026 sin pensar que ma\u00f1ana podr\u00eda ser muy tarde.<\/p>\n<p>Estamos encomendados a predicar el evangelio a tiempo y fuera de tiempo. Mi hijo encontr\u00f3 la paz en el Se\u00f1or y se fue al descanso eterno y \u00a0a\u00fan en sus \u00faltimos minutos de vida terrenal se ocup\u00f3 de transmitir el mensaje de salvaci\u00f3n y, sobreponi\u00e9ndose a su propio malestar, encontr\u00f3 regocijo para su alma cuando aquella joven enfermera acept\u00f3 a Cristo en su coraz\u00f3n y sinti\u00f3 la paz que solamente Dios nos puede dar.<\/p>\n<p>Su partida f\u00edsica duele, sin duda, extra\u00f1o conversar con \u00e9l y por momentos pienso que el tel\u00e9fono va a sonar y contestar\u00e9 su llamada\u2026 pero pienso en lo maravilloso que el Se\u00f1or ha sido conmigo y mis hijos, encontrando consuelo en el dolor que se vuelve regocijo y satisfacci\u00f3n al darme cuenta que Dios tiene todo bajo control y que no nos abandona un solo instante.<\/p>\n<p>Por eso le doy gracias a \u00c9l, desd\u00e9 lo m\u00e1s profundo de mi coraz\u00f3n. Hoy mi hijo est\u00e1 en un lugar especial que Cristo le hab\u00eda reservado, tambi\u00e9n est\u00e1 en mi coraz\u00f3n y en mis pensamientos. Me quedan sus hijos, mis nietos queridos, como parte de su legado, y junto a su hermano, mi otro hijo, seguir\u00e9 predicando el evangelio hasta que Dios as\u00ed lo quiera, con la certeza de que alg\u00fan d\u00eda el Se\u00f1or nos reunir\u00e1 de nuevo bajo sus alas y juntos alabaremos su gloria y misericordia.<\/p>\n<p>Toda Honra y Gloria sea para Dios.<\/p>\n<p><strong><em>Su madre, Margarita Garc\u00eda<\/em><\/strong><\/p>\n","protected":false},"excerpt":{"rendered":"<p>Entr\u00f3 al descanso del Se\u00f1or predicando las buenas nuevas en la sala de un hospital\u00a0 En ocasiones puede resultar dif\u00edcil escribir un testimonio para la gloria de Dios, sobre todo si el mismo se refiere a la muerte de un hijo\u2026 mi propio hijo\u2026\u00a0 no es nada f\u00e1cil. Por momentos vislumbro lo ocurrido en la &hellip;<\/p>\n","protected":false},"author":1,"featured_media":21303,"comment_status":"open","ping_status":"open","sticky":false,"template":"","format":"standard","meta":{"footnotes":""},"categories":[49],"tags":[],"class_list":["post-21301","post","type-post","status-publish","format-standard","has-post-thumbnail","hentry","category-testimonios-de-margarita"],"yoast_head":"<!-- This site is optimized with the Yoast SEO Premium plugin v24.2 (Yoast SEO v27.1.1) - https:\/\/yoast.com\/product\/yoast-seo-premium-wordpress\/ -->\n<title>TESTIMONIO: Una conversaci\u00f3n con mi hijo antes de irse al descanso eterno - Tabernaculo Prensa de Dios<\/title>\n<meta name=\"robots\" content=\"index, follow, max-snippet:-1, max-image-preview:large, max-video-preview:-1\" \/>\n<link rel=\"canonical\" href=\"https:\/\/tabernaculoprensadedios.com\/web\/testimonio-una-conversacion-con-mi-hijo-antes-de-irse-al-descanso-eterno\/\" class=\"yoast-seo-meta-tag\" \/>\n<meta property=\"og:locale\" content=\"es_ES\" class=\"yoast-seo-meta-tag\" \/>\n<meta property=\"og:type\" content=\"article\" class=\"yoast-seo-meta-tag\" \/>\n<meta property=\"og:title\" content=\"TESTIMONIO: Una conversaci\u00f3n con mi hijo antes de irse al descanso eterno\" class=\"yoast-seo-meta-tag\" \/>\n<meta property=\"og:description\" content=\"Entr\u00f3 al descanso del Se\u00f1or predicando las buenas nuevas en la sala de un hospital\u00a0 En ocasiones puede resultar dif\u00edcil escribir un testimonio para la gloria de Dios, sobre todo si el mismo se refiere a la muerte de un hijo\u2026 mi propio hijo\u2026\u00a0 no es nada f\u00e1cil. Por momentos vislumbro lo ocurrido en la &hellip;\" class=\"yoast-seo-meta-tag\" \/>\n<meta property=\"og:url\" content=\"https:\/\/tabernaculoprensadedios.com\/web\/testimonio-una-conversacion-con-mi-hijo-antes-de-irse-al-descanso-eterno\/\" class=\"yoast-seo-meta-tag\" \/>\n<meta property=\"og:site_name\" content=\"Tabernaculo Prensa de Dios\" class=\"yoast-seo-meta-tag\" \/>\n<meta property=\"article:published_time\" content=\"2021-03-14T18:56:49+00:00\" class=\"yoast-seo-meta-tag\" \/>\n<meta property=\"article:modified_time\" content=\"2021-05-05T03:19:00+00:00\" class=\"yoast-seo-meta-tag\" \/>\n<meta property=\"og:image\" content=\"https:\/\/tabernaculoprensadedios.com\/web\/wp-content\/uploads\/2021\/03\/WhatsApp-Image-2021-03-14-at-10.19.22-AM.jpeg\" class=\"yoast-seo-meta-tag\" \/>\n\t<meta property=\"og:image:width\" content=\"842\" class=\"yoast-seo-meta-tag\" \/>\n\t<meta property=\"og:image:height\" content=\"469\" class=\"yoast-seo-meta-tag\" \/>\n\t<meta property=\"og:image:type\" content=\"image\/jpeg\" class=\"yoast-seo-meta-tag\" \/>\n<meta name=\"author\" content=\"tabernaculo\" class=\"yoast-seo-meta-tag\" \/>\n<meta name=\"twitter:card\" content=\"summary_large_image\" class=\"yoast-seo-meta-tag\" \/>\n<meta name=\"twitter:creator\" content=\"@PrensadeDios\" class=\"yoast-seo-meta-tag\" \/>\n<meta name=\"twitter:site\" content=\"@PrensadeDios\" class=\"yoast-seo-meta-tag\" \/>\n<meta name=\"twitter:label1\" content=\"Escrito por\" class=\"yoast-seo-meta-tag\" \/>\n\t<meta name=\"twitter:data1\" content=\"tabernaculo\" class=\"yoast-seo-meta-tag\" \/>\n\t<meta name=\"twitter:label2\" content=\"Tiempo de lectura\" class=\"yoast-seo-meta-tag\" \/>\n\t<meta name=\"twitter:data2\" content=\"10 minutos\" class=\"yoast-seo-meta-tag\" \/>\n<script type=\"application\/ld+json\" class=\"yoast-schema-graph\">{\"@context\":\"https:\/\/schema.org\",\"@graph\":[{\"@type\":\"Article\",\"@id\":\"https:\/\/tabernaculoprensadedios.com\/web\/testimonio-una-conversacion-con-mi-hijo-antes-de-irse-al-descanso-eterno\/#article\",\"isPartOf\":{\"@id\":\"https:\/\/tabernaculoprensadedios.com\/web\/testimonio-una-conversacion-con-mi-hijo-antes-de-irse-al-descanso-eterno\/\"},\"author\":{\"name\":\"tabernaculo\",\"@id\":\"https:\/\/tabernaculoprensadedios.com\/web\/#\/schema\/person\/bc0e069fef56b38e177db6f098ae0b6e\"},\"headline\":\"TESTIMONIO: Una conversaci\u00f3n con mi hijo antes de irse al descanso eterno\",\"datePublished\":\"2021-03-14T18:56:49+00:00\",\"dateModified\":\"2021-05-05T03:19:00+00:00\",\"mainEntityOfPage\":{\"@id\":\"https:\/\/tabernaculoprensadedios.com\/web\/testimonio-una-conversacion-con-mi-hijo-antes-de-irse-al-descanso-eterno\/\"},\"wordCount\":2032,\"commentCount\":0,\"publisher\":{\"@id\":\"https:\/\/tabernaculoprensadedios.com\/web\/#\/schema\/person\/bc0e069fef56b38e177db6f098ae0b6e\"},\"image\":{\"@id\":\"https:\/\/tabernaculoprensadedios.com\/web\/testimonio-una-conversacion-con-mi-hijo-antes-de-irse-al-descanso-eterno\/#primaryimage\"},\"thumbnailUrl\":\"https:\/\/tabernaculoprensadedios.com\/web\/wp-content\/uploads\/2021\/03\/WhatsApp-Image-2021-03-14-at-10.19.22-AM.jpeg\",\"articleSection\":[\"TESTIMONIOS DE MARGARITA\"],\"inLanguage\":\"es\",\"potentialAction\":[{\"@type\":\"CommentAction\",\"name\":\"Comment\",\"target\":[\"https:\/\/tabernaculoprensadedios.com\/web\/testimonio-una-conversacion-con-mi-hijo-antes-de-irse-al-descanso-eterno\/#respond\"]}]},{\"@type\":\"WebPage\",\"@id\":\"https:\/\/tabernaculoprensadedios.com\/web\/testimonio-una-conversacion-con-mi-hijo-antes-de-irse-al-descanso-eterno\/\",\"url\":\"https:\/\/tabernaculoprensadedios.com\/web\/testimonio-una-conversacion-con-mi-hijo-antes-de-irse-al-descanso-eterno\/\",\"name\":\"TESTIMONIO: Una conversaci\u00f3n con mi hijo antes de irse al descanso eterno - Tabernaculo Prensa de Dios\",\"isPartOf\":{\"@id\":\"https:\/\/tabernaculoprensadedios.com\/web\/#website\"},\"primaryImageOfPage\":{\"@id\":\"https:\/\/tabernaculoprensadedios.com\/web\/testimonio-una-conversacion-con-mi-hijo-antes-de-irse-al-descanso-eterno\/#primaryimage\"},\"image\":{\"@id\":\"https:\/\/tabernaculoprensadedios.com\/web\/testimonio-una-conversacion-con-mi-hijo-antes-de-irse-al-descanso-eterno\/#primaryimage\"},\"thumbnailUrl\":\"https:\/\/tabernaculoprensadedios.com\/web\/wp-content\/uploads\/2021\/03\/WhatsApp-Image-2021-03-14-at-10.19.22-AM.jpeg\",\"datePublished\":\"2021-03-14T18:56:49+00:00\",\"dateModified\":\"2021-05-05T03:19:00+00:00\",\"breadcrumb\":{\"@id\":\"https:\/\/tabernaculoprensadedios.com\/web\/testimonio-una-conversacion-con-mi-hijo-antes-de-irse-al-descanso-eterno\/#breadcrumb\"},\"inLanguage\":\"es\",\"potentialAction\":[{\"@type\":\"ReadAction\",\"target\":[\"https:\/\/tabernaculoprensadedios.com\/web\/testimonio-una-conversacion-con-mi-hijo-antes-de-irse-al-descanso-eterno\/\"]}]},{\"@type\":\"ImageObject\",\"inLanguage\":\"es\",\"@id\":\"https:\/\/tabernaculoprensadedios.com\/web\/testimonio-una-conversacion-con-mi-hijo-antes-de-irse-al-descanso-eterno\/#primaryimage\",\"url\":\"https:\/\/tabernaculoprensadedios.com\/web\/wp-content\/uploads\/2021\/03\/WhatsApp-Image-2021-03-14-at-10.19.22-AM.jpeg\",\"contentUrl\":\"https:\/\/tabernaculoprensadedios.com\/web\/wp-content\/uploads\/2021\/03\/WhatsApp-Image-2021-03-14-at-10.19.22-AM.jpeg\",\"width\":842,\"height\":469},{\"@type\":\"BreadcrumbList\",\"@id\":\"https:\/\/tabernaculoprensadedios.com\/web\/testimonio-una-conversacion-con-mi-hijo-antes-de-irse-al-descanso-eterno\/#breadcrumb\",\"itemListElement\":[{\"@type\":\"ListItem\",\"position\":1,\"name\":\"Portada\",\"item\":\"https:\/\/tabernaculoprensadedios.com\/web\/\"},{\"@type\":\"ListItem\",\"position\":2,\"name\":\"TESTIMONIO: Una conversaci\u00f3n con mi hijo antes de irse al descanso eterno\"}]},{\"@type\":\"WebSite\",\"@id\":\"https:\/\/tabernaculoprensadedios.com\/web\/#website\",\"url\":\"https:\/\/tabernaculoprensadedios.com\/web\/\",\"name\":\"Tabernaculo Prensa de Dios\",\"description\":\"Un medio a la manera de Dios\",\"publisher\":{\"@id\":\"https:\/\/tabernaculoprensadedios.com\/web\/#\/schema\/person\/bc0e069fef56b38e177db6f098ae0b6e\"},\"potentialAction\":[{\"@type\":\"SearchAction\",\"target\":{\"@type\":\"EntryPoint\",\"urlTemplate\":\"https:\/\/tabernaculoprensadedios.com\/web\/?s={search_term_string}\"},\"query-input\":{\"@type\":\"PropertyValueSpecification\",\"valueRequired\":true,\"valueName\":\"search_term_string\"}}],\"inLanguage\":\"es\"},{\"@type\":[\"Person\",\"Organization\"],\"@id\":\"https:\/\/tabernaculoprensadedios.com\/web\/#\/schema\/person\/bc0e069fef56b38e177db6f098ae0b6e\",\"name\":\"tabernaculo\",\"image\":{\"@type\":\"ImageObject\",\"inLanguage\":\"es\",\"@id\":\"https:\/\/tabernaculoprensadedios.com\/web\/#\/schema\/person\/image\/\",\"url\":\"https:\/\/tabernaculoprensadedios.com\/web\/wp-content\/uploads\/2015\/06\/login-logo1.png\",\"contentUrl\":\"https:\/\/tabernaculoprensadedios.com\/web\/wp-content\/uploads\/2015\/06\/login-logo1.png\",\"width\":300,\"height\":118,\"caption\":\"tabernaculo\"},\"logo\":{\"@id\":\"https:\/\/tabernaculoprensadedios.com\/web\/#\/schema\/person\/image\/\"},\"url\":\"https:\/\/tabernaculoprensadedios.com\/web\/author\/tabernaculo\/\"}]}<\/script>\n<!-- \/ Yoast SEO Premium plugin. -->","yoast_head_json":{"title":"TESTIMONIO: Una conversaci\u00f3n con mi hijo antes de irse al descanso eterno - Tabernaculo Prensa de Dios","robots":{"index":"index","follow":"follow","max-snippet":"max-snippet:-1","max-image-preview":"max-image-preview:large","max-video-preview":"max-video-preview:-1"},"canonical":"https:\/\/tabernaculoprensadedios.com\/web\/testimonio-una-conversacion-con-mi-hijo-antes-de-irse-al-descanso-eterno\/","og_locale":"es_ES","og_type":"article","og_title":"TESTIMONIO: Una conversaci\u00f3n con mi hijo antes de irse al descanso eterno","og_description":"Entr\u00f3 al descanso del Se\u00f1or predicando las buenas nuevas en la sala de un hospital\u00a0 En ocasiones puede resultar dif\u00edcil escribir un testimonio para la gloria de Dios, sobre todo si el mismo se refiere a la muerte de un hijo\u2026 mi propio hijo\u2026\u00a0 no es nada f\u00e1cil. Por momentos vislumbro lo ocurrido en la &hellip;","og_url":"https:\/\/tabernaculoprensadedios.com\/web\/testimonio-una-conversacion-con-mi-hijo-antes-de-irse-al-descanso-eterno\/","og_site_name":"Tabernaculo Prensa de Dios","article_published_time":"2021-03-14T18:56:49+00:00","article_modified_time":"2021-05-05T03:19:00+00:00","og_image":[{"width":842,"height":469,"url":"https:\/\/tabernaculoprensadedios.com\/web\/wp-content\/uploads\/2021\/03\/WhatsApp-Image-2021-03-14-at-10.19.22-AM.jpeg","type":"image\/jpeg"}],"author":"tabernaculo","twitter_card":"summary_large_image","twitter_creator":"@PrensadeDios","twitter_site":"@PrensadeDios","twitter_misc":{"Escrito por":"tabernaculo","Tiempo de lectura":"10 minutos"},"schema":{"@context":"https:\/\/schema.org","@graph":[{"@type":"Article","@id":"https:\/\/tabernaculoprensadedios.com\/web\/testimonio-una-conversacion-con-mi-hijo-antes-de-irse-al-descanso-eterno\/#article","isPartOf":{"@id":"https:\/\/tabernaculoprensadedios.com\/web\/testimonio-una-conversacion-con-mi-hijo-antes-de-irse-al-descanso-eterno\/"},"author":{"name":"tabernaculo","@id":"https:\/\/tabernaculoprensadedios.com\/web\/#\/schema\/person\/bc0e069fef56b38e177db6f098ae0b6e"},"headline":"TESTIMONIO: Una conversaci\u00f3n con mi hijo antes de irse al descanso eterno","datePublished":"2021-03-14T18:56:49+00:00","dateModified":"2021-05-05T03:19:00+00:00","mainEntityOfPage":{"@id":"https:\/\/tabernaculoprensadedios.com\/web\/testimonio-una-conversacion-con-mi-hijo-antes-de-irse-al-descanso-eterno\/"},"wordCount":2032,"commentCount":0,"publisher":{"@id":"https:\/\/tabernaculoprensadedios.com\/web\/#\/schema\/person\/bc0e069fef56b38e177db6f098ae0b6e"},"image":{"@id":"https:\/\/tabernaculoprensadedios.com\/web\/testimonio-una-conversacion-con-mi-hijo-antes-de-irse-al-descanso-eterno\/#primaryimage"},"thumbnailUrl":"https:\/\/tabernaculoprensadedios.com\/web\/wp-content\/uploads\/2021\/03\/WhatsApp-Image-2021-03-14-at-10.19.22-AM.jpeg","articleSection":["TESTIMONIOS DE MARGARITA"],"inLanguage":"es","potentialAction":[{"@type":"CommentAction","name":"Comment","target":["https:\/\/tabernaculoprensadedios.com\/web\/testimonio-una-conversacion-con-mi-hijo-antes-de-irse-al-descanso-eterno\/#respond"]}]},{"@type":"WebPage","@id":"https:\/\/tabernaculoprensadedios.com\/web\/testimonio-una-conversacion-con-mi-hijo-antes-de-irse-al-descanso-eterno\/","url":"https:\/\/tabernaculoprensadedios.com\/web\/testimonio-una-conversacion-con-mi-hijo-antes-de-irse-al-descanso-eterno\/","name":"TESTIMONIO: Una conversaci\u00f3n con mi hijo antes de irse al descanso eterno - Tabernaculo Prensa de Dios","isPartOf":{"@id":"https:\/\/tabernaculoprensadedios.com\/web\/#website"},"primaryImageOfPage":{"@id":"https:\/\/tabernaculoprensadedios.com\/web\/testimonio-una-conversacion-con-mi-hijo-antes-de-irse-al-descanso-eterno\/#primaryimage"},"image":{"@id":"https:\/\/tabernaculoprensadedios.com\/web\/testimonio-una-conversacion-con-mi-hijo-antes-de-irse-al-descanso-eterno\/#primaryimage"},"thumbnailUrl":"https:\/\/tabernaculoprensadedios.com\/web\/wp-content\/uploads\/2021\/03\/WhatsApp-Image-2021-03-14-at-10.19.22-AM.jpeg","datePublished":"2021-03-14T18:56:49+00:00","dateModified":"2021-05-05T03:19:00+00:00","breadcrumb":{"@id":"https:\/\/tabernaculoprensadedios.com\/web\/testimonio-una-conversacion-con-mi-hijo-antes-de-irse-al-descanso-eterno\/#breadcrumb"},"inLanguage":"es","potentialAction":[{"@type":"ReadAction","target":["https:\/\/tabernaculoprensadedios.com\/web\/testimonio-una-conversacion-con-mi-hijo-antes-de-irse-al-descanso-eterno\/"]}]},{"@type":"ImageObject","inLanguage":"es","@id":"https:\/\/tabernaculoprensadedios.com\/web\/testimonio-una-conversacion-con-mi-hijo-antes-de-irse-al-descanso-eterno\/#primaryimage","url":"https:\/\/tabernaculoprensadedios.com\/web\/wp-content\/uploads\/2021\/03\/WhatsApp-Image-2021-03-14-at-10.19.22-AM.jpeg","contentUrl":"https:\/\/tabernaculoprensadedios.com\/web\/wp-content\/uploads\/2021\/03\/WhatsApp-Image-2021-03-14-at-10.19.22-AM.jpeg","width":842,"height":469},{"@type":"BreadcrumbList","@id":"https:\/\/tabernaculoprensadedios.com\/web\/testimonio-una-conversacion-con-mi-hijo-antes-de-irse-al-descanso-eterno\/#breadcrumb","itemListElement":[{"@type":"ListItem","position":1,"name":"Portada","item":"https:\/\/tabernaculoprensadedios.com\/web\/"},{"@type":"ListItem","position":2,"name":"TESTIMONIO: Una conversaci\u00f3n con mi hijo antes de irse al descanso eterno"}]},{"@type":"WebSite","@id":"https:\/\/tabernaculoprensadedios.com\/web\/#website","url":"https:\/\/tabernaculoprensadedios.com\/web\/","name":"Tabernaculo Prensa de Dios","description":"Un medio a la manera de Dios","publisher":{"@id":"https:\/\/tabernaculoprensadedios.com\/web\/#\/schema\/person\/bc0e069fef56b38e177db6f098ae0b6e"},"potentialAction":[{"@type":"SearchAction","target":{"@type":"EntryPoint","urlTemplate":"https:\/\/tabernaculoprensadedios.com\/web\/?s={search_term_string}"},"query-input":{"@type":"PropertyValueSpecification","valueRequired":true,"valueName":"search_term_string"}}],"inLanguage":"es"},{"@type":["Person","Organization"],"@id":"https:\/\/tabernaculoprensadedios.com\/web\/#\/schema\/person\/bc0e069fef56b38e177db6f098ae0b6e","name":"tabernaculo","image":{"@type":"ImageObject","inLanguage":"es","@id":"https:\/\/tabernaculoprensadedios.com\/web\/#\/schema\/person\/image\/","url":"https:\/\/tabernaculoprensadedios.com\/web\/wp-content\/uploads\/2015\/06\/login-logo1.png","contentUrl":"https:\/\/tabernaculoprensadedios.com\/web\/wp-content\/uploads\/2015\/06\/login-logo1.png","width":300,"height":118,"caption":"tabernaculo"},"logo":{"@id":"https:\/\/tabernaculoprensadedios.com\/web\/#\/schema\/person\/image\/"},"url":"https:\/\/tabernaculoprensadedios.com\/web\/author\/tabernaculo\/"}]}},"_links":{"self":[{"href":"https:\/\/tabernaculoprensadedios.com\/web\/wp-json\/wp\/v2\/posts\/21301","targetHints":{"allow":["GET"]}}],"collection":[{"href":"https:\/\/tabernaculoprensadedios.com\/web\/wp-json\/wp\/v2\/posts"}],"about":[{"href":"https:\/\/tabernaculoprensadedios.com\/web\/wp-json\/wp\/v2\/types\/post"}],"author":[{"embeddable":true,"href":"https:\/\/tabernaculoprensadedios.com\/web\/wp-json\/wp\/v2\/users\/1"}],"replies":[{"embeddable":true,"href":"https:\/\/tabernaculoprensadedios.com\/web\/wp-json\/wp\/v2\/comments?post=21301"}],"version-history":[{"count":4,"href":"https:\/\/tabernaculoprensadedios.com\/web\/wp-json\/wp\/v2\/posts\/21301\/revisions"}],"predecessor-version":[{"id":21310,"href":"https:\/\/tabernaculoprensadedios.com\/web\/wp-json\/wp\/v2\/posts\/21301\/revisions\/21310"}],"wp:featuredmedia":[{"embeddable":true,"href":"https:\/\/tabernaculoprensadedios.com\/web\/wp-json\/wp\/v2\/media\/21303"}],"wp:attachment":[{"href":"https:\/\/tabernaculoprensadedios.com\/web\/wp-json\/wp\/v2\/media?parent=21301"}],"wp:term":[{"taxonomy":"category","embeddable":true,"href":"https:\/\/tabernaculoprensadedios.com\/web\/wp-json\/wp\/v2\/categories?post=21301"},{"taxonomy":"post_tag","embeddable":true,"href":"https:\/\/tabernaculoprensadedios.com\/web\/wp-json\/wp\/v2\/tags?post=21301"}],"curies":[{"name":"wp","href":"https:\/\/api.w.org\/{rel}","templated":true}]}}