{"id":21260,"date":"2021-03-09T14:49:46","date_gmt":"2021-03-09T14:49:46","guid":{"rendered":"http:\/\/tabernaculoprensadedios.com\/web\/?p=21260"},"modified":"2021-03-09T14:49:46","modified_gmt":"2021-03-09T14:49:46","slug":"conacope-valora-esfuerzos-del-gobierno-en-el-plan-nacional-de-vacunacion","status":"publish","type":"post","link":"https:\/\/tabernaculoprensadedios.com\/web\/conacope-valora-esfuerzos-del-gobierno-en-el-plan-nacional-de-vacunacion\/","title":{"rendered":"CONACOPE valora esfuerzos del gobierno en el Plan Nacional de Vacunaci\u00f3n"},"content":{"rendered":"<p>En Consejo Nacional de Confraternidades de Pastores Evang\u00e9licos (CONACOPE) valor\u00f3 el gran esfuerzo que est\u00e1n llevando a cabo las autoridades sanitarias del gobierno del presidente Luis Abinader para vacunar la poblaci\u00f3n y as\u00ed contrarrestar los graves da\u00f1os que en todos los aspectos est\u00e1 causando la pandemia de Covid-19.<\/p>\n<p>El presidente de CONACOPE, reverendo Adolfo Mateo, salud\u00f3 el notable el esfuerzo que est\u00e1n realizando las autoridades sanitarias para inocular a la poblaci\u00f3n contra el Covid 19, y al mismo tiempo anim\u00f3 a las iglesias para que oren y participen para que este Plan Nacional de Vacunaci\u00f3n que se est\u00e1 desarrollando alcance el mayor numero de residentes en nuestro territorio en el menor tiempo posible.<\/p>\n<p>\u201cEstamos animando a los pastores para que oren y colaboren con el alcance y el buen \u00e9xito de este programa de vacunaci\u00f3n que se est\u00e1 llevando a cabo en el pa\u00eds. Los resultados que se han obtenido con la vacunaci\u00f3n, sobre todo los que muestra el pueblo de Israel, nos indican que la vacunaci\u00f3n es la salida que Dios nos ha permitido para dejar atr\u00e1s esta tormentosa pandemia\u201d.<\/p>\n<p>Destac\u00f3 que la vacunaci\u00f3n no es asunto de fuerza o imposici\u00f3n, sino de conciencia individual y sentido de responsabilidad colectiva en procura de superar los efectos da\u00f1inos de una pandemia que como el coronavirus nos ha golpeado a todos de manera muy fuerte.<br \/>\n\u201cNuestra din\u00e1mica familiar, los programas regulares de nuestras iglesias, nuestra econom\u00eda y dem\u00e1s aspectos de la vida regular han sido afectados por el Covid-19; por tanto, las vacunas constituyen la provisi\u00f3n que, a trav\u00e9s del conocimiento humano, Dios nos ha dado, por lo que debemos actuar con sabidur\u00eda y aprovechar esta alternativa para minimizar la amenaza de este virus\u201d.<\/p>\n<p>Sin embargo, el reverendo Mateo aclar\u00f3 que cada persona tiene el derecho de tomar todas las previsiones de lugar antes de usar cualquier medicamento o consumir cualquier alimento. \u201cEs m\u00e1s \u2013se\u00f1al\u00f3\u2013: \u201cNo solo creemos que tiene el derecho, sino tambi\u00e9n el deber de analizar y ponderar cualquier sustancia que vaya a ingerir o aplicar en su organismo, por eso creemos que vacunarse es una decisi\u00f3n de responsabilidad personal que debe ejercerse de la forma m\u00e1s informada y consciente posible\u201d.<\/p>\n<p>\u201cLo que sabemos es que hist\u00f3ricamente, no solo la vacunaci\u00f3n, sino toda la medicina y la aplicaci\u00f3n de sus tratamientos y recursos son responsables de millones y millones de vidas que han sido preservadas gracias a la aceptaci\u00f3n y confianza colectiva en su eficiencia, en su capacidad para generar salud y en la responsabilidad de las personas en participar de su aplicaci\u00f3n\u201d.<\/p>\n<p>Exhort\u00f3 a los hermanos que tengan dudas sobre la aplicaci\u00f3n de la vacuna a que analicen un video del pastor y cient\u00edfico dominicano, doctor Miguel Nu\u00f1ez, que est\u00e1 disponible en las redes sociales, donde \u00e9l ofrece amplias y detalladas informaciones sobre aspectos b\u00e1sicos de la elaboraci\u00f3n, aplicaci\u00f3n y efectos de las vacunas sobre el organismo humano.<\/p>\n","protected":false},"excerpt":{"rendered":"<p>En Consejo Nacional de Confraternidades de Pastores Evang\u00e9licos (CONACOPE) valor\u00f3 el gran esfuerzo que est\u00e1n llevando a cabo las autoridades sanitarias del gobierno del presidente Luis Abinader para vacunar la poblaci\u00f3n y as\u00ed contrarrestar los graves da\u00f1os que en todos los aspectos est\u00e1 causando la pandemia de Covid-19. El presidente de CONACOPE, reverendo Adolfo Mateo, &hellip;<\/p>\n","protected":false},"author":1,"featured_media":17054,"comment_status":"open","ping_status":"open","sticky":false,"template":"","format":"standard","meta":{"footnotes":""},"categories":[39],"tags":[],"class_list":["post-21260","post","type-post","status-publish","format-standard","has-post-thumbnail","hentry","category-almomento"],"yoast_head":"<!-- This site is optimized with the Yoast SEO Premium plugin v24.2 (Yoast SEO v27.1.1) - https:\/\/yoast.com\/product\/yoast-seo-premium-wordpress\/ -->\n<title>CONACOPE valora esfuerzos del gobierno en el Plan Nacional de Vacunaci\u00f3n - Tabernaculo Prensa de Dios<\/title>\n<meta name=\"robots\" content=\"index, follow, max-snippet:-1, max-image-preview:large, max-video-preview:-1\" \/>\n<link rel=\"canonical\" href=\"https:\/\/tabernaculoprensadedios.com\/web\/conacope-valora-esfuerzos-del-gobierno-en-el-plan-nacional-de-vacunacion\/\" class=\"yoast-seo-meta-tag\" \/>\n<meta property=\"og:locale\" content=\"es_ES\" class=\"yoast-seo-meta-tag\" \/>\n<meta property=\"og:type\" content=\"article\" class=\"yoast-seo-meta-tag\" \/>\n<meta property=\"og:title\" content=\"CONACOPE valora esfuerzos del gobierno en el Plan Nacional de Vacunaci\u00f3n\" class=\"yoast-seo-meta-tag\" \/>\n<meta property=\"og:description\" content=\"En Consejo Nacional de Confraternidades de Pastores Evang\u00e9licos (CONACOPE) valor\u00f3 el gran esfuerzo que est\u00e1n llevando a cabo las autoridades sanitarias del gobierno del presidente Luis Abinader para vacunar la poblaci\u00f3n y as\u00ed contrarrestar los graves da\u00f1os que en todos los aspectos est\u00e1 causando la pandemia de Covid-19. El presidente de CONACOPE, reverendo Adolfo Mateo, &hellip;\" class=\"yoast-seo-meta-tag\" \/>\n<meta property=\"og:url\" content=\"https:\/\/tabernaculoprensadedios.com\/web\/conacope-valora-esfuerzos-del-gobierno-en-el-plan-nacional-de-vacunacion\/\" class=\"yoast-seo-meta-tag\" \/>\n<meta property=\"og:site_name\" content=\"Tabernaculo Prensa de Dios\" class=\"yoast-seo-meta-tag\" \/>\n<meta property=\"article:published_time\" content=\"2021-03-09T14:49:46+00:00\" class=\"yoast-seo-meta-tag\" \/>\n<meta property=\"og:image\" content=\"https:\/\/tabernaculoprensadedios.com\/web\/wp-content\/uploads\/2020\/02\/conacope.jpg\" class=\"yoast-seo-meta-tag\" \/>\n\t<meta property=\"og:image:width\" content=\"1200\" class=\"yoast-seo-meta-tag\" \/>\n\t<meta property=\"og:image:height\" content=\"704\" class=\"yoast-seo-meta-tag\" \/>\n\t<meta property=\"og:image:type\" content=\"image\/jpeg\" class=\"yoast-seo-meta-tag\" \/>\n<meta name=\"author\" content=\"tabernaculo\" class=\"yoast-seo-meta-tag\" \/>\n<meta name=\"twitter:card\" content=\"summary_large_image\" class=\"yoast-seo-meta-tag\" \/>\n<meta name=\"twitter:creator\" content=\"@PrensadeDios\" class=\"yoast-seo-meta-tag\" \/>\n<meta name=\"twitter:site\" content=\"@PrensadeDios\" class=\"yoast-seo-meta-tag\" \/>\n<meta name=\"twitter:label1\" content=\"Escrito por\" class=\"yoast-seo-meta-tag\" \/>\n\t<meta name=\"twitter:data1\" content=\"tabernaculo\" class=\"yoast-seo-meta-tag\" \/>\n\t<meta name=\"twitter:label2\" content=\"Tiempo de lectura\" class=\"yoast-seo-meta-tag\" \/>\n\t<meta name=\"twitter:data2\" content=\"3 minutos\" class=\"yoast-seo-meta-tag\" \/>\n<script type=\"application\/ld+json\" class=\"yoast-schema-graph\">{\"@context\":\"https:\/\/schema.org\",\"@graph\":[{\"@type\":\"Article\",\"@id\":\"https:\/\/tabernaculoprensadedios.com\/web\/conacope-valora-esfuerzos-del-gobierno-en-el-plan-nacional-de-vacunacion\/#article\",\"isPartOf\":{\"@id\":\"https:\/\/tabernaculoprensadedios.com\/web\/conacope-valora-esfuerzos-del-gobierno-en-el-plan-nacional-de-vacunacion\/\"},\"author\":{\"name\":\"tabernaculo\",\"@id\":\"https:\/\/tabernaculoprensadedios.com\/web\/#\/schema\/person\/bc0e069fef56b38e177db6f098ae0b6e\"},\"headline\":\"CONACOPE valora esfuerzos del gobierno en el Plan Nacional de Vacunaci\u00f3n\",\"datePublished\":\"2021-03-09T14:49:46+00:00\",\"mainEntityOfPage\":{\"@id\":\"https:\/\/tabernaculoprensadedios.com\/web\/conacope-valora-esfuerzos-del-gobierno-en-el-plan-nacional-de-vacunacion\/\"},\"wordCount\":528,\"commentCount\":0,\"publisher\":{\"@id\":\"https:\/\/tabernaculoprensadedios.com\/web\/#\/schema\/person\/bc0e069fef56b38e177db6f098ae0b6e\"},\"image\":{\"@id\":\"https:\/\/tabernaculoprensadedios.com\/web\/conacope-valora-esfuerzos-del-gobierno-en-el-plan-nacional-de-vacunacion\/#primaryimage\"},\"thumbnailUrl\":\"https:\/\/tabernaculoprensadedios.com\/web\/wp-content\/uploads\/2020\/02\/conacope.jpg\",\"articleSection\":[\"almomento\"],\"inLanguage\":\"es\",\"potentialAction\":[{\"@type\":\"CommentAction\",\"name\":\"Comment\",\"target\":[\"https:\/\/tabernaculoprensadedios.com\/web\/conacope-valora-esfuerzos-del-gobierno-en-el-plan-nacional-de-vacunacion\/#respond\"]}]},{\"@type\":\"WebPage\",\"@id\":\"https:\/\/tabernaculoprensadedios.com\/web\/conacope-valora-esfuerzos-del-gobierno-en-el-plan-nacional-de-vacunacion\/\",\"url\":\"https:\/\/tabernaculoprensadedios.com\/web\/conacope-valora-esfuerzos-del-gobierno-en-el-plan-nacional-de-vacunacion\/\",\"name\":\"CONACOPE valora esfuerzos del gobierno en el Plan Nacional de Vacunaci\u00f3n - Tabernaculo Prensa de Dios\",\"isPartOf\":{\"@id\":\"https:\/\/tabernaculoprensadedios.com\/web\/#website\"},\"primaryImageOfPage\":{\"@id\":\"https:\/\/tabernaculoprensadedios.com\/web\/conacope-valora-esfuerzos-del-gobierno-en-el-plan-nacional-de-vacunacion\/#primaryimage\"},\"image\":{\"@id\":\"https:\/\/tabernaculoprensadedios.com\/web\/conacope-valora-esfuerzos-del-gobierno-en-el-plan-nacional-de-vacunacion\/#primaryimage\"},\"thumbnailUrl\":\"https:\/\/tabernaculoprensadedios.com\/web\/wp-content\/uploads\/2020\/02\/conacope.jpg\",\"datePublished\":\"2021-03-09T14:49:46+00:00\",\"breadcrumb\":{\"@id\":\"https:\/\/tabernaculoprensadedios.com\/web\/conacope-valora-esfuerzos-del-gobierno-en-el-plan-nacional-de-vacunacion\/#breadcrumb\"},\"inLanguage\":\"es\",\"potentialAction\":[{\"@type\":\"ReadAction\",\"target\":[\"https:\/\/tabernaculoprensadedios.com\/web\/conacope-valora-esfuerzos-del-gobierno-en-el-plan-nacional-de-vacunacion\/\"]}]},{\"@type\":\"ImageObject\",\"inLanguage\":\"es\",\"@id\":\"https:\/\/tabernaculoprensadedios.com\/web\/conacope-valora-esfuerzos-del-gobierno-en-el-plan-nacional-de-vacunacion\/#primaryimage\",\"url\":\"https:\/\/tabernaculoprensadedios.com\/web\/wp-content\/uploads\/2020\/02\/conacope.jpg\",\"contentUrl\":\"https:\/\/tabernaculoprensadedios.com\/web\/wp-content\/uploads\/2020\/02\/conacope.jpg\",\"width\":1200,\"height\":704},{\"@type\":\"BreadcrumbList\",\"@id\":\"https:\/\/tabernaculoprensadedios.com\/web\/conacope-valora-esfuerzos-del-gobierno-en-el-plan-nacional-de-vacunacion\/#breadcrumb\",\"itemListElement\":[{\"@type\":\"ListItem\",\"position\":1,\"name\":\"Portada\",\"item\":\"https:\/\/tabernaculoprensadedios.com\/web\/\"},{\"@type\":\"ListItem\",\"position\":2,\"name\":\"CONACOPE valora esfuerzos del gobierno en el Plan Nacional de Vacunaci\u00f3n\"}]},{\"@type\":\"WebSite\",\"@id\":\"https:\/\/tabernaculoprensadedios.com\/web\/#website\",\"url\":\"https:\/\/tabernaculoprensadedios.com\/web\/\",\"name\":\"Tabernaculo Prensa de Dios\",\"description\":\"Un medio a la manera de Dios\",\"publisher\":{\"@id\":\"https:\/\/tabernaculoprensadedios.com\/web\/#\/schema\/person\/bc0e069fef56b38e177db6f098ae0b6e\"},\"potentialAction\":[{\"@type\":\"SearchAction\",\"target\":{\"@type\":\"EntryPoint\",\"urlTemplate\":\"https:\/\/tabernaculoprensadedios.com\/web\/?s={search_term_string}\"},\"query-input\":{\"@type\":\"PropertyValueSpecification\",\"valueRequired\":true,\"valueName\":\"search_term_string\"}}],\"inLanguage\":\"es\"},{\"@type\":[\"Person\",\"Organization\"],\"@id\":\"https:\/\/tabernaculoprensadedios.com\/web\/#\/schema\/person\/bc0e069fef56b38e177db6f098ae0b6e\",\"name\":\"tabernaculo\",\"image\":{\"@type\":\"ImageObject\",\"inLanguage\":\"es\",\"@id\":\"https:\/\/tabernaculoprensadedios.com\/web\/#\/schema\/person\/image\/\",\"url\":\"https:\/\/tabernaculoprensadedios.com\/web\/wp-content\/uploads\/2015\/06\/login-logo1.png\",\"contentUrl\":\"https:\/\/tabernaculoprensadedios.com\/web\/wp-content\/uploads\/2015\/06\/login-logo1.png\",\"width\":300,\"height\":118,\"caption\":\"tabernaculo\"},\"logo\":{\"@id\":\"https:\/\/tabernaculoprensadedios.com\/web\/#\/schema\/person\/image\/\"},\"url\":\"https:\/\/tabernaculoprensadedios.com\/web\/author\/tabernaculo\/\"}]}<\/script>\n<!-- \/ Yoast SEO Premium plugin. -->","yoast_head_json":{"title":"CONACOPE valora esfuerzos del gobierno en el Plan Nacional de Vacunaci\u00f3n - Tabernaculo Prensa de Dios","robots":{"index":"index","follow":"follow","max-snippet":"max-snippet:-1","max-image-preview":"max-image-preview:large","max-video-preview":"max-video-preview:-1"},"canonical":"https:\/\/tabernaculoprensadedios.com\/web\/conacope-valora-esfuerzos-del-gobierno-en-el-plan-nacional-de-vacunacion\/","og_locale":"es_ES","og_type":"article","og_title":"CONACOPE valora esfuerzos del gobierno en el Plan Nacional de Vacunaci\u00f3n","og_description":"En Consejo Nacional de Confraternidades de Pastores Evang\u00e9licos (CONACOPE) valor\u00f3 el gran esfuerzo que est\u00e1n llevando a cabo las autoridades sanitarias del gobierno del presidente Luis Abinader para vacunar la poblaci\u00f3n y as\u00ed contrarrestar los graves da\u00f1os que en todos los aspectos est\u00e1 causando la pandemia de Covid-19. El presidente de CONACOPE, reverendo Adolfo Mateo, &hellip;","og_url":"https:\/\/tabernaculoprensadedios.com\/web\/conacope-valora-esfuerzos-del-gobierno-en-el-plan-nacional-de-vacunacion\/","og_site_name":"Tabernaculo Prensa de Dios","article_published_time":"2021-03-09T14:49:46+00:00","og_image":[{"width":1200,"height":704,"url":"https:\/\/tabernaculoprensadedios.com\/web\/wp-content\/uploads\/2020\/02\/conacope.jpg","type":"image\/jpeg"}],"author":"tabernaculo","twitter_card":"summary_large_image","twitter_creator":"@PrensadeDios","twitter_site":"@PrensadeDios","twitter_misc":{"Escrito por":"tabernaculo","Tiempo de lectura":"3 minutos"},"schema":{"@context":"https:\/\/schema.org","@graph":[{"@type":"Article","@id":"https:\/\/tabernaculoprensadedios.com\/web\/conacope-valora-esfuerzos-del-gobierno-en-el-plan-nacional-de-vacunacion\/#article","isPartOf":{"@id":"https:\/\/tabernaculoprensadedios.com\/web\/conacope-valora-esfuerzos-del-gobierno-en-el-plan-nacional-de-vacunacion\/"},"author":{"name":"tabernaculo","@id":"https:\/\/tabernaculoprensadedios.com\/web\/#\/schema\/person\/bc0e069fef56b38e177db6f098ae0b6e"},"headline":"CONACOPE valora esfuerzos del gobierno en el Plan Nacional de Vacunaci\u00f3n","datePublished":"2021-03-09T14:49:46+00:00","mainEntityOfPage":{"@id":"https:\/\/tabernaculoprensadedios.com\/web\/conacope-valora-esfuerzos-del-gobierno-en-el-plan-nacional-de-vacunacion\/"},"wordCount":528,"commentCount":0,"publisher":{"@id":"https:\/\/tabernaculoprensadedios.com\/web\/#\/schema\/person\/bc0e069fef56b38e177db6f098ae0b6e"},"image":{"@id":"https:\/\/tabernaculoprensadedios.com\/web\/conacope-valora-esfuerzos-del-gobierno-en-el-plan-nacional-de-vacunacion\/#primaryimage"},"thumbnailUrl":"https:\/\/tabernaculoprensadedios.com\/web\/wp-content\/uploads\/2020\/02\/conacope.jpg","articleSection":["almomento"],"inLanguage":"es","potentialAction":[{"@type":"CommentAction","name":"Comment","target":["https:\/\/tabernaculoprensadedios.com\/web\/conacope-valora-esfuerzos-del-gobierno-en-el-plan-nacional-de-vacunacion\/#respond"]}]},{"@type":"WebPage","@id":"https:\/\/tabernaculoprensadedios.com\/web\/conacope-valora-esfuerzos-del-gobierno-en-el-plan-nacional-de-vacunacion\/","url":"https:\/\/tabernaculoprensadedios.com\/web\/conacope-valora-esfuerzos-del-gobierno-en-el-plan-nacional-de-vacunacion\/","name":"CONACOPE valora esfuerzos del gobierno en el Plan Nacional de Vacunaci\u00f3n - Tabernaculo Prensa de Dios","isPartOf":{"@id":"https:\/\/tabernaculoprensadedios.com\/web\/#website"},"primaryImageOfPage":{"@id":"https:\/\/tabernaculoprensadedios.com\/web\/conacope-valora-esfuerzos-del-gobierno-en-el-plan-nacional-de-vacunacion\/#primaryimage"},"image":{"@id":"https:\/\/tabernaculoprensadedios.com\/web\/conacope-valora-esfuerzos-del-gobierno-en-el-plan-nacional-de-vacunacion\/#primaryimage"},"thumbnailUrl":"https:\/\/tabernaculoprensadedios.com\/web\/wp-content\/uploads\/2020\/02\/conacope.jpg","datePublished":"2021-03-09T14:49:46+00:00","breadcrumb":{"@id":"https:\/\/tabernaculoprensadedios.com\/web\/conacope-valora-esfuerzos-del-gobierno-en-el-plan-nacional-de-vacunacion\/#breadcrumb"},"inLanguage":"es","potentialAction":[{"@type":"ReadAction","target":["https:\/\/tabernaculoprensadedios.com\/web\/conacope-valora-esfuerzos-del-gobierno-en-el-plan-nacional-de-vacunacion\/"]}]},{"@type":"ImageObject","inLanguage":"es","@id":"https:\/\/tabernaculoprensadedios.com\/web\/conacope-valora-esfuerzos-del-gobierno-en-el-plan-nacional-de-vacunacion\/#primaryimage","url":"https:\/\/tabernaculoprensadedios.com\/web\/wp-content\/uploads\/2020\/02\/conacope.jpg","contentUrl":"https:\/\/tabernaculoprensadedios.com\/web\/wp-content\/uploads\/2020\/02\/conacope.jpg","width":1200,"height":704},{"@type":"BreadcrumbList","@id":"https:\/\/tabernaculoprensadedios.com\/web\/conacope-valora-esfuerzos-del-gobierno-en-el-plan-nacional-de-vacunacion\/#breadcrumb","itemListElement":[{"@type":"ListItem","position":1,"name":"Portada","item":"https:\/\/tabernaculoprensadedios.com\/web\/"},{"@type":"ListItem","position":2,"name":"CONACOPE valora esfuerzos del gobierno en el Plan Nacional de Vacunaci\u00f3n"}]},{"@type":"WebSite","@id":"https:\/\/tabernaculoprensadedios.com\/web\/#website","url":"https:\/\/tabernaculoprensadedios.com\/web\/","name":"Tabernaculo Prensa de Dios","description":"Un medio a la manera de Dios","publisher":{"@id":"https:\/\/tabernaculoprensadedios.com\/web\/#\/schema\/person\/bc0e069fef56b38e177db6f098ae0b6e"},"potentialAction":[{"@type":"SearchAction","target":{"@type":"EntryPoint","urlTemplate":"https:\/\/tabernaculoprensadedios.com\/web\/?s={search_term_string}"},"query-input":{"@type":"PropertyValueSpecification","valueRequired":true,"valueName":"search_term_string"}}],"inLanguage":"es"},{"@type":["Person","Organization"],"@id":"https:\/\/tabernaculoprensadedios.com\/web\/#\/schema\/person\/bc0e069fef56b38e177db6f098ae0b6e","name":"tabernaculo","image":{"@type":"ImageObject","inLanguage":"es","@id":"https:\/\/tabernaculoprensadedios.com\/web\/#\/schema\/person\/image\/","url":"https:\/\/tabernaculoprensadedios.com\/web\/wp-content\/uploads\/2015\/06\/login-logo1.png","contentUrl":"https:\/\/tabernaculoprensadedios.com\/web\/wp-content\/uploads\/2015\/06\/login-logo1.png","width":300,"height":118,"caption":"tabernaculo"},"logo":{"@id":"https:\/\/tabernaculoprensadedios.com\/web\/#\/schema\/person\/image\/"},"url":"https:\/\/tabernaculoprensadedios.com\/web\/author\/tabernaculo\/"}]}},"_links":{"self":[{"href":"https:\/\/tabernaculoprensadedios.com\/web\/wp-json\/wp\/v2\/posts\/21260","targetHints":{"allow":["GET"]}}],"collection":[{"href":"https:\/\/tabernaculoprensadedios.com\/web\/wp-json\/wp\/v2\/posts"}],"about":[{"href":"https:\/\/tabernaculoprensadedios.com\/web\/wp-json\/wp\/v2\/types\/post"}],"author":[{"embeddable":true,"href":"https:\/\/tabernaculoprensadedios.com\/web\/wp-json\/wp\/v2\/users\/1"}],"replies":[{"embeddable":true,"href":"https:\/\/tabernaculoprensadedios.com\/web\/wp-json\/wp\/v2\/comments?post=21260"}],"version-history":[{"count":1,"href":"https:\/\/tabernaculoprensadedios.com\/web\/wp-json\/wp\/v2\/posts\/21260\/revisions"}],"predecessor-version":[{"id":21261,"href":"https:\/\/tabernaculoprensadedios.com\/web\/wp-json\/wp\/v2\/posts\/21260\/revisions\/21261"}],"wp:featuredmedia":[{"embeddable":true,"href":"https:\/\/tabernaculoprensadedios.com\/web\/wp-json\/wp\/v2\/media\/17054"}],"wp:attachment":[{"href":"https:\/\/tabernaculoprensadedios.com\/web\/wp-json\/wp\/v2\/media?parent=21260"}],"wp:term":[{"taxonomy":"category","embeddable":true,"href":"https:\/\/tabernaculoprensadedios.com\/web\/wp-json\/wp\/v2\/categories?post=21260"},{"taxonomy":"post_tag","embeddable":true,"href":"https:\/\/tabernaculoprensadedios.com\/web\/wp-json\/wp\/v2\/tags?post=21260"}],"curies":[{"name":"wp","href":"https:\/\/api.w.org\/{rel}","templated":true}]}}