{"id":21257,"date":"2021-03-08T23:00:48","date_gmt":"2021-03-08T23:00:48","guid":{"rendered":"http:\/\/tabernaculoprensadedios.com\/web\/?p=21257"},"modified":"2021-03-09T14:52:53","modified_gmt":"2021-03-09T14:52:53","slug":"concilio-iglesia-de-dios-reconoce-a-mujeres-destacada-en-labor-ministerial-y-profesional","status":"publish","type":"post","link":"https:\/\/tabernaculoprensadedios.com\/web\/concilio-iglesia-de-dios-reconoce-a-mujeres-destacada-en-labor-ministerial-y-profesional\/","title":{"rendered":"Concilio Iglesia de Dios reconoce  a mujeres destacada en labor ministerial y profesional"},"content":{"rendered":"<p>Como parte de la celebraci\u00f3n del D\u00eda Internacional de la Mujer, el Concilio de la Iglesia de Dios en el Rep\u00fablica Dominicana,\u00a0 reconoci\u00f3 a 14\u00a0 mujeres que en sus diferentes \u00e1reas ministerial y profesional\u00a0 que\u00a0 han contribuido al desarrollo y fortalecimiento de la denominaci\u00f3n cristiana en sus a\u00f1os de presencia en el pa\u00eds.<\/p>\n<p>Durante el acto denominado \u201cPrimera entrega de Honras a la Mujer Cristiana Dominicana 2021\u201d,\u00a0\u00a0 habl\u00f3 el obispo nacional de la denominaci\u00f3n, Mauro Antonio Vargas, quien dijo sentirse honrado en reconocer\u00a0 estas mujeres entregadas, que\u00a0 son ejemplo de servicio y amor. \u201cHoy en la recordaci\u00f3n del D\u00eda Internacional de la Mujer\u201d,\u00a0 al hacerlo reconocemos,\u00a0 la libertad de Cristo\u00a0 alcanzada por la mujeres y l\u00edderes de nuestra iglesia\u00a0 que han hecho\u00a0 que los derechos humanos sean un realidad sin luchar y derramar una sola gota de sangre, y que su trabajo ha servido de ejemplo a las presentes y futuras generaciones\u201d. A\u00f1adi\u00f3 el obispo Vargas.<\/p>\n<p>Se\u00f1al\u00f3 que las mujeres de una forma u otra han jugado un rol importante en los distintos procesos hist\u00f3ricos de las iglesias cristianas y la\u00a0 humanidad, b\u00e1sicamente en la formaci\u00f3n y promoci\u00f3n\u00a0 de valores eternos en sus respectivas familias.<\/p>\n<p>Mientras\u00a0 el discurso central fue presentado Ana Silvia Pe\u00f1a, Directora Nacional de Deboras,\u00a0 esta\u00a0 agradeci\u00f3 a las reconocidas, afirmando que: \u201cSi tenemos 81 a\u00f1os\u00a0 de vida institucional en la Rep\u00fablica Dominicana, ustedes han sido las protagonistas de esta\u00a0 historia, somos Iglesia de Dios hoy, gracias al trabajo silente ustedes \u201cHero\u00ednas de la F\u00e9\u201d. Agrego.<\/p>\n<p>.Las galardonadas con medallas al m\u00e9rito fueron: Emelinda King de Louis,\u00a0 Mar\u00eda Soriano de King, Marina Vidro de Popa, Olga Henr\u00edquez de Pereyra, Rosa Nina de Cruz, Fiordaliza Cede\u00f1o de Jim\u00e9nez, y Lidia Amada Pi\u00f1a de Pe\u00f1a.<\/p>\n<p>Tambi\u00e9n fueron distinguidas con igual reconocimiento, Isabel Dotel de Ledesma, Zoraida Idalia Ramos de Polanco, Carmen Argentina Pascasio de Luna, Esther Cristiana Estrella Garc\u00eda, Josefina Vanderlinder, y Juana Mar\u00eda Cabrera de Jes\u00fas Luz, quien\u00a0 ha realizado las funciones de gerente administrativa por m\u00e1s de 30 a\u00f1os, y Carmen Rodr\u00edguez Pimentel de Ram\u00edrez, la cual se desempe\u00f1ado funciones de asistente de los\u00a0 obispos por 38 a\u00f1os de labor constante.<\/p>\n<p>La ceremonia\u00a0 fue\u00a0 celebrada en las oficinas de la Iglesia de Dios en Santo Domingo, cont\u00f3 con la presencia\u00a0 de Mauro Antonio Vargas, Obispo Administrativo; Reverendo. William Rivas Sena, director de Seminario B\u00edblico; reverendo Mariano S\u00e1nchez, Secretario-tesorero; pastores, l\u00edderes de los diferentes departamentos\u00a0 y\u00a0 miembros del Comit\u00e9 Ejecutivo de\u00a0 la entidad eclesi\u00e1stica. Presentes adem\u00e1s Luz Neris Gonz\u00e1lez de Rivas, Isabel Acevedo de S\u00e1nchez, y\u00a0 Deysi Cuevas, Directora Nacional\u00a0 de la Pastoral Femeni<\/p>\n","protected":false},"excerpt":{"rendered":"<p>Como parte de la celebraci\u00f3n del D\u00eda Internacional de la Mujer, el Concilio de la Iglesia de Dios en el Rep\u00fablica Dominicana,\u00a0 reconoci\u00f3 a 14\u00a0 mujeres que en sus diferentes \u00e1reas ministerial y profesional\u00a0 que\u00a0 han contribuido al desarrollo y fortalecimiento de la denominaci\u00f3n cristiana en sus a\u00f1os de presencia en el pa\u00eds. Durante el &hellip;<\/p>\n","protected":false},"author":2,"featured_media":21258,"comment_status":"open","ping_status":"open","sticky":false,"template":"","format":"standard","meta":{"footnotes":""},"categories":[1],"tags":[],"class_list":["post-21257","post","type-post","status-publish","format-standard","has-post-thumbnail","hentry","category-sin-categoria"],"yoast_head":"<!-- This site is optimized with the Yoast SEO Premium plugin v24.2 (Yoast SEO v27.1.1) - https:\/\/yoast.com\/product\/yoast-seo-premium-wordpress\/ -->\n<title>Concilio Iglesia de Dios reconoce a mujeres destacada en labor ministerial y profesional - Tabernaculo Prensa de Dios<\/title>\n<meta name=\"robots\" content=\"index, follow, max-snippet:-1, max-image-preview:large, max-video-preview:-1\" \/>\n<link rel=\"canonical\" href=\"https:\/\/tabernaculoprensadedios.com\/web\/concilio-iglesia-de-dios-reconoce-a-mujeres-destacada-en-labor-ministerial-y-profesional\/\" class=\"yoast-seo-meta-tag\" \/>\n<meta property=\"og:locale\" content=\"es_ES\" class=\"yoast-seo-meta-tag\" \/>\n<meta property=\"og:type\" content=\"article\" class=\"yoast-seo-meta-tag\" \/>\n<meta property=\"og:title\" content=\"Concilio Iglesia de Dios reconoce a mujeres destacada en labor ministerial y profesional\" class=\"yoast-seo-meta-tag\" \/>\n<meta property=\"og:description\" content=\"Como parte de la celebraci\u00f3n del D\u00eda Internacional de la Mujer, el Concilio de la Iglesia de Dios en el Rep\u00fablica Dominicana,\u00a0 reconoci\u00f3 a 14\u00a0 mujeres que en sus diferentes \u00e1reas ministerial y profesional\u00a0 que\u00a0 han contribuido al desarrollo y fortalecimiento de la denominaci\u00f3n cristiana en sus a\u00f1os de presencia en el pa\u00eds. Durante el &hellip;\" class=\"yoast-seo-meta-tag\" \/>\n<meta property=\"og:url\" content=\"https:\/\/tabernaculoprensadedios.com\/web\/concilio-iglesia-de-dios-reconoce-a-mujeres-destacada-en-labor-ministerial-y-profesional\/\" class=\"yoast-seo-meta-tag\" \/>\n<meta property=\"og:site_name\" content=\"Tabernaculo Prensa de Dios\" class=\"yoast-seo-meta-tag\" \/>\n<meta property=\"article:published_time\" content=\"2021-03-08T23:00:48+00:00\" class=\"yoast-seo-meta-tag\" \/>\n<meta property=\"article:modified_time\" content=\"2021-03-09T14:52:53+00:00\" class=\"yoast-seo-meta-tag\" \/>\n<meta property=\"og:image\" content=\"https:\/\/tabernaculoprensadedios.com\/web\/wp-content\/uploads\/2021\/03\/obispo-reconoce-a-mujeres-2.jpeg\" class=\"yoast-seo-meta-tag\" \/>\n\t<meta property=\"og:image:width\" content=\"1143\" class=\"yoast-seo-meta-tag\" \/>\n\t<meta property=\"og:image:height\" content=\"717\" class=\"yoast-seo-meta-tag\" \/>\n\t<meta property=\"og:image:type\" content=\"image\/jpeg\" class=\"yoast-seo-meta-tag\" \/>\n<meta name=\"author\" content=\"Malga\" class=\"yoast-seo-meta-tag\" \/>\n<meta name=\"twitter:card\" content=\"summary_large_image\" class=\"yoast-seo-meta-tag\" \/>\n<meta name=\"twitter:creator\" content=\"@PrensadeDios\" class=\"yoast-seo-meta-tag\" \/>\n<meta name=\"twitter:site\" content=\"@PrensadeDios\" class=\"yoast-seo-meta-tag\" \/>\n<meta name=\"twitter:label1\" content=\"Escrito por\" class=\"yoast-seo-meta-tag\" \/>\n\t<meta name=\"twitter:data1\" content=\"Malga\" class=\"yoast-seo-meta-tag\" \/>\n\t<meta name=\"twitter:label2\" content=\"Tiempo de lectura\" class=\"yoast-seo-meta-tag\" \/>\n\t<meta name=\"twitter:data2\" content=\"2 minutos\" class=\"yoast-seo-meta-tag\" \/>\n<script type=\"application\/ld+json\" class=\"yoast-schema-graph\">{\"@context\":\"https:\/\/schema.org\",\"@graph\":[{\"@type\":\"Article\",\"@id\":\"https:\/\/tabernaculoprensadedios.com\/web\/concilio-iglesia-de-dios-reconoce-a-mujeres-destacada-en-labor-ministerial-y-profesional\/#article\",\"isPartOf\":{\"@id\":\"https:\/\/tabernaculoprensadedios.com\/web\/concilio-iglesia-de-dios-reconoce-a-mujeres-destacada-en-labor-ministerial-y-profesional\/\"},\"author\":{\"name\":\"Malga\",\"@id\":\"https:\/\/tabernaculoprensadedios.com\/web\/#\/schema\/person\/64ae3a8b2e245c8b8652b1294ca1860a\"},\"headline\":\"Concilio Iglesia de Dios reconoce a mujeres destacada en labor ministerial y profesional\",\"datePublished\":\"2021-03-08T23:00:48+00:00\",\"dateModified\":\"2021-03-09T14:52:53+00:00\",\"mainEntityOfPage\":{\"@id\":\"https:\/\/tabernaculoprensadedios.com\/web\/concilio-iglesia-de-dios-reconoce-a-mujeres-destacada-en-labor-ministerial-y-profesional\/\"},\"wordCount\":478,\"commentCount\":0,\"publisher\":{\"@id\":\"https:\/\/tabernaculoprensadedios.com\/web\/#\/schema\/person\/bc0e069fef56b38e177db6f098ae0b6e\"},\"image\":{\"@id\":\"https:\/\/tabernaculoprensadedios.com\/web\/concilio-iglesia-de-dios-reconoce-a-mujeres-destacada-en-labor-ministerial-y-profesional\/#primaryimage\"},\"thumbnailUrl\":\"https:\/\/tabernaculoprensadedios.com\/web\/wp-content\/uploads\/2021\/03\/obispo-reconoce-a-mujeres-2.jpeg\",\"inLanguage\":\"es\",\"potentialAction\":[{\"@type\":\"CommentAction\",\"name\":\"Comment\",\"target\":[\"https:\/\/tabernaculoprensadedios.com\/web\/concilio-iglesia-de-dios-reconoce-a-mujeres-destacada-en-labor-ministerial-y-profesional\/#respond\"]}]},{\"@type\":\"WebPage\",\"@id\":\"https:\/\/tabernaculoprensadedios.com\/web\/concilio-iglesia-de-dios-reconoce-a-mujeres-destacada-en-labor-ministerial-y-profesional\/\",\"url\":\"https:\/\/tabernaculoprensadedios.com\/web\/concilio-iglesia-de-dios-reconoce-a-mujeres-destacada-en-labor-ministerial-y-profesional\/\",\"name\":\"Concilio Iglesia de Dios reconoce a mujeres destacada en labor ministerial y profesional - Tabernaculo Prensa de Dios\",\"isPartOf\":{\"@id\":\"https:\/\/tabernaculoprensadedios.com\/web\/#website\"},\"primaryImageOfPage\":{\"@id\":\"https:\/\/tabernaculoprensadedios.com\/web\/concilio-iglesia-de-dios-reconoce-a-mujeres-destacada-en-labor-ministerial-y-profesional\/#primaryimage\"},\"image\":{\"@id\":\"https:\/\/tabernaculoprensadedios.com\/web\/concilio-iglesia-de-dios-reconoce-a-mujeres-destacada-en-labor-ministerial-y-profesional\/#primaryimage\"},\"thumbnailUrl\":\"https:\/\/tabernaculoprensadedios.com\/web\/wp-content\/uploads\/2021\/03\/obispo-reconoce-a-mujeres-2.jpeg\",\"datePublished\":\"2021-03-08T23:00:48+00:00\",\"dateModified\":\"2021-03-09T14:52:53+00:00\",\"breadcrumb\":{\"@id\":\"https:\/\/tabernaculoprensadedios.com\/web\/concilio-iglesia-de-dios-reconoce-a-mujeres-destacada-en-labor-ministerial-y-profesional\/#breadcrumb\"},\"inLanguage\":\"es\",\"potentialAction\":[{\"@type\":\"ReadAction\",\"target\":[\"https:\/\/tabernaculoprensadedios.com\/web\/concilio-iglesia-de-dios-reconoce-a-mujeres-destacada-en-labor-ministerial-y-profesional\/\"]}]},{\"@type\":\"ImageObject\",\"inLanguage\":\"es\",\"@id\":\"https:\/\/tabernaculoprensadedios.com\/web\/concilio-iglesia-de-dios-reconoce-a-mujeres-destacada-en-labor-ministerial-y-profesional\/#primaryimage\",\"url\":\"https:\/\/tabernaculoprensadedios.com\/web\/wp-content\/uploads\/2021\/03\/obispo-reconoce-a-mujeres-2.jpeg\",\"contentUrl\":\"https:\/\/tabernaculoprensadedios.com\/web\/wp-content\/uploads\/2021\/03\/obispo-reconoce-a-mujeres-2.jpeg\",\"width\":1143,\"height\":717},{\"@type\":\"BreadcrumbList\",\"@id\":\"https:\/\/tabernaculoprensadedios.com\/web\/concilio-iglesia-de-dios-reconoce-a-mujeres-destacada-en-labor-ministerial-y-profesional\/#breadcrumb\",\"itemListElement\":[{\"@type\":\"ListItem\",\"position\":1,\"name\":\"Portada\",\"item\":\"https:\/\/tabernaculoprensadedios.com\/web\/\"},{\"@type\":\"ListItem\",\"position\":2,\"name\":\"Concilio Iglesia de Dios reconoce a mujeres destacada en labor ministerial y profesional\"}]},{\"@type\":\"WebSite\",\"@id\":\"https:\/\/tabernaculoprensadedios.com\/web\/#website\",\"url\":\"https:\/\/tabernaculoprensadedios.com\/web\/\",\"name\":\"Tabernaculo Prensa de Dios\",\"description\":\"Un medio a la manera de Dios\",\"publisher\":{\"@id\":\"https:\/\/tabernaculoprensadedios.com\/web\/#\/schema\/person\/bc0e069fef56b38e177db6f098ae0b6e\"},\"potentialAction\":[{\"@type\":\"SearchAction\",\"target\":{\"@type\":\"EntryPoint\",\"urlTemplate\":\"https:\/\/tabernaculoprensadedios.com\/web\/?s={search_term_string}\"},\"query-input\":{\"@type\":\"PropertyValueSpecification\",\"valueRequired\":true,\"valueName\":\"search_term_string\"}}],\"inLanguage\":\"es\"},{\"@type\":[\"Person\",\"Organization\"],\"@id\":\"https:\/\/tabernaculoprensadedios.com\/web\/#\/schema\/person\/bc0e069fef56b38e177db6f098ae0b6e\",\"name\":\"tabernaculo\",\"image\":{\"@type\":\"ImageObject\",\"inLanguage\":\"es\",\"@id\":\"https:\/\/tabernaculoprensadedios.com\/web\/#\/schema\/person\/image\/\",\"url\":\"https:\/\/tabernaculoprensadedios.com\/web\/wp-content\/uploads\/2015\/06\/login-logo1.png\",\"contentUrl\":\"https:\/\/tabernaculoprensadedios.com\/web\/wp-content\/uploads\/2015\/06\/login-logo1.png\",\"width\":300,\"height\":118,\"caption\":\"tabernaculo\"},\"logo\":{\"@id\":\"https:\/\/tabernaculoprensadedios.com\/web\/#\/schema\/person\/image\/\"}},{\"@type\":\"Person\",\"@id\":\"https:\/\/tabernaculoprensadedios.com\/web\/#\/schema\/person\/64ae3a8b2e245c8b8652b1294ca1860a\",\"name\":\"Malga\",\"image\":{\"@type\":\"ImageObject\",\"inLanguage\":\"es\",\"@id\":\"https:\/\/tabernaculoprensadedios.com\/web\/#\/schema\/person\/image\/\",\"url\":\"\/\/www.gravatar.com\/avatar\/b06041ad78a6d3dd6b8d5ebf9704448e?s=96&#038;r=g&#038;d=mm\",\"contentUrl\":\"\/\/www.gravatar.com\/avatar\/b06041ad78a6d3dd6b8d5ebf9704448e?s=96&#038;r=g&#038;d=mm\",\"caption\":\"Malga\"},\"url\":\"https:\/\/tabernaculoprensadedios.com\/web\/author\/malga\/\"}]}<\/script>\n<!-- \/ Yoast SEO Premium plugin. -->","yoast_head_json":{"title":"Concilio Iglesia de Dios reconoce a mujeres destacada en labor ministerial y profesional - Tabernaculo Prensa de Dios","robots":{"index":"index","follow":"follow","max-snippet":"max-snippet:-1","max-image-preview":"max-image-preview:large","max-video-preview":"max-video-preview:-1"},"canonical":"https:\/\/tabernaculoprensadedios.com\/web\/concilio-iglesia-de-dios-reconoce-a-mujeres-destacada-en-labor-ministerial-y-profesional\/","og_locale":"es_ES","og_type":"article","og_title":"Concilio Iglesia de Dios reconoce a mujeres destacada en labor ministerial y profesional","og_description":"Como parte de la celebraci\u00f3n del D\u00eda Internacional de la Mujer, el Concilio de la Iglesia de Dios en el Rep\u00fablica Dominicana,\u00a0 reconoci\u00f3 a 14\u00a0 mujeres que en sus diferentes \u00e1reas ministerial y profesional\u00a0 que\u00a0 han contribuido al desarrollo y fortalecimiento de la denominaci\u00f3n cristiana en sus a\u00f1os de presencia en el pa\u00eds. Durante el &hellip;","og_url":"https:\/\/tabernaculoprensadedios.com\/web\/concilio-iglesia-de-dios-reconoce-a-mujeres-destacada-en-labor-ministerial-y-profesional\/","og_site_name":"Tabernaculo Prensa de Dios","article_published_time":"2021-03-08T23:00:48+00:00","article_modified_time":"2021-03-09T14:52:53+00:00","og_image":[{"width":1143,"height":717,"url":"https:\/\/tabernaculoprensadedios.com\/web\/wp-content\/uploads\/2021\/03\/obispo-reconoce-a-mujeres-2.jpeg","type":"image\/jpeg"}],"author":"Malga","twitter_card":"summary_large_image","twitter_creator":"@PrensadeDios","twitter_site":"@PrensadeDios","twitter_misc":{"Escrito por":"Malga","Tiempo de lectura":"2 minutos"},"schema":{"@context":"https:\/\/schema.org","@graph":[{"@type":"Article","@id":"https:\/\/tabernaculoprensadedios.com\/web\/concilio-iglesia-de-dios-reconoce-a-mujeres-destacada-en-labor-ministerial-y-profesional\/#article","isPartOf":{"@id":"https:\/\/tabernaculoprensadedios.com\/web\/concilio-iglesia-de-dios-reconoce-a-mujeres-destacada-en-labor-ministerial-y-profesional\/"},"author":{"name":"Malga","@id":"https:\/\/tabernaculoprensadedios.com\/web\/#\/schema\/person\/64ae3a8b2e245c8b8652b1294ca1860a"},"headline":"Concilio Iglesia de Dios reconoce a mujeres destacada en labor ministerial y profesional","datePublished":"2021-03-08T23:00:48+00:00","dateModified":"2021-03-09T14:52:53+00:00","mainEntityOfPage":{"@id":"https:\/\/tabernaculoprensadedios.com\/web\/concilio-iglesia-de-dios-reconoce-a-mujeres-destacada-en-labor-ministerial-y-profesional\/"},"wordCount":478,"commentCount":0,"publisher":{"@id":"https:\/\/tabernaculoprensadedios.com\/web\/#\/schema\/person\/bc0e069fef56b38e177db6f098ae0b6e"},"image":{"@id":"https:\/\/tabernaculoprensadedios.com\/web\/concilio-iglesia-de-dios-reconoce-a-mujeres-destacada-en-labor-ministerial-y-profesional\/#primaryimage"},"thumbnailUrl":"https:\/\/tabernaculoprensadedios.com\/web\/wp-content\/uploads\/2021\/03\/obispo-reconoce-a-mujeres-2.jpeg","inLanguage":"es","potentialAction":[{"@type":"CommentAction","name":"Comment","target":["https:\/\/tabernaculoprensadedios.com\/web\/concilio-iglesia-de-dios-reconoce-a-mujeres-destacada-en-labor-ministerial-y-profesional\/#respond"]}]},{"@type":"WebPage","@id":"https:\/\/tabernaculoprensadedios.com\/web\/concilio-iglesia-de-dios-reconoce-a-mujeres-destacada-en-labor-ministerial-y-profesional\/","url":"https:\/\/tabernaculoprensadedios.com\/web\/concilio-iglesia-de-dios-reconoce-a-mujeres-destacada-en-labor-ministerial-y-profesional\/","name":"Concilio Iglesia de Dios reconoce a mujeres destacada en labor ministerial y profesional - Tabernaculo Prensa de Dios","isPartOf":{"@id":"https:\/\/tabernaculoprensadedios.com\/web\/#website"},"primaryImageOfPage":{"@id":"https:\/\/tabernaculoprensadedios.com\/web\/concilio-iglesia-de-dios-reconoce-a-mujeres-destacada-en-labor-ministerial-y-profesional\/#primaryimage"},"image":{"@id":"https:\/\/tabernaculoprensadedios.com\/web\/concilio-iglesia-de-dios-reconoce-a-mujeres-destacada-en-labor-ministerial-y-profesional\/#primaryimage"},"thumbnailUrl":"https:\/\/tabernaculoprensadedios.com\/web\/wp-content\/uploads\/2021\/03\/obispo-reconoce-a-mujeres-2.jpeg","datePublished":"2021-03-08T23:00:48+00:00","dateModified":"2021-03-09T14:52:53+00:00","breadcrumb":{"@id":"https:\/\/tabernaculoprensadedios.com\/web\/concilio-iglesia-de-dios-reconoce-a-mujeres-destacada-en-labor-ministerial-y-profesional\/#breadcrumb"},"inLanguage":"es","potentialAction":[{"@type":"ReadAction","target":["https:\/\/tabernaculoprensadedios.com\/web\/concilio-iglesia-de-dios-reconoce-a-mujeres-destacada-en-labor-ministerial-y-profesional\/"]}]},{"@type":"ImageObject","inLanguage":"es","@id":"https:\/\/tabernaculoprensadedios.com\/web\/concilio-iglesia-de-dios-reconoce-a-mujeres-destacada-en-labor-ministerial-y-profesional\/#primaryimage","url":"https:\/\/tabernaculoprensadedios.com\/web\/wp-content\/uploads\/2021\/03\/obispo-reconoce-a-mujeres-2.jpeg","contentUrl":"https:\/\/tabernaculoprensadedios.com\/web\/wp-content\/uploads\/2021\/03\/obispo-reconoce-a-mujeres-2.jpeg","width":1143,"height":717},{"@type":"BreadcrumbList","@id":"https:\/\/tabernaculoprensadedios.com\/web\/concilio-iglesia-de-dios-reconoce-a-mujeres-destacada-en-labor-ministerial-y-profesional\/#breadcrumb","itemListElement":[{"@type":"ListItem","position":1,"name":"Portada","item":"https:\/\/tabernaculoprensadedios.com\/web\/"},{"@type":"ListItem","position":2,"name":"Concilio Iglesia de Dios reconoce a mujeres destacada en labor ministerial y profesional"}]},{"@type":"WebSite","@id":"https:\/\/tabernaculoprensadedios.com\/web\/#website","url":"https:\/\/tabernaculoprensadedios.com\/web\/","name":"Tabernaculo Prensa de Dios","description":"Un medio a la manera de Dios","publisher":{"@id":"https:\/\/tabernaculoprensadedios.com\/web\/#\/schema\/person\/bc0e069fef56b38e177db6f098ae0b6e"},"potentialAction":[{"@type":"SearchAction","target":{"@type":"EntryPoint","urlTemplate":"https:\/\/tabernaculoprensadedios.com\/web\/?s={search_term_string}"},"query-input":{"@type":"PropertyValueSpecification","valueRequired":true,"valueName":"search_term_string"}}],"inLanguage":"es"},{"@type":["Person","Organization"],"@id":"https:\/\/tabernaculoprensadedios.com\/web\/#\/schema\/person\/bc0e069fef56b38e177db6f098ae0b6e","name":"tabernaculo","image":{"@type":"ImageObject","inLanguage":"es","@id":"https:\/\/tabernaculoprensadedios.com\/web\/#\/schema\/person\/image\/","url":"https:\/\/tabernaculoprensadedios.com\/web\/wp-content\/uploads\/2015\/06\/login-logo1.png","contentUrl":"https:\/\/tabernaculoprensadedios.com\/web\/wp-content\/uploads\/2015\/06\/login-logo1.png","width":300,"height":118,"caption":"tabernaculo"},"logo":{"@id":"https:\/\/tabernaculoprensadedios.com\/web\/#\/schema\/person\/image\/"}},{"@type":"Person","@id":"https:\/\/tabernaculoprensadedios.com\/web\/#\/schema\/person\/64ae3a8b2e245c8b8652b1294ca1860a","name":"Malga","image":{"@type":"ImageObject","inLanguage":"es","@id":"https:\/\/tabernaculoprensadedios.com\/web\/#\/schema\/person\/image\/","url":"\/\/www.gravatar.com\/avatar\/b06041ad78a6d3dd6b8d5ebf9704448e?s=96&#038;r=g&#038;d=mm","contentUrl":"\/\/www.gravatar.com\/avatar\/b06041ad78a6d3dd6b8d5ebf9704448e?s=96&#038;r=g&#038;d=mm","caption":"Malga"},"url":"https:\/\/tabernaculoprensadedios.com\/web\/author\/malga\/"}]}},"_links":{"self":[{"href":"https:\/\/tabernaculoprensadedios.com\/web\/wp-json\/wp\/v2\/posts\/21257","targetHints":{"allow":["GET"]}}],"collection":[{"href":"https:\/\/tabernaculoprensadedios.com\/web\/wp-json\/wp\/v2\/posts"}],"about":[{"href":"https:\/\/tabernaculoprensadedios.com\/web\/wp-json\/wp\/v2\/types\/post"}],"author":[{"embeddable":true,"href":"https:\/\/tabernaculoprensadedios.com\/web\/wp-json\/wp\/v2\/users\/2"}],"replies":[{"embeddable":true,"href":"https:\/\/tabernaculoprensadedios.com\/web\/wp-json\/wp\/v2\/comments?post=21257"}],"version-history":[{"count":1,"href":"https:\/\/tabernaculoprensadedios.com\/web\/wp-json\/wp\/v2\/posts\/21257\/revisions"}],"predecessor-version":[{"id":21259,"href":"https:\/\/tabernaculoprensadedios.com\/web\/wp-json\/wp\/v2\/posts\/21257\/revisions\/21259"}],"wp:featuredmedia":[{"embeddable":true,"href":"https:\/\/tabernaculoprensadedios.com\/web\/wp-json\/wp\/v2\/media\/21258"}],"wp:attachment":[{"href":"https:\/\/tabernaculoprensadedios.com\/web\/wp-json\/wp\/v2\/media?parent=21257"}],"wp:term":[{"taxonomy":"category","embeddable":true,"href":"https:\/\/tabernaculoprensadedios.com\/web\/wp-json\/wp\/v2\/categories?post=21257"},{"taxonomy":"post_tag","embeddable":true,"href":"https:\/\/tabernaculoprensadedios.com\/web\/wp-json\/wp\/v2\/tags?post=21257"}],"curies":[{"name":"wp","href":"https:\/\/api.w.org\/{rel}","templated":true}]}}