{"id":21213,"date":"2021-03-03T00:49:42","date_gmt":"2021-03-03T00:49:42","guid":{"rendered":"http:\/\/tabernaculoprensadedios.com\/web\/?p=21213"},"modified":"2021-03-03T00:49:42","modified_gmt":"2021-03-03T00:49:42","slug":"el-cambio-esta-en-el-aire","status":"publish","type":"post","link":"https:\/\/tabernaculoprensadedios.com\/web\/el-cambio-esta-en-el-aire\/","title":{"rendered":"El cambio est\u00e1 en el aire"},"content":{"rendered":"<p><strong><em>ues he aqu\u00ed, yo creo cielos nuevos y una tierra nueva, y no ser\u00e1n recordadas las cosas primeras ni vendr\u00e1n a la memoria. <\/em><\/strong><strong><em>Isa\u00edas 65:17<\/em><\/strong><\/p>\n<p>Mientras me preparaba para entrar en el 2021, o\u00ed al Esp\u00edritu de Dios que dec\u00eda: \u201c\u00a1El cambio est\u00e1 en el aire!\u201d. El 2020 fue un a\u00f1o de reinicio y pausa divina en todos los niveles. Al principio del 2020, vi que el Se\u00f1or puso su mano en un bot\u00f3n grande y rojo que dec\u00eda <strong>\u201cREINICIO\u201d.<\/strong> Dios us\u00f3 ese a\u00f1o como un tiempo de reajuste hacia el prop\u00f3sito divino. Todo lo que pod\u00eda ser sacudido, se sacudi\u00f3 en alg\u00fan grado. Ahora, al entrar en el 2021 veo que la mano del Se\u00f1or ya no est\u00e1 sobre el bot\u00f3n de <strong>\u201cREINICIO\u201d<\/strong> y puls\u00f3 el bot\u00f3n de <strong>\u201cAVANCE\u201d.<\/strong> Muchas personas estuvieron dentro de un patr\u00f3n de espera. Un patr\u00f3n de retenci\u00f3n es un estado de espera, actividad o progreso suspendido. En las \u00faltimas dos semanas, mis sue\u00f1os estuvieron llenos de cambios, transiciones, <strong>\u201cCOSAS NUEVAS\u201d<\/strong> y despegue. No se pierdan el cambio. Es tiempo de prepararse para despegar de nuevo en este a\u00f1o 2021. No se queden atr\u00e1s. Dios los est\u00e1 sacando del lugar donde han estado \u201cdetenidos\u201d.<\/p>\n<p>A medida que continuamos avanzando en el 2021, el Se\u00f1or est\u00e1 extendiendo a los que permanecieron firmes y fieles, aumentando su nivel de influencia. Veo que los ministerios tienen que mejorar y adquirir nuevos edificios, porque la cosecha est\u00e1 aumentando. Este a\u00f1o los milagros aumentar\u00e1n dram\u00e1ticamente. Muchos comenzar\u00e1n a encontrar al \u201cDios de los milagros\u201d. Los milagros sin precedentes marcar\u00e1n el 2021.<\/p>\n<p>A principios de diciembre del 2020 tuve un sue\u00f1o donde la Iglesia en general estaba siendo renovada y reparada; se estaban poniendo nuevas capas de pintura y se estaban limpiando los armarios. El Se\u00f1or est\u00e1 limpiando lo que era t\u00f3xico y contaminaba; las cosas que sirvieron en el Cuerpo de Cristo en \u00e9pocas, temporadas y movimientos anteriores. Un nuevo nivel de pureza est\u00e1 surgiendo en el Cuerpo de Cristo. Contin\u00faen esperando un cambio de guardia, un levantamiento de lo nuevo y una ca\u00edda de lo viejo. M\u00e1s generales se ir\u00e1n a casa con el Se\u00f1or. Una nueva era continuar\u00e1 siendo introducida en el 2021. He aqu\u00ed que Dios est\u00e1 haciendo una cosa nueva. No miren a cosas anteriores o pasadas; porque estamos avanzando.<\/p>\n<p><strong>Isa\u00edas 43:18-19<\/strong> No os acord\u00e9is de las cosas pasadas, ni traig\u00e1is a memoria las cosas antiguas. He aqu\u00ed que yo hago cosa nueva; pronto saldr\u00e1 a luz; \u00bfno la conocer\u00e9is? Otra vez abrir\u00e9 camino en el desierto, y r\u00edos en la soledad.<\/p>\n<p><strong>Restauraci\u00f3n y restituci\u00f3n<\/strong><\/p>\n<p>Mientras oraba por el a\u00f1o 2021, record\u00e9 Jerem\u00edas 29:11-14. En este pasaje Dios hace una declaraci\u00f3n sobre Israel, mientras estaba en cautiverio y declara: \u201cPorque yo s\u00e9 los pensamientos que tengo acerca de vosotros, dice Jehov\u00e1, pensamientos de paz, y no de mal, para daros el fin que esper\u00e1is. Entonces me invocar\u00e9is, y vendr\u00e9is y orar\u00e9is a m\u00ed, y yo os oir\u00e9; y me buscar\u00e9is y me hallar\u00e9is, porque me buscar\u00e9is de todo vuestro coraz\u00f3n. Y ser\u00e9 hallado por vosotros, dice Jehov\u00e1, y har\u00e9 volver vuestra cautividad, y os reunir\u00e9 de todas las naciones y de todos los lugares adonde os arroj\u00e9, dice Jehov\u00e1; y os har\u00e9 volver al lugar de donde os hice llevar\u201d.<\/p>\n<p>En este pasaje la palabra <strong>\u201cRESTAURAR\u201d,<\/strong> en hebreo significa \u201cdevolver, restaurar, refrescar o reparar\u201d. Mientras oraba sobre esto, vi al Se\u00f1or juntando todos los pedazos de los corazones, las mentes, las emociones y los cuerpos que fueron destrozados en esta \u00faltima temporada. Muchos se sintieron de alguna manera fracturados y rotos. El 2021 ser\u00e1 un tiempo de restauraci\u00f3n para muchos. En Dios no falta nada ni se rompe nada. No s\u00f3lo ser\u00e1 un tiempo de restauraci\u00f3n, ser\u00e1 un tiempo de restituci\u00f3n. Donde el enemigo ha venido a robar, matar y destruir (Juan 10:10), el Se\u00f1or est\u00e1 diciendo que <strong>\u00a1YA FUE SUFICIENTE! <\/strong>Esta es la hora de la justicia de Dios. El Se\u00f1or est\u00e1 liberando la restituci\u00f3n en cada \u00e1rea que el enemigo toc\u00f3 o tom\u00f3. Cobren \u00e1nimo, amados, hay veredictos de la corte del Cielo que est\u00e1n siendo emitidos a su favor. Los ver\u00e1n manifestados en este nuevo a\u00f1o.<\/p>\n<p><strong>La reconstrucci\u00f3n<\/strong><\/p>\n<p>Durante un tiempo de oraci\u00f3n en agosto del a\u00f1o 2020, el Se\u00f1or comenz\u00f3 a hablarme sobre el 2021. Comenc\u00e9 a escuchar el pasaje de Isa\u00edas 61:4 en mi esp\u00edritu: \u201cReconstruir\u00e1n las ruinas antiguas, y restaurar\u00e1n los escombros de anta\u00f1o; reparar\u00e1n las ciudades en ruinas, y los escombros de muchas generaciones\u201d. El 2020 fue un a\u00f1o donde el Se\u00f1or permiti\u00f3 la exposici\u00f3n y el derribo de todo lo que no puede participar de lo nuevo. Tuve un sue\u00f1o en junio del 2020, donde el Se\u00f1or me mostr\u00f3 que \u00c9l estaba derribando a los que est\u00e1n en lugares altos y se exaltaron por encima de \u00c9l. Hay m\u00e1s exposici\u00f3n que viene sobre los que est\u00e1n en lugares de influencia.<\/p>\n<p><strong>Prep\u00e1rense para construir y plantar<\/strong><\/p>\n<p>A medida que esta tormenta comience a cambiar, comenzaremos a ver las cosas que necesitan ser reconstruidas y reparadas. Isa\u00edas 58:12 declara: \u201cTu pueblo reconstruir\u00e1 las ruinas antiguas y levantar\u00e1 los cimientos de anta\u00f1o; ser\u00e1s llamado \u2018reparador de muros derruidos\u2019, \u2018restaurador de calles transitables\u201d. \u00bfQu\u00e9 son las ruinas? La palabra <strong>\u201cRUINA\u201d <\/strong>describe un estado de decadencia o desintegraci\u00f3n (o un objeto en ese estado); un edificio, ciudad, etc. destruido o deteriorado; reducir algo hasta las ruinas; derrumbarse. Parte del mandato de Jerem\u00edas 1:10 es derribar y desarraigar, pero a menudo pasamos por alto la parte donde dice que debemos construir y plantar, en el lugar donde las cosas fueron desarraigadas. Cuando no volvemos a reparar o llenar los huecos, le damos al enemigo la oportunidad de construir y plantar lo que \u00e9l quiera.<\/p>\n<p>A medida que continuamos avanzando en el 2021 y m\u00e1s adelante en el a\u00f1o hebreo 5781, es importante que entendamos el significado de esta temporada. Una de las im\u00e1genes de la palabra para el 5781 est\u00e1 representada por un buey. Prof\u00e9ticamente, un buey representa la fuerza, la gracia apost\u00f3lica y la capacidad para llevar la carga. Incluso en medio de todo lo que est\u00e1 pasando, habr\u00e1 una gracia para construir y avanzar. Recuerda que las estaciones naturales no dictan las estaciones espirituales. Mientras perseveraba m\u00e1s en esto, el Se\u00f1or me record\u00f3 la historia de Nehem\u00edas. \u00c9l era el copero del rey. Su coraz\u00f3n se turb\u00f3 cuando escuch\u00f3 las noticias que su pueblo estaba en el exilio y el muro de Jerusal\u00e9n estaba devastado. Nehem\u00edas 1:3 dice: \u201cEllos me respondieron: Los que se libraron del destierro y se quedaron en la provincia est\u00e1n enfrentando una gran calamidad y humillaci\u00f3n. La muralla de Jerusal\u00e9n sigue derribada, con sus puertas consumidas por el fuego\u201d.<\/p>\n<p>Debemos tener en claro que cuando comencemos a construir y avanzar, habr\u00e1 oposici\u00f3n; habr\u00e1 quienes no tengan nuestro coraz\u00f3n y vendr\u00e1n contra nosotros para distraernos. Esto fue verdad para Nehem\u00edas. Cuando comenz\u00f3 a evaluar los da\u00f1os, Sanbalat, Tob\u00edas y Gesem vinieron contra Nehem\u00edas. Comenzaron a burlarse y a acusarlo de estar en rebeli\u00f3n contra el rey (Nehem\u00edas 2). La obediencia radical parecer\u00e1 rebeli\u00f3n para los que no entienden. Cuando comencemos a construir, es importante conocer a nuestro enemigo o su oposici\u00f3n (Efesios 6:12).<\/p>\n<p>Los sanbalats llevan un esp\u00edritu de distracci\u00f3n y son un enemigo en secreto. Los \u201csanbalatinos\u201d son lobos con piel de oveja. Sanbalat estaba bajo el gobierno del rey, igual que Nehem\u00edas, pero lo odiaba. Debemos ser capaces de reconocer y discernir a los Judas. Los Sanbalat llevan un esp\u00edritu religioso. Cuando Dios aumenta nuestra influencia en el Cielo y en la tierra, el diablo enviar\u00e1 personas a nuestra vida con la intenci\u00f3n de desviarnos de nuestro destino. Seamos perspicaces.<\/p>\n<p>Tob\u00edas significa \u201cel Se\u00f1or es bueno\u201d. Cuando construyamos, debemos estar conscientes de aquellos que llamamos \u201cfamilia en el Se\u00f1or\u201d, pero perdieron el entendimiento sobre la direcci\u00f3n hacia d\u00f3nde nos dirigimos. A medida que avanzamos, habr\u00e1 quienes no tengan la capacidad para seguir con nosotros. El enemigo puede manipular personas buenas para que se conviertan en enemigos de nuestro destino. No se amarguen; bend\u00edganlos y sigan adelante. A veces hay que separarse para multiplicarse.<\/p>\n<p>Gesem significa \u201ctormenta de lluvia\u201d. Los gesems son nuestros enemigos a la vista. Identificar la resistencia demon\u00edaca contra nuestra vida, nos ayuda a dirigir nuestra batalla. Para que podamos ser efectivos, debemos conocer y discernir los principados y las fortalezas en nuestras regiones. A lo largo del libro de Nehem\u00edas, estos tres vinieron en contra suya de manera implacable. Trataron de distraerlo, conspiraron contra \u00e9l, lo calumniaron y lo acusaron, incluso conspiraron para matarlo. Dios fue fiel para guardar a Nehem\u00edas y expuso los planes del enemigo en cada oportunidad.<\/p>\n<p><strong>Nehem\u00edas 4:14-16<\/strong> dice: \u201cLuego de examinar la situaci\u00f3n, me levant\u00e9 y dije a los nobles y gobernantes, y al resto del pueblo: \u00a1No les tengan miedo! Acu\u00e9rdense del Se\u00f1or, que es grande y temible, y peleen por sus hermanos, por sus hijos e hijas, y por sus esposas y sus hogares\u2019. Una vez que nuestros enemigos se dieron cuenta de que conoc\u00edamos sus intenciones y que Dios hab\u00eda frustrado sus planes, todos regresamos a la muralla, cada uno a su trabajo. A partir de aquel d\u00eda la mitad de mi gente trabajaba en la obra, mientras la otra mitad permanec\u00eda armada con lanzas, escudos, arcos y corazas. Los jefes estaban pendientes de toda la gente de Jud\u00e1\u201d.<\/p>\n<p>Dios fue fiel con Su Pueblo y lo protegi\u00f3. A lo largo del libro de Nehem\u00edas dice que el Se\u00f1or fortaleci\u00f3 sus manos para hacer el trabajo (Nehem\u00edas 2:18). Dios est\u00e1 liberando una gracia sobre ustedes para tener \u00e9xito y vencer. \u00c9l les dar\u00e1 poder para completar la obra que estableci\u00f3 en su coraz\u00f3n. (Madeline James)<\/p>\n<p>Con amor y oraciones,<\/p>\n","protected":false},"excerpt":{"rendered":"<p>ues he aqu\u00ed, yo creo cielos nuevos y una tierra nueva, y no ser\u00e1n recordadas las cosas primeras ni vendr\u00e1n a la memoria. Isa\u00edas 65:17 Mientras me preparaba para entrar en el 2021, o\u00ed al Esp\u00edritu de Dios que dec\u00eda: \u201c\u00a1El cambio est\u00e1 en el aire!\u201d. El 2020 fue un a\u00f1o de reinicio y pausa &hellip;<\/p>\n","protected":false},"author":1,"featured_media":21214,"comment_status":"open","ping_status":"open","sticky":false,"template":"","format":"standard","meta":{"footnotes":""},"categories":[38],"tags":[],"class_list":["post-21213","post","type-post","status-publish","format-standard","has-post-thumbnail","hentry","category-principal"],"yoast_head":"<!-- This site is optimized with the Yoast SEO Premium plugin v24.2 (Yoast SEO v27.1.1) - https:\/\/yoast.com\/product\/yoast-seo-premium-wordpress\/ -->\n<title>El cambio est\u00e1 en el aire - Tabernaculo Prensa de Dios<\/title>\n<meta name=\"robots\" content=\"index, follow, max-snippet:-1, max-image-preview:large, max-video-preview:-1\" \/>\n<link rel=\"canonical\" href=\"https:\/\/tabernaculoprensadedios.com\/web\/el-cambio-esta-en-el-aire\/\" class=\"yoast-seo-meta-tag\" \/>\n<meta property=\"og:locale\" content=\"es_ES\" class=\"yoast-seo-meta-tag\" \/>\n<meta property=\"og:type\" content=\"article\" class=\"yoast-seo-meta-tag\" \/>\n<meta property=\"og:title\" content=\"El cambio est\u00e1 en el aire\" class=\"yoast-seo-meta-tag\" \/>\n<meta property=\"og:description\" content=\"ues he aqu\u00ed, yo creo cielos nuevos y una tierra nueva, y no ser\u00e1n recordadas las cosas primeras ni vendr\u00e1n a la memoria. Isa\u00edas 65:17 Mientras me preparaba para entrar en el 2021, o\u00ed al Esp\u00edritu de Dios que dec\u00eda: \u201c\u00a1El cambio est\u00e1 en el aire!\u201d. El 2020 fue un a\u00f1o de reinicio y pausa &hellip;\" class=\"yoast-seo-meta-tag\" \/>\n<meta property=\"og:url\" content=\"https:\/\/tabernaculoprensadedios.com\/web\/el-cambio-esta-en-el-aire\/\" class=\"yoast-seo-meta-tag\" \/>\n<meta property=\"og:site_name\" content=\"Tabernaculo Prensa de Dios\" class=\"yoast-seo-meta-tag\" \/>\n<meta property=\"article:published_time\" content=\"2021-03-03T00:49:42+00:00\" class=\"yoast-seo-meta-tag\" \/>\n<meta property=\"og:image\" content=\"https:\/\/tabernaculoprensadedios.com\/web\/wp-content\/uploads\/2021\/03\/aire.jpg\" class=\"yoast-seo-meta-tag\" \/>\n\t<meta property=\"og:image:width\" content=\"1280\" class=\"yoast-seo-meta-tag\" \/>\n\t<meta property=\"og:image:height\" content=\"850\" class=\"yoast-seo-meta-tag\" \/>\n\t<meta property=\"og:image:type\" content=\"image\/jpeg\" class=\"yoast-seo-meta-tag\" \/>\n<meta name=\"author\" content=\"tabernaculo\" class=\"yoast-seo-meta-tag\" \/>\n<meta name=\"twitter:card\" content=\"summary_large_image\" class=\"yoast-seo-meta-tag\" \/>\n<meta name=\"twitter:creator\" content=\"@PrensadeDios\" class=\"yoast-seo-meta-tag\" \/>\n<meta name=\"twitter:site\" content=\"@PrensadeDios\" class=\"yoast-seo-meta-tag\" \/>\n<meta name=\"twitter:label1\" content=\"Escrito por\" class=\"yoast-seo-meta-tag\" \/>\n\t<meta name=\"twitter:data1\" content=\"tabernaculo\" class=\"yoast-seo-meta-tag\" \/>\n\t<meta name=\"twitter:label2\" content=\"Tiempo de lectura\" class=\"yoast-seo-meta-tag\" \/>\n\t<meta name=\"twitter:data2\" content=\"9 minutos\" class=\"yoast-seo-meta-tag\" \/>\n<script type=\"application\/ld+json\" class=\"yoast-schema-graph\">{\"@context\":\"https:\/\/schema.org\",\"@graph\":[{\"@type\":\"Article\",\"@id\":\"https:\/\/tabernaculoprensadedios.com\/web\/el-cambio-esta-en-el-aire\/#article\",\"isPartOf\":{\"@id\":\"https:\/\/tabernaculoprensadedios.com\/web\/el-cambio-esta-en-el-aire\/\"},\"author\":{\"name\":\"tabernaculo\",\"@id\":\"https:\/\/tabernaculoprensadedios.com\/web\/#\/schema\/person\/bc0e069fef56b38e177db6f098ae0b6e\"},\"headline\":\"El cambio est\u00e1 en el aire\",\"datePublished\":\"2021-03-03T00:49:42+00:00\",\"mainEntityOfPage\":{\"@id\":\"https:\/\/tabernaculoprensadedios.com\/web\/el-cambio-esta-en-el-aire\/\"},\"wordCount\":1733,\"commentCount\":0,\"publisher\":{\"@id\":\"https:\/\/tabernaculoprensadedios.com\/web\/#\/schema\/person\/bc0e069fef56b38e177db6f098ae0b6e\"},\"image\":{\"@id\":\"https:\/\/tabernaculoprensadedios.com\/web\/el-cambio-esta-en-el-aire\/#primaryimage\"},\"thumbnailUrl\":\"https:\/\/tabernaculoprensadedios.com\/web\/wp-content\/uploads\/2021\/03\/aire.jpg\",\"articleSection\":[\"Principal\"],\"inLanguage\":\"es\",\"potentialAction\":[{\"@type\":\"CommentAction\",\"name\":\"Comment\",\"target\":[\"https:\/\/tabernaculoprensadedios.com\/web\/el-cambio-esta-en-el-aire\/#respond\"]}]},{\"@type\":\"WebPage\",\"@id\":\"https:\/\/tabernaculoprensadedios.com\/web\/el-cambio-esta-en-el-aire\/\",\"url\":\"https:\/\/tabernaculoprensadedios.com\/web\/el-cambio-esta-en-el-aire\/\",\"name\":\"El cambio est\u00e1 en el aire - Tabernaculo Prensa de Dios\",\"isPartOf\":{\"@id\":\"https:\/\/tabernaculoprensadedios.com\/web\/#website\"},\"primaryImageOfPage\":{\"@id\":\"https:\/\/tabernaculoprensadedios.com\/web\/el-cambio-esta-en-el-aire\/#primaryimage\"},\"image\":{\"@id\":\"https:\/\/tabernaculoprensadedios.com\/web\/el-cambio-esta-en-el-aire\/#primaryimage\"},\"thumbnailUrl\":\"https:\/\/tabernaculoprensadedios.com\/web\/wp-content\/uploads\/2021\/03\/aire.jpg\",\"datePublished\":\"2021-03-03T00:49:42+00:00\",\"breadcrumb\":{\"@id\":\"https:\/\/tabernaculoprensadedios.com\/web\/el-cambio-esta-en-el-aire\/#breadcrumb\"},\"inLanguage\":\"es\",\"potentialAction\":[{\"@type\":\"ReadAction\",\"target\":[\"https:\/\/tabernaculoprensadedios.com\/web\/el-cambio-esta-en-el-aire\/\"]}]},{\"@type\":\"ImageObject\",\"inLanguage\":\"es\",\"@id\":\"https:\/\/tabernaculoprensadedios.com\/web\/el-cambio-esta-en-el-aire\/#primaryimage\",\"url\":\"https:\/\/tabernaculoprensadedios.com\/web\/wp-content\/uploads\/2021\/03\/aire.jpg\",\"contentUrl\":\"https:\/\/tabernaculoprensadedios.com\/web\/wp-content\/uploads\/2021\/03\/aire.jpg\",\"width\":1280,\"height\":850},{\"@type\":\"BreadcrumbList\",\"@id\":\"https:\/\/tabernaculoprensadedios.com\/web\/el-cambio-esta-en-el-aire\/#breadcrumb\",\"itemListElement\":[{\"@type\":\"ListItem\",\"position\":1,\"name\":\"Portada\",\"item\":\"https:\/\/tabernaculoprensadedios.com\/web\/\"},{\"@type\":\"ListItem\",\"position\":2,\"name\":\"El cambio est\u00e1 en el aire\"}]},{\"@type\":\"WebSite\",\"@id\":\"https:\/\/tabernaculoprensadedios.com\/web\/#website\",\"url\":\"https:\/\/tabernaculoprensadedios.com\/web\/\",\"name\":\"Tabernaculo Prensa de Dios\",\"description\":\"Un medio a la manera de Dios\",\"publisher\":{\"@id\":\"https:\/\/tabernaculoprensadedios.com\/web\/#\/schema\/person\/bc0e069fef56b38e177db6f098ae0b6e\"},\"potentialAction\":[{\"@type\":\"SearchAction\",\"target\":{\"@type\":\"EntryPoint\",\"urlTemplate\":\"https:\/\/tabernaculoprensadedios.com\/web\/?s={search_term_string}\"},\"query-input\":{\"@type\":\"PropertyValueSpecification\",\"valueRequired\":true,\"valueName\":\"search_term_string\"}}],\"inLanguage\":\"es\"},{\"@type\":[\"Person\",\"Organization\"],\"@id\":\"https:\/\/tabernaculoprensadedios.com\/web\/#\/schema\/person\/bc0e069fef56b38e177db6f098ae0b6e\",\"name\":\"tabernaculo\",\"image\":{\"@type\":\"ImageObject\",\"inLanguage\":\"es\",\"@id\":\"https:\/\/tabernaculoprensadedios.com\/web\/#\/schema\/person\/image\/\",\"url\":\"https:\/\/tabernaculoprensadedios.com\/web\/wp-content\/uploads\/2015\/06\/login-logo1.png\",\"contentUrl\":\"https:\/\/tabernaculoprensadedios.com\/web\/wp-content\/uploads\/2015\/06\/login-logo1.png\",\"width\":300,\"height\":118,\"caption\":\"tabernaculo\"},\"logo\":{\"@id\":\"https:\/\/tabernaculoprensadedios.com\/web\/#\/schema\/person\/image\/\"},\"url\":\"https:\/\/tabernaculoprensadedios.com\/web\/author\/tabernaculo\/\"}]}<\/script>\n<!-- \/ Yoast SEO Premium plugin. -->","yoast_head_json":{"title":"El cambio est\u00e1 en el aire - Tabernaculo Prensa de Dios","robots":{"index":"index","follow":"follow","max-snippet":"max-snippet:-1","max-image-preview":"max-image-preview:large","max-video-preview":"max-video-preview:-1"},"canonical":"https:\/\/tabernaculoprensadedios.com\/web\/el-cambio-esta-en-el-aire\/","og_locale":"es_ES","og_type":"article","og_title":"El cambio est\u00e1 en el aire","og_description":"ues he aqu\u00ed, yo creo cielos nuevos y una tierra nueva, y no ser\u00e1n recordadas las cosas primeras ni vendr\u00e1n a la memoria. Isa\u00edas 65:17 Mientras me preparaba para entrar en el 2021, o\u00ed al Esp\u00edritu de Dios que dec\u00eda: \u201c\u00a1El cambio est\u00e1 en el aire!\u201d. El 2020 fue un a\u00f1o de reinicio y pausa &hellip;","og_url":"https:\/\/tabernaculoprensadedios.com\/web\/el-cambio-esta-en-el-aire\/","og_site_name":"Tabernaculo Prensa de Dios","article_published_time":"2021-03-03T00:49:42+00:00","og_image":[{"width":1280,"height":850,"url":"https:\/\/tabernaculoprensadedios.com\/web\/wp-content\/uploads\/2021\/03\/aire.jpg","type":"image\/jpeg"}],"author":"tabernaculo","twitter_card":"summary_large_image","twitter_creator":"@PrensadeDios","twitter_site":"@PrensadeDios","twitter_misc":{"Escrito por":"tabernaculo","Tiempo de lectura":"9 minutos"},"schema":{"@context":"https:\/\/schema.org","@graph":[{"@type":"Article","@id":"https:\/\/tabernaculoprensadedios.com\/web\/el-cambio-esta-en-el-aire\/#article","isPartOf":{"@id":"https:\/\/tabernaculoprensadedios.com\/web\/el-cambio-esta-en-el-aire\/"},"author":{"name":"tabernaculo","@id":"https:\/\/tabernaculoprensadedios.com\/web\/#\/schema\/person\/bc0e069fef56b38e177db6f098ae0b6e"},"headline":"El cambio est\u00e1 en el aire","datePublished":"2021-03-03T00:49:42+00:00","mainEntityOfPage":{"@id":"https:\/\/tabernaculoprensadedios.com\/web\/el-cambio-esta-en-el-aire\/"},"wordCount":1733,"commentCount":0,"publisher":{"@id":"https:\/\/tabernaculoprensadedios.com\/web\/#\/schema\/person\/bc0e069fef56b38e177db6f098ae0b6e"},"image":{"@id":"https:\/\/tabernaculoprensadedios.com\/web\/el-cambio-esta-en-el-aire\/#primaryimage"},"thumbnailUrl":"https:\/\/tabernaculoprensadedios.com\/web\/wp-content\/uploads\/2021\/03\/aire.jpg","articleSection":["Principal"],"inLanguage":"es","potentialAction":[{"@type":"CommentAction","name":"Comment","target":["https:\/\/tabernaculoprensadedios.com\/web\/el-cambio-esta-en-el-aire\/#respond"]}]},{"@type":"WebPage","@id":"https:\/\/tabernaculoprensadedios.com\/web\/el-cambio-esta-en-el-aire\/","url":"https:\/\/tabernaculoprensadedios.com\/web\/el-cambio-esta-en-el-aire\/","name":"El cambio est\u00e1 en el aire - Tabernaculo Prensa de Dios","isPartOf":{"@id":"https:\/\/tabernaculoprensadedios.com\/web\/#website"},"primaryImageOfPage":{"@id":"https:\/\/tabernaculoprensadedios.com\/web\/el-cambio-esta-en-el-aire\/#primaryimage"},"image":{"@id":"https:\/\/tabernaculoprensadedios.com\/web\/el-cambio-esta-en-el-aire\/#primaryimage"},"thumbnailUrl":"https:\/\/tabernaculoprensadedios.com\/web\/wp-content\/uploads\/2021\/03\/aire.jpg","datePublished":"2021-03-03T00:49:42+00:00","breadcrumb":{"@id":"https:\/\/tabernaculoprensadedios.com\/web\/el-cambio-esta-en-el-aire\/#breadcrumb"},"inLanguage":"es","potentialAction":[{"@type":"ReadAction","target":["https:\/\/tabernaculoprensadedios.com\/web\/el-cambio-esta-en-el-aire\/"]}]},{"@type":"ImageObject","inLanguage":"es","@id":"https:\/\/tabernaculoprensadedios.com\/web\/el-cambio-esta-en-el-aire\/#primaryimage","url":"https:\/\/tabernaculoprensadedios.com\/web\/wp-content\/uploads\/2021\/03\/aire.jpg","contentUrl":"https:\/\/tabernaculoprensadedios.com\/web\/wp-content\/uploads\/2021\/03\/aire.jpg","width":1280,"height":850},{"@type":"BreadcrumbList","@id":"https:\/\/tabernaculoprensadedios.com\/web\/el-cambio-esta-en-el-aire\/#breadcrumb","itemListElement":[{"@type":"ListItem","position":1,"name":"Portada","item":"https:\/\/tabernaculoprensadedios.com\/web\/"},{"@type":"ListItem","position":2,"name":"El cambio est\u00e1 en el aire"}]},{"@type":"WebSite","@id":"https:\/\/tabernaculoprensadedios.com\/web\/#website","url":"https:\/\/tabernaculoprensadedios.com\/web\/","name":"Tabernaculo Prensa de Dios","description":"Un medio a la manera de Dios","publisher":{"@id":"https:\/\/tabernaculoprensadedios.com\/web\/#\/schema\/person\/bc0e069fef56b38e177db6f098ae0b6e"},"potentialAction":[{"@type":"SearchAction","target":{"@type":"EntryPoint","urlTemplate":"https:\/\/tabernaculoprensadedios.com\/web\/?s={search_term_string}"},"query-input":{"@type":"PropertyValueSpecification","valueRequired":true,"valueName":"search_term_string"}}],"inLanguage":"es"},{"@type":["Person","Organization"],"@id":"https:\/\/tabernaculoprensadedios.com\/web\/#\/schema\/person\/bc0e069fef56b38e177db6f098ae0b6e","name":"tabernaculo","image":{"@type":"ImageObject","inLanguage":"es","@id":"https:\/\/tabernaculoprensadedios.com\/web\/#\/schema\/person\/image\/","url":"https:\/\/tabernaculoprensadedios.com\/web\/wp-content\/uploads\/2015\/06\/login-logo1.png","contentUrl":"https:\/\/tabernaculoprensadedios.com\/web\/wp-content\/uploads\/2015\/06\/login-logo1.png","width":300,"height":118,"caption":"tabernaculo"},"logo":{"@id":"https:\/\/tabernaculoprensadedios.com\/web\/#\/schema\/person\/image\/"},"url":"https:\/\/tabernaculoprensadedios.com\/web\/author\/tabernaculo\/"}]}},"_links":{"self":[{"href":"https:\/\/tabernaculoprensadedios.com\/web\/wp-json\/wp\/v2\/posts\/21213","targetHints":{"allow":["GET"]}}],"collection":[{"href":"https:\/\/tabernaculoprensadedios.com\/web\/wp-json\/wp\/v2\/posts"}],"about":[{"href":"https:\/\/tabernaculoprensadedios.com\/web\/wp-json\/wp\/v2\/types\/post"}],"author":[{"embeddable":true,"href":"https:\/\/tabernaculoprensadedios.com\/web\/wp-json\/wp\/v2\/users\/1"}],"replies":[{"embeddable":true,"href":"https:\/\/tabernaculoprensadedios.com\/web\/wp-json\/wp\/v2\/comments?post=21213"}],"version-history":[{"count":1,"href":"https:\/\/tabernaculoprensadedios.com\/web\/wp-json\/wp\/v2\/posts\/21213\/revisions"}],"predecessor-version":[{"id":21215,"href":"https:\/\/tabernaculoprensadedios.com\/web\/wp-json\/wp\/v2\/posts\/21213\/revisions\/21215"}],"wp:featuredmedia":[{"embeddable":true,"href":"https:\/\/tabernaculoprensadedios.com\/web\/wp-json\/wp\/v2\/media\/21214"}],"wp:attachment":[{"href":"https:\/\/tabernaculoprensadedios.com\/web\/wp-json\/wp\/v2\/media?parent=21213"}],"wp:term":[{"taxonomy":"category","embeddable":true,"href":"https:\/\/tabernaculoprensadedios.com\/web\/wp-json\/wp\/v2\/categories?post=21213"},{"taxonomy":"post_tag","embeddable":true,"href":"https:\/\/tabernaculoprensadedios.com\/web\/wp-json\/wp\/v2\/tags?post=21213"}],"curies":[{"name":"wp","href":"https:\/\/api.w.org\/{rel}","templated":true}]}}