{"id":21207,"date":"2021-03-01T23:58:49","date_gmt":"2021-03-01T23:58:49","guid":{"rendered":"http:\/\/tabernaculoprensadedios.com\/web\/?p=21207"},"modified":"2021-03-01T23:58:49","modified_gmt":"2021-03-01T23:58:49","slug":"diga-el-debil-fuerte-soy","status":"publish","type":"post","link":"https:\/\/tabernaculoprensadedios.com\/web\/diga-el-debil-fuerte-soy\/","title":{"rendered":"Diga el d\u00e9bil fuerte soy"},"content":{"rendered":"<p><em><strong>Forjad espadas de vuestros azadones, lanzas de vuestras hoces; diga el d\u00e9bil: Fuerte soy. Joel 3:10<\/strong><\/em><\/p>\n<p>Recientemente, me despert\u00e9 a las 4 de la ma\u00f1ana mientras Dios me hablaba estas palabras: \u201cAs\u00ed como vieron al mundo cambiar para peor en un d\u00eda, que se convirti\u00f3 en meses en el a\u00f1o 2020, as\u00ed, en un d\u00eda, despertar\u00e9 el amanecer al Reino de Dios en el a\u00f1o 2021. Porque la gloria del Se\u00f1or cubrir\u00e1 la tierra como las aguas cubren el mar. \u00a1Miren! Mi pueblo est\u00e1 a punto de tomar su lugar en la tierra. El enemigo est\u00e1 debajo de sus pies porque est\u00e1n sentados Conmigo en los lugares celestiales. Est\u00e1n a punto de ver un despertar de Cristo en ustedes, la esperanza de gloria. Porque Yo estoy a punto de traer vida a Mi Pueblo, mientras ocurre un evento que tendr\u00e1 lugar para traer los repentinos despertares\u201d<\/p>\n<p><strong>Habacuc 2:14<\/strong>\u00a0Porque, as\u00ed como las aguas cubren los mares, as\u00ed tambi\u00e9n se llenar\u00e1 la tierra del conocimiento de la gloria del Se\u00f1or.<\/p>\n<p><strong>Tiempo para el vino nuevo<\/strong><\/p>\n<p>Veo a muchos corriendo en el mapa de los Estados Unidos para ocupar sus lugares de poder y autoridad, ya que este evento preceder\u00e1 al alineamiento para su nueva asignaci\u00f3n. Los veo caer en su lugar como un rompecabezas que est\u00e1 terminado, donde de repente, se puede ver la imagen completa. Entonces escuch\u00e9, \u201c\u00a1Abran el vino porque es tiempo de derramarlo!\u201d Entonces vi esta palabra tres veces:\u00a0<strong>\u201cLIBERAR, LIBERAR, LIBERAR\u201d<\/strong>\u00a0El Se\u00f1or dice: \u201c\u00a1Es tiempo de liberar lo que he estado trabajando en ustedes, porque el mayor peso de gloria que a\u00fan est\u00e1 por verse ser\u00e1 liberado a trav\u00e9s de Mi pueblo sobre la tierra!\u201d<\/p>\n<p><strong>Romanos 8:19<\/strong>\u00a0Porque el anhelo profundo de la creaci\u00f3n es aguardar ansiosamente la revelaci\u00f3n de los hijos de Dios.<\/p>\n<p><strong>Tengan Valent\u00eda<\/strong><\/p>\n<p>\u201cEscuch\u00e9 al Se\u00f1or decir: \u201cAnimo amigos M\u00edos. Yo les dar\u00e9 Mi coraz\u00f3n para que en los d\u00edas por venir lo compartan incluso en medio de la persecuci\u00f3n. Solo se volver\u00e1n m\u00e1s d\u00f3ciles a medida que la oscuridad se hace m\u00e1s fuerte, porque vendr\u00e1 el enemigo como r\u00edo, m\u00e1s el Esp\u00edritu de Jehov\u00e1 levantar\u00e1 bandera contra \u00e9l. \u00a0Y, hijos M\u00edos, ustedes ser\u00e1n ese estandarte mientras permanezcan en estos d\u00edas en justicia y verdadera santidad. \u00a1Oh!, dicen, \u00a1Pero me temo que no puedo hacer esto! \u00a1Soy un desastre! S\u00ed, pero les digo, mayor que esto es Mi Esp\u00edritu dentro de ustedes. Pueden y har\u00e1n todas las cosas en Cristo que los fortalece. Lo entender\u00e1n en los d\u00edas por venir. Les he estado mostrando a trav\u00e9s de estos d\u00edas duros que cuando son d\u00e9biles, entonces son fuertes y Mi fuerza es suficiente. Sabr\u00e1n que esto es cierto en los d\u00edas por venir\u201d.<\/p>\n<p><strong>1 corintios 1:26-29<\/strong>\u00a0Hermanos, consideren su propio llamamiento: No muchos de ustedes son sabios, seg\u00fan criterios meramente humanos; ni son muchos los poderosos ni muchos los de noble cuna. Pero Dios escogi\u00f3 lo insensato del mundo para avergonzar a los sabios, y escogi\u00f3 lo d\u00e9bil del mundo para avergonzar a los poderosos. Tambi\u00e9n escogi\u00f3 Dios lo m\u00e1s bajo y despreciado, y lo que no es nada, para anular lo que es, a fin de que en su presencia nadie pueda jactarse.<\/p>\n<p><strong>La unci\u00f3n para hacer grandes cosas<\/strong><\/p>\n<p>\u201cMuchos hombres y mujeres de la antig\u00fcedad, como lo dice Mi Palabra, enfrentaron dificultades insondables, pero cuando lleg\u00f3 el momento de que se cumpliera su prop\u00f3sito, los equip\u00e9, los ung\u00ed, los fortalec\u00ed e hicieron grandes haza\u00f1as. Todos estos\u00a0<strong>HOMBRES Y MUJERES\u00a0<\/strong>ten\u00edan debilidades como ustedes, pero cuando lleg\u00f3 el tiempo de que Mi gloria se revelara en la tierra, tuve que mostrar sus debilidades al mundo para que supieran que no es por la fuerza, ni por ning\u00fan poder, sino por Mi Esp\u00edritu que todos estos milagros se estaban realizando. \u00a1As\u00ed ser\u00e1 en los pr\u00f3ximos d\u00edas!\u201d<\/p>\n<p><strong>Hebreos 11:31-32<\/strong>\u00a0Por la fe Rayab la ramera no pereci\u00f3 juntamente con los desobedientes, habiendo recibido a los esp\u00edas en paz. \u00bfY qu\u00e9 m\u00e1s digo? Porque el tiempo me faltar\u00eda contando de Gede\u00f3n, de Barac, de Sans\u00f3n, de Jeft\u00e9, de David, as\u00ed como de Samuel y de los profetas; que por fe conquistaron reinos, hicieron justicia, alcanzaron promesas, taparon bocas de leones, apagaron fuegos impetuosos, evitaron filo de espada, sacaron fuerzas de debilidad, se hicieron fuertes en batallas, pusieron en fuga ej\u00e9rcitos extranjeros.<\/p>\n<p>\u201cAs\u00ed como Sans\u00f3n se fortaleci\u00f3 en su debilidad para cumplir el destino, que Yo le hab\u00eda dicho a trav\u00e9s del \u00e1ngel a su madre, as\u00ed Yo los fortalecer\u00e9 para el d\u00eda de su prop\u00f3sito. As\u00ed que no se preocupen ni se inquieten por sus debilidades, sino que digan los d\u00e9biles\u00a0<strong>\u201cSOY FUERTE\u201d<\/strong>\u00a0porque est\u00e1n a punto de ver los d\u00edas de El\u00edas frente a los profetas de Baal, y est\u00e1n a punto de ver los d\u00edas de Mois\u00e9s en el Mar Rojo, los d\u00edas de la valent\u00eda de Ester para un tiempo como este, y Rahab la ramera, que escondi\u00f3 con valent\u00eda a los esp\u00edas arriesgando su propia vida. Este valor fue una unci\u00f3n del Esp\u00edritu de Dios para hacer estas grandes cosas, y as\u00ed ser\u00e1 con Mi Pueblo en los d\u00edas que est\u00e1n por venir. As\u00ed que, no se preocupen por sus debilidades, porque cuando llegue el momento de hacer lo que nacieron para hacer, Yo los fortalecer\u00e9 con Mi Esp\u00edritu. Y entonces sabr\u00e1n que el\u00a0<strong>GRANDE\u00a0<\/strong>est\u00e1 dentro de ustedes y El har\u00e1 la obra, porque fiel es \u00c9l quien los llama y quien tambi\u00e9n lo har\u00e1. (1 Tesalonicenses 5:24) Sepan esto tambi\u00e9n: Son m\u00e1s los que est\u00e1n con ustedes que los que est\u00e1n con ellos (2 Reyes 6:16) y nunca los dejar\u00e9 ni los desamparar\u00e9.\u201d (Jo Ellen Stevens)<\/p>\n<p><strong>2 corintios 12:9-10<\/strong>\u00a0Cada vez \u00e9l me dijo: \u00abMi gracia es todo lo que necesitas; mi poder act\u00faa mejor en la debilidad\u00bb. As\u00ed que ahora me alegra jactarme de mis debilidades, para que el poder de Cristo pueda actuar a trav\u00e9s de m\u00ed. Es por esto por lo que me deleito en mis debilidades, y en los insultos, en privaciones, persecuciones y dificultades que sufro por Cristo. Pues, cuando soy d\u00e9bil, entonces soy fuerte.<\/p>\n","protected":false},"excerpt":{"rendered":"<p>Forjad espadas de vuestros azadones, lanzas de vuestras hoces; diga el d\u00e9bil: Fuerte soy. Joel 3:10 Recientemente, me despert\u00e9 a las 4 de la ma\u00f1ana mientras Dios me hablaba estas palabras: \u201cAs\u00ed como vieron al mundo cambiar para peor en un d\u00eda, que se convirti\u00f3 en meses en el a\u00f1o 2020, as\u00ed, en un d\u00eda, &hellip;<\/p>\n","protected":false},"author":2,"featured_media":21208,"comment_status":"open","ping_status":"open","sticky":false,"template":"","format":"standard","meta":{"footnotes":""},"categories":[34],"tags":[],"class_list":["post-21207","post","type-post","status-publish","format-standard","has-post-thumbnail","hentry","category-articulos"],"yoast_head":"<!-- This site is optimized with the Yoast SEO Premium plugin v24.2 (Yoast SEO v27.1.1) - https:\/\/yoast.com\/product\/yoast-seo-premium-wordpress\/ -->\n<title>Diga el d\u00e9bil fuerte soy - Tabernaculo Prensa de Dios<\/title>\n<meta name=\"robots\" content=\"index, follow, max-snippet:-1, max-image-preview:large, max-video-preview:-1\" \/>\n<link rel=\"canonical\" href=\"https:\/\/tabernaculoprensadedios.com\/web\/diga-el-debil-fuerte-soy\/\" class=\"yoast-seo-meta-tag\" \/>\n<meta property=\"og:locale\" content=\"es_ES\" class=\"yoast-seo-meta-tag\" \/>\n<meta property=\"og:type\" content=\"article\" class=\"yoast-seo-meta-tag\" \/>\n<meta property=\"og:title\" content=\"Diga el d\u00e9bil fuerte soy\" class=\"yoast-seo-meta-tag\" \/>\n<meta property=\"og:description\" content=\"Forjad espadas de vuestros azadones, lanzas de vuestras hoces; diga el d\u00e9bil: Fuerte soy. Joel 3:10 Recientemente, me despert\u00e9 a las 4 de la ma\u00f1ana mientras Dios me hablaba estas palabras: \u201cAs\u00ed como vieron al mundo cambiar para peor en un d\u00eda, que se convirti\u00f3 en meses en el a\u00f1o 2020, as\u00ed, en un d\u00eda, &hellip;\" class=\"yoast-seo-meta-tag\" \/>\n<meta property=\"og:url\" content=\"https:\/\/tabernaculoprensadedios.com\/web\/diga-el-debil-fuerte-soy\/\" class=\"yoast-seo-meta-tag\" \/>\n<meta property=\"og:site_name\" content=\"Tabernaculo Prensa de Dios\" class=\"yoast-seo-meta-tag\" \/>\n<meta property=\"article:published_time\" content=\"2021-03-01T23:58:49+00:00\" class=\"yoast-seo-meta-tag\" \/>\n<meta property=\"og:image\" content=\"https:\/\/tabernaculoprensadedios.com\/web\/wp-content\/uploads\/2021\/03\/hpg.jpg\" class=\"yoast-seo-meta-tag\" \/>\n\t<meta property=\"og:image:width\" content=\"626\" class=\"yoast-seo-meta-tag\" \/>\n\t<meta property=\"og:image:height\" content=\"413\" class=\"yoast-seo-meta-tag\" \/>\n\t<meta property=\"og:image:type\" content=\"image\/jpeg\" class=\"yoast-seo-meta-tag\" \/>\n<meta name=\"author\" content=\"Malga\" class=\"yoast-seo-meta-tag\" \/>\n<meta name=\"twitter:card\" content=\"summary_large_image\" class=\"yoast-seo-meta-tag\" \/>\n<meta name=\"twitter:creator\" content=\"@PrensadeDios\" class=\"yoast-seo-meta-tag\" \/>\n<meta name=\"twitter:site\" content=\"@PrensadeDios\" class=\"yoast-seo-meta-tag\" \/>\n<meta name=\"twitter:label1\" content=\"Escrito por\" class=\"yoast-seo-meta-tag\" \/>\n\t<meta name=\"twitter:data1\" content=\"Malga\" class=\"yoast-seo-meta-tag\" \/>\n\t<meta name=\"twitter:label2\" content=\"Tiempo de lectura\" class=\"yoast-seo-meta-tag\" \/>\n\t<meta name=\"twitter:data2\" content=\"5 minutos\" class=\"yoast-seo-meta-tag\" \/>\n<script type=\"application\/ld+json\" class=\"yoast-schema-graph\">{\"@context\":\"https:\/\/schema.org\",\"@graph\":[{\"@type\":\"Article\",\"@id\":\"https:\/\/tabernaculoprensadedios.com\/web\/diga-el-debil-fuerte-soy\/#article\",\"isPartOf\":{\"@id\":\"https:\/\/tabernaculoprensadedios.com\/web\/diga-el-debil-fuerte-soy\/\"},\"author\":{\"name\":\"Malga\",\"@id\":\"https:\/\/tabernaculoprensadedios.com\/web\/#\/schema\/person\/64ae3a8b2e245c8b8652b1294ca1860a\"},\"headline\":\"Diga el d\u00e9bil fuerte soy\",\"datePublished\":\"2021-03-01T23:58:49+00:00\",\"mainEntityOfPage\":{\"@id\":\"https:\/\/tabernaculoprensadedios.com\/web\/diga-el-debil-fuerte-soy\/\"},\"wordCount\":1095,\"commentCount\":0,\"publisher\":{\"@id\":\"https:\/\/tabernaculoprensadedios.com\/web\/#\/schema\/person\/bc0e069fef56b38e177db6f098ae0b6e\"},\"image\":{\"@id\":\"https:\/\/tabernaculoprensadedios.com\/web\/diga-el-debil-fuerte-soy\/#primaryimage\"},\"thumbnailUrl\":\"https:\/\/tabernaculoprensadedios.com\/web\/wp-content\/uploads\/2021\/03\/hpg.jpg\",\"articleSection\":[\"Articulos\"],\"inLanguage\":\"es\",\"potentialAction\":[{\"@type\":\"CommentAction\",\"name\":\"Comment\",\"target\":[\"https:\/\/tabernaculoprensadedios.com\/web\/diga-el-debil-fuerte-soy\/#respond\"]}]},{\"@type\":\"WebPage\",\"@id\":\"https:\/\/tabernaculoprensadedios.com\/web\/diga-el-debil-fuerte-soy\/\",\"url\":\"https:\/\/tabernaculoprensadedios.com\/web\/diga-el-debil-fuerte-soy\/\",\"name\":\"Diga el d\u00e9bil fuerte soy - Tabernaculo Prensa de Dios\",\"isPartOf\":{\"@id\":\"https:\/\/tabernaculoprensadedios.com\/web\/#website\"},\"primaryImageOfPage\":{\"@id\":\"https:\/\/tabernaculoprensadedios.com\/web\/diga-el-debil-fuerte-soy\/#primaryimage\"},\"image\":{\"@id\":\"https:\/\/tabernaculoprensadedios.com\/web\/diga-el-debil-fuerte-soy\/#primaryimage\"},\"thumbnailUrl\":\"https:\/\/tabernaculoprensadedios.com\/web\/wp-content\/uploads\/2021\/03\/hpg.jpg\",\"datePublished\":\"2021-03-01T23:58:49+00:00\",\"breadcrumb\":{\"@id\":\"https:\/\/tabernaculoprensadedios.com\/web\/diga-el-debil-fuerte-soy\/#breadcrumb\"},\"inLanguage\":\"es\",\"potentialAction\":[{\"@type\":\"ReadAction\",\"target\":[\"https:\/\/tabernaculoprensadedios.com\/web\/diga-el-debil-fuerte-soy\/\"]}]},{\"@type\":\"ImageObject\",\"inLanguage\":\"es\",\"@id\":\"https:\/\/tabernaculoprensadedios.com\/web\/diga-el-debil-fuerte-soy\/#primaryimage\",\"url\":\"https:\/\/tabernaculoprensadedios.com\/web\/wp-content\/uploads\/2021\/03\/hpg.jpg\",\"contentUrl\":\"https:\/\/tabernaculoprensadedios.com\/web\/wp-content\/uploads\/2021\/03\/hpg.jpg\",\"width\":626,\"height\":413},{\"@type\":\"BreadcrumbList\",\"@id\":\"https:\/\/tabernaculoprensadedios.com\/web\/diga-el-debil-fuerte-soy\/#breadcrumb\",\"itemListElement\":[{\"@type\":\"ListItem\",\"position\":1,\"name\":\"Portada\",\"item\":\"https:\/\/tabernaculoprensadedios.com\/web\/\"},{\"@type\":\"ListItem\",\"position\":2,\"name\":\"Diga el d\u00e9bil fuerte soy\"}]},{\"@type\":\"WebSite\",\"@id\":\"https:\/\/tabernaculoprensadedios.com\/web\/#website\",\"url\":\"https:\/\/tabernaculoprensadedios.com\/web\/\",\"name\":\"Tabernaculo Prensa de Dios\",\"description\":\"Un medio a la manera de Dios\",\"publisher\":{\"@id\":\"https:\/\/tabernaculoprensadedios.com\/web\/#\/schema\/person\/bc0e069fef56b38e177db6f098ae0b6e\"},\"potentialAction\":[{\"@type\":\"SearchAction\",\"target\":{\"@type\":\"EntryPoint\",\"urlTemplate\":\"https:\/\/tabernaculoprensadedios.com\/web\/?s={search_term_string}\"},\"query-input\":{\"@type\":\"PropertyValueSpecification\",\"valueRequired\":true,\"valueName\":\"search_term_string\"}}],\"inLanguage\":\"es\"},{\"@type\":[\"Person\",\"Organization\"],\"@id\":\"https:\/\/tabernaculoprensadedios.com\/web\/#\/schema\/person\/bc0e069fef56b38e177db6f098ae0b6e\",\"name\":\"tabernaculo\",\"image\":{\"@type\":\"ImageObject\",\"inLanguage\":\"es\",\"@id\":\"https:\/\/tabernaculoprensadedios.com\/web\/#\/schema\/person\/image\/\",\"url\":\"https:\/\/tabernaculoprensadedios.com\/web\/wp-content\/uploads\/2015\/06\/login-logo1.png\",\"contentUrl\":\"https:\/\/tabernaculoprensadedios.com\/web\/wp-content\/uploads\/2015\/06\/login-logo1.png\",\"width\":300,\"height\":118,\"caption\":\"tabernaculo\"},\"logo\":{\"@id\":\"https:\/\/tabernaculoprensadedios.com\/web\/#\/schema\/person\/image\/\"}},{\"@type\":\"Person\",\"@id\":\"https:\/\/tabernaculoprensadedios.com\/web\/#\/schema\/person\/64ae3a8b2e245c8b8652b1294ca1860a\",\"name\":\"Malga\",\"image\":{\"@type\":\"ImageObject\",\"inLanguage\":\"es\",\"@id\":\"https:\/\/tabernaculoprensadedios.com\/web\/#\/schema\/person\/image\/\",\"url\":\"\/\/www.gravatar.com\/avatar\/b06041ad78a6d3dd6b8d5ebf9704448e?s=96&#038;r=g&#038;d=mm\",\"contentUrl\":\"\/\/www.gravatar.com\/avatar\/b06041ad78a6d3dd6b8d5ebf9704448e?s=96&#038;r=g&#038;d=mm\",\"caption\":\"Malga\"},\"url\":\"https:\/\/tabernaculoprensadedios.com\/web\/author\/malga\/\"}]}<\/script>\n<!-- \/ Yoast SEO Premium plugin. -->","yoast_head_json":{"title":"Diga el d\u00e9bil fuerte soy - Tabernaculo Prensa de Dios","robots":{"index":"index","follow":"follow","max-snippet":"max-snippet:-1","max-image-preview":"max-image-preview:large","max-video-preview":"max-video-preview:-1"},"canonical":"https:\/\/tabernaculoprensadedios.com\/web\/diga-el-debil-fuerte-soy\/","og_locale":"es_ES","og_type":"article","og_title":"Diga el d\u00e9bil fuerte soy","og_description":"Forjad espadas de vuestros azadones, lanzas de vuestras hoces; diga el d\u00e9bil: Fuerte soy. Joel 3:10 Recientemente, me despert\u00e9 a las 4 de la ma\u00f1ana mientras Dios me hablaba estas palabras: \u201cAs\u00ed como vieron al mundo cambiar para peor en un d\u00eda, que se convirti\u00f3 en meses en el a\u00f1o 2020, as\u00ed, en un d\u00eda, &hellip;","og_url":"https:\/\/tabernaculoprensadedios.com\/web\/diga-el-debil-fuerte-soy\/","og_site_name":"Tabernaculo Prensa de Dios","article_published_time":"2021-03-01T23:58:49+00:00","og_image":[{"width":626,"height":413,"url":"https:\/\/tabernaculoprensadedios.com\/web\/wp-content\/uploads\/2021\/03\/hpg.jpg","type":"image\/jpeg"}],"author":"Malga","twitter_card":"summary_large_image","twitter_creator":"@PrensadeDios","twitter_site":"@PrensadeDios","twitter_misc":{"Escrito por":"Malga","Tiempo de lectura":"5 minutos"},"schema":{"@context":"https:\/\/schema.org","@graph":[{"@type":"Article","@id":"https:\/\/tabernaculoprensadedios.com\/web\/diga-el-debil-fuerte-soy\/#article","isPartOf":{"@id":"https:\/\/tabernaculoprensadedios.com\/web\/diga-el-debil-fuerte-soy\/"},"author":{"name":"Malga","@id":"https:\/\/tabernaculoprensadedios.com\/web\/#\/schema\/person\/64ae3a8b2e245c8b8652b1294ca1860a"},"headline":"Diga el d\u00e9bil fuerte soy","datePublished":"2021-03-01T23:58:49+00:00","mainEntityOfPage":{"@id":"https:\/\/tabernaculoprensadedios.com\/web\/diga-el-debil-fuerte-soy\/"},"wordCount":1095,"commentCount":0,"publisher":{"@id":"https:\/\/tabernaculoprensadedios.com\/web\/#\/schema\/person\/bc0e069fef56b38e177db6f098ae0b6e"},"image":{"@id":"https:\/\/tabernaculoprensadedios.com\/web\/diga-el-debil-fuerte-soy\/#primaryimage"},"thumbnailUrl":"https:\/\/tabernaculoprensadedios.com\/web\/wp-content\/uploads\/2021\/03\/hpg.jpg","articleSection":["Articulos"],"inLanguage":"es","potentialAction":[{"@type":"CommentAction","name":"Comment","target":["https:\/\/tabernaculoprensadedios.com\/web\/diga-el-debil-fuerte-soy\/#respond"]}]},{"@type":"WebPage","@id":"https:\/\/tabernaculoprensadedios.com\/web\/diga-el-debil-fuerte-soy\/","url":"https:\/\/tabernaculoprensadedios.com\/web\/diga-el-debil-fuerte-soy\/","name":"Diga el d\u00e9bil fuerte soy - Tabernaculo Prensa de Dios","isPartOf":{"@id":"https:\/\/tabernaculoprensadedios.com\/web\/#website"},"primaryImageOfPage":{"@id":"https:\/\/tabernaculoprensadedios.com\/web\/diga-el-debil-fuerte-soy\/#primaryimage"},"image":{"@id":"https:\/\/tabernaculoprensadedios.com\/web\/diga-el-debil-fuerte-soy\/#primaryimage"},"thumbnailUrl":"https:\/\/tabernaculoprensadedios.com\/web\/wp-content\/uploads\/2021\/03\/hpg.jpg","datePublished":"2021-03-01T23:58:49+00:00","breadcrumb":{"@id":"https:\/\/tabernaculoprensadedios.com\/web\/diga-el-debil-fuerte-soy\/#breadcrumb"},"inLanguage":"es","potentialAction":[{"@type":"ReadAction","target":["https:\/\/tabernaculoprensadedios.com\/web\/diga-el-debil-fuerte-soy\/"]}]},{"@type":"ImageObject","inLanguage":"es","@id":"https:\/\/tabernaculoprensadedios.com\/web\/diga-el-debil-fuerte-soy\/#primaryimage","url":"https:\/\/tabernaculoprensadedios.com\/web\/wp-content\/uploads\/2021\/03\/hpg.jpg","contentUrl":"https:\/\/tabernaculoprensadedios.com\/web\/wp-content\/uploads\/2021\/03\/hpg.jpg","width":626,"height":413},{"@type":"BreadcrumbList","@id":"https:\/\/tabernaculoprensadedios.com\/web\/diga-el-debil-fuerte-soy\/#breadcrumb","itemListElement":[{"@type":"ListItem","position":1,"name":"Portada","item":"https:\/\/tabernaculoprensadedios.com\/web\/"},{"@type":"ListItem","position":2,"name":"Diga el d\u00e9bil fuerte soy"}]},{"@type":"WebSite","@id":"https:\/\/tabernaculoprensadedios.com\/web\/#website","url":"https:\/\/tabernaculoprensadedios.com\/web\/","name":"Tabernaculo Prensa de Dios","description":"Un medio a la manera de Dios","publisher":{"@id":"https:\/\/tabernaculoprensadedios.com\/web\/#\/schema\/person\/bc0e069fef56b38e177db6f098ae0b6e"},"potentialAction":[{"@type":"SearchAction","target":{"@type":"EntryPoint","urlTemplate":"https:\/\/tabernaculoprensadedios.com\/web\/?s={search_term_string}"},"query-input":{"@type":"PropertyValueSpecification","valueRequired":true,"valueName":"search_term_string"}}],"inLanguage":"es"},{"@type":["Person","Organization"],"@id":"https:\/\/tabernaculoprensadedios.com\/web\/#\/schema\/person\/bc0e069fef56b38e177db6f098ae0b6e","name":"tabernaculo","image":{"@type":"ImageObject","inLanguage":"es","@id":"https:\/\/tabernaculoprensadedios.com\/web\/#\/schema\/person\/image\/","url":"https:\/\/tabernaculoprensadedios.com\/web\/wp-content\/uploads\/2015\/06\/login-logo1.png","contentUrl":"https:\/\/tabernaculoprensadedios.com\/web\/wp-content\/uploads\/2015\/06\/login-logo1.png","width":300,"height":118,"caption":"tabernaculo"},"logo":{"@id":"https:\/\/tabernaculoprensadedios.com\/web\/#\/schema\/person\/image\/"}},{"@type":"Person","@id":"https:\/\/tabernaculoprensadedios.com\/web\/#\/schema\/person\/64ae3a8b2e245c8b8652b1294ca1860a","name":"Malga","image":{"@type":"ImageObject","inLanguage":"es","@id":"https:\/\/tabernaculoprensadedios.com\/web\/#\/schema\/person\/image\/","url":"\/\/www.gravatar.com\/avatar\/b06041ad78a6d3dd6b8d5ebf9704448e?s=96&#038;r=g&#038;d=mm","contentUrl":"\/\/www.gravatar.com\/avatar\/b06041ad78a6d3dd6b8d5ebf9704448e?s=96&#038;r=g&#038;d=mm","caption":"Malga"},"url":"https:\/\/tabernaculoprensadedios.com\/web\/author\/malga\/"}]}},"_links":{"self":[{"href":"https:\/\/tabernaculoprensadedios.com\/web\/wp-json\/wp\/v2\/posts\/21207","targetHints":{"allow":["GET"]}}],"collection":[{"href":"https:\/\/tabernaculoprensadedios.com\/web\/wp-json\/wp\/v2\/posts"}],"about":[{"href":"https:\/\/tabernaculoprensadedios.com\/web\/wp-json\/wp\/v2\/types\/post"}],"author":[{"embeddable":true,"href":"https:\/\/tabernaculoprensadedios.com\/web\/wp-json\/wp\/v2\/users\/2"}],"replies":[{"embeddable":true,"href":"https:\/\/tabernaculoprensadedios.com\/web\/wp-json\/wp\/v2\/comments?post=21207"}],"version-history":[{"count":1,"href":"https:\/\/tabernaculoprensadedios.com\/web\/wp-json\/wp\/v2\/posts\/21207\/revisions"}],"predecessor-version":[{"id":21209,"href":"https:\/\/tabernaculoprensadedios.com\/web\/wp-json\/wp\/v2\/posts\/21207\/revisions\/21209"}],"wp:featuredmedia":[{"embeddable":true,"href":"https:\/\/tabernaculoprensadedios.com\/web\/wp-json\/wp\/v2\/media\/21208"}],"wp:attachment":[{"href":"https:\/\/tabernaculoprensadedios.com\/web\/wp-json\/wp\/v2\/media?parent=21207"}],"wp:term":[{"taxonomy":"category","embeddable":true,"href":"https:\/\/tabernaculoprensadedios.com\/web\/wp-json\/wp\/v2\/categories?post=21207"},{"taxonomy":"post_tag","embeddable":true,"href":"https:\/\/tabernaculoprensadedios.com\/web\/wp-json\/wp\/v2\/tags?post=21207"}],"curies":[{"name":"wp","href":"https:\/\/api.w.org\/{rel}","templated":true}]}}