{"id":21171,"date":"2021-02-25T23:09:16","date_gmt":"2021-02-25T23:09:16","guid":{"rendered":"http:\/\/tabernaculoprensadedios.com\/web\/?p=21171"},"modified":"2021-02-25T23:09:16","modified_gmt":"2021-02-25T23:09:16","slug":"codue-hace-llamado-a-reflexionar-en-el-aniversario-de-la-independencia-nacional","status":"publish","type":"post","link":"https:\/\/tabernaculoprensadedios.com\/web\/codue-hace-llamado-a-reflexionar-en-el-aniversario-de-la-independencia-nacional\/","title":{"rendered":"CODUE Hace llamado a reflexionar en el aniversario de la Independencia Nacional"},"content":{"rendered":"<p>Al efectuarse este s\u00e1bado 27 de febrero, el 177 aniversario de la Independencia Nacional, el Consejo Dominicano de Unidad Evang\u00e9lica (CODUE) manifiesta su preocupaci\u00f3n por los males que afectan al pa\u00eds e insta a la poblaci\u00f3n a reflexionar sobre los desaf\u00edos a asumir como sociedad en los \u00f3rdenes social, pol\u00edtico y econ\u00f3mico.<\/p>\n<p>CODUE, insta a los dominicanos a tomar en cuenta y consideraci\u00f3n el pensamiento y concepci\u00f3n de los Padres de la Patria, a afianzar nuestros valores y costumbres que nos definen como dominicanos que amamos esta naci\u00f3n, entender siempre que nuestra soberan\u00eda es un derecho sagrado e intransferible que nadie puede enajenar ni siquiera en forma parcial, porque ser\u00eda faltarle el respeto a los hombres y mujeres que participaron en la construcci\u00f3n de las bases de la Rep\u00fablica Dominicana.<\/p>\n<p><strong>Aumento de la canasta familiar <\/strong><\/p>\n<p>Como entidad de la sociedad, consideramos preocupante y alarmante, el panorama que se ha estado viviendo en la Rep\u00fablica Dominicana con el tema de los precios de los productos de la canasta b\u00e1sica y de los insumos a nivel internacional, sin dejar de mencionar los precios de los combustibles y el gas propano que utilizan las amas de casa.<\/p>\n<p>El gobierno del presidente Luis Abinader tiene que hacer inversiones importantes en el sector agropecuario dominicano, con el objetivo de que los alimentos se acerquen m\u00e1s a los consumidores, y utilizar los programas sociales para ir en auxilio de las familias menos pudientes y de escasos recursos econ\u00f3micos.<\/p>\n<p>Entendemos como instituci\u00f3n preocupada por el bienestar colectivo, que no podemos obviar el tema econ\u00f3mico enfocado en la reactivaci\u00f3n y, especialmente sobre la econom\u00eda popular, el impulso y apoyo de las peque\u00f1as y medianas empresas. Adem\u00e1s de otros temas sociales como los chiriperos, trabajadores informales y el apoyo a las ONG\u2019s.<strong>\u00a0<\/strong><\/p>\n<p><strong>Vacuna y escuela <\/strong><\/p>\n<p>El estado dominicano debe garantizar el derecho a la salud sin distinci\u00f3n alguna, permitiendo a las personas vivir dignamente, por lo que es prudente que las autoridades del Gabinete de Salud P\u00fablica puedan aplicar la vacuna a la poblaci\u00f3n sin distinci\u00f3n dando prioridad a los sectores m\u00e1s vulnerables de la poblaci\u00f3n.<\/p>\n<p>Para la apertura de las aulas y el retorno gradual de los estudiantes p\u00fablicos y privados, es de extrema urgencia que se ponga las condiciones necesarias de higiene en las aulas, profesores, directivos, que se cumplan con el derecho y los protocolos de seguridad requeridos, los cuales no se han dado a conocer todav\u00eda.<\/p>\n<p><strong>Ley de agua\u00a0 <\/strong><\/p>\n<p>Manifi\u00e9stanos preocupaci\u00f3n \u201cpor los diversos males que afectan nuestro pa\u00eds\u201d, como\u00a0\u00a0 la problem\u00e1tica de los recursos naturales, como el caso del agua y al saneamiento de los recursos acu\u00edferos requieren grandes inversiones, as\u00ed como de una reforma estructural e institucional seria y profunda para mejorar sustancialmente los servicios de agua potable y alcantarillado sanitario, pluvial y el saneamiento.<\/p>\n<p>Es necesario en este aspecto que exista una revisi\u00f3n a la \u201cley de agua\u201d, que cursa en el Congreso Nacional y que el Poder Ejecutivo\u00a0 \u00a0haga m\u00e1s inversiones econ\u00f3micas a fin de garantizar este derecho fundamental a la poblaci\u00f3n.<\/p>\n<p>Nuestra entidad cristiana, entiende que ser\u00e1 siempre de primera l\u00ednea defender el medio ambiente, puesto que la riqueza de nuestra naci\u00f3n depende en gran parte del respeto al medioambiente, y a la adecuada administraci\u00f3n de los recursos naturales. Es por eso que pedimos que se declare a Loma Miranda como Parque nacional.<\/p>\n<p><strong>Problema migratorio <\/strong><\/p>\n<p>Los problemas que viven hoy Hait\u00ed y Rep\u00fablica Dominicana, constituyen un producto hist\u00f3rico complejo, resultado de estilos de desarrollo diferentes que han conducido a desigualdades de crecimiento en ambas naciones, por lo que es menester implementar una pol\u00edtica migratoria \u201ctransparente y conveniente\u201d, ya que \u201cno es justo que el pa\u00eds tenga una carga migratoria sin criterios racionales e invirtiendo cuantiosos recursos econ\u00f3micos principalmente en el sector salud.<\/p>\n<p>Seguir creando las condiciones para el fortalecimiento de los procesos migratorios, el seguimiento de los planes de regulaci\u00f3n de nacionales haitianos, dejando claramente establecido que esto no debe ser un problema exclusivo de la Rep\u00fablica Dominicana, sino de los pa\u00edses que por d\u00e9cadas han mantenido relaciones \u201chist\u00f3ricas\u201d, con el vecino pa\u00eds. Pedimos que se trabaje en la industrializaci\u00f3n de la frontera.<\/p>\n<p><strong>Criminalidad y un sistema de justicia que actu\u00e9 apegado a la Constituci\u00f3n y las leyes <\/strong><\/p>\n<p>El CODUE, considera que debe seguir fortaleciendo pol\u00edticas p\u00fablicas \u201cque combata las causas, no las consecuencias de este flagelo, haciendo frente a la marginalidad, la corrupci\u00f3n estatal en todos los niveles, la violaci\u00f3n sistem\u00e1tica de los derechos humanos, y el estudio de los factores que causan reincidencia en delitos. La aprobaci\u00f3n definitiva del C\u00f3digo Penal y se mantenga el proyecto de ley que despenaliza el aborto en sus tres causales, sin modificaciones.<\/p>\n<p>Por lo que debe fortalecerse el sistema judicial y que este actu\u00e9 apegado a las Constituci\u00f3n y las leyes, ofreciendo respuestas adecuadas y a la altura de las actuales circunstancias, adem\u00e1s que exista un Ministerio P\u00fablico independiente como impulso a la lucha contra la corrupci\u00f3n p\u00fablica y administrativa que no muere en nuestro pa\u00eds.<\/p>\n","protected":false},"excerpt":{"rendered":"<p>Al efectuarse este s\u00e1bado 27 de febrero, el 177 aniversario de la Independencia Nacional, el Consejo Dominicano de Unidad Evang\u00e9lica (CODUE) manifiesta su preocupaci\u00f3n por los males que afectan al pa\u00eds e insta a la poblaci\u00f3n a reflexionar sobre los desaf\u00edos a asumir como sociedad en los \u00f3rdenes social, pol\u00edtico y econ\u00f3mico. CODUE, insta a &hellip;<\/p>\n","protected":false},"author":1,"featured_media":3518,"comment_status":"open","ping_status":"open","sticky":false,"template":"","format":"standard","meta":{"footnotes":""},"categories":[39],"tags":[],"class_list":["post-21171","post","type-post","status-publish","format-standard","has-post-thumbnail","hentry","category-almomento"],"yoast_head":"<!-- This site is optimized with the Yoast SEO Premium plugin v24.2 (Yoast SEO v27.1.1) - https:\/\/yoast.com\/product\/yoast-seo-premium-wordpress\/ -->\n<title>CODUE Hace llamado a reflexionar en el aniversario de la Independencia Nacional - Tabernaculo Prensa de Dios<\/title>\n<meta name=\"robots\" content=\"index, follow, max-snippet:-1, max-image-preview:large, max-video-preview:-1\" \/>\n<link rel=\"canonical\" href=\"https:\/\/tabernaculoprensadedios.com\/web\/codue-hace-llamado-a-reflexionar-en-el-aniversario-de-la-independencia-nacional\/\" class=\"yoast-seo-meta-tag\" \/>\n<meta property=\"og:locale\" content=\"es_ES\" class=\"yoast-seo-meta-tag\" \/>\n<meta property=\"og:type\" content=\"article\" class=\"yoast-seo-meta-tag\" \/>\n<meta property=\"og:title\" content=\"CODUE Hace llamado a reflexionar en el aniversario de la Independencia Nacional\" class=\"yoast-seo-meta-tag\" \/>\n<meta property=\"og:description\" content=\"Al efectuarse este s\u00e1bado 27 de febrero, el 177 aniversario de la Independencia Nacional, el Consejo Dominicano de Unidad Evang\u00e9lica (CODUE) manifiesta su preocupaci\u00f3n por los males que afectan al pa\u00eds e insta a la poblaci\u00f3n a reflexionar sobre los desaf\u00edos a asumir como sociedad en los \u00f3rdenes social, pol\u00edtico y econ\u00f3mico. CODUE, insta a &hellip;\" class=\"yoast-seo-meta-tag\" \/>\n<meta property=\"og:url\" content=\"https:\/\/tabernaculoprensadedios.com\/web\/codue-hace-llamado-a-reflexionar-en-el-aniversario-de-la-independencia-nacional\/\" class=\"yoast-seo-meta-tag\" \/>\n<meta property=\"og:site_name\" content=\"Tabernaculo Prensa de Dios\" class=\"yoast-seo-meta-tag\" \/>\n<meta property=\"article:published_time\" content=\"2021-02-25T23:09:16+00:00\" class=\"yoast-seo-meta-tag\" \/>\n<meta property=\"og:image\" content=\"https:\/\/tabernaculoprensadedios.com\/web\/wp-content\/uploads\/2015\/10\/banderass.jpg\" class=\"yoast-seo-meta-tag\" \/>\n\t<meta property=\"og:image:width\" content=\"442\" class=\"yoast-seo-meta-tag\" \/>\n\t<meta property=\"og:image:height\" content=\"212\" class=\"yoast-seo-meta-tag\" \/>\n\t<meta property=\"og:image:type\" content=\"image\/jpeg\" class=\"yoast-seo-meta-tag\" \/>\n<meta name=\"author\" content=\"tabernaculo\" class=\"yoast-seo-meta-tag\" \/>\n<meta name=\"twitter:card\" content=\"summary_large_image\" class=\"yoast-seo-meta-tag\" \/>\n<meta name=\"twitter:creator\" content=\"@PrensadeDios\" class=\"yoast-seo-meta-tag\" \/>\n<meta name=\"twitter:site\" content=\"@PrensadeDios\" class=\"yoast-seo-meta-tag\" \/>\n<meta name=\"twitter:label1\" content=\"Escrito por\" class=\"yoast-seo-meta-tag\" \/>\n\t<meta name=\"twitter:data1\" content=\"tabernaculo\" class=\"yoast-seo-meta-tag\" \/>\n\t<meta name=\"twitter:label2\" content=\"Tiempo de lectura\" class=\"yoast-seo-meta-tag\" \/>\n\t<meta name=\"twitter:data2\" content=\"4 minutos\" class=\"yoast-seo-meta-tag\" \/>\n<script type=\"application\/ld+json\" class=\"yoast-schema-graph\">{\"@context\":\"https:\/\/schema.org\",\"@graph\":[{\"@type\":\"Article\",\"@id\":\"https:\/\/tabernaculoprensadedios.com\/web\/codue-hace-llamado-a-reflexionar-en-el-aniversario-de-la-independencia-nacional\/#article\",\"isPartOf\":{\"@id\":\"https:\/\/tabernaculoprensadedios.com\/web\/codue-hace-llamado-a-reflexionar-en-el-aniversario-de-la-independencia-nacional\/\"},\"author\":{\"name\":\"tabernaculo\",\"@id\":\"https:\/\/tabernaculoprensadedios.com\/web\/#\/schema\/person\/bc0e069fef56b38e177db6f098ae0b6e\"},\"headline\":\"CODUE Hace llamado a reflexionar en el aniversario de la Independencia Nacional\",\"datePublished\":\"2021-02-25T23:09:16+00:00\",\"mainEntityOfPage\":{\"@id\":\"https:\/\/tabernaculoprensadedios.com\/web\/codue-hace-llamado-a-reflexionar-en-el-aniversario-de-la-independencia-nacional\/\"},\"wordCount\":906,\"commentCount\":0,\"publisher\":{\"@id\":\"https:\/\/tabernaculoprensadedios.com\/web\/#\/schema\/person\/bc0e069fef56b38e177db6f098ae0b6e\"},\"image\":{\"@id\":\"https:\/\/tabernaculoprensadedios.com\/web\/codue-hace-llamado-a-reflexionar-en-el-aniversario-de-la-independencia-nacional\/#primaryimage\"},\"thumbnailUrl\":\"https:\/\/tabernaculoprensadedios.com\/web\/wp-content\/uploads\/2015\/10\/banderass.jpg\",\"articleSection\":[\"almomento\"],\"inLanguage\":\"es\",\"potentialAction\":[{\"@type\":\"CommentAction\",\"name\":\"Comment\",\"target\":[\"https:\/\/tabernaculoprensadedios.com\/web\/codue-hace-llamado-a-reflexionar-en-el-aniversario-de-la-independencia-nacional\/#respond\"]}]},{\"@type\":\"WebPage\",\"@id\":\"https:\/\/tabernaculoprensadedios.com\/web\/codue-hace-llamado-a-reflexionar-en-el-aniversario-de-la-independencia-nacional\/\",\"url\":\"https:\/\/tabernaculoprensadedios.com\/web\/codue-hace-llamado-a-reflexionar-en-el-aniversario-de-la-independencia-nacional\/\",\"name\":\"CODUE Hace llamado a reflexionar en el aniversario de la Independencia Nacional - Tabernaculo Prensa de Dios\",\"isPartOf\":{\"@id\":\"https:\/\/tabernaculoprensadedios.com\/web\/#website\"},\"primaryImageOfPage\":{\"@id\":\"https:\/\/tabernaculoprensadedios.com\/web\/codue-hace-llamado-a-reflexionar-en-el-aniversario-de-la-independencia-nacional\/#primaryimage\"},\"image\":{\"@id\":\"https:\/\/tabernaculoprensadedios.com\/web\/codue-hace-llamado-a-reflexionar-en-el-aniversario-de-la-independencia-nacional\/#primaryimage\"},\"thumbnailUrl\":\"https:\/\/tabernaculoprensadedios.com\/web\/wp-content\/uploads\/2015\/10\/banderass.jpg\",\"datePublished\":\"2021-02-25T23:09:16+00:00\",\"breadcrumb\":{\"@id\":\"https:\/\/tabernaculoprensadedios.com\/web\/codue-hace-llamado-a-reflexionar-en-el-aniversario-de-la-independencia-nacional\/#breadcrumb\"},\"inLanguage\":\"es\",\"potentialAction\":[{\"@type\":\"ReadAction\",\"target\":[\"https:\/\/tabernaculoprensadedios.com\/web\/codue-hace-llamado-a-reflexionar-en-el-aniversario-de-la-independencia-nacional\/\"]}]},{\"@type\":\"ImageObject\",\"inLanguage\":\"es\",\"@id\":\"https:\/\/tabernaculoprensadedios.com\/web\/codue-hace-llamado-a-reflexionar-en-el-aniversario-de-la-independencia-nacional\/#primaryimage\",\"url\":\"https:\/\/tabernaculoprensadedios.com\/web\/wp-content\/uploads\/2015\/10\/banderass.jpg\",\"contentUrl\":\"https:\/\/tabernaculoprensadedios.com\/web\/wp-content\/uploads\/2015\/10\/banderass.jpg\",\"width\":442,\"height\":212},{\"@type\":\"BreadcrumbList\",\"@id\":\"https:\/\/tabernaculoprensadedios.com\/web\/codue-hace-llamado-a-reflexionar-en-el-aniversario-de-la-independencia-nacional\/#breadcrumb\",\"itemListElement\":[{\"@type\":\"ListItem\",\"position\":1,\"name\":\"Portada\",\"item\":\"https:\/\/tabernaculoprensadedios.com\/web\/\"},{\"@type\":\"ListItem\",\"position\":2,\"name\":\"CODUE Hace llamado a reflexionar en el aniversario de la Independencia Nacional\"}]},{\"@type\":\"WebSite\",\"@id\":\"https:\/\/tabernaculoprensadedios.com\/web\/#website\",\"url\":\"https:\/\/tabernaculoprensadedios.com\/web\/\",\"name\":\"Tabernaculo Prensa de Dios\",\"description\":\"Un medio a la manera de Dios\",\"publisher\":{\"@id\":\"https:\/\/tabernaculoprensadedios.com\/web\/#\/schema\/person\/bc0e069fef56b38e177db6f098ae0b6e\"},\"potentialAction\":[{\"@type\":\"SearchAction\",\"target\":{\"@type\":\"EntryPoint\",\"urlTemplate\":\"https:\/\/tabernaculoprensadedios.com\/web\/?s={search_term_string}\"},\"query-input\":{\"@type\":\"PropertyValueSpecification\",\"valueRequired\":true,\"valueName\":\"search_term_string\"}}],\"inLanguage\":\"es\"},{\"@type\":[\"Person\",\"Organization\"],\"@id\":\"https:\/\/tabernaculoprensadedios.com\/web\/#\/schema\/person\/bc0e069fef56b38e177db6f098ae0b6e\",\"name\":\"tabernaculo\",\"image\":{\"@type\":\"ImageObject\",\"inLanguage\":\"es\",\"@id\":\"https:\/\/tabernaculoprensadedios.com\/web\/#\/schema\/person\/image\/\",\"url\":\"https:\/\/tabernaculoprensadedios.com\/web\/wp-content\/uploads\/2015\/06\/login-logo1.png\",\"contentUrl\":\"https:\/\/tabernaculoprensadedios.com\/web\/wp-content\/uploads\/2015\/06\/login-logo1.png\",\"width\":300,\"height\":118,\"caption\":\"tabernaculo\"},\"logo\":{\"@id\":\"https:\/\/tabernaculoprensadedios.com\/web\/#\/schema\/person\/image\/\"},\"url\":\"https:\/\/tabernaculoprensadedios.com\/web\/author\/tabernaculo\/\"}]}<\/script>\n<!-- \/ Yoast SEO Premium plugin. -->","yoast_head_json":{"title":"CODUE Hace llamado a reflexionar en el aniversario de la Independencia Nacional - Tabernaculo Prensa de Dios","robots":{"index":"index","follow":"follow","max-snippet":"max-snippet:-1","max-image-preview":"max-image-preview:large","max-video-preview":"max-video-preview:-1"},"canonical":"https:\/\/tabernaculoprensadedios.com\/web\/codue-hace-llamado-a-reflexionar-en-el-aniversario-de-la-independencia-nacional\/","og_locale":"es_ES","og_type":"article","og_title":"CODUE Hace llamado a reflexionar en el aniversario de la Independencia Nacional","og_description":"Al efectuarse este s\u00e1bado 27 de febrero, el 177 aniversario de la Independencia Nacional, el Consejo Dominicano de Unidad Evang\u00e9lica (CODUE) manifiesta su preocupaci\u00f3n por los males que afectan al pa\u00eds e insta a la poblaci\u00f3n a reflexionar sobre los desaf\u00edos a asumir como sociedad en los \u00f3rdenes social, pol\u00edtico y econ\u00f3mico. CODUE, insta a &hellip;","og_url":"https:\/\/tabernaculoprensadedios.com\/web\/codue-hace-llamado-a-reflexionar-en-el-aniversario-de-la-independencia-nacional\/","og_site_name":"Tabernaculo Prensa de Dios","article_published_time":"2021-02-25T23:09:16+00:00","og_image":[{"width":442,"height":212,"url":"https:\/\/tabernaculoprensadedios.com\/web\/wp-content\/uploads\/2015\/10\/banderass.jpg","type":"image\/jpeg"}],"author":"tabernaculo","twitter_card":"summary_large_image","twitter_creator":"@PrensadeDios","twitter_site":"@PrensadeDios","twitter_misc":{"Escrito por":"tabernaculo","Tiempo de lectura":"4 minutos"},"schema":{"@context":"https:\/\/schema.org","@graph":[{"@type":"Article","@id":"https:\/\/tabernaculoprensadedios.com\/web\/codue-hace-llamado-a-reflexionar-en-el-aniversario-de-la-independencia-nacional\/#article","isPartOf":{"@id":"https:\/\/tabernaculoprensadedios.com\/web\/codue-hace-llamado-a-reflexionar-en-el-aniversario-de-la-independencia-nacional\/"},"author":{"name":"tabernaculo","@id":"https:\/\/tabernaculoprensadedios.com\/web\/#\/schema\/person\/bc0e069fef56b38e177db6f098ae0b6e"},"headline":"CODUE Hace llamado a reflexionar en el aniversario de la Independencia Nacional","datePublished":"2021-02-25T23:09:16+00:00","mainEntityOfPage":{"@id":"https:\/\/tabernaculoprensadedios.com\/web\/codue-hace-llamado-a-reflexionar-en-el-aniversario-de-la-independencia-nacional\/"},"wordCount":906,"commentCount":0,"publisher":{"@id":"https:\/\/tabernaculoprensadedios.com\/web\/#\/schema\/person\/bc0e069fef56b38e177db6f098ae0b6e"},"image":{"@id":"https:\/\/tabernaculoprensadedios.com\/web\/codue-hace-llamado-a-reflexionar-en-el-aniversario-de-la-independencia-nacional\/#primaryimage"},"thumbnailUrl":"https:\/\/tabernaculoprensadedios.com\/web\/wp-content\/uploads\/2015\/10\/banderass.jpg","articleSection":["almomento"],"inLanguage":"es","potentialAction":[{"@type":"CommentAction","name":"Comment","target":["https:\/\/tabernaculoprensadedios.com\/web\/codue-hace-llamado-a-reflexionar-en-el-aniversario-de-la-independencia-nacional\/#respond"]}]},{"@type":"WebPage","@id":"https:\/\/tabernaculoprensadedios.com\/web\/codue-hace-llamado-a-reflexionar-en-el-aniversario-de-la-independencia-nacional\/","url":"https:\/\/tabernaculoprensadedios.com\/web\/codue-hace-llamado-a-reflexionar-en-el-aniversario-de-la-independencia-nacional\/","name":"CODUE Hace llamado a reflexionar en el aniversario de la Independencia Nacional - Tabernaculo Prensa de Dios","isPartOf":{"@id":"https:\/\/tabernaculoprensadedios.com\/web\/#website"},"primaryImageOfPage":{"@id":"https:\/\/tabernaculoprensadedios.com\/web\/codue-hace-llamado-a-reflexionar-en-el-aniversario-de-la-independencia-nacional\/#primaryimage"},"image":{"@id":"https:\/\/tabernaculoprensadedios.com\/web\/codue-hace-llamado-a-reflexionar-en-el-aniversario-de-la-independencia-nacional\/#primaryimage"},"thumbnailUrl":"https:\/\/tabernaculoprensadedios.com\/web\/wp-content\/uploads\/2015\/10\/banderass.jpg","datePublished":"2021-02-25T23:09:16+00:00","breadcrumb":{"@id":"https:\/\/tabernaculoprensadedios.com\/web\/codue-hace-llamado-a-reflexionar-en-el-aniversario-de-la-independencia-nacional\/#breadcrumb"},"inLanguage":"es","potentialAction":[{"@type":"ReadAction","target":["https:\/\/tabernaculoprensadedios.com\/web\/codue-hace-llamado-a-reflexionar-en-el-aniversario-de-la-independencia-nacional\/"]}]},{"@type":"ImageObject","inLanguage":"es","@id":"https:\/\/tabernaculoprensadedios.com\/web\/codue-hace-llamado-a-reflexionar-en-el-aniversario-de-la-independencia-nacional\/#primaryimage","url":"https:\/\/tabernaculoprensadedios.com\/web\/wp-content\/uploads\/2015\/10\/banderass.jpg","contentUrl":"https:\/\/tabernaculoprensadedios.com\/web\/wp-content\/uploads\/2015\/10\/banderass.jpg","width":442,"height":212},{"@type":"BreadcrumbList","@id":"https:\/\/tabernaculoprensadedios.com\/web\/codue-hace-llamado-a-reflexionar-en-el-aniversario-de-la-independencia-nacional\/#breadcrumb","itemListElement":[{"@type":"ListItem","position":1,"name":"Portada","item":"https:\/\/tabernaculoprensadedios.com\/web\/"},{"@type":"ListItem","position":2,"name":"CODUE Hace llamado a reflexionar en el aniversario de la Independencia Nacional"}]},{"@type":"WebSite","@id":"https:\/\/tabernaculoprensadedios.com\/web\/#website","url":"https:\/\/tabernaculoprensadedios.com\/web\/","name":"Tabernaculo Prensa de Dios","description":"Un medio a la manera de Dios","publisher":{"@id":"https:\/\/tabernaculoprensadedios.com\/web\/#\/schema\/person\/bc0e069fef56b38e177db6f098ae0b6e"},"potentialAction":[{"@type":"SearchAction","target":{"@type":"EntryPoint","urlTemplate":"https:\/\/tabernaculoprensadedios.com\/web\/?s={search_term_string}"},"query-input":{"@type":"PropertyValueSpecification","valueRequired":true,"valueName":"search_term_string"}}],"inLanguage":"es"},{"@type":["Person","Organization"],"@id":"https:\/\/tabernaculoprensadedios.com\/web\/#\/schema\/person\/bc0e069fef56b38e177db6f098ae0b6e","name":"tabernaculo","image":{"@type":"ImageObject","inLanguage":"es","@id":"https:\/\/tabernaculoprensadedios.com\/web\/#\/schema\/person\/image\/","url":"https:\/\/tabernaculoprensadedios.com\/web\/wp-content\/uploads\/2015\/06\/login-logo1.png","contentUrl":"https:\/\/tabernaculoprensadedios.com\/web\/wp-content\/uploads\/2015\/06\/login-logo1.png","width":300,"height":118,"caption":"tabernaculo"},"logo":{"@id":"https:\/\/tabernaculoprensadedios.com\/web\/#\/schema\/person\/image\/"},"url":"https:\/\/tabernaculoprensadedios.com\/web\/author\/tabernaculo\/"}]}},"_links":{"self":[{"href":"https:\/\/tabernaculoprensadedios.com\/web\/wp-json\/wp\/v2\/posts\/21171","targetHints":{"allow":["GET"]}}],"collection":[{"href":"https:\/\/tabernaculoprensadedios.com\/web\/wp-json\/wp\/v2\/posts"}],"about":[{"href":"https:\/\/tabernaculoprensadedios.com\/web\/wp-json\/wp\/v2\/types\/post"}],"author":[{"embeddable":true,"href":"https:\/\/tabernaculoprensadedios.com\/web\/wp-json\/wp\/v2\/users\/1"}],"replies":[{"embeddable":true,"href":"https:\/\/tabernaculoprensadedios.com\/web\/wp-json\/wp\/v2\/comments?post=21171"}],"version-history":[{"count":1,"href":"https:\/\/tabernaculoprensadedios.com\/web\/wp-json\/wp\/v2\/posts\/21171\/revisions"}],"predecessor-version":[{"id":21172,"href":"https:\/\/tabernaculoprensadedios.com\/web\/wp-json\/wp\/v2\/posts\/21171\/revisions\/21172"}],"wp:featuredmedia":[{"embeddable":true,"href":"https:\/\/tabernaculoprensadedios.com\/web\/wp-json\/wp\/v2\/media\/3518"}],"wp:attachment":[{"href":"https:\/\/tabernaculoprensadedios.com\/web\/wp-json\/wp\/v2\/media?parent=21171"}],"wp:term":[{"taxonomy":"category","embeddable":true,"href":"https:\/\/tabernaculoprensadedios.com\/web\/wp-json\/wp\/v2\/categories?post=21171"},{"taxonomy":"post_tag","embeddable":true,"href":"https:\/\/tabernaculoprensadedios.com\/web\/wp-json\/wp\/v2\/tags?post=21171"}],"curies":[{"name":"wp","href":"https:\/\/api.w.org\/{rel}","templated":true}]}}